{"id":30435,"date":"2026-02-13T13:19:33","date_gmt":"2026-02-13T18:19:33","guid":{"rendered":"https:\/\/panoramaciudadano.com\/?p=30435"},"modified":"2026-02-13T13:19:39","modified_gmt":"2026-02-13T18:19:39","slug":"si-al-amor-y-a-la-certeza-juridica-de-357-parejas-que-formalizaron-su-union-en-bodas-colectivas-en-playa-delfines","status":"publish","type":"post","link":"https:\/\/panoramaciudadano.com\/index.php\/2026\/02\/13\/si-al-amor-y-a-la-certeza-juridica-de-357-parejas-que-formalizaron-su-union-en-bodas-colectivas-en-playa-delfines\/","title":{"rendered":"S\u00ed al amor y a la certeza jur\u00eddica de 357 parejas que formalizaron su uni\u00f3n en bodas colectivas en Playa Delfines"},"content":{"rendered":"\n<figure class=\"wp-block-gallery has-nested-images columns-default is-cropped wp-block-gallery-1 is-layout-flex wp-block-gallery-is-layout-flex\">\n<figure class=\"wp-block-image size-large\"><img decoding=\"async\" width=\"1024\" height=\"683\" data-id=\"30438\" src=\"https:\/\/panoramaciudadano.com\/wp-content\/uploads\/2026\/02\/WhatsApp-Image-2026-02-13-at-8.57.54-AM-2-1024x683.jpeg\" alt=\"\" class=\"wp-image-30438\" srcset=\"https:\/\/panoramaciudadano.com\/wp-content\/uploads\/2026\/02\/WhatsApp-Image-2026-02-13-at-8.57.54-AM-2-1024x683.jpeg 1024w, https:\/\/panoramaciudadano.com\/wp-content\/uploads\/2026\/02\/WhatsApp-Image-2026-02-13-at-8.57.54-AM-2-300x200.jpeg 300w, https:\/\/panoramaciudadano.com\/wp-content\/uploads\/2026\/02\/WhatsApp-Image-2026-02-13-at-8.57.54-AM-2-768x512.jpeg 768w, https:\/\/panoramaciudadano.com\/wp-content\/uploads\/2026\/02\/WhatsApp-Image-2026-02-13-at-8.57.54-AM-2.jpeg 1280w\" sizes=\"(max-width: 1024px) 100vw, 1024px\" \/><\/figure>\n\n\n\n<figure class=\"wp-block-image size-large\"><img decoding=\"async\" width=\"1024\" height=\"683\" data-id=\"30437\" src=\"https:\/\/panoramaciudadano.com\/wp-content\/uploads\/2026\/02\/WhatsApp-Image-2026-02-13-at-8.57.54-AM-1024x683.jpeg\" alt=\"\" class=\"wp-image-30437\" srcset=\"https:\/\/panoramaciudadano.com\/wp-content\/uploads\/2026\/02\/WhatsApp-Image-2026-02-13-at-8.57.54-AM-1024x683.jpeg 1024w, https:\/\/panoramaciudadano.com\/wp-content\/uploads\/2026\/02\/WhatsApp-Image-2026-02-13-at-8.57.54-AM-300x200.jpeg 300w, https:\/\/panoramaciudadano.com\/wp-content\/uploads\/2026\/02\/WhatsApp-Image-2026-02-13-at-8.57.54-AM-768x512.jpeg 768w, https:\/\/panoramaciudadano.com\/wp-content\/uploads\/2026\/02\/WhatsApp-Image-2026-02-13-at-8.57.54-AM.jpeg 1280w\" sizes=\"(max-width: 1024px) 100vw, 1024px\" \/><\/figure>\n<\/figure>\n\n\n\n<p>En un ambiente festivo frente al mar Caribe, 357 parejas contrajeron matrimonio civil durante las Bodas Colectivas 2026, celebradas en Playa Delfines y atestiguadas por la gobernadora Mara Lezama Espinosa, la presidenta honoraria del DIF, Ver\u00f3nica Lezama Espinosa y la presidenta municipal Ana Paty Peralta.<\/p>\n\n\n\n<p>\u201cYo estoy convencida que el matrimonio es el lugar ideal para poder avanzar, caminar de la mano, construir y vivir en pareja. Se los dice una mujer de 57 a\u00f1os, casada con el amor de su vida, con tres hijos maravillosos\u201d, expres\u00f3 al respecto la titular del Ejecutivo.<\/p>\n\n\n\n<p>Y advirti\u00f3 que habr\u00e1 momentos complicados, pero de eso se trata el matrimonio, de salir adelante, de ser complementos.<\/p>\n\n\n\n<p>El evento reuni\u00f3 a familias completas que acompa\u00f1aron a las parejas en este momento significativo, en el que formalizaron su uni\u00f3n y dieron certeza jur\u00eddica a su relaci\u00f3n y a sus hijos. La ceremonia fue encabezada por la oficial del Registro Civil, Mirley Castillo Pacheco, quien realiz\u00f3 el acto protocolario.<\/p>\n\n\n\n<p>Entre las historias que marcaron la jornada destac\u00f3 la de la pareja longeva conformada por \u00d3scar Javier Rovelo Ruiz, de 78 a\u00f1os, y Degia Herrera Caballero, de 77, quienes despu\u00e9s de 56 a\u00f1os juntos decidieron legalizar su uni\u00f3n.<\/p>\n\n\n\n<p>Tambi\u00e9n fue relevante la participaci\u00f3n de Jorge Montiel Ordu\u00f1a, de 67 a\u00f1os, y Mar\u00eda Elena P\u00e9rez Rosales, de 47, primera pareja registrada este a\u00f1o en las bodas colectivas 2026.<\/p>\n\n\n\n<p>En esta edici\u00f3n participaron 14 parejas igualitarias, as\u00ed como una pareja con discapacidad auditiva, lo que reflej\u00f3 la diversidad e inclusi\u00f3n en esta celebraci\u00f3n civil.<\/p>\n\n\n\n<p>En el mensaje que dirigi\u00f3 a las y los contrayentes, la gobernadora Mara Lezama record\u00f3 que cuando fue presidenta municipal de Benito Ju\u00e1rez decidi\u00f3 que las bodas colectivas se hicieran en la playa, frente al mar, pues las playas son de todos y no de unos cuantos.<\/p>\n\n\n\n<p>Mara Lezama les dese\u00f3 que sean inmensamente felices, que la pasen muy bien y que tengan una vida de momentos extraordinarios.<\/p>\n\n\n\n<p>Por su parte, la presidenta honoraria del Sistema DIF, Ver\u00f3nica Lezama, se\u00f1al\u00f3 que todas las historias reunidas en las 357 parejas que contrajeron matrimonio ense\u00f1an que el amor no solo tiene forma ni solo un tiempo definido, y que casarse no significa que todo ser\u00e1 perfecto, sino decidir todos los d\u00edas quedarse, cuidarse, respetarse y acompa\u00f1arse.<\/p>\n\n\n\n<p>\u201cQue el amor que hoy celebramos se convierta en paciencia ma\u00f1ana, en respeto siempre y compa\u00f1\u00eda todos los d\u00edas. Deseo que su hogar sea un hogar de paz, que contin\u00faen escribiendo sus historias durante muchos, pero much\u00edsimos a\u00f1os m\u00e1s. Felicidades de todo coraz\u00f3n y que Dios los gu\u00ede y las y los bendice\u201d, dijo finalmente.<\/p>\n\n\n\n<p>La presidenta Ana Paty Peralta destac\u00f3 la importancia del matrimonio civil, pues representa la legalizaci\u00f3n jur\u00eddica de su uni\u00f3n, de su vida en pareja, y la certeza jur\u00eddica para quienes tienen hijos. A los contrayentes los exhort\u00f3 a su cuidar su relaci\u00f3n y les dese\u00f3 toda la felicidad del mundo.<\/p>\n\n\n\n<p>La ceremonia fue amenizada por la orquesta de la Secretar\u00eda de Seguridad Ciudadana, que acompa\u00f1\u00f3 con m\u00fasica el acto multitudinario, enmarcado por el paisaje de Playa Delfines y el entusiasmo de familiares y amigos.<\/p>\n\n\n\n<p>Las Bodas Colectivas forman parte de las acciones para facilitar el acceso al matrimonio civil y fortalecer la certeza jur\u00eddica de las familias en Quintana Roo.<\/p>\n\n\n\n<p>El protocolo finaliz\u00f3 con dos melod\u00edas: \u00abEres\u00bb y \u00abVive\u00bb de Jos\u00e9 Mar\u00eda Napole\u00f3n, que seguramente dejar\u00e1n huella en quienes contrajeron nupcias.<\/p>\n","protected":false},"excerpt":{"rendered":"<p>-La gobernadora Mara Lezama atestigua la ceremonia en Canc\u00fan, en la que participaron 14 parejas igualitarias, una pareja con discapacidad auditiva y destaca uni\u00f3n de adultos mayores con 56 a\u00f1os juntos.<\/p>\n","protected":false},"author":1,"featured_media":30436,"comment_status":"open","ping_status":"closed","sticky":false,"template":"","format":"standard","meta":{"footnotes":""},"categories":[6],"tags":[145],"class_list":["post-30435","post","type-post","status-publish","format-standard","has-post-thumbnail","hentry","category-cancun","tag-ana-paty-peralta"],"yoast_head":"<!-- This site is optimized with the Yoast SEO plugin v27.1.1 - https:\/\/yoast.com\/product\/yoast-seo-wordpress\/ -->\n<title>S\u00ed al amor y a la certeza jur\u00eddica de 357 parejas que formalizaron su uni\u00f3n en bodas colectivas en Playa Delfines - Panorama Ciudadano<\/title>\n<meta name=\"robots\" content=\"index, follow, max-snippet:-1, max-image-preview:large, max-video-preview:-1\" \/>\n<link rel=\"canonical\" href=\"https:\/\/panoramaciudadano.com\/index.php\/2026\/02\/13\/si-al-amor-y-a-la-certeza-juridica-de-357-parejas-que-formalizaron-su-union-en-bodas-colectivas-en-playa-delfines\/\" \/>\n<meta property=\"og:locale\" content=\"es_ES\" \/>\n<meta property=\"og:type\" content=\"article\" \/>\n<meta property=\"og:title\" content=\"S\u00ed al amor y a la certeza jur\u00eddica de 357 parejas que formalizaron su uni\u00f3n en bodas colectivas en Playa Delfines - Panorama Ciudadano\" \/>\n<meta property=\"og:description\" content=\"-La gobernadora Mara Lezama atestigua la ceremonia en Canc\u00fan, en la que participaron 14 parejas igualitarias, una pareja con discapacidad auditiva y destaca uni\u00f3n de adultos mayores con 56 a\u00f1os juntos.\" \/>\n<meta property=\"og:url\" content=\"https:\/\/panoramaciudadano.com\/index.php\/2026\/02\/13\/si-al-amor-y-a-la-certeza-juridica-de-357-parejas-que-formalizaron-su-union-en-bodas-colectivas-en-playa-delfines\/\" \/>\n<meta property=\"og:site_name\" content=\"Panorama Ciudadano\" \/>\n<meta property=\"article:publisher\" content=\"https:\/\/www.facebook.com\/panoramaciudadano\" \/>\n<meta property=\"article:published_time\" content=\"2026-02-13T18:19:33+00:00\" \/>\n<meta property=\"article:modified_time\" content=\"2026-02-13T18:19:39+00:00\" \/>\n<meta property=\"og:image\" content=\"https:\/\/panoramaciudadano.com\/wp-content\/uploads\/2026\/02\/WhatsApp-Image-2026-02-13-at-8.57.54-AM-1.jpeg\" \/>\n\t<meta property=\"og:image:width\" content=\"1280\" \/>\n\t<meta property=\"og:image:height\" content=\"854\" \/>\n\t<meta property=\"og:image:type\" content=\"image\/jpeg\" \/>\n<meta name=\"author\" content=\"admin\" \/>\n<meta name=\"twitter:card\" content=\"summary_large_image\" \/>\n<meta name=\"twitter:label1\" content=\"Escrito por\" \/>\n\t<meta name=\"twitter:data1\" content=\"admin\" \/>\n\t<meta name=\"twitter:label2\" content=\"Tiempo de lectura\" \/>\n\t<meta name=\"twitter:data2\" content=\"4 minutos\" \/>\n<script type=\"application\/ld+json\" class=\"yoast-schema-graph\">{\"@context\":\"https:\/\/schema.org\",\"@graph\":[{\"@type\":\"Article\",\"@id\":\"https:\/\/panoramaciudadano.com\/index.php\/2026\/02\/13\/si-al-amor-y-a-la-certeza-juridica-de-357-parejas-que-formalizaron-su-union-en-bodas-colectivas-en-playa-delfines\/#article\",\"isPartOf\":{\"@id\":\"https:\/\/panoramaciudadano.com\/index.php\/2026\/02\/13\/si-al-amor-y-a-la-certeza-juridica-de-357-parejas-que-formalizaron-su-union-en-bodas-colectivas-en-playa-delfines\/\"},\"author\":{\"name\":\"admin\",\"@id\":\"https:\/\/panoramaciudadano.com\/#\/schema\/person\/ffe9fe8ef47d3a93977b5761fd9e0d96\"},\"headline\":\"S\u00ed al amor y a la certeza jur\u00eddica de 357 parejas que formalizaron su uni\u00f3n en bodas colectivas en Playa Delfines\",\"datePublished\":\"2026-02-13T18:19:33+00:00\",\"dateModified\":\"2026-02-13T18:19:39+00:00\",\"mainEntityOfPage\":{\"@id\":\"https:\/\/panoramaciudadano.com\/index.php\/2026\/02\/13\/si-al-amor-y-a-la-certeza-juridica-de-357-parejas-que-formalizaron-su-union-en-bodas-colectivas-en-playa-delfines\/\"},\"wordCount\":622,\"commentCount\":0,\"publisher\":{\"@id\":\"https:\/\/panoramaciudadano.com\/#organization\"},\"image\":{\"@id\":\"https:\/\/panoramaciudadano.com\/index.php\/2026\/02\/13\/si-al-amor-y-a-la-certeza-juridica-de-357-parejas-que-formalizaron-su-union-en-bodas-colectivas-en-playa-delfines\/#primaryimage\"},\"thumbnailUrl\":\"https:\/\/panoramaciudadano.com\/wp-content\/uploads\/2026\/02\/WhatsApp-Image-2026-02-13-at-8.57.54-AM-1.jpeg\",\"keywords\":[\"Ana Paty Peralta\"],\"articleSection\":[\"Canc\u00fan\"],\"inLanguage\":\"es\",\"potentialAction\":[{\"@type\":\"CommentAction\",\"name\":\"Comment\",\"target\":[\"https:\/\/panoramaciudadano.com\/index.php\/2026\/02\/13\/si-al-amor-y-a-la-certeza-juridica-de-357-parejas-que-formalizaron-su-union-en-bodas-colectivas-en-playa-delfines\/#respond\"]}]},{\"@type\":\"WebPage\",\"@id\":\"https:\/\/panoramaciudadano.com\/index.php\/2026\/02\/13\/si-al-amor-y-a-la-certeza-juridica-de-357-parejas-que-formalizaron-su-union-en-bodas-colectivas-en-playa-delfines\/\",\"url\":\"https:\/\/panoramaciudadano.com\/index.php\/2026\/02\/13\/si-al-amor-y-a-la-certeza-juridica-de-357-parejas-que-formalizaron-su-union-en-bodas-colectivas-en-playa-delfines\/\",\"name\":\"S\u00ed al amor y a la certeza jur\u00eddica de 357 parejas que formalizaron su uni\u00f3n en bodas colectivas en Playa Delfines - Panorama Ciudadano\",\"isPartOf\":{\"@id\":\"https:\/\/panoramaciudadano.com\/#website\"},\"primaryImageOfPage\":{\"@id\":\"https:\/\/panoramaciudadano.com\/index.php\/2026\/02\/13\/si-al-amor-y-a-la-certeza-juridica-de-357-parejas-que-formalizaron-su-union-en-bodas-colectivas-en-playa-delfines\/#primaryimage\"},\"image\":{\"@id\":\"https:\/\/panoramaciudadano.com\/index.php\/2026\/02\/13\/si-al-amor-y-a-la-certeza-juridica-de-357-parejas-que-formalizaron-su-union-en-bodas-colectivas-en-playa-delfines\/#primaryimage\"},\"thumbnailUrl\":\"https:\/\/panoramaciudadano.com\/wp-content\/uploads\/2026\/02\/WhatsApp-Image-2026-02-13-at-8.57.54-AM-1.jpeg\",\"datePublished\":\"2026-02-13T18:19:33+00:00\",\"dateModified\":\"2026-02-13T18:19:39+00:00\",\"breadcrumb\":{\"@id\":\"https:\/\/panoramaciudadano.com\/index.php\/2026\/02\/13\/si-al-amor-y-a-la-certeza-juridica-de-357-parejas-que-formalizaron-su-union-en-bodas-colectivas-en-playa-delfines\/#breadcrumb\"},\"inLanguage\":\"es\",\"potentialAction\":[{\"@type\":\"ReadAction\",\"target\":[\"https:\/\/panoramaciudadano.com\/index.php\/2026\/02\/13\/si-al-amor-y-a-la-certeza-juridica-de-357-parejas-que-formalizaron-su-union-en-bodas-colectivas-en-playa-delfines\/\"]}]},{\"@type\":\"ImageObject\",\"inLanguage\":\"es\",\"@id\":\"https:\/\/panoramaciudadano.com\/index.php\/2026\/02\/13\/si-al-amor-y-a-la-certeza-juridica-de-357-parejas-que-formalizaron-su-union-en-bodas-colectivas-en-playa-delfines\/#primaryimage\",\"url\":\"https:\/\/panoramaciudadano.com\/wp-content\/uploads\/2026\/02\/WhatsApp-Image-2026-02-13-at-8.57.54-AM-1.jpeg\",\"contentUrl\":\"https:\/\/panoramaciudadano.com\/wp-content\/uploads\/2026\/02\/WhatsApp-Image-2026-02-13-at-8.57.54-AM-1.jpeg\",\"width\":1280,\"height\":854},{\"@type\":\"BreadcrumbList\",\"@id\":\"https:\/\/panoramaciudadano.com\/index.php\/2026\/02\/13\/si-al-amor-y-a-la-certeza-juridica-de-357-parejas-que-formalizaron-su-union-en-bodas-colectivas-en-playa-delfines\/#breadcrumb\",\"itemListElement\":[{\"@type\":\"ListItem\",\"position\":1,\"name\":\"Portada\",\"item\":\"https:\/\/panoramaciudadano.com\/\"},{\"@type\":\"ListItem\",\"position\":2,\"name\":\"S\u00ed al amor y a la certeza jur\u00eddica de 357 parejas que formalizaron su uni\u00f3n en bodas colectivas en Playa Delfines\"}]},{\"@type\":\"WebSite\",\"@id\":\"https:\/\/panoramaciudadano.com\/#website\",\"url\":\"https:\/\/panoramaciudadano.com\/\",\"name\":\"Panorama Ciudadano\",\"description\":\"\",\"publisher\":{\"@id\":\"https:\/\/panoramaciudadano.com\/#organization\"},\"potentialAction\":[{\"@type\":\"SearchAction\",\"target\":{\"@type\":\"EntryPoint\",\"urlTemplate\":\"https:\/\/panoramaciudadano.com\/?s={search_term_string}\"},\"query-input\":{\"@type\":\"PropertyValueSpecification\",\"valueRequired\":true,\"valueName\":\"search_term_string\"}}],\"inLanguage\":\"es\"},{\"@type\":\"Organization\",\"@id\":\"https:\/\/panoramaciudadano.com\/#organization\",\"name\":\"Panorama Ciudadano\",\"url\":\"https:\/\/panoramaciudadano.com\/\",\"logo\":{\"@type\":\"ImageObject\",\"inLanguage\":\"es\",\"@id\":\"https:\/\/panoramaciudadano.com\/#\/schema\/logo\/image\/\",\"url\":\"https:\/\/panoramaciudadano.com\/wp-content\/uploads\/2024\/05\/401498640_919267042938564_6290593609399108733_n.jpg\",\"contentUrl\":\"https:\/\/panoramaciudadano.com\/wp-content\/uploads\/2024\/05\/401498640_919267042938564_6290593609399108733_n.jpg\",\"width\":960,\"height\":957,\"caption\":\"Panorama Ciudadano\"},\"image\":{\"@id\":\"https:\/\/panoramaciudadano.com\/#\/schema\/logo\/image\/\"},\"sameAs\":[\"https:\/\/www.facebook.com\/panoramaciudadano\"]},{\"@type\":\"Person\",\"@id\":\"https:\/\/panoramaciudadano.com\/#\/schema\/person\/ffe9fe8ef47d3a93977b5761fd9e0d96\",\"name\":\"admin\",\"image\":{\"@type\":\"ImageObject\",\"inLanguage\":\"es\",\"@id\":\"https:\/\/panoramaciudadano.com\/#\/schema\/person\/image\/\",\"url\":\"https:\/\/secure.gravatar.com\/avatar\/2d5a12cacce3f18096f25fadea8abb7202fef18ed669595589853e84260ff451?s=96&d=mm&r=g\",\"contentUrl\":\"https:\/\/secure.gravatar.com\/avatar\/2d5a12cacce3f18096f25fadea8abb7202fef18ed669595589853e84260ff451?s=96&d=mm&r=g\",\"caption\":\"admin\"},\"sameAs\":[\"https:\/\/panoramaciudadano.com\"],\"url\":\"https:\/\/panoramaciudadano.com\/index.php\/author\/admin_3q6hyqq3\/\"}]}<\/script>\n<!-- \/ Yoast SEO plugin. -->","yoast_head_json":{"title":"S\u00ed al amor y a la certeza jur\u00eddica de 357 parejas que formalizaron su uni\u00f3n en bodas colectivas en Playa Delfines - Panorama Ciudadano","robots":{"index":"index","follow":"follow","max-snippet":"max-snippet:-1","max-image-preview":"max-image-preview:large","max-video-preview":"max-video-preview:-1"},"canonical":"https:\/\/panoramaciudadano.com\/index.php\/2026\/02\/13\/si-al-amor-y-a-la-certeza-juridica-de-357-parejas-que-formalizaron-su-union-en-bodas-colectivas-en-playa-delfines\/","og_locale":"es_ES","og_type":"article","og_title":"S\u00ed al amor y a la certeza jur\u00eddica de 357 parejas que formalizaron su uni\u00f3n en bodas colectivas en Playa Delfines - Panorama Ciudadano","og_description":"-La gobernadora Mara Lezama atestigua la ceremonia en Canc\u00fan, en la que participaron 14 parejas igualitarias, una pareja con discapacidad auditiva y destaca uni\u00f3n de adultos mayores con 56 a\u00f1os juntos.","og_url":"https:\/\/panoramaciudadano.com\/index.php\/2026\/02\/13\/si-al-amor-y-a-la-certeza-juridica-de-357-parejas-que-formalizaron-su-union-en-bodas-colectivas-en-playa-delfines\/","og_site_name":"Panorama Ciudadano","article_publisher":"https:\/\/www.facebook.com\/panoramaciudadano","article_published_time":"2026-02-13T18:19:33+00:00","article_modified_time":"2026-02-13T18:19:39+00:00","og_image":[{"width":1280,"height":854,"url":"https:\/\/panoramaciudadano.com\/wp-content\/uploads\/2026\/02\/WhatsApp-Image-2026-02-13-at-8.57.54-AM-1.jpeg","type":"image\/jpeg"}],"author":"admin","twitter_card":"summary_large_image","twitter_misc":{"Escrito por":"admin","Tiempo de lectura":"4 minutos"},"schema":{"@context":"https:\/\/schema.org","@graph":[{"@type":"Article","@id":"https:\/\/panoramaciudadano.com\/index.php\/2026\/02\/13\/si-al-amor-y-a-la-certeza-juridica-de-357-parejas-que-formalizaron-su-union-en-bodas-colectivas-en-playa-delfines\/#article","isPartOf":{"@id":"https:\/\/panoramaciudadano.com\/index.php\/2026\/02\/13\/si-al-amor-y-a-la-certeza-juridica-de-357-parejas-que-formalizaron-su-union-en-bodas-colectivas-en-playa-delfines\/"},"author":{"name":"admin","@id":"https:\/\/panoramaciudadano.com\/#\/schema\/person\/ffe9fe8ef47d3a93977b5761fd9e0d96"},"headline":"S\u00ed al amor y a la certeza jur\u00eddica de 357 parejas que formalizaron su uni\u00f3n en bodas colectivas en Playa Delfines","datePublished":"2026-02-13T18:19:33+00:00","dateModified":"2026-02-13T18:19:39+00:00","mainEntityOfPage":{"@id":"https:\/\/panoramaciudadano.com\/index.php\/2026\/02\/13\/si-al-amor-y-a-la-certeza-juridica-de-357-parejas-que-formalizaron-su-union-en-bodas-colectivas-en-playa-delfines\/"},"wordCount":622,"commentCount":0,"publisher":{"@id":"https:\/\/panoramaciudadano.com\/#organization"},"image":{"@id":"https:\/\/panoramaciudadano.com\/index.php\/2026\/02\/13\/si-al-amor-y-a-la-certeza-juridica-de-357-parejas-que-formalizaron-su-union-en-bodas-colectivas-en-playa-delfines\/#primaryimage"},"thumbnailUrl":"https:\/\/panoramaciudadano.com\/wp-content\/uploads\/2026\/02\/WhatsApp-Image-2026-02-13-at-8.57.54-AM-1.jpeg","keywords":["Ana Paty Peralta"],"articleSection":["Canc\u00fan"],"inLanguage":"es","potentialAction":[{"@type":"CommentAction","name":"Comment","target":["https:\/\/panoramaciudadano.com\/index.php\/2026\/02\/13\/si-al-amor-y-a-la-certeza-juridica-de-357-parejas-que-formalizaron-su-union-en-bodas-colectivas-en-playa-delfines\/#respond"]}]},{"@type":"WebPage","@id":"https:\/\/panoramaciudadano.com\/index.php\/2026\/02\/13\/si-al-amor-y-a-la-certeza-juridica-de-357-parejas-que-formalizaron-su-union-en-bodas-colectivas-en-playa-delfines\/","url":"https:\/\/panoramaciudadano.com\/index.php\/2026\/02\/13\/si-al-amor-y-a-la-certeza-juridica-de-357-parejas-que-formalizaron-su-union-en-bodas-colectivas-en-playa-delfines\/","name":"S\u00ed al amor y a la certeza jur\u00eddica de 357 parejas que formalizaron su uni\u00f3n en bodas colectivas en Playa Delfines - Panorama Ciudadano","isPartOf":{"@id":"https:\/\/panoramaciudadano.com\/#website"},"primaryImageOfPage":{"@id":"https:\/\/panoramaciudadano.com\/index.php\/2026\/02\/13\/si-al-amor-y-a-la-certeza-juridica-de-357-parejas-que-formalizaron-su-union-en-bodas-colectivas-en-playa-delfines\/#primaryimage"},"image":{"@id":"https:\/\/panoramaciudadano.com\/index.php\/2026\/02\/13\/si-al-amor-y-a-la-certeza-juridica-de-357-parejas-que-formalizaron-su-union-en-bodas-colectivas-en-playa-delfines\/#primaryimage"},"thumbnailUrl":"https:\/\/panoramaciudadano.com\/wp-content\/uploads\/2026\/02\/WhatsApp-Image-2026-02-13-at-8.57.54-AM-1.jpeg","datePublished":"2026-02-13T18:19:33+00:00","dateModified":"2026-02-13T18:19:39+00:00","breadcrumb":{"@id":"https:\/\/panoramaciudadano.com\/index.php\/2026\/02\/13\/si-al-amor-y-a-la-certeza-juridica-de-357-parejas-que-formalizaron-su-union-en-bodas-colectivas-en-playa-delfines\/#breadcrumb"},"inLanguage":"es","potentialAction":[{"@type":"ReadAction","target":["https:\/\/panoramaciudadano.com\/index.php\/2026\/02\/13\/si-al-amor-y-a-la-certeza-juridica-de-357-parejas-que-formalizaron-su-union-en-bodas-colectivas-en-playa-delfines\/"]}]},{"@type":"ImageObject","inLanguage":"es","@id":"https:\/\/panoramaciudadano.com\/index.php\/2026\/02\/13\/si-al-amor-y-a-la-certeza-juridica-de-357-parejas-que-formalizaron-su-union-en-bodas-colectivas-en-playa-delfines\/#primaryimage","url":"https:\/\/panoramaciudadano.com\/wp-content\/uploads\/2026\/02\/WhatsApp-Image-2026-02-13-at-8.57.54-AM-1.jpeg","contentUrl":"https:\/\/panoramaciudadano.com\/wp-content\/uploads\/2026\/02\/WhatsApp-Image-2026-02-13-at-8.57.54-AM-1.jpeg","width":1280,"height":854},{"@type":"BreadcrumbList","@id":"https:\/\/panoramaciudadano.com\/index.php\/2026\/02\/13\/si-al-amor-y-a-la-certeza-juridica-de-357-parejas-que-formalizaron-su-union-en-bodas-colectivas-en-playa-delfines\/#breadcrumb","itemListElement":[{"@type":"ListItem","position":1,"name":"Portada","item":"https:\/\/panoramaciudadano.com\/"},{"@type":"ListItem","position":2,"name":"S\u00ed al amor y a la certeza jur\u00eddica de 357 parejas que formalizaron su uni\u00f3n en bodas colectivas en Playa Delfines"}]},{"@type":"WebSite","@id":"https:\/\/panoramaciudadano.com\/#website","url":"https:\/\/panoramaciudadano.com\/","name":"Panorama Ciudadano","description":"","publisher":{"@id":"https:\/\/panoramaciudadano.com\/#organization"},"potentialAction":[{"@type":"SearchAction","target":{"@type":"EntryPoint","urlTemplate":"https:\/\/panoramaciudadano.com\/?s={search_term_string}"},"query-input":{"@type":"PropertyValueSpecification","valueRequired":true,"valueName":"search_term_string"}}],"inLanguage":"es"},{"@type":"Organization","@id":"https:\/\/panoramaciudadano.com\/#organization","name":"Panorama Ciudadano","url":"https:\/\/panoramaciudadano.com\/","logo":{"@type":"ImageObject","inLanguage":"es","@id":"https:\/\/panoramaciudadano.com\/#\/schema\/logo\/image\/","url":"https:\/\/panoramaciudadano.com\/wp-content\/uploads\/2024\/05\/401498640_919267042938564_6290593609399108733_n.jpg","contentUrl":"https:\/\/panoramaciudadano.com\/wp-content\/uploads\/2024\/05\/401498640_919267042938564_6290593609399108733_n.jpg","width":960,"height":957,"caption":"Panorama Ciudadano"},"image":{"@id":"https:\/\/panoramaciudadano.com\/#\/schema\/logo\/image\/"},"sameAs":["https:\/\/www.facebook.com\/panoramaciudadano"]},{"@type":"Person","@id":"https:\/\/panoramaciudadano.com\/#\/schema\/person\/ffe9fe8ef47d3a93977b5761fd9e0d96","name":"admin","image":{"@type":"ImageObject","inLanguage":"es","@id":"https:\/\/panoramaciudadano.com\/#\/schema\/person\/image\/","url":"https:\/\/secure.gravatar.com\/avatar\/2d5a12cacce3f18096f25fadea8abb7202fef18ed669595589853e84260ff451?s=96&d=mm&r=g","contentUrl":"https:\/\/secure.gravatar.com\/avatar\/2d5a12cacce3f18096f25fadea8abb7202fef18ed669595589853e84260ff451?s=96&d=mm&r=g","caption":"admin"},"sameAs":["https:\/\/panoramaciudadano.com"],"url":"https:\/\/panoramaciudadano.com\/index.php\/author\/admin_3q6hyqq3\/"}]}},"_links":{"self":[{"href":"https:\/\/panoramaciudadano.com\/index.php\/wp-json\/wp\/v2\/posts\/30435","targetHints":{"allow":["GET"]}}],"collection":[{"href":"https:\/\/panoramaciudadano.com\/index.php\/wp-json\/wp\/v2\/posts"}],"about":[{"href":"https:\/\/panoramaciudadano.com\/index.php\/wp-json\/wp\/v2\/types\/post"}],"author":[{"embeddable":true,"href":"https:\/\/panoramaciudadano.com\/index.php\/wp-json\/wp\/v2\/users\/1"}],"replies":[{"embeddable":true,"href":"https:\/\/panoramaciudadano.com\/index.php\/wp-json\/wp\/v2\/comments?post=30435"}],"version-history":[{"count":1,"href":"https:\/\/panoramaciudadano.com\/index.php\/wp-json\/wp\/v2\/posts\/30435\/revisions"}],"predecessor-version":[{"id":30440,"href":"https:\/\/panoramaciudadano.com\/index.php\/wp-json\/wp\/v2\/posts\/30435\/revisions\/30440"}],"wp:featuredmedia":[{"embeddable":true,"href":"https:\/\/panoramaciudadano.com\/index.php\/wp-json\/wp\/v2\/media\/30436"}],"wp:attachment":[{"href":"https:\/\/panoramaciudadano.com\/index.php\/wp-json\/wp\/v2\/media?parent=30435"}],"wp:term":[{"taxonomy":"category","embeddable":true,"href":"https:\/\/panoramaciudadano.com\/index.php\/wp-json\/wp\/v2\/categories?post=30435"},{"taxonomy":"post_tag","embeddable":true,"href":"https:\/\/panoramaciudadano.com\/index.php\/wp-json\/wp\/v2\/tags?post=30435"}],"curies":[{"name":"wp","href":"https:\/\/api.w.org\/{rel}","templated":true}]}}