{"id":30445,"date":"2026-02-13T13:22:30","date_gmt":"2026-02-13T18:22:30","guid":{"rendered":"https:\/\/panoramaciudadano.com\/?p=30445"},"modified":"2026-02-13T13:22:44","modified_gmt":"2026-02-13T18:22:44","slug":"17-mil-familias-beneficiadas-con-las-asambleas-bienestar-para-el-pueblo-pablo-bustamante","status":"publish","type":"post","link":"https:\/\/panoramaciudadano.com\/index.php\/2026\/02\/13\/17-mil-familias-beneficiadas-con-las-asambleas-bienestar-para-el-pueblo-pablo-bustamante\/","title":{"rendered":"17 mil familias beneficiadas con las asambleas Bienestar para el Pueblo: Pablo Bustamante"},"content":{"rendered":"\n<figure class=\"wp-block-gallery has-nested-images columns-default is-cropped wp-block-gallery-1 is-layout-flex wp-block-gallery-is-layout-flex\">\n<figure class=\"wp-block-image size-large\"><img decoding=\"async\" width=\"683\" height=\"1024\" data-id=\"30446\" src=\"https:\/\/panoramaciudadano.com\/wp-content\/uploads\/2026\/02\/WhatsApp-Image-2026-02-13-at-9.22.43-AM-1-683x1024.jpeg\" alt=\"\" class=\"wp-image-30446\" srcset=\"https:\/\/panoramaciudadano.com\/wp-content\/uploads\/2026\/02\/WhatsApp-Image-2026-02-13-at-9.22.43-AM-1-683x1024.jpeg 683w, https:\/\/panoramaciudadano.com\/wp-content\/uploads\/2026\/02\/WhatsApp-Image-2026-02-13-at-9.22.43-AM-1-200x300.jpeg 200w, https:\/\/panoramaciudadano.com\/wp-content\/uploads\/2026\/02\/WhatsApp-Image-2026-02-13-at-9.22.43-AM-1-768x1151.jpeg 768w, https:\/\/panoramaciudadano.com\/wp-content\/uploads\/2026\/02\/WhatsApp-Image-2026-02-13-at-9.22.43-AM-1.jpeg 854w\" sizes=\"(max-width: 683px) 100vw, 683px\" \/><\/figure>\n<\/figure>\n\n\n\n<p>La Asamblea Informativa Bienestar para el Pueblo lleg\u00f3 por primera vez a la delegaci\u00f3n Alfredo V. Bonfil, donde vecinas y vecinos recibieron atenci\u00f3n y servicios gratuitos, se\u00f1al\u00f3 el Secretario de Bienestar, Pablo Bustamante Beltr\u00e1n.<\/p>\n\n\n\n<p>El Secretario de Bienestar indic\u00f3 que esta fue la jornada n\u00famero 15 realizada en Canc\u00fan, que se suma a las efectuadas en Playa del Carmen y la Zona Continental de Isla Mujeres, alcanzando las 17 mil familias beneficiadas. Destac\u00f3 que estas acciones forman parte de la pol\u00edtica social humanista que impulsa la Gobernadora Mara Lezama para combatir el rezago social y transformar vidas.<\/p>\n\n\n\n<p>\u201cEstas jornadas nos ayuda a identificar las necesidades y seguir ampliando la cobertura de los Programas de Bienestar\u201d, se\u00f1al\u00f3 Pablo Bustamante Beltr\u00e1n.<\/p>\n\n\n\n<p>Durante la asamblea, realizada en la Plaza C\u00edvica Durango, se ofreci\u00f3 de forma gratuita vacunaci\u00f3n contra sarampi\u00f3n, cortes de cabello, toma de signos vitales, estudios de mastograf\u00eda, entre otros. Tambi\u00e9n se entregaron sillas de ruedas, andaderas, muletas, bastones, adem\u00e1s de chips y orientaci\u00f3n sobre el programa Conecta Quintana Roo.<\/p>\n\n\n\n<p>Las y los asistentes agradecieron que estos apoyos lleguen cerca de su hogar. Do\u00f1a Mar\u00eda Luisa Cortina, de 92 a\u00f1os, reconoci\u00f3 la atenci\u00f3n cercana; mientras que Claudia Jaques Mendiola y Aldrovandi Alc\u00e1zar, destacaron la importancia de acercar vacunas y programas a quienes m\u00e1s lo necesitan en Bonfil.<\/p>\n\n\n\n<p>\u201cVamos a seguir en territorio, fortaleciendo los programas y manteni\u00e9ndonos cercanos al pueblo para que nadie se quede atr\u00e1s, como lo ha marcado nuestra Gobernadora Mara Lezama en este A\u00f1o del Bienestar\u201d, concluy\u00f3 Pablo Bustamante Beltr\u00e1n.<\/p>\n","protected":false},"excerpt":{"rendered":"<p>Seguimos en territorio dando resultados a la gente, con acciones concretas que mejoran la calidad de vida de las famlias, destac\u00f3 el Secretario de Bienestar.<\/p>\n","protected":false},"author":1,"featured_media":30447,"comment_status":"open","ping_status":"closed","sticky":false,"template":"","format":"standard","meta":{"footnotes":""},"categories":[6],"tags":[2532],"class_list":["post-30445","post","type-post","status-publish","format-standard","has-post-thumbnail","hentry","category-cancun","tag-pablo-bustamante"],"yoast_head":"<!-- This site is optimized with the Yoast SEO plugin v27.1.1 - https:\/\/yoast.com\/product\/yoast-seo-wordpress\/ -->\n<title>17 mil familias beneficiadas con las asambleas Bienestar para el Pueblo: Pablo Bustamante - Panorama Ciudadano<\/title>\n<meta name=\"robots\" content=\"index, follow, max-snippet:-1, max-image-preview:large, max-video-preview:-1\" \/>\n<link rel=\"canonical\" href=\"https:\/\/panoramaciudadano.com\/index.php\/2026\/02\/13\/17-mil-familias-beneficiadas-con-las-asambleas-bienestar-para-el-pueblo-pablo-bustamante\/\" \/>\n<meta property=\"og:locale\" content=\"es_ES\" \/>\n<meta property=\"og:type\" content=\"article\" \/>\n<meta property=\"og:title\" content=\"17 mil familias beneficiadas con las asambleas Bienestar para el Pueblo: Pablo Bustamante - Panorama Ciudadano\" \/>\n<meta property=\"og:description\" content=\"Seguimos en territorio dando resultados a la gente, con acciones concretas que mejoran la calidad de vida de las famlias, destac\u00f3 el Secretario de Bienestar.\" \/>\n<meta property=\"og:url\" content=\"https:\/\/panoramaciudadano.com\/index.php\/2026\/02\/13\/17-mil-familias-beneficiadas-con-las-asambleas-bienestar-para-el-pueblo-pablo-bustamante\/\" \/>\n<meta property=\"og:site_name\" content=\"Panorama Ciudadano\" \/>\n<meta property=\"article:publisher\" content=\"https:\/\/www.facebook.com\/panoramaciudadano\" \/>\n<meta property=\"article:published_time\" content=\"2026-02-13T18:22:30+00:00\" \/>\n<meta property=\"article:modified_time\" content=\"2026-02-13T18:22:44+00:00\" \/>\n<meta property=\"og:image\" content=\"https:\/\/panoramaciudadano.com\/wp-content\/uploads\/2026\/02\/WhatsApp-Image-2026-02-13-at-9.22.43-AM.jpeg\" \/>\n\t<meta property=\"og:image:width\" content=\"1280\" \/>\n\t<meta property=\"og:image:height\" content=\"854\" \/>\n\t<meta property=\"og:image:type\" content=\"image\/jpeg\" \/>\n<meta name=\"author\" content=\"admin\" \/>\n<meta name=\"twitter:card\" content=\"summary_large_image\" \/>\n<meta name=\"twitter:label1\" content=\"Escrito por\" \/>\n\t<meta name=\"twitter:data1\" content=\"admin\" \/>\n\t<meta name=\"twitter:label2\" content=\"Tiempo de lectura\" \/>\n\t<meta name=\"twitter:data2\" content=\"2 minutos\" \/>\n<script type=\"application\/ld+json\" class=\"yoast-schema-graph\">{\"@context\":\"https:\/\/schema.org\",\"@graph\":[{\"@type\":\"Article\",\"@id\":\"https:\/\/panoramaciudadano.com\/index.php\/2026\/02\/13\/17-mil-familias-beneficiadas-con-las-asambleas-bienestar-para-el-pueblo-pablo-bustamante\/#article\",\"isPartOf\":{\"@id\":\"https:\/\/panoramaciudadano.com\/index.php\/2026\/02\/13\/17-mil-familias-beneficiadas-con-las-asambleas-bienestar-para-el-pueblo-pablo-bustamante\/\"},\"author\":{\"name\":\"admin\",\"@id\":\"https:\/\/panoramaciudadano.com\/#\/schema\/person\/ffe9fe8ef47d3a93977b5761fd9e0d96\"},\"headline\":\"17 mil familias beneficiadas con las asambleas Bienestar para el Pueblo: Pablo Bustamante\",\"datePublished\":\"2026-02-13T18:22:30+00:00\",\"dateModified\":\"2026-02-13T18:22:44+00:00\",\"mainEntityOfPage\":{\"@id\":\"https:\/\/panoramaciudadano.com\/index.php\/2026\/02\/13\/17-mil-familias-beneficiadas-con-las-asambleas-bienestar-para-el-pueblo-pablo-bustamante\/\"},\"wordCount\":286,\"commentCount\":0,\"publisher\":{\"@id\":\"https:\/\/panoramaciudadano.com\/#organization\"},\"image\":{\"@id\":\"https:\/\/panoramaciudadano.com\/index.php\/2026\/02\/13\/17-mil-familias-beneficiadas-con-las-asambleas-bienestar-para-el-pueblo-pablo-bustamante\/#primaryimage\"},\"thumbnailUrl\":\"https:\/\/panoramaciudadano.com\/wp-content\/uploads\/2026\/02\/WhatsApp-Image-2026-02-13-at-9.22.43-AM.jpeg\",\"keywords\":[\"Pablo Bustamante\"],\"articleSection\":[\"Canc\u00fan\"],\"inLanguage\":\"es\",\"potentialAction\":[{\"@type\":\"CommentAction\",\"name\":\"Comment\",\"target\":[\"https:\/\/panoramaciudadano.com\/index.php\/2026\/02\/13\/17-mil-familias-beneficiadas-con-las-asambleas-bienestar-para-el-pueblo-pablo-bustamante\/#respond\"]}]},{\"@type\":\"WebPage\",\"@id\":\"https:\/\/panoramaciudadano.com\/index.php\/2026\/02\/13\/17-mil-familias-beneficiadas-con-las-asambleas-bienestar-para-el-pueblo-pablo-bustamante\/\",\"url\":\"https:\/\/panoramaciudadano.com\/index.php\/2026\/02\/13\/17-mil-familias-beneficiadas-con-las-asambleas-bienestar-para-el-pueblo-pablo-bustamante\/\",\"name\":\"17 mil familias beneficiadas con las asambleas Bienestar para el Pueblo: Pablo Bustamante - Panorama Ciudadano\",\"isPartOf\":{\"@id\":\"https:\/\/panoramaciudadano.com\/#website\"},\"primaryImageOfPage\":{\"@id\":\"https:\/\/panoramaciudadano.com\/index.php\/2026\/02\/13\/17-mil-familias-beneficiadas-con-las-asambleas-bienestar-para-el-pueblo-pablo-bustamante\/#primaryimage\"},\"image\":{\"@id\":\"https:\/\/panoramaciudadano.com\/index.php\/2026\/02\/13\/17-mil-familias-beneficiadas-con-las-asambleas-bienestar-para-el-pueblo-pablo-bustamante\/#primaryimage\"},\"thumbnailUrl\":\"https:\/\/panoramaciudadano.com\/wp-content\/uploads\/2026\/02\/WhatsApp-Image-2026-02-13-at-9.22.43-AM.jpeg\",\"datePublished\":\"2026-02-13T18:22:30+00:00\",\"dateModified\":\"2026-02-13T18:22:44+00:00\",\"breadcrumb\":{\"@id\":\"https:\/\/panoramaciudadano.com\/index.php\/2026\/02\/13\/17-mil-familias-beneficiadas-con-las-asambleas-bienestar-para-el-pueblo-pablo-bustamante\/#breadcrumb\"},\"inLanguage\":\"es\",\"potentialAction\":[{\"@type\":\"ReadAction\",\"target\":[\"https:\/\/panoramaciudadano.com\/index.php\/2026\/02\/13\/17-mil-familias-beneficiadas-con-las-asambleas-bienestar-para-el-pueblo-pablo-bustamante\/\"]}]},{\"@type\":\"ImageObject\",\"inLanguage\":\"es\",\"@id\":\"https:\/\/panoramaciudadano.com\/index.php\/2026\/02\/13\/17-mil-familias-beneficiadas-con-las-asambleas-bienestar-para-el-pueblo-pablo-bustamante\/#primaryimage\",\"url\":\"https:\/\/panoramaciudadano.com\/wp-content\/uploads\/2026\/02\/WhatsApp-Image-2026-02-13-at-9.22.43-AM.jpeg\",\"contentUrl\":\"https:\/\/panoramaciudadano.com\/wp-content\/uploads\/2026\/02\/WhatsApp-Image-2026-02-13-at-9.22.43-AM.jpeg\",\"width\":1280,\"height\":854},{\"@type\":\"BreadcrumbList\",\"@id\":\"https:\/\/panoramaciudadano.com\/index.php\/2026\/02\/13\/17-mil-familias-beneficiadas-con-las-asambleas-bienestar-para-el-pueblo-pablo-bustamante\/#breadcrumb\",\"itemListElement\":[{\"@type\":\"ListItem\",\"position\":1,\"name\":\"Portada\",\"item\":\"https:\/\/panoramaciudadano.com\/\"},{\"@type\":\"ListItem\",\"position\":2,\"name\":\"17 mil familias beneficiadas con las asambleas Bienestar para el Pueblo: Pablo Bustamante\"}]},{\"@type\":\"WebSite\",\"@id\":\"https:\/\/panoramaciudadano.com\/#website\",\"url\":\"https:\/\/panoramaciudadano.com\/\",\"name\":\"Panorama Ciudadano\",\"description\":\"\",\"publisher\":{\"@id\":\"https:\/\/panoramaciudadano.com\/#organization\"},\"potentialAction\":[{\"@type\":\"SearchAction\",\"target\":{\"@type\":\"EntryPoint\",\"urlTemplate\":\"https:\/\/panoramaciudadano.com\/?s={search_term_string}\"},\"query-input\":{\"@type\":\"PropertyValueSpecification\",\"valueRequired\":true,\"valueName\":\"search_term_string\"}}],\"inLanguage\":\"es\"},{\"@type\":\"Organization\",\"@id\":\"https:\/\/panoramaciudadano.com\/#organization\",\"name\":\"Panorama Ciudadano\",\"url\":\"https:\/\/panoramaciudadano.com\/\",\"logo\":{\"@type\":\"ImageObject\",\"inLanguage\":\"es\",\"@id\":\"https:\/\/panoramaciudadano.com\/#\/schema\/logo\/image\/\",\"url\":\"https:\/\/panoramaciudadano.com\/wp-content\/uploads\/2024\/05\/401498640_919267042938564_6290593609399108733_n.jpg\",\"contentUrl\":\"https:\/\/panoramaciudadano.com\/wp-content\/uploads\/2024\/05\/401498640_919267042938564_6290593609399108733_n.jpg\",\"width\":960,\"height\":957,\"caption\":\"Panorama Ciudadano\"},\"image\":{\"@id\":\"https:\/\/panoramaciudadano.com\/#\/schema\/logo\/image\/\"},\"sameAs\":[\"https:\/\/www.facebook.com\/panoramaciudadano\"]},{\"@type\":\"Person\",\"@id\":\"https:\/\/panoramaciudadano.com\/#\/schema\/person\/ffe9fe8ef47d3a93977b5761fd9e0d96\",\"name\":\"admin\",\"image\":{\"@type\":\"ImageObject\",\"inLanguage\":\"es\",\"@id\":\"https:\/\/panoramaciudadano.com\/#\/schema\/person\/image\/\",\"url\":\"https:\/\/secure.gravatar.com\/avatar\/2d5a12cacce3f18096f25fadea8abb7202fef18ed669595589853e84260ff451?s=96&d=mm&r=g\",\"contentUrl\":\"https:\/\/secure.gravatar.com\/avatar\/2d5a12cacce3f18096f25fadea8abb7202fef18ed669595589853e84260ff451?s=96&d=mm&r=g\",\"caption\":\"admin\"},\"sameAs\":[\"https:\/\/panoramaciudadano.com\"],\"url\":\"https:\/\/panoramaciudadano.com\/index.php\/author\/admin_3q6hyqq3\/\"}]}<\/script>\n<!-- \/ Yoast SEO plugin. -->","yoast_head_json":{"title":"17 mil familias beneficiadas con las asambleas Bienestar para el Pueblo: Pablo Bustamante - Panorama Ciudadano","robots":{"index":"index","follow":"follow","max-snippet":"max-snippet:-1","max-image-preview":"max-image-preview:large","max-video-preview":"max-video-preview:-1"},"canonical":"https:\/\/panoramaciudadano.com\/index.php\/2026\/02\/13\/17-mil-familias-beneficiadas-con-las-asambleas-bienestar-para-el-pueblo-pablo-bustamante\/","og_locale":"es_ES","og_type":"article","og_title":"17 mil familias beneficiadas con las asambleas Bienestar para el Pueblo: Pablo Bustamante - Panorama Ciudadano","og_description":"Seguimos en territorio dando resultados a la gente, con acciones concretas que mejoran la calidad de vida de las famlias, destac\u00f3 el Secretario de Bienestar.","og_url":"https:\/\/panoramaciudadano.com\/index.php\/2026\/02\/13\/17-mil-familias-beneficiadas-con-las-asambleas-bienestar-para-el-pueblo-pablo-bustamante\/","og_site_name":"Panorama Ciudadano","article_publisher":"https:\/\/www.facebook.com\/panoramaciudadano","article_published_time":"2026-02-13T18:22:30+00:00","article_modified_time":"2026-02-13T18:22:44+00:00","og_image":[{"width":1280,"height":854,"url":"https:\/\/panoramaciudadano.com\/wp-content\/uploads\/2026\/02\/WhatsApp-Image-2026-02-13-at-9.22.43-AM.jpeg","type":"image\/jpeg"}],"author":"admin","twitter_card":"summary_large_image","twitter_misc":{"Escrito por":"admin","Tiempo de lectura":"2 minutos"},"schema":{"@context":"https:\/\/schema.org","@graph":[{"@type":"Article","@id":"https:\/\/panoramaciudadano.com\/index.php\/2026\/02\/13\/17-mil-familias-beneficiadas-con-las-asambleas-bienestar-para-el-pueblo-pablo-bustamante\/#article","isPartOf":{"@id":"https:\/\/panoramaciudadano.com\/index.php\/2026\/02\/13\/17-mil-familias-beneficiadas-con-las-asambleas-bienestar-para-el-pueblo-pablo-bustamante\/"},"author":{"name":"admin","@id":"https:\/\/panoramaciudadano.com\/#\/schema\/person\/ffe9fe8ef47d3a93977b5761fd9e0d96"},"headline":"17 mil familias beneficiadas con las asambleas Bienestar para el Pueblo: Pablo Bustamante","datePublished":"2026-02-13T18:22:30+00:00","dateModified":"2026-02-13T18:22:44+00:00","mainEntityOfPage":{"@id":"https:\/\/panoramaciudadano.com\/index.php\/2026\/02\/13\/17-mil-familias-beneficiadas-con-las-asambleas-bienestar-para-el-pueblo-pablo-bustamante\/"},"wordCount":286,"commentCount":0,"publisher":{"@id":"https:\/\/panoramaciudadano.com\/#organization"},"image":{"@id":"https:\/\/panoramaciudadano.com\/index.php\/2026\/02\/13\/17-mil-familias-beneficiadas-con-las-asambleas-bienestar-para-el-pueblo-pablo-bustamante\/#primaryimage"},"thumbnailUrl":"https:\/\/panoramaciudadano.com\/wp-content\/uploads\/2026\/02\/WhatsApp-Image-2026-02-13-at-9.22.43-AM.jpeg","keywords":["Pablo Bustamante"],"articleSection":["Canc\u00fan"],"inLanguage":"es","potentialAction":[{"@type":"CommentAction","name":"Comment","target":["https:\/\/panoramaciudadano.com\/index.php\/2026\/02\/13\/17-mil-familias-beneficiadas-con-las-asambleas-bienestar-para-el-pueblo-pablo-bustamante\/#respond"]}]},{"@type":"WebPage","@id":"https:\/\/panoramaciudadano.com\/index.php\/2026\/02\/13\/17-mil-familias-beneficiadas-con-las-asambleas-bienestar-para-el-pueblo-pablo-bustamante\/","url":"https:\/\/panoramaciudadano.com\/index.php\/2026\/02\/13\/17-mil-familias-beneficiadas-con-las-asambleas-bienestar-para-el-pueblo-pablo-bustamante\/","name":"17 mil familias beneficiadas con las asambleas Bienestar para el Pueblo: Pablo Bustamante - Panorama Ciudadano","isPartOf":{"@id":"https:\/\/panoramaciudadano.com\/#website"},"primaryImageOfPage":{"@id":"https:\/\/panoramaciudadano.com\/index.php\/2026\/02\/13\/17-mil-familias-beneficiadas-con-las-asambleas-bienestar-para-el-pueblo-pablo-bustamante\/#primaryimage"},"image":{"@id":"https:\/\/panoramaciudadano.com\/index.php\/2026\/02\/13\/17-mil-familias-beneficiadas-con-las-asambleas-bienestar-para-el-pueblo-pablo-bustamante\/#primaryimage"},"thumbnailUrl":"https:\/\/panoramaciudadano.com\/wp-content\/uploads\/2026\/02\/WhatsApp-Image-2026-02-13-at-9.22.43-AM.jpeg","datePublished":"2026-02-13T18:22:30+00:00","dateModified":"2026-02-13T18:22:44+00:00","breadcrumb":{"@id":"https:\/\/panoramaciudadano.com\/index.php\/2026\/02\/13\/17-mil-familias-beneficiadas-con-las-asambleas-bienestar-para-el-pueblo-pablo-bustamante\/#breadcrumb"},"inLanguage":"es","potentialAction":[{"@type":"ReadAction","target":["https:\/\/panoramaciudadano.com\/index.php\/2026\/02\/13\/17-mil-familias-beneficiadas-con-las-asambleas-bienestar-para-el-pueblo-pablo-bustamante\/"]}]},{"@type":"ImageObject","inLanguage":"es","@id":"https:\/\/panoramaciudadano.com\/index.php\/2026\/02\/13\/17-mil-familias-beneficiadas-con-las-asambleas-bienestar-para-el-pueblo-pablo-bustamante\/#primaryimage","url":"https:\/\/panoramaciudadano.com\/wp-content\/uploads\/2026\/02\/WhatsApp-Image-2026-02-13-at-9.22.43-AM.jpeg","contentUrl":"https:\/\/panoramaciudadano.com\/wp-content\/uploads\/2026\/02\/WhatsApp-Image-2026-02-13-at-9.22.43-AM.jpeg","width":1280,"height":854},{"@type":"BreadcrumbList","@id":"https:\/\/panoramaciudadano.com\/index.php\/2026\/02\/13\/17-mil-familias-beneficiadas-con-las-asambleas-bienestar-para-el-pueblo-pablo-bustamante\/#breadcrumb","itemListElement":[{"@type":"ListItem","position":1,"name":"Portada","item":"https:\/\/panoramaciudadano.com\/"},{"@type":"ListItem","position":2,"name":"17 mil familias beneficiadas con las asambleas Bienestar para el Pueblo: Pablo Bustamante"}]},{"@type":"WebSite","@id":"https:\/\/panoramaciudadano.com\/#website","url":"https:\/\/panoramaciudadano.com\/","name":"Panorama Ciudadano","description":"","publisher":{"@id":"https:\/\/panoramaciudadano.com\/#organization"},"potentialAction":[{"@type":"SearchAction","target":{"@type":"EntryPoint","urlTemplate":"https:\/\/panoramaciudadano.com\/?s={search_term_string}"},"query-input":{"@type":"PropertyValueSpecification","valueRequired":true,"valueName":"search_term_string"}}],"inLanguage":"es"},{"@type":"Organization","@id":"https:\/\/panoramaciudadano.com\/#organization","name":"Panorama Ciudadano","url":"https:\/\/panoramaciudadano.com\/","logo":{"@type":"ImageObject","inLanguage":"es","@id":"https:\/\/panoramaciudadano.com\/#\/schema\/logo\/image\/","url":"https:\/\/panoramaciudadano.com\/wp-content\/uploads\/2024\/05\/401498640_919267042938564_6290593609399108733_n.jpg","contentUrl":"https:\/\/panoramaciudadano.com\/wp-content\/uploads\/2024\/05\/401498640_919267042938564_6290593609399108733_n.jpg","width":960,"height":957,"caption":"Panorama Ciudadano"},"image":{"@id":"https:\/\/panoramaciudadano.com\/#\/schema\/logo\/image\/"},"sameAs":["https:\/\/www.facebook.com\/panoramaciudadano"]},{"@type":"Person","@id":"https:\/\/panoramaciudadano.com\/#\/schema\/person\/ffe9fe8ef47d3a93977b5761fd9e0d96","name":"admin","image":{"@type":"ImageObject","inLanguage":"es","@id":"https:\/\/panoramaciudadano.com\/#\/schema\/person\/image\/","url":"https:\/\/secure.gravatar.com\/avatar\/2d5a12cacce3f18096f25fadea8abb7202fef18ed669595589853e84260ff451?s=96&d=mm&r=g","contentUrl":"https:\/\/secure.gravatar.com\/avatar\/2d5a12cacce3f18096f25fadea8abb7202fef18ed669595589853e84260ff451?s=96&d=mm&r=g","caption":"admin"},"sameAs":["https:\/\/panoramaciudadano.com"],"url":"https:\/\/panoramaciudadano.com\/index.php\/author\/admin_3q6hyqq3\/"}]}},"_links":{"self":[{"href":"https:\/\/panoramaciudadano.com\/index.php\/wp-json\/wp\/v2\/posts\/30445","targetHints":{"allow":["GET"]}}],"collection":[{"href":"https:\/\/panoramaciudadano.com\/index.php\/wp-json\/wp\/v2\/posts"}],"about":[{"href":"https:\/\/panoramaciudadano.com\/index.php\/wp-json\/wp\/v2\/types\/post"}],"author":[{"embeddable":true,"href":"https:\/\/panoramaciudadano.com\/index.php\/wp-json\/wp\/v2\/users\/1"}],"replies":[{"embeddable":true,"href":"https:\/\/panoramaciudadano.com\/index.php\/wp-json\/wp\/v2\/comments?post=30445"}],"version-history":[{"count":1,"href":"https:\/\/panoramaciudadano.com\/index.php\/wp-json\/wp\/v2\/posts\/30445\/revisions"}],"predecessor-version":[{"id":30448,"href":"https:\/\/panoramaciudadano.com\/index.php\/wp-json\/wp\/v2\/posts\/30445\/revisions\/30448"}],"wp:featuredmedia":[{"embeddable":true,"href":"https:\/\/panoramaciudadano.com\/index.php\/wp-json\/wp\/v2\/media\/30447"}],"wp:attachment":[{"href":"https:\/\/panoramaciudadano.com\/index.php\/wp-json\/wp\/v2\/media?parent=30445"}],"wp:term":[{"taxonomy":"category","embeddable":true,"href":"https:\/\/panoramaciudadano.com\/index.php\/wp-json\/wp\/v2\/categories?post=30445"},{"taxonomy":"post_tag","embeddable":true,"href":"https:\/\/panoramaciudadano.com\/index.php\/wp-json\/wp\/v2\/tags?post=30445"}],"curies":[{"name":"wp","href":"https:\/\/api.w.org\/{rel}","templated":true}]}}