{"id":30460,"date":"2026-02-13T14:32:22","date_gmt":"2026-02-13T19:32:22","guid":{"rendered":"https:\/\/panoramaciudadano.com\/?p=30460"},"modified":"2026-02-13T14:32:24","modified_gmt":"2026-02-13T19:32:24","slug":"firma-ana-paty-peralta-convenio-con-insus","status":"publish","type":"post","link":"https:\/\/panoramaciudadano.com\/index.php\/2026\/02\/13\/firma-ana-paty-peralta-convenio-con-insus\/","title":{"rendered":"FIRMA ANA PATY PERALTA CONVENIO CON INSUS"},"content":{"rendered":"\n<figure class=\"wp-block-image size-large\"><img decoding=\"async\" width=\"1024\" height=\"664\" src=\"https:\/\/panoramaciudadano.com\/wp-content\/uploads\/2026\/02\/WhatsApp-Image-2026-02-13-at-2.12.42-PM-1024x664.jpeg\" alt=\"\" class=\"wp-image-30461\" srcset=\"https:\/\/panoramaciudadano.com\/wp-content\/uploads\/2026\/02\/WhatsApp-Image-2026-02-13-at-2.12.42-PM-1024x664.jpeg 1024w, https:\/\/panoramaciudadano.com\/wp-content\/uploads\/2026\/02\/WhatsApp-Image-2026-02-13-at-2.12.42-PM-300x195.jpeg 300w, https:\/\/panoramaciudadano.com\/wp-content\/uploads\/2026\/02\/WhatsApp-Image-2026-02-13-at-2.12.42-PM-768x498.jpeg 768w, https:\/\/panoramaciudadano.com\/wp-content\/uploads\/2026\/02\/WhatsApp-Image-2026-02-13-at-2.12.42-PM.jpeg 1280w\" sizes=\"(max-width: 1024px) 100vw, 1024px\" \/><\/figure>\n\n\n\n<p>\u201cHoy firmamos un convenio de colaboraci\u00f3n con el Instituto Nacional del Suelo Sustentable (INSUS) para trabajar de manera coordinada y garantizar el derecho fundamental de acceso a un patrimonio regularizado y con certeza jur\u00eddica para las familias cancunenses\u201d, inform\u00f3 la Presidenta Municipal, Ana Patry Peralta, tras ejercer esta importante signa en el Palacio Municipal.<\/p>\n\n\n\n<p>El objetivo de este acuerdo, detall\u00f3, es conjuntar acciones para planear, dise\u00f1ar, dirigir y efectuar programas, proyectos y estrategias relacionadas con la gesti\u00f3n y regularizaci\u00f3n del suelo, bajo criterios de desarrollo territorial ordenado y sostenible.<\/p>\n\n\n\n<p>Adem\u00e1s, explic\u00f3 que este esfuerzo esta alineado a la pol\u00edtica p\u00fablica n\u00famero 49 de la Presidenta, Claudia Sheimbaun Pardo, en la que se establece que la escrituraci\u00f3n, el suelo y la vivienda no sean vistos como privilegios sino como derechos del pueblo.<\/p>\n\n\n\n<p>Asimismo, recalc\u00f3 que con el convenio se facilitar\u00e1n y agilizar\u00e1n los procesos administrativos que brinda el Ayuntamiento para apoyar a las familias en la regularizaci\u00f3n de su patrimonio. \u201cNuestro objetivo es claro, combatir el rezago, reducir la burocracia y poner al gobierno al servicio del pueblo. Este es el segundo piso de la Cuarta Transformaci\u00f3n\u201d, afirm\u00f3.<\/p>\n\n\n\n<p>El convenio de colaboraci\u00f3n lo firmaron la Presidenta Municipal, Ana Paty Peralta; el representante Regional en el Estado de Quintana Roo del INSUS, Julio Alfonso Orteg\u00f3n Espadas; el tesorero municipal, Jos\u00e9 Alan Herrera Borges; y la directora general del Instituto de Regularizaci\u00f3n y Vivienda del Municipio, Noraa Elizabeth Garza Ram\u00edrez.<\/p>\n\n\n\n<p>Con esta alianza, el gobierno municipal reafirma su compromiso de promover mecanismos y programas institucionales que faciliten el acceso a la tierra y a una vivienda digna, contribuyendo a mejorar la calidad de vida de las familias y consolidando un crecimiento urbano ordenado para el presente y futuro de Canc\u00fan.<\/p>\n\n\n\n<hr class=\"wp-block-separator has-alpha-channel-opacity\"\/>\n","protected":false},"excerpt":{"rendered":"<p>\u201cHoy firmamos un convenio de colaboraci\u00f3n con el Instituto Nacional del Suelo Sustentable (INSUS) para trabajar de manera coordinada y garantizar el derecho fundamental de acceso a un patrimonio regularizado y con certeza jur\u00eddica para las familias cancunenses\u201d, inform\u00f3 la Presidenta Municipal, Ana Patry Peralta, tras ejercer esta importante signa en el Palacio Municipal. El [&hellip;]<\/p>\n","protected":false},"author":1,"featured_media":30461,"comment_status":"open","ping_status":"closed","sticky":false,"template":"","format":"standard","meta":{"footnotes":""},"categories":[6],"tags":[145],"class_list":["post-30460","post","type-post","status-publish","format-standard","has-post-thumbnail","hentry","category-cancun","tag-ana-paty-peralta"],"yoast_head":"<!-- This site is optimized with the Yoast SEO plugin v27.1.1 - https:\/\/yoast.com\/product\/yoast-seo-wordpress\/ -->\n<title>FIRMA ANA PATY PERALTA CONVENIO CON INSUS - Panorama Ciudadano<\/title>\n<meta name=\"robots\" content=\"index, follow, max-snippet:-1, max-image-preview:large, max-video-preview:-1\" \/>\n<link rel=\"canonical\" href=\"https:\/\/panoramaciudadano.com\/index.php\/2026\/02\/13\/firma-ana-paty-peralta-convenio-con-insus\/\" \/>\n<meta property=\"og:locale\" content=\"es_ES\" \/>\n<meta property=\"og:type\" content=\"article\" \/>\n<meta property=\"og:title\" content=\"FIRMA ANA PATY PERALTA CONVENIO CON INSUS - Panorama Ciudadano\" \/>\n<meta property=\"og:description\" content=\"\u201cHoy firmamos un convenio de colaboraci\u00f3n con el Instituto Nacional del Suelo Sustentable (INSUS) para trabajar de manera coordinada y garantizar el derecho fundamental de acceso a un patrimonio regularizado y con certeza jur\u00eddica para las familias cancunenses\u201d, inform\u00f3 la Presidenta Municipal, Ana Patry Peralta, tras ejercer esta importante signa en el Palacio Municipal. El [&hellip;]\" \/>\n<meta property=\"og:url\" content=\"https:\/\/panoramaciudadano.com\/index.php\/2026\/02\/13\/firma-ana-paty-peralta-convenio-con-insus\/\" \/>\n<meta property=\"og:site_name\" content=\"Panorama Ciudadano\" \/>\n<meta property=\"article:publisher\" content=\"https:\/\/www.facebook.com\/panoramaciudadano\" \/>\n<meta property=\"article:published_time\" content=\"2026-02-13T19:32:22+00:00\" \/>\n<meta property=\"article:modified_time\" content=\"2026-02-13T19:32:24+00:00\" \/>\n<meta property=\"og:image\" content=\"https:\/\/panoramaciudadano.com\/wp-content\/uploads\/2026\/02\/WhatsApp-Image-2026-02-13-at-2.12.42-PM.jpeg\" \/>\n\t<meta property=\"og:image:width\" content=\"1280\" \/>\n\t<meta property=\"og:image:height\" content=\"830\" \/>\n\t<meta property=\"og:image:type\" content=\"image\/jpeg\" \/>\n<meta name=\"author\" content=\"admin\" \/>\n<meta name=\"twitter:card\" content=\"summary_large_image\" \/>\n<meta name=\"twitter:label1\" content=\"Escrito por\" \/>\n\t<meta name=\"twitter:data1\" content=\"admin\" \/>\n\t<meta name=\"twitter:label2\" content=\"Tiempo de lectura\" \/>\n\t<meta name=\"twitter:data2\" content=\"2 minutos\" \/>\n<script type=\"application\/ld+json\" class=\"yoast-schema-graph\">{\"@context\":\"https:\/\/schema.org\",\"@graph\":[{\"@type\":\"Article\",\"@id\":\"https:\/\/panoramaciudadano.com\/index.php\/2026\/02\/13\/firma-ana-paty-peralta-convenio-con-insus\/#article\",\"isPartOf\":{\"@id\":\"https:\/\/panoramaciudadano.com\/index.php\/2026\/02\/13\/firma-ana-paty-peralta-convenio-con-insus\/\"},\"author\":{\"name\":\"admin\",\"@id\":\"https:\/\/panoramaciudadano.com\/#\/schema\/person\/ffe9fe8ef47d3a93977b5761fd9e0d96\"},\"headline\":\"FIRMA ANA PATY PERALTA CONVENIO CON INSUS\",\"datePublished\":\"2026-02-13T19:32:22+00:00\",\"dateModified\":\"2026-02-13T19:32:24+00:00\",\"mainEntityOfPage\":{\"@id\":\"https:\/\/panoramaciudadano.com\/index.php\/2026\/02\/13\/firma-ana-paty-peralta-convenio-con-insus\/\"},\"wordCount\":312,\"commentCount\":0,\"publisher\":{\"@id\":\"https:\/\/panoramaciudadano.com\/#organization\"},\"image\":{\"@id\":\"https:\/\/panoramaciudadano.com\/index.php\/2026\/02\/13\/firma-ana-paty-peralta-convenio-con-insus\/#primaryimage\"},\"thumbnailUrl\":\"https:\/\/panoramaciudadano.com\/wp-content\/uploads\/2026\/02\/WhatsApp-Image-2026-02-13-at-2.12.42-PM.jpeg\",\"keywords\":[\"Ana Paty Peralta\"],\"articleSection\":[\"Canc\u00fan\"],\"inLanguage\":\"es\",\"potentialAction\":[{\"@type\":\"CommentAction\",\"name\":\"Comment\",\"target\":[\"https:\/\/panoramaciudadano.com\/index.php\/2026\/02\/13\/firma-ana-paty-peralta-convenio-con-insus\/#respond\"]}]},{\"@type\":\"WebPage\",\"@id\":\"https:\/\/panoramaciudadano.com\/index.php\/2026\/02\/13\/firma-ana-paty-peralta-convenio-con-insus\/\",\"url\":\"https:\/\/panoramaciudadano.com\/index.php\/2026\/02\/13\/firma-ana-paty-peralta-convenio-con-insus\/\",\"name\":\"FIRMA ANA PATY PERALTA CONVENIO CON INSUS - Panorama Ciudadano\",\"isPartOf\":{\"@id\":\"https:\/\/panoramaciudadano.com\/#website\"},\"primaryImageOfPage\":{\"@id\":\"https:\/\/panoramaciudadano.com\/index.php\/2026\/02\/13\/firma-ana-paty-peralta-convenio-con-insus\/#primaryimage\"},\"image\":{\"@id\":\"https:\/\/panoramaciudadano.com\/index.php\/2026\/02\/13\/firma-ana-paty-peralta-convenio-con-insus\/#primaryimage\"},\"thumbnailUrl\":\"https:\/\/panoramaciudadano.com\/wp-content\/uploads\/2026\/02\/WhatsApp-Image-2026-02-13-at-2.12.42-PM.jpeg\",\"datePublished\":\"2026-02-13T19:32:22+00:00\",\"dateModified\":\"2026-02-13T19:32:24+00:00\",\"breadcrumb\":{\"@id\":\"https:\/\/panoramaciudadano.com\/index.php\/2026\/02\/13\/firma-ana-paty-peralta-convenio-con-insus\/#breadcrumb\"},\"inLanguage\":\"es\",\"potentialAction\":[{\"@type\":\"ReadAction\",\"target\":[\"https:\/\/panoramaciudadano.com\/index.php\/2026\/02\/13\/firma-ana-paty-peralta-convenio-con-insus\/\"]}]},{\"@type\":\"ImageObject\",\"inLanguage\":\"es\",\"@id\":\"https:\/\/panoramaciudadano.com\/index.php\/2026\/02\/13\/firma-ana-paty-peralta-convenio-con-insus\/#primaryimage\",\"url\":\"https:\/\/panoramaciudadano.com\/wp-content\/uploads\/2026\/02\/WhatsApp-Image-2026-02-13-at-2.12.42-PM.jpeg\",\"contentUrl\":\"https:\/\/panoramaciudadano.com\/wp-content\/uploads\/2026\/02\/WhatsApp-Image-2026-02-13-at-2.12.42-PM.jpeg\",\"width\":1280,\"height\":830},{\"@type\":\"BreadcrumbList\",\"@id\":\"https:\/\/panoramaciudadano.com\/index.php\/2026\/02\/13\/firma-ana-paty-peralta-convenio-con-insus\/#breadcrumb\",\"itemListElement\":[{\"@type\":\"ListItem\",\"position\":1,\"name\":\"Portada\",\"item\":\"https:\/\/panoramaciudadano.com\/\"},{\"@type\":\"ListItem\",\"position\":2,\"name\":\"FIRMA ANA PATY PERALTA CONVENIO CON INSUS\"}]},{\"@type\":\"WebSite\",\"@id\":\"https:\/\/panoramaciudadano.com\/#website\",\"url\":\"https:\/\/panoramaciudadano.com\/\",\"name\":\"Panorama Ciudadano\",\"description\":\"\",\"publisher\":{\"@id\":\"https:\/\/panoramaciudadano.com\/#organization\"},\"potentialAction\":[{\"@type\":\"SearchAction\",\"target\":{\"@type\":\"EntryPoint\",\"urlTemplate\":\"https:\/\/panoramaciudadano.com\/?s={search_term_string}\"},\"query-input\":{\"@type\":\"PropertyValueSpecification\",\"valueRequired\":true,\"valueName\":\"search_term_string\"}}],\"inLanguage\":\"es\"},{\"@type\":\"Organization\",\"@id\":\"https:\/\/panoramaciudadano.com\/#organization\",\"name\":\"Panorama Ciudadano\",\"url\":\"https:\/\/panoramaciudadano.com\/\",\"logo\":{\"@type\":\"ImageObject\",\"inLanguage\":\"es\",\"@id\":\"https:\/\/panoramaciudadano.com\/#\/schema\/logo\/image\/\",\"url\":\"https:\/\/panoramaciudadano.com\/wp-content\/uploads\/2024\/05\/401498640_919267042938564_6290593609399108733_n.jpg\",\"contentUrl\":\"https:\/\/panoramaciudadano.com\/wp-content\/uploads\/2024\/05\/401498640_919267042938564_6290593609399108733_n.jpg\",\"width\":960,\"height\":957,\"caption\":\"Panorama Ciudadano\"},\"image\":{\"@id\":\"https:\/\/panoramaciudadano.com\/#\/schema\/logo\/image\/\"},\"sameAs\":[\"https:\/\/www.facebook.com\/panoramaciudadano\"]},{\"@type\":\"Person\",\"@id\":\"https:\/\/panoramaciudadano.com\/#\/schema\/person\/ffe9fe8ef47d3a93977b5761fd9e0d96\",\"name\":\"admin\",\"image\":{\"@type\":\"ImageObject\",\"inLanguage\":\"es\",\"@id\":\"https:\/\/panoramaciudadano.com\/#\/schema\/person\/image\/\",\"url\":\"https:\/\/secure.gravatar.com\/avatar\/2d5a12cacce3f18096f25fadea8abb7202fef18ed669595589853e84260ff451?s=96&d=mm&r=g\",\"contentUrl\":\"https:\/\/secure.gravatar.com\/avatar\/2d5a12cacce3f18096f25fadea8abb7202fef18ed669595589853e84260ff451?s=96&d=mm&r=g\",\"caption\":\"admin\"},\"sameAs\":[\"https:\/\/panoramaciudadano.com\"],\"url\":\"https:\/\/panoramaciudadano.com\/index.php\/author\/admin_3q6hyqq3\/\"}]}<\/script>\n<!-- \/ Yoast SEO plugin. -->","yoast_head_json":{"title":"FIRMA ANA PATY PERALTA CONVENIO CON INSUS - Panorama Ciudadano","robots":{"index":"index","follow":"follow","max-snippet":"max-snippet:-1","max-image-preview":"max-image-preview:large","max-video-preview":"max-video-preview:-1"},"canonical":"https:\/\/panoramaciudadano.com\/index.php\/2026\/02\/13\/firma-ana-paty-peralta-convenio-con-insus\/","og_locale":"es_ES","og_type":"article","og_title":"FIRMA ANA PATY PERALTA CONVENIO CON INSUS - Panorama Ciudadano","og_description":"\u201cHoy firmamos un convenio de colaboraci\u00f3n con el Instituto Nacional del Suelo Sustentable (INSUS) para trabajar de manera coordinada y garantizar el derecho fundamental de acceso a un patrimonio regularizado y con certeza jur\u00eddica para las familias cancunenses\u201d, inform\u00f3 la Presidenta Municipal, Ana Patry Peralta, tras ejercer esta importante signa en el Palacio Municipal. El [&hellip;]","og_url":"https:\/\/panoramaciudadano.com\/index.php\/2026\/02\/13\/firma-ana-paty-peralta-convenio-con-insus\/","og_site_name":"Panorama Ciudadano","article_publisher":"https:\/\/www.facebook.com\/panoramaciudadano","article_published_time":"2026-02-13T19:32:22+00:00","article_modified_time":"2026-02-13T19:32:24+00:00","og_image":[{"width":1280,"height":830,"url":"https:\/\/panoramaciudadano.com\/wp-content\/uploads\/2026\/02\/WhatsApp-Image-2026-02-13-at-2.12.42-PM.jpeg","type":"image\/jpeg"}],"author":"admin","twitter_card":"summary_large_image","twitter_misc":{"Escrito por":"admin","Tiempo de lectura":"2 minutos"},"schema":{"@context":"https:\/\/schema.org","@graph":[{"@type":"Article","@id":"https:\/\/panoramaciudadano.com\/index.php\/2026\/02\/13\/firma-ana-paty-peralta-convenio-con-insus\/#article","isPartOf":{"@id":"https:\/\/panoramaciudadano.com\/index.php\/2026\/02\/13\/firma-ana-paty-peralta-convenio-con-insus\/"},"author":{"name":"admin","@id":"https:\/\/panoramaciudadano.com\/#\/schema\/person\/ffe9fe8ef47d3a93977b5761fd9e0d96"},"headline":"FIRMA ANA PATY PERALTA CONVENIO CON INSUS","datePublished":"2026-02-13T19:32:22+00:00","dateModified":"2026-02-13T19:32:24+00:00","mainEntityOfPage":{"@id":"https:\/\/panoramaciudadano.com\/index.php\/2026\/02\/13\/firma-ana-paty-peralta-convenio-con-insus\/"},"wordCount":312,"commentCount":0,"publisher":{"@id":"https:\/\/panoramaciudadano.com\/#organization"},"image":{"@id":"https:\/\/panoramaciudadano.com\/index.php\/2026\/02\/13\/firma-ana-paty-peralta-convenio-con-insus\/#primaryimage"},"thumbnailUrl":"https:\/\/panoramaciudadano.com\/wp-content\/uploads\/2026\/02\/WhatsApp-Image-2026-02-13-at-2.12.42-PM.jpeg","keywords":["Ana Paty Peralta"],"articleSection":["Canc\u00fan"],"inLanguage":"es","potentialAction":[{"@type":"CommentAction","name":"Comment","target":["https:\/\/panoramaciudadano.com\/index.php\/2026\/02\/13\/firma-ana-paty-peralta-convenio-con-insus\/#respond"]}]},{"@type":"WebPage","@id":"https:\/\/panoramaciudadano.com\/index.php\/2026\/02\/13\/firma-ana-paty-peralta-convenio-con-insus\/","url":"https:\/\/panoramaciudadano.com\/index.php\/2026\/02\/13\/firma-ana-paty-peralta-convenio-con-insus\/","name":"FIRMA ANA PATY PERALTA CONVENIO CON INSUS - Panorama Ciudadano","isPartOf":{"@id":"https:\/\/panoramaciudadano.com\/#website"},"primaryImageOfPage":{"@id":"https:\/\/panoramaciudadano.com\/index.php\/2026\/02\/13\/firma-ana-paty-peralta-convenio-con-insus\/#primaryimage"},"image":{"@id":"https:\/\/panoramaciudadano.com\/index.php\/2026\/02\/13\/firma-ana-paty-peralta-convenio-con-insus\/#primaryimage"},"thumbnailUrl":"https:\/\/panoramaciudadano.com\/wp-content\/uploads\/2026\/02\/WhatsApp-Image-2026-02-13-at-2.12.42-PM.jpeg","datePublished":"2026-02-13T19:32:22+00:00","dateModified":"2026-02-13T19:32:24+00:00","breadcrumb":{"@id":"https:\/\/panoramaciudadano.com\/index.php\/2026\/02\/13\/firma-ana-paty-peralta-convenio-con-insus\/#breadcrumb"},"inLanguage":"es","potentialAction":[{"@type":"ReadAction","target":["https:\/\/panoramaciudadano.com\/index.php\/2026\/02\/13\/firma-ana-paty-peralta-convenio-con-insus\/"]}]},{"@type":"ImageObject","inLanguage":"es","@id":"https:\/\/panoramaciudadano.com\/index.php\/2026\/02\/13\/firma-ana-paty-peralta-convenio-con-insus\/#primaryimage","url":"https:\/\/panoramaciudadano.com\/wp-content\/uploads\/2026\/02\/WhatsApp-Image-2026-02-13-at-2.12.42-PM.jpeg","contentUrl":"https:\/\/panoramaciudadano.com\/wp-content\/uploads\/2026\/02\/WhatsApp-Image-2026-02-13-at-2.12.42-PM.jpeg","width":1280,"height":830},{"@type":"BreadcrumbList","@id":"https:\/\/panoramaciudadano.com\/index.php\/2026\/02\/13\/firma-ana-paty-peralta-convenio-con-insus\/#breadcrumb","itemListElement":[{"@type":"ListItem","position":1,"name":"Portada","item":"https:\/\/panoramaciudadano.com\/"},{"@type":"ListItem","position":2,"name":"FIRMA ANA PATY PERALTA CONVENIO CON INSUS"}]},{"@type":"WebSite","@id":"https:\/\/panoramaciudadano.com\/#website","url":"https:\/\/panoramaciudadano.com\/","name":"Panorama Ciudadano","description":"","publisher":{"@id":"https:\/\/panoramaciudadano.com\/#organization"},"potentialAction":[{"@type":"SearchAction","target":{"@type":"EntryPoint","urlTemplate":"https:\/\/panoramaciudadano.com\/?s={search_term_string}"},"query-input":{"@type":"PropertyValueSpecification","valueRequired":true,"valueName":"search_term_string"}}],"inLanguage":"es"},{"@type":"Organization","@id":"https:\/\/panoramaciudadano.com\/#organization","name":"Panorama Ciudadano","url":"https:\/\/panoramaciudadano.com\/","logo":{"@type":"ImageObject","inLanguage":"es","@id":"https:\/\/panoramaciudadano.com\/#\/schema\/logo\/image\/","url":"https:\/\/panoramaciudadano.com\/wp-content\/uploads\/2024\/05\/401498640_919267042938564_6290593609399108733_n.jpg","contentUrl":"https:\/\/panoramaciudadano.com\/wp-content\/uploads\/2024\/05\/401498640_919267042938564_6290593609399108733_n.jpg","width":960,"height":957,"caption":"Panorama Ciudadano"},"image":{"@id":"https:\/\/panoramaciudadano.com\/#\/schema\/logo\/image\/"},"sameAs":["https:\/\/www.facebook.com\/panoramaciudadano"]},{"@type":"Person","@id":"https:\/\/panoramaciudadano.com\/#\/schema\/person\/ffe9fe8ef47d3a93977b5761fd9e0d96","name":"admin","image":{"@type":"ImageObject","inLanguage":"es","@id":"https:\/\/panoramaciudadano.com\/#\/schema\/person\/image\/","url":"https:\/\/secure.gravatar.com\/avatar\/2d5a12cacce3f18096f25fadea8abb7202fef18ed669595589853e84260ff451?s=96&d=mm&r=g","contentUrl":"https:\/\/secure.gravatar.com\/avatar\/2d5a12cacce3f18096f25fadea8abb7202fef18ed669595589853e84260ff451?s=96&d=mm&r=g","caption":"admin"},"sameAs":["https:\/\/panoramaciudadano.com"],"url":"https:\/\/panoramaciudadano.com\/index.php\/author\/admin_3q6hyqq3\/"}]}},"_links":{"self":[{"href":"https:\/\/panoramaciudadano.com\/index.php\/wp-json\/wp\/v2\/posts\/30460","targetHints":{"allow":["GET"]}}],"collection":[{"href":"https:\/\/panoramaciudadano.com\/index.php\/wp-json\/wp\/v2\/posts"}],"about":[{"href":"https:\/\/panoramaciudadano.com\/index.php\/wp-json\/wp\/v2\/types\/post"}],"author":[{"embeddable":true,"href":"https:\/\/panoramaciudadano.com\/index.php\/wp-json\/wp\/v2\/users\/1"}],"replies":[{"embeddable":true,"href":"https:\/\/panoramaciudadano.com\/index.php\/wp-json\/wp\/v2\/comments?post=30460"}],"version-history":[{"count":1,"href":"https:\/\/panoramaciudadano.com\/index.php\/wp-json\/wp\/v2\/posts\/30460\/revisions"}],"predecessor-version":[{"id":30462,"href":"https:\/\/panoramaciudadano.com\/index.php\/wp-json\/wp\/v2\/posts\/30460\/revisions\/30462"}],"wp:featuredmedia":[{"embeddable":true,"href":"https:\/\/panoramaciudadano.com\/index.php\/wp-json\/wp\/v2\/media\/30461"}],"wp:attachment":[{"href":"https:\/\/panoramaciudadano.com\/index.php\/wp-json\/wp\/v2\/media?parent=30460"}],"wp:term":[{"taxonomy":"category","embeddable":true,"href":"https:\/\/panoramaciudadano.com\/index.php\/wp-json\/wp\/v2\/categories?post=30460"},{"taxonomy":"post_tag","embeddable":true,"href":"https:\/\/panoramaciudadano.com\/index.php\/wp-json\/wp\/v2\/tags?post=30460"}],"curies":[{"name":"wp","href":"https:\/\/api.w.org\/{rel}","templated":true}]}}