{"id":30475,"date":"2026-02-14T21:24:00","date_gmt":"2026-02-15T02:24:00","guid":{"rendered":"https:\/\/panoramaciudadano.com\/?p=30475"},"modified":"2026-02-16T09:27:04","modified_gmt":"2026-02-16T14:27:04","slug":"corona-ana-paty-peralta-a-corte-real-de-carnaval-cancun-2026","status":"publish","type":"post","link":"https:\/\/panoramaciudadano.com\/index.php\/2026\/02\/14\/corona-ana-paty-peralta-a-corte-real-de-carnaval-cancun-2026\/","title":{"rendered":"CORONA ANA PATY PERALTA A CORTE REAL DE CARNAVAL CANC\u00daN 2026"},"content":{"rendered":"\n<figure class=\"wp-block-gallery has-nested-images columns-default is-cropped wp-block-gallery-1 is-layout-flex wp-block-gallery-is-layout-flex\">\n<figure class=\"wp-block-image size-large\"><img decoding=\"async\" width=\"1024\" height=\"683\" data-id=\"30485\" src=\"https:\/\/panoramaciudadano.com\/wp-content\/uploads\/2026\/02\/WhatsApp-Image-2026-02-14-at-11.18.32-AM-1-1024x683.jpeg\" alt=\"\" class=\"wp-image-30485\" srcset=\"https:\/\/panoramaciudadano.com\/wp-content\/uploads\/2026\/02\/WhatsApp-Image-2026-02-14-at-11.18.32-AM-1-1024x683.jpeg 1024w, https:\/\/panoramaciudadano.com\/wp-content\/uploads\/2026\/02\/WhatsApp-Image-2026-02-14-at-11.18.32-AM-1-300x200.jpeg 300w, https:\/\/panoramaciudadano.com\/wp-content\/uploads\/2026\/02\/WhatsApp-Image-2026-02-14-at-11.18.32-AM-1-768x512.jpeg 768w, https:\/\/panoramaciudadano.com\/wp-content\/uploads\/2026\/02\/WhatsApp-Image-2026-02-14-at-11.18.32-AM-1-1536x1024.jpeg 1536w, https:\/\/panoramaciudadano.com\/wp-content\/uploads\/2026\/02\/WhatsApp-Image-2026-02-14-at-11.18.32-AM-1-2048x1366.jpeg 2048w\" sizes=\"(max-width: 1024px) 100vw, 1024px\" \/><\/figure>\n\n\n\n<figure class=\"wp-block-image size-large\"><img decoding=\"async\" width=\"1024\" height=\"683\" data-id=\"30484\" src=\"https:\/\/panoramaciudadano.com\/wp-content\/uploads\/2026\/02\/WhatsApp-Image-2026-02-14-at-11.18.32-AM-1024x683.jpeg\" alt=\"\" class=\"wp-image-30484\" srcset=\"https:\/\/panoramaciudadano.com\/wp-content\/uploads\/2026\/02\/WhatsApp-Image-2026-02-14-at-11.18.32-AM-1024x683.jpeg 1024w, https:\/\/panoramaciudadano.com\/wp-content\/uploads\/2026\/02\/WhatsApp-Image-2026-02-14-at-11.18.32-AM-300x200.jpeg 300w, https:\/\/panoramaciudadano.com\/wp-content\/uploads\/2026\/02\/WhatsApp-Image-2026-02-14-at-11.18.32-AM-768x512.jpeg 768w, https:\/\/panoramaciudadano.com\/wp-content\/uploads\/2026\/02\/WhatsApp-Image-2026-02-14-at-11.18.32-AM-1536x1024.jpeg 1536w, https:\/\/panoramaciudadano.com\/wp-content\/uploads\/2026\/02\/WhatsApp-Image-2026-02-14-at-11.18.32-AM-2048x1366.jpeg 2048w\" sizes=\"(max-width: 1024px) 100vw, 1024px\" \/><\/figure>\n\n\n\n<figure class=\"wp-block-image size-large\"><img decoding=\"async\" width=\"1024\" height=\"681\" data-id=\"30480\" src=\"https:\/\/panoramaciudadano.com\/wp-content\/uploads\/2026\/02\/WhatsApp-Image-2026-02-14-at-11.18.33-AM-1-1024x681.jpeg\" alt=\"\" class=\"wp-image-30480\" srcset=\"https:\/\/panoramaciudadano.com\/wp-content\/uploads\/2026\/02\/WhatsApp-Image-2026-02-14-at-11.18.33-AM-1-1024x681.jpeg 1024w, https:\/\/panoramaciudadano.com\/wp-content\/uploads\/2026\/02\/WhatsApp-Image-2026-02-14-at-11.18.33-AM-1-300x200.jpeg 300w, https:\/\/panoramaciudadano.com\/wp-content\/uploads\/2026\/02\/WhatsApp-Image-2026-02-14-at-11.18.33-AM-1-768x511.jpeg 768w, https:\/\/panoramaciudadano.com\/wp-content\/uploads\/2026\/02\/WhatsApp-Image-2026-02-14-at-11.18.33-AM-1-1536x1022.jpeg 1536w, https:\/\/panoramaciudadano.com\/wp-content\/uploads\/2026\/02\/WhatsApp-Image-2026-02-14-at-11.18.33-AM-1-2048x1362.jpeg 2048w\" sizes=\"(max-width: 1024px) 100vw, 1024px\" \/><\/figure>\n\n\n\n<figure class=\"wp-block-image size-large\"><img decoding=\"async\" width=\"1024\" height=\"454\" data-id=\"30481\" src=\"https:\/\/panoramaciudadano.com\/wp-content\/uploads\/2026\/02\/WhatsApp-Image-2026-02-14-at-11.18.33-AM-2-1024x454.jpeg\" alt=\"\" class=\"wp-image-30481\" srcset=\"https:\/\/panoramaciudadano.com\/wp-content\/uploads\/2026\/02\/WhatsApp-Image-2026-02-14-at-11.18.33-AM-2-1024x454.jpeg 1024w, https:\/\/panoramaciudadano.com\/wp-content\/uploads\/2026\/02\/WhatsApp-Image-2026-02-14-at-11.18.33-AM-2-300x133.jpeg 300w, https:\/\/panoramaciudadano.com\/wp-content\/uploads\/2026\/02\/WhatsApp-Image-2026-02-14-at-11.18.33-AM-2-768x340.jpeg 768w, https:\/\/panoramaciudadano.com\/wp-content\/uploads\/2026\/02\/WhatsApp-Image-2026-02-14-at-11.18.33-AM-2-1536x681.jpeg 1536w, https:\/\/panoramaciudadano.com\/wp-content\/uploads\/2026\/02\/WhatsApp-Image-2026-02-14-at-11.18.33-AM-2-2048x908.jpeg 2048w\" sizes=\"(max-width: 1024px) 100vw, 1024px\" \/><\/figure>\n\n\n\n<figure class=\"wp-block-image size-large\"><img decoding=\"async\" width=\"1024\" height=\"809\" data-id=\"30482\" src=\"https:\/\/panoramaciudadano.com\/wp-content\/uploads\/2026\/02\/WhatsApp-Image-2026-02-14-at-11.18.33-AM-3-1024x809.jpeg\" alt=\"\" class=\"wp-image-30482\" srcset=\"https:\/\/panoramaciudadano.com\/wp-content\/uploads\/2026\/02\/WhatsApp-Image-2026-02-14-at-11.18.33-AM-3-1024x809.jpeg 1024w, https:\/\/panoramaciudadano.com\/wp-content\/uploads\/2026\/02\/WhatsApp-Image-2026-02-14-at-11.18.33-AM-3-300x237.jpeg 300w, https:\/\/panoramaciudadano.com\/wp-content\/uploads\/2026\/02\/WhatsApp-Image-2026-02-14-at-11.18.33-AM-3-768x607.jpeg 768w, https:\/\/panoramaciudadano.com\/wp-content\/uploads\/2026\/02\/WhatsApp-Image-2026-02-14-at-11.18.33-AM-3-1536x1213.jpeg 1536w, https:\/\/panoramaciudadano.com\/wp-content\/uploads\/2026\/02\/WhatsApp-Image-2026-02-14-at-11.18.33-AM-3-2048x1618.jpeg 2048w\" sizes=\"(max-width: 1024px) 100vw, 1024px\" \/><\/figure>\n\n\n\n<figure class=\"wp-block-image size-large\"><img decoding=\"async\" width=\"1024\" height=\"682\" data-id=\"30478\" src=\"https:\/\/panoramaciudadano.com\/wp-content\/uploads\/2026\/02\/WhatsApp-Image-2026-02-14-at-11.18.33-AM-1024x682.jpeg\" alt=\"\" class=\"wp-image-30478\" srcset=\"https:\/\/panoramaciudadano.com\/wp-content\/uploads\/2026\/02\/WhatsApp-Image-2026-02-14-at-11.18.33-AM-1024x682.jpeg 1024w, https:\/\/panoramaciudadano.com\/wp-content\/uploads\/2026\/02\/WhatsApp-Image-2026-02-14-at-11.18.33-AM-300x200.jpeg 300w, https:\/\/panoramaciudadano.com\/wp-content\/uploads\/2026\/02\/WhatsApp-Image-2026-02-14-at-11.18.33-AM-768x512.jpeg 768w, https:\/\/panoramaciudadano.com\/wp-content\/uploads\/2026\/02\/WhatsApp-Image-2026-02-14-at-11.18.33-AM-1536x1024.jpeg 1536w, https:\/\/panoramaciudadano.com\/wp-content\/uploads\/2026\/02\/WhatsApp-Image-2026-02-14-at-11.18.33-AM-2048x1365.jpeg 2048w\" sizes=\"(max-width: 1024px) 100vw, 1024px\" \/><\/figure>\n\n\n\n<figure class=\"wp-block-image size-large\"><img decoding=\"async\" width=\"1024\" height=\"682\" data-id=\"30477\" src=\"https:\/\/panoramaciudadano.com\/wp-content\/uploads\/2026\/02\/WhatsApp-Image-2026-02-14-at-11.18.34-AM-1-1024x682.jpeg\" alt=\"\" class=\"wp-image-30477\" srcset=\"https:\/\/panoramaciudadano.com\/wp-content\/uploads\/2026\/02\/WhatsApp-Image-2026-02-14-at-11.18.34-AM-1-1024x682.jpeg 1024w, https:\/\/panoramaciudadano.com\/wp-content\/uploads\/2026\/02\/WhatsApp-Image-2026-02-14-at-11.18.34-AM-1-300x200.jpeg 300w, https:\/\/panoramaciudadano.com\/wp-content\/uploads\/2026\/02\/WhatsApp-Image-2026-02-14-at-11.18.34-AM-1-768x512.jpeg 768w, https:\/\/panoramaciudadano.com\/wp-content\/uploads\/2026\/02\/WhatsApp-Image-2026-02-14-at-11.18.34-AM-1-1536x1024.jpeg 1536w, https:\/\/panoramaciudadano.com\/wp-content\/uploads\/2026\/02\/WhatsApp-Image-2026-02-14-at-11.18.34-AM-1-2048x1365.jpeg 2048w\" sizes=\"(max-width: 1024px) 100vw, 1024px\" \/><\/figure>\n\n\n\n<figure class=\"wp-block-image size-large\"><img decoding=\"async\" width=\"1024\" height=\"648\" data-id=\"30479\" src=\"https:\/\/panoramaciudadano.com\/wp-content\/uploads\/2026\/02\/WhatsApp-Image-2026-02-14-at-11.18.34-AM-2-1024x648.jpeg\" alt=\"\" class=\"wp-image-30479\" srcset=\"https:\/\/panoramaciudadano.com\/wp-content\/uploads\/2026\/02\/WhatsApp-Image-2026-02-14-at-11.18.34-AM-2-1024x648.jpeg 1024w, https:\/\/panoramaciudadano.com\/wp-content\/uploads\/2026\/02\/WhatsApp-Image-2026-02-14-at-11.18.34-AM-2-300x190.jpeg 300w, https:\/\/panoramaciudadano.com\/wp-content\/uploads\/2026\/02\/WhatsApp-Image-2026-02-14-at-11.18.34-AM-2-768x486.jpeg 768w, https:\/\/panoramaciudadano.com\/wp-content\/uploads\/2026\/02\/WhatsApp-Image-2026-02-14-at-11.18.34-AM-2-1536x971.jpeg 1536w, https:\/\/panoramaciudadano.com\/wp-content\/uploads\/2026\/02\/WhatsApp-Image-2026-02-14-at-11.18.34-AM-2-2048x1295.jpeg 2048w\" sizes=\"(max-width: 1024px) 100vw, 1024px\" \/><\/figure>\n\n\n\n<figure class=\"wp-block-image size-large\"><img decoding=\"async\" width=\"1024\" height=\"703\" data-id=\"30483\" src=\"https:\/\/panoramaciudadano.com\/wp-content\/uploads\/2026\/02\/WhatsApp-Image-2026-02-14-at-11.18.34-AM-1024x703.jpeg\" alt=\"\" class=\"wp-image-30483\" srcset=\"https:\/\/panoramaciudadano.com\/wp-content\/uploads\/2026\/02\/WhatsApp-Image-2026-02-14-at-11.18.34-AM-1024x703.jpeg 1024w, https:\/\/panoramaciudadano.com\/wp-content\/uploads\/2026\/02\/WhatsApp-Image-2026-02-14-at-11.18.34-AM-300x206.jpeg 300w, https:\/\/panoramaciudadano.com\/wp-content\/uploads\/2026\/02\/WhatsApp-Image-2026-02-14-at-11.18.34-AM-768x527.jpeg 768w, https:\/\/panoramaciudadano.com\/wp-content\/uploads\/2026\/02\/WhatsApp-Image-2026-02-14-at-11.18.34-AM-1536x1054.jpeg 1536w, https:\/\/panoramaciudadano.com\/wp-content\/uploads\/2026\/02\/WhatsApp-Image-2026-02-14-at-11.18.34-AM-2048x1405.jpeg 2048w\" sizes=\"(max-width: 1024px) 100vw, 1024px\" \/><\/figure>\n<\/figure>\n\n\n\n<p>\u201cCanc\u00fan es alegr\u00eda, ritmo, color, identidad y orgullo, y eso se siente en cada una de las actividades que tendremos desde hoy y hasta el martes 17 en el Parque de las Palapas, Avenida Tulum, Malec\u00f3n Tajamar y estadio Beto \u00c1vila\u201d, expres\u00f3 la Presidenta Municipal, Ana Paty Peralta, al coronar a todas las y los soberanos del Carnaval Canc\u00fan 2026 de seis categor\u00edas.<\/p>\n\n\n\n<p>En una ceremonia llena de color, m\u00fasica y ambiente en el emblem\u00e1tico Parque de las Palapas en el que se dieron cita 2 mil 500 personas, Ana Paty Peralta felicit\u00f3 a las reinas y reyes, ya que ser\u00e1n los embajadores de la alegr\u00eda, identidad y los valores de esta gran ciudad que se ha construido y consolidado a estos festejos que reflejan el orgullo de ser cancunenses.<\/p>\n\n\n\n<p>Adem\u00e1s destac\u00f3 que la gran fiesta que ser\u00e1 hasta el pr\u00f3ximo martes 17 de febrero, contempla la participaci\u00f3n de comparsas, carros aleg\u00f3ricos, artesanos y emprendedores, juegos mec\u00e1nicos de feria, desfiles en el centro de la ciudad, conciertos gratuitos y sobre todo un sano ambiente libre de venta de bebidas alcoh\u00f3licas para disfrute de miles de familias.<\/p>\n\n\n\n<p>\u201cGracias tambi\u00e9n a Protecci\u00f3n Civil, Seguridad Ciudadana y Tr\u00e1nsito, Servicios P\u00fablicos, Servicios Generales y a todas las dependencias que trabajan detr\u00e1s de cada detalle. Esta es una fiesta muy bien cuidada, familiar, organizada con much\u00edsimo cari\u00f1o para que todas las familias disfruten con tranquilidad\u201d, dijo.<\/p>\n\n\n\n<p>En el momento cumbre de la noche, la Presidenta Municipal entreg\u00f3 las respectivas coronas y cetros, adem\u00e1s de imponer las bandas a los 12 reyes y reinas de todas las categor\u00edas: Infantil, Juvenil, Personas con Discapacidad, de Oro, Diversidad y Soberanos, quienes se encargar\u00e1n noche a noche de lucir sus espect\u00e1culos en el escenario principal y contagiar a todos con la alegr\u00eda de la fiesta carnestolenda.<\/p>\n\n\n\n<p>Como reconocimiento por su trayectoria organizando carnavales en Canc\u00fan durante 25 a\u00f1os, tambi\u00e9n otorgaron un reconocimiento especial a Gloria Leticia Uc Colli, integrante del Instituto de la Cultura y las Artes, a lo que sigui\u00f3 la despedida de los Reyes del Carnaval 2025 y las coreograf\u00edas de toda la corte real de esta edici\u00f3n, as\u00ed como la presentaci\u00f3n del invitado de la noche, el cantante y actor mexicano Pablo Montero, designado \u201cRey del Espect\u00e1culo\u201d en esta emisi\u00f3n.<\/p>\n\n\n\n<p>En esta segunda noche de la celebraci\u00f3n, los miles de asistentes que se dieron cita en el Parque de las Palapas disfrutaron previamente del show del centro nocturno \u201cCoco Bongo\u201d, adem\u00e1s de la nutrida contienda de 14 comparsas de la categor\u00eda preescolar, peque\u00f1os bailarines entre los cuatro y seis a\u00f1os que con sus coloridos atuendos y una gran porra de familiares y amigos, deleitaron a la audiencia a lo largo de la velada, con sus cuerpos de baile.<\/p>\n\n\n\n<hr class=\"wp-block-separator has-alpha-channel-opacity\"\/>\n\n\n\n<p>13 carros aleg\u00f3ricos<br>22 juegos mec\u00e1nicos<br>58 comparsas<br>68 stands gastron\u00f3micos<br>80 stands artesanos \/ emprendedores<br>2,463 participantes en comparsas<\/p>\n\n\n\n<p>Estado de fuerza:<br>7 dependencias<br>41 unidades<br>616 elementos operativos<\/p>\n\n\n\n<p>Reyes Infantiles 2026:<br>Regina Lugo Meneses (Regina 1\u00aa)<br>Walter Jaziel Ojeda Dzul (Walter 1\u00ba)<\/p>\n\n\n\n<p>Reyes de la Discapacidad 2026:<br>Amalinalli Margarita M\u00e9ndez Xicum (Amalinalli 1\u00aa)<br>Mauro Alejandro Alonso May (Mauro 1\u00ba)<\/p>\n\n\n\n<p>Reyes de las Personas de Adultos Mayores (de oro) 2026:<br>Alba Luz Huitz Moreno (Alba 1\u00aa)<br>Javier Placencia Cordero (Javier 1\u00ba)<\/p>\n\n\n\n<p>Reyes Juveniles Canc\u00fan 2026:<br>Mar\u00eda Jos\u00e9 Puc Reyes (Mar\u00eda Jos\u00e9 1\u00aa)<br>Luis Geovany Sagrero Trinidad (Luis Geovany 1\u00ba)<\/p>\n\n\n\n<p>Reyes de la Diversidad 2026:<br>Leya Pantoja (Leya Pantoja 1\u00aa)<br>Jes\u00fas Javier Ek Poot (Jes\u00fas Javier 1\u00ba)<\/p>\n\n\n\n<p>Soberanos del Carnaval Canc\u00fan 2026:<br>Cinthia Jennifer Francisco Garc\u00eda (Cinthia 1\u00aa)<br>\u00c1ngel Alberto Rovira (Rovira 1\u00ba)<\/p>\n","protected":false},"excerpt":{"rendered":"<p>\u2022 Colocan coronas, bandas y cetros a los 12 reyes y reinas de las seis categor\u00edas de la gran fiesta que ser\u00e1 hasta el martes 17 de febrero.<\/p>\n","protected":false},"author":1,"featured_media":30484,"comment_status":"open","ping_status":"closed","sticky":false,"template":"","format":"standard","meta":{"footnotes":""},"categories":[6],"tags":[145],"class_list":["post-30475","post","type-post","status-publish","format-standard","has-post-thumbnail","hentry","category-cancun","tag-ana-paty-peralta"],"yoast_head":"<!-- This site is optimized with the Yoast SEO plugin v27.1.1 - https:\/\/yoast.com\/product\/yoast-seo-wordpress\/ -->\n<title>CORONA ANA PATY PERALTA A CORTE REAL DE CARNAVAL CANC\u00daN 2026 - Panorama Ciudadano<\/title>\n<meta name=\"robots\" content=\"index, follow, max-snippet:-1, max-image-preview:large, max-video-preview:-1\" \/>\n<link rel=\"canonical\" href=\"https:\/\/panoramaciudadano.com\/index.php\/2026\/02\/14\/corona-ana-paty-peralta-a-corte-real-de-carnaval-cancun-2026\/\" \/>\n<meta property=\"og:locale\" content=\"es_ES\" \/>\n<meta property=\"og:type\" content=\"article\" \/>\n<meta property=\"og:title\" content=\"CORONA ANA PATY PERALTA A CORTE REAL DE CARNAVAL CANC\u00daN 2026 - Panorama Ciudadano\" \/>\n<meta property=\"og:description\" content=\"\u2022 Colocan coronas, bandas y cetros a los 12 reyes y reinas de las seis categor\u00edas de la gran fiesta que ser\u00e1 hasta el martes 17 de febrero.\" \/>\n<meta property=\"og:url\" content=\"https:\/\/panoramaciudadano.com\/index.php\/2026\/02\/14\/corona-ana-paty-peralta-a-corte-real-de-carnaval-cancun-2026\/\" \/>\n<meta property=\"og:site_name\" content=\"Panorama Ciudadano\" \/>\n<meta property=\"article:publisher\" content=\"https:\/\/www.facebook.com\/panoramaciudadano\" \/>\n<meta property=\"article:published_time\" content=\"2026-02-15T02:24:00+00:00\" \/>\n<meta property=\"article:modified_time\" content=\"2026-02-16T14:27:04+00:00\" \/>\n<meta property=\"og:image\" content=\"https:\/\/panoramaciudadano.com\/wp-content\/uploads\/2026\/02\/WhatsApp-Image-2026-02-14-at-11.18.32-AM-scaled.jpeg\" \/>\n\t<meta property=\"og:image:width\" content=\"2560\" \/>\n\t<meta property=\"og:image:height\" content=\"1707\" \/>\n\t<meta property=\"og:image:type\" content=\"image\/jpeg\" \/>\n<meta name=\"author\" content=\"admin\" \/>\n<meta name=\"twitter:card\" content=\"summary_large_image\" \/>\n<meta name=\"twitter:label1\" content=\"Escrito por\" \/>\n\t<meta name=\"twitter:data1\" content=\"admin\" \/>\n\t<meta name=\"twitter:label2\" content=\"Tiempo de lectura\" \/>\n\t<meta name=\"twitter:data2\" content=\"5 minutos\" \/>\n<script type=\"application\/ld+json\" class=\"yoast-schema-graph\">{\"@context\":\"https:\/\/schema.org\",\"@graph\":[{\"@type\":\"Article\",\"@id\":\"https:\/\/panoramaciudadano.com\/index.php\/2026\/02\/14\/corona-ana-paty-peralta-a-corte-real-de-carnaval-cancun-2026\/#article\",\"isPartOf\":{\"@id\":\"https:\/\/panoramaciudadano.com\/index.php\/2026\/02\/14\/corona-ana-paty-peralta-a-corte-real-de-carnaval-cancun-2026\/\"},\"author\":{\"name\":\"admin\",\"@id\":\"https:\/\/panoramaciudadano.com\/#\/schema\/person\/ffe9fe8ef47d3a93977b5761fd9e0d96\"},\"headline\":\"CORONA ANA PATY PERALTA A CORTE REAL DE CARNAVAL CANC\u00daN 2026\",\"datePublished\":\"2026-02-15T02:24:00+00:00\",\"dateModified\":\"2026-02-16T14:27:04+00:00\",\"mainEntityOfPage\":{\"@id\":\"https:\/\/panoramaciudadano.com\/index.php\/2026\/02\/14\/corona-ana-paty-peralta-a-corte-real-de-carnaval-cancun-2026\/\"},\"wordCount\":610,\"commentCount\":0,\"publisher\":{\"@id\":\"https:\/\/panoramaciudadano.com\/#organization\"},\"image\":{\"@id\":\"https:\/\/panoramaciudadano.com\/index.php\/2026\/02\/14\/corona-ana-paty-peralta-a-corte-real-de-carnaval-cancun-2026\/#primaryimage\"},\"thumbnailUrl\":\"https:\/\/panoramaciudadano.com\/wp-content\/uploads\/2026\/02\/WhatsApp-Image-2026-02-14-at-11.18.32-AM-scaled.jpeg\",\"keywords\":[\"Ana Paty Peralta\"],\"articleSection\":[\"Canc\u00fan\"],\"inLanguage\":\"es\",\"potentialAction\":[{\"@type\":\"CommentAction\",\"name\":\"Comment\",\"target\":[\"https:\/\/panoramaciudadano.com\/index.php\/2026\/02\/14\/corona-ana-paty-peralta-a-corte-real-de-carnaval-cancun-2026\/#respond\"]}]},{\"@type\":\"WebPage\",\"@id\":\"https:\/\/panoramaciudadano.com\/index.php\/2026\/02\/14\/corona-ana-paty-peralta-a-corte-real-de-carnaval-cancun-2026\/\",\"url\":\"https:\/\/panoramaciudadano.com\/index.php\/2026\/02\/14\/corona-ana-paty-peralta-a-corte-real-de-carnaval-cancun-2026\/\",\"name\":\"CORONA ANA PATY PERALTA A CORTE REAL DE CARNAVAL CANC\u00daN 2026 - Panorama Ciudadano\",\"isPartOf\":{\"@id\":\"https:\/\/panoramaciudadano.com\/#website\"},\"primaryImageOfPage\":{\"@id\":\"https:\/\/panoramaciudadano.com\/index.php\/2026\/02\/14\/corona-ana-paty-peralta-a-corte-real-de-carnaval-cancun-2026\/#primaryimage\"},\"image\":{\"@id\":\"https:\/\/panoramaciudadano.com\/index.php\/2026\/02\/14\/corona-ana-paty-peralta-a-corte-real-de-carnaval-cancun-2026\/#primaryimage\"},\"thumbnailUrl\":\"https:\/\/panoramaciudadano.com\/wp-content\/uploads\/2026\/02\/WhatsApp-Image-2026-02-14-at-11.18.32-AM-scaled.jpeg\",\"datePublished\":\"2026-02-15T02:24:00+00:00\",\"dateModified\":\"2026-02-16T14:27:04+00:00\",\"breadcrumb\":{\"@id\":\"https:\/\/panoramaciudadano.com\/index.php\/2026\/02\/14\/corona-ana-paty-peralta-a-corte-real-de-carnaval-cancun-2026\/#breadcrumb\"},\"inLanguage\":\"es\",\"potentialAction\":[{\"@type\":\"ReadAction\",\"target\":[\"https:\/\/panoramaciudadano.com\/index.php\/2026\/02\/14\/corona-ana-paty-peralta-a-corte-real-de-carnaval-cancun-2026\/\"]}]},{\"@type\":\"ImageObject\",\"inLanguage\":\"es\",\"@id\":\"https:\/\/panoramaciudadano.com\/index.php\/2026\/02\/14\/corona-ana-paty-peralta-a-corte-real-de-carnaval-cancun-2026\/#primaryimage\",\"url\":\"https:\/\/panoramaciudadano.com\/wp-content\/uploads\/2026\/02\/WhatsApp-Image-2026-02-14-at-11.18.32-AM-scaled.jpeg\",\"contentUrl\":\"https:\/\/panoramaciudadano.com\/wp-content\/uploads\/2026\/02\/WhatsApp-Image-2026-02-14-at-11.18.32-AM-scaled.jpeg\",\"width\":2560,\"height\":1707},{\"@type\":\"BreadcrumbList\",\"@id\":\"https:\/\/panoramaciudadano.com\/index.php\/2026\/02\/14\/corona-ana-paty-peralta-a-corte-real-de-carnaval-cancun-2026\/#breadcrumb\",\"itemListElement\":[{\"@type\":\"ListItem\",\"position\":1,\"name\":\"Portada\",\"item\":\"https:\/\/panoramaciudadano.com\/\"},{\"@type\":\"ListItem\",\"position\":2,\"name\":\"CORONA ANA PATY PERALTA A CORTE REAL DE CARNAVAL CANC\u00daN 2026\"}]},{\"@type\":\"WebSite\",\"@id\":\"https:\/\/panoramaciudadano.com\/#website\",\"url\":\"https:\/\/panoramaciudadano.com\/\",\"name\":\"Panorama Ciudadano\",\"description\":\"\",\"publisher\":{\"@id\":\"https:\/\/panoramaciudadano.com\/#organization\"},\"potentialAction\":[{\"@type\":\"SearchAction\",\"target\":{\"@type\":\"EntryPoint\",\"urlTemplate\":\"https:\/\/panoramaciudadano.com\/?s={search_term_string}\"},\"query-input\":{\"@type\":\"PropertyValueSpecification\",\"valueRequired\":true,\"valueName\":\"search_term_string\"}}],\"inLanguage\":\"es\"},{\"@type\":\"Organization\",\"@id\":\"https:\/\/panoramaciudadano.com\/#organization\",\"name\":\"Panorama Ciudadano\",\"url\":\"https:\/\/panoramaciudadano.com\/\",\"logo\":{\"@type\":\"ImageObject\",\"inLanguage\":\"es\",\"@id\":\"https:\/\/panoramaciudadano.com\/#\/schema\/logo\/image\/\",\"url\":\"https:\/\/panoramaciudadano.com\/wp-content\/uploads\/2024\/05\/401498640_919267042938564_6290593609399108733_n.jpg\",\"contentUrl\":\"https:\/\/panoramaciudadano.com\/wp-content\/uploads\/2024\/05\/401498640_919267042938564_6290593609399108733_n.jpg\",\"width\":960,\"height\":957,\"caption\":\"Panorama Ciudadano\"},\"image\":{\"@id\":\"https:\/\/panoramaciudadano.com\/#\/schema\/logo\/image\/\"},\"sameAs\":[\"https:\/\/www.facebook.com\/panoramaciudadano\"]},{\"@type\":\"Person\",\"@id\":\"https:\/\/panoramaciudadano.com\/#\/schema\/person\/ffe9fe8ef47d3a93977b5761fd9e0d96\",\"name\":\"admin\",\"image\":{\"@type\":\"ImageObject\",\"inLanguage\":\"es\",\"@id\":\"https:\/\/panoramaciudadano.com\/#\/schema\/person\/image\/\",\"url\":\"https:\/\/secure.gravatar.com\/avatar\/2d5a12cacce3f18096f25fadea8abb7202fef18ed669595589853e84260ff451?s=96&d=mm&r=g\",\"contentUrl\":\"https:\/\/secure.gravatar.com\/avatar\/2d5a12cacce3f18096f25fadea8abb7202fef18ed669595589853e84260ff451?s=96&d=mm&r=g\",\"caption\":\"admin\"},\"sameAs\":[\"https:\/\/panoramaciudadano.com\"],\"url\":\"https:\/\/panoramaciudadano.com\/index.php\/author\/admin_3q6hyqq3\/\"}]}<\/script>\n<!-- \/ Yoast SEO plugin. -->","yoast_head_json":{"title":"CORONA ANA PATY PERALTA A CORTE REAL DE CARNAVAL CANC\u00daN 2026 - Panorama Ciudadano","robots":{"index":"index","follow":"follow","max-snippet":"max-snippet:-1","max-image-preview":"max-image-preview:large","max-video-preview":"max-video-preview:-1"},"canonical":"https:\/\/panoramaciudadano.com\/index.php\/2026\/02\/14\/corona-ana-paty-peralta-a-corte-real-de-carnaval-cancun-2026\/","og_locale":"es_ES","og_type":"article","og_title":"CORONA ANA PATY PERALTA A CORTE REAL DE CARNAVAL CANC\u00daN 2026 - Panorama Ciudadano","og_description":"\u2022 Colocan coronas, bandas y cetros a los 12 reyes y reinas de las seis categor\u00edas de la gran fiesta que ser\u00e1 hasta el martes 17 de febrero.","og_url":"https:\/\/panoramaciudadano.com\/index.php\/2026\/02\/14\/corona-ana-paty-peralta-a-corte-real-de-carnaval-cancun-2026\/","og_site_name":"Panorama Ciudadano","article_publisher":"https:\/\/www.facebook.com\/panoramaciudadano","article_published_time":"2026-02-15T02:24:00+00:00","article_modified_time":"2026-02-16T14:27:04+00:00","og_image":[{"width":2560,"height":1707,"url":"https:\/\/panoramaciudadano.com\/wp-content\/uploads\/2026\/02\/WhatsApp-Image-2026-02-14-at-11.18.32-AM-scaled.jpeg","type":"image\/jpeg"}],"author":"admin","twitter_card":"summary_large_image","twitter_misc":{"Escrito por":"admin","Tiempo de lectura":"5 minutos"},"schema":{"@context":"https:\/\/schema.org","@graph":[{"@type":"Article","@id":"https:\/\/panoramaciudadano.com\/index.php\/2026\/02\/14\/corona-ana-paty-peralta-a-corte-real-de-carnaval-cancun-2026\/#article","isPartOf":{"@id":"https:\/\/panoramaciudadano.com\/index.php\/2026\/02\/14\/corona-ana-paty-peralta-a-corte-real-de-carnaval-cancun-2026\/"},"author":{"name":"admin","@id":"https:\/\/panoramaciudadano.com\/#\/schema\/person\/ffe9fe8ef47d3a93977b5761fd9e0d96"},"headline":"CORONA ANA PATY PERALTA A CORTE REAL DE CARNAVAL CANC\u00daN 2026","datePublished":"2026-02-15T02:24:00+00:00","dateModified":"2026-02-16T14:27:04+00:00","mainEntityOfPage":{"@id":"https:\/\/panoramaciudadano.com\/index.php\/2026\/02\/14\/corona-ana-paty-peralta-a-corte-real-de-carnaval-cancun-2026\/"},"wordCount":610,"commentCount":0,"publisher":{"@id":"https:\/\/panoramaciudadano.com\/#organization"},"image":{"@id":"https:\/\/panoramaciudadano.com\/index.php\/2026\/02\/14\/corona-ana-paty-peralta-a-corte-real-de-carnaval-cancun-2026\/#primaryimage"},"thumbnailUrl":"https:\/\/panoramaciudadano.com\/wp-content\/uploads\/2026\/02\/WhatsApp-Image-2026-02-14-at-11.18.32-AM-scaled.jpeg","keywords":["Ana Paty Peralta"],"articleSection":["Canc\u00fan"],"inLanguage":"es","potentialAction":[{"@type":"CommentAction","name":"Comment","target":["https:\/\/panoramaciudadano.com\/index.php\/2026\/02\/14\/corona-ana-paty-peralta-a-corte-real-de-carnaval-cancun-2026\/#respond"]}]},{"@type":"WebPage","@id":"https:\/\/panoramaciudadano.com\/index.php\/2026\/02\/14\/corona-ana-paty-peralta-a-corte-real-de-carnaval-cancun-2026\/","url":"https:\/\/panoramaciudadano.com\/index.php\/2026\/02\/14\/corona-ana-paty-peralta-a-corte-real-de-carnaval-cancun-2026\/","name":"CORONA ANA PATY PERALTA A CORTE REAL DE CARNAVAL CANC\u00daN 2026 - Panorama Ciudadano","isPartOf":{"@id":"https:\/\/panoramaciudadano.com\/#website"},"primaryImageOfPage":{"@id":"https:\/\/panoramaciudadano.com\/index.php\/2026\/02\/14\/corona-ana-paty-peralta-a-corte-real-de-carnaval-cancun-2026\/#primaryimage"},"image":{"@id":"https:\/\/panoramaciudadano.com\/index.php\/2026\/02\/14\/corona-ana-paty-peralta-a-corte-real-de-carnaval-cancun-2026\/#primaryimage"},"thumbnailUrl":"https:\/\/panoramaciudadano.com\/wp-content\/uploads\/2026\/02\/WhatsApp-Image-2026-02-14-at-11.18.32-AM-scaled.jpeg","datePublished":"2026-02-15T02:24:00+00:00","dateModified":"2026-02-16T14:27:04+00:00","breadcrumb":{"@id":"https:\/\/panoramaciudadano.com\/index.php\/2026\/02\/14\/corona-ana-paty-peralta-a-corte-real-de-carnaval-cancun-2026\/#breadcrumb"},"inLanguage":"es","potentialAction":[{"@type":"ReadAction","target":["https:\/\/panoramaciudadano.com\/index.php\/2026\/02\/14\/corona-ana-paty-peralta-a-corte-real-de-carnaval-cancun-2026\/"]}]},{"@type":"ImageObject","inLanguage":"es","@id":"https:\/\/panoramaciudadano.com\/index.php\/2026\/02\/14\/corona-ana-paty-peralta-a-corte-real-de-carnaval-cancun-2026\/#primaryimage","url":"https:\/\/panoramaciudadano.com\/wp-content\/uploads\/2026\/02\/WhatsApp-Image-2026-02-14-at-11.18.32-AM-scaled.jpeg","contentUrl":"https:\/\/panoramaciudadano.com\/wp-content\/uploads\/2026\/02\/WhatsApp-Image-2026-02-14-at-11.18.32-AM-scaled.jpeg","width":2560,"height":1707},{"@type":"BreadcrumbList","@id":"https:\/\/panoramaciudadano.com\/index.php\/2026\/02\/14\/corona-ana-paty-peralta-a-corte-real-de-carnaval-cancun-2026\/#breadcrumb","itemListElement":[{"@type":"ListItem","position":1,"name":"Portada","item":"https:\/\/panoramaciudadano.com\/"},{"@type":"ListItem","position":2,"name":"CORONA ANA PATY PERALTA A CORTE REAL DE CARNAVAL CANC\u00daN 2026"}]},{"@type":"WebSite","@id":"https:\/\/panoramaciudadano.com\/#website","url":"https:\/\/panoramaciudadano.com\/","name":"Panorama Ciudadano","description":"","publisher":{"@id":"https:\/\/panoramaciudadano.com\/#organization"},"potentialAction":[{"@type":"SearchAction","target":{"@type":"EntryPoint","urlTemplate":"https:\/\/panoramaciudadano.com\/?s={search_term_string}"},"query-input":{"@type":"PropertyValueSpecification","valueRequired":true,"valueName":"search_term_string"}}],"inLanguage":"es"},{"@type":"Organization","@id":"https:\/\/panoramaciudadano.com\/#organization","name":"Panorama Ciudadano","url":"https:\/\/panoramaciudadano.com\/","logo":{"@type":"ImageObject","inLanguage":"es","@id":"https:\/\/panoramaciudadano.com\/#\/schema\/logo\/image\/","url":"https:\/\/panoramaciudadano.com\/wp-content\/uploads\/2024\/05\/401498640_919267042938564_6290593609399108733_n.jpg","contentUrl":"https:\/\/panoramaciudadano.com\/wp-content\/uploads\/2024\/05\/401498640_919267042938564_6290593609399108733_n.jpg","width":960,"height":957,"caption":"Panorama Ciudadano"},"image":{"@id":"https:\/\/panoramaciudadano.com\/#\/schema\/logo\/image\/"},"sameAs":["https:\/\/www.facebook.com\/panoramaciudadano"]},{"@type":"Person","@id":"https:\/\/panoramaciudadano.com\/#\/schema\/person\/ffe9fe8ef47d3a93977b5761fd9e0d96","name":"admin","image":{"@type":"ImageObject","inLanguage":"es","@id":"https:\/\/panoramaciudadano.com\/#\/schema\/person\/image\/","url":"https:\/\/secure.gravatar.com\/avatar\/2d5a12cacce3f18096f25fadea8abb7202fef18ed669595589853e84260ff451?s=96&d=mm&r=g","contentUrl":"https:\/\/secure.gravatar.com\/avatar\/2d5a12cacce3f18096f25fadea8abb7202fef18ed669595589853e84260ff451?s=96&d=mm&r=g","caption":"admin"},"sameAs":["https:\/\/panoramaciudadano.com"],"url":"https:\/\/panoramaciudadano.com\/index.php\/author\/admin_3q6hyqq3\/"}]}},"_links":{"self":[{"href":"https:\/\/panoramaciudadano.com\/index.php\/wp-json\/wp\/v2\/posts\/30475","targetHints":{"allow":["GET"]}}],"collection":[{"href":"https:\/\/panoramaciudadano.com\/index.php\/wp-json\/wp\/v2\/posts"}],"about":[{"href":"https:\/\/panoramaciudadano.com\/index.php\/wp-json\/wp\/v2\/types\/post"}],"author":[{"embeddable":true,"href":"https:\/\/panoramaciudadano.com\/index.php\/wp-json\/wp\/v2\/users\/1"}],"replies":[{"embeddable":true,"href":"https:\/\/panoramaciudadano.com\/index.php\/wp-json\/wp\/v2\/comments?post=30475"}],"version-history":[{"count":1,"href":"https:\/\/panoramaciudadano.com\/index.php\/wp-json\/wp\/v2\/posts\/30475\/revisions"}],"predecessor-version":[{"id":30491,"href":"https:\/\/panoramaciudadano.com\/index.php\/wp-json\/wp\/v2\/posts\/30475\/revisions\/30491"}],"wp:featuredmedia":[{"embeddable":true,"href":"https:\/\/panoramaciudadano.com\/index.php\/wp-json\/wp\/v2\/media\/30484"}],"wp:attachment":[{"href":"https:\/\/panoramaciudadano.com\/index.php\/wp-json\/wp\/v2\/media?parent=30475"}],"wp:term":[{"taxonomy":"category","embeddable":true,"href":"https:\/\/panoramaciudadano.com\/index.php\/wp-json\/wp\/v2\/categories?post=30475"},{"taxonomy":"post_tag","embeddable":true,"href":"https:\/\/panoramaciudadano.com\/index.php\/wp-json\/wp\/v2\/tags?post=30475"}],"curies":[{"name":"wp","href":"https:\/\/api.w.org\/{rel}","templated":true}]}}