{"id":30515,"date":"2026-02-15T09:34:50","date_gmt":"2026-02-15T14:34:50","guid":{"rendered":"https:\/\/panoramaciudadano.com\/?p=30515"},"modified":"2026-02-16T09:37:10","modified_gmt":"2026-02-16T14:37:10","slug":"gracias-por-ser-los-guardianes-de-la-vida-en-cancun-ana-paty-peralta","status":"publish","type":"post","link":"https:\/\/panoramaciudadano.com\/index.php\/2026\/02\/15\/gracias-por-ser-los-guardianes-de-la-vida-en-cancun-ana-paty-peralta\/","title":{"rendered":"GRACIAS POR SER LOS GUARDIANES DE LA VIDA EN CANC\u00daN: ANA PATY PERALTA"},"content":{"rendered":"\n<figure class=\"wp-block-gallery has-nested-images columns-default is-cropped wp-block-gallery-1 is-layout-flex wp-block-gallery-is-layout-flex\">\n<figure class=\"wp-block-image size-large\"><img decoding=\"async\" width=\"1024\" height=\"778\" data-id=\"30520\" src=\"https:\/\/panoramaciudadano.com\/wp-content\/uploads\/2026\/02\/WhatsApp-Image-2026-02-15-at-10.38.45-AM-2-1024x778.jpeg\" alt=\"\" class=\"wp-image-30520\" srcset=\"https:\/\/panoramaciudadano.com\/wp-content\/uploads\/2026\/02\/WhatsApp-Image-2026-02-15-at-10.38.45-AM-2-1024x778.jpeg 1024w, https:\/\/panoramaciudadano.com\/wp-content\/uploads\/2026\/02\/WhatsApp-Image-2026-02-15-at-10.38.45-AM-2-300x228.jpeg 300w, https:\/\/panoramaciudadano.com\/wp-content\/uploads\/2026\/02\/WhatsApp-Image-2026-02-15-at-10.38.45-AM-2-768x584.jpeg 768w, https:\/\/panoramaciudadano.com\/wp-content\/uploads\/2026\/02\/WhatsApp-Image-2026-02-15-at-10.38.45-AM-2-1536x1167.jpeg 1536w, https:\/\/panoramaciudadano.com\/wp-content\/uploads\/2026\/02\/WhatsApp-Image-2026-02-15-at-10.38.45-AM-2-2048x1556.jpeg 2048w\" sizes=\"(max-width: 1024px) 100vw, 1024px\" \/><\/figure>\n\n\n\n<figure class=\"wp-block-image size-large\"><img decoding=\"async\" width=\"1024\" height=\"865\" data-id=\"30521\" src=\"https:\/\/panoramaciudadano.com\/wp-content\/uploads\/2026\/02\/WhatsApp-Image-2026-02-15-at-10.38.45-AM-3-1024x865.jpeg\" alt=\"\" class=\"wp-image-30521\" srcset=\"https:\/\/panoramaciudadano.com\/wp-content\/uploads\/2026\/02\/WhatsApp-Image-2026-02-15-at-10.38.45-AM-3-1024x865.jpeg 1024w, https:\/\/panoramaciudadano.com\/wp-content\/uploads\/2026\/02\/WhatsApp-Image-2026-02-15-at-10.38.45-AM-3-300x253.jpeg 300w, https:\/\/panoramaciudadano.com\/wp-content\/uploads\/2026\/02\/WhatsApp-Image-2026-02-15-at-10.38.45-AM-3-768x649.jpeg 768w, https:\/\/panoramaciudadano.com\/wp-content\/uploads\/2026\/02\/WhatsApp-Image-2026-02-15-at-10.38.45-AM-3-1536x1298.jpeg 1536w, https:\/\/panoramaciudadano.com\/wp-content\/uploads\/2026\/02\/WhatsApp-Image-2026-02-15-at-10.38.45-AM-3-2048x1730.jpeg 2048w\" sizes=\"(max-width: 1024px) 100vw, 1024px\" \/><\/figure>\n\n\n\n<figure class=\"wp-block-image size-large\"><img decoding=\"async\" width=\"1024\" height=\"637\" data-id=\"30517\" src=\"https:\/\/panoramaciudadano.com\/wp-content\/uploads\/2026\/02\/WhatsApp-Image-2026-02-15-at-10.38.46-AM-1024x637.jpeg\" alt=\"\" class=\"wp-image-30517\" srcset=\"https:\/\/panoramaciudadano.com\/wp-content\/uploads\/2026\/02\/WhatsApp-Image-2026-02-15-at-10.38.46-AM-1024x637.jpeg 1024w, https:\/\/panoramaciudadano.com\/wp-content\/uploads\/2026\/02\/WhatsApp-Image-2026-02-15-at-10.38.46-AM-300x187.jpeg 300w, https:\/\/panoramaciudadano.com\/wp-content\/uploads\/2026\/02\/WhatsApp-Image-2026-02-15-at-10.38.46-AM-768x478.jpeg 768w, https:\/\/panoramaciudadano.com\/wp-content\/uploads\/2026\/02\/WhatsApp-Image-2026-02-15-at-10.38.46-AM-1536x956.jpeg 1536w, https:\/\/panoramaciudadano.com\/wp-content\/uploads\/2026\/02\/WhatsApp-Image-2026-02-15-at-10.38.46-AM-2048x1274.jpeg 2048w\" sizes=\"(max-width: 1024px) 100vw, 1024px\" \/><\/figure>\n\n\n\n<figure class=\"wp-block-image size-large\"><img decoding=\"async\" width=\"1024\" height=\"694\" data-id=\"30519\" src=\"https:\/\/panoramaciudadano.com\/wp-content\/uploads\/2026\/02\/WhatsApp-Image-2026-02-15-at-10.38.45-AM-1024x694.jpeg\" alt=\"\" class=\"wp-image-30519\" srcset=\"https:\/\/panoramaciudadano.com\/wp-content\/uploads\/2026\/02\/WhatsApp-Image-2026-02-15-at-10.38.45-AM-1024x694.jpeg 1024w, https:\/\/panoramaciudadano.com\/wp-content\/uploads\/2026\/02\/WhatsApp-Image-2026-02-15-at-10.38.45-AM-300x203.jpeg 300w, https:\/\/panoramaciudadano.com\/wp-content\/uploads\/2026\/02\/WhatsApp-Image-2026-02-15-at-10.38.45-AM-768x521.jpeg 768w, https:\/\/panoramaciudadano.com\/wp-content\/uploads\/2026\/02\/WhatsApp-Image-2026-02-15-at-10.38.45-AM-1536x1041.jpeg 1536w, https:\/\/panoramaciudadano.com\/wp-content\/uploads\/2026\/02\/WhatsApp-Image-2026-02-15-at-10.38.45-AM-2048x1388.jpeg 2048w\" sizes=\"(max-width: 1024px) 100vw, 1024px\" \/><\/figure>\n\n\n\n<figure class=\"wp-block-image size-large\"><img decoding=\"async\" width=\"728\" height=\"1024\" data-id=\"30518\" src=\"https:\/\/panoramaciudadano.com\/wp-content\/uploads\/2026\/02\/WhatsApp-Image-2026-02-15-at-10.38.45-AM-1-728x1024.jpeg\" alt=\"\" class=\"wp-image-30518\" srcset=\"https:\/\/panoramaciudadano.com\/wp-content\/uploads\/2026\/02\/WhatsApp-Image-2026-02-15-at-10.38.45-AM-1-728x1024.jpeg 728w, https:\/\/panoramaciudadano.com\/wp-content\/uploads\/2026\/02\/WhatsApp-Image-2026-02-15-at-10.38.45-AM-1-213x300.jpeg 213w, https:\/\/panoramaciudadano.com\/wp-content\/uploads\/2026\/02\/WhatsApp-Image-2026-02-15-at-10.38.45-AM-1-768x1080.jpeg 768w, https:\/\/panoramaciudadano.com\/wp-content\/uploads\/2026\/02\/WhatsApp-Image-2026-02-15-at-10.38.45-AM-1-1092x1536.jpeg 1092w, https:\/\/panoramaciudadano.com\/wp-content\/uploads\/2026\/02\/WhatsApp-Image-2026-02-15-at-10.38.45-AM-1-1456x2048.jpeg 1456w, https:\/\/panoramaciudadano.com\/wp-content\/uploads\/2026\/02\/WhatsApp-Image-2026-02-15-at-10.38.45-AM-1.jpeg 1820w\" sizes=\"(max-width: 728px) 100vw, 728px\" \/><\/figure>\n<\/figure>\n\n\n\n<p>\u201cEn este 14 de febrero en el que hoy celebramos el D\u00eda del Amor y la Amistad, nos recuerda que no hay nada m\u00e1s grande que el amor, que el amor a la vida\u201d, dijo la Presidenta Municipal, Ana Paty Peralta, en el marco del D\u00eda del Guardavida celebrado en Playa Marl\u00edn, donde se entregaron 28 reconocimientos a quienes diariamente vigilan los arenales, para seguridad de las y los ba\u00f1istas.<\/p>\n\n\n\n<p>Durante el evento, la Alcaldesa reconoci\u00f3 la labor de todo el personal de guardavidas de la Direcci\u00f3n de Protecci\u00f3n Civil apoyados por guardavidas del cuerpo de bomberos, \u201cyo hice un compromiso con ustedes, vamos a seguir dignificando, pero sobre todo, reconociendo esta labor, fortaleci\u00e9ndolos con m\u00e1s equipamiento, con m\u00e1s herramientas. El compromiso es hacer las nuevas torres guardavidas\u201d, expres\u00f3.<\/p>\n\n\n\n<p>Una vez m\u00e1s, destac\u00f3 el amor que demuestran los guardavidas cada vez que se lanzan al mar para salvar a alguien, adem\u00e1s de prevenir un riesgo y actuar con valent\u00eda para cuidar a otras personas, ya que las mejores mujeres y hombres siempre est\u00e1n vigilando, previniendo, orientando, reaccionando de manera inmediata ante cualquier emergencia, siempre pensando primero en la vida de los dem\u00e1s.<\/p>\n\n\n\n<p>Acompa\u00f1ada por el secretario general del Ayuntamiento, Pablo Guti\u00e9rrez Fern\u00e1ndez; el guardavida, Gustavo Buenrostro Fregoso; el director de la Zona Federal Mar\u00edtima Terrestre (Zofemat), Justo Rom\u00e1n Miranda Rocha; los directores generales de Bomberos, y Protecci\u00f3n Civil, respectivamente, Aquileo Cervantes \u00c1lvarez y Antonio de Jes\u00fas Riveroll Ribb\u00f3n, la Primera Autoridad Municipal, entreg\u00f3 los reconocimientos a cada guardavida, por su entrega a esta importante labor.<\/p>\n\n\n\n<p>En ese sentido, el director general de Protecci\u00f3n Civil, Antonio de Jes\u00fas Riveroll Ribb\u00f3n, explic\u00f3 que el 14 de febrero se conmemora al D\u00eda del Guardavida, debido a que el 4 de febrero en Argentina falleci\u00f3 un guardavida salvando a otra persona. Por ello, este d\u00eda es necesario hacer una reflexi\u00f3n de lo que enfrentan d\u00eda a d\u00eda todas las unidades de emergencia, pero sobre todo los guardavidas que d\u00eda con d\u00eda exponen sus vidas por las de otros.<\/p>\n\n\n\n<p>Por tal motivo, el guardavida Randy Cruz Reyes declam\u00f3 la poes\u00eda \u201cGuardavidas\u201d alusiva a las acciones que realizan diariamente en el mar, dejando en claro que su labor no la hacen por fama ni por dinero, a pesar de que nadie conoce sus nombres, asegur\u00f3 que la vida no tiene un precio, ya que, sin importar la \u00e9poca del a\u00f1o, siempre est\u00e1n dispuestos a brindar ayuda.<\/p>\n\n\n\n<p>Finalmente, los guardavidas realizaron una demostraci\u00f3n de acciones preventivas y salvamento acu\u00e1tico m\u00faltiple con moto acu\u00e1tica, que consisti\u00f3: unas personas hicieron caso omiso a los guardavidas y fueron arrastrados por una corriente de retorno. Dentro del salvamento es importante reconocer a la v\u00edctima, activar el plan de emergencia y actuar brevemente para atender a la persona que est\u00e1 en riesgo.<\/p>\n\n\n\n<hr class=\"wp-block-separator has-alpha-channel-opacity\"\/>\n","protected":false},"excerpt":{"rendered":"<p>\u201cEn este 14 de febrero en el que hoy celebramos el D\u00eda del Amor y la Amistad, nos recuerda que no hay nada m\u00e1s grande que el amor, que el amor a la vida\u201d, dijo la Presidenta Municipal, Ana Paty Peralta, en el marco del D\u00eda del Guardavida celebrado en Playa Marl\u00edn, donde se entregaron 28 reconocimientos a quienes diariamente vigilan los arenales, para seguridad de las y los ba\u00f1istas.<\/p>\n","protected":false},"author":1,"featured_media":30519,"comment_status":"open","ping_status":"closed","sticky":false,"template":"","format":"standard","meta":{"footnotes":""},"categories":[6],"tags":[145],"class_list":["post-30515","post","type-post","status-publish","format-standard","has-post-thumbnail","hentry","category-cancun","tag-ana-paty-peralta"],"yoast_head":"<!-- This site is optimized with the Yoast SEO plugin v27.1.1 - https:\/\/yoast.com\/product\/yoast-seo-wordpress\/ -->\n<title>GRACIAS POR SER LOS GUARDIANES DE LA VIDA EN CANC\u00daN: ANA PATY PERALTA - Panorama Ciudadano<\/title>\n<meta name=\"robots\" content=\"index, follow, max-snippet:-1, max-image-preview:large, max-video-preview:-1\" \/>\n<link rel=\"canonical\" href=\"https:\/\/panoramaciudadano.com\/index.php\/2026\/02\/15\/gracias-por-ser-los-guardianes-de-la-vida-en-cancun-ana-paty-peralta\/\" \/>\n<meta property=\"og:locale\" content=\"es_ES\" \/>\n<meta property=\"og:type\" content=\"article\" \/>\n<meta property=\"og:title\" content=\"GRACIAS POR SER LOS GUARDIANES DE LA VIDA EN CANC\u00daN: ANA PATY PERALTA - Panorama Ciudadano\" \/>\n<meta property=\"og:description\" content=\"\u201cEn este 14 de febrero en el que hoy celebramos el D\u00eda del Amor y la Amistad, nos recuerda que no hay nada m\u00e1s grande que el amor, que el amor a la vida\u201d, dijo la Presidenta Municipal, Ana Paty Peralta, en el marco del D\u00eda del Guardavida celebrado en Playa Marl\u00edn, donde se entregaron 28 reconocimientos a quienes diariamente vigilan los arenales, para seguridad de las y los ba\u00f1istas.\" \/>\n<meta property=\"og:url\" content=\"https:\/\/panoramaciudadano.com\/index.php\/2026\/02\/15\/gracias-por-ser-los-guardianes-de-la-vida-en-cancun-ana-paty-peralta\/\" \/>\n<meta property=\"og:site_name\" content=\"Panorama Ciudadano\" \/>\n<meta property=\"article:publisher\" content=\"https:\/\/www.facebook.com\/panoramaciudadano\" \/>\n<meta property=\"article:published_time\" content=\"2026-02-15T14:34:50+00:00\" \/>\n<meta property=\"article:modified_time\" content=\"2026-02-16T14:37:10+00:00\" \/>\n<meta property=\"og:image\" content=\"https:\/\/panoramaciudadano.com\/wp-content\/uploads\/2026\/02\/WhatsApp-Image-2026-02-15-at-10.38.45-AM.jpeg\" \/>\n\t<meta property=\"og:image:width\" content=\"2560\" \/>\n\t<meta property=\"og:image:height\" content=\"1735\" \/>\n\t<meta property=\"og:image:type\" content=\"image\/jpeg\" \/>\n<meta name=\"author\" content=\"admin\" \/>\n<meta name=\"twitter:card\" content=\"summary_large_image\" \/>\n<meta name=\"twitter:label1\" content=\"Escrito por\" \/>\n\t<meta name=\"twitter:data1\" content=\"admin\" \/>\n\t<meta name=\"twitter:label2\" content=\"Tiempo de lectura\" \/>\n\t<meta name=\"twitter:data2\" content=\"4 minutos\" \/>\n<script type=\"application\/ld+json\" class=\"yoast-schema-graph\">{\"@context\":\"https:\/\/schema.org\",\"@graph\":[{\"@type\":\"Article\",\"@id\":\"https:\/\/panoramaciudadano.com\/index.php\/2026\/02\/15\/gracias-por-ser-los-guardianes-de-la-vida-en-cancun-ana-paty-peralta\/#article\",\"isPartOf\":{\"@id\":\"https:\/\/panoramaciudadano.com\/index.php\/2026\/02\/15\/gracias-por-ser-los-guardianes-de-la-vida-en-cancun-ana-paty-peralta\/\"},\"author\":{\"name\":\"admin\",\"@id\":\"https:\/\/panoramaciudadano.com\/#\/schema\/person\/ffe9fe8ef47d3a93977b5761fd9e0d96\"},\"headline\":\"GRACIAS POR SER LOS GUARDIANES DE LA VIDA EN CANC\u00daN: ANA PATY PERALTA\",\"datePublished\":\"2026-02-15T14:34:50+00:00\",\"dateModified\":\"2026-02-16T14:37:10+00:00\",\"mainEntityOfPage\":{\"@id\":\"https:\/\/panoramaciudadano.com\/index.php\/2026\/02\/15\/gracias-por-ser-los-guardianes-de-la-vida-en-cancun-ana-paty-peralta\/\"},\"wordCount\":511,\"commentCount\":0,\"publisher\":{\"@id\":\"https:\/\/panoramaciudadano.com\/#organization\"},\"image\":{\"@id\":\"https:\/\/panoramaciudadano.com\/index.php\/2026\/02\/15\/gracias-por-ser-los-guardianes-de-la-vida-en-cancun-ana-paty-peralta\/#primaryimage\"},\"thumbnailUrl\":\"https:\/\/panoramaciudadano.com\/wp-content\/uploads\/2026\/02\/WhatsApp-Image-2026-02-15-at-10.38.45-AM.jpeg\",\"keywords\":[\"Ana Paty Peralta\"],\"articleSection\":[\"Canc\u00fan\"],\"inLanguage\":\"es\",\"potentialAction\":[{\"@type\":\"CommentAction\",\"name\":\"Comment\",\"target\":[\"https:\/\/panoramaciudadano.com\/index.php\/2026\/02\/15\/gracias-por-ser-los-guardianes-de-la-vida-en-cancun-ana-paty-peralta\/#respond\"]}]},{\"@type\":\"WebPage\",\"@id\":\"https:\/\/panoramaciudadano.com\/index.php\/2026\/02\/15\/gracias-por-ser-los-guardianes-de-la-vida-en-cancun-ana-paty-peralta\/\",\"url\":\"https:\/\/panoramaciudadano.com\/index.php\/2026\/02\/15\/gracias-por-ser-los-guardianes-de-la-vida-en-cancun-ana-paty-peralta\/\",\"name\":\"GRACIAS POR SER LOS GUARDIANES DE LA VIDA EN CANC\u00daN: ANA PATY PERALTA - Panorama Ciudadano\",\"isPartOf\":{\"@id\":\"https:\/\/panoramaciudadano.com\/#website\"},\"primaryImageOfPage\":{\"@id\":\"https:\/\/panoramaciudadano.com\/index.php\/2026\/02\/15\/gracias-por-ser-los-guardianes-de-la-vida-en-cancun-ana-paty-peralta\/#primaryimage\"},\"image\":{\"@id\":\"https:\/\/panoramaciudadano.com\/index.php\/2026\/02\/15\/gracias-por-ser-los-guardianes-de-la-vida-en-cancun-ana-paty-peralta\/#primaryimage\"},\"thumbnailUrl\":\"https:\/\/panoramaciudadano.com\/wp-content\/uploads\/2026\/02\/WhatsApp-Image-2026-02-15-at-10.38.45-AM.jpeg\",\"datePublished\":\"2026-02-15T14:34:50+00:00\",\"dateModified\":\"2026-02-16T14:37:10+00:00\",\"breadcrumb\":{\"@id\":\"https:\/\/panoramaciudadano.com\/index.php\/2026\/02\/15\/gracias-por-ser-los-guardianes-de-la-vida-en-cancun-ana-paty-peralta\/#breadcrumb\"},\"inLanguage\":\"es\",\"potentialAction\":[{\"@type\":\"ReadAction\",\"target\":[\"https:\/\/panoramaciudadano.com\/index.php\/2026\/02\/15\/gracias-por-ser-los-guardianes-de-la-vida-en-cancun-ana-paty-peralta\/\"]}]},{\"@type\":\"ImageObject\",\"inLanguage\":\"es\",\"@id\":\"https:\/\/panoramaciudadano.com\/index.php\/2026\/02\/15\/gracias-por-ser-los-guardianes-de-la-vida-en-cancun-ana-paty-peralta\/#primaryimage\",\"url\":\"https:\/\/panoramaciudadano.com\/wp-content\/uploads\/2026\/02\/WhatsApp-Image-2026-02-15-at-10.38.45-AM.jpeg\",\"contentUrl\":\"https:\/\/panoramaciudadano.com\/wp-content\/uploads\/2026\/02\/WhatsApp-Image-2026-02-15-at-10.38.45-AM.jpeg\",\"width\":2560,\"height\":1735},{\"@type\":\"BreadcrumbList\",\"@id\":\"https:\/\/panoramaciudadano.com\/index.php\/2026\/02\/15\/gracias-por-ser-los-guardianes-de-la-vida-en-cancun-ana-paty-peralta\/#breadcrumb\",\"itemListElement\":[{\"@type\":\"ListItem\",\"position\":1,\"name\":\"Portada\",\"item\":\"https:\/\/panoramaciudadano.com\/\"},{\"@type\":\"ListItem\",\"position\":2,\"name\":\"GRACIAS POR SER LOS GUARDIANES DE LA VIDA EN CANC\u00daN: ANA PATY PERALTA\"}]},{\"@type\":\"WebSite\",\"@id\":\"https:\/\/panoramaciudadano.com\/#website\",\"url\":\"https:\/\/panoramaciudadano.com\/\",\"name\":\"Panorama Ciudadano\",\"description\":\"\",\"publisher\":{\"@id\":\"https:\/\/panoramaciudadano.com\/#organization\"},\"potentialAction\":[{\"@type\":\"SearchAction\",\"target\":{\"@type\":\"EntryPoint\",\"urlTemplate\":\"https:\/\/panoramaciudadano.com\/?s={search_term_string}\"},\"query-input\":{\"@type\":\"PropertyValueSpecification\",\"valueRequired\":true,\"valueName\":\"search_term_string\"}}],\"inLanguage\":\"es\"},{\"@type\":\"Organization\",\"@id\":\"https:\/\/panoramaciudadano.com\/#organization\",\"name\":\"Panorama Ciudadano\",\"url\":\"https:\/\/panoramaciudadano.com\/\",\"logo\":{\"@type\":\"ImageObject\",\"inLanguage\":\"es\",\"@id\":\"https:\/\/panoramaciudadano.com\/#\/schema\/logo\/image\/\",\"url\":\"https:\/\/panoramaciudadano.com\/wp-content\/uploads\/2024\/05\/401498640_919267042938564_6290593609399108733_n.jpg\",\"contentUrl\":\"https:\/\/panoramaciudadano.com\/wp-content\/uploads\/2024\/05\/401498640_919267042938564_6290593609399108733_n.jpg\",\"width\":960,\"height\":957,\"caption\":\"Panorama Ciudadano\"},\"image\":{\"@id\":\"https:\/\/panoramaciudadano.com\/#\/schema\/logo\/image\/\"},\"sameAs\":[\"https:\/\/www.facebook.com\/panoramaciudadano\"]},{\"@type\":\"Person\",\"@id\":\"https:\/\/panoramaciudadano.com\/#\/schema\/person\/ffe9fe8ef47d3a93977b5761fd9e0d96\",\"name\":\"admin\",\"image\":{\"@type\":\"ImageObject\",\"inLanguage\":\"es\",\"@id\":\"https:\/\/panoramaciudadano.com\/#\/schema\/person\/image\/\",\"url\":\"https:\/\/secure.gravatar.com\/avatar\/2d5a12cacce3f18096f25fadea8abb7202fef18ed669595589853e84260ff451?s=96&d=mm&r=g\",\"contentUrl\":\"https:\/\/secure.gravatar.com\/avatar\/2d5a12cacce3f18096f25fadea8abb7202fef18ed669595589853e84260ff451?s=96&d=mm&r=g\",\"caption\":\"admin\"},\"sameAs\":[\"https:\/\/panoramaciudadano.com\"],\"url\":\"https:\/\/panoramaciudadano.com\/index.php\/author\/admin_3q6hyqq3\/\"}]}<\/script>\n<!-- \/ Yoast SEO plugin. -->","yoast_head_json":{"title":"GRACIAS POR SER LOS GUARDIANES DE LA VIDA EN CANC\u00daN: ANA PATY PERALTA - Panorama Ciudadano","robots":{"index":"index","follow":"follow","max-snippet":"max-snippet:-1","max-image-preview":"max-image-preview:large","max-video-preview":"max-video-preview:-1"},"canonical":"https:\/\/panoramaciudadano.com\/index.php\/2026\/02\/15\/gracias-por-ser-los-guardianes-de-la-vida-en-cancun-ana-paty-peralta\/","og_locale":"es_ES","og_type":"article","og_title":"GRACIAS POR SER LOS GUARDIANES DE LA VIDA EN CANC\u00daN: ANA PATY PERALTA - Panorama Ciudadano","og_description":"\u201cEn este 14 de febrero en el que hoy celebramos el D\u00eda del Amor y la Amistad, nos recuerda que no hay nada m\u00e1s grande que el amor, que el amor a la vida\u201d, dijo la Presidenta Municipal, Ana Paty Peralta, en el marco del D\u00eda del Guardavida celebrado en Playa Marl\u00edn, donde se entregaron 28 reconocimientos a quienes diariamente vigilan los arenales, para seguridad de las y los ba\u00f1istas.","og_url":"https:\/\/panoramaciudadano.com\/index.php\/2026\/02\/15\/gracias-por-ser-los-guardianes-de-la-vida-en-cancun-ana-paty-peralta\/","og_site_name":"Panorama Ciudadano","article_publisher":"https:\/\/www.facebook.com\/panoramaciudadano","article_published_time":"2026-02-15T14:34:50+00:00","article_modified_time":"2026-02-16T14:37:10+00:00","og_image":[{"width":2560,"height":1735,"url":"https:\/\/panoramaciudadano.com\/wp-content\/uploads\/2026\/02\/WhatsApp-Image-2026-02-15-at-10.38.45-AM.jpeg","type":"image\/jpeg"}],"author":"admin","twitter_card":"summary_large_image","twitter_misc":{"Escrito por":"admin","Tiempo de lectura":"4 minutos"},"schema":{"@context":"https:\/\/schema.org","@graph":[{"@type":"Article","@id":"https:\/\/panoramaciudadano.com\/index.php\/2026\/02\/15\/gracias-por-ser-los-guardianes-de-la-vida-en-cancun-ana-paty-peralta\/#article","isPartOf":{"@id":"https:\/\/panoramaciudadano.com\/index.php\/2026\/02\/15\/gracias-por-ser-los-guardianes-de-la-vida-en-cancun-ana-paty-peralta\/"},"author":{"name":"admin","@id":"https:\/\/panoramaciudadano.com\/#\/schema\/person\/ffe9fe8ef47d3a93977b5761fd9e0d96"},"headline":"GRACIAS POR SER LOS GUARDIANES DE LA VIDA EN CANC\u00daN: ANA PATY PERALTA","datePublished":"2026-02-15T14:34:50+00:00","dateModified":"2026-02-16T14:37:10+00:00","mainEntityOfPage":{"@id":"https:\/\/panoramaciudadano.com\/index.php\/2026\/02\/15\/gracias-por-ser-los-guardianes-de-la-vida-en-cancun-ana-paty-peralta\/"},"wordCount":511,"commentCount":0,"publisher":{"@id":"https:\/\/panoramaciudadano.com\/#organization"},"image":{"@id":"https:\/\/panoramaciudadano.com\/index.php\/2026\/02\/15\/gracias-por-ser-los-guardianes-de-la-vida-en-cancun-ana-paty-peralta\/#primaryimage"},"thumbnailUrl":"https:\/\/panoramaciudadano.com\/wp-content\/uploads\/2026\/02\/WhatsApp-Image-2026-02-15-at-10.38.45-AM.jpeg","keywords":["Ana Paty Peralta"],"articleSection":["Canc\u00fan"],"inLanguage":"es","potentialAction":[{"@type":"CommentAction","name":"Comment","target":["https:\/\/panoramaciudadano.com\/index.php\/2026\/02\/15\/gracias-por-ser-los-guardianes-de-la-vida-en-cancun-ana-paty-peralta\/#respond"]}]},{"@type":"WebPage","@id":"https:\/\/panoramaciudadano.com\/index.php\/2026\/02\/15\/gracias-por-ser-los-guardianes-de-la-vida-en-cancun-ana-paty-peralta\/","url":"https:\/\/panoramaciudadano.com\/index.php\/2026\/02\/15\/gracias-por-ser-los-guardianes-de-la-vida-en-cancun-ana-paty-peralta\/","name":"GRACIAS POR SER LOS GUARDIANES DE LA VIDA EN CANC\u00daN: ANA PATY PERALTA - Panorama Ciudadano","isPartOf":{"@id":"https:\/\/panoramaciudadano.com\/#website"},"primaryImageOfPage":{"@id":"https:\/\/panoramaciudadano.com\/index.php\/2026\/02\/15\/gracias-por-ser-los-guardianes-de-la-vida-en-cancun-ana-paty-peralta\/#primaryimage"},"image":{"@id":"https:\/\/panoramaciudadano.com\/index.php\/2026\/02\/15\/gracias-por-ser-los-guardianes-de-la-vida-en-cancun-ana-paty-peralta\/#primaryimage"},"thumbnailUrl":"https:\/\/panoramaciudadano.com\/wp-content\/uploads\/2026\/02\/WhatsApp-Image-2026-02-15-at-10.38.45-AM.jpeg","datePublished":"2026-02-15T14:34:50+00:00","dateModified":"2026-02-16T14:37:10+00:00","breadcrumb":{"@id":"https:\/\/panoramaciudadano.com\/index.php\/2026\/02\/15\/gracias-por-ser-los-guardianes-de-la-vida-en-cancun-ana-paty-peralta\/#breadcrumb"},"inLanguage":"es","potentialAction":[{"@type":"ReadAction","target":["https:\/\/panoramaciudadano.com\/index.php\/2026\/02\/15\/gracias-por-ser-los-guardianes-de-la-vida-en-cancun-ana-paty-peralta\/"]}]},{"@type":"ImageObject","inLanguage":"es","@id":"https:\/\/panoramaciudadano.com\/index.php\/2026\/02\/15\/gracias-por-ser-los-guardianes-de-la-vida-en-cancun-ana-paty-peralta\/#primaryimage","url":"https:\/\/panoramaciudadano.com\/wp-content\/uploads\/2026\/02\/WhatsApp-Image-2026-02-15-at-10.38.45-AM.jpeg","contentUrl":"https:\/\/panoramaciudadano.com\/wp-content\/uploads\/2026\/02\/WhatsApp-Image-2026-02-15-at-10.38.45-AM.jpeg","width":2560,"height":1735},{"@type":"BreadcrumbList","@id":"https:\/\/panoramaciudadano.com\/index.php\/2026\/02\/15\/gracias-por-ser-los-guardianes-de-la-vida-en-cancun-ana-paty-peralta\/#breadcrumb","itemListElement":[{"@type":"ListItem","position":1,"name":"Portada","item":"https:\/\/panoramaciudadano.com\/"},{"@type":"ListItem","position":2,"name":"GRACIAS POR SER LOS GUARDIANES DE LA VIDA EN CANC\u00daN: ANA PATY PERALTA"}]},{"@type":"WebSite","@id":"https:\/\/panoramaciudadano.com\/#website","url":"https:\/\/panoramaciudadano.com\/","name":"Panorama Ciudadano","description":"","publisher":{"@id":"https:\/\/panoramaciudadano.com\/#organization"},"potentialAction":[{"@type":"SearchAction","target":{"@type":"EntryPoint","urlTemplate":"https:\/\/panoramaciudadano.com\/?s={search_term_string}"},"query-input":{"@type":"PropertyValueSpecification","valueRequired":true,"valueName":"search_term_string"}}],"inLanguage":"es"},{"@type":"Organization","@id":"https:\/\/panoramaciudadano.com\/#organization","name":"Panorama Ciudadano","url":"https:\/\/panoramaciudadano.com\/","logo":{"@type":"ImageObject","inLanguage":"es","@id":"https:\/\/panoramaciudadano.com\/#\/schema\/logo\/image\/","url":"https:\/\/panoramaciudadano.com\/wp-content\/uploads\/2024\/05\/401498640_919267042938564_6290593609399108733_n.jpg","contentUrl":"https:\/\/panoramaciudadano.com\/wp-content\/uploads\/2024\/05\/401498640_919267042938564_6290593609399108733_n.jpg","width":960,"height":957,"caption":"Panorama Ciudadano"},"image":{"@id":"https:\/\/panoramaciudadano.com\/#\/schema\/logo\/image\/"},"sameAs":["https:\/\/www.facebook.com\/panoramaciudadano"]},{"@type":"Person","@id":"https:\/\/panoramaciudadano.com\/#\/schema\/person\/ffe9fe8ef47d3a93977b5761fd9e0d96","name":"admin","image":{"@type":"ImageObject","inLanguage":"es","@id":"https:\/\/panoramaciudadano.com\/#\/schema\/person\/image\/","url":"https:\/\/secure.gravatar.com\/avatar\/2d5a12cacce3f18096f25fadea8abb7202fef18ed669595589853e84260ff451?s=96&d=mm&r=g","contentUrl":"https:\/\/secure.gravatar.com\/avatar\/2d5a12cacce3f18096f25fadea8abb7202fef18ed669595589853e84260ff451?s=96&d=mm&r=g","caption":"admin"},"sameAs":["https:\/\/panoramaciudadano.com"],"url":"https:\/\/panoramaciudadano.com\/index.php\/author\/admin_3q6hyqq3\/"}]}},"_links":{"self":[{"href":"https:\/\/panoramaciudadano.com\/index.php\/wp-json\/wp\/v2\/posts\/30515","targetHints":{"allow":["GET"]}}],"collection":[{"href":"https:\/\/panoramaciudadano.com\/index.php\/wp-json\/wp\/v2\/posts"}],"about":[{"href":"https:\/\/panoramaciudadano.com\/index.php\/wp-json\/wp\/v2\/types\/post"}],"author":[{"embeddable":true,"href":"https:\/\/panoramaciudadano.com\/index.php\/wp-json\/wp\/v2\/users\/1"}],"replies":[{"embeddable":true,"href":"https:\/\/panoramaciudadano.com\/index.php\/wp-json\/wp\/v2\/comments?post=30515"}],"version-history":[{"count":1,"href":"https:\/\/panoramaciudadano.com\/index.php\/wp-json\/wp\/v2\/posts\/30515\/revisions"}],"predecessor-version":[{"id":30522,"href":"https:\/\/panoramaciudadano.com\/index.php\/wp-json\/wp\/v2\/posts\/30515\/revisions\/30522"}],"wp:featuredmedia":[{"embeddable":true,"href":"https:\/\/panoramaciudadano.com\/index.php\/wp-json\/wp\/v2\/media\/30519"}],"wp:attachment":[{"href":"https:\/\/panoramaciudadano.com\/index.php\/wp-json\/wp\/v2\/media?parent=30515"}],"wp:term":[{"taxonomy":"category","embeddable":true,"href":"https:\/\/panoramaciudadano.com\/index.php\/wp-json\/wp\/v2\/categories?post=30515"},{"taxonomy":"post_tag","embeddable":true,"href":"https:\/\/panoramaciudadano.com\/index.php\/wp-json\/wp\/v2\/tags?post=30515"}],"curies":[{"name":"wp","href":"https:\/\/api.w.org\/{rel}","templated":true}]}}