{"id":30523,"date":"2026-02-15T09:37:10","date_gmt":"2026-02-15T14:37:10","guid":{"rendered":"https:\/\/panoramaciudadano.com\/?p=30523"},"modified":"2026-02-16T09:39:20","modified_gmt":"2026-02-16T14:39:20","slug":"cancun-vive-una-noche-llena-de-musica-en-el-carnaval-2026","status":"publish","type":"post","link":"https:\/\/panoramaciudadano.com\/index.php\/2026\/02\/15\/cancun-vive-una-noche-llena-de-musica-en-el-carnaval-2026\/","title":{"rendered":"CANC\u00daN VIVE UNA NOCHE LLENA DE M\u00daSICA EN EL CARNAVAL 2026"},"content":{"rendered":"\n<figure class=\"wp-block-gallery has-nested-images columns-default is-cropped wp-block-gallery-1 is-layout-flex wp-block-gallery-is-layout-flex\">\n<figure class=\"wp-block-image size-large\"><img decoding=\"async\" width=\"1024\" height=\"768\" data-id=\"30525\" src=\"https:\/\/panoramaciudadano.com\/wp-content\/uploads\/2026\/02\/WhatsApp-Image-2026-02-15-at-10.42.55-AM-1-1024x768.jpeg\" alt=\"\" class=\"wp-image-30525\" srcset=\"https:\/\/panoramaciudadano.com\/wp-content\/uploads\/2026\/02\/WhatsApp-Image-2026-02-15-at-10.42.55-AM-1-1024x768.jpeg 1024w, https:\/\/panoramaciudadano.com\/wp-content\/uploads\/2026\/02\/WhatsApp-Image-2026-02-15-at-10.42.55-AM-1-300x225.jpeg 300w, https:\/\/panoramaciudadano.com\/wp-content\/uploads\/2026\/02\/WhatsApp-Image-2026-02-15-at-10.42.55-AM-1-768x576.jpeg 768w, https:\/\/panoramaciudadano.com\/wp-content\/uploads\/2026\/02\/WhatsApp-Image-2026-02-15-at-10.42.55-AM-1.jpeg 1280w\" sizes=\"(max-width: 1024px) 100vw, 1024px\" \/><\/figure>\n\n\n\n<figure class=\"wp-block-image size-large\"><img decoding=\"async\" width=\"1024\" height=\"687\" data-id=\"30524\" src=\"https:\/\/panoramaciudadano.com\/wp-content\/uploads\/2026\/02\/WhatsApp-Image-2026-02-15-at-10.42.55-AM-2-1024x687.jpeg\" alt=\"\" class=\"wp-image-30524\" srcset=\"https:\/\/panoramaciudadano.com\/wp-content\/uploads\/2026\/02\/WhatsApp-Image-2026-02-15-at-10.42.55-AM-2-1024x687.jpeg 1024w, https:\/\/panoramaciudadano.com\/wp-content\/uploads\/2026\/02\/WhatsApp-Image-2026-02-15-at-10.42.55-AM-2-300x201.jpeg 300w, https:\/\/panoramaciudadano.com\/wp-content\/uploads\/2026\/02\/WhatsApp-Image-2026-02-15-at-10.42.55-AM-2-768x515.jpeg 768w, https:\/\/panoramaciudadano.com\/wp-content\/uploads\/2026\/02\/WhatsApp-Image-2026-02-15-at-10.42.55-AM-2.jpeg 1280w\" sizes=\"(max-width: 1024px) 100vw, 1024px\" \/><\/figure>\n\n\n\n<figure class=\"wp-block-image size-large\"><img decoding=\"async\" width=\"1024\" height=\"800\" data-id=\"30526\" src=\"https:\/\/panoramaciudadano.com\/wp-content\/uploads\/2026\/02\/WhatsApp-Image-2026-02-15-at-10.42.55-AM-1024x800.jpeg\" alt=\"\" class=\"wp-image-30526\" srcset=\"https:\/\/panoramaciudadano.com\/wp-content\/uploads\/2026\/02\/WhatsApp-Image-2026-02-15-at-10.42.55-AM-1024x800.jpeg 1024w, https:\/\/panoramaciudadano.com\/wp-content\/uploads\/2026\/02\/WhatsApp-Image-2026-02-15-at-10.42.55-AM-300x234.jpeg 300w, https:\/\/panoramaciudadano.com\/wp-content\/uploads\/2026\/02\/WhatsApp-Image-2026-02-15-at-10.42.55-AM-768x600.jpeg 768w, https:\/\/panoramaciudadano.com\/wp-content\/uploads\/2026\/02\/WhatsApp-Image-2026-02-15-at-10.42.55-AM.jpeg 1280w\" sizes=\"(max-width: 1024px) 100vw, 1024px\" \/><\/figure>\n\n\n\n<figure class=\"wp-block-image size-large\"><img decoding=\"async\" width=\"1024\" height=\"734\" data-id=\"30527\" src=\"https:\/\/panoramaciudadano.com\/wp-content\/uploads\/2026\/02\/WhatsApp-Image-2026-02-15-at-10.42.56-AM-1024x734.jpeg\" alt=\"\" class=\"wp-image-30527\" srcset=\"https:\/\/panoramaciudadano.com\/wp-content\/uploads\/2026\/02\/WhatsApp-Image-2026-02-15-at-10.42.56-AM-1024x734.jpeg 1024w, https:\/\/panoramaciudadano.com\/wp-content\/uploads\/2026\/02\/WhatsApp-Image-2026-02-15-at-10.42.56-AM-300x215.jpeg 300w, https:\/\/panoramaciudadano.com\/wp-content\/uploads\/2026\/02\/WhatsApp-Image-2026-02-15-at-10.42.56-AM-768x551.jpeg 768w, https:\/\/panoramaciudadano.com\/wp-content\/uploads\/2026\/02\/WhatsApp-Image-2026-02-15-at-10.42.56-AM.jpeg 1280w\" sizes=\"(max-width: 1024px) 100vw, 1024px\" \/><\/figure>\n<\/figure>\n\n\n\n<p>Despu\u00e9s del exitoso desfile que llen\u00f3 de alegr\u00eda las calles de Canc\u00fan, miles de familias se trasladaron al Malec\u00f3n Tajamar para seguir celebrando el tercer d\u00eda del \u201cCarnaval Canc\u00fan 2026\u201d y disfrutar de amplia oferta gastron\u00f3mica, espacios para artesanos y emprendedores, una feria con atractivos para todas las edades y la presentaci\u00f3n de cinco grupos emergentes que animaron la noche con su m\u00fasica.<\/p>\n\n\n\n<p>La noche arranc\u00f3 con la energ\u00eda del cantante juvenil Joel HLJ, quien abri\u00f3 el escenario con un amplio setlist de g\u00e9nero urbano. Posteriormente la frescura de la cantante Keira Ju\u00e1rez, cautiv\u00f3 al p\u00fablico con un repertorio pop y toques retro, interpretando \u00e9xitos como Rosa Pastel, Lo Mismo de Siempre, B\u00e1ilalo, Az\u00facar Amargo, Dueles, entre otros, logrando una gran ovaci\u00f3n en el lugar.<\/p>\n\n\n\n<p>Seguidamente, Julio Bar\u00f3 conquist\u00f3 el recinto con la sensibilidad que lo caracteriza, regalando canciones dedicadas al amor y a la vida como Enamorado de Ella, Enamorado de la Luna, Todo Eres T\u00fa y Un Mundo Contigo, momento en el que las parejas no dudaron en abrazarse y corear cada verso, creando un ambiente rom\u00e1ntico bajo el cielo cancunense.<\/p>\n\n\n\n<p>M\u00e1s tarde, la banda mexicana de reggae originaria de Canc\u00fan, Corpusklan, elev\u00f3 la vibra con su estilo caribe\u00f1o al ritmo de \u00e9xitos como Locura Especial, Regala una Sonrisa, Pasos Correctos, Resplandecer, por mencionar algunos temas, mientras el p\u00fablico saltaba y segu\u00eda el comp\u00e1s con palmas al aire.<\/p>\n\n\n\n<p>Para cerrar la velada, Emerald Band tom\u00f3 el escenario y convirti\u00f3 el lugar en una aut\u00e9ntica fiesta colectiva, haciendo cantar y bailar a las y los asistentes hasta el \u00faltimo acorde, en una noche donde la m\u00fasica, la emoci\u00f3n y la convivencia familiar fueron los verdaderos protagonistas.<\/p>\n\n\n\n<hr class=\"wp-block-separator has-alpha-channel-opacity\"\/>\n","protected":false},"excerpt":{"rendered":"<p>En el tercer d\u00eda Malecon Tajamar cont\u00f3 con 5 grandes presentaciones.<\/p>\n","protected":false},"author":1,"featured_media":30526,"comment_status":"open","ping_status":"closed","sticky":false,"template":"","format":"standard","meta":{"footnotes":""},"categories":[6],"tags":[145],"class_list":["post-30523","post","type-post","status-publish","format-standard","has-post-thumbnail","hentry","category-cancun","tag-ana-paty-peralta"],"yoast_head":"<!-- This site is optimized with the Yoast SEO plugin v27.1.1 - https:\/\/yoast.com\/product\/yoast-seo-wordpress\/ -->\n<title>CANC\u00daN VIVE UNA NOCHE LLENA DE M\u00daSICA EN EL CARNAVAL 2026 - Panorama Ciudadano<\/title>\n<meta name=\"robots\" content=\"index, follow, max-snippet:-1, max-image-preview:large, max-video-preview:-1\" \/>\n<link rel=\"canonical\" href=\"https:\/\/panoramaciudadano.com\/index.php\/2026\/02\/15\/cancun-vive-una-noche-llena-de-musica-en-el-carnaval-2026\/\" \/>\n<meta property=\"og:locale\" content=\"es_ES\" \/>\n<meta property=\"og:type\" content=\"article\" \/>\n<meta property=\"og:title\" content=\"CANC\u00daN VIVE UNA NOCHE LLENA DE M\u00daSICA EN EL CARNAVAL 2026 - Panorama Ciudadano\" \/>\n<meta property=\"og:description\" content=\"En el tercer d\u00eda Malecon Tajamar cont\u00f3 con 5 grandes presentaciones.\" \/>\n<meta property=\"og:url\" content=\"https:\/\/panoramaciudadano.com\/index.php\/2026\/02\/15\/cancun-vive-una-noche-llena-de-musica-en-el-carnaval-2026\/\" \/>\n<meta property=\"og:site_name\" content=\"Panorama Ciudadano\" \/>\n<meta property=\"article:publisher\" content=\"https:\/\/www.facebook.com\/panoramaciudadano\" \/>\n<meta property=\"article:published_time\" content=\"2026-02-15T14:37:10+00:00\" \/>\n<meta property=\"article:modified_time\" content=\"2026-02-16T14:39:20+00:00\" \/>\n<meta property=\"og:image\" content=\"https:\/\/panoramaciudadano.com\/wp-content\/uploads\/2026\/02\/WhatsApp-Image-2026-02-15-at-10.42.55-AM.jpeg\" \/>\n\t<meta property=\"og:image:width\" content=\"1280\" \/>\n\t<meta property=\"og:image:height\" content=\"1000\" \/>\n\t<meta property=\"og:image:type\" content=\"image\/jpeg\" \/>\n<meta name=\"author\" content=\"admin\" \/>\n<meta name=\"twitter:card\" content=\"summary_large_image\" \/>\n<meta name=\"twitter:label1\" content=\"Escrito por\" \/>\n\t<meta name=\"twitter:data1\" content=\"admin\" \/>\n\t<meta name=\"twitter:label2\" content=\"Tiempo de lectura\" \/>\n\t<meta name=\"twitter:data2\" content=\"3 minutos\" \/>\n<script type=\"application\/ld+json\" class=\"yoast-schema-graph\">{\"@context\":\"https:\/\/schema.org\",\"@graph\":[{\"@type\":\"Article\",\"@id\":\"https:\/\/panoramaciudadano.com\/index.php\/2026\/02\/15\/cancun-vive-una-noche-llena-de-musica-en-el-carnaval-2026\/#article\",\"isPartOf\":{\"@id\":\"https:\/\/panoramaciudadano.com\/index.php\/2026\/02\/15\/cancun-vive-una-noche-llena-de-musica-en-el-carnaval-2026\/\"},\"author\":{\"name\":\"admin\",\"@id\":\"https:\/\/panoramaciudadano.com\/#\/schema\/person\/ffe9fe8ef47d3a93977b5761fd9e0d96\"},\"headline\":\"CANC\u00daN VIVE UNA NOCHE LLENA DE M\u00daSICA EN EL CARNAVAL 2026\",\"datePublished\":\"2026-02-15T14:37:10+00:00\",\"dateModified\":\"2026-02-16T14:39:20+00:00\",\"mainEntityOfPage\":{\"@id\":\"https:\/\/panoramaciudadano.com\/index.php\/2026\/02\/15\/cancun-vive-una-noche-llena-de-musica-en-el-carnaval-2026\/\"},\"wordCount\":314,\"commentCount\":0,\"publisher\":{\"@id\":\"https:\/\/panoramaciudadano.com\/#organization\"},\"image\":{\"@id\":\"https:\/\/panoramaciudadano.com\/index.php\/2026\/02\/15\/cancun-vive-una-noche-llena-de-musica-en-el-carnaval-2026\/#primaryimage\"},\"thumbnailUrl\":\"https:\/\/panoramaciudadano.com\/wp-content\/uploads\/2026\/02\/WhatsApp-Image-2026-02-15-at-10.42.55-AM.jpeg\",\"keywords\":[\"Ana Paty Peralta\"],\"articleSection\":[\"Canc\u00fan\"],\"inLanguage\":\"es\",\"potentialAction\":[{\"@type\":\"CommentAction\",\"name\":\"Comment\",\"target\":[\"https:\/\/panoramaciudadano.com\/index.php\/2026\/02\/15\/cancun-vive-una-noche-llena-de-musica-en-el-carnaval-2026\/#respond\"]}]},{\"@type\":\"WebPage\",\"@id\":\"https:\/\/panoramaciudadano.com\/index.php\/2026\/02\/15\/cancun-vive-una-noche-llena-de-musica-en-el-carnaval-2026\/\",\"url\":\"https:\/\/panoramaciudadano.com\/index.php\/2026\/02\/15\/cancun-vive-una-noche-llena-de-musica-en-el-carnaval-2026\/\",\"name\":\"CANC\u00daN VIVE UNA NOCHE LLENA DE M\u00daSICA EN EL CARNAVAL 2026 - Panorama Ciudadano\",\"isPartOf\":{\"@id\":\"https:\/\/panoramaciudadano.com\/#website\"},\"primaryImageOfPage\":{\"@id\":\"https:\/\/panoramaciudadano.com\/index.php\/2026\/02\/15\/cancun-vive-una-noche-llena-de-musica-en-el-carnaval-2026\/#primaryimage\"},\"image\":{\"@id\":\"https:\/\/panoramaciudadano.com\/index.php\/2026\/02\/15\/cancun-vive-una-noche-llena-de-musica-en-el-carnaval-2026\/#primaryimage\"},\"thumbnailUrl\":\"https:\/\/panoramaciudadano.com\/wp-content\/uploads\/2026\/02\/WhatsApp-Image-2026-02-15-at-10.42.55-AM.jpeg\",\"datePublished\":\"2026-02-15T14:37:10+00:00\",\"dateModified\":\"2026-02-16T14:39:20+00:00\",\"breadcrumb\":{\"@id\":\"https:\/\/panoramaciudadano.com\/index.php\/2026\/02\/15\/cancun-vive-una-noche-llena-de-musica-en-el-carnaval-2026\/#breadcrumb\"},\"inLanguage\":\"es\",\"potentialAction\":[{\"@type\":\"ReadAction\",\"target\":[\"https:\/\/panoramaciudadano.com\/index.php\/2026\/02\/15\/cancun-vive-una-noche-llena-de-musica-en-el-carnaval-2026\/\"]}]},{\"@type\":\"ImageObject\",\"inLanguage\":\"es\",\"@id\":\"https:\/\/panoramaciudadano.com\/index.php\/2026\/02\/15\/cancun-vive-una-noche-llena-de-musica-en-el-carnaval-2026\/#primaryimage\",\"url\":\"https:\/\/panoramaciudadano.com\/wp-content\/uploads\/2026\/02\/WhatsApp-Image-2026-02-15-at-10.42.55-AM.jpeg\",\"contentUrl\":\"https:\/\/panoramaciudadano.com\/wp-content\/uploads\/2026\/02\/WhatsApp-Image-2026-02-15-at-10.42.55-AM.jpeg\",\"width\":1280,\"height\":1000},{\"@type\":\"BreadcrumbList\",\"@id\":\"https:\/\/panoramaciudadano.com\/index.php\/2026\/02\/15\/cancun-vive-una-noche-llena-de-musica-en-el-carnaval-2026\/#breadcrumb\",\"itemListElement\":[{\"@type\":\"ListItem\",\"position\":1,\"name\":\"Portada\",\"item\":\"https:\/\/panoramaciudadano.com\/\"},{\"@type\":\"ListItem\",\"position\":2,\"name\":\"CANC\u00daN VIVE UNA NOCHE LLENA DE M\u00daSICA EN EL CARNAVAL 2026\"}]},{\"@type\":\"WebSite\",\"@id\":\"https:\/\/panoramaciudadano.com\/#website\",\"url\":\"https:\/\/panoramaciudadano.com\/\",\"name\":\"Panorama Ciudadano\",\"description\":\"\",\"publisher\":{\"@id\":\"https:\/\/panoramaciudadano.com\/#organization\"},\"potentialAction\":[{\"@type\":\"SearchAction\",\"target\":{\"@type\":\"EntryPoint\",\"urlTemplate\":\"https:\/\/panoramaciudadano.com\/?s={search_term_string}\"},\"query-input\":{\"@type\":\"PropertyValueSpecification\",\"valueRequired\":true,\"valueName\":\"search_term_string\"}}],\"inLanguage\":\"es\"},{\"@type\":\"Organization\",\"@id\":\"https:\/\/panoramaciudadano.com\/#organization\",\"name\":\"Panorama Ciudadano\",\"url\":\"https:\/\/panoramaciudadano.com\/\",\"logo\":{\"@type\":\"ImageObject\",\"inLanguage\":\"es\",\"@id\":\"https:\/\/panoramaciudadano.com\/#\/schema\/logo\/image\/\",\"url\":\"https:\/\/panoramaciudadano.com\/wp-content\/uploads\/2024\/05\/401498640_919267042938564_6290593609399108733_n.jpg\",\"contentUrl\":\"https:\/\/panoramaciudadano.com\/wp-content\/uploads\/2024\/05\/401498640_919267042938564_6290593609399108733_n.jpg\",\"width\":960,\"height\":957,\"caption\":\"Panorama Ciudadano\"},\"image\":{\"@id\":\"https:\/\/panoramaciudadano.com\/#\/schema\/logo\/image\/\"},\"sameAs\":[\"https:\/\/www.facebook.com\/panoramaciudadano\"]},{\"@type\":\"Person\",\"@id\":\"https:\/\/panoramaciudadano.com\/#\/schema\/person\/ffe9fe8ef47d3a93977b5761fd9e0d96\",\"name\":\"admin\",\"image\":{\"@type\":\"ImageObject\",\"inLanguage\":\"es\",\"@id\":\"https:\/\/panoramaciudadano.com\/#\/schema\/person\/image\/\",\"url\":\"https:\/\/secure.gravatar.com\/avatar\/2d5a12cacce3f18096f25fadea8abb7202fef18ed669595589853e84260ff451?s=96&d=mm&r=g\",\"contentUrl\":\"https:\/\/secure.gravatar.com\/avatar\/2d5a12cacce3f18096f25fadea8abb7202fef18ed669595589853e84260ff451?s=96&d=mm&r=g\",\"caption\":\"admin\"},\"sameAs\":[\"https:\/\/panoramaciudadano.com\"],\"url\":\"https:\/\/panoramaciudadano.com\/index.php\/author\/admin_3q6hyqq3\/\"}]}<\/script>\n<!-- \/ Yoast SEO plugin. -->","yoast_head_json":{"title":"CANC\u00daN VIVE UNA NOCHE LLENA DE M\u00daSICA EN EL CARNAVAL 2026 - Panorama Ciudadano","robots":{"index":"index","follow":"follow","max-snippet":"max-snippet:-1","max-image-preview":"max-image-preview:large","max-video-preview":"max-video-preview:-1"},"canonical":"https:\/\/panoramaciudadano.com\/index.php\/2026\/02\/15\/cancun-vive-una-noche-llena-de-musica-en-el-carnaval-2026\/","og_locale":"es_ES","og_type":"article","og_title":"CANC\u00daN VIVE UNA NOCHE LLENA DE M\u00daSICA EN EL CARNAVAL 2026 - Panorama Ciudadano","og_description":"En el tercer d\u00eda Malecon Tajamar cont\u00f3 con 5 grandes presentaciones.","og_url":"https:\/\/panoramaciudadano.com\/index.php\/2026\/02\/15\/cancun-vive-una-noche-llena-de-musica-en-el-carnaval-2026\/","og_site_name":"Panorama Ciudadano","article_publisher":"https:\/\/www.facebook.com\/panoramaciudadano","article_published_time":"2026-02-15T14:37:10+00:00","article_modified_time":"2026-02-16T14:39:20+00:00","og_image":[{"width":1280,"height":1000,"url":"https:\/\/panoramaciudadano.com\/wp-content\/uploads\/2026\/02\/WhatsApp-Image-2026-02-15-at-10.42.55-AM.jpeg","type":"image\/jpeg"}],"author":"admin","twitter_card":"summary_large_image","twitter_misc":{"Escrito por":"admin","Tiempo de lectura":"3 minutos"},"schema":{"@context":"https:\/\/schema.org","@graph":[{"@type":"Article","@id":"https:\/\/panoramaciudadano.com\/index.php\/2026\/02\/15\/cancun-vive-una-noche-llena-de-musica-en-el-carnaval-2026\/#article","isPartOf":{"@id":"https:\/\/panoramaciudadano.com\/index.php\/2026\/02\/15\/cancun-vive-una-noche-llena-de-musica-en-el-carnaval-2026\/"},"author":{"name":"admin","@id":"https:\/\/panoramaciudadano.com\/#\/schema\/person\/ffe9fe8ef47d3a93977b5761fd9e0d96"},"headline":"CANC\u00daN VIVE UNA NOCHE LLENA DE M\u00daSICA EN EL CARNAVAL 2026","datePublished":"2026-02-15T14:37:10+00:00","dateModified":"2026-02-16T14:39:20+00:00","mainEntityOfPage":{"@id":"https:\/\/panoramaciudadano.com\/index.php\/2026\/02\/15\/cancun-vive-una-noche-llena-de-musica-en-el-carnaval-2026\/"},"wordCount":314,"commentCount":0,"publisher":{"@id":"https:\/\/panoramaciudadano.com\/#organization"},"image":{"@id":"https:\/\/panoramaciudadano.com\/index.php\/2026\/02\/15\/cancun-vive-una-noche-llena-de-musica-en-el-carnaval-2026\/#primaryimage"},"thumbnailUrl":"https:\/\/panoramaciudadano.com\/wp-content\/uploads\/2026\/02\/WhatsApp-Image-2026-02-15-at-10.42.55-AM.jpeg","keywords":["Ana Paty Peralta"],"articleSection":["Canc\u00fan"],"inLanguage":"es","potentialAction":[{"@type":"CommentAction","name":"Comment","target":["https:\/\/panoramaciudadano.com\/index.php\/2026\/02\/15\/cancun-vive-una-noche-llena-de-musica-en-el-carnaval-2026\/#respond"]}]},{"@type":"WebPage","@id":"https:\/\/panoramaciudadano.com\/index.php\/2026\/02\/15\/cancun-vive-una-noche-llena-de-musica-en-el-carnaval-2026\/","url":"https:\/\/panoramaciudadano.com\/index.php\/2026\/02\/15\/cancun-vive-una-noche-llena-de-musica-en-el-carnaval-2026\/","name":"CANC\u00daN VIVE UNA NOCHE LLENA DE M\u00daSICA EN EL CARNAVAL 2026 - Panorama Ciudadano","isPartOf":{"@id":"https:\/\/panoramaciudadano.com\/#website"},"primaryImageOfPage":{"@id":"https:\/\/panoramaciudadano.com\/index.php\/2026\/02\/15\/cancun-vive-una-noche-llena-de-musica-en-el-carnaval-2026\/#primaryimage"},"image":{"@id":"https:\/\/panoramaciudadano.com\/index.php\/2026\/02\/15\/cancun-vive-una-noche-llena-de-musica-en-el-carnaval-2026\/#primaryimage"},"thumbnailUrl":"https:\/\/panoramaciudadano.com\/wp-content\/uploads\/2026\/02\/WhatsApp-Image-2026-02-15-at-10.42.55-AM.jpeg","datePublished":"2026-02-15T14:37:10+00:00","dateModified":"2026-02-16T14:39:20+00:00","breadcrumb":{"@id":"https:\/\/panoramaciudadano.com\/index.php\/2026\/02\/15\/cancun-vive-una-noche-llena-de-musica-en-el-carnaval-2026\/#breadcrumb"},"inLanguage":"es","potentialAction":[{"@type":"ReadAction","target":["https:\/\/panoramaciudadano.com\/index.php\/2026\/02\/15\/cancun-vive-una-noche-llena-de-musica-en-el-carnaval-2026\/"]}]},{"@type":"ImageObject","inLanguage":"es","@id":"https:\/\/panoramaciudadano.com\/index.php\/2026\/02\/15\/cancun-vive-una-noche-llena-de-musica-en-el-carnaval-2026\/#primaryimage","url":"https:\/\/panoramaciudadano.com\/wp-content\/uploads\/2026\/02\/WhatsApp-Image-2026-02-15-at-10.42.55-AM.jpeg","contentUrl":"https:\/\/panoramaciudadano.com\/wp-content\/uploads\/2026\/02\/WhatsApp-Image-2026-02-15-at-10.42.55-AM.jpeg","width":1280,"height":1000},{"@type":"BreadcrumbList","@id":"https:\/\/panoramaciudadano.com\/index.php\/2026\/02\/15\/cancun-vive-una-noche-llena-de-musica-en-el-carnaval-2026\/#breadcrumb","itemListElement":[{"@type":"ListItem","position":1,"name":"Portada","item":"https:\/\/panoramaciudadano.com\/"},{"@type":"ListItem","position":2,"name":"CANC\u00daN VIVE UNA NOCHE LLENA DE M\u00daSICA EN EL CARNAVAL 2026"}]},{"@type":"WebSite","@id":"https:\/\/panoramaciudadano.com\/#website","url":"https:\/\/panoramaciudadano.com\/","name":"Panorama Ciudadano","description":"","publisher":{"@id":"https:\/\/panoramaciudadano.com\/#organization"},"potentialAction":[{"@type":"SearchAction","target":{"@type":"EntryPoint","urlTemplate":"https:\/\/panoramaciudadano.com\/?s={search_term_string}"},"query-input":{"@type":"PropertyValueSpecification","valueRequired":true,"valueName":"search_term_string"}}],"inLanguage":"es"},{"@type":"Organization","@id":"https:\/\/panoramaciudadano.com\/#organization","name":"Panorama Ciudadano","url":"https:\/\/panoramaciudadano.com\/","logo":{"@type":"ImageObject","inLanguage":"es","@id":"https:\/\/panoramaciudadano.com\/#\/schema\/logo\/image\/","url":"https:\/\/panoramaciudadano.com\/wp-content\/uploads\/2024\/05\/401498640_919267042938564_6290593609399108733_n.jpg","contentUrl":"https:\/\/panoramaciudadano.com\/wp-content\/uploads\/2024\/05\/401498640_919267042938564_6290593609399108733_n.jpg","width":960,"height":957,"caption":"Panorama Ciudadano"},"image":{"@id":"https:\/\/panoramaciudadano.com\/#\/schema\/logo\/image\/"},"sameAs":["https:\/\/www.facebook.com\/panoramaciudadano"]},{"@type":"Person","@id":"https:\/\/panoramaciudadano.com\/#\/schema\/person\/ffe9fe8ef47d3a93977b5761fd9e0d96","name":"admin","image":{"@type":"ImageObject","inLanguage":"es","@id":"https:\/\/panoramaciudadano.com\/#\/schema\/person\/image\/","url":"https:\/\/secure.gravatar.com\/avatar\/2d5a12cacce3f18096f25fadea8abb7202fef18ed669595589853e84260ff451?s=96&d=mm&r=g","contentUrl":"https:\/\/secure.gravatar.com\/avatar\/2d5a12cacce3f18096f25fadea8abb7202fef18ed669595589853e84260ff451?s=96&d=mm&r=g","caption":"admin"},"sameAs":["https:\/\/panoramaciudadano.com"],"url":"https:\/\/panoramaciudadano.com\/index.php\/author\/admin_3q6hyqq3\/"}]}},"_links":{"self":[{"href":"https:\/\/panoramaciudadano.com\/index.php\/wp-json\/wp\/v2\/posts\/30523","targetHints":{"allow":["GET"]}}],"collection":[{"href":"https:\/\/panoramaciudadano.com\/index.php\/wp-json\/wp\/v2\/posts"}],"about":[{"href":"https:\/\/panoramaciudadano.com\/index.php\/wp-json\/wp\/v2\/types\/post"}],"author":[{"embeddable":true,"href":"https:\/\/panoramaciudadano.com\/index.php\/wp-json\/wp\/v2\/users\/1"}],"replies":[{"embeddable":true,"href":"https:\/\/panoramaciudadano.com\/index.php\/wp-json\/wp\/v2\/comments?post=30523"}],"version-history":[{"count":1,"href":"https:\/\/panoramaciudadano.com\/index.php\/wp-json\/wp\/v2\/posts\/30523\/revisions"}],"predecessor-version":[{"id":30528,"href":"https:\/\/panoramaciudadano.com\/index.php\/wp-json\/wp\/v2\/posts\/30523\/revisions\/30528"}],"wp:featuredmedia":[{"embeddable":true,"href":"https:\/\/panoramaciudadano.com\/index.php\/wp-json\/wp\/v2\/media\/30526"}],"wp:attachment":[{"href":"https:\/\/panoramaciudadano.com\/index.php\/wp-json\/wp\/v2\/media?parent=30523"}],"wp:term":[{"taxonomy":"category","embeddable":true,"href":"https:\/\/panoramaciudadano.com\/index.php\/wp-json\/wp\/v2\/categories?post=30523"},{"taxonomy":"post_tag","embeddable":true,"href":"https:\/\/panoramaciudadano.com\/index.php\/wp-json\/wp\/v2\/tags?post=30523"}],"curies":[{"name":"wp","href":"https:\/\/api.w.org\/{rel}","templated":true}]}}