{"id":30529,"date":"2026-02-15T09:39:12","date_gmt":"2026-02-15T14:39:12","guid":{"rendered":"https:\/\/panoramaciudadano.com\/?p=30529"},"modified":"2026-02-16T09:41:28","modified_gmt":"2026-02-16T14:41:28","slug":"mas-de-3-mil-vacunas-contra-el-sarampion-en-una-semana","status":"publish","type":"post","link":"https:\/\/panoramaciudadano.com\/index.php\/2026\/02\/15\/mas-de-3-mil-vacunas-contra-el-sarampion-en-una-semana\/","title":{"rendered":"M\u00c1S DE 3 MIL VACUNAS CONTRA EL SARAMPI\u00d3N EN UNA SEMANA"},"content":{"rendered":"\n<figure class=\"wp-block-gallery has-nested-images columns-default is-cropped wp-block-gallery-1 is-layout-flex wp-block-gallery-is-layout-flex\">\n<figure class=\"wp-block-image size-large\"><img decoding=\"async\" width=\"1024\" height=\"820\" data-id=\"30534\" src=\"https:\/\/panoramaciudadano.com\/wp-content\/uploads\/2026\/02\/WhatsApp-Image-2026-02-16-at-9.12.10-AM-1024x820.jpeg\" alt=\"\" class=\"wp-image-30534\" srcset=\"https:\/\/panoramaciudadano.com\/wp-content\/uploads\/2026\/02\/WhatsApp-Image-2026-02-16-at-9.12.10-AM-1024x820.jpeg 1024w, https:\/\/panoramaciudadano.com\/wp-content\/uploads\/2026\/02\/WhatsApp-Image-2026-02-16-at-9.12.10-AM-300x240.jpeg 300w, https:\/\/panoramaciudadano.com\/wp-content\/uploads\/2026\/02\/WhatsApp-Image-2026-02-16-at-9.12.10-AM-768x615.jpeg 768w, https:\/\/panoramaciudadano.com\/wp-content\/uploads\/2026\/02\/WhatsApp-Image-2026-02-16-at-9.12.10-AM-1536x1229.jpeg 1536w, https:\/\/panoramaciudadano.com\/wp-content\/uploads\/2026\/02\/WhatsApp-Image-2026-02-16-at-9.12.10-AM-2048x1639.jpeg 2048w\" sizes=\"(max-width: 1024px) 100vw, 1024px\" \/><\/figure>\n\n\n\n<figure class=\"wp-block-image size-large\"><img decoding=\"async\" width=\"1024\" height=\"716\" data-id=\"30532\" src=\"https:\/\/panoramaciudadano.com\/wp-content\/uploads\/2026\/02\/WhatsApp-Image-2026-02-16-at-9.12.11-AM-1-1024x716.jpeg\" alt=\"\" class=\"wp-image-30532\" srcset=\"https:\/\/panoramaciudadano.com\/wp-content\/uploads\/2026\/02\/WhatsApp-Image-2026-02-16-at-9.12.11-AM-1-1024x716.jpeg 1024w, https:\/\/panoramaciudadano.com\/wp-content\/uploads\/2026\/02\/WhatsApp-Image-2026-02-16-at-9.12.11-AM-1-300x210.jpeg 300w, https:\/\/panoramaciudadano.com\/wp-content\/uploads\/2026\/02\/WhatsApp-Image-2026-02-16-at-9.12.11-AM-1-768x537.jpeg 768w, https:\/\/panoramaciudadano.com\/wp-content\/uploads\/2026\/02\/WhatsApp-Image-2026-02-16-at-9.12.11-AM-1-1536x1074.jpeg 1536w, https:\/\/panoramaciudadano.com\/wp-content\/uploads\/2026\/02\/WhatsApp-Image-2026-02-16-at-9.12.11-AM-1-2048x1432.jpeg 2048w\" sizes=\"(max-width: 1024px) 100vw, 1024px\" \/><\/figure>\n\n\n\n<figure class=\"wp-block-image size-large\"><img decoding=\"async\" width=\"1024\" height=\"682\" data-id=\"30531\" src=\"https:\/\/panoramaciudadano.com\/wp-content\/uploads\/2026\/02\/WhatsApp-Image-2026-02-16-at-9.12.11-AM-2-1024x682.jpeg\" alt=\"\" class=\"wp-image-30531\" srcset=\"https:\/\/panoramaciudadano.com\/wp-content\/uploads\/2026\/02\/WhatsApp-Image-2026-02-16-at-9.12.11-AM-2-1024x682.jpeg 1024w, https:\/\/panoramaciudadano.com\/wp-content\/uploads\/2026\/02\/WhatsApp-Image-2026-02-16-at-9.12.11-AM-2-300x200.jpeg 300w, https:\/\/panoramaciudadano.com\/wp-content\/uploads\/2026\/02\/WhatsApp-Image-2026-02-16-at-9.12.11-AM-2-768x512.jpeg 768w, https:\/\/panoramaciudadano.com\/wp-content\/uploads\/2026\/02\/WhatsApp-Image-2026-02-16-at-9.12.11-AM-2-1536x1024.jpeg 1536w, https:\/\/panoramaciudadano.com\/wp-content\/uploads\/2026\/02\/WhatsApp-Image-2026-02-16-at-9.12.11-AM-2-2048x1365.jpeg 2048w\" sizes=\"(max-width: 1024px) 100vw, 1024px\" \/><\/figure>\n\n\n\n<figure class=\"wp-block-image size-large\"><img decoding=\"async\" width=\"1024\" height=\"752\" data-id=\"30530\" src=\"https:\/\/panoramaciudadano.com\/wp-content\/uploads\/2026\/02\/WhatsApp-Image-2026-02-16-at-9.12.11-AM-3-1024x752.jpeg\" alt=\"\" class=\"wp-image-30530\" srcset=\"https:\/\/panoramaciudadano.com\/wp-content\/uploads\/2026\/02\/WhatsApp-Image-2026-02-16-at-9.12.11-AM-3-1024x752.jpeg 1024w, https:\/\/panoramaciudadano.com\/wp-content\/uploads\/2026\/02\/WhatsApp-Image-2026-02-16-at-9.12.11-AM-3-300x220.jpeg 300w, https:\/\/panoramaciudadano.com\/wp-content\/uploads\/2026\/02\/WhatsApp-Image-2026-02-16-at-9.12.11-AM-3-768x564.jpeg 768w, https:\/\/panoramaciudadano.com\/wp-content\/uploads\/2026\/02\/WhatsApp-Image-2026-02-16-at-9.12.11-AM-3.jpeg 1280w\" sizes=\"(max-width: 1024px) 100vw, 1024px\" \/><\/figure>\n\n\n\n<figure class=\"wp-block-image size-large\"><img decoding=\"async\" width=\"1024\" height=\"644\" data-id=\"30533\" src=\"https:\/\/panoramaciudadano.com\/wp-content\/uploads\/2026\/02\/WhatsApp-Image-2026-02-16-at-9.12.11-AM-1024x644.jpeg\" alt=\"\" class=\"wp-image-30533\" srcset=\"https:\/\/panoramaciudadano.com\/wp-content\/uploads\/2026\/02\/WhatsApp-Image-2026-02-16-at-9.12.11-AM-1024x644.jpeg 1024w, https:\/\/panoramaciudadano.com\/wp-content\/uploads\/2026\/02\/WhatsApp-Image-2026-02-16-at-9.12.11-AM-300x189.jpeg 300w, https:\/\/panoramaciudadano.com\/wp-content\/uploads\/2026\/02\/WhatsApp-Image-2026-02-16-at-9.12.11-AM-768x483.jpeg 768w, https:\/\/panoramaciudadano.com\/wp-content\/uploads\/2026\/02\/WhatsApp-Image-2026-02-16-at-9.12.11-AM-1536x966.jpeg 1536w, https:\/\/panoramaciudadano.com\/wp-content\/uploads\/2026\/02\/WhatsApp-Image-2026-02-16-at-9.12.11-AM-2048x1288.jpeg 2048w\" sizes=\"(max-width: 1024px) 100vw, 1024px\" \/><\/figure>\n<\/figure>\n\n\n\n<p>M\u00e1s de 3 mil vacunas contra el sarampi\u00f3n se aplicaron durante esta semana en la Plaza de la Reforma del Palacio Municipal, en fomento a la prevenci\u00f3n que mantiene la Presidenta Municipal, Ana Paty Peralta, que prioriza la salud de la ciudadan\u00eda a trav\u00e9s de esta campa\u00f1a nacional, que brinda vacunas gratuitas y seguras.<\/p>\n\n\n\n<p>Gracias a la buena respuesta de la ciudadan\u00eda por vacunarse contra el sarampi\u00f3n, el gobierno municipal, a trav\u00e9s de la Direcci\u00f3n de Salud Municipal a cargo de su titular, H\u00e9ctor Gonz\u00e1lez Rodr\u00edguez, opt\u00f3 en extender hasta el fin de semana el m\u00f3dulo de vacunaci\u00f3n en Plaza de la Reforma.<\/p>\n\n\n\n<p>Respecto a esta \u00faltima semana, se aplicaron 3 mil 190 dosis a la poblaci\u00f3n, desde ni\u00f1as y ni\u00f1os de 6 meses a 12 a\u00f1os de edad sin esquema completo, as\u00ed como a quienes no han recibido ninguna vacuna contra el sarampi\u00f3n o solo recibieron una vacuna y ya pasaron seis meses desde su primera dosis. Aunado a las personas de 13 a 49 a\u00f1os de edad que no han sido vacunadas.<\/p>\n\n\n\n<p>Por tal motivo, el gobierno municipal consider\u00f3 importante que los d\u00edas 14 y 15 de febrero en horario de 09:00 a 21:00 horas, la ciudadan\u00eda contin\u00fae aplic\u00e1ndose la respectiva dosis contra el sarampi\u00f3n, ya que al ser protegidos, tambi\u00e9n protegen a sus familias.<\/p>\n\n\n\n<p>Adem\u00e1s, explic\u00f3 que la campa\u00f1a continuar\u00e1 vigente, contemplando las pr\u00f3ximas fechas en horario de 08:00 a 14:00 horas para el 16 y 23 de febrero en el tianguis de las Supermanzanas 239 y 229; as\u00ed como el 17 y 24 en los tianguis de las Sm 221, 102 y 96; el 18 y 25 de febrero en los tianguis de las Sm 228 y 99; 19 y 26 en los tianguis de las Sm 236, 227 y 94; y el 20 y 27 de febrero en los tianguis de las Sm 102 y 233.<\/p>\n\n\n\n<p>En lo que respecta a este domingo con corte hasta las 14:00 horas, se inocul\u00f3 a 330 personas, cifra que seguir\u00e1 en aumento hasta las 21:00 horas, debido a la gran respuesta de la ciudadan\u00eda que se ha adaptado a la cultura preventiva.<\/p>\n\n\n\n<p>Asimismo, se reitera a la poblaci\u00f3n acudir a las diferentes sedes de vacunaci\u00f3n que son difundidas mediante la p\u00e1gina oficial del gobierno municipal, ya que es importante la participaci\u00f3n ciudadana durante la cruzada de salud.<\/p>\n\n\n\n<hr class=\"wp-block-separator has-alpha-channel-opacity\"\/>\n\n\n\n<p>SEMANA DEL 9 AL 14 DE FEBRERO:<\/p>\n\n\n\n<p>\u2022 Lunes: 200 vacunas<br>\u2022 Martes: 225 vacunas<br>\u2022 Mi\u00e9rcoles: 324 vacunas<br>\u2022 Jueves: 571<br>\u2022 Viernes: 339<br>\u2022 S\u00e1bado:<br>Domo de la Sm 94, 510 vacunas, y en el Palacio Municipal, 1,021 vacunas.<\/p>\n\n\n\n<ul class=\"wp-block-list\">\n<li>Domingo: 330<br>Total Acumulado: 3,010<\/li>\n<\/ul>\n","protected":false},"excerpt":{"rendered":"<p>\u2022 El gobierno municipal se suma a la iniciativa del Gobierno de M\u00e9xico a favor de la salud de la poblaci\u00f3n.<\/p>\n","protected":false},"author":1,"featured_media":30533,"comment_status":"open","ping_status":"closed","sticky":false,"template":"","format":"standard","meta":{"footnotes":""},"categories":[6],"tags":[145],"class_list":["post-30529","post","type-post","status-publish","format-standard","has-post-thumbnail","hentry","category-cancun","tag-ana-paty-peralta"],"yoast_head":"<!-- This site is optimized with the Yoast SEO plugin v27.1.1 - https:\/\/yoast.com\/product\/yoast-seo-wordpress\/ -->\n<title>M\u00c1S DE 3 MIL VACUNAS CONTRA EL SARAMPI\u00d3N EN UNA SEMANA - Panorama Ciudadano<\/title>\n<meta name=\"robots\" content=\"index, follow, max-snippet:-1, max-image-preview:large, max-video-preview:-1\" \/>\n<link rel=\"canonical\" href=\"https:\/\/panoramaciudadano.com\/index.php\/2026\/02\/15\/mas-de-3-mil-vacunas-contra-el-sarampion-en-una-semana\/\" \/>\n<meta property=\"og:locale\" content=\"es_ES\" \/>\n<meta property=\"og:type\" content=\"article\" \/>\n<meta property=\"og:title\" content=\"M\u00c1S DE 3 MIL VACUNAS CONTRA EL SARAMPI\u00d3N EN UNA SEMANA - Panorama Ciudadano\" \/>\n<meta property=\"og:description\" content=\"\u2022 El gobierno municipal se suma a la iniciativa del Gobierno de M\u00e9xico a favor de la salud de la poblaci\u00f3n.\" \/>\n<meta property=\"og:url\" content=\"https:\/\/panoramaciudadano.com\/index.php\/2026\/02\/15\/mas-de-3-mil-vacunas-contra-el-sarampion-en-una-semana\/\" \/>\n<meta property=\"og:site_name\" content=\"Panorama Ciudadano\" \/>\n<meta property=\"article:publisher\" content=\"https:\/\/www.facebook.com\/panoramaciudadano\" \/>\n<meta property=\"article:published_time\" content=\"2026-02-15T14:39:12+00:00\" \/>\n<meta property=\"article:modified_time\" content=\"2026-02-16T14:41:28+00:00\" \/>\n<meta property=\"og:image\" content=\"https:\/\/panoramaciudadano.com\/wp-content\/uploads\/2026\/02\/WhatsApp-Image-2026-02-16-at-9.12.11-AM.jpeg\" \/>\n\t<meta property=\"og:image:width\" content=\"2560\" \/>\n\t<meta property=\"og:image:height\" content=\"1610\" \/>\n\t<meta property=\"og:image:type\" content=\"image\/jpeg\" \/>\n<meta name=\"author\" content=\"admin\" \/>\n<meta name=\"twitter:card\" content=\"summary_large_image\" \/>\n<meta name=\"twitter:label1\" content=\"Escrito por\" \/>\n\t<meta name=\"twitter:data1\" content=\"admin\" \/>\n\t<meta name=\"twitter:label2\" content=\"Tiempo de lectura\" \/>\n\t<meta name=\"twitter:data2\" content=\"4 minutos\" \/>\n<script type=\"application\/ld+json\" class=\"yoast-schema-graph\">{\"@context\":\"https:\/\/schema.org\",\"@graph\":[{\"@type\":\"Article\",\"@id\":\"https:\/\/panoramaciudadano.com\/index.php\/2026\/02\/15\/mas-de-3-mil-vacunas-contra-el-sarampion-en-una-semana\/#article\",\"isPartOf\":{\"@id\":\"https:\/\/panoramaciudadano.com\/index.php\/2026\/02\/15\/mas-de-3-mil-vacunas-contra-el-sarampion-en-una-semana\/\"},\"author\":{\"name\":\"admin\",\"@id\":\"https:\/\/panoramaciudadano.com\/#\/schema\/person\/ffe9fe8ef47d3a93977b5761fd9e0d96\"},\"headline\":\"M\u00c1S DE 3 MIL VACUNAS CONTRA EL SARAMPI\u00d3N EN UNA SEMANA\",\"datePublished\":\"2026-02-15T14:39:12+00:00\",\"dateModified\":\"2026-02-16T14:41:28+00:00\",\"mainEntityOfPage\":{\"@id\":\"https:\/\/panoramaciudadano.com\/index.php\/2026\/02\/15\/mas-de-3-mil-vacunas-contra-el-sarampion-en-una-semana\/\"},\"wordCount\":428,\"commentCount\":0,\"publisher\":{\"@id\":\"https:\/\/panoramaciudadano.com\/#organization\"},\"image\":{\"@id\":\"https:\/\/panoramaciudadano.com\/index.php\/2026\/02\/15\/mas-de-3-mil-vacunas-contra-el-sarampion-en-una-semana\/#primaryimage\"},\"thumbnailUrl\":\"https:\/\/panoramaciudadano.com\/wp-content\/uploads\/2026\/02\/WhatsApp-Image-2026-02-16-at-9.12.11-AM.jpeg\",\"keywords\":[\"Ana Paty Peralta\"],\"articleSection\":[\"Canc\u00fan\"],\"inLanguage\":\"es\",\"potentialAction\":[{\"@type\":\"CommentAction\",\"name\":\"Comment\",\"target\":[\"https:\/\/panoramaciudadano.com\/index.php\/2026\/02\/15\/mas-de-3-mil-vacunas-contra-el-sarampion-en-una-semana\/#respond\"]}]},{\"@type\":\"WebPage\",\"@id\":\"https:\/\/panoramaciudadano.com\/index.php\/2026\/02\/15\/mas-de-3-mil-vacunas-contra-el-sarampion-en-una-semana\/\",\"url\":\"https:\/\/panoramaciudadano.com\/index.php\/2026\/02\/15\/mas-de-3-mil-vacunas-contra-el-sarampion-en-una-semana\/\",\"name\":\"M\u00c1S DE 3 MIL VACUNAS CONTRA EL SARAMPI\u00d3N EN UNA SEMANA - Panorama Ciudadano\",\"isPartOf\":{\"@id\":\"https:\/\/panoramaciudadano.com\/#website\"},\"primaryImageOfPage\":{\"@id\":\"https:\/\/panoramaciudadano.com\/index.php\/2026\/02\/15\/mas-de-3-mil-vacunas-contra-el-sarampion-en-una-semana\/#primaryimage\"},\"image\":{\"@id\":\"https:\/\/panoramaciudadano.com\/index.php\/2026\/02\/15\/mas-de-3-mil-vacunas-contra-el-sarampion-en-una-semana\/#primaryimage\"},\"thumbnailUrl\":\"https:\/\/panoramaciudadano.com\/wp-content\/uploads\/2026\/02\/WhatsApp-Image-2026-02-16-at-9.12.11-AM.jpeg\",\"datePublished\":\"2026-02-15T14:39:12+00:00\",\"dateModified\":\"2026-02-16T14:41:28+00:00\",\"breadcrumb\":{\"@id\":\"https:\/\/panoramaciudadano.com\/index.php\/2026\/02\/15\/mas-de-3-mil-vacunas-contra-el-sarampion-en-una-semana\/#breadcrumb\"},\"inLanguage\":\"es\",\"potentialAction\":[{\"@type\":\"ReadAction\",\"target\":[\"https:\/\/panoramaciudadano.com\/index.php\/2026\/02\/15\/mas-de-3-mil-vacunas-contra-el-sarampion-en-una-semana\/\"]}]},{\"@type\":\"ImageObject\",\"inLanguage\":\"es\",\"@id\":\"https:\/\/panoramaciudadano.com\/index.php\/2026\/02\/15\/mas-de-3-mil-vacunas-contra-el-sarampion-en-una-semana\/#primaryimage\",\"url\":\"https:\/\/panoramaciudadano.com\/wp-content\/uploads\/2026\/02\/WhatsApp-Image-2026-02-16-at-9.12.11-AM.jpeg\",\"contentUrl\":\"https:\/\/panoramaciudadano.com\/wp-content\/uploads\/2026\/02\/WhatsApp-Image-2026-02-16-at-9.12.11-AM.jpeg\",\"width\":2560,\"height\":1610},{\"@type\":\"BreadcrumbList\",\"@id\":\"https:\/\/panoramaciudadano.com\/index.php\/2026\/02\/15\/mas-de-3-mil-vacunas-contra-el-sarampion-en-una-semana\/#breadcrumb\",\"itemListElement\":[{\"@type\":\"ListItem\",\"position\":1,\"name\":\"Portada\",\"item\":\"https:\/\/panoramaciudadano.com\/\"},{\"@type\":\"ListItem\",\"position\":2,\"name\":\"M\u00c1S DE 3 MIL VACUNAS CONTRA EL SARAMPI\u00d3N EN UNA SEMANA\"}]},{\"@type\":\"WebSite\",\"@id\":\"https:\/\/panoramaciudadano.com\/#website\",\"url\":\"https:\/\/panoramaciudadano.com\/\",\"name\":\"Panorama Ciudadano\",\"description\":\"\",\"publisher\":{\"@id\":\"https:\/\/panoramaciudadano.com\/#organization\"},\"potentialAction\":[{\"@type\":\"SearchAction\",\"target\":{\"@type\":\"EntryPoint\",\"urlTemplate\":\"https:\/\/panoramaciudadano.com\/?s={search_term_string}\"},\"query-input\":{\"@type\":\"PropertyValueSpecification\",\"valueRequired\":true,\"valueName\":\"search_term_string\"}}],\"inLanguage\":\"es\"},{\"@type\":\"Organization\",\"@id\":\"https:\/\/panoramaciudadano.com\/#organization\",\"name\":\"Panorama Ciudadano\",\"url\":\"https:\/\/panoramaciudadano.com\/\",\"logo\":{\"@type\":\"ImageObject\",\"inLanguage\":\"es\",\"@id\":\"https:\/\/panoramaciudadano.com\/#\/schema\/logo\/image\/\",\"url\":\"https:\/\/panoramaciudadano.com\/wp-content\/uploads\/2024\/05\/401498640_919267042938564_6290593609399108733_n.jpg\",\"contentUrl\":\"https:\/\/panoramaciudadano.com\/wp-content\/uploads\/2024\/05\/401498640_919267042938564_6290593609399108733_n.jpg\",\"width\":960,\"height\":957,\"caption\":\"Panorama Ciudadano\"},\"image\":{\"@id\":\"https:\/\/panoramaciudadano.com\/#\/schema\/logo\/image\/\"},\"sameAs\":[\"https:\/\/www.facebook.com\/panoramaciudadano\"]},{\"@type\":\"Person\",\"@id\":\"https:\/\/panoramaciudadano.com\/#\/schema\/person\/ffe9fe8ef47d3a93977b5761fd9e0d96\",\"name\":\"admin\",\"image\":{\"@type\":\"ImageObject\",\"inLanguage\":\"es\",\"@id\":\"https:\/\/panoramaciudadano.com\/#\/schema\/person\/image\/\",\"url\":\"https:\/\/secure.gravatar.com\/avatar\/2d5a12cacce3f18096f25fadea8abb7202fef18ed669595589853e84260ff451?s=96&d=mm&r=g\",\"contentUrl\":\"https:\/\/secure.gravatar.com\/avatar\/2d5a12cacce3f18096f25fadea8abb7202fef18ed669595589853e84260ff451?s=96&d=mm&r=g\",\"caption\":\"admin\"},\"sameAs\":[\"https:\/\/panoramaciudadano.com\"],\"url\":\"https:\/\/panoramaciudadano.com\/index.php\/author\/admin_3q6hyqq3\/\"}]}<\/script>\n<!-- \/ Yoast SEO plugin. -->","yoast_head_json":{"title":"M\u00c1S DE 3 MIL VACUNAS CONTRA EL SARAMPI\u00d3N EN UNA SEMANA - Panorama Ciudadano","robots":{"index":"index","follow":"follow","max-snippet":"max-snippet:-1","max-image-preview":"max-image-preview:large","max-video-preview":"max-video-preview:-1"},"canonical":"https:\/\/panoramaciudadano.com\/index.php\/2026\/02\/15\/mas-de-3-mil-vacunas-contra-el-sarampion-en-una-semana\/","og_locale":"es_ES","og_type":"article","og_title":"M\u00c1S DE 3 MIL VACUNAS CONTRA EL SARAMPI\u00d3N EN UNA SEMANA - Panorama Ciudadano","og_description":"\u2022 El gobierno municipal se suma a la iniciativa del Gobierno de M\u00e9xico a favor de la salud de la poblaci\u00f3n.","og_url":"https:\/\/panoramaciudadano.com\/index.php\/2026\/02\/15\/mas-de-3-mil-vacunas-contra-el-sarampion-en-una-semana\/","og_site_name":"Panorama Ciudadano","article_publisher":"https:\/\/www.facebook.com\/panoramaciudadano","article_published_time":"2026-02-15T14:39:12+00:00","article_modified_time":"2026-02-16T14:41:28+00:00","og_image":[{"width":2560,"height":1610,"url":"https:\/\/panoramaciudadano.com\/wp-content\/uploads\/2026\/02\/WhatsApp-Image-2026-02-16-at-9.12.11-AM.jpeg","type":"image\/jpeg"}],"author":"admin","twitter_card":"summary_large_image","twitter_misc":{"Escrito por":"admin","Tiempo de lectura":"4 minutos"},"schema":{"@context":"https:\/\/schema.org","@graph":[{"@type":"Article","@id":"https:\/\/panoramaciudadano.com\/index.php\/2026\/02\/15\/mas-de-3-mil-vacunas-contra-el-sarampion-en-una-semana\/#article","isPartOf":{"@id":"https:\/\/panoramaciudadano.com\/index.php\/2026\/02\/15\/mas-de-3-mil-vacunas-contra-el-sarampion-en-una-semana\/"},"author":{"name":"admin","@id":"https:\/\/panoramaciudadano.com\/#\/schema\/person\/ffe9fe8ef47d3a93977b5761fd9e0d96"},"headline":"M\u00c1S DE 3 MIL VACUNAS CONTRA EL SARAMPI\u00d3N EN UNA SEMANA","datePublished":"2026-02-15T14:39:12+00:00","dateModified":"2026-02-16T14:41:28+00:00","mainEntityOfPage":{"@id":"https:\/\/panoramaciudadano.com\/index.php\/2026\/02\/15\/mas-de-3-mil-vacunas-contra-el-sarampion-en-una-semana\/"},"wordCount":428,"commentCount":0,"publisher":{"@id":"https:\/\/panoramaciudadano.com\/#organization"},"image":{"@id":"https:\/\/panoramaciudadano.com\/index.php\/2026\/02\/15\/mas-de-3-mil-vacunas-contra-el-sarampion-en-una-semana\/#primaryimage"},"thumbnailUrl":"https:\/\/panoramaciudadano.com\/wp-content\/uploads\/2026\/02\/WhatsApp-Image-2026-02-16-at-9.12.11-AM.jpeg","keywords":["Ana Paty Peralta"],"articleSection":["Canc\u00fan"],"inLanguage":"es","potentialAction":[{"@type":"CommentAction","name":"Comment","target":["https:\/\/panoramaciudadano.com\/index.php\/2026\/02\/15\/mas-de-3-mil-vacunas-contra-el-sarampion-en-una-semana\/#respond"]}]},{"@type":"WebPage","@id":"https:\/\/panoramaciudadano.com\/index.php\/2026\/02\/15\/mas-de-3-mil-vacunas-contra-el-sarampion-en-una-semana\/","url":"https:\/\/panoramaciudadano.com\/index.php\/2026\/02\/15\/mas-de-3-mil-vacunas-contra-el-sarampion-en-una-semana\/","name":"M\u00c1S DE 3 MIL VACUNAS CONTRA EL SARAMPI\u00d3N EN UNA SEMANA - Panorama Ciudadano","isPartOf":{"@id":"https:\/\/panoramaciudadano.com\/#website"},"primaryImageOfPage":{"@id":"https:\/\/panoramaciudadano.com\/index.php\/2026\/02\/15\/mas-de-3-mil-vacunas-contra-el-sarampion-en-una-semana\/#primaryimage"},"image":{"@id":"https:\/\/panoramaciudadano.com\/index.php\/2026\/02\/15\/mas-de-3-mil-vacunas-contra-el-sarampion-en-una-semana\/#primaryimage"},"thumbnailUrl":"https:\/\/panoramaciudadano.com\/wp-content\/uploads\/2026\/02\/WhatsApp-Image-2026-02-16-at-9.12.11-AM.jpeg","datePublished":"2026-02-15T14:39:12+00:00","dateModified":"2026-02-16T14:41:28+00:00","breadcrumb":{"@id":"https:\/\/panoramaciudadano.com\/index.php\/2026\/02\/15\/mas-de-3-mil-vacunas-contra-el-sarampion-en-una-semana\/#breadcrumb"},"inLanguage":"es","potentialAction":[{"@type":"ReadAction","target":["https:\/\/panoramaciudadano.com\/index.php\/2026\/02\/15\/mas-de-3-mil-vacunas-contra-el-sarampion-en-una-semana\/"]}]},{"@type":"ImageObject","inLanguage":"es","@id":"https:\/\/panoramaciudadano.com\/index.php\/2026\/02\/15\/mas-de-3-mil-vacunas-contra-el-sarampion-en-una-semana\/#primaryimage","url":"https:\/\/panoramaciudadano.com\/wp-content\/uploads\/2026\/02\/WhatsApp-Image-2026-02-16-at-9.12.11-AM.jpeg","contentUrl":"https:\/\/panoramaciudadano.com\/wp-content\/uploads\/2026\/02\/WhatsApp-Image-2026-02-16-at-9.12.11-AM.jpeg","width":2560,"height":1610},{"@type":"BreadcrumbList","@id":"https:\/\/panoramaciudadano.com\/index.php\/2026\/02\/15\/mas-de-3-mil-vacunas-contra-el-sarampion-en-una-semana\/#breadcrumb","itemListElement":[{"@type":"ListItem","position":1,"name":"Portada","item":"https:\/\/panoramaciudadano.com\/"},{"@type":"ListItem","position":2,"name":"M\u00c1S DE 3 MIL VACUNAS CONTRA EL SARAMPI\u00d3N EN UNA SEMANA"}]},{"@type":"WebSite","@id":"https:\/\/panoramaciudadano.com\/#website","url":"https:\/\/panoramaciudadano.com\/","name":"Panorama Ciudadano","description":"","publisher":{"@id":"https:\/\/panoramaciudadano.com\/#organization"},"potentialAction":[{"@type":"SearchAction","target":{"@type":"EntryPoint","urlTemplate":"https:\/\/panoramaciudadano.com\/?s={search_term_string}"},"query-input":{"@type":"PropertyValueSpecification","valueRequired":true,"valueName":"search_term_string"}}],"inLanguage":"es"},{"@type":"Organization","@id":"https:\/\/panoramaciudadano.com\/#organization","name":"Panorama Ciudadano","url":"https:\/\/panoramaciudadano.com\/","logo":{"@type":"ImageObject","inLanguage":"es","@id":"https:\/\/panoramaciudadano.com\/#\/schema\/logo\/image\/","url":"https:\/\/panoramaciudadano.com\/wp-content\/uploads\/2024\/05\/401498640_919267042938564_6290593609399108733_n.jpg","contentUrl":"https:\/\/panoramaciudadano.com\/wp-content\/uploads\/2024\/05\/401498640_919267042938564_6290593609399108733_n.jpg","width":960,"height":957,"caption":"Panorama Ciudadano"},"image":{"@id":"https:\/\/panoramaciudadano.com\/#\/schema\/logo\/image\/"},"sameAs":["https:\/\/www.facebook.com\/panoramaciudadano"]},{"@type":"Person","@id":"https:\/\/panoramaciudadano.com\/#\/schema\/person\/ffe9fe8ef47d3a93977b5761fd9e0d96","name":"admin","image":{"@type":"ImageObject","inLanguage":"es","@id":"https:\/\/panoramaciudadano.com\/#\/schema\/person\/image\/","url":"https:\/\/secure.gravatar.com\/avatar\/2d5a12cacce3f18096f25fadea8abb7202fef18ed669595589853e84260ff451?s=96&d=mm&r=g","contentUrl":"https:\/\/secure.gravatar.com\/avatar\/2d5a12cacce3f18096f25fadea8abb7202fef18ed669595589853e84260ff451?s=96&d=mm&r=g","caption":"admin"},"sameAs":["https:\/\/panoramaciudadano.com"],"url":"https:\/\/panoramaciudadano.com\/index.php\/author\/admin_3q6hyqq3\/"}]}},"_links":{"self":[{"href":"https:\/\/panoramaciudadano.com\/index.php\/wp-json\/wp\/v2\/posts\/30529","targetHints":{"allow":["GET"]}}],"collection":[{"href":"https:\/\/panoramaciudadano.com\/index.php\/wp-json\/wp\/v2\/posts"}],"about":[{"href":"https:\/\/panoramaciudadano.com\/index.php\/wp-json\/wp\/v2\/types\/post"}],"author":[{"embeddable":true,"href":"https:\/\/panoramaciudadano.com\/index.php\/wp-json\/wp\/v2\/users\/1"}],"replies":[{"embeddable":true,"href":"https:\/\/panoramaciudadano.com\/index.php\/wp-json\/wp\/v2\/comments?post=30529"}],"version-history":[{"count":1,"href":"https:\/\/panoramaciudadano.com\/index.php\/wp-json\/wp\/v2\/posts\/30529\/revisions"}],"predecessor-version":[{"id":30536,"href":"https:\/\/panoramaciudadano.com\/index.php\/wp-json\/wp\/v2\/posts\/30529\/revisions\/30536"}],"wp:featuredmedia":[{"embeddable":true,"href":"https:\/\/panoramaciudadano.com\/index.php\/wp-json\/wp\/v2\/media\/30533"}],"wp:attachment":[{"href":"https:\/\/panoramaciudadano.com\/index.php\/wp-json\/wp\/v2\/media?parent=30529"}],"wp:term":[{"taxonomy":"category","embeddable":true,"href":"https:\/\/panoramaciudadano.com\/index.php\/wp-json\/wp\/v2\/categories?post=30529"},{"taxonomy":"post_tag","embeddable":true,"href":"https:\/\/panoramaciudadano.com\/index.php\/wp-json\/wp\/v2\/tags?post=30529"}],"curies":[{"name":"wp","href":"https:\/\/api.w.org\/{rel}","templated":true}]}}