{"id":30535,"date":"2026-02-16T09:43:55","date_gmt":"2026-02-16T14:43:55","guid":{"rendered":"https:\/\/panoramaciudadano.com\/?p=30535"},"modified":"2026-02-16T09:44:00","modified_gmt":"2026-02-16T14:44:00","slug":"lleva-dif-benito-juarez-bienestar-y-servicios-a-las-familias","status":"publish","type":"post","link":"https:\/\/panoramaciudadano.com\/index.php\/2026\/02\/16\/lleva-dif-benito-juarez-bienestar-y-servicios-a-las-familias\/","title":{"rendered":"LLEVA DIF BENITO JU\u00c1REZ BIENESTAR Y SERVICIOS A LAS FAMILIAS"},"content":{"rendered":"\n<figure class=\"wp-block-gallery has-nested-images columns-default is-cropped wp-block-gallery-1 is-layout-flex wp-block-gallery-is-layout-flex\">\n<figure class=\"wp-block-image size-large\"><img decoding=\"async\" width=\"1024\" height=\"683\" data-id=\"30539\" src=\"https:\/\/panoramaciudadano.com\/wp-content\/uploads\/2026\/02\/WhatsApp-Image-2026-02-16-at-9.15.43-AM-1-1024x683.jpeg\" alt=\"\" class=\"wp-image-30539\" srcset=\"https:\/\/panoramaciudadano.com\/wp-content\/uploads\/2026\/02\/WhatsApp-Image-2026-02-16-at-9.15.43-AM-1-1024x683.jpeg 1024w, https:\/\/panoramaciudadano.com\/wp-content\/uploads\/2026\/02\/WhatsApp-Image-2026-02-16-at-9.15.43-AM-1-300x200.jpeg 300w, https:\/\/panoramaciudadano.com\/wp-content\/uploads\/2026\/02\/WhatsApp-Image-2026-02-16-at-9.15.43-AM-1-768x512.jpeg 768w, https:\/\/panoramaciudadano.com\/wp-content\/uploads\/2026\/02\/WhatsApp-Image-2026-02-16-at-9.15.43-AM-1-1536x1024.jpeg 1536w, https:\/\/panoramaciudadano.com\/wp-content\/uploads\/2026\/02\/WhatsApp-Image-2026-02-16-at-9.15.43-AM-1-2048x1365.jpeg 2048w\" sizes=\"(max-width: 1024px) 100vw, 1024px\" \/><\/figure>\n\n\n\n<figure class=\"wp-block-image size-large\"><img decoding=\"async\" width=\"1024\" height=\"683\" data-id=\"30540\" src=\"https:\/\/panoramaciudadano.com\/wp-content\/uploads\/2026\/02\/WhatsApp-Image-2026-02-16-at-9.15.43-AM-2-1024x683.jpeg\" alt=\"\" class=\"wp-image-30540\" srcset=\"https:\/\/panoramaciudadano.com\/wp-content\/uploads\/2026\/02\/WhatsApp-Image-2026-02-16-at-9.15.43-AM-2-1024x683.jpeg 1024w, https:\/\/panoramaciudadano.com\/wp-content\/uploads\/2026\/02\/WhatsApp-Image-2026-02-16-at-9.15.43-AM-2-300x200.jpeg 300w, https:\/\/panoramaciudadano.com\/wp-content\/uploads\/2026\/02\/WhatsApp-Image-2026-02-16-at-9.15.43-AM-2-768x512.jpeg 768w, https:\/\/panoramaciudadano.com\/wp-content\/uploads\/2026\/02\/WhatsApp-Image-2026-02-16-at-9.15.43-AM-2-1536x1024.jpeg 1536w, https:\/\/panoramaciudadano.com\/wp-content\/uploads\/2026\/02\/WhatsApp-Image-2026-02-16-at-9.15.43-AM-2-2048x1365.jpeg 2048w\" sizes=\"(max-width: 1024px) 100vw, 1024px\" \/><\/figure>\n\n\n\n<figure class=\"wp-block-image size-large\"><img decoding=\"async\" width=\"1024\" height=\"683\" data-id=\"30538\" src=\"https:\/\/panoramaciudadano.com\/wp-content\/uploads\/2026\/02\/WhatsApp-Image-2026-02-16-at-9.15.43-AM-3-1024x683.jpeg\" alt=\"\" class=\"wp-image-30538\" srcset=\"https:\/\/panoramaciudadano.com\/wp-content\/uploads\/2026\/02\/WhatsApp-Image-2026-02-16-at-9.15.43-AM-3-1024x683.jpeg 1024w, https:\/\/panoramaciudadano.com\/wp-content\/uploads\/2026\/02\/WhatsApp-Image-2026-02-16-at-9.15.43-AM-3-300x200.jpeg 300w, https:\/\/panoramaciudadano.com\/wp-content\/uploads\/2026\/02\/WhatsApp-Image-2026-02-16-at-9.15.43-AM-3-768x512.jpeg 768w, https:\/\/panoramaciudadano.com\/wp-content\/uploads\/2026\/02\/WhatsApp-Image-2026-02-16-at-9.15.43-AM-3-1536x1024.jpeg 1536w, https:\/\/panoramaciudadano.com\/wp-content\/uploads\/2026\/02\/WhatsApp-Image-2026-02-16-at-9.15.43-AM-3-2048x1365.jpeg 2048w\" sizes=\"(max-width: 1024px) 100vw, 1024px\" \/><\/figure>\n\n\n\n<figure class=\"wp-block-image size-large\"><img decoding=\"async\" width=\"1024\" height=\"683\" data-id=\"30537\" src=\"https:\/\/panoramaciudadano.com\/wp-content\/uploads\/2026\/02\/WhatsApp-Image-2026-02-16-at-9.15.43-AM-1024x683.jpeg\" alt=\"\" class=\"wp-image-30537\" srcset=\"https:\/\/panoramaciudadano.com\/wp-content\/uploads\/2026\/02\/WhatsApp-Image-2026-02-16-at-9.15.43-AM-1024x683.jpeg 1024w, https:\/\/panoramaciudadano.com\/wp-content\/uploads\/2026\/02\/WhatsApp-Image-2026-02-16-at-9.15.43-AM-300x200.jpeg 300w, https:\/\/panoramaciudadano.com\/wp-content\/uploads\/2026\/02\/WhatsApp-Image-2026-02-16-at-9.15.43-AM-768x512.jpeg 768w, https:\/\/panoramaciudadano.com\/wp-content\/uploads\/2026\/02\/WhatsApp-Image-2026-02-16-at-9.15.43-AM-1536x1024.jpeg 1536w, https:\/\/panoramaciudadano.com\/wp-content\/uploads\/2026\/02\/WhatsApp-Image-2026-02-16-at-9.15.43-AM-2048x1365.jpeg 2048w\" sizes=\"(max-width: 1024px) 100vw, 1024px\" \/><\/figure>\n<\/figure>\n\n\n\n<p>El Sistema para el Desarrollo Integral de la Familia (DIF) Benito Ju\u00e1rez, a trav\u00e9s de la Direcci\u00f3n de Desarrollo Social Comunitario, llevar\u00e1 la brigada asistencial institucional \u201cDIF en tu Colonia\u201d, el pr\u00f3ximo 18 de febrero en el Centro de Desarrollo Comunitario (CDC) Pilares, ubicado en la Supermanzana 260, fraccionamiento Prado Norte.<\/p>\n\n\n\n<p>La directora general del DIF Benito Ju\u00e1rez, Marisol Sendo Rodr\u00edguez, destac\u00f3 que esta jornada responde a la instrucci\u00f3n de la Presidenta Municipal, Ana Paty Peralta, de fortalecer la atenci\u00f3n cercana y facilitar el acceso a tr\u00e1mites y servicios integrales a la poblaci\u00f3n en situaci\u00f3n prioritaria.<\/p>\n\n\n\n<p>Por su parte, la directora de Desarrollo Social Comunitario, Fayne Carrillo Figueroa, inform\u00f3 que en la brigada en la que participar\u00e1n diversas \u00e1reas del DIF municipal, se ofrecer\u00e1n consultas m\u00e9dicas gratuitas, optometr\u00eda, orientaci\u00f3n dental, aplicaci\u00f3n de fl\u00faor, atenci\u00f3n psicol\u00f3gica, pruebas r\u00e1pidas de VIH e informaci\u00f3n para tramitar la credencial y certificados de discapacidad (CRIM).<\/p>\n\n\n\n<p>\u201cPara las ni\u00f1as y los ni\u00f1os, se desarrollar\u00e1n actividades l\u00fadicas y educativas, mediante pl\u00e1ticas, dibujos, elaboraci\u00f3n de mandalas y din\u00e1micas que fomentan h\u00e1bitos saludables a trav\u00e9s del programa \u2018Del buen comer\u2019 con el consumo de frutas y verduras\u201d, asever\u00f3.<\/p>\n\n\n\n<p>Carrillo Figueroa mencion\u00f3 que tambi\u00e9n se realizar\u00e1n cortes de cabello, aplicaci\u00f3n de gelish, rizado de pesta\u00f1as, planchado de cejas, adem\u00e1s de informaci\u00f3n sobre cursos y talleres que se imparten en los CDC \u201cy las personas adultas mayores podr\u00e1n disfrutar del Club M\u00f3vil\u201d, abund\u00f3.<br>Dijo que asimismo, las y los asistentes podr\u00e1n recibir asesor\u00eda jur\u00eddica, informaci\u00f3n de atenci\u00f3n de trabajo social y de prevenci\u00f3n del embarazo en adolescentes, y podr\u00e1n participar en juegos y din\u00e1micas educativas tales como llavero de emociones, valoter\u00eda y valorama, que promueven decisiones conscientes y relaciones sanas.<\/p>\n\n\n\n<p>Finalmente, se\u00f1al\u00f3 que el Centro de Atenci\u00f3n de Desarrollo Infantil (CADI) brindar\u00e1 informaci\u00f3n sobre el proceso de inscripci\u00f3n para ni\u00f1as y ni\u00f1os en edad preescolar, mientras que la coordinaci\u00f3n de donativos y ecolog\u00eda obsequiar\u00e1n pan y plantas, respectivamente.<\/p>\n\n\n\n<p>Con estas acciones, el DIF Benito Ju\u00e1rez reafirma su compromiso de trabajar cerca de la comunidad, promoviendo el bienestar integral de las familias cancunenses y el cuidado del entorno.<\/p>\n\n\n\n<hr class=\"wp-block-separator has-alpha-channel-opacity\"\/>\n","protected":false},"excerpt":{"rendered":"<p>El Sistema para el Desarrollo Integral de la Familia (DIF) Benito Ju\u00e1rez, a trav\u00e9s de la Direcci\u00f3n de Desarrollo Social Comunitario, llevar\u00e1 la brigada asistencial institucional \u201cDIF en tu Colonia\u201d, el pr\u00f3ximo 18 de febrero en el Centro de Desarrollo Comunitario (CDC) Pilares, ubicado en la Supermanzana 260, fraccionamiento Prado Norte.<\/p>\n","protected":false},"author":1,"featured_media":30540,"comment_status":"open","ping_status":"closed","sticky":false,"template":"","format":"standard","meta":{"footnotes":""},"categories":[6],"tags":[145],"class_list":["post-30535","post","type-post","status-publish","format-standard","has-post-thumbnail","hentry","category-cancun","tag-ana-paty-peralta"],"yoast_head":"<!-- This site is optimized with the Yoast SEO plugin v27.1.1 - https:\/\/yoast.com\/product\/yoast-seo-wordpress\/ -->\n<title>LLEVA DIF BENITO JU\u00c1REZ BIENESTAR Y SERVICIOS A LAS FAMILIAS - Panorama Ciudadano<\/title>\n<meta name=\"robots\" content=\"index, follow, max-snippet:-1, max-image-preview:large, max-video-preview:-1\" \/>\n<link rel=\"canonical\" href=\"https:\/\/panoramaciudadano.com\/index.php\/2026\/02\/16\/lleva-dif-benito-juarez-bienestar-y-servicios-a-las-familias\/\" \/>\n<meta property=\"og:locale\" content=\"es_ES\" \/>\n<meta property=\"og:type\" content=\"article\" \/>\n<meta property=\"og:title\" content=\"LLEVA DIF BENITO JU\u00c1REZ BIENESTAR Y SERVICIOS A LAS FAMILIAS - Panorama Ciudadano\" \/>\n<meta property=\"og:description\" content=\"El Sistema para el Desarrollo Integral de la Familia (DIF) Benito Ju\u00e1rez, a trav\u00e9s de la Direcci\u00f3n de Desarrollo Social Comunitario, llevar\u00e1 la brigada asistencial institucional \u201cDIF en tu Colonia\u201d, el pr\u00f3ximo 18 de febrero en el Centro de Desarrollo Comunitario (CDC) Pilares, ubicado en la Supermanzana 260, fraccionamiento Prado Norte.\" \/>\n<meta property=\"og:url\" content=\"https:\/\/panoramaciudadano.com\/index.php\/2026\/02\/16\/lleva-dif-benito-juarez-bienestar-y-servicios-a-las-familias\/\" \/>\n<meta property=\"og:site_name\" content=\"Panorama Ciudadano\" \/>\n<meta property=\"article:publisher\" content=\"https:\/\/www.facebook.com\/panoramaciudadano\" \/>\n<meta property=\"article:published_time\" content=\"2026-02-16T14:43:55+00:00\" \/>\n<meta property=\"article:modified_time\" content=\"2026-02-16T14:44:00+00:00\" \/>\n<meta property=\"og:image\" content=\"https:\/\/panoramaciudadano.com\/wp-content\/uploads\/2026\/02\/WhatsApp-Image-2026-02-16-at-9.15.43-AM-2-scaled.jpeg\" \/>\n\t<meta property=\"og:image:width\" content=\"2560\" \/>\n\t<meta property=\"og:image:height\" content=\"1706\" \/>\n\t<meta property=\"og:image:type\" content=\"image\/jpeg\" \/>\n<meta name=\"author\" content=\"admin\" \/>\n<meta name=\"twitter:card\" content=\"summary_large_image\" \/>\n<meta name=\"twitter:label1\" content=\"Escrito por\" \/>\n\t<meta name=\"twitter:data1\" content=\"admin\" \/>\n\t<meta name=\"twitter:label2\" content=\"Tiempo de lectura\" \/>\n\t<meta name=\"twitter:data2\" content=\"3 minutos\" \/>\n<script type=\"application\/ld+json\" class=\"yoast-schema-graph\">{\"@context\":\"https:\/\/schema.org\",\"@graph\":[{\"@type\":\"Article\",\"@id\":\"https:\/\/panoramaciudadano.com\/index.php\/2026\/02\/16\/lleva-dif-benito-juarez-bienestar-y-servicios-a-las-familias\/#article\",\"isPartOf\":{\"@id\":\"https:\/\/panoramaciudadano.com\/index.php\/2026\/02\/16\/lleva-dif-benito-juarez-bienestar-y-servicios-a-las-familias\/\"},\"author\":{\"name\":\"admin\",\"@id\":\"https:\/\/panoramaciudadano.com\/#\/schema\/person\/ffe9fe8ef47d3a93977b5761fd9e0d96\"},\"headline\":\"LLEVA DIF BENITO JU\u00c1REZ BIENESTAR Y SERVICIOS A LAS FAMILIAS\",\"datePublished\":\"2026-02-16T14:43:55+00:00\",\"dateModified\":\"2026-02-16T14:44:00+00:00\",\"mainEntityOfPage\":{\"@id\":\"https:\/\/panoramaciudadano.com\/index.php\/2026\/02\/16\/lleva-dif-benito-juarez-bienestar-y-servicios-a-las-familias\/\"},\"wordCount\":413,\"commentCount\":0,\"publisher\":{\"@id\":\"https:\/\/panoramaciudadano.com\/#organization\"},\"image\":{\"@id\":\"https:\/\/panoramaciudadano.com\/index.php\/2026\/02\/16\/lleva-dif-benito-juarez-bienestar-y-servicios-a-las-familias\/#primaryimage\"},\"thumbnailUrl\":\"https:\/\/panoramaciudadano.com\/wp-content\/uploads\/2026\/02\/WhatsApp-Image-2026-02-16-at-9.15.43-AM-2-scaled.jpeg\",\"keywords\":[\"Ana Paty Peralta\"],\"articleSection\":[\"Canc\u00fan\"],\"inLanguage\":\"es\",\"potentialAction\":[{\"@type\":\"CommentAction\",\"name\":\"Comment\",\"target\":[\"https:\/\/panoramaciudadano.com\/index.php\/2026\/02\/16\/lleva-dif-benito-juarez-bienestar-y-servicios-a-las-familias\/#respond\"]}]},{\"@type\":\"WebPage\",\"@id\":\"https:\/\/panoramaciudadano.com\/index.php\/2026\/02\/16\/lleva-dif-benito-juarez-bienestar-y-servicios-a-las-familias\/\",\"url\":\"https:\/\/panoramaciudadano.com\/index.php\/2026\/02\/16\/lleva-dif-benito-juarez-bienestar-y-servicios-a-las-familias\/\",\"name\":\"LLEVA DIF BENITO JU\u00c1REZ BIENESTAR Y SERVICIOS A LAS FAMILIAS - Panorama Ciudadano\",\"isPartOf\":{\"@id\":\"https:\/\/panoramaciudadano.com\/#website\"},\"primaryImageOfPage\":{\"@id\":\"https:\/\/panoramaciudadano.com\/index.php\/2026\/02\/16\/lleva-dif-benito-juarez-bienestar-y-servicios-a-las-familias\/#primaryimage\"},\"image\":{\"@id\":\"https:\/\/panoramaciudadano.com\/index.php\/2026\/02\/16\/lleva-dif-benito-juarez-bienestar-y-servicios-a-las-familias\/#primaryimage\"},\"thumbnailUrl\":\"https:\/\/panoramaciudadano.com\/wp-content\/uploads\/2026\/02\/WhatsApp-Image-2026-02-16-at-9.15.43-AM-2-scaled.jpeg\",\"datePublished\":\"2026-02-16T14:43:55+00:00\",\"dateModified\":\"2026-02-16T14:44:00+00:00\",\"breadcrumb\":{\"@id\":\"https:\/\/panoramaciudadano.com\/index.php\/2026\/02\/16\/lleva-dif-benito-juarez-bienestar-y-servicios-a-las-familias\/#breadcrumb\"},\"inLanguage\":\"es\",\"potentialAction\":[{\"@type\":\"ReadAction\",\"target\":[\"https:\/\/panoramaciudadano.com\/index.php\/2026\/02\/16\/lleva-dif-benito-juarez-bienestar-y-servicios-a-las-familias\/\"]}]},{\"@type\":\"ImageObject\",\"inLanguage\":\"es\",\"@id\":\"https:\/\/panoramaciudadano.com\/index.php\/2026\/02\/16\/lleva-dif-benito-juarez-bienestar-y-servicios-a-las-familias\/#primaryimage\",\"url\":\"https:\/\/panoramaciudadano.com\/wp-content\/uploads\/2026\/02\/WhatsApp-Image-2026-02-16-at-9.15.43-AM-2-scaled.jpeg\",\"contentUrl\":\"https:\/\/panoramaciudadano.com\/wp-content\/uploads\/2026\/02\/WhatsApp-Image-2026-02-16-at-9.15.43-AM-2-scaled.jpeg\",\"width\":2560,\"height\":1706},{\"@type\":\"BreadcrumbList\",\"@id\":\"https:\/\/panoramaciudadano.com\/index.php\/2026\/02\/16\/lleva-dif-benito-juarez-bienestar-y-servicios-a-las-familias\/#breadcrumb\",\"itemListElement\":[{\"@type\":\"ListItem\",\"position\":1,\"name\":\"Portada\",\"item\":\"https:\/\/panoramaciudadano.com\/\"},{\"@type\":\"ListItem\",\"position\":2,\"name\":\"LLEVA DIF BENITO JU\u00c1REZ BIENESTAR Y SERVICIOS A LAS FAMILIAS\"}]},{\"@type\":\"WebSite\",\"@id\":\"https:\/\/panoramaciudadano.com\/#website\",\"url\":\"https:\/\/panoramaciudadano.com\/\",\"name\":\"Panorama Ciudadano\",\"description\":\"\",\"publisher\":{\"@id\":\"https:\/\/panoramaciudadano.com\/#organization\"},\"potentialAction\":[{\"@type\":\"SearchAction\",\"target\":{\"@type\":\"EntryPoint\",\"urlTemplate\":\"https:\/\/panoramaciudadano.com\/?s={search_term_string}\"},\"query-input\":{\"@type\":\"PropertyValueSpecification\",\"valueRequired\":true,\"valueName\":\"search_term_string\"}}],\"inLanguage\":\"es\"},{\"@type\":\"Organization\",\"@id\":\"https:\/\/panoramaciudadano.com\/#organization\",\"name\":\"Panorama Ciudadano\",\"url\":\"https:\/\/panoramaciudadano.com\/\",\"logo\":{\"@type\":\"ImageObject\",\"inLanguage\":\"es\",\"@id\":\"https:\/\/panoramaciudadano.com\/#\/schema\/logo\/image\/\",\"url\":\"https:\/\/panoramaciudadano.com\/wp-content\/uploads\/2024\/05\/401498640_919267042938564_6290593609399108733_n.jpg\",\"contentUrl\":\"https:\/\/panoramaciudadano.com\/wp-content\/uploads\/2024\/05\/401498640_919267042938564_6290593609399108733_n.jpg\",\"width\":960,\"height\":957,\"caption\":\"Panorama Ciudadano\"},\"image\":{\"@id\":\"https:\/\/panoramaciudadano.com\/#\/schema\/logo\/image\/\"},\"sameAs\":[\"https:\/\/www.facebook.com\/panoramaciudadano\"]},{\"@type\":\"Person\",\"@id\":\"https:\/\/panoramaciudadano.com\/#\/schema\/person\/ffe9fe8ef47d3a93977b5761fd9e0d96\",\"name\":\"admin\",\"image\":{\"@type\":\"ImageObject\",\"inLanguage\":\"es\",\"@id\":\"https:\/\/panoramaciudadano.com\/#\/schema\/person\/image\/\",\"url\":\"https:\/\/secure.gravatar.com\/avatar\/2d5a12cacce3f18096f25fadea8abb7202fef18ed669595589853e84260ff451?s=96&d=mm&r=g\",\"contentUrl\":\"https:\/\/secure.gravatar.com\/avatar\/2d5a12cacce3f18096f25fadea8abb7202fef18ed669595589853e84260ff451?s=96&d=mm&r=g\",\"caption\":\"admin\"},\"sameAs\":[\"https:\/\/panoramaciudadano.com\"],\"url\":\"https:\/\/panoramaciudadano.com\/index.php\/author\/admin_3q6hyqq3\/\"}]}<\/script>\n<!-- \/ Yoast SEO plugin. -->","yoast_head_json":{"title":"LLEVA DIF BENITO JU\u00c1REZ BIENESTAR Y SERVICIOS A LAS FAMILIAS - Panorama Ciudadano","robots":{"index":"index","follow":"follow","max-snippet":"max-snippet:-1","max-image-preview":"max-image-preview:large","max-video-preview":"max-video-preview:-1"},"canonical":"https:\/\/panoramaciudadano.com\/index.php\/2026\/02\/16\/lleva-dif-benito-juarez-bienestar-y-servicios-a-las-familias\/","og_locale":"es_ES","og_type":"article","og_title":"LLEVA DIF BENITO JU\u00c1REZ BIENESTAR Y SERVICIOS A LAS FAMILIAS - Panorama Ciudadano","og_description":"El Sistema para el Desarrollo Integral de la Familia (DIF) Benito Ju\u00e1rez, a trav\u00e9s de la Direcci\u00f3n de Desarrollo Social Comunitario, llevar\u00e1 la brigada asistencial institucional \u201cDIF en tu Colonia\u201d, el pr\u00f3ximo 18 de febrero en el Centro de Desarrollo Comunitario (CDC) Pilares, ubicado en la Supermanzana 260, fraccionamiento Prado Norte.","og_url":"https:\/\/panoramaciudadano.com\/index.php\/2026\/02\/16\/lleva-dif-benito-juarez-bienestar-y-servicios-a-las-familias\/","og_site_name":"Panorama Ciudadano","article_publisher":"https:\/\/www.facebook.com\/panoramaciudadano","article_published_time":"2026-02-16T14:43:55+00:00","article_modified_time":"2026-02-16T14:44:00+00:00","og_image":[{"width":2560,"height":1706,"url":"https:\/\/panoramaciudadano.com\/wp-content\/uploads\/2026\/02\/WhatsApp-Image-2026-02-16-at-9.15.43-AM-2-scaled.jpeg","type":"image\/jpeg"}],"author":"admin","twitter_card":"summary_large_image","twitter_misc":{"Escrito por":"admin","Tiempo de lectura":"3 minutos"},"schema":{"@context":"https:\/\/schema.org","@graph":[{"@type":"Article","@id":"https:\/\/panoramaciudadano.com\/index.php\/2026\/02\/16\/lleva-dif-benito-juarez-bienestar-y-servicios-a-las-familias\/#article","isPartOf":{"@id":"https:\/\/panoramaciudadano.com\/index.php\/2026\/02\/16\/lleva-dif-benito-juarez-bienestar-y-servicios-a-las-familias\/"},"author":{"name":"admin","@id":"https:\/\/panoramaciudadano.com\/#\/schema\/person\/ffe9fe8ef47d3a93977b5761fd9e0d96"},"headline":"LLEVA DIF BENITO JU\u00c1REZ BIENESTAR Y SERVICIOS A LAS FAMILIAS","datePublished":"2026-02-16T14:43:55+00:00","dateModified":"2026-02-16T14:44:00+00:00","mainEntityOfPage":{"@id":"https:\/\/panoramaciudadano.com\/index.php\/2026\/02\/16\/lleva-dif-benito-juarez-bienestar-y-servicios-a-las-familias\/"},"wordCount":413,"commentCount":0,"publisher":{"@id":"https:\/\/panoramaciudadano.com\/#organization"},"image":{"@id":"https:\/\/panoramaciudadano.com\/index.php\/2026\/02\/16\/lleva-dif-benito-juarez-bienestar-y-servicios-a-las-familias\/#primaryimage"},"thumbnailUrl":"https:\/\/panoramaciudadano.com\/wp-content\/uploads\/2026\/02\/WhatsApp-Image-2026-02-16-at-9.15.43-AM-2-scaled.jpeg","keywords":["Ana Paty Peralta"],"articleSection":["Canc\u00fan"],"inLanguage":"es","potentialAction":[{"@type":"CommentAction","name":"Comment","target":["https:\/\/panoramaciudadano.com\/index.php\/2026\/02\/16\/lleva-dif-benito-juarez-bienestar-y-servicios-a-las-familias\/#respond"]}]},{"@type":"WebPage","@id":"https:\/\/panoramaciudadano.com\/index.php\/2026\/02\/16\/lleva-dif-benito-juarez-bienestar-y-servicios-a-las-familias\/","url":"https:\/\/panoramaciudadano.com\/index.php\/2026\/02\/16\/lleva-dif-benito-juarez-bienestar-y-servicios-a-las-familias\/","name":"LLEVA DIF BENITO JU\u00c1REZ BIENESTAR Y SERVICIOS A LAS FAMILIAS - Panorama Ciudadano","isPartOf":{"@id":"https:\/\/panoramaciudadano.com\/#website"},"primaryImageOfPage":{"@id":"https:\/\/panoramaciudadano.com\/index.php\/2026\/02\/16\/lleva-dif-benito-juarez-bienestar-y-servicios-a-las-familias\/#primaryimage"},"image":{"@id":"https:\/\/panoramaciudadano.com\/index.php\/2026\/02\/16\/lleva-dif-benito-juarez-bienestar-y-servicios-a-las-familias\/#primaryimage"},"thumbnailUrl":"https:\/\/panoramaciudadano.com\/wp-content\/uploads\/2026\/02\/WhatsApp-Image-2026-02-16-at-9.15.43-AM-2-scaled.jpeg","datePublished":"2026-02-16T14:43:55+00:00","dateModified":"2026-02-16T14:44:00+00:00","breadcrumb":{"@id":"https:\/\/panoramaciudadano.com\/index.php\/2026\/02\/16\/lleva-dif-benito-juarez-bienestar-y-servicios-a-las-familias\/#breadcrumb"},"inLanguage":"es","potentialAction":[{"@type":"ReadAction","target":["https:\/\/panoramaciudadano.com\/index.php\/2026\/02\/16\/lleva-dif-benito-juarez-bienestar-y-servicios-a-las-familias\/"]}]},{"@type":"ImageObject","inLanguage":"es","@id":"https:\/\/panoramaciudadano.com\/index.php\/2026\/02\/16\/lleva-dif-benito-juarez-bienestar-y-servicios-a-las-familias\/#primaryimage","url":"https:\/\/panoramaciudadano.com\/wp-content\/uploads\/2026\/02\/WhatsApp-Image-2026-02-16-at-9.15.43-AM-2-scaled.jpeg","contentUrl":"https:\/\/panoramaciudadano.com\/wp-content\/uploads\/2026\/02\/WhatsApp-Image-2026-02-16-at-9.15.43-AM-2-scaled.jpeg","width":2560,"height":1706},{"@type":"BreadcrumbList","@id":"https:\/\/panoramaciudadano.com\/index.php\/2026\/02\/16\/lleva-dif-benito-juarez-bienestar-y-servicios-a-las-familias\/#breadcrumb","itemListElement":[{"@type":"ListItem","position":1,"name":"Portada","item":"https:\/\/panoramaciudadano.com\/"},{"@type":"ListItem","position":2,"name":"LLEVA DIF BENITO JU\u00c1REZ BIENESTAR Y SERVICIOS A LAS FAMILIAS"}]},{"@type":"WebSite","@id":"https:\/\/panoramaciudadano.com\/#website","url":"https:\/\/panoramaciudadano.com\/","name":"Panorama Ciudadano","description":"","publisher":{"@id":"https:\/\/panoramaciudadano.com\/#organization"},"potentialAction":[{"@type":"SearchAction","target":{"@type":"EntryPoint","urlTemplate":"https:\/\/panoramaciudadano.com\/?s={search_term_string}"},"query-input":{"@type":"PropertyValueSpecification","valueRequired":true,"valueName":"search_term_string"}}],"inLanguage":"es"},{"@type":"Organization","@id":"https:\/\/panoramaciudadano.com\/#organization","name":"Panorama Ciudadano","url":"https:\/\/panoramaciudadano.com\/","logo":{"@type":"ImageObject","inLanguage":"es","@id":"https:\/\/panoramaciudadano.com\/#\/schema\/logo\/image\/","url":"https:\/\/panoramaciudadano.com\/wp-content\/uploads\/2024\/05\/401498640_919267042938564_6290593609399108733_n.jpg","contentUrl":"https:\/\/panoramaciudadano.com\/wp-content\/uploads\/2024\/05\/401498640_919267042938564_6290593609399108733_n.jpg","width":960,"height":957,"caption":"Panorama Ciudadano"},"image":{"@id":"https:\/\/panoramaciudadano.com\/#\/schema\/logo\/image\/"},"sameAs":["https:\/\/www.facebook.com\/panoramaciudadano"]},{"@type":"Person","@id":"https:\/\/panoramaciudadano.com\/#\/schema\/person\/ffe9fe8ef47d3a93977b5761fd9e0d96","name":"admin","image":{"@type":"ImageObject","inLanguage":"es","@id":"https:\/\/panoramaciudadano.com\/#\/schema\/person\/image\/","url":"https:\/\/secure.gravatar.com\/avatar\/2d5a12cacce3f18096f25fadea8abb7202fef18ed669595589853e84260ff451?s=96&d=mm&r=g","contentUrl":"https:\/\/secure.gravatar.com\/avatar\/2d5a12cacce3f18096f25fadea8abb7202fef18ed669595589853e84260ff451?s=96&d=mm&r=g","caption":"admin"},"sameAs":["https:\/\/panoramaciudadano.com"],"url":"https:\/\/panoramaciudadano.com\/index.php\/author\/admin_3q6hyqq3\/"}]}},"_links":{"self":[{"href":"https:\/\/panoramaciudadano.com\/index.php\/wp-json\/wp\/v2\/posts\/30535","targetHints":{"allow":["GET"]}}],"collection":[{"href":"https:\/\/panoramaciudadano.com\/index.php\/wp-json\/wp\/v2\/posts"}],"about":[{"href":"https:\/\/panoramaciudadano.com\/index.php\/wp-json\/wp\/v2\/types\/post"}],"author":[{"embeddable":true,"href":"https:\/\/panoramaciudadano.com\/index.php\/wp-json\/wp\/v2\/users\/1"}],"replies":[{"embeddable":true,"href":"https:\/\/panoramaciudadano.com\/index.php\/wp-json\/wp\/v2\/comments?post=30535"}],"version-history":[{"count":1,"href":"https:\/\/panoramaciudadano.com\/index.php\/wp-json\/wp\/v2\/posts\/30535\/revisions"}],"predecessor-version":[{"id":30541,"href":"https:\/\/panoramaciudadano.com\/index.php\/wp-json\/wp\/v2\/posts\/30535\/revisions\/30541"}],"wp:featuredmedia":[{"embeddable":true,"href":"https:\/\/panoramaciudadano.com\/index.php\/wp-json\/wp\/v2\/media\/30540"}],"wp:attachment":[{"href":"https:\/\/panoramaciudadano.com\/index.php\/wp-json\/wp\/v2\/media?parent=30535"}],"wp:term":[{"taxonomy":"category","embeddable":true,"href":"https:\/\/panoramaciudadano.com\/index.php\/wp-json\/wp\/v2\/categories?post=30535"},{"taxonomy":"post_tag","embeddable":true,"href":"https:\/\/panoramaciudadano.com\/index.php\/wp-json\/wp\/v2\/tags?post=30535"}],"curies":[{"name":"wp","href":"https:\/\/api.w.org\/{rel}","templated":true}]}}