{"id":30602,"date":"2026-02-16T13:38:34","date_gmt":"2026-02-16T18:38:34","guid":{"rendered":"https:\/\/panoramaciudadano.com\/?p=30602"},"modified":"2026-02-16T13:38:37","modified_gmt":"2026-02-16T18:38:37","slug":"carnaval-cancun-2026-jovenes-acampan-y-logran-boletos-para-la-banda-ms","status":"publish","type":"post","link":"https:\/\/panoramaciudadano.com\/index.php\/2026\/02\/16\/carnaval-cancun-2026-jovenes-acampan-y-logran-boletos-para-la-banda-ms\/","title":{"rendered":"Carnaval Canc\u00fan 2026: j\u00f3venes acampan y logran boletos para la Banda MS"},"content":{"rendered":"\n<figure class=\"wp-block-gallery has-nested-images columns-default is-cropped wp-block-gallery-1 is-layout-flex wp-block-gallery-is-layout-flex\">\n<figure class=\"wp-block-image size-large\"><img decoding=\"async\" width=\"1024\" height=\"768\" data-id=\"30603\" src=\"https:\/\/panoramaciudadano.com\/wp-content\/uploads\/2026\/02\/WhatsApp-Image-2026-02-16-at-1.31.53-PM-1024x768.jpeg\" alt=\"\" class=\"wp-image-30603\" srcset=\"https:\/\/panoramaciudadano.com\/wp-content\/uploads\/2026\/02\/WhatsApp-Image-2026-02-16-at-1.31.53-PM-1024x768.jpeg 1024w, https:\/\/panoramaciudadano.com\/wp-content\/uploads\/2026\/02\/WhatsApp-Image-2026-02-16-at-1.31.53-PM-300x225.jpeg 300w, https:\/\/panoramaciudadano.com\/wp-content\/uploads\/2026\/02\/WhatsApp-Image-2026-02-16-at-1.31.53-PM-768x576.jpeg 768w, https:\/\/panoramaciudadano.com\/wp-content\/uploads\/2026\/02\/WhatsApp-Image-2026-02-16-at-1.31.53-PM-1536x1152.jpeg 1536w, https:\/\/panoramaciudadano.com\/wp-content\/uploads\/2026\/02\/WhatsApp-Image-2026-02-16-at-1.31.53-PM.jpeg 1600w\" sizes=\"(max-width: 1024px) 100vw, 1024px\" \/><\/figure>\n\n\n\n<figure class=\"wp-block-image size-large\"><img decoding=\"async\" width=\"1024\" height=\"768\" data-id=\"30605\" src=\"https:\/\/panoramaciudadano.com\/wp-content\/uploads\/2026\/02\/WhatsApp-Image-2026-02-16-at-1.31.54-PM-1-1024x768.jpeg\" alt=\"\" class=\"wp-image-30605\" srcset=\"https:\/\/panoramaciudadano.com\/wp-content\/uploads\/2026\/02\/WhatsApp-Image-2026-02-16-at-1.31.54-PM-1-1024x768.jpeg 1024w, https:\/\/panoramaciudadano.com\/wp-content\/uploads\/2026\/02\/WhatsApp-Image-2026-02-16-at-1.31.54-PM-1-300x225.jpeg 300w, https:\/\/panoramaciudadano.com\/wp-content\/uploads\/2026\/02\/WhatsApp-Image-2026-02-16-at-1.31.54-PM-1-768x576.jpeg 768w, https:\/\/panoramaciudadano.com\/wp-content\/uploads\/2026\/02\/WhatsApp-Image-2026-02-16-at-1.31.54-PM-1-1536x1152.jpeg 1536w, https:\/\/panoramaciudadano.com\/wp-content\/uploads\/2026\/02\/WhatsApp-Image-2026-02-16-at-1.31.54-PM-1.jpeg 1600w\" sizes=\"(max-width: 1024px) 100vw, 1024px\" \/><\/figure>\n<\/figure>\n\n\n\n<p>Sin novedad se realiz\u00f3 la entrega de boletos para el concierto de la Banda MS y, alrededor de las 11 de la ma\u00f1ana, ya se hab\u00eda completado el 80 por ciento de la distribuci\u00f3n.<\/p>\n\n\n\n<p>Una gran cantidad de j\u00f3venes levantaron campamento e incluso se abanicaban con sus boletos, como premio a su esfuerzo, ya que llegaron con horas de anticipaci\u00f3n para ser los primeros en retirarse con dos accesos para ver a una de las bandas m\u00e1s ic\u00f3nicas del regional mexicano, en el marco del Carnaval Canc\u00fan 2026.<\/p>\n\n\n\n<p>Aunque parezca incre\u00edble, en esta ocasi\u00f3n se menciona que fue una mujer quien obtuvo el primer boleto para este magno concierto, ya que lleg\u00f3 muy motivada a acampar desde las 3 de la tarde del d\u00eda anterior y fue hasta las 8:30 de la ma\u00f1ana cuando recibi\u00f3 su respectivo acceso, para despu\u00e9s despedirse e irse a su casa.<\/p>\n\n\n\n<p>Por su parte, Carlos L\u00f3pez Jim\u00e9nez, director del Instituto de la Cultura y las Artes, recalc\u00f3 que est\u00e1 prohibida la venta de boletos, al tratarse de un evento gratuito, y que los menores de 15 a\u00f1os no podr\u00e1n ingresar al recinto.<\/p>\n\n\n\n<p>Asimismo, no estar\u00e1 permitido el ingreso con cascos, alimentos, bebidas, alcohol, sombrillas, pilas externas ni cualquier art\u00edculo que pudiera representar un riesgo para los dem\u00e1s asistentes.<\/p>\n\n\n\n<p>As\u00ed que, aguas.<\/p>\n","protected":false},"excerpt":{"rendered":"<p>Sin novedad se realiz\u00f3 la entrega de boletos para el concierto de la Banda MS y, alrededor de las 11 de la ma\u00f1ana, ya se hab\u00eda completado el 80 por ciento de la distribuci\u00f3n.<\/p>\n","protected":false},"author":1,"featured_media":30604,"comment_status":"open","ping_status":"closed","sticky":false,"template":"","format":"standard","meta":{"footnotes":""},"categories":[6],"tags":[2905],"class_list":["post-30602","post","type-post","status-publish","format-standard","has-post-thumbnail","hentry","category-cancun","tag-banda-ms"],"yoast_head":"<!-- This site is optimized with the Yoast SEO plugin v27.1.1 - https:\/\/yoast.com\/product\/yoast-seo-wordpress\/ -->\n<title>Carnaval Canc\u00fan 2026: j\u00f3venes acampan y logran boletos para la Banda MS - Panorama Ciudadano<\/title>\n<meta name=\"robots\" content=\"index, follow, max-snippet:-1, max-image-preview:large, max-video-preview:-1\" \/>\n<link rel=\"canonical\" href=\"https:\/\/panoramaciudadano.com\/index.php\/2026\/02\/16\/carnaval-cancun-2026-jovenes-acampan-y-logran-boletos-para-la-banda-ms\/\" \/>\n<meta property=\"og:locale\" content=\"es_ES\" \/>\n<meta property=\"og:type\" content=\"article\" \/>\n<meta property=\"og:title\" content=\"Carnaval Canc\u00fan 2026: j\u00f3venes acampan y logran boletos para la Banda MS - Panorama Ciudadano\" \/>\n<meta property=\"og:description\" content=\"Sin novedad se realiz\u00f3 la entrega de boletos para el concierto de la Banda MS y, alrededor de las 11 de la ma\u00f1ana, ya se hab\u00eda completado el 80 por ciento de la distribuci\u00f3n.\" \/>\n<meta property=\"og:url\" content=\"https:\/\/panoramaciudadano.com\/index.php\/2026\/02\/16\/carnaval-cancun-2026-jovenes-acampan-y-logran-boletos-para-la-banda-ms\/\" \/>\n<meta property=\"og:site_name\" content=\"Panorama Ciudadano\" \/>\n<meta property=\"article:publisher\" content=\"https:\/\/www.facebook.com\/panoramaciudadano\" \/>\n<meta property=\"article:published_time\" content=\"2026-02-16T18:38:34+00:00\" \/>\n<meta property=\"article:modified_time\" content=\"2026-02-16T18:38:37+00:00\" \/>\n<meta property=\"og:image\" content=\"https:\/\/panoramaciudadano.com\/wp-content\/uploads\/2026\/02\/WhatsApp-Image-2026-02-16-at-1.31.54-PM.jpeg\" \/>\n\t<meta property=\"og:image:width\" content=\"1600\" \/>\n\t<meta property=\"og:image:height\" content=\"1200\" \/>\n\t<meta property=\"og:image:type\" content=\"image\/jpeg\" \/>\n<meta name=\"author\" content=\"admin\" \/>\n<meta name=\"twitter:card\" content=\"summary_large_image\" \/>\n<meta name=\"twitter:label1\" content=\"Escrito por\" \/>\n\t<meta name=\"twitter:data1\" content=\"admin\" \/>\n\t<meta name=\"twitter:label2\" content=\"Tiempo de lectura\" \/>\n\t<meta name=\"twitter:data2\" content=\"2 minutos\" \/>\n<script type=\"application\/ld+json\" class=\"yoast-schema-graph\">{\"@context\":\"https:\/\/schema.org\",\"@graph\":[{\"@type\":\"Article\",\"@id\":\"https:\/\/panoramaciudadano.com\/index.php\/2026\/02\/16\/carnaval-cancun-2026-jovenes-acampan-y-logran-boletos-para-la-banda-ms\/#article\",\"isPartOf\":{\"@id\":\"https:\/\/panoramaciudadano.com\/index.php\/2026\/02\/16\/carnaval-cancun-2026-jovenes-acampan-y-logran-boletos-para-la-banda-ms\/\"},\"author\":{\"name\":\"admin\",\"@id\":\"https:\/\/panoramaciudadano.com\/#\/schema\/person\/ffe9fe8ef47d3a93977b5761fd9e0d96\"},\"headline\":\"Carnaval Canc\u00fan 2026: j\u00f3venes acampan y logran boletos para la Banda MS\",\"datePublished\":\"2026-02-16T18:38:34+00:00\",\"dateModified\":\"2026-02-16T18:38:37+00:00\",\"mainEntityOfPage\":{\"@id\":\"https:\/\/panoramaciudadano.com\/index.php\/2026\/02\/16\/carnaval-cancun-2026-jovenes-acampan-y-logran-boletos-para-la-banda-ms\/\"},\"wordCount\":242,\"commentCount\":0,\"publisher\":{\"@id\":\"https:\/\/panoramaciudadano.com\/#organization\"},\"image\":{\"@id\":\"https:\/\/panoramaciudadano.com\/index.php\/2026\/02\/16\/carnaval-cancun-2026-jovenes-acampan-y-logran-boletos-para-la-banda-ms\/#primaryimage\"},\"thumbnailUrl\":\"https:\/\/panoramaciudadano.com\/wp-content\/uploads\/2026\/02\/WhatsApp-Image-2026-02-16-at-1.31.54-PM.jpeg\",\"keywords\":[\"Banda MS\"],\"articleSection\":[\"Canc\u00fan\"],\"inLanguage\":\"es\",\"potentialAction\":[{\"@type\":\"CommentAction\",\"name\":\"Comment\",\"target\":[\"https:\/\/panoramaciudadano.com\/index.php\/2026\/02\/16\/carnaval-cancun-2026-jovenes-acampan-y-logran-boletos-para-la-banda-ms\/#respond\"]}]},{\"@type\":\"WebPage\",\"@id\":\"https:\/\/panoramaciudadano.com\/index.php\/2026\/02\/16\/carnaval-cancun-2026-jovenes-acampan-y-logran-boletos-para-la-banda-ms\/\",\"url\":\"https:\/\/panoramaciudadano.com\/index.php\/2026\/02\/16\/carnaval-cancun-2026-jovenes-acampan-y-logran-boletos-para-la-banda-ms\/\",\"name\":\"Carnaval Canc\u00fan 2026: j\u00f3venes acampan y logran boletos para la Banda MS - Panorama Ciudadano\",\"isPartOf\":{\"@id\":\"https:\/\/panoramaciudadano.com\/#website\"},\"primaryImageOfPage\":{\"@id\":\"https:\/\/panoramaciudadano.com\/index.php\/2026\/02\/16\/carnaval-cancun-2026-jovenes-acampan-y-logran-boletos-para-la-banda-ms\/#primaryimage\"},\"image\":{\"@id\":\"https:\/\/panoramaciudadano.com\/index.php\/2026\/02\/16\/carnaval-cancun-2026-jovenes-acampan-y-logran-boletos-para-la-banda-ms\/#primaryimage\"},\"thumbnailUrl\":\"https:\/\/panoramaciudadano.com\/wp-content\/uploads\/2026\/02\/WhatsApp-Image-2026-02-16-at-1.31.54-PM.jpeg\",\"datePublished\":\"2026-02-16T18:38:34+00:00\",\"dateModified\":\"2026-02-16T18:38:37+00:00\",\"breadcrumb\":{\"@id\":\"https:\/\/panoramaciudadano.com\/index.php\/2026\/02\/16\/carnaval-cancun-2026-jovenes-acampan-y-logran-boletos-para-la-banda-ms\/#breadcrumb\"},\"inLanguage\":\"es\",\"potentialAction\":[{\"@type\":\"ReadAction\",\"target\":[\"https:\/\/panoramaciudadano.com\/index.php\/2026\/02\/16\/carnaval-cancun-2026-jovenes-acampan-y-logran-boletos-para-la-banda-ms\/\"]}]},{\"@type\":\"ImageObject\",\"inLanguage\":\"es\",\"@id\":\"https:\/\/panoramaciudadano.com\/index.php\/2026\/02\/16\/carnaval-cancun-2026-jovenes-acampan-y-logran-boletos-para-la-banda-ms\/#primaryimage\",\"url\":\"https:\/\/panoramaciudadano.com\/wp-content\/uploads\/2026\/02\/WhatsApp-Image-2026-02-16-at-1.31.54-PM.jpeg\",\"contentUrl\":\"https:\/\/panoramaciudadano.com\/wp-content\/uploads\/2026\/02\/WhatsApp-Image-2026-02-16-at-1.31.54-PM.jpeg\",\"width\":1600,\"height\":1200},{\"@type\":\"BreadcrumbList\",\"@id\":\"https:\/\/panoramaciudadano.com\/index.php\/2026\/02\/16\/carnaval-cancun-2026-jovenes-acampan-y-logran-boletos-para-la-banda-ms\/#breadcrumb\",\"itemListElement\":[{\"@type\":\"ListItem\",\"position\":1,\"name\":\"Portada\",\"item\":\"https:\/\/panoramaciudadano.com\/\"},{\"@type\":\"ListItem\",\"position\":2,\"name\":\"Carnaval Canc\u00fan 2026: j\u00f3venes acampan y logran boletos para la Banda MS\"}]},{\"@type\":\"WebSite\",\"@id\":\"https:\/\/panoramaciudadano.com\/#website\",\"url\":\"https:\/\/panoramaciudadano.com\/\",\"name\":\"Panorama Ciudadano\",\"description\":\"\",\"publisher\":{\"@id\":\"https:\/\/panoramaciudadano.com\/#organization\"},\"potentialAction\":[{\"@type\":\"SearchAction\",\"target\":{\"@type\":\"EntryPoint\",\"urlTemplate\":\"https:\/\/panoramaciudadano.com\/?s={search_term_string}\"},\"query-input\":{\"@type\":\"PropertyValueSpecification\",\"valueRequired\":true,\"valueName\":\"search_term_string\"}}],\"inLanguage\":\"es\"},{\"@type\":\"Organization\",\"@id\":\"https:\/\/panoramaciudadano.com\/#organization\",\"name\":\"Panorama Ciudadano\",\"url\":\"https:\/\/panoramaciudadano.com\/\",\"logo\":{\"@type\":\"ImageObject\",\"inLanguage\":\"es\",\"@id\":\"https:\/\/panoramaciudadano.com\/#\/schema\/logo\/image\/\",\"url\":\"https:\/\/panoramaciudadano.com\/wp-content\/uploads\/2024\/05\/401498640_919267042938564_6290593609399108733_n.jpg\",\"contentUrl\":\"https:\/\/panoramaciudadano.com\/wp-content\/uploads\/2024\/05\/401498640_919267042938564_6290593609399108733_n.jpg\",\"width\":960,\"height\":957,\"caption\":\"Panorama Ciudadano\"},\"image\":{\"@id\":\"https:\/\/panoramaciudadano.com\/#\/schema\/logo\/image\/\"},\"sameAs\":[\"https:\/\/www.facebook.com\/panoramaciudadano\"]},{\"@type\":\"Person\",\"@id\":\"https:\/\/panoramaciudadano.com\/#\/schema\/person\/ffe9fe8ef47d3a93977b5761fd9e0d96\",\"name\":\"admin\",\"image\":{\"@type\":\"ImageObject\",\"inLanguage\":\"es\",\"@id\":\"https:\/\/panoramaciudadano.com\/#\/schema\/person\/image\/\",\"url\":\"https:\/\/secure.gravatar.com\/avatar\/2d5a12cacce3f18096f25fadea8abb7202fef18ed669595589853e84260ff451?s=96&d=mm&r=g\",\"contentUrl\":\"https:\/\/secure.gravatar.com\/avatar\/2d5a12cacce3f18096f25fadea8abb7202fef18ed669595589853e84260ff451?s=96&d=mm&r=g\",\"caption\":\"admin\"},\"sameAs\":[\"https:\/\/panoramaciudadano.com\"],\"url\":\"https:\/\/panoramaciudadano.com\/index.php\/author\/admin_3q6hyqq3\/\"}]}<\/script>\n<!-- \/ Yoast SEO plugin. -->","yoast_head_json":{"title":"Carnaval Canc\u00fan 2026: j\u00f3venes acampan y logran boletos para la Banda MS - Panorama Ciudadano","robots":{"index":"index","follow":"follow","max-snippet":"max-snippet:-1","max-image-preview":"max-image-preview:large","max-video-preview":"max-video-preview:-1"},"canonical":"https:\/\/panoramaciudadano.com\/index.php\/2026\/02\/16\/carnaval-cancun-2026-jovenes-acampan-y-logran-boletos-para-la-banda-ms\/","og_locale":"es_ES","og_type":"article","og_title":"Carnaval Canc\u00fan 2026: j\u00f3venes acampan y logran boletos para la Banda MS - Panorama Ciudadano","og_description":"Sin novedad se realiz\u00f3 la entrega de boletos para el concierto de la Banda MS y, alrededor de las 11 de la ma\u00f1ana, ya se hab\u00eda completado el 80 por ciento de la distribuci\u00f3n.","og_url":"https:\/\/panoramaciudadano.com\/index.php\/2026\/02\/16\/carnaval-cancun-2026-jovenes-acampan-y-logran-boletos-para-la-banda-ms\/","og_site_name":"Panorama Ciudadano","article_publisher":"https:\/\/www.facebook.com\/panoramaciudadano","article_published_time":"2026-02-16T18:38:34+00:00","article_modified_time":"2026-02-16T18:38:37+00:00","og_image":[{"width":1600,"height":1200,"url":"https:\/\/panoramaciudadano.com\/wp-content\/uploads\/2026\/02\/WhatsApp-Image-2026-02-16-at-1.31.54-PM.jpeg","type":"image\/jpeg"}],"author":"admin","twitter_card":"summary_large_image","twitter_misc":{"Escrito por":"admin","Tiempo de lectura":"2 minutos"},"schema":{"@context":"https:\/\/schema.org","@graph":[{"@type":"Article","@id":"https:\/\/panoramaciudadano.com\/index.php\/2026\/02\/16\/carnaval-cancun-2026-jovenes-acampan-y-logran-boletos-para-la-banda-ms\/#article","isPartOf":{"@id":"https:\/\/panoramaciudadano.com\/index.php\/2026\/02\/16\/carnaval-cancun-2026-jovenes-acampan-y-logran-boletos-para-la-banda-ms\/"},"author":{"name":"admin","@id":"https:\/\/panoramaciudadano.com\/#\/schema\/person\/ffe9fe8ef47d3a93977b5761fd9e0d96"},"headline":"Carnaval Canc\u00fan 2026: j\u00f3venes acampan y logran boletos para la Banda MS","datePublished":"2026-02-16T18:38:34+00:00","dateModified":"2026-02-16T18:38:37+00:00","mainEntityOfPage":{"@id":"https:\/\/panoramaciudadano.com\/index.php\/2026\/02\/16\/carnaval-cancun-2026-jovenes-acampan-y-logran-boletos-para-la-banda-ms\/"},"wordCount":242,"commentCount":0,"publisher":{"@id":"https:\/\/panoramaciudadano.com\/#organization"},"image":{"@id":"https:\/\/panoramaciudadano.com\/index.php\/2026\/02\/16\/carnaval-cancun-2026-jovenes-acampan-y-logran-boletos-para-la-banda-ms\/#primaryimage"},"thumbnailUrl":"https:\/\/panoramaciudadano.com\/wp-content\/uploads\/2026\/02\/WhatsApp-Image-2026-02-16-at-1.31.54-PM.jpeg","keywords":["Banda MS"],"articleSection":["Canc\u00fan"],"inLanguage":"es","potentialAction":[{"@type":"CommentAction","name":"Comment","target":["https:\/\/panoramaciudadano.com\/index.php\/2026\/02\/16\/carnaval-cancun-2026-jovenes-acampan-y-logran-boletos-para-la-banda-ms\/#respond"]}]},{"@type":"WebPage","@id":"https:\/\/panoramaciudadano.com\/index.php\/2026\/02\/16\/carnaval-cancun-2026-jovenes-acampan-y-logran-boletos-para-la-banda-ms\/","url":"https:\/\/panoramaciudadano.com\/index.php\/2026\/02\/16\/carnaval-cancun-2026-jovenes-acampan-y-logran-boletos-para-la-banda-ms\/","name":"Carnaval Canc\u00fan 2026: j\u00f3venes acampan y logran boletos para la Banda MS - Panorama Ciudadano","isPartOf":{"@id":"https:\/\/panoramaciudadano.com\/#website"},"primaryImageOfPage":{"@id":"https:\/\/panoramaciudadano.com\/index.php\/2026\/02\/16\/carnaval-cancun-2026-jovenes-acampan-y-logran-boletos-para-la-banda-ms\/#primaryimage"},"image":{"@id":"https:\/\/panoramaciudadano.com\/index.php\/2026\/02\/16\/carnaval-cancun-2026-jovenes-acampan-y-logran-boletos-para-la-banda-ms\/#primaryimage"},"thumbnailUrl":"https:\/\/panoramaciudadano.com\/wp-content\/uploads\/2026\/02\/WhatsApp-Image-2026-02-16-at-1.31.54-PM.jpeg","datePublished":"2026-02-16T18:38:34+00:00","dateModified":"2026-02-16T18:38:37+00:00","breadcrumb":{"@id":"https:\/\/panoramaciudadano.com\/index.php\/2026\/02\/16\/carnaval-cancun-2026-jovenes-acampan-y-logran-boletos-para-la-banda-ms\/#breadcrumb"},"inLanguage":"es","potentialAction":[{"@type":"ReadAction","target":["https:\/\/panoramaciudadano.com\/index.php\/2026\/02\/16\/carnaval-cancun-2026-jovenes-acampan-y-logran-boletos-para-la-banda-ms\/"]}]},{"@type":"ImageObject","inLanguage":"es","@id":"https:\/\/panoramaciudadano.com\/index.php\/2026\/02\/16\/carnaval-cancun-2026-jovenes-acampan-y-logran-boletos-para-la-banda-ms\/#primaryimage","url":"https:\/\/panoramaciudadano.com\/wp-content\/uploads\/2026\/02\/WhatsApp-Image-2026-02-16-at-1.31.54-PM.jpeg","contentUrl":"https:\/\/panoramaciudadano.com\/wp-content\/uploads\/2026\/02\/WhatsApp-Image-2026-02-16-at-1.31.54-PM.jpeg","width":1600,"height":1200},{"@type":"BreadcrumbList","@id":"https:\/\/panoramaciudadano.com\/index.php\/2026\/02\/16\/carnaval-cancun-2026-jovenes-acampan-y-logran-boletos-para-la-banda-ms\/#breadcrumb","itemListElement":[{"@type":"ListItem","position":1,"name":"Portada","item":"https:\/\/panoramaciudadano.com\/"},{"@type":"ListItem","position":2,"name":"Carnaval Canc\u00fan 2026: j\u00f3venes acampan y logran boletos para la Banda MS"}]},{"@type":"WebSite","@id":"https:\/\/panoramaciudadano.com\/#website","url":"https:\/\/panoramaciudadano.com\/","name":"Panorama Ciudadano","description":"","publisher":{"@id":"https:\/\/panoramaciudadano.com\/#organization"},"potentialAction":[{"@type":"SearchAction","target":{"@type":"EntryPoint","urlTemplate":"https:\/\/panoramaciudadano.com\/?s={search_term_string}"},"query-input":{"@type":"PropertyValueSpecification","valueRequired":true,"valueName":"search_term_string"}}],"inLanguage":"es"},{"@type":"Organization","@id":"https:\/\/panoramaciudadano.com\/#organization","name":"Panorama Ciudadano","url":"https:\/\/panoramaciudadano.com\/","logo":{"@type":"ImageObject","inLanguage":"es","@id":"https:\/\/panoramaciudadano.com\/#\/schema\/logo\/image\/","url":"https:\/\/panoramaciudadano.com\/wp-content\/uploads\/2024\/05\/401498640_919267042938564_6290593609399108733_n.jpg","contentUrl":"https:\/\/panoramaciudadano.com\/wp-content\/uploads\/2024\/05\/401498640_919267042938564_6290593609399108733_n.jpg","width":960,"height":957,"caption":"Panorama Ciudadano"},"image":{"@id":"https:\/\/panoramaciudadano.com\/#\/schema\/logo\/image\/"},"sameAs":["https:\/\/www.facebook.com\/panoramaciudadano"]},{"@type":"Person","@id":"https:\/\/panoramaciudadano.com\/#\/schema\/person\/ffe9fe8ef47d3a93977b5761fd9e0d96","name":"admin","image":{"@type":"ImageObject","inLanguage":"es","@id":"https:\/\/panoramaciudadano.com\/#\/schema\/person\/image\/","url":"https:\/\/secure.gravatar.com\/avatar\/2d5a12cacce3f18096f25fadea8abb7202fef18ed669595589853e84260ff451?s=96&d=mm&r=g","contentUrl":"https:\/\/secure.gravatar.com\/avatar\/2d5a12cacce3f18096f25fadea8abb7202fef18ed669595589853e84260ff451?s=96&d=mm&r=g","caption":"admin"},"sameAs":["https:\/\/panoramaciudadano.com"],"url":"https:\/\/panoramaciudadano.com\/index.php\/author\/admin_3q6hyqq3\/"}]}},"_links":{"self":[{"href":"https:\/\/panoramaciudadano.com\/index.php\/wp-json\/wp\/v2\/posts\/30602","targetHints":{"allow":["GET"]}}],"collection":[{"href":"https:\/\/panoramaciudadano.com\/index.php\/wp-json\/wp\/v2\/posts"}],"about":[{"href":"https:\/\/panoramaciudadano.com\/index.php\/wp-json\/wp\/v2\/types\/post"}],"author":[{"embeddable":true,"href":"https:\/\/panoramaciudadano.com\/index.php\/wp-json\/wp\/v2\/users\/1"}],"replies":[{"embeddable":true,"href":"https:\/\/panoramaciudadano.com\/index.php\/wp-json\/wp\/v2\/comments?post=30602"}],"version-history":[{"count":1,"href":"https:\/\/panoramaciudadano.com\/index.php\/wp-json\/wp\/v2\/posts\/30602\/revisions"}],"predecessor-version":[{"id":30606,"href":"https:\/\/panoramaciudadano.com\/index.php\/wp-json\/wp\/v2\/posts\/30602\/revisions\/30606"}],"wp:featuredmedia":[{"embeddable":true,"href":"https:\/\/panoramaciudadano.com\/index.php\/wp-json\/wp\/v2\/media\/30604"}],"wp:attachment":[{"href":"https:\/\/panoramaciudadano.com\/index.php\/wp-json\/wp\/v2\/media?parent=30602"}],"wp:term":[{"taxonomy":"category","embeddable":true,"href":"https:\/\/panoramaciudadano.com\/index.php\/wp-json\/wp\/v2\/categories?post=30602"},{"taxonomy":"post_tag","embeddable":true,"href":"https:\/\/panoramaciudadano.com\/index.php\/wp-json\/wp\/v2\/tags?post=30602"}],"curies":[{"name":"wp","href":"https:\/\/api.w.org\/{rel}","templated":true}]}}