{"id":30608,"date":"2026-02-17T10:02:49","date_gmt":"2026-02-17T15:02:49","guid":{"rendered":"https:\/\/panoramaciudadano.com\/?p=30608"},"modified":"2026-02-17T10:02:51","modified_gmt":"2026-02-17T15:02:51","slug":"clausura-ana-paty-peralta-basurero-clandestino-a-un-costado-de-aeropuerto-internacional-de-cancun","status":"publish","type":"post","link":"https:\/\/panoramaciudadano.com\/index.php\/2026\/02\/17\/clausura-ana-paty-peralta-basurero-clandestino-a-un-costado-de-aeropuerto-internacional-de-cancun\/","title":{"rendered":"CLAUSURA ANA PATY PERALTA BASURERO CLANDESTINO A UN COSTADO DE AEROPUERTO INTERNACIONAL DE CANC\u00daN"},"content":{"rendered":"\n<figure class=\"wp-block-gallery has-nested-images columns-default is-cropped wp-block-gallery-1 is-layout-flex wp-block-gallery-is-layout-flex\">\n<figure class=\"wp-block-image size-large\"><img decoding=\"async\" width=\"1024\" height=\"576\" data-id=\"30610\" src=\"https:\/\/panoramaciudadano.com\/wp-content\/uploads\/2026\/02\/WhatsApp-Image-2026-02-16-at-8.16.02-PM-1-1-1024x576.jpeg\" alt=\"\" class=\"wp-image-30610\" srcset=\"https:\/\/panoramaciudadano.com\/wp-content\/uploads\/2026\/02\/WhatsApp-Image-2026-02-16-at-8.16.02-PM-1-1-1024x576.jpeg 1024w, https:\/\/panoramaciudadano.com\/wp-content\/uploads\/2026\/02\/WhatsApp-Image-2026-02-16-at-8.16.02-PM-1-1-300x169.jpeg 300w, https:\/\/panoramaciudadano.com\/wp-content\/uploads\/2026\/02\/WhatsApp-Image-2026-02-16-at-8.16.02-PM-1-1-768x432.jpeg 768w, https:\/\/panoramaciudadano.com\/wp-content\/uploads\/2026\/02\/WhatsApp-Image-2026-02-16-at-8.16.02-PM-1-1-1536x864.jpeg 1536w, https:\/\/panoramaciudadano.com\/wp-content\/uploads\/2026\/02\/WhatsApp-Image-2026-02-16-at-8.16.02-PM-1-1.jpeg 1600w\" sizes=\"(max-width: 1024px) 100vw, 1024px\" \/><\/figure>\n\n\n\n<figure class=\"wp-block-image size-large\"><img decoding=\"async\" width=\"1024\" height=\"682\" data-id=\"30611\" src=\"https:\/\/panoramaciudadano.com\/wp-content\/uploads\/2026\/02\/WhatsApp-Image-2026-02-16-at-8.16.02-PM-2-1024x682.jpeg\" alt=\"\" class=\"wp-image-30611\" srcset=\"https:\/\/panoramaciudadano.com\/wp-content\/uploads\/2026\/02\/WhatsApp-Image-2026-02-16-at-8.16.02-PM-2-1024x682.jpeg 1024w, https:\/\/panoramaciudadano.com\/wp-content\/uploads\/2026\/02\/WhatsApp-Image-2026-02-16-at-8.16.02-PM-2-300x200.jpeg 300w, https:\/\/panoramaciudadano.com\/wp-content\/uploads\/2026\/02\/WhatsApp-Image-2026-02-16-at-8.16.02-PM-2-768x512.jpeg 768w, https:\/\/panoramaciudadano.com\/wp-content\/uploads\/2026\/02\/WhatsApp-Image-2026-02-16-at-8.16.02-PM-2-1536x1023.jpeg 1536w, https:\/\/panoramaciudadano.com\/wp-content\/uploads\/2026\/02\/WhatsApp-Image-2026-02-16-at-8.16.02-PM-2.jpeg 1600w\" sizes=\"(max-width: 1024px) 100vw, 1024px\" \/><\/figure>\n\n\n\n<figure class=\"wp-block-image size-large\"><img decoding=\"async\" width=\"1024\" height=\"739\" data-id=\"30613\" src=\"https:\/\/panoramaciudadano.com\/wp-content\/uploads\/2026\/02\/WhatsApp-Image-2026-02-16-at-8.16.02-PM-3-1024x739.jpeg\" alt=\"\" class=\"wp-image-30613\" srcset=\"https:\/\/panoramaciudadano.com\/wp-content\/uploads\/2026\/02\/WhatsApp-Image-2026-02-16-at-8.16.02-PM-3-1024x739.jpeg 1024w, https:\/\/panoramaciudadano.com\/wp-content\/uploads\/2026\/02\/WhatsApp-Image-2026-02-16-at-8.16.02-PM-3-300x216.jpeg 300w, https:\/\/panoramaciudadano.com\/wp-content\/uploads\/2026\/02\/WhatsApp-Image-2026-02-16-at-8.16.02-PM-3-768x554.jpeg 768w, https:\/\/panoramaciudadano.com\/wp-content\/uploads\/2026\/02\/WhatsApp-Image-2026-02-16-at-8.16.02-PM-3-1536x1108.jpeg 1536w, https:\/\/panoramaciudadano.com\/wp-content\/uploads\/2026\/02\/WhatsApp-Image-2026-02-16-at-8.16.02-PM-3.jpeg 1600w\" sizes=\"(max-width: 1024px) 100vw, 1024px\" \/><\/figure>\n\n\n\n<figure class=\"wp-block-image size-large\"><img decoding=\"async\" width=\"1024\" height=\"682\" data-id=\"30612\" src=\"https:\/\/panoramaciudadano.com\/wp-content\/uploads\/2026\/02\/WhatsApp-Image-2026-02-16-at-8.16.02-PM-1024x682.jpeg\" alt=\"\" class=\"wp-image-30612\" srcset=\"https:\/\/panoramaciudadano.com\/wp-content\/uploads\/2026\/02\/WhatsApp-Image-2026-02-16-at-8.16.02-PM-1024x682.jpeg 1024w, https:\/\/panoramaciudadano.com\/wp-content\/uploads\/2026\/02\/WhatsApp-Image-2026-02-16-at-8.16.02-PM-300x200.jpeg 300w, https:\/\/panoramaciudadano.com\/wp-content\/uploads\/2026\/02\/WhatsApp-Image-2026-02-16-at-8.16.02-PM-768x512.jpeg 768w, https:\/\/panoramaciudadano.com\/wp-content\/uploads\/2026\/02\/WhatsApp-Image-2026-02-16-at-8.16.02-PM-1536x1023.jpeg 1536w, https:\/\/panoramaciudadano.com\/wp-content\/uploads\/2026\/02\/WhatsApp-Image-2026-02-16-at-8.16.02-PM.jpeg 1600w\" sizes=\"(max-width: 1024px) 100vw, 1024px\" \/><\/figure>\n<\/figure>\n\n\n\n<p>La Presidenta Municipal, Ana Paty Peralta, encabez\u00f3 la clausura inmediata de un basurero clandestino detectado a un costado del Aeropuerto Internacional de Canc\u00fan, y reiter\u00f3 que su administraci\u00f3n mantiene una pol\u00edtica de cero tolerancia y cero impunidad contra quienes incurran en delitos ambientales.<\/p>\n\n\n\n<p>Durante el operativo, realizado en coordinaci\u00f3n con la Secretar\u00eda de Ecolog\u00eda y Medio Ambiente (SEMA) de Quintana Roo, la Protecci\u00f3n al Ambiente de Quintana Roo (PPA), la Direcci\u00f3n General de Ecolog\u00eda y las Unidades Verdes de Siresol, se identificaron decenas de toneladas de residuos s\u00f3lidos urbanos y de manejo especial, entre ellos org\u00e1nicos en descomposici\u00f3n, pl\u00e1sticos, cart\u00f3n, metales y medicamentos caducos, representando un riesgo sanitario y un foco de contaminaci\u00f3n directa al suelo y los mantos fre\u00e1ticos.<\/p>\n\n\n\n<p>La Alcaldesa afirm\u00f3 que en Canc\u00fan no hay espacio para quienes lucran o act\u00faan con irresponsabilidad a costa del ecosistema, y detall\u00f3 que se contin\u00faa actuando con firmeza, clausurando, investigando y sancionando. \u201cAqu\u00ed hay cero tolerancia contra los tiraderos clandestinos\u201d, subray\u00f3.<\/p>\n\n\n\n<p>Asimismo, inform\u00f3 que el caso fue turnado a la SEMA de Quintana Roo y a las instancias competentes para el deslinde de responsabilidades y la aplicaci\u00f3n de sanciones ejemplares, que pueden derivar en multas econ\u00f3micas de alto impacto e incluso responsabilidades penales.<\/p>\n\n\n\n<p>En ese sentido, el titular de la SEMA, \u00d3scar Alberto R\u00e9bora Aguilera, advirti\u00f3 que, de confirmarse la participaci\u00f3n de alguna empresa privada, \u00e9sta deber\u00e1 responder por los da\u00f1os ambientales ocasionados, al tratarse de una conducta que vulnera la normatividad en materia de gesti\u00f3n integral de residuos y representa un delito ambiental.<\/p>\n\n\n\n<p>Ana Paty Peralta destac\u00f3 que estas acciones no son hechos aislados, sino parte de una estrategia permanente de saneamiento y ordenamiento ambiental que el Ayuntamiento ejerce todos los d\u00edas, la cual incluye: operativos de supervisi\u00f3n y vigilancia en puntos cr\u00edticos; atenci\u00f3n inmediata a reportes ciudadanos; retiro diario de residuos en colonias y Supermanzanas; erradicaci\u00f3n y limpieza de tiraderos clandestinos; coordinaci\u00f3n interinstitucional para fortalecer la cultura de disposici\u00f3n adecuada de residuos, entre otras acciones.<\/p>\n\n\n\n<p>Finalmente, la Presidenta Municipal hizo un llamado a la ciudadan\u00eda para denunciar cualquier actividad irregular relacionada con disposici\u00f3n ilegal de residuos al n\u00famero 998 778 4500, reforzando as\u00ed la corresponsabilidad social en la protecci\u00f3n ambiental.<\/p>\n\n\n\n<p>En la clausura participaron: el procurador de Protecci\u00f3n al Ambiente de Quintana Roo (PPA), Alonso Fern\u00e1ndez Lemmen Meyer; el secretario general del Ayuntamiento, Pablo Guti\u00e9rrez Fern\u00e1ndez; el director general de Ecolog\u00eda, Fernando Haro Salinas; y el titular del organismo descentralizado Soluci\u00f3n Integral de Residuos S\u00f3lidos (SIRESOL), Frantz Ancira Mart\u00ednez.<\/p>\n\n\n\n<hr class=\"wp-block-separator has-alpha-channel-opacity\"\/>\n","protected":false},"excerpt":{"rendered":"<p>La Presidenta Municipal, Ana Paty Peralta, encabez\u00f3 la clausura inmediata de un basurero clandestino detectado a un costado del Aeropuerto Internacional de Canc\u00fan, y reiter\u00f3 que su administraci\u00f3n mantiene una pol\u00edtica de cero tolerancia y cero impunidad contra quienes incurran en delitos ambientales.<\/p>\n","protected":false},"author":1,"featured_media":30613,"comment_status":"open","ping_status":"closed","sticky":false,"template":"","format":"standard","meta":{"footnotes":""},"categories":[6],"tags":[145],"class_list":["post-30608","post","type-post","status-publish","format-standard","has-post-thumbnail","hentry","category-cancun","tag-ana-paty-peralta"],"yoast_head":"<!-- This site is optimized with the Yoast SEO plugin v27.1.1 - https:\/\/yoast.com\/product\/yoast-seo-wordpress\/ -->\n<title>CLAUSURA ANA PATY PERALTA BASURERO CLANDESTINO A UN COSTADO DE AEROPUERTO INTERNACIONAL DE CANC\u00daN - Panorama Ciudadano<\/title>\n<meta name=\"robots\" content=\"index, follow, max-snippet:-1, max-image-preview:large, max-video-preview:-1\" \/>\n<link rel=\"canonical\" href=\"https:\/\/panoramaciudadano.com\/index.php\/2026\/02\/17\/clausura-ana-paty-peralta-basurero-clandestino-a-un-costado-de-aeropuerto-internacional-de-cancun\/\" \/>\n<meta property=\"og:locale\" content=\"es_ES\" \/>\n<meta property=\"og:type\" content=\"article\" \/>\n<meta property=\"og:title\" content=\"CLAUSURA ANA PATY PERALTA BASURERO CLANDESTINO A UN COSTADO DE AEROPUERTO INTERNACIONAL DE CANC\u00daN - Panorama Ciudadano\" \/>\n<meta property=\"og:description\" content=\"La Presidenta Municipal, Ana Paty Peralta, encabez\u00f3 la clausura inmediata de un basurero clandestino detectado a un costado del Aeropuerto Internacional de Canc\u00fan, y reiter\u00f3 que su administraci\u00f3n mantiene una pol\u00edtica de cero tolerancia y cero impunidad contra quienes incurran en delitos ambientales.\" \/>\n<meta property=\"og:url\" content=\"https:\/\/panoramaciudadano.com\/index.php\/2026\/02\/17\/clausura-ana-paty-peralta-basurero-clandestino-a-un-costado-de-aeropuerto-internacional-de-cancun\/\" \/>\n<meta property=\"og:site_name\" content=\"Panorama Ciudadano\" \/>\n<meta property=\"article:publisher\" content=\"https:\/\/www.facebook.com\/panoramaciudadano\" \/>\n<meta property=\"article:published_time\" content=\"2026-02-17T15:02:49+00:00\" \/>\n<meta property=\"article:modified_time\" content=\"2026-02-17T15:02:51+00:00\" \/>\n<meta property=\"og:image\" content=\"https:\/\/panoramaciudadano.com\/wp-content\/uploads\/2026\/02\/WhatsApp-Image-2026-02-16-at-8.16.02-PM-3.jpeg\" \/>\n\t<meta property=\"og:image:width\" content=\"1600\" \/>\n\t<meta property=\"og:image:height\" content=\"1154\" \/>\n\t<meta property=\"og:image:type\" content=\"image\/jpeg\" \/>\n<meta name=\"author\" content=\"admin\" \/>\n<meta name=\"twitter:card\" content=\"summary_large_image\" \/>\n<meta name=\"twitter:label1\" content=\"Escrito por\" \/>\n\t<meta name=\"twitter:data1\" content=\"admin\" \/>\n\t<meta name=\"twitter:label2\" content=\"Tiempo de lectura\" \/>\n\t<meta name=\"twitter:data2\" content=\"3 minutos\" \/>\n<script type=\"application\/ld+json\" class=\"yoast-schema-graph\">{\"@context\":\"https:\/\/schema.org\",\"@graph\":[{\"@type\":\"Article\",\"@id\":\"https:\/\/panoramaciudadano.com\/index.php\/2026\/02\/17\/clausura-ana-paty-peralta-basurero-clandestino-a-un-costado-de-aeropuerto-internacional-de-cancun\/#article\",\"isPartOf\":{\"@id\":\"https:\/\/panoramaciudadano.com\/index.php\/2026\/02\/17\/clausura-ana-paty-peralta-basurero-clandestino-a-un-costado-de-aeropuerto-internacional-de-cancun\/\"},\"author\":{\"name\":\"admin\",\"@id\":\"https:\/\/panoramaciudadano.com\/#\/schema\/person\/ffe9fe8ef47d3a93977b5761fd9e0d96\"},\"headline\":\"CLAUSURA ANA PATY PERALTA BASURERO CLANDESTINO A UN COSTADO DE AEROPUERTO INTERNACIONAL DE CANC\u00daN\",\"datePublished\":\"2026-02-17T15:02:49+00:00\",\"dateModified\":\"2026-02-17T15:02:51+00:00\",\"mainEntityOfPage\":{\"@id\":\"https:\/\/panoramaciudadano.com\/index.php\/2026\/02\/17\/clausura-ana-paty-peralta-basurero-clandestino-a-un-costado-de-aeropuerto-internacional-de-cancun\/\"},\"wordCount\":467,\"commentCount\":0,\"publisher\":{\"@id\":\"https:\/\/panoramaciudadano.com\/#organization\"},\"image\":{\"@id\":\"https:\/\/panoramaciudadano.com\/index.php\/2026\/02\/17\/clausura-ana-paty-peralta-basurero-clandestino-a-un-costado-de-aeropuerto-internacional-de-cancun\/#primaryimage\"},\"thumbnailUrl\":\"https:\/\/panoramaciudadano.com\/wp-content\/uploads\/2026\/02\/WhatsApp-Image-2026-02-16-at-8.16.02-PM-3.jpeg\",\"keywords\":[\"Ana Paty Peralta\"],\"articleSection\":[\"Canc\u00fan\"],\"inLanguage\":\"es\",\"potentialAction\":[{\"@type\":\"CommentAction\",\"name\":\"Comment\",\"target\":[\"https:\/\/panoramaciudadano.com\/index.php\/2026\/02\/17\/clausura-ana-paty-peralta-basurero-clandestino-a-un-costado-de-aeropuerto-internacional-de-cancun\/#respond\"]}]},{\"@type\":\"WebPage\",\"@id\":\"https:\/\/panoramaciudadano.com\/index.php\/2026\/02\/17\/clausura-ana-paty-peralta-basurero-clandestino-a-un-costado-de-aeropuerto-internacional-de-cancun\/\",\"url\":\"https:\/\/panoramaciudadano.com\/index.php\/2026\/02\/17\/clausura-ana-paty-peralta-basurero-clandestino-a-un-costado-de-aeropuerto-internacional-de-cancun\/\",\"name\":\"CLAUSURA ANA PATY PERALTA BASURERO CLANDESTINO A UN COSTADO DE AEROPUERTO INTERNACIONAL DE CANC\u00daN - Panorama Ciudadano\",\"isPartOf\":{\"@id\":\"https:\/\/panoramaciudadano.com\/#website\"},\"primaryImageOfPage\":{\"@id\":\"https:\/\/panoramaciudadano.com\/index.php\/2026\/02\/17\/clausura-ana-paty-peralta-basurero-clandestino-a-un-costado-de-aeropuerto-internacional-de-cancun\/#primaryimage\"},\"image\":{\"@id\":\"https:\/\/panoramaciudadano.com\/index.php\/2026\/02\/17\/clausura-ana-paty-peralta-basurero-clandestino-a-un-costado-de-aeropuerto-internacional-de-cancun\/#primaryimage\"},\"thumbnailUrl\":\"https:\/\/panoramaciudadano.com\/wp-content\/uploads\/2026\/02\/WhatsApp-Image-2026-02-16-at-8.16.02-PM-3.jpeg\",\"datePublished\":\"2026-02-17T15:02:49+00:00\",\"dateModified\":\"2026-02-17T15:02:51+00:00\",\"breadcrumb\":{\"@id\":\"https:\/\/panoramaciudadano.com\/index.php\/2026\/02\/17\/clausura-ana-paty-peralta-basurero-clandestino-a-un-costado-de-aeropuerto-internacional-de-cancun\/#breadcrumb\"},\"inLanguage\":\"es\",\"potentialAction\":[{\"@type\":\"ReadAction\",\"target\":[\"https:\/\/panoramaciudadano.com\/index.php\/2026\/02\/17\/clausura-ana-paty-peralta-basurero-clandestino-a-un-costado-de-aeropuerto-internacional-de-cancun\/\"]}]},{\"@type\":\"ImageObject\",\"inLanguage\":\"es\",\"@id\":\"https:\/\/panoramaciudadano.com\/index.php\/2026\/02\/17\/clausura-ana-paty-peralta-basurero-clandestino-a-un-costado-de-aeropuerto-internacional-de-cancun\/#primaryimage\",\"url\":\"https:\/\/panoramaciudadano.com\/wp-content\/uploads\/2026\/02\/WhatsApp-Image-2026-02-16-at-8.16.02-PM-3.jpeg\",\"contentUrl\":\"https:\/\/panoramaciudadano.com\/wp-content\/uploads\/2026\/02\/WhatsApp-Image-2026-02-16-at-8.16.02-PM-3.jpeg\",\"width\":1600,\"height\":1154},{\"@type\":\"BreadcrumbList\",\"@id\":\"https:\/\/panoramaciudadano.com\/index.php\/2026\/02\/17\/clausura-ana-paty-peralta-basurero-clandestino-a-un-costado-de-aeropuerto-internacional-de-cancun\/#breadcrumb\",\"itemListElement\":[{\"@type\":\"ListItem\",\"position\":1,\"name\":\"Portada\",\"item\":\"https:\/\/panoramaciudadano.com\/\"},{\"@type\":\"ListItem\",\"position\":2,\"name\":\"CLAUSURA ANA PATY PERALTA BASURERO CLANDESTINO A UN COSTADO DE AEROPUERTO INTERNACIONAL DE CANC\u00daN\"}]},{\"@type\":\"WebSite\",\"@id\":\"https:\/\/panoramaciudadano.com\/#website\",\"url\":\"https:\/\/panoramaciudadano.com\/\",\"name\":\"Panorama Ciudadano\",\"description\":\"\",\"publisher\":{\"@id\":\"https:\/\/panoramaciudadano.com\/#organization\"},\"potentialAction\":[{\"@type\":\"SearchAction\",\"target\":{\"@type\":\"EntryPoint\",\"urlTemplate\":\"https:\/\/panoramaciudadano.com\/?s={search_term_string}\"},\"query-input\":{\"@type\":\"PropertyValueSpecification\",\"valueRequired\":true,\"valueName\":\"search_term_string\"}}],\"inLanguage\":\"es\"},{\"@type\":\"Organization\",\"@id\":\"https:\/\/panoramaciudadano.com\/#organization\",\"name\":\"Panorama Ciudadano\",\"url\":\"https:\/\/panoramaciudadano.com\/\",\"logo\":{\"@type\":\"ImageObject\",\"inLanguage\":\"es\",\"@id\":\"https:\/\/panoramaciudadano.com\/#\/schema\/logo\/image\/\",\"url\":\"https:\/\/panoramaciudadano.com\/wp-content\/uploads\/2024\/05\/401498640_919267042938564_6290593609399108733_n.jpg\",\"contentUrl\":\"https:\/\/panoramaciudadano.com\/wp-content\/uploads\/2024\/05\/401498640_919267042938564_6290593609399108733_n.jpg\",\"width\":960,\"height\":957,\"caption\":\"Panorama Ciudadano\"},\"image\":{\"@id\":\"https:\/\/panoramaciudadano.com\/#\/schema\/logo\/image\/\"},\"sameAs\":[\"https:\/\/www.facebook.com\/panoramaciudadano\"]},{\"@type\":\"Person\",\"@id\":\"https:\/\/panoramaciudadano.com\/#\/schema\/person\/ffe9fe8ef47d3a93977b5761fd9e0d96\",\"name\":\"admin\",\"image\":{\"@type\":\"ImageObject\",\"inLanguage\":\"es\",\"@id\":\"https:\/\/panoramaciudadano.com\/#\/schema\/person\/image\/\",\"url\":\"https:\/\/secure.gravatar.com\/avatar\/2d5a12cacce3f18096f25fadea8abb7202fef18ed669595589853e84260ff451?s=96&d=mm&r=g\",\"contentUrl\":\"https:\/\/secure.gravatar.com\/avatar\/2d5a12cacce3f18096f25fadea8abb7202fef18ed669595589853e84260ff451?s=96&d=mm&r=g\",\"caption\":\"admin\"},\"sameAs\":[\"https:\/\/panoramaciudadano.com\"],\"url\":\"https:\/\/panoramaciudadano.com\/index.php\/author\/admin_3q6hyqq3\/\"}]}<\/script>\n<!-- \/ Yoast SEO plugin. -->","yoast_head_json":{"title":"CLAUSURA ANA PATY PERALTA BASURERO CLANDESTINO A UN COSTADO DE AEROPUERTO INTERNACIONAL DE CANC\u00daN - Panorama Ciudadano","robots":{"index":"index","follow":"follow","max-snippet":"max-snippet:-1","max-image-preview":"max-image-preview:large","max-video-preview":"max-video-preview:-1"},"canonical":"https:\/\/panoramaciudadano.com\/index.php\/2026\/02\/17\/clausura-ana-paty-peralta-basurero-clandestino-a-un-costado-de-aeropuerto-internacional-de-cancun\/","og_locale":"es_ES","og_type":"article","og_title":"CLAUSURA ANA PATY PERALTA BASURERO CLANDESTINO A UN COSTADO DE AEROPUERTO INTERNACIONAL DE CANC\u00daN - Panorama Ciudadano","og_description":"La Presidenta Municipal, Ana Paty Peralta, encabez\u00f3 la clausura inmediata de un basurero clandestino detectado a un costado del Aeropuerto Internacional de Canc\u00fan, y reiter\u00f3 que su administraci\u00f3n mantiene una pol\u00edtica de cero tolerancia y cero impunidad contra quienes incurran en delitos ambientales.","og_url":"https:\/\/panoramaciudadano.com\/index.php\/2026\/02\/17\/clausura-ana-paty-peralta-basurero-clandestino-a-un-costado-de-aeropuerto-internacional-de-cancun\/","og_site_name":"Panorama Ciudadano","article_publisher":"https:\/\/www.facebook.com\/panoramaciudadano","article_published_time":"2026-02-17T15:02:49+00:00","article_modified_time":"2026-02-17T15:02:51+00:00","og_image":[{"width":1600,"height":1154,"url":"https:\/\/panoramaciudadano.com\/wp-content\/uploads\/2026\/02\/WhatsApp-Image-2026-02-16-at-8.16.02-PM-3.jpeg","type":"image\/jpeg"}],"author":"admin","twitter_card":"summary_large_image","twitter_misc":{"Escrito por":"admin","Tiempo de lectura":"3 minutos"},"schema":{"@context":"https:\/\/schema.org","@graph":[{"@type":"Article","@id":"https:\/\/panoramaciudadano.com\/index.php\/2026\/02\/17\/clausura-ana-paty-peralta-basurero-clandestino-a-un-costado-de-aeropuerto-internacional-de-cancun\/#article","isPartOf":{"@id":"https:\/\/panoramaciudadano.com\/index.php\/2026\/02\/17\/clausura-ana-paty-peralta-basurero-clandestino-a-un-costado-de-aeropuerto-internacional-de-cancun\/"},"author":{"name":"admin","@id":"https:\/\/panoramaciudadano.com\/#\/schema\/person\/ffe9fe8ef47d3a93977b5761fd9e0d96"},"headline":"CLAUSURA ANA PATY PERALTA BASURERO CLANDESTINO A UN COSTADO DE AEROPUERTO INTERNACIONAL DE CANC\u00daN","datePublished":"2026-02-17T15:02:49+00:00","dateModified":"2026-02-17T15:02:51+00:00","mainEntityOfPage":{"@id":"https:\/\/panoramaciudadano.com\/index.php\/2026\/02\/17\/clausura-ana-paty-peralta-basurero-clandestino-a-un-costado-de-aeropuerto-internacional-de-cancun\/"},"wordCount":467,"commentCount":0,"publisher":{"@id":"https:\/\/panoramaciudadano.com\/#organization"},"image":{"@id":"https:\/\/panoramaciudadano.com\/index.php\/2026\/02\/17\/clausura-ana-paty-peralta-basurero-clandestino-a-un-costado-de-aeropuerto-internacional-de-cancun\/#primaryimage"},"thumbnailUrl":"https:\/\/panoramaciudadano.com\/wp-content\/uploads\/2026\/02\/WhatsApp-Image-2026-02-16-at-8.16.02-PM-3.jpeg","keywords":["Ana Paty Peralta"],"articleSection":["Canc\u00fan"],"inLanguage":"es","potentialAction":[{"@type":"CommentAction","name":"Comment","target":["https:\/\/panoramaciudadano.com\/index.php\/2026\/02\/17\/clausura-ana-paty-peralta-basurero-clandestino-a-un-costado-de-aeropuerto-internacional-de-cancun\/#respond"]}]},{"@type":"WebPage","@id":"https:\/\/panoramaciudadano.com\/index.php\/2026\/02\/17\/clausura-ana-paty-peralta-basurero-clandestino-a-un-costado-de-aeropuerto-internacional-de-cancun\/","url":"https:\/\/panoramaciudadano.com\/index.php\/2026\/02\/17\/clausura-ana-paty-peralta-basurero-clandestino-a-un-costado-de-aeropuerto-internacional-de-cancun\/","name":"CLAUSURA ANA PATY PERALTA BASURERO CLANDESTINO A UN COSTADO DE AEROPUERTO INTERNACIONAL DE CANC\u00daN - Panorama Ciudadano","isPartOf":{"@id":"https:\/\/panoramaciudadano.com\/#website"},"primaryImageOfPage":{"@id":"https:\/\/panoramaciudadano.com\/index.php\/2026\/02\/17\/clausura-ana-paty-peralta-basurero-clandestino-a-un-costado-de-aeropuerto-internacional-de-cancun\/#primaryimage"},"image":{"@id":"https:\/\/panoramaciudadano.com\/index.php\/2026\/02\/17\/clausura-ana-paty-peralta-basurero-clandestino-a-un-costado-de-aeropuerto-internacional-de-cancun\/#primaryimage"},"thumbnailUrl":"https:\/\/panoramaciudadano.com\/wp-content\/uploads\/2026\/02\/WhatsApp-Image-2026-02-16-at-8.16.02-PM-3.jpeg","datePublished":"2026-02-17T15:02:49+00:00","dateModified":"2026-02-17T15:02:51+00:00","breadcrumb":{"@id":"https:\/\/panoramaciudadano.com\/index.php\/2026\/02\/17\/clausura-ana-paty-peralta-basurero-clandestino-a-un-costado-de-aeropuerto-internacional-de-cancun\/#breadcrumb"},"inLanguage":"es","potentialAction":[{"@type":"ReadAction","target":["https:\/\/panoramaciudadano.com\/index.php\/2026\/02\/17\/clausura-ana-paty-peralta-basurero-clandestino-a-un-costado-de-aeropuerto-internacional-de-cancun\/"]}]},{"@type":"ImageObject","inLanguage":"es","@id":"https:\/\/panoramaciudadano.com\/index.php\/2026\/02\/17\/clausura-ana-paty-peralta-basurero-clandestino-a-un-costado-de-aeropuerto-internacional-de-cancun\/#primaryimage","url":"https:\/\/panoramaciudadano.com\/wp-content\/uploads\/2026\/02\/WhatsApp-Image-2026-02-16-at-8.16.02-PM-3.jpeg","contentUrl":"https:\/\/panoramaciudadano.com\/wp-content\/uploads\/2026\/02\/WhatsApp-Image-2026-02-16-at-8.16.02-PM-3.jpeg","width":1600,"height":1154},{"@type":"BreadcrumbList","@id":"https:\/\/panoramaciudadano.com\/index.php\/2026\/02\/17\/clausura-ana-paty-peralta-basurero-clandestino-a-un-costado-de-aeropuerto-internacional-de-cancun\/#breadcrumb","itemListElement":[{"@type":"ListItem","position":1,"name":"Portada","item":"https:\/\/panoramaciudadano.com\/"},{"@type":"ListItem","position":2,"name":"CLAUSURA ANA PATY PERALTA BASURERO CLANDESTINO A UN COSTADO DE AEROPUERTO INTERNACIONAL DE CANC\u00daN"}]},{"@type":"WebSite","@id":"https:\/\/panoramaciudadano.com\/#website","url":"https:\/\/panoramaciudadano.com\/","name":"Panorama Ciudadano","description":"","publisher":{"@id":"https:\/\/panoramaciudadano.com\/#organization"},"potentialAction":[{"@type":"SearchAction","target":{"@type":"EntryPoint","urlTemplate":"https:\/\/panoramaciudadano.com\/?s={search_term_string}"},"query-input":{"@type":"PropertyValueSpecification","valueRequired":true,"valueName":"search_term_string"}}],"inLanguage":"es"},{"@type":"Organization","@id":"https:\/\/panoramaciudadano.com\/#organization","name":"Panorama Ciudadano","url":"https:\/\/panoramaciudadano.com\/","logo":{"@type":"ImageObject","inLanguage":"es","@id":"https:\/\/panoramaciudadano.com\/#\/schema\/logo\/image\/","url":"https:\/\/panoramaciudadano.com\/wp-content\/uploads\/2024\/05\/401498640_919267042938564_6290593609399108733_n.jpg","contentUrl":"https:\/\/panoramaciudadano.com\/wp-content\/uploads\/2024\/05\/401498640_919267042938564_6290593609399108733_n.jpg","width":960,"height":957,"caption":"Panorama Ciudadano"},"image":{"@id":"https:\/\/panoramaciudadano.com\/#\/schema\/logo\/image\/"},"sameAs":["https:\/\/www.facebook.com\/panoramaciudadano"]},{"@type":"Person","@id":"https:\/\/panoramaciudadano.com\/#\/schema\/person\/ffe9fe8ef47d3a93977b5761fd9e0d96","name":"admin","image":{"@type":"ImageObject","inLanguage":"es","@id":"https:\/\/panoramaciudadano.com\/#\/schema\/person\/image\/","url":"https:\/\/secure.gravatar.com\/avatar\/2d5a12cacce3f18096f25fadea8abb7202fef18ed669595589853e84260ff451?s=96&d=mm&r=g","contentUrl":"https:\/\/secure.gravatar.com\/avatar\/2d5a12cacce3f18096f25fadea8abb7202fef18ed669595589853e84260ff451?s=96&d=mm&r=g","caption":"admin"},"sameAs":["https:\/\/panoramaciudadano.com"],"url":"https:\/\/panoramaciudadano.com\/index.php\/author\/admin_3q6hyqq3\/"}]}},"_links":{"self":[{"href":"https:\/\/panoramaciudadano.com\/index.php\/wp-json\/wp\/v2\/posts\/30608","targetHints":{"allow":["GET"]}}],"collection":[{"href":"https:\/\/panoramaciudadano.com\/index.php\/wp-json\/wp\/v2\/posts"}],"about":[{"href":"https:\/\/panoramaciudadano.com\/index.php\/wp-json\/wp\/v2\/types\/post"}],"author":[{"embeddable":true,"href":"https:\/\/panoramaciudadano.com\/index.php\/wp-json\/wp\/v2\/users\/1"}],"replies":[{"embeddable":true,"href":"https:\/\/panoramaciudadano.com\/index.php\/wp-json\/wp\/v2\/comments?post=30608"}],"version-history":[{"count":1,"href":"https:\/\/panoramaciudadano.com\/index.php\/wp-json\/wp\/v2\/posts\/30608\/revisions"}],"predecessor-version":[{"id":30614,"href":"https:\/\/panoramaciudadano.com\/index.php\/wp-json\/wp\/v2\/posts\/30608\/revisions\/30614"}],"wp:featuredmedia":[{"embeddable":true,"href":"https:\/\/panoramaciudadano.com\/index.php\/wp-json\/wp\/v2\/media\/30613"}],"wp:attachment":[{"href":"https:\/\/panoramaciudadano.com\/index.php\/wp-json\/wp\/v2\/media?parent=30608"}],"wp:term":[{"taxonomy":"category","embeddable":true,"href":"https:\/\/panoramaciudadano.com\/index.php\/wp-json\/wp\/v2\/categories?post=30608"},{"taxonomy":"post_tag","embeddable":true,"href":"https:\/\/panoramaciudadano.com\/index.php\/wp-json\/wp\/v2\/tags?post=30608"}],"curies":[{"name":"wp","href":"https:\/\/api.w.org\/{rel}","templated":true}]}}