{"id":30687,"date":"2026-02-17T12:41:35","date_gmt":"2026-02-17T17:41:35","guid":{"rendered":"https:\/\/panoramaciudadano.com\/?p=30687"},"modified":"2026-02-17T12:41:38","modified_gmt":"2026-02-17T17:41:38","slug":"detencion-en-benito-juarez-por-presuntos-delitos-contra-la-salud","status":"publish","type":"post","link":"https:\/\/panoramaciudadano.com\/index.php\/2026\/02\/17\/detencion-en-benito-juarez-por-presuntos-delitos-contra-la-salud\/","title":{"rendered":"Detenci\u00f3n en Benito Ju\u00e1rez por presuntos delitos contra la salud"},"content":{"rendered":"\n<figure class=\"wp-block-image size-large\"><img decoding=\"async\" width=\"1024\" height=\"555\" src=\"https:\/\/panoramaciudadano.com\/wp-content\/uploads\/2026\/02\/WhatsApp-Image-2026-02-17-at-12.28.38-PM-1024x555.jpeg\" alt=\"\" class=\"wp-image-30688\" srcset=\"https:\/\/panoramaciudadano.com\/wp-content\/uploads\/2026\/02\/WhatsApp-Image-2026-02-17-at-12.28.38-PM-1024x555.jpeg 1024w, https:\/\/panoramaciudadano.com\/wp-content\/uploads\/2026\/02\/WhatsApp-Image-2026-02-17-at-12.28.38-PM-300x163.jpeg 300w, https:\/\/panoramaciudadano.com\/wp-content\/uploads\/2026\/02\/WhatsApp-Image-2026-02-17-at-12.28.38-PM-768x416.jpeg 768w, https:\/\/panoramaciudadano.com\/wp-content\/uploads\/2026\/02\/WhatsApp-Image-2026-02-17-at-12.28.38-PM.jpeg 1440w\" sizes=\"(max-width: 1024px) 100vw, 1024px\" \/><\/figure>\n\n\n\n<p>Elementos del Grupo de Investigaci\u00f3n, en coordinaci\u00f3n con la Secretar\u00eda de Marina y la Secretar\u00eda de la Defensa Nacional, realizaron la detenci\u00f3n de Alain \u201cN\u201d y Leydi \u201cN\u201d, se\u00f1alados como presuntos implicados en delitos contra la salud.<\/p>\n\n\n\n<p>La acci\u00f3n se llev\u00f3 a cabo en la Avenida Tulum, entre calle Flamboy\u00e1n y calle Chaca, supermanzana 23, municipio de Benito Ju\u00e1rez, donde los agentes observaron a dos personas intercambiando bolsitas de pl\u00e1stico transparente con vegetal verde, con caracter\u00edsticas similares a la marihuana.<\/p>\n\n\n\n<p>Objetos asegurados:<\/p>\n\n\n\n<ul class=\"wp-block-list\">\n<li>\ud83d\udc5c Una bolsa tejida y una bolsa peque\u00f1a negra<\/li>\n\n\n\n<li>\ud83c\udf92 Cuadro blanco con correa negra<\/li>\n\n\n\n<li>\ud83c\udf3f 83 bolsitas con vegetal verde (aparente marihuana)<\/li>\n\n\n\n<li>\ud83d\udc8e 37 bolsitas con fragmentos s\u00f3lidos blancos (aparente piedra)<\/li>\n\n\n\n<li>\ud83c\udfcd\ufe0f Motocicleta Italika roja, modelo D150, placas de Quintana Roo<\/li>\n\n\n\n<li>\ud83d\udd2a Cuchillo tipo cebollero met\u00e1lico con mango negro<\/li>\n<\/ul>\n\n\n\n<p>Los detenidos fueron puestos a disposici\u00f3n de la Fiscal\u00eda Especializada en Combate al Delito de Narcomenudeo para el seguimiento de las investigaciones correspondientes.<\/p>\n","protected":false},"excerpt":{"rendered":"<p>Elementos del Grupo de Investigaci\u00f3n, en coordinaci\u00f3n con la Secretar\u00eda de Marina y la Secretar\u00eda de la Defensa Nacional, realizaron la detenci\u00f3n de Alain \u201cN\u201d y Leydi \u201cN\u201d, se\u00f1alados como presuntos implicados en delitos contra la salud.<\/p>\n","protected":false},"author":1,"featured_media":30688,"comment_status":"open","ping_status":"closed","sticky":false,"template":"","format":"standard","meta":{"footnotes":""},"categories":[6],"tags":[162],"class_list":["post-30687","post","type-post","status-publish","format-standard","has-post-thumbnail","hentry","category-cancun","tag-avenida-tulum"],"yoast_head":"<!-- This site is optimized with the Yoast SEO plugin v27.1.1 - https:\/\/yoast.com\/product\/yoast-seo-wordpress\/ -->\n<title>Detenci\u00f3n en Benito Ju\u00e1rez por presuntos delitos contra la salud - Panorama Ciudadano<\/title>\n<meta name=\"robots\" content=\"index, follow, max-snippet:-1, max-image-preview:large, max-video-preview:-1\" \/>\n<link rel=\"canonical\" href=\"https:\/\/panoramaciudadano.com\/index.php\/2026\/02\/17\/detencion-en-benito-juarez-por-presuntos-delitos-contra-la-salud\/\" \/>\n<meta property=\"og:locale\" content=\"es_ES\" \/>\n<meta property=\"og:type\" content=\"article\" \/>\n<meta property=\"og:title\" content=\"Detenci\u00f3n en Benito Ju\u00e1rez por presuntos delitos contra la salud - Panorama Ciudadano\" \/>\n<meta property=\"og:description\" content=\"Elementos del Grupo de Investigaci\u00f3n, en coordinaci\u00f3n con la Secretar\u00eda de Marina y la Secretar\u00eda de la Defensa Nacional, realizaron la detenci\u00f3n de Alain \u201cN\u201d y Leydi \u201cN\u201d, se\u00f1alados como presuntos implicados en delitos contra la salud.\" \/>\n<meta property=\"og:url\" content=\"https:\/\/panoramaciudadano.com\/index.php\/2026\/02\/17\/detencion-en-benito-juarez-por-presuntos-delitos-contra-la-salud\/\" \/>\n<meta property=\"og:site_name\" content=\"Panorama Ciudadano\" \/>\n<meta property=\"article:publisher\" content=\"https:\/\/www.facebook.com\/panoramaciudadano\" \/>\n<meta property=\"article:published_time\" content=\"2026-02-17T17:41:35+00:00\" \/>\n<meta property=\"article:modified_time\" content=\"2026-02-17T17:41:38+00:00\" \/>\n<meta property=\"og:image\" content=\"https:\/\/panoramaciudadano.com\/wp-content\/uploads\/2026\/02\/WhatsApp-Image-2026-02-17-at-12.28.38-PM.jpeg\" \/>\n\t<meta property=\"og:image:width\" content=\"1440\" \/>\n\t<meta property=\"og:image:height\" content=\"780\" \/>\n\t<meta property=\"og:image:type\" content=\"image\/jpeg\" \/>\n<meta name=\"author\" content=\"admin\" \/>\n<meta name=\"twitter:card\" content=\"summary_large_image\" \/>\n<meta name=\"twitter:label1\" content=\"Escrito por\" \/>\n\t<meta name=\"twitter:data1\" content=\"admin\" \/>\n\t<meta name=\"twitter:label2\" content=\"Tiempo de lectura\" \/>\n\t<meta name=\"twitter:data2\" content=\"2 minutos\" \/>\n<script type=\"application\/ld+json\" class=\"yoast-schema-graph\">{\"@context\":\"https:\/\/schema.org\",\"@graph\":[{\"@type\":\"Article\",\"@id\":\"https:\/\/panoramaciudadano.com\/index.php\/2026\/02\/17\/detencion-en-benito-juarez-por-presuntos-delitos-contra-la-salud\/#article\",\"isPartOf\":{\"@id\":\"https:\/\/panoramaciudadano.com\/index.php\/2026\/02\/17\/detencion-en-benito-juarez-por-presuntos-delitos-contra-la-salud\/\"},\"author\":{\"name\":\"admin\",\"@id\":\"https:\/\/panoramaciudadano.com\/#\/schema\/person\/ffe9fe8ef47d3a93977b5761fd9e0d96\"},\"headline\":\"Detenci\u00f3n en Benito Ju\u00e1rez por presuntos delitos contra la salud\",\"datePublished\":\"2026-02-17T17:41:35+00:00\",\"dateModified\":\"2026-02-17T17:41:38+00:00\",\"mainEntityOfPage\":{\"@id\":\"https:\/\/panoramaciudadano.com\/index.php\/2026\/02\/17\/detencion-en-benito-juarez-por-presuntos-delitos-contra-la-salud\/\"},\"wordCount\":174,\"commentCount\":0,\"publisher\":{\"@id\":\"https:\/\/panoramaciudadano.com\/#organization\"},\"image\":{\"@id\":\"https:\/\/panoramaciudadano.com\/index.php\/2026\/02\/17\/detencion-en-benito-juarez-por-presuntos-delitos-contra-la-salud\/#primaryimage\"},\"thumbnailUrl\":\"https:\/\/panoramaciudadano.com\/wp-content\/uploads\/2026\/02\/WhatsApp-Image-2026-02-17-at-12.28.38-PM.jpeg\",\"keywords\":[\"avenida Tulum\"],\"articleSection\":[\"Canc\u00fan\"],\"inLanguage\":\"es\",\"potentialAction\":[{\"@type\":\"CommentAction\",\"name\":\"Comment\",\"target\":[\"https:\/\/panoramaciudadano.com\/index.php\/2026\/02\/17\/detencion-en-benito-juarez-por-presuntos-delitos-contra-la-salud\/#respond\"]}]},{\"@type\":\"WebPage\",\"@id\":\"https:\/\/panoramaciudadano.com\/index.php\/2026\/02\/17\/detencion-en-benito-juarez-por-presuntos-delitos-contra-la-salud\/\",\"url\":\"https:\/\/panoramaciudadano.com\/index.php\/2026\/02\/17\/detencion-en-benito-juarez-por-presuntos-delitos-contra-la-salud\/\",\"name\":\"Detenci\u00f3n en Benito Ju\u00e1rez por presuntos delitos contra la salud - Panorama Ciudadano\",\"isPartOf\":{\"@id\":\"https:\/\/panoramaciudadano.com\/#website\"},\"primaryImageOfPage\":{\"@id\":\"https:\/\/panoramaciudadano.com\/index.php\/2026\/02\/17\/detencion-en-benito-juarez-por-presuntos-delitos-contra-la-salud\/#primaryimage\"},\"image\":{\"@id\":\"https:\/\/panoramaciudadano.com\/index.php\/2026\/02\/17\/detencion-en-benito-juarez-por-presuntos-delitos-contra-la-salud\/#primaryimage\"},\"thumbnailUrl\":\"https:\/\/panoramaciudadano.com\/wp-content\/uploads\/2026\/02\/WhatsApp-Image-2026-02-17-at-12.28.38-PM.jpeg\",\"datePublished\":\"2026-02-17T17:41:35+00:00\",\"dateModified\":\"2026-02-17T17:41:38+00:00\",\"breadcrumb\":{\"@id\":\"https:\/\/panoramaciudadano.com\/index.php\/2026\/02\/17\/detencion-en-benito-juarez-por-presuntos-delitos-contra-la-salud\/#breadcrumb\"},\"inLanguage\":\"es\",\"potentialAction\":[{\"@type\":\"ReadAction\",\"target\":[\"https:\/\/panoramaciudadano.com\/index.php\/2026\/02\/17\/detencion-en-benito-juarez-por-presuntos-delitos-contra-la-salud\/\"]}]},{\"@type\":\"ImageObject\",\"inLanguage\":\"es\",\"@id\":\"https:\/\/panoramaciudadano.com\/index.php\/2026\/02\/17\/detencion-en-benito-juarez-por-presuntos-delitos-contra-la-salud\/#primaryimage\",\"url\":\"https:\/\/panoramaciudadano.com\/wp-content\/uploads\/2026\/02\/WhatsApp-Image-2026-02-17-at-12.28.38-PM.jpeg\",\"contentUrl\":\"https:\/\/panoramaciudadano.com\/wp-content\/uploads\/2026\/02\/WhatsApp-Image-2026-02-17-at-12.28.38-PM.jpeg\",\"width\":1440,\"height\":780},{\"@type\":\"BreadcrumbList\",\"@id\":\"https:\/\/panoramaciudadano.com\/index.php\/2026\/02\/17\/detencion-en-benito-juarez-por-presuntos-delitos-contra-la-salud\/#breadcrumb\",\"itemListElement\":[{\"@type\":\"ListItem\",\"position\":1,\"name\":\"Portada\",\"item\":\"https:\/\/panoramaciudadano.com\/\"},{\"@type\":\"ListItem\",\"position\":2,\"name\":\"Detenci\u00f3n en Benito Ju\u00e1rez por presuntos delitos contra la salud\"}]},{\"@type\":\"WebSite\",\"@id\":\"https:\/\/panoramaciudadano.com\/#website\",\"url\":\"https:\/\/panoramaciudadano.com\/\",\"name\":\"Panorama Ciudadano\",\"description\":\"\",\"publisher\":{\"@id\":\"https:\/\/panoramaciudadano.com\/#organization\"},\"potentialAction\":[{\"@type\":\"SearchAction\",\"target\":{\"@type\":\"EntryPoint\",\"urlTemplate\":\"https:\/\/panoramaciudadano.com\/?s={search_term_string}\"},\"query-input\":{\"@type\":\"PropertyValueSpecification\",\"valueRequired\":true,\"valueName\":\"search_term_string\"}}],\"inLanguage\":\"es\"},{\"@type\":\"Organization\",\"@id\":\"https:\/\/panoramaciudadano.com\/#organization\",\"name\":\"Panorama Ciudadano\",\"url\":\"https:\/\/panoramaciudadano.com\/\",\"logo\":{\"@type\":\"ImageObject\",\"inLanguage\":\"es\",\"@id\":\"https:\/\/panoramaciudadano.com\/#\/schema\/logo\/image\/\",\"url\":\"https:\/\/panoramaciudadano.com\/wp-content\/uploads\/2024\/05\/401498640_919267042938564_6290593609399108733_n.jpg\",\"contentUrl\":\"https:\/\/panoramaciudadano.com\/wp-content\/uploads\/2024\/05\/401498640_919267042938564_6290593609399108733_n.jpg\",\"width\":960,\"height\":957,\"caption\":\"Panorama Ciudadano\"},\"image\":{\"@id\":\"https:\/\/panoramaciudadano.com\/#\/schema\/logo\/image\/\"},\"sameAs\":[\"https:\/\/www.facebook.com\/panoramaciudadano\"]},{\"@type\":\"Person\",\"@id\":\"https:\/\/panoramaciudadano.com\/#\/schema\/person\/ffe9fe8ef47d3a93977b5761fd9e0d96\",\"name\":\"admin\",\"image\":{\"@type\":\"ImageObject\",\"inLanguage\":\"es\",\"@id\":\"https:\/\/panoramaciudadano.com\/#\/schema\/person\/image\/\",\"url\":\"https:\/\/secure.gravatar.com\/avatar\/2d5a12cacce3f18096f25fadea8abb7202fef18ed669595589853e84260ff451?s=96&d=mm&r=g\",\"contentUrl\":\"https:\/\/secure.gravatar.com\/avatar\/2d5a12cacce3f18096f25fadea8abb7202fef18ed669595589853e84260ff451?s=96&d=mm&r=g\",\"caption\":\"admin\"},\"sameAs\":[\"https:\/\/panoramaciudadano.com\"],\"url\":\"https:\/\/panoramaciudadano.com\/index.php\/author\/admin_3q6hyqq3\/\"}]}<\/script>\n<!-- \/ Yoast SEO plugin. -->","yoast_head_json":{"title":"Detenci\u00f3n en Benito Ju\u00e1rez por presuntos delitos contra la salud - Panorama Ciudadano","robots":{"index":"index","follow":"follow","max-snippet":"max-snippet:-1","max-image-preview":"max-image-preview:large","max-video-preview":"max-video-preview:-1"},"canonical":"https:\/\/panoramaciudadano.com\/index.php\/2026\/02\/17\/detencion-en-benito-juarez-por-presuntos-delitos-contra-la-salud\/","og_locale":"es_ES","og_type":"article","og_title":"Detenci\u00f3n en Benito Ju\u00e1rez por presuntos delitos contra la salud - Panorama Ciudadano","og_description":"Elementos del Grupo de Investigaci\u00f3n, en coordinaci\u00f3n con la Secretar\u00eda de Marina y la Secretar\u00eda de la Defensa Nacional, realizaron la detenci\u00f3n de Alain \u201cN\u201d y Leydi \u201cN\u201d, se\u00f1alados como presuntos implicados en delitos contra la salud.","og_url":"https:\/\/panoramaciudadano.com\/index.php\/2026\/02\/17\/detencion-en-benito-juarez-por-presuntos-delitos-contra-la-salud\/","og_site_name":"Panorama Ciudadano","article_publisher":"https:\/\/www.facebook.com\/panoramaciudadano","article_published_time":"2026-02-17T17:41:35+00:00","article_modified_time":"2026-02-17T17:41:38+00:00","og_image":[{"width":1440,"height":780,"url":"https:\/\/panoramaciudadano.com\/wp-content\/uploads\/2026\/02\/WhatsApp-Image-2026-02-17-at-12.28.38-PM.jpeg","type":"image\/jpeg"}],"author":"admin","twitter_card":"summary_large_image","twitter_misc":{"Escrito por":"admin","Tiempo de lectura":"2 minutos"},"schema":{"@context":"https:\/\/schema.org","@graph":[{"@type":"Article","@id":"https:\/\/panoramaciudadano.com\/index.php\/2026\/02\/17\/detencion-en-benito-juarez-por-presuntos-delitos-contra-la-salud\/#article","isPartOf":{"@id":"https:\/\/panoramaciudadano.com\/index.php\/2026\/02\/17\/detencion-en-benito-juarez-por-presuntos-delitos-contra-la-salud\/"},"author":{"name":"admin","@id":"https:\/\/panoramaciudadano.com\/#\/schema\/person\/ffe9fe8ef47d3a93977b5761fd9e0d96"},"headline":"Detenci\u00f3n en Benito Ju\u00e1rez por presuntos delitos contra la salud","datePublished":"2026-02-17T17:41:35+00:00","dateModified":"2026-02-17T17:41:38+00:00","mainEntityOfPage":{"@id":"https:\/\/panoramaciudadano.com\/index.php\/2026\/02\/17\/detencion-en-benito-juarez-por-presuntos-delitos-contra-la-salud\/"},"wordCount":174,"commentCount":0,"publisher":{"@id":"https:\/\/panoramaciudadano.com\/#organization"},"image":{"@id":"https:\/\/panoramaciudadano.com\/index.php\/2026\/02\/17\/detencion-en-benito-juarez-por-presuntos-delitos-contra-la-salud\/#primaryimage"},"thumbnailUrl":"https:\/\/panoramaciudadano.com\/wp-content\/uploads\/2026\/02\/WhatsApp-Image-2026-02-17-at-12.28.38-PM.jpeg","keywords":["avenida Tulum"],"articleSection":["Canc\u00fan"],"inLanguage":"es","potentialAction":[{"@type":"CommentAction","name":"Comment","target":["https:\/\/panoramaciudadano.com\/index.php\/2026\/02\/17\/detencion-en-benito-juarez-por-presuntos-delitos-contra-la-salud\/#respond"]}]},{"@type":"WebPage","@id":"https:\/\/panoramaciudadano.com\/index.php\/2026\/02\/17\/detencion-en-benito-juarez-por-presuntos-delitos-contra-la-salud\/","url":"https:\/\/panoramaciudadano.com\/index.php\/2026\/02\/17\/detencion-en-benito-juarez-por-presuntos-delitos-contra-la-salud\/","name":"Detenci\u00f3n en Benito Ju\u00e1rez por presuntos delitos contra la salud - Panorama Ciudadano","isPartOf":{"@id":"https:\/\/panoramaciudadano.com\/#website"},"primaryImageOfPage":{"@id":"https:\/\/panoramaciudadano.com\/index.php\/2026\/02\/17\/detencion-en-benito-juarez-por-presuntos-delitos-contra-la-salud\/#primaryimage"},"image":{"@id":"https:\/\/panoramaciudadano.com\/index.php\/2026\/02\/17\/detencion-en-benito-juarez-por-presuntos-delitos-contra-la-salud\/#primaryimage"},"thumbnailUrl":"https:\/\/panoramaciudadano.com\/wp-content\/uploads\/2026\/02\/WhatsApp-Image-2026-02-17-at-12.28.38-PM.jpeg","datePublished":"2026-02-17T17:41:35+00:00","dateModified":"2026-02-17T17:41:38+00:00","breadcrumb":{"@id":"https:\/\/panoramaciudadano.com\/index.php\/2026\/02\/17\/detencion-en-benito-juarez-por-presuntos-delitos-contra-la-salud\/#breadcrumb"},"inLanguage":"es","potentialAction":[{"@type":"ReadAction","target":["https:\/\/panoramaciudadano.com\/index.php\/2026\/02\/17\/detencion-en-benito-juarez-por-presuntos-delitos-contra-la-salud\/"]}]},{"@type":"ImageObject","inLanguage":"es","@id":"https:\/\/panoramaciudadano.com\/index.php\/2026\/02\/17\/detencion-en-benito-juarez-por-presuntos-delitos-contra-la-salud\/#primaryimage","url":"https:\/\/panoramaciudadano.com\/wp-content\/uploads\/2026\/02\/WhatsApp-Image-2026-02-17-at-12.28.38-PM.jpeg","contentUrl":"https:\/\/panoramaciudadano.com\/wp-content\/uploads\/2026\/02\/WhatsApp-Image-2026-02-17-at-12.28.38-PM.jpeg","width":1440,"height":780},{"@type":"BreadcrumbList","@id":"https:\/\/panoramaciudadano.com\/index.php\/2026\/02\/17\/detencion-en-benito-juarez-por-presuntos-delitos-contra-la-salud\/#breadcrumb","itemListElement":[{"@type":"ListItem","position":1,"name":"Portada","item":"https:\/\/panoramaciudadano.com\/"},{"@type":"ListItem","position":2,"name":"Detenci\u00f3n en Benito Ju\u00e1rez por presuntos delitos contra la salud"}]},{"@type":"WebSite","@id":"https:\/\/panoramaciudadano.com\/#website","url":"https:\/\/panoramaciudadano.com\/","name":"Panorama Ciudadano","description":"","publisher":{"@id":"https:\/\/panoramaciudadano.com\/#organization"},"potentialAction":[{"@type":"SearchAction","target":{"@type":"EntryPoint","urlTemplate":"https:\/\/panoramaciudadano.com\/?s={search_term_string}"},"query-input":{"@type":"PropertyValueSpecification","valueRequired":true,"valueName":"search_term_string"}}],"inLanguage":"es"},{"@type":"Organization","@id":"https:\/\/panoramaciudadano.com\/#organization","name":"Panorama Ciudadano","url":"https:\/\/panoramaciudadano.com\/","logo":{"@type":"ImageObject","inLanguage":"es","@id":"https:\/\/panoramaciudadano.com\/#\/schema\/logo\/image\/","url":"https:\/\/panoramaciudadano.com\/wp-content\/uploads\/2024\/05\/401498640_919267042938564_6290593609399108733_n.jpg","contentUrl":"https:\/\/panoramaciudadano.com\/wp-content\/uploads\/2024\/05\/401498640_919267042938564_6290593609399108733_n.jpg","width":960,"height":957,"caption":"Panorama Ciudadano"},"image":{"@id":"https:\/\/panoramaciudadano.com\/#\/schema\/logo\/image\/"},"sameAs":["https:\/\/www.facebook.com\/panoramaciudadano"]},{"@type":"Person","@id":"https:\/\/panoramaciudadano.com\/#\/schema\/person\/ffe9fe8ef47d3a93977b5761fd9e0d96","name":"admin","image":{"@type":"ImageObject","inLanguage":"es","@id":"https:\/\/panoramaciudadano.com\/#\/schema\/person\/image\/","url":"https:\/\/secure.gravatar.com\/avatar\/2d5a12cacce3f18096f25fadea8abb7202fef18ed669595589853e84260ff451?s=96&d=mm&r=g","contentUrl":"https:\/\/secure.gravatar.com\/avatar\/2d5a12cacce3f18096f25fadea8abb7202fef18ed669595589853e84260ff451?s=96&d=mm&r=g","caption":"admin"},"sameAs":["https:\/\/panoramaciudadano.com"],"url":"https:\/\/panoramaciudadano.com\/index.php\/author\/admin_3q6hyqq3\/"}]}},"_links":{"self":[{"href":"https:\/\/panoramaciudadano.com\/index.php\/wp-json\/wp\/v2\/posts\/30687","targetHints":{"allow":["GET"]}}],"collection":[{"href":"https:\/\/panoramaciudadano.com\/index.php\/wp-json\/wp\/v2\/posts"}],"about":[{"href":"https:\/\/panoramaciudadano.com\/index.php\/wp-json\/wp\/v2\/types\/post"}],"author":[{"embeddable":true,"href":"https:\/\/panoramaciudadano.com\/index.php\/wp-json\/wp\/v2\/users\/1"}],"replies":[{"embeddable":true,"href":"https:\/\/panoramaciudadano.com\/index.php\/wp-json\/wp\/v2\/comments?post=30687"}],"version-history":[{"count":1,"href":"https:\/\/panoramaciudadano.com\/index.php\/wp-json\/wp\/v2\/posts\/30687\/revisions"}],"predecessor-version":[{"id":30689,"href":"https:\/\/panoramaciudadano.com\/index.php\/wp-json\/wp\/v2\/posts\/30687\/revisions\/30689"}],"wp:featuredmedia":[{"embeddable":true,"href":"https:\/\/panoramaciudadano.com\/index.php\/wp-json\/wp\/v2\/media\/30688"}],"wp:attachment":[{"href":"https:\/\/panoramaciudadano.com\/index.php\/wp-json\/wp\/v2\/media?parent=30687"}],"wp:term":[{"taxonomy":"category","embeddable":true,"href":"https:\/\/panoramaciudadano.com\/index.php\/wp-json\/wp\/v2\/categories?post=30687"},{"taxonomy":"post_tag","embeddable":true,"href":"https:\/\/panoramaciudadano.com\/index.php\/wp-json\/wp\/v2\/tags?post=30687"}],"curies":[{"name":"wp","href":"https:\/\/api.w.org\/{rel}","templated":true}]}}