{"id":30706,"date":"2026-02-18T12:27:24","date_gmt":"2026-02-18T17:27:24","guid":{"rendered":"https:\/\/panoramaciudadano.com\/?p=30706"},"modified":"2026-02-18T12:27:27","modified_gmt":"2026-02-18T17:27:27","slug":"carnaval-de-cancun-2026-un-exitoso-evento-para-el-pueblo-cancunense-ana-paty-peralta","status":"publish","type":"post","link":"https:\/\/panoramaciudadano.com\/index.php\/2026\/02\/18\/carnaval-de-cancun-2026-un-exitoso-evento-para-el-pueblo-cancunense-ana-paty-peralta\/","title":{"rendered":"CARNAVAL DE CANC\u00daN 2026 UN EXITOSO EVENTO PARA EL PUEBLO CANCUNENSE: ANA PATY PERALTA"},"content":{"rendered":"\n<figure class=\"wp-block-gallery has-nested-images columns-default is-cropped wp-block-gallery-1 is-layout-flex wp-block-gallery-is-layout-flex\">\n<figure class=\"wp-block-image size-large\"><img decoding=\"async\" width=\"1024\" height=\"663\" data-id=\"30708\" src=\"https:\/\/panoramaciudadano.com\/wp-content\/uploads\/2026\/02\/WhatsApp-Image-2026-02-18-at-10.21.47-AM-1024x663.jpeg\" alt=\"\" class=\"wp-image-30708\" srcset=\"https:\/\/panoramaciudadano.com\/wp-content\/uploads\/2026\/02\/WhatsApp-Image-2026-02-18-at-10.21.47-AM-1024x663.jpeg 1024w, https:\/\/panoramaciudadano.com\/wp-content\/uploads\/2026\/02\/WhatsApp-Image-2026-02-18-at-10.21.47-AM-300x194.jpeg 300w, https:\/\/panoramaciudadano.com\/wp-content\/uploads\/2026\/02\/WhatsApp-Image-2026-02-18-at-10.21.47-AM-768x497.jpeg 768w, https:\/\/panoramaciudadano.com\/wp-content\/uploads\/2026\/02\/WhatsApp-Image-2026-02-18-at-10.21.47-AM.jpeg 1280w\" sizes=\"(max-width: 1024px) 100vw, 1024px\" \/><\/figure>\n\n\n\n<figure class=\"wp-block-image size-large\"><img decoding=\"async\" width=\"1024\" height=\"744\" data-id=\"30711\" src=\"https:\/\/panoramaciudadano.com\/wp-content\/uploads\/2026\/02\/WhatsApp-Image-2026-02-18-at-10.21.48-AM-1-1024x744.jpeg\" alt=\"\" class=\"wp-image-30711\" srcset=\"https:\/\/panoramaciudadano.com\/wp-content\/uploads\/2026\/02\/WhatsApp-Image-2026-02-18-at-10.21.48-AM-1-1024x744.jpeg 1024w, https:\/\/panoramaciudadano.com\/wp-content\/uploads\/2026\/02\/WhatsApp-Image-2026-02-18-at-10.21.48-AM-1-300x218.jpeg 300w, https:\/\/panoramaciudadano.com\/wp-content\/uploads\/2026\/02\/WhatsApp-Image-2026-02-18-at-10.21.48-AM-1-768x558.jpeg 768w, https:\/\/panoramaciudadano.com\/wp-content\/uploads\/2026\/02\/WhatsApp-Image-2026-02-18-at-10.21.48-AM-1-1536x1116.jpeg 1536w, https:\/\/panoramaciudadano.com\/wp-content\/uploads\/2026\/02\/WhatsApp-Image-2026-02-18-at-10.21.48-AM-1-2048x1488.jpeg 2048w\" sizes=\"(max-width: 1024px) 100vw, 1024px\" \/><\/figure>\n\n\n\n<figure class=\"wp-block-image size-large\"><img decoding=\"async\" width=\"1024\" height=\"806\" data-id=\"30710\" src=\"https:\/\/panoramaciudadano.com\/wp-content\/uploads\/2026\/02\/WhatsApp-Image-2026-02-18-at-10.21.48-AM-2-1024x806.jpeg\" alt=\"\" class=\"wp-image-30710\" srcset=\"https:\/\/panoramaciudadano.com\/wp-content\/uploads\/2026\/02\/WhatsApp-Image-2026-02-18-at-10.21.48-AM-2-1024x806.jpeg 1024w, https:\/\/panoramaciudadano.com\/wp-content\/uploads\/2026\/02\/WhatsApp-Image-2026-02-18-at-10.21.48-AM-2-300x236.jpeg 300w, https:\/\/panoramaciudadano.com\/wp-content\/uploads\/2026\/02\/WhatsApp-Image-2026-02-18-at-10.21.48-AM-2-768x605.jpeg 768w, https:\/\/panoramaciudadano.com\/wp-content\/uploads\/2026\/02\/WhatsApp-Image-2026-02-18-at-10.21.48-AM-2-1536x1209.jpeg 1536w, https:\/\/panoramaciudadano.com\/wp-content\/uploads\/2026\/02\/WhatsApp-Image-2026-02-18-at-10.21.48-AM-2-2048x1612.jpeg 2048w\" sizes=\"(max-width: 1024px) 100vw, 1024px\" \/><\/figure>\n\n\n\n<figure class=\"wp-block-image size-large\"><img decoding=\"async\" width=\"1024\" height=\"731\" data-id=\"30709\" src=\"https:\/\/panoramaciudadano.com\/wp-content\/uploads\/2026\/02\/WhatsApp-Image-2026-02-18-at-10.21.48-AM-3-1024x731.jpeg\" alt=\"\" class=\"wp-image-30709\" srcset=\"https:\/\/panoramaciudadano.com\/wp-content\/uploads\/2026\/02\/WhatsApp-Image-2026-02-18-at-10.21.48-AM-3-1024x731.jpeg 1024w, https:\/\/panoramaciudadano.com\/wp-content\/uploads\/2026\/02\/WhatsApp-Image-2026-02-18-at-10.21.48-AM-3-300x214.jpeg 300w, https:\/\/panoramaciudadano.com\/wp-content\/uploads\/2026\/02\/WhatsApp-Image-2026-02-18-at-10.21.48-AM-3-768x548.jpeg 768w, https:\/\/panoramaciudadano.com\/wp-content\/uploads\/2026\/02\/WhatsApp-Image-2026-02-18-at-10.21.48-AM-3-1536x1097.jpeg 1536w, https:\/\/panoramaciudadano.com\/wp-content\/uploads\/2026\/02\/WhatsApp-Image-2026-02-18-at-10.21.48-AM-3-2048x1462.jpeg 2048w\" sizes=\"(max-width: 1024px) 100vw, 1024px\" \/><\/figure>\n\n\n\n<figure class=\"wp-block-image size-large\"><img decoding=\"async\" width=\"1024\" height=\"846\" data-id=\"30707\" src=\"https:\/\/panoramaciudadano.com\/wp-content\/uploads\/2026\/02\/WhatsApp-Image-2026-02-18-at-10.21.48-AM-1024x846.jpeg\" alt=\"\" class=\"wp-image-30707\" srcset=\"https:\/\/panoramaciudadano.com\/wp-content\/uploads\/2026\/02\/WhatsApp-Image-2026-02-18-at-10.21.48-AM-1024x846.jpeg 1024w, https:\/\/panoramaciudadano.com\/wp-content\/uploads\/2026\/02\/WhatsApp-Image-2026-02-18-at-10.21.48-AM-300x248.jpeg 300w, https:\/\/panoramaciudadano.com\/wp-content\/uploads\/2026\/02\/WhatsApp-Image-2026-02-18-at-10.21.48-AM-768x635.jpeg 768w, https:\/\/panoramaciudadano.com\/wp-content\/uploads\/2026\/02\/WhatsApp-Image-2026-02-18-at-10.21.48-AM.jpeg 1280w\" sizes=\"(max-width: 1024px) 100vw, 1024px\" \/><\/figure>\n<\/figure>\n\n\n\n<p>Con un estallido de color, ritmo y algarab\u00eda caribe\u00f1a, la Presidenta Municipal, Ana Paty Peralta, encabez\u00f3 el \u00faltimo y m\u00e1s candente d\u00eda del Carnaval Canc\u00fan 2026, una tradici\u00f3n que se corona con el mayor evento de identidad cancunense, que llev\u00f3 la fiesta desde el desfile en la Zona Fundacional hasta la explosiva presentaci\u00f3n estelar de la Banda MS en el Estadio Beto \u00c1vila, sumando en seis d\u00edas de celebraci\u00f3n m\u00e1s de 120 mil asistentes.<\/p>\n\n\n\n<p>Desde el atardecer, la Avenida Chich\u00e9n Itz\u00e1 se pint\u00f3 de fantas\u00eda con el cuarto y \u00faltimo desfile de comparsas, carros aleg\u00f3ricos y soberanos del Carnaval, quienes desataron una lluvia de aplausos, serpentinas y una que otra porra al pasar por el coraz\u00f3n de la ciudad, donde familias enteras, academias, escuelas y grupos independientes hicieron vibrar la zona fundacional en una aut\u00e9ntica pasarela de talento cancunense.<\/p>\n\n\n\n<p>Ya entrada la noche, el Parque de las Palapas se convirti\u00f3 en la pista m\u00e1s grande del Caribe mexicano, donde se presentaron las comparsas ganadoras en las categor\u00edas preescolar, infantil, juvenil, adultos y libre, quienes con lentejuelas al viento, coreograf\u00edas de campeonato y sonrisas marcaron el cierre de esta temporada.<\/p>\n\n\n\n<p>La noche subi\u00f3 de nivel cuando el espect\u00e1culo se traslad\u00f3 al Estadio Beto \u00c1vila, donde m\u00e1s de 17 mil asistentes encendieron celulares y gargantas para recibir a la Banda MS, donde entre \u00e9xitos coreados a todo pulm\u00f3n y una atm\u00f3sfera electrizante, la agrupaci\u00f3n sinaloense puso a bailar a Canc\u00fan hasta las 2 de la madrugada, sellando as\u00ed el cierre oficial del Carnaval 2026.<\/p>\n\n\n\n<p>Con saldo blanco, miles de asistentes y un derroche de talento local, el Carnaval Canc\u00fan 2026 confirm\u00f3 que esta ciudad no solo es destino tur\u00edstico internacional, sino tambi\u00e9n capital de la alegr\u00eda, la tradici\u00f3n y la fiesta bien organizada.<\/p>\n\n\n\n<hr class=\"wp-block-separator has-alpha-channel-opacity\"\/>\n","protected":false},"excerpt":{"rendered":"<p>M\u00e1s de 120 mil personas vivieron de la fiesta m\u00e1s grande de la ciudad.<\/p>\n","protected":false},"author":1,"featured_media":30710,"comment_status":"open","ping_status":"closed","sticky":false,"template":"","format":"standard","meta":{"footnotes":""},"categories":[6],"tags":[145],"class_list":["post-30706","post","type-post","status-publish","format-standard","has-post-thumbnail","hentry","category-cancun","tag-ana-paty-peralta"],"yoast_head":"<!-- This site is optimized with the Yoast SEO plugin v27.1.1 - https:\/\/yoast.com\/product\/yoast-seo-wordpress\/ -->\n<title>CARNAVAL DE CANC\u00daN 2026 UN EXITOSO EVENTO PARA EL PUEBLO CANCUNENSE: ANA PATY PERALTA - Panorama Ciudadano<\/title>\n<meta name=\"robots\" content=\"index, follow, max-snippet:-1, max-image-preview:large, max-video-preview:-1\" \/>\n<link rel=\"canonical\" href=\"https:\/\/panoramaciudadano.com\/index.php\/2026\/02\/18\/carnaval-de-cancun-2026-un-exitoso-evento-para-el-pueblo-cancunense-ana-paty-peralta\/\" \/>\n<meta property=\"og:locale\" content=\"es_ES\" \/>\n<meta property=\"og:type\" content=\"article\" \/>\n<meta property=\"og:title\" content=\"CARNAVAL DE CANC\u00daN 2026 UN EXITOSO EVENTO PARA EL PUEBLO CANCUNENSE: ANA PATY PERALTA - Panorama Ciudadano\" \/>\n<meta property=\"og:description\" content=\"M\u00e1s de 120 mil personas vivieron de la fiesta m\u00e1s grande de la ciudad.\" \/>\n<meta property=\"og:url\" content=\"https:\/\/panoramaciudadano.com\/index.php\/2026\/02\/18\/carnaval-de-cancun-2026-un-exitoso-evento-para-el-pueblo-cancunense-ana-paty-peralta\/\" \/>\n<meta property=\"og:site_name\" content=\"Panorama Ciudadano\" \/>\n<meta property=\"article:publisher\" content=\"https:\/\/www.facebook.com\/panoramaciudadano\" \/>\n<meta property=\"article:published_time\" content=\"2026-02-18T17:27:24+00:00\" \/>\n<meta property=\"article:modified_time\" content=\"2026-02-18T17:27:27+00:00\" \/>\n<meta property=\"og:image\" content=\"https:\/\/panoramaciudadano.com\/wp-content\/uploads\/2026\/02\/WhatsApp-Image-2026-02-18-at-10.21.48-AM-2.jpeg\" \/>\n\t<meta property=\"og:image:width\" content=\"2560\" \/>\n\t<meta property=\"og:image:height\" content=\"2015\" \/>\n\t<meta property=\"og:image:type\" content=\"image\/jpeg\" \/>\n<meta name=\"author\" content=\"admin\" \/>\n<meta name=\"twitter:card\" content=\"summary_large_image\" \/>\n<meta name=\"twitter:label1\" content=\"Escrito por\" \/>\n\t<meta name=\"twitter:data1\" content=\"admin\" \/>\n\t<meta name=\"twitter:label2\" content=\"Tiempo de lectura\" \/>\n\t<meta name=\"twitter:data2\" content=\"3 minutos\" \/>\n<script type=\"application\/ld+json\" class=\"yoast-schema-graph\">{\"@context\":\"https:\/\/schema.org\",\"@graph\":[{\"@type\":\"Article\",\"@id\":\"https:\/\/panoramaciudadano.com\/index.php\/2026\/02\/18\/carnaval-de-cancun-2026-un-exitoso-evento-para-el-pueblo-cancunense-ana-paty-peralta\/#article\",\"isPartOf\":{\"@id\":\"https:\/\/panoramaciudadano.com\/index.php\/2026\/02\/18\/carnaval-de-cancun-2026-un-exitoso-evento-para-el-pueblo-cancunense-ana-paty-peralta\/\"},\"author\":{\"name\":\"admin\",\"@id\":\"https:\/\/panoramaciudadano.com\/#\/schema\/person\/ffe9fe8ef47d3a93977b5761fd9e0d96\"},\"headline\":\"CARNAVAL DE CANC\u00daN 2026 UN EXITOSO EVENTO PARA EL PUEBLO CANCUNENSE: ANA PATY PERALTA\",\"datePublished\":\"2026-02-18T17:27:24+00:00\",\"dateModified\":\"2026-02-18T17:27:27+00:00\",\"mainEntityOfPage\":{\"@id\":\"https:\/\/panoramaciudadano.com\/index.php\/2026\/02\/18\/carnaval-de-cancun-2026-un-exitoso-evento-para-el-pueblo-cancunense-ana-paty-peralta\/\"},\"wordCount\":328,\"commentCount\":0,\"publisher\":{\"@id\":\"https:\/\/panoramaciudadano.com\/#organization\"},\"image\":{\"@id\":\"https:\/\/panoramaciudadano.com\/index.php\/2026\/02\/18\/carnaval-de-cancun-2026-un-exitoso-evento-para-el-pueblo-cancunense-ana-paty-peralta\/#primaryimage\"},\"thumbnailUrl\":\"https:\/\/panoramaciudadano.com\/wp-content\/uploads\/2026\/02\/WhatsApp-Image-2026-02-18-at-10.21.48-AM-2.jpeg\",\"keywords\":[\"Ana Paty Peralta\"],\"articleSection\":[\"Canc\u00fan\"],\"inLanguage\":\"es\",\"potentialAction\":[{\"@type\":\"CommentAction\",\"name\":\"Comment\",\"target\":[\"https:\/\/panoramaciudadano.com\/index.php\/2026\/02\/18\/carnaval-de-cancun-2026-un-exitoso-evento-para-el-pueblo-cancunense-ana-paty-peralta\/#respond\"]}]},{\"@type\":\"WebPage\",\"@id\":\"https:\/\/panoramaciudadano.com\/index.php\/2026\/02\/18\/carnaval-de-cancun-2026-un-exitoso-evento-para-el-pueblo-cancunense-ana-paty-peralta\/\",\"url\":\"https:\/\/panoramaciudadano.com\/index.php\/2026\/02\/18\/carnaval-de-cancun-2026-un-exitoso-evento-para-el-pueblo-cancunense-ana-paty-peralta\/\",\"name\":\"CARNAVAL DE CANC\u00daN 2026 UN EXITOSO EVENTO PARA EL PUEBLO CANCUNENSE: ANA PATY PERALTA - Panorama Ciudadano\",\"isPartOf\":{\"@id\":\"https:\/\/panoramaciudadano.com\/#website\"},\"primaryImageOfPage\":{\"@id\":\"https:\/\/panoramaciudadano.com\/index.php\/2026\/02\/18\/carnaval-de-cancun-2026-un-exitoso-evento-para-el-pueblo-cancunense-ana-paty-peralta\/#primaryimage\"},\"image\":{\"@id\":\"https:\/\/panoramaciudadano.com\/index.php\/2026\/02\/18\/carnaval-de-cancun-2026-un-exitoso-evento-para-el-pueblo-cancunense-ana-paty-peralta\/#primaryimage\"},\"thumbnailUrl\":\"https:\/\/panoramaciudadano.com\/wp-content\/uploads\/2026\/02\/WhatsApp-Image-2026-02-18-at-10.21.48-AM-2.jpeg\",\"datePublished\":\"2026-02-18T17:27:24+00:00\",\"dateModified\":\"2026-02-18T17:27:27+00:00\",\"breadcrumb\":{\"@id\":\"https:\/\/panoramaciudadano.com\/index.php\/2026\/02\/18\/carnaval-de-cancun-2026-un-exitoso-evento-para-el-pueblo-cancunense-ana-paty-peralta\/#breadcrumb\"},\"inLanguage\":\"es\",\"potentialAction\":[{\"@type\":\"ReadAction\",\"target\":[\"https:\/\/panoramaciudadano.com\/index.php\/2026\/02\/18\/carnaval-de-cancun-2026-un-exitoso-evento-para-el-pueblo-cancunense-ana-paty-peralta\/\"]}]},{\"@type\":\"ImageObject\",\"inLanguage\":\"es\",\"@id\":\"https:\/\/panoramaciudadano.com\/index.php\/2026\/02\/18\/carnaval-de-cancun-2026-un-exitoso-evento-para-el-pueblo-cancunense-ana-paty-peralta\/#primaryimage\",\"url\":\"https:\/\/panoramaciudadano.com\/wp-content\/uploads\/2026\/02\/WhatsApp-Image-2026-02-18-at-10.21.48-AM-2.jpeg\",\"contentUrl\":\"https:\/\/panoramaciudadano.com\/wp-content\/uploads\/2026\/02\/WhatsApp-Image-2026-02-18-at-10.21.48-AM-2.jpeg\",\"width\":2560,\"height\":2015},{\"@type\":\"BreadcrumbList\",\"@id\":\"https:\/\/panoramaciudadano.com\/index.php\/2026\/02\/18\/carnaval-de-cancun-2026-un-exitoso-evento-para-el-pueblo-cancunense-ana-paty-peralta\/#breadcrumb\",\"itemListElement\":[{\"@type\":\"ListItem\",\"position\":1,\"name\":\"Portada\",\"item\":\"https:\/\/panoramaciudadano.com\/\"},{\"@type\":\"ListItem\",\"position\":2,\"name\":\"CARNAVAL DE CANC\u00daN 2026 UN EXITOSO EVENTO PARA EL PUEBLO CANCUNENSE: ANA PATY PERALTA\"}]},{\"@type\":\"WebSite\",\"@id\":\"https:\/\/panoramaciudadano.com\/#website\",\"url\":\"https:\/\/panoramaciudadano.com\/\",\"name\":\"Panorama Ciudadano\",\"description\":\"\",\"publisher\":{\"@id\":\"https:\/\/panoramaciudadano.com\/#organization\"},\"potentialAction\":[{\"@type\":\"SearchAction\",\"target\":{\"@type\":\"EntryPoint\",\"urlTemplate\":\"https:\/\/panoramaciudadano.com\/?s={search_term_string}\"},\"query-input\":{\"@type\":\"PropertyValueSpecification\",\"valueRequired\":true,\"valueName\":\"search_term_string\"}}],\"inLanguage\":\"es\"},{\"@type\":\"Organization\",\"@id\":\"https:\/\/panoramaciudadano.com\/#organization\",\"name\":\"Panorama Ciudadano\",\"url\":\"https:\/\/panoramaciudadano.com\/\",\"logo\":{\"@type\":\"ImageObject\",\"inLanguage\":\"es\",\"@id\":\"https:\/\/panoramaciudadano.com\/#\/schema\/logo\/image\/\",\"url\":\"https:\/\/panoramaciudadano.com\/wp-content\/uploads\/2024\/05\/401498640_919267042938564_6290593609399108733_n.jpg\",\"contentUrl\":\"https:\/\/panoramaciudadano.com\/wp-content\/uploads\/2024\/05\/401498640_919267042938564_6290593609399108733_n.jpg\",\"width\":960,\"height\":957,\"caption\":\"Panorama Ciudadano\"},\"image\":{\"@id\":\"https:\/\/panoramaciudadano.com\/#\/schema\/logo\/image\/\"},\"sameAs\":[\"https:\/\/www.facebook.com\/panoramaciudadano\"]},{\"@type\":\"Person\",\"@id\":\"https:\/\/panoramaciudadano.com\/#\/schema\/person\/ffe9fe8ef47d3a93977b5761fd9e0d96\",\"name\":\"admin\",\"image\":{\"@type\":\"ImageObject\",\"inLanguage\":\"es\",\"@id\":\"https:\/\/panoramaciudadano.com\/#\/schema\/person\/image\/\",\"url\":\"https:\/\/secure.gravatar.com\/avatar\/2d5a12cacce3f18096f25fadea8abb7202fef18ed669595589853e84260ff451?s=96&d=mm&r=g\",\"contentUrl\":\"https:\/\/secure.gravatar.com\/avatar\/2d5a12cacce3f18096f25fadea8abb7202fef18ed669595589853e84260ff451?s=96&d=mm&r=g\",\"caption\":\"admin\"},\"sameAs\":[\"https:\/\/panoramaciudadano.com\"],\"url\":\"https:\/\/panoramaciudadano.com\/index.php\/author\/admin_3q6hyqq3\/\"}]}<\/script>\n<!-- \/ Yoast SEO plugin. -->","yoast_head_json":{"title":"CARNAVAL DE CANC\u00daN 2026 UN EXITOSO EVENTO PARA EL PUEBLO CANCUNENSE: ANA PATY PERALTA - Panorama Ciudadano","robots":{"index":"index","follow":"follow","max-snippet":"max-snippet:-1","max-image-preview":"max-image-preview:large","max-video-preview":"max-video-preview:-1"},"canonical":"https:\/\/panoramaciudadano.com\/index.php\/2026\/02\/18\/carnaval-de-cancun-2026-un-exitoso-evento-para-el-pueblo-cancunense-ana-paty-peralta\/","og_locale":"es_ES","og_type":"article","og_title":"CARNAVAL DE CANC\u00daN 2026 UN EXITOSO EVENTO PARA EL PUEBLO CANCUNENSE: ANA PATY PERALTA - Panorama Ciudadano","og_description":"M\u00e1s de 120 mil personas vivieron de la fiesta m\u00e1s grande de la ciudad.","og_url":"https:\/\/panoramaciudadano.com\/index.php\/2026\/02\/18\/carnaval-de-cancun-2026-un-exitoso-evento-para-el-pueblo-cancunense-ana-paty-peralta\/","og_site_name":"Panorama Ciudadano","article_publisher":"https:\/\/www.facebook.com\/panoramaciudadano","article_published_time":"2026-02-18T17:27:24+00:00","article_modified_time":"2026-02-18T17:27:27+00:00","og_image":[{"width":2560,"height":2015,"url":"https:\/\/panoramaciudadano.com\/wp-content\/uploads\/2026\/02\/WhatsApp-Image-2026-02-18-at-10.21.48-AM-2.jpeg","type":"image\/jpeg"}],"author":"admin","twitter_card":"summary_large_image","twitter_misc":{"Escrito por":"admin","Tiempo de lectura":"3 minutos"},"schema":{"@context":"https:\/\/schema.org","@graph":[{"@type":"Article","@id":"https:\/\/panoramaciudadano.com\/index.php\/2026\/02\/18\/carnaval-de-cancun-2026-un-exitoso-evento-para-el-pueblo-cancunense-ana-paty-peralta\/#article","isPartOf":{"@id":"https:\/\/panoramaciudadano.com\/index.php\/2026\/02\/18\/carnaval-de-cancun-2026-un-exitoso-evento-para-el-pueblo-cancunense-ana-paty-peralta\/"},"author":{"name":"admin","@id":"https:\/\/panoramaciudadano.com\/#\/schema\/person\/ffe9fe8ef47d3a93977b5761fd9e0d96"},"headline":"CARNAVAL DE CANC\u00daN 2026 UN EXITOSO EVENTO PARA EL PUEBLO CANCUNENSE: ANA PATY PERALTA","datePublished":"2026-02-18T17:27:24+00:00","dateModified":"2026-02-18T17:27:27+00:00","mainEntityOfPage":{"@id":"https:\/\/panoramaciudadano.com\/index.php\/2026\/02\/18\/carnaval-de-cancun-2026-un-exitoso-evento-para-el-pueblo-cancunense-ana-paty-peralta\/"},"wordCount":328,"commentCount":0,"publisher":{"@id":"https:\/\/panoramaciudadano.com\/#organization"},"image":{"@id":"https:\/\/panoramaciudadano.com\/index.php\/2026\/02\/18\/carnaval-de-cancun-2026-un-exitoso-evento-para-el-pueblo-cancunense-ana-paty-peralta\/#primaryimage"},"thumbnailUrl":"https:\/\/panoramaciudadano.com\/wp-content\/uploads\/2026\/02\/WhatsApp-Image-2026-02-18-at-10.21.48-AM-2.jpeg","keywords":["Ana Paty Peralta"],"articleSection":["Canc\u00fan"],"inLanguage":"es","potentialAction":[{"@type":"CommentAction","name":"Comment","target":["https:\/\/panoramaciudadano.com\/index.php\/2026\/02\/18\/carnaval-de-cancun-2026-un-exitoso-evento-para-el-pueblo-cancunense-ana-paty-peralta\/#respond"]}]},{"@type":"WebPage","@id":"https:\/\/panoramaciudadano.com\/index.php\/2026\/02\/18\/carnaval-de-cancun-2026-un-exitoso-evento-para-el-pueblo-cancunense-ana-paty-peralta\/","url":"https:\/\/panoramaciudadano.com\/index.php\/2026\/02\/18\/carnaval-de-cancun-2026-un-exitoso-evento-para-el-pueblo-cancunense-ana-paty-peralta\/","name":"CARNAVAL DE CANC\u00daN 2026 UN EXITOSO EVENTO PARA EL PUEBLO CANCUNENSE: ANA PATY PERALTA - Panorama Ciudadano","isPartOf":{"@id":"https:\/\/panoramaciudadano.com\/#website"},"primaryImageOfPage":{"@id":"https:\/\/panoramaciudadano.com\/index.php\/2026\/02\/18\/carnaval-de-cancun-2026-un-exitoso-evento-para-el-pueblo-cancunense-ana-paty-peralta\/#primaryimage"},"image":{"@id":"https:\/\/panoramaciudadano.com\/index.php\/2026\/02\/18\/carnaval-de-cancun-2026-un-exitoso-evento-para-el-pueblo-cancunense-ana-paty-peralta\/#primaryimage"},"thumbnailUrl":"https:\/\/panoramaciudadano.com\/wp-content\/uploads\/2026\/02\/WhatsApp-Image-2026-02-18-at-10.21.48-AM-2.jpeg","datePublished":"2026-02-18T17:27:24+00:00","dateModified":"2026-02-18T17:27:27+00:00","breadcrumb":{"@id":"https:\/\/panoramaciudadano.com\/index.php\/2026\/02\/18\/carnaval-de-cancun-2026-un-exitoso-evento-para-el-pueblo-cancunense-ana-paty-peralta\/#breadcrumb"},"inLanguage":"es","potentialAction":[{"@type":"ReadAction","target":["https:\/\/panoramaciudadano.com\/index.php\/2026\/02\/18\/carnaval-de-cancun-2026-un-exitoso-evento-para-el-pueblo-cancunense-ana-paty-peralta\/"]}]},{"@type":"ImageObject","inLanguage":"es","@id":"https:\/\/panoramaciudadano.com\/index.php\/2026\/02\/18\/carnaval-de-cancun-2026-un-exitoso-evento-para-el-pueblo-cancunense-ana-paty-peralta\/#primaryimage","url":"https:\/\/panoramaciudadano.com\/wp-content\/uploads\/2026\/02\/WhatsApp-Image-2026-02-18-at-10.21.48-AM-2.jpeg","contentUrl":"https:\/\/panoramaciudadano.com\/wp-content\/uploads\/2026\/02\/WhatsApp-Image-2026-02-18-at-10.21.48-AM-2.jpeg","width":2560,"height":2015},{"@type":"BreadcrumbList","@id":"https:\/\/panoramaciudadano.com\/index.php\/2026\/02\/18\/carnaval-de-cancun-2026-un-exitoso-evento-para-el-pueblo-cancunense-ana-paty-peralta\/#breadcrumb","itemListElement":[{"@type":"ListItem","position":1,"name":"Portada","item":"https:\/\/panoramaciudadano.com\/"},{"@type":"ListItem","position":2,"name":"CARNAVAL DE CANC\u00daN 2026 UN EXITOSO EVENTO PARA EL PUEBLO CANCUNENSE: ANA PATY PERALTA"}]},{"@type":"WebSite","@id":"https:\/\/panoramaciudadano.com\/#website","url":"https:\/\/panoramaciudadano.com\/","name":"Panorama Ciudadano","description":"","publisher":{"@id":"https:\/\/panoramaciudadano.com\/#organization"},"potentialAction":[{"@type":"SearchAction","target":{"@type":"EntryPoint","urlTemplate":"https:\/\/panoramaciudadano.com\/?s={search_term_string}"},"query-input":{"@type":"PropertyValueSpecification","valueRequired":true,"valueName":"search_term_string"}}],"inLanguage":"es"},{"@type":"Organization","@id":"https:\/\/panoramaciudadano.com\/#organization","name":"Panorama Ciudadano","url":"https:\/\/panoramaciudadano.com\/","logo":{"@type":"ImageObject","inLanguage":"es","@id":"https:\/\/panoramaciudadano.com\/#\/schema\/logo\/image\/","url":"https:\/\/panoramaciudadano.com\/wp-content\/uploads\/2024\/05\/401498640_919267042938564_6290593609399108733_n.jpg","contentUrl":"https:\/\/panoramaciudadano.com\/wp-content\/uploads\/2024\/05\/401498640_919267042938564_6290593609399108733_n.jpg","width":960,"height":957,"caption":"Panorama Ciudadano"},"image":{"@id":"https:\/\/panoramaciudadano.com\/#\/schema\/logo\/image\/"},"sameAs":["https:\/\/www.facebook.com\/panoramaciudadano"]},{"@type":"Person","@id":"https:\/\/panoramaciudadano.com\/#\/schema\/person\/ffe9fe8ef47d3a93977b5761fd9e0d96","name":"admin","image":{"@type":"ImageObject","inLanguage":"es","@id":"https:\/\/panoramaciudadano.com\/#\/schema\/person\/image\/","url":"https:\/\/secure.gravatar.com\/avatar\/2d5a12cacce3f18096f25fadea8abb7202fef18ed669595589853e84260ff451?s=96&d=mm&r=g","contentUrl":"https:\/\/secure.gravatar.com\/avatar\/2d5a12cacce3f18096f25fadea8abb7202fef18ed669595589853e84260ff451?s=96&d=mm&r=g","caption":"admin"},"sameAs":["https:\/\/panoramaciudadano.com"],"url":"https:\/\/panoramaciudadano.com\/index.php\/author\/admin_3q6hyqq3\/"}]}},"_links":{"self":[{"href":"https:\/\/panoramaciudadano.com\/index.php\/wp-json\/wp\/v2\/posts\/30706","targetHints":{"allow":["GET"]}}],"collection":[{"href":"https:\/\/panoramaciudadano.com\/index.php\/wp-json\/wp\/v2\/posts"}],"about":[{"href":"https:\/\/panoramaciudadano.com\/index.php\/wp-json\/wp\/v2\/types\/post"}],"author":[{"embeddable":true,"href":"https:\/\/panoramaciudadano.com\/index.php\/wp-json\/wp\/v2\/users\/1"}],"replies":[{"embeddable":true,"href":"https:\/\/panoramaciudadano.com\/index.php\/wp-json\/wp\/v2\/comments?post=30706"}],"version-history":[{"count":1,"href":"https:\/\/panoramaciudadano.com\/index.php\/wp-json\/wp\/v2\/posts\/30706\/revisions"}],"predecessor-version":[{"id":30713,"href":"https:\/\/panoramaciudadano.com\/index.php\/wp-json\/wp\/v2\/posts\/30706\/revisions\/30713"}],"wp:featuredmedia":[{"embeddable":true,"href":"https:\/\/panoramaciudadano.com\/index.php\/wp-json\/wp\/v2\/media\/30710"}],"wp:attachment":[{"href":"https:\/\/panoramaciudadano.com\/index.php\/wp-json\/wp\/v2\/media?parent=30706"}],"wp:term":[{"taxonomy":"category","embeddable":true,"href":"https:\/\/panoramaciudadano.com\/index.php\/wp-json\/wp\/v2\/categories?post=30706"},{"taxonomy":"post_tag","embeddable":true,"href":"https:\/\/panoramaciudadano.com\/index.php\/wp-json\/wp\/v2\/tags?post=30706"}],"curies":[{"name":"wp","href":"https:\/\/api.w.org\/{rel}","templated":true}]}}