{"id":30745,"date":"2026-02-18T12:51:50","date_gmt":"2026-02-18T17:51:50","guid":{"rendered":"https:\/\/panoramaciudadano.com\/?p=30745"},"modified":"2026-02-18T12:51:53","modified_gmt":"2026-02-18T17:51:53","slug":"consigue-fiscalia-prision-preventiva-para-dos-sujetos-por-extorsion-en-benito-juarez","status":"publish","type":"post","link":"https:\/\/panoramaciudadano.com\/index.php\/2026\/02\/18\/consigue-fiscalia-prision-preventiva-para-dos-sujetos-por-extorsion-en-benito-juarez\/","title":{"rendered":"Consigue Fiscal\u00eda prisi\u00f3n preventiva para dos sujetos por extorsi\u00f3n en Benito Ju\u00e1rez"},"content":{"rendered":"\n<figure class=\"wp-block-gallery has-nested-images columns-default is-cropped wp-block-gallery-1 is-layout-flex wp-block-gallery-is-layout-flex\">\n<figure class=\"wp-block-image size-large\"><img decoding=\"async\" width=\"853\" height=\"1024\" data-id=\"30746\" src=\"https:\/\/panoramaciudadano.com\/wp-content\/uploads\/2026\/02\/WhatsApp-Image-2026-02-18-at-11.41.44-AM-1-853x1024.jpeg\" alt=\"\" class=\"wp-image-30746\" srcset=\"https:\/\/panoramaciudadano.com\/wp-content\/uploads\/2026\/02\/WhatsApp-Image-2026-02-18-at-11.41.44-AM-1-853x1024.jpeg 853w, https:\/\/panoramaciudadano.com\/wp-content\/uploads\/2026\/02\/WhatsApp-Image-2026-02-18-at-11.41.44-AM-1-250x300.jpeg 250w, https:\/\/panoramaciudadano.com\/wp-content\/uploads\/2026\/02\/WhatsApp-Image-2026-02-18-at-11.41.44-AM-1-768x922.jpeg 768w, https:\/\/panoramaciudadano.com\/wp-content\/uploads\/2026\/02\/WhatsApp-Image-2026-02-18-at-11.41.44-AM-1-1280x1536.jpeg 1280w, https:\/\/panoramaciudadano.com\/wp-content\/uploads\/2026\/02\/WhatsApp-Image-2026-02-18-at-11.41.44-AM-1.jpeg 1333w\" sizes=\"(max-width: 853px) 100vw, 853px\" \/><\/figure>\n\n\n\n<figure class=\"wp-block-image size-large\"><img decoding=\"async\" width=\"853\" height=\"1024\" data-id=\"30747\" src=\"https:\/\/panoramaciudadano.com\/wp-content\/uploads\/2026\/02\/WhatsApp-Image-2026-02-18-at-11.41.44-AM-853x1024.jpeg\" alt=\"\" class=\"wp-image-30747\" srcset=\"https:\/\/panoramaciudadano.com\/wp-content\/uploads\/2026\/02\/WhatsApp-Image-2026-02-18-at-11.41.44-AM-853x1024.jpeg 853w, https:\/\/panoramaciudadano.com\/wp-content\/uploads\/2026\/02\/WhatsApp-Image-2026-02-18-at-11.41.44-AM-250x300.jpeg 250w, https:\/\/panoramaciudadano.com\/wp-content\/uploads\/2026\/02\/WhatsApp-Image-2026-02-18-at-11.41.44-AM-768x922.jpeg 768w, https:\/\/panoramaciudadano.com\/wp-content\/uploads\/2026\/02\/WhatsApp-Image-2026-02-18-at-11.41.44-AM-1280x1536.jpeg 1280w, https:\/\/panoramaciudadano.com\/wp-content\/uploads\/2026\/02\/WhatsApp-Image-2026-02-18-at-11.41.44-AM.jpeg 1333w\" sizes=\"(max-width: 853px) 100vw, 853px\" \/><\/figure>\n<\/figure>\n\n\n\n<p>Despu\u00e9s de que la Fiscal\u00eda General del Estado, a trav\u00e9s de la Fiscal\u00eda Especializada en Combate a los Delitos de Secuestro y Extorsi\u00f3n, aportara los datos de prueba correspondientes, un Juez de Control dict\u00f3 el auto de vinculaci\u00f3n a proceso para Carlos Daniel \u201cN\u201d y Erwin Daivd \u201cN\u201d, por su presunta relaci\u00f3n en hechos posiblemente constitutivos del delito de extorsi\u00f3n, en agravio de una v\u00edctima de identidad reservada.<\/p>\n\n\n\n<p>Los hechos por los que estos sujetos son se\u00f1alados, ocurrieron a partir del 27 de enero del presente a\u00f1o, cuando se presentaron en el negocio de venta de comida de la v\u00edctima, ubicado en la esquina de la avenida Kabah y Ruta 4, para exigirle la cantidad de mil pesos semanales por \u201cderecho de piso\u201d, al tiempo que Erwin David \u201cN\u201d abri\u00f3 una mochila para mostrarle que llevaba un arma de fuego.<\/p>\n\n\n\n<p>Asimismo, le informaron que son integrantes de un grupo criminal generador de violencia y que ellos se dedican a cobrar el \u201cderecho de piso\u201d, mismo que todos los comerciantes de la zona deben pagar; le advirtieron que, en caso de negarse, podr\u00edan privarlo de la vida, ya que sab\u00edan d\u00f3nde vive, por \u00faltimo, le dijeron, \u201cno nos falles, porque si no, te va a ir muy mal\u201d.<\/p>\n\n\n\n<p>El 31 de enero, los se\u00f1alados se presentaron al lugar donde la v\u00edctima instalaba su puesto de comida, para recoger el dinero exigido, pero no estaba, por lo que al d\u00eda siguiente regresaron y le pidieron los mil pesos, pero el agraviado les dijo que no les pagar\u00eda, por lo que le contestaron que quedaba advertido y que no era un juego, por lo que pronto recibir\u00eda \u201cuna sorpresita\u201d, la cual consisti\u00f3 en balear su domicilio la madrugada del 4 de febrero.<\/p>\n\n\n\n<p>Tras denuncia de hechos y el cumplimento de la orden de aprehensi\u00f3n girada por un Juez, Carlos Daniel \u201cN\u201d y Erwin Daivd \u201cN\u201d fueron vinculados a proceso, adem\u00e1s de que estar\u00e1n la bajo le medida cautelar de prisi\u00f3n preventiva por el tiempo en el que se desarrolle el proceso judicial en su contra.<\/p>\n","protected":false},"excerpt":{"rendered":"<p>Despu\u00e9s de que la Fiscal\u00eda General del Estado, a trav\u00e9s de la Fiscal\u00eda Especializada en Combate a los Delitos de Secuestro y Extorsi\u00f3n, aportara los datos de prueba correspondientes, un Juez de Control dict\u00f3 el auto de vinculaci\u00f3n a proceso para Carlos Daniel \u201cN\u201d y Erwin Daivd \u201cN\u201d, por su presunta relaci\u00f3n en hechos posiblemente constitutivos del delito de extorsi\u00f3n, en agravio de una v\u00edctima de identidad reservada.<\/p>\n","protected":false},"author":1,"featured_media":30746,"comment_status":"open","ping_status":"closed","sticky":false,"template":"","format":"standard","meta":{"footnotes":""},"categories":[6],"tags":[200],"class_list":["post-30745","post","type-post","status-publish","format-standard","has-post-thumbnail","hentry","category-cancun","tag-fge"],"yoast_head":"<!-- This site is optimized with the Yoast SEO plugin v27.1.1 - https:\/\/yoast.com\/product\/yoast-seo-wordpress\/ -->\n<title>Consigue Fiscal\u00eda prisi\u00f3n preventiva para dos sujetos por extorsi\u00f3n en Benito Ju\u00e1rez - Panorama Ciudadano<\/title>\n<meta name=\"robots\" content=\"index, follow, max-snippet:-1, max-image-preview:large, max-video-preview:-1\" \/>\n<link rel=\"canonical\" href=\"https:\/\/panoramaciudadano.com\/index.php\/2026\/02\/18\/consigue-fiscalia-prision-preventiva-para-dos-sujetos-por-extorsion-en-benito-juarez\/\" \/>\n<meta property=\"og:locale\" content=\"es_ES\" \/>\n<meta property=\"og:type\" content=\"article\" \/>\n<meta property=\"og:title\" content=\"Consigue Fiscal\u00eda prisi\u00f3n preventiva para dos sujetos por extorsi\u00f3n en Benito Ju\u00e1rez - Panorama Ciudadano\" \/>\n<meta property=\"og:description\" content=\"Despu\u00e9s de que la Fiscal\u00eda General del Estado, a trav\u00e9s de la Fiscal\u00eda Especializada en Combate a los Delitos de Secuestro y Extorsi\u00f3n, aportara los datos de prueba correspondientes, un Juez de Control dict\u00f3 el auto de vinculaci\u00f3n a proceso para Carlos Daniel \u201cN\u201d y Erwin Daivd \u201cN\u201d, por su presunta relaci\u00f3n en hechos posiblemente constitutivos del delito de extorsi\u00f3n, en agravio de una v\u00edctima de identidad reservada.\" \/>\n<meta property=\"og:url\" content=\"https:\/\/panoramaciudadano.com\/index.php\/2026\/02\/18\/consigue-fiscalia-prision-preventiva-para-dos-sujetos-por-extorsion-en-benito-juarez\/\" \/>\n<meta property=\"og:site_name\" content=\"Panorama Ciudadano\" \/>\n<meta property=\"article:publisher\" content=\"https:\/\/www.facebook.com\/panoramaciudadano\" \/>\n<meta property=\"article:published_time\" content=\"2026-02-18T17:51:50+00:00\" \/>\n<meta property=\"article:modified_time\" content=\"2026-02-18T17:51:53+00:00\" \/>\n<meta property=\"og:image\" content=\"https:\/\/panoramaciudadano.com\/wp-content\/uploads\/2026\/02\/WhatsApp-Image-2026-02-18-at-11.41.44-AM-1.jpeg\" \/>\n\t<meta property=\"og:image:width\" content=\"1333\" \/>\n\t<meta property=\"og:image:height\" content=\"1600\" \/>\n\t<meta property=\"og:image:type\" content=\"image\/jpeg\" \/>\n<meta name=\"author\" content=\"admin\" \/>\n<meta name=\"twitter:card\" content=\"summary_large_image\" \/>\n<meta name=\"twitter:label1\" content=\"Escrito por\" \/>\n\t<meta name=\"twitter:data1\" content=\"admin\" \/>\n\t<meta name=\"twitter:label2\" content=\"Tiempo de lectura\" \/>\n\t<meta name=\"twitter:data2\" content=\"3 minutos\" \/>\n<script type=\"application\/ld+json\" class=\"yoast-schema-graph\">{\"@context\":\"https:\/\/schema.org\",\"@graph\":[{\"@type\":\"Article\",\"@id\":\"https:\/\/panoramaciudadano.com\/index.php\/2026\/02\/18\/consigue-fiscalia-prision-preventiva-para-dos-sujetos-por-extorsion-en-benito-juarez\/#article\",\"isPartOf\":{\"@id\":\"https:\/\/panoramaciudadano.com\/index.php\/2026\/02\/18\/consigue-fiscalia-prision-preventiva-para-dos-sujetos-por-extorsion-en-benito-juarez\/\"},\"author\":{\"name\":\"admin\",\"@id\":\"https:\/\/panoramaciudadano.com\/#\/schema\/person\/ffe9fe8ef47d3a93977b5761fd9e0d96\"},\"headline\":\"Consigue Fiscal\u00eda prisi\u00f3n preventiva para dos sujetos por extorsi\u00f3n en Benito Ju\u00e1rez\",\"datePublished\":\"2026-02-18T17:51:50+00:00\",\"dateModified\":\"2026-02-18T17:51:53+00:00\",\"mainEntityOfPage\":{\"@id\":\"https:\/\/panoramaciudadano.com\/index.php\/2026\/02\/18\/consigue-fiscalia-prision-preventiva-para-dos-sujetos-por-extorsion-en-benito-juarez\/\"},\"wordCount\":378,\"commentCount\":0,\"publisher\":{\"@id\":\"https:\/\/panoramaciudadano.com\/#organization\"},\"image\":{\"@id\":\"https:\/\/panoramaciudadano.com\/index.php\/2026\/02\/18\/consigue-fiscalia-prision-preventiva-para-dos-sujetos-por-extorsion-en-benito-juarez\/#primaryimage\"},\"thumbnailUrl\":\"https:\/\/panoramaciudadano.com\/wp-content\/uploads\/2026\/02\/WhatsApp-Image-2026-02-18-at-11.41.44-AM-1.jpeg\",\"keywords\":[\"FGE\"],\"articleSection\":[\"Canc\u00fan\"],\"inLanguage\":\"es\",\"potentialAction\":[{\"@type\":\"CommentAction\",\"name\":\"Comment\",\"target\":[\"https:\/\/panoramaciudadano.com\/index.php\/2026\/02\/18\/consigue-fiscalia-prision-preventiva-para-dos-sujetos-por-extorsion-en-benito-juarez\/#respond\"]}]},{\"@type\":\"WebPage\",\"@id\":\"https:\/\/panoramaciudadano.com\/index.php\/2026\/02\/18\/consigue-fiscalia-prision-preventiva-para-dos-sujetos-por-extorsion-en-benito-juarez\/\",\"url\":\"https:\/\/panoramaciudadano.com\/index.php\/2026\/02\/18\/consigue-fiscalia-prision-preventiva-para-dos-sujetos-por-extorsion-en-benito-juarez\/\",\"name\":\"Consigue Fiscal\u00eda prisi\u00f3n preventiva para dos sujetos por extorsi\u00f3n en Benito Ju\u00e1rez - Panorama Ciudadano\",\"isPartOf\":{\"@id\":\"https:\/\/panoramaciudadano.com\/#website\"},\"primaryImageOfPage\":{\"@id\":\"https:\/\/panoramaciudadano.com\/index.php\/2026\/02\/18\/consigue-fiscalia-prision-preventiva-para-dos-sujetos-por-extorsion-en-benito-juarez\/#primaryimage\"},\"image\":{\"@id\":\"https:\/\/panoramaciudadano.com\/index.php\/2026\/02\/18\/consigue-fiscalia-prision-preventiva-para-dos-sujetos-por-extorsion-en-benito-juarez\/#primaryimage\"},\"thumbnailUrl\":\"https:\/\/panoramaciudadano.com\/wp-content\/uploads\/2026\/02\/WhatsApp-Image-2026-02-18-at-11.41.44-AM-1.jpeg\",\"datePublished\":\"2026-02-18T17:51:50+00:00\",\"dateModified\":\"2026-02-18T17:51:53+00:00\",\"breadcrumb\":{\"@id\":\"https:\/\/panoramaciudadano.com\/index.php\/2026\/02\/18\/consigue-fiscalia-prision-preventiva-para-dos-sujetos-por-extorsion-en-benito-juarez\/#breadcrumb\"},\"inLanguage\":\"es\",\"potentialAction\":[{\"@type\":\"ReadAction\",\"target\":[\"https:\/\/panoramaciudadano.com\/index.php\/2026\/02\/18\/consigue-fiscalia-prision-preventiva-para-dos-sujetos-por-extorsion-en-benito-juarez\/\"]}]},{\"@type\":\"ImageObject\",\"inLanguage\":\"es\",\"@id\":\"https:\/\/panoramaciudadano.com\/index.php\/2026\/02\/18\/consigue-fiscalia-prision-preventiva-para-dos-sujetos-por-extorsion-en-benito-juarez\/#primaryimage\",\"url\":\"https:\/\/panoramaciudadano.com\/wp-content\/uploads\/2026\/02\/WhatsApp-Image-2026-02-18-at-11.41.44-AM-1.jpeg\",\"contentUrl\":\"https:\/\/panoramaciudadano.com\/wp-content\/uploads\/2026\/02\/WhatsApp-Image-2026-02-18-at-11.41.44-AM-1.jpeg\",\"width\":1333,\"height\":1600},{\"@type\":\"BreadcrumbList\",\"@id\":\"https:\/\/panoramaciudadano.com\/index.php\/2026\/02\/18\/consigue-fiscalia-prision-preventiva-para-dos-sujetos-por-extorsion-en-benito-juarez\/#breadcrumb\",\"itemListElement\":[{\"@type\":\"ListItem\",\"position\":1,\"name\":\"Portada\",\"item\":\"https:\/\/panoramaciudadano.com\/\"},{\"@type\":\"ListItem\",\"position\":2,\"name\":\"Consigue Fiscal\u00eda prisi\u00f3n preventiva para dos sujetos por extorsi\u00f3n en Benito Ju\u00e1rez\"}]},{\"@type\":\"WebSite\",\"@id\":\"https:\/\/panoramaciudadano.com\/#website\",\"url\":\"https:\/\/panoramaciudadano.com\/\",\"name\":\"Panorama Ciudadano\",\"description\":\"\",\"publisher\":{\"@id\":\"https:\/\/panoramaciudadano.com\/#organization\"},\"potentialAction\":[{\"@type\":\"SearchAction\",\"target\":{\"@type\":\"EntryPoint\",\"urlTemplate\":\"https:\/\/panoramaciudadano.com\/?s={search_term_string}\"},\"query-input\":{\"@type\":\"PropertyValueSpecification\",\"valueRequired\":true,\"valueName\":\"search_term_string\"}}],\"inLanguage\":\"es\"},{\"@type\":\"Organization\",\"@id\":\"https:\/\/panoramaciudadano.com\/#organization\",\"name\":\"Panorama Ciudadano\",\"url\":\"https:\/\/panoramaciudadano.com\/\",\"logo\":{\"@type\":\"ImageObject\",\"inLanguage\":\"es\",\"@id\":\"https:\/\/panoramaciudadano.com\/#\/schema\/logo\/image\/\",\"url\":\"https:\/\/panoramaciudadano.com\/wp-content\/uploads\/2024\/05\/401498640_919267042938564_6290593609399108733_n.jpg\",\"contentUrl\":\"https:\/\/panoramaciudadano.com\/wp-content\/uploads\/2024\/05\/401498640_919267042938564_6290593609399108733_n.jpg\",\"width\":960,\"height\":957,\"caption\":\"Panorama Ciudadano\"},\"image\":{\"@id\":\"https:\/\/panoramaciudadano.com\/#\/schema\/logo\/image\/\"},\"sameAs\":[\"https:\/\/www.facebook.com\/panoramaciudadano\"]},{\"@type\":\"Person\",\"@id\":\"https:\/\/panoramaciudadano.com\/#\/schema\/person\/ffe9fe8ef47d3a93977b5761fd9e0d96\",\"name\":\"admin\",\"image\":{\"@type\":\"ImageObject\",\"inLanguage\":\"es\",\"@id\":\"https:\/\/panoramaciudadano.com\/#\/schema\/person\/image\/\",\"url\":\"https:\/\/secure.gravatar.com\/avatar\/2d5a12cacce3f18096f25fadea8abb7202fef18ed669595589853e84260ff451?s=96&d=mm&r=g\",\"contentUrl\":\"https:\/\/secure.gravatar.com\/avatar\/2d5a12cacce3f18096f25fadea8abb7202fef18ed669595589853e84260ff451?s=96&d=mm&r=g\",\"caption\":\"admin\"},\"sameAs\":[\"https:\/\/panoramaciudadano.com\"],\"url\":\"https:\/\/panoramaciudadano.com\/index.php\/author\/admin_3q6hyqq3\/\"}]}<\/script>\n<!-- \/ Yoast SEO plugin. -->","yoast_head_json":{"title":"Consigue Fiscal\u00eda prisi\u00f3n preventiva para dos sujetos por extorsi\u00f3n en Benito Ju\u00e1rez - Panorama Ciudadano","robots":{"index":"index","follow":"follow","max-snippet":"max-snippet:-1","max-image-preview":"max-image-preview:large","max-video-preview":"max-video-preview:-1"},"canonical":"https:\/\/panoramaciudadano.com\/index.php\/2026\/02\/18\/consigue-fiscalia-prision-preventiva-para-dos-sujetos-por-extorsion-en-benito-juarez\/","og_locale":"es_ES","og_type":"article","og_title":"Consigue Fiscal\u00eda prisi\u00f3n preventiva para dos sujetos por extorsi\u00f3n en Benito Ju\u00e1rez - Panorama Ciudadano","og_description":"Despu\u00e9s de que la Fiscal\u00eda General del Estado, a trav\u00e9s de la Fiscal\u00eda Especializada en Combate a los Delitos de Secuestro y Extorsi\u00f3n, aportara los datos de prueba correspondientes, un Juez de Control dict\u00f3 el auto de vinculaci\u00f3n a proceso para Carlos Daniel \u201cN\u201d y Erwin Daivd \u201cN\u201d, por su presunta relaci\u00f3n en hechos posiblemente constitutivos del delito de extorsi\u00f3n, en agravio de una v\u00edctima de identidad reservada.","og_url":"https:\/\/panoramaciudadano.com\/index.php\/2026\/02\/18\/consigue-fiscalia-prision-preventiva-para-dos-sujetos-por-extorsion-en-benito-juarez\/","og_site_name":"Panorama Ciudadano","article_publisher":"https:\/\/www.facebook.com\/panoramaciudadano","article_published_time":"2026-02-18T17:51:50+00:00","article_modified_time":"2026-02-18T17:51:53+00:00","og_image":[{"width":1333,"height":1600,"url":"https:\/\/panoramaciudadano.com\/wp-content\/uploads\/2026\/02\/WhatsApp-Image-2026-02-18-at-11.41.44-AM-1.jpeg","type":"image\/jpeg"}],"author":"admin","twitter_card":"summary_large_image","twitter_misc":{"Escrito por":"admin","Tiempo de lectura":"3 minutos"},"schema":{"@context":"https:\/\/schema.org","@graph":[{"@type":"Article","@id":"https:\/\/panoramaciudadano.com\/index.php\/2026\/02\/18\/consigue-fiscalia-prision-preventiva-para-dos-sujetos-por-extorsion-en-benito-juarez\/#article","isPartOf":{"@id":"https:\/\/panoramaciudadano.com\/index.php\/2026\/02\/18\/consigue-fiscalia-prision-preventiva-para-dos-sujetos-por-extorsion-en-benito-juarez\/"},"author":{"name":"admin","@id":"https:\/\/panoramaciudadano.com\/#\/schema\/person\/ffe9fe8ef47d3a93977b5761fd9e0d96"},"headline":"Consigue Fiscal\u00eda prisi\u00f3n preventiva para dos sujetos por extorsi\u00f3n en Benito Ju\u00e1rez","datePublished":"2026-02-18T17:51:50+00:00","dateModified":"2026-02-18T17:51:53+00:00","mainEntityOfPage":{"@id":"https:\/\/panoramaciudadano.com\/index.php\/2026\/02\/18\/consigue-fiscalia-prision-preventiva-para-dos-sujetos-por-extorsion-en-benito-juarez\/"},"wordCount":378,"commentCount":0,"publisher":{"@id":"https:\/\/panoramaciudadano.com\/#organization"},"image":{"@id":"https:\/\/panoramaciudadano.com\/index.php\/2026\/02\/18\/consigue-fiscalia-prision-preventiva-para-dos-sujetos-por-extorsion-en-benito-juarez\/#primaryimage"},"thumbnailUrl":"https:\/\/panoramaciudadano.com\/wp-content\/uploads\/2026\/02\/WhatsApp-Image-2026-02-18-at-11.41.44-AM-1.jpeg","keywords":["FGE"],"articleSection":["Canc\u00fan"],"inLanguage":"es","potentialAction":[{"@type":"CommentAction","name":"Comment","target":["https:\/\/panoramaciudadano.com\/index.php\/2026\/02\/18\/consigue-fiscalia-prision-preventiva-para-dos-sujetos-por-extorsion-en-benito-juarez\/#respond"]}]},{"@type":"WebPage","@id":"https:\/\/panoramaciudadano.com\/index.php\/2026\/02\/18\/consigue-fiscalia-prision-preventiva-para-dos-sujetos-por-extorsion-en-benito-juarez\/","url":"https:\/\/panoramaciudadano.com\/index.php\/2026\/02\/18\/consigue-fiscalia-prision-preventiva-para-dos-sujetos-por-extorsion-en-benito-juarez\/","name":"Consigue Fiscal\u00eda prisi\u00f3n preventiva para dos sujetos por extorsi\u00f3n en Benito Ju\u00e1rez - Panorama Ciudadano","isPartOf":{"@id":"https:\/\/panoramaciudadano.com\/#website"},"primaryImageOfPage":{"@id":"https:\/\/panoramaciudadano.com\/index.php\/2026\/02\/18\/consigue-fiscalia-prision-preventiva-para-dos-sujetos-por-extorsion-en-benito-juarez\/#primaryimage"},"image":{"@id":"https:\/\/panoramaciudadano.com\/index.php\/2026\/02\/18\/consigue-fiscalia-prision-preventiva-para-dos-sujetos-por-extorsion-en-benito-juarez\/#primaryimage"},"thumbnailUrl":"https:\/\/panoramaciudadano.com\/wp-content\/uploads\/2026\/02\/WhatsApp-Image-2026-02-18-at-11.41.44-AM-1.jpeg","datePublished":"2026-02-18T17:51:50+00:00","dateModified":"2026-02-18T17:51:53+00:00","breadcrumb":{"@id":"https:\/\/panoramaciudadano.com\/index.php\/2026\/02\/18\/consigue-fiscalia-prision-preventiva-para-dos-sujetos-por-extorsion-en-benito-juarez\/#breadcrumb"},"inLanguage":"es","potentialAction":[{"@type":"ReadAction","target":["https:\/\/panoramaciudadano.com\/index.php\/2026\/02\/18\/consigue-fiscalia-prision-preventiva-para-dos-sujetos-por-extorsion-en-benito-juarez\/"]}]},{"@type":"ImageObject","inLanguage":"es","@id":"https:\/\/panoramaciudadano.com\/index.php\/2026\/02\/18\/consigue-fiscalia-prision-preventiva-para-dos-sujetos-por-extorsion-en-benito-juarez\/#primaryimage","url":"https:\/\/panoramaciudadano.com\/wp-content\/uploads\/2026\/02\/WhatsApp-Image-2026-02-18-at-11.41.44-AM-1.jpeg","contentUrl":"https:\/\/panoramaciudadano.com\/wp-content\/uploads\/2026\/02\/WhatsApp-Image-2026-02-18-at-11.41.44-AM-1.jpeg","width":1333,"height":1600},{"@type":"BreadcrumbList","@id":"https:\/\/panoramaciudadano.com\/index.php\/2026\/02\/18\/consigue-fiscalia-prision-preventiva-para-dos-sujetos-por-extorsion-en-benito-juarez\/#breadcrumb","itemListElement":[{"@type":"ListItem","position":1,"name":"Portada","item":"https:\/\/panoramaciudadano.com\/"},{"@type":"ListItem","position":2,"name":"Consigue Fiscal\u00eda prisi\u00f3n preventiva para dos sujetos por extorsi\u00f3n en Benito Ju\u00e1rez"}]},{"@type":"WebSite","@id":"https:\/\/panoramaciudadano.com\/#website","url":"https:\/\/panoramaciudadano.com\/","name":"Panorama Ciudadano","description":"","publisher":{"@id":"https:\/\/panoramaciudadano.com\/#organization"},"potentialAction":[{"@type":"SearchAction","target":{"@type":"EntryPoint","urlTemplate":"https:\/\/panoramaciudadano.com\/?s={search_term_string}"},"query-input":{"@type":"PropertyValueSpecification","valueRequired":true,"valueName":"search_term_string"}}],"inLanguage":"es"},{"@type":"Organization","@id":"https:\/\/panoramaciudadano.com\/#organization","name":"Panorama Ciudadano","url":"https:\/\/panoramaciudadano.com\/","logo":{"@type":"ImageObject","inLanguage":"es","@id":"https:\/\/panoramaciudadano.com\/#\/schema\/logo\/image\/","url":"https:\/\/panoramaciudadano.com\/wp-content\/uploads\/2024\/05\/401498640_919267042938564_6290593609399108733_n.jpg","contentUrl":"https:\/\/panoramaciudadano.com\/wp-content\/uploads\/2024\/05\/401498640_919267042938564_6290593609399108733_n.jpg","width":960,"height":957,"caption":"Panorama Ciudadano"},"image":{"@id":"https:\/\/panoramaciudadano.com\/#\/schema\/logo\/image\/"},"sameAs":["https:\/\/www.facebook.com\/panoramaciudadano"]},{"@type":"Person","@id":"https:\/\/panoramaciudadano.com\/#\/schema\/person\/ffe9fe8ef47d3a93977b5761fd9e0d96","name":"admin","image":{"@type":"ImageObject","inLanguage":"es","@id":"https:\/\/panoramaciudadano.com\/#\/schema\/person\/image\/","url":"https:\/\/secure.gravatar.com\/avatar\/2d5a12cacce3f18096f25fadea8abb7202fef18ed669595589853e84260ff451?s=96&d=mm&r=g","contentUrl":"https:\/\/secure.gravatar.com\/avatar\/2d5a12cacce3f18096f25fadea8abb7202fef18ed669595589853e84260ff451?s=96&d=mm&r=g","caption":"admin"},"sameAs":["https:\/\/panoramaciudadano.com"],"url":"https:\/\/panoramaciudadano.com\/index.php\/author\/admin_3q6hyqq3\/"}]}},"_links":{"self":[{"href":"https:\/\/panoramaciudadano.com\/index.php\/wp-json\/wp\/v2\/posts\/30745","targetHints":{"allow":["GET"]}}],"collection":[{"href":"https:\/\/panoramaciudadano.com\/index.php\/wp-json\/wp\/v2\/posts"}],"about":[{"href":"https:\/\/panoramaciudadano.com\/index.php\/wp-json\/wp\/v2\/types\/post"}],"author":[{"embeddable":true,"href":"https:\/\/panoramaciudadano.com\/index.php\/wp-json\/wp\/v2\/users\/1"}],"replies":[{"embeddable":true,"href":"https:\/\/panoramaciudadano.com\/index.php\/wp-json\/wp\/v2\/comments?post=30745"}],"version-history":[{"count":1,"href":"https:\/\/panoramaciudadano.com\/index.php\/wp-json\/wp\/v2\/posts\/30745\/revisions"}],"predecessor-version":[{"id":30748,"href":"https:\/\/panoramaciudadano.com\/index.php\/wp-json\/wp\/v2\/posts\/30745\/revisions\/30748"}],"wp:featuredmedia":[{"embeddable":true,"href":"https:\/\/panoramaciudadano.com\/index.php\/wp-json\/wp\/v2\/media\/30746"}],"wp:attachment":[{"href":"https:\/\/panoramaciudadano.com\/index.php\/wp-json\/wp\/v2\/media?parent=30745"}],"wp:term":[{"taxonomy":"category","embeddable":true,"href":"https:\/\/panoramaciudadano.com\/index.php\/wp-json\/wp\/v2\/categories?post=30745"},{"taxonomy":"post_tag","embeddable":true,"href":"https:\/\/panoramaciudadano.com\/index.php\/wp-json\/wp\/v2\/tags?post=30745"}],"curies":[{"name":"wp","href":"https:\/\/api.w.org\/{rel}","templated":true}]}}