{"id":30819,"date":"2026-02-19T23:29:34","date_gmt":"2026-02-20T04:29:34","guid":{"rendered":"https:\/\/panoramaciudadano.com\/?p=30819"},"modified":"2026-02-19T23:29:36","modified_gmt":"2026-02-20T04:29:36","slug":"accidente-en-cancun-familia-y-mototaxista-heridos-tras-brutal-choque-en-paseos-del-mar","status":"publish","type":"post","link":"https:\/\/panoramaciudadano.com\/index.php\/2026\/02\/19\/accidente-en-cancun-familia-y-mototaxista-heridos-tras-brutal-choque-en-paseos-del-mar\/","title":{"rendered":"Accidente en Canc\u00fan: familia y mototaxista heridos tras brutal choque en Paseos del Mar"},"content":{"rendered":"\n<figure class=\"wp-block-gallery has-nested-images columns-default is-cropped wp-block-gallery-1 is-layout-flex wp-block-gallery-is-layout-flex\">\n<figure class=\"wp-block-image size-large\"><img decoding=\"async\" width=\"768\" height=\"1024\" data-id=\"30824\" src=\"https:\/\/panoramaciudadano.com\/wp-content\/uploads\/2026\/02\/WhatsApp-Image-2026-02-19-at-7.36.28-PM-768x1024.jpeg\" alt=\"\" class=\"wp-image-30824\" srcset=\"https:\/\/panoramaciudadano.com\/wp-content\/uploads\/2026\/02\/WhatsApp-Image-2026-02-19-at-7.36.28-PM-768x1024.jpeg 768w, https:\/\/panoramaciudadano.com\/wp-content\/uploads\/2026\/02\/WhatsApp-Image-2026-02-19-at-7.36.28-PM-225x300.jpeg 225w, https:\/\/panoramaciudadano.com\/wp-content\/uploads\/2026\/02\/WhatsApp-Image-2026-02-19-at-7.36.28-PM-1152x1536.jpeg 1152w, https:\/\/panoramaciudadano.com\/wp-content\/uploads\/2026\/02\/WhatsApp-Image-2026-02-19-at-7.36.28-PM.jpeg 1200w\" sizes=\"(max-width: 768px) 100vw, 768px\" \/><\/figure>\n\n\n\n<figure class=\"wp-block-image size-large\"><img decoding=\"async\" width=\"1024\" height=\"755\" data-id=\"30823\" src=\"https:\/\/panoramaciudadano.com\/wp-content\/uploads\/2026\/02\/WhatsApp-Image-2026-02-19-at-7.36.29-PM-1-1024x755.jpeg\" alt=\"\" class=\"wp-image-30823\" srcset=\"https:\/\/panoramaciudadano.com\/wp-content\/uploads\/2026\/02\/WhatsApp-Image-2026-02-19-at-7.36.29-PM-1-1024x755.jpeg 1024w, https:\/\/panoramaciudadano.com\/wp-content\/uploads\/2026\/02\/WhatsApp-Image-2026-02-19-at-7.36.29-PM-1-300x221.jpeg 300w, https:\/\/panoramaciudadano.com\/wp-content\/uploads\/2026\/02\/WhatsApp-Image-2026-02-19-at-7.36.29-PM-1-768x566.jpeg 768w, https:\/\/panoramaciudadano.com\/wp-content\/uploads\/2026\/02\/WhatsApp-Image-2026-02-19-at-7.36.29-PM-1-1536x1133.jpeg 1536w, https:\/\/panoramaciudadano.com\/wp-content\/uploads\/2026\/02\/WhatsApp-Image-2026-02-19-at-7.36.29-PM-1.jpeg 1600w\" sizes=\"(max-width: 1024px) 100vw, 1024px\" \/><\/figure>\n\n\n\n<figure class=\"wp-block-image size-large\"><img decoding=\"async\" width=\"1024\" height=\"634\" data-id=\"30820\" src=\"https:\/\/panoramaciudadano.com\/wp-content\/uploads\/2026\/02\/WhatsApp-Image-2026-02-19-at-7.36.29-PM-2-1024x634.jpeg\" alt=\"\" class=\"wp-image-30820\" srcset=\"https:\/\/panoramaciudadano.com\/wp-content\/uploads\/2026\/02\/WhatsApp-Image-2026-02-19-at-7.36.29-PM-2-1024x634.jpeg 1024w, https:\/\/panoramaciudadano.com\/wp-content\/uploads\/2026\/02\/WhatsApp-Image-2026-02-19-at-7.36.29-PM-2-300x186.jpeg 300w, https:\/\/panoramaciudadano.com\/wp-content\/uploads\/2026\/02\/WhatsApp-Image-2026-02-19-at-7.36.29-PM-2-768x475.jpeg 768w, https:\/\/panoramaciudadano.com\/wp-content\/uploads\/2026\/02\/WhatsApp-Image-2026-02-19-at-7.36.29-PM-2-1536x950.jpeg 1536w, https:\/\/panoramaciudadano.com\/wp-content\/uploads\/2026\/02\/WhatsApp-Image-2026-02-19-at-7.36.29-PM-2.jpeg 1600w\" sizes=\"(max-width: 1024px) 100vw, 1024px\" \/><\/figure>\n\n\n\n<figure class=\"wp-block-image size-large\"><img decoding=\"async\" width=\"1024\" height=\"614\" data-id=\"30821\" src=\"https:\/\/panoramaciudadano.com\/wp-content\/uploads\/2026\/02\/WhatsApp-Image-2026-02-19-at-7.36.29-PM-3-1024x614.jpeg\" alt=\"\" class=\"wp-image-30821\" srcset=\"https:\/\/panoramaciudadano.com\/wp-content\/uploads\/2026\/02\/WhatsApp-Image-2026-02-19-at-7.36.29-PM-3-1024x614.jpeg 1024w, https:\/\/panoramaciudadano.com\/wp-content\/uploads\/2026\/02\/WhatsApp-Image-2026-02-19-at-7.36.29-PM-3-300x180.jpeg 300w, https:\/\/panoramaciudadano.com\/wp-content\/uploads\/2026\/02\/WhatsApp-Image-2026-02-19-at-7.36.29-PM-3-768x460.jpeg 768w, https:\/\/panoramaciudadano.com\/wp-content\/uploads\/2026\/02\/WhatsApp-Image-2026-02-19-at-7.36.29-PM-3-1536x921.jpeg 1536w, https:\/\/panoramaciudadano.com\/wp-content\/uploads\/2026\/02\/WhatsApp-Image-2026-02-19-at-7.36.29-PM-3.jpeg 1600w\" sizes=\"(max-width: 1024px) 100vw, 1024px\" \/><\/figure>\n\n\n\n<figure class=\"wp-block-image size-large\"><img decoding=\"async\" width=\"1024\" height=\"932\" data-id=\"30822\" src=\"https:\/\/panoramaciudadano.com\/wp-content\/uploads\/2026\/02\/WhatsApp-Image-2026-02-19-at-7.36.29-PM-1024x932.jpeg\" alt=\"\" class=\"wp-image-30822\" srcset=\"https:\/\/panoramaciudadano.com\/wp-content\/uploads\/2026\/02\/WhatsApp-Image-2026-02-19-at-7.36.29-PM-1024x932.jpeg 1024w, https:\/\/panoramaciudadano.com\/wp-content\/uploads\/2026\/02\/WhatsApp-Image-2026-02-19-at-7.36.29-PM-300x273.jpeg 300w, https:\/\/panoramaciudadano.com\/wp-content\/uploads\/2026\/02\/WhatsApp-Image-2026-02-19-at-7.36.29-PM-768x699.jpeg 768w, https:\/\/panoramaciudadano.com\/wp-content\/uploads\/2026\/02\/WhatsApp-Image-2026-02-19-at-7.36.29-PM.jpeg 1052w\" sizes=\"(max-width: 1024px) 100vw, 1024px\" \/><\/figure>\n<\/figure>\n\n\n\n<p>Una pareja y su hijo de aproximadamente cuatro a\u00f1os de edad, as\u00ed como el conductor de un mototaxi, resultaron lesionados luego de que la unidad de servicio p\u00fablico fuera impactada por un autom\u00f3vil que presuntamente circulaba en sentido contrario.<\/p>\n\n\n\n<p>El accidente ocurri\u00f3 alrededor de las 16:50 horas sobre la calle Isla Mujeres, casi esquina con calle Isla Jamaica, en el fraccionamiento Paseos del Mar, en la regi\u00f3n 251.<\/p>\n\n\n\n<p>De acuerdo con testigos, el conductor de un veh\u00edculo Chevrolet Aveo blanco, rotulado con la empresa Mabe, circulaba en sentido contrario cuando se impact\u00f3 de frente contra el mototaxi en el que viajaba la familia.<\/p>\n\n\n\n<p>Tras el fuerte choque, la unidad de transporte p\u00fablico fue proyectada varios metros hasta terminar chocando contra la banqueta.<\/p>\n\n\n\n<p>El chofer del mototaxi y sus pasajeros, una pareja y su hijo menor, resultaron lesionados, por lo que testigos los ayudaron a bajar del veh\u00edculo.<\/p>\n\n\n\n<p>Minutos despu\u00e9s arribaron param\u00e9dicos de una empresa privada, quienes le brindaron los primeros auxilios a los heridos y posteriormente los trasladaron al Hospital General.<\/p>\n\n\n\n<p>Finalmente, el conductor del autom\u00f3vil fue detenido por agentes de Tr\u00e1nsito y trasladado al departamento de peritos para el deslinde de responsabilidades.<\/p>\n","protected":false},"excerpt":{"rendered":"<p>Una pareja y su hijo de aproximadamente cuatro a\u00f1os de edad, as\u00ed como el conductor de un mototaxi, resultaron lesionados luego de que la unidad de servicio p\u00fablico fuera impactada por un autom\u00f3vil que presuntamente circulaba en sentido contrario.<\/p>\n","protected":false},"author":1,"featured_media":30821,"comment_status":"open","ping_status":"closed","sticky":false,"template":"","format":"standard","meta":{"footnotes":""},"categories":[6],"tags":[1810],"class_list":["post-30819","post","type-post","status-publish","format-standard","has-post-thumbnail","hentry","category-cancun","tag-region-251"],"yoast_head":"<!-- This site is optimized with the Yoast SEO plugin v27.1.1 - https:\/\/yoast.com\/product\/yoast-seo-wordpress\/ -->\n<title>Accidente en Canc\u00fan: familia y mototaxista heridos tras brutal choque en Paseos del Mar - Panorama Ciudadano<\/title>\n<meta name=\"robots\" content=\"index, follow, max-snippet:-1, max-image-preview:large, max-video-preview:-1\" \/>\n<link rel=\"canonical\" href=\"https:\/\/panoramaciudadano.com\/index.php\/2026\/02\/19\/accidente-en-cancun-familia-y-mototaxista-heridos-tras-brutal-choque-en-paseos-del-mar\/\" \/>\n<meta property=\"og:locale\" content=\"es_ES\" \/>\n<meta property=\"og:type\" content=\"article\" \/>\n<meta property=\"og:title\" content=\"Accidente en Canc\u00fan: familia y mototaxista heridos tras brutal choque en Paseos del Mar - Panorama Ciudadano\" \/>\n<meta property=\"og:description\" content=\"Una pareja y su hijo de aproximadamente cuatro a\u00f1os de edad, as\u00ed como el conductor de un mototaxi, resultaron lesionados luego de que la unidad de servicio p\u00fablico fuera impactada por un autom\u00f3vil que presuntamente circulaba en sentido contrario.\" \/>\n<meta property=\"og:url\" content=\"https:\/\/panoramaciudadano.com\/index.php\/2026\/02\/19\/accidente-en-cancun-familia-y-mototaxista-heridos-tras-brutal-choque-en-paseos-del-mar\/\" \/>\n<meta property=\"og:site_name\" content=\"Panorama Ciudadano\" \/>\n<meta property=\"article:publisher\" content=\"https:\/\/www.facebook.com\/panoramaciudadano\" \/>\n<meta property=\"article:published_time\" content=\"2026-02-20T04:29:34+00:00\" \/>\n<meta property=\"article:modified_time\" content=\"2026-02-20T04:29:36+00:00\" \/>\n<meta property=\"og:image\" content=\"https:\/\/panoramaciudadano.com\/wp-content\/uploads\/2026\/02\/WhatsApp-Image-2026-02-19-at-7.36.29-PM-3.jpeg\" \/>\n\t<meta property=\"og:image:width\" content=\"1600\" \/>\n\t<meta property=\"og:image:height\" content=\"959\" \/>\n\t<meta property=\"og:image:type\" content=\"image\/jpeg\" \/>\n<meta name=\"author\" content=\"admin\" \/>\n<meta name=\"twitter:card\" content=\"summary_large_image\" \/>\n<meta name=\"twitter:label1\" content=\"Escrito por\" \/>\n\t<meta name=\"twitter:data1\" content=\"admin\" \/>\n\t<meta name=\"twitter:label2\" content=\"Tiempo de lectura\" \/>\n\t<meta name=\"twitter:data2\" content=\"3 minutos\" \/>\n<script type=\"application\/ld+json\" class=\"yoast-schema-graph\">{\"@context\":\"https:\/\/schema.org\",\"@graph\":[{\"@type\":\"Article\",\"@id\":\"https:\/\/panoramaciudadano.com\/index.php\/2026\/02\/19\/accidente-en-cancun-familia-y-mototaxista-heridos-tras-brutal-choque-en-paseos-del-mar\/#article\",\"isPartOf\":{\"@id\":\"https:\/\/panoramaciudadano.com\/index.php\/2026\/02\/19\/accidente-en-cancun-familia-y-mototaxista-heridos-tras-brutal-choque-en-paseos-del-mar\/\"},\"author\":{\"name\":\"admin\",\"@id\":\"https:\/\/panoramaciudadano.com\/#\/schema\/person\/ffe9fe8ef47d3a93977b5761fd9e0d96\"},\"headline\":\"Accidente en Canc\u00fan: familia y mototaxista heridos tras brutal choque en Paseos del Mar\",\"datePublished\":\"2026-02-20T04:29:34+00:00\",\"dateModified\":\"2026-02-20T04:29:36+00:00\",\"mainEntityOfPage\":{\"@id\":\"https:\/\/panoramaciudadano.com\/index.php\/2026\/02\/19\/accidente-en-cancun-familia-y-mototaxista-heridos-tras-brutal-choque-en-paseos-del-mar\/\"},\"wordCount\":217,\"commentCount\":0,\"publisher\":{\"@id\":\"https:\/\/panoramaciudadano.com\/#organization\"},\"image\":{\"@id\":\"https:\/\/panoramaciudadano.com\/index.php\/2026\/02\/19\/accidente-en-cancun-familia-y-mototaxista-heridos-tras-brutal-choque-en-paseos-del-mar\/#primaryimage\"},\"thumbnailUrl\":\"https:\/\/panoramaciudadano.com\/wp-content\/uploads\/2026\/02\/WhatsApp-Image-2026-02-19-at-7.36.29-PM-3.jpeg\",\"keywords\":[\"regi\u00f3n 251\"],\"articleSection\":[\"Canc\u00fan\"],\"inLanguage\":\"es\",\"potentialAction\":[{\"@type\":\"CommentAction\",\"name\":\"Comment\",\"target\":[\"https:\/\/panoramaciudadano.com\/index.php\/2026\/02\/19\/accidente-en-cancun-familia-y-mototaxista-heridos-tras-brutal-choque-en-paseos-del-mar\/#respond\"]}]},{\"@type\":\"WebPage\",\"@id\":\"https:\/\/panoramaciudadano.com\/index.php\/2026\/02\/19\/accidente-en-cancun-familia-y-mototaxista-heridos-tras-brutal-choque-en-paseos-del-mar\/\",\"url\":\"https:\/\/panoramaciudadano.com\/index.php\/2026\/02\/19\/accidente-en-cancun-familia-y-mototaxista-heridos-tras-brutal-choque-en-paseos-del-mar\/\",\"name\":\"Accidente en Canc\u00fan: familia y mototaxista heridos tras brutal choque en Paseos del Mar - Panorama Ciudadano\",\"isPartOf\":{\"@id\":\"https:\/\/panoramaciudadano.com\/#website\"},\"primaryImageOfPage\":{\"@id\":\"https:\/\/panoramaciudadano.com\/index.php\/2026\/02\/19\/accidente-en-cancun-familia-y-mototaxista-heridos-tras-brutal-choque-en-paseos-del-mar\/#primaryimage\"},\"image\":{\"@id\":\"https:\/\/panoramaciudadano.com\/index.php\/2026\/02\/19\/accidente-en-cancun-familia-y-mototaxista-heridos-tras-brutal-choque-en-paseos-del-mar\/#primaryimage\"},\"thumbnailUrl\":\"https:\/\/panoramaciudadano.com\/wp-content\/uploads\/2026\/02\/WhatsApp-Image-2026-02-19-at-7.36.29-PM-3.jpeg\",\"datePublished\":\"2026-02-20T04:29:34+00:00\",\"dateModified\":\"2026-02-20T04:29:36+00:00\",\"breadcrumb\":{\"@id\":\"https:\/\/panoramaciudadano.com\/index.php\/2026\/02\/19\/accidente-en-cancun-familia-y-mototaxista-heridos-tras-brutal-choque-en-paseos-del-mar\/#breadcrumb\"},\"inLanguage\":\"es\",\"potentialAction\":[{\"@type\":\"ReadAction\",\"target\":[\"https:\/\/panoramaciudadano.com\/index.php\/2026\/02\/19\/accidente-en-cancun-familia-y-mototaxista-heridos-tras-brutal-choque-en-paseos-del-mar\/\"]}]},{\"@type\":\"ImageObject\",\"inLanguage\":\"es\",\"@id\":\"https:\/\/panoramaciudadano.com\/index.php\/2026\/02\/19\/accidente-en-cancun-familia-y-mototaxista-heridos-tras-brutal-choque-en-paseos-del-mar\/#primaryimage\",\"url\":\"https:\/\/panoramaciudadano.com\/wp-content\/uploads\/2026\/02\/WhatsApp-Image-2026-02-19-at-7.36.29-PM-3.jpeg\",\"contentUrl\":\"https:\/\/panoramaciudadano.com\/wp-content\/uploads\/2026\/02\/WhatsApp-Image-2026-02-19-at-7.36.29-PM-3.jpeg\",\"width\":1600,\"height\":959},{\"@type\":\"BreadcrumbList\",\"@id\":\"https:\/\/panoramaciudadano.com\/index.php\/2026\/02\/19\/accidente-en-cancun-familia-y-mototaxista-heridos-tras-brutal-choque-en-paseos-del-mar\/#breadcrumb\",\"itemListElement\":[{\"@type\":\"ListItem\",\"position\":1,\"name\":\"Portada\",\"item\":\"https:\/\/panoramaciudadano.com\/\"},{\"@type\":\"ListItem\",\"position\":2,\"name\":\"Accidente en Canc\u00fan: familia y mototaxista heridos tras brutal choque en Paseos del Mar\"}]},{\"@type\":\"WebSite\",\"@id\":\"https:\/\/panoramaciudadano.com\/#website\",\"url\":\"https:\/\/panoramaciudadano.com\/\",\"name\":\"Panorama Ciudadano\",\"description\":\"\",\"publisher\":{\"@id\":\"https:\/\/panoramaciudadano.com\/#organization\"},\"potentialAction\":[{\"@type\":\"SearchAction\",\"target\":{\"@type\":\"EntryPoint\",\"urlTemplate\":\"https:\/\/panoramaciudadano.com\/?s={search_term_string}\"},\"query-input\":{\"@type\":\"PropertyValueSpecification\",\"valueRequired\":true,\"valueName\":\"search_term_string\"}}],\"inLanguage\":\"es\"},{\"@type\":\"Organization\",\"@id\":\"https:\/\/panoramaciudadano.com\/#organization\",\"name\":\"Panorama Ciudadano\",\"url\":\"https:\/\/panoramaciudadano.com\/\",\"logo\":{\"@type\":\"ImageObject\",\"inLanguage\":\"es\",\"@id\":\"https:\/\/panoramaciudadano.com\/#\/schema\/logo\/image\/\",\"url\":\"https:\/\/panoramaciudadano.com\/wp-content\/uploads\/2024\/05\/401498640_919267042938564_6290593609399108733_n.jpg\",\"contentUrl\":\"https:\/\/panoramaciudadano.com\/wp-content\/uploads\/2024\/05\/401498640_919267042938564_6290593609399108733_n.jpg\",\"width\":960,\"height\":957,\"caption\":\"Panorama Ciudadano\"},\"image\":{\"@id\":\"https:\/\/panoramaciudadano.com\/#\/schema\/logo\/image\/\"},\"sameAs\":[\"https:\/\/www.facebook.com\/panoramaciudadano\"]},{\"@type\":\"Person\",\"@id\":\"https:\/\/panoramaciudadano.com\/#\/schema\/person\/ffe9fe8ef47d3a93977b5761fd9e0d96\",\"name\":\"admin\",\"image\":{\"@type\":\"ImageObject\",\"inLanguage\":\"es\",\"@id\":\"https:\/\/panoramaciudadano.com\/#\/schema\/person\/image\/\",\"url\":\"https:\/\/secure.gravatar.com\/avatar\/2d5a12cacce3f18096f25fadea8abb7202fef18ed669595589853e84260ff451?s=96&d=mm&r=g\",\"contentUrl\":\"https:\/\/secure.gravatar.com\/avatar\/2d5a12cacce3f18096f25fadea8abb7202fef18ed669595589853e84260ff451?s=96&d=mm&r=g\",\"caption\":\"admin\"},\"sameAs\":[\"https:\/\/panoramaciudadano.com\"],\"url\":\"https:\/\/panoramaciudadano.com\/index.php\/author\/admin_3q6hyqq3\/\"}]}<\/script>\n<!-- \/ Yoast SEO plugin. -->","yoast_head_json":{"title":"Accidente en Canc\u00fan: familia y mototaxista heridos tras brutal choque en Paseos del Mar - Panorama Ciudadano","robots":{"index":"index","follow":"follow","max-snippet":"max-snippet:-1","max-image-preview":"max-image-preview:large","max-video-preview":"max-video-preview:-1"},"canonical":"https:\/\/panoramaciudadano.com\/index.php\/2026\/02\/19\/accidente-en-cancun-familia-y-mototaxista-heridos-tras-brutal-choque-en-paseos-del-mar\/","og_locale":"es_ES","og_type":"article","og_title":"Accidente en Canc\u00fan: familia y mototaxista heridos tras brutal choque en Paseos del Mar - Panorama Ciudadano","og_description":"Una pareja y su hijo de aproximadamente cuatro a\u00f1os de edad, as\u00ed como el conductor de un mototaxi, resultaron lesionados luego de que la unidad de servicio p\u00fablico fuera impactada por un autom\u00f3vil que presuntamente circulaba en sentido contrario.","og_url":"https:\/\/panoramaciudadano.com\/index.php\/2026\/02\/19\/accidente-en-cancun-familia-y-mototaxista-heridos-tras-brutal-choque-en-paseos-del-mar\/","og_site_name":"Panorama Ciudadano","article_publisher":"https:\/\/www.facebook.com\/panoramaciudadano","article_published_time":"2026-02-20T04:29:34+00:00","article_modified_time":"2026-02-20T04:29:36+00:00","og_image":[{"width":1600,"height":959,"url":"https:\/\/panoramaciudadano.com\/wp-content\/uploads\/2026\/02\/WhatsApp-Image-2026-02-19-at-7.36.29-PM-3.jpeg","type":"image\/jpeg"}],"author":"admin","twitter_card":"summary_large_image","twitter_misc":{"Escrito por":"admin","Tiempo de lectura":"3 minutos"},"schema":{"@context":"https:\/\/schema.org","@graph":[{"@type":"Article","@id":"https:\/\/panoramaciudadano.com\/index.php\/2026\/02\/19\/accidente-en-cancun-familia-y-mototaxista-heridos-tras-brutal-choque-en-paseos-del-mar\/#article","isPartOf":{"@id":"https:\/\/panoramaciudadano.com\/index.php\/2026\/02\/19\/accidente-en-cancun-familia-y-mototaxista-heridos-tras-brutal-choque-en-paseos-del-mar\/"},"author":{"name":"admin","@id":"https:\/\/panoramaciudadano.com\/#\/schema\/person\/ffe9fe8ef47d3a93977b5761fd9e0d96"},"headline":"Accidente en Canc\u00fan: familia y mototaxista heridos tras brutal choque en Paseos del Mar","datePublished":"2026-02-20T04:29:34+00:00","dateModified":"2026-02-20T04:29:36+00:00","mainEntityOfPage":{"@id":"https:\/\/panoramaciudadano.com\/index.php\/2026\/02\/19\/accidente-en-cancun-familia-y-mototaxista-heridos-tras-brutal-choque-en-paseos-del-mar\/"},"wordCount":217,"commentCount":0,"publisher":{"@id":"https:\/\/panoramaciudadano.com\/#organization"},"image":{"@id":"https:\/\/panoramaciudadano.com\/index.php\/2026\/02\/19\/accidente-en-cancun-familia-y-mototaxista-heridos-tras-brutal-choque-en-paseos-del-mar\/#primaryimage"},"thumbnailUrl":"https:\/\/panoramaciudadano.com\/wp-content\/uploads\/2026\/02\/WhatsApp-Image-2026-02-19-at-7.36.29-PM-3.jpeg","keywords":["regi\u00f3n 251"],"articleSection":["Canc\u00fan"],"inLanguage":"es","potentialAction":[{"@type":"CommentAction","name":"Comment","target":["https:\/\/panoramaciudadano.com\/index.php\/2026\/02\/19\/accidente-en-cancun-familia-y-mototaxista-heridos-tras-brutal-choque-en-paseos-del-mar\/#respond"]}]},{"@type":"WebPage","@id":"https:\/\/panoramaciudadano.com\/index.php\/2026\/02\/19\/accidente-en-cancun-familia-y-mototaxista-heridos-tras-brutal-choque-en-paseos-del-mar\/","url":"https:\/\/panoramaciudadano.com\/index.php\/2026\/02\/19\/accidente-en-cancun-familia-y-mototaxista-heridos-tras-brutal-choque-en-paseos-del-mar\/","name":"Accidente en Canc\u00fan: familia y mototaxista heridos tras brutal choque en Paseos del Mar - Panorama Ciudadano","isPartOf":{"@id":"https:\/\/panoramaciudadano.com\/#website"},"primaryImageOfPage":{"@id":"https:\/\/panoramaciudadano.com\/index.php\/2026\/02\/19\/accidente-en-cancun-familia-y-mototaxista-heridos-tras-brutal-choque-en-paseos-del-mar\/#primaryimage"},"image":{"@id":"https:\/\/panoramaciudadano.com\/index.php\/2026\/02\/19\/accidente-en-cancun-familia-y-mototaxista-heridos-tras-brutal-choque-en-paseos-del-mar\/#primaryimage"},"thumbnailUrl":"https:\/\/panoramaciudadano.com\/wp-content\/uploads\/2026\/02\/WhatsApp-Image-2026-02-19-at-7.36.29-PM-3.jpeg","datePublished":"2026-02-20T04:29:34+00:00","dateModified":"2026-02-20T04:29:36+00:00","breadcrumb":{"@id":"https:\/\/panoramaciudadano.com\/index.php\/2026\/02\/19\/accidente-en-cancun-familia-y-mototaxista-heridos-tras-brutal-choque-en-paseos-del-mar\/#breadcrumb"},"inLanguage":"es","potentialAction":[{"@type":"ReadAction","target":["https:\/\/panoramaciudadano.com\/index.php\/2026\/02\/19\/accidente-en-cancun-familia-y-mototaxista-heridos-tras-brutal-choque-en-paseos-del-mar\/"]}]},{"@type":"ImageObject","inLanguage":"es","@id":"https:\/\/panoramaciudadano.com\/index.php\/2026\/02\/19\/accidente-en-cancun-familia-y-mototaxista-heridos-tras-brutal-choque-en-paseos-del-mar\/#primaryimage","url":"https:\/\/panoramaciudadano.com\/wp-content\/uploads\/2026\/02\/WhatsApp-Image-2026-02-19-at-7.36.29-PM-3.jpeg","contentUrl":"https:\/\/panoramaciudadano.com\/wp-content\/uploads\/2026\/02\/WhatsApp-Image-2026-02-19-at-7.36.29-PM-3.jpeg","width":1600,"height":959},{"@type":"BreadcrumbList","@id":"https:\/\/panoramaciudadano.com\/index.php\/2026\/02\/19\/accidente-en-cancun-familia-y-mototaxista-heridos-tras-brutal-choque-en-paseos-del-mar\/#breadcrumb","itemListElement":[{"@type":"ListItem","position":1,"name":"Portada","item":"https:\/\/panoramaciudadano.com\/"},{"@type":"ListItem","position":2,"name":"Accidente en Canc\u00fan: familia y mototaxista heridos tras brutal choque en Paseos del Mar"}]},{"@type":"WebSite","@id":"https:\/\/panoramaciudadano.com\/#website","url":"https:\/\/panoramaciudadano.com\/","name":"Panorama Ciudadano","description":"","publisher":{"@id":"https:\/\/panoramaciudadano.com\/#organization"},"potentialAction":[{"@type":"SearchAction","target":{"@type":"EntryPoint","urlTemplate":"https:\/\/panoramaciudadano.com\/?s={search_term_string}"},"query-input":{"@type":"PropertyValueSpecification","valueRequired":true,"valueName":"search_term_string"}}],"inLanguage":"es"},{"@type":"Organization","@id":"https:\/\/panoramaciudadano.com\/#organization","name":"Panorama Ciudadano","url":"https:\/\/panoramaciudadano.com\/","logo":{"@type":"ImageObject","inLanguage":"es","@id":"https:\/\/panoramaciudadano.com\/#\/schema\/logo\/image\/","url":"https:\/\/panoramaciudadano.com\/wp-content\/uploads\/2024\/05\/401498640_919267042938564_6290593609399108733_n.jpg","contentUrl":"https:\/\/panoramaciudadano.com\/wp-content\/uploads\/2024\/05\/401498640_919267042938564_6290593609399108733_n.jpg","width":960,"height":957,"caption":"Panorama Ciudadano"},"image":{"@id":"https:\/\/panoramaciudadano.com\/#\/schema\/logo\/image\/"},"sameAs":["https:\/\/www.facebook.com\/panoramaciudadano"]},{"@type":"Person","@id":"https:\/\/panoramaciudadano.com\/#\/schema\/person\/ffe9fe8ef47d3a93977b5761fd9e0d96","name":"admin","image":{"@type":"ImageObject","inLanguage":"es","@id":"https:\/\/panoramaciudadano.com\/#\/schema\/person\/image\/","url":"https:\/\/secure.gravatar.com\/avatar\/2d5a12cacce3f18096f25fadea8abb7202fef18ed669595589853e84260ff451?s=96&d=mm&r=g","contentUrl":"https:\/\/secure.gravatar.com\/avatar\/2d5a12cacce3f18096f25fadea8abb7202fef18ed669595589853e84260ff451?s=96&d=mm&r=g","caption":"admin"},"sameAs":["https:\/\/panoramaciudadano.com"],"url":"https:\/\/panoramaciudadano.com\/index.php\/author\/admin_3q6hyqq3\/"}]}},"_links":{"self":[{"href":"https:\/\/panoramaciudadano.com\/index.php\/wp-json\/wp\/v2\/posts\/30819","targetHints":{"allow":["GET"]}}],"collection":[{"href":"https:\/\/panoramaciudadano.com\/index.php\/wp-json\/wp\/v2\/posts"}],"about":[{"href":"https:\/\/panoramaciudadano.com\/index.php\/wp-json\/wp\/v2\/types\/post"}],"author":[{"embeddable":true,"href":"https:\/\/panoramaciudadano.com\/index.php\/wp-json\/wp\/v2\/users\/1"}],"replies":[{"embeddable":true,"href":"https:\/\/panoramaciudadano.com\/index.php\/wp-json\/wp\/v2\/comments?post=30819"}],"version-history":[{"count":1,"href":"https:\/\/panoramaciudadano.com\/index.php\/wp-json\/wp\/v2\/posts\/30819\/revisions"}],"predecessor-version":[{"id":30825,"href":"https:\/\/panoramaciudadano.com\/index.php\/wp-json\/wp\/v2\/posts\/30819\/revisions\/30825"}],"wp:featuredmedia":[{"embeddable":true,"href":"https:\/\/panoramaciudadano.com\/index.php\/wp-json\/wp\/v2\/media\/30821"}],"wp:attachment":[{"href":"https:\/\/panoramaciudadano.com\/index.php\/wp-json\/wp\/v2\/media?parent=30819"}],"wp:term":[{"taxonomy":"category","embeddable":true,"href":"https:\/\/panoramaciudadano.com\/index.php\/wp-json\/wp\/v2\/categories?post=30819"},{"taxonomy":"post_tag","embeddable":true,"href":"https:\/\/panoramaciudadano.com\/index.php\/wp-json\/wp\/v2\/tags?post=30819"}],"curies":[{"name":"wp","href":"https:\/\/api.w.org\/{rel}","templated":true}]}}