{"id":30832,"date":"2026-02-19T23:36:01","date_gmt":"2026-02-20T04:36:01","guid":{"rendered":"https:\/\/panoramaciudadano.com\/?p=30832"},"modified":"2026-02-19T23:36:04","modified_gmt":"2026-02-20T04:36:04","slug":"lleva-ana-paty-peralta-dia-del-pueblo-a-bonfil","status":"publish","type":"post","link":"https:\/\/panoramaciudadano.com\/index.php\/2026\/02\/19\/lleva-ana-paty-peralta-dia-del-pueblo-a-bonfil\/","title":{"rendered":"LLEVA ANA PATY PERALTA \u201cD\u00cdA DEL PUEBLO\u201d A BONFIL"},"content":{"rendered":"\n<figure class=\"wp-block-gallery has-nested-images columns-default is-cropped wp-block-gallery-1 is-layout-flex wp-block-gallery-is-layout-flex\">\n<figure class=\"wp-block-image size-large\"><img decoding=\"async\" width=\"1024\" height=\"690\" data-id=\"30836\" src=\"https:\/\/panoramaciudadano.com\/wp-content\/uploads\/2026\/02\/WhatsApp-Image-2026-02-19-at-7.43.43-PM-1-1024x690.jpeg\" alt=\"\" class=\"wp-image-30836\" srcset=\"https:\/\/panoramaciudadano.com\/wp-content\/uploads\/2026\/02\/WhatsApp-Image-2026-02-19-at-7.43.43-PM-1-1024x690.jpeg 1024w, https:\/\/panoramaciudadano.com\/wp-content\/uploads\/2026\/02\/WhatsApp-Image-2026-02-19-at-7.43.43-PM-1-300x202.jpeg 300w, https:\/\/panoramaciudadano.com\/wp-content\/uploads\/2026\/02\/WhatsApp-Image-2026-02-19-at-7.43.43-PM-1-768x517.jpeg 768w, https:\/\/panoramaciudadano.com\/wp-content\/uploads\/2026\/02\/WhatsApp-Image-2026-02-19-at-7.43.43-PM-1-1536x1034.jpeg 1536w, https:\/\/panoramaciudadano.com\/wp-content\/uploads\/2026\/02\/WhatsApp-Image-2026-02-19-at-7.43.43-PM-1-2048x1379.jpeg 2048w\" sizes=\"(max-width: 1024px) 100vw, 1024px\" \/><\/figure>\n\n\n\n<figure class=\"wp-block-image size-large\"><img decoding=\"async\" width=\"1024\" height=\"710\" data-id=\"30840\" src=\"https:\/\/panoramaciudadano.com\/wp-content\/uploads\/2026\/02\/WhatsApp-Image-2026-02-19-at-7.43.43-PM-2-1024x710.jpeg\" alt=\"\" class=\"wp-image-30840\" srcset=\"https:\/\/panoramaciudadano.com\/wp-content\/uploads\/2026\/02\/WhatsApp-Image-2026-02-19-at-7.43.43-PM-2-1024x710.jpeg 1024w, https:\/\/panoramaciudadano.com\/wp-content\/uploads\/2026\/02\/WhatsApp-Image-2026-02-19-at-7.43.43-PM-2-300x208.jpeg 300w, https:\/\/panoramaciudadano.com\/wp-content\/uploads\/2026\/02\/WhatsApp-Image-2026-02-19-at-7.43.43-PM-2-768x532.jpeg 768w, https:\/\/panoramaciudadano.com\/wp-content\/uploads\/2026\/02\/WhatsApp-Image-2026-02-19-at-7.43.43-PM-2-1536x1064.jpeg 1536w, https:\/\/panoramaciudadano.com\/wp-content\/uploads\/2026\/02\/WhatsApp-Image-2026-02-19-at-7.43.43-PM-2-2048x1419.jpeg 2048w\" sizes=\"(max-width: 1024px) 100vw, 1024px\" \/><\/figure>\n\n\n\n<figure class=\"wp-block-image size-large\"><img decoding=\"async\" width=\"1024\" height=\"682\" data-id=\"30838\" src=\"https:\/\/panoramaciudadano.com\/wp-content\/uploads\/2026\/02\/WhatsApp-Image-2026-02-19-at-7.43.43-PM-3-1024x682.jpeg\" alt=\"\" class=\"wp-image-30838\" srcset=\"https:\/\/panoramaciudadano.com\/wp-content\/uploads\/2026\/02\/WhatsApp-Image-2026-02-19-at-7.43.43-PM-3-1024x682.jpeg 1024w, https:\/\/panoramaciudadano.com\/wp-content\/uploads\/2026\/02\/WhatsApp-Image-2026-02-19-at-7.43.43-PM-3-300x200.jpeg 300w, https:\/\/panoramaciudadano.com\/wp-content\/uploads\/2026\/02\/WhatsApp-Image-2026-02-19-at-7.43.43-PM-3-768x512.jpeg 768w, https:\/\/panoramaciudadano.com\/wp-content\/uploads\/2026\/02\/WhatsApp-Image-2026-02-19-at-7.43.43-PM-3-1536x1024.jpeg 1536w, https:\/\/panoramaciudadano.com\/wp-content\/uploads\/2026\/02\/WhatsApp-Image-2026-02-19-at-7.43.43-PM-3-2048x1365.jpeg 2048w\" sizes=\"(max-width: 1024px) 100vw, 1024px\" \/><\/figure>\n\n\n\n<figure class=\"wp-block-image size-large\"><img decoding=\"async\" width=\"1024\" height=\"816\" data-id=\"30839\" src=\"https:\/\/panoramaciudadano.com\/wp-content\/uploads\/2026\/02\/WhatsApp-Image-2026-02-19-at-7.43.43-PM-4-1024x816.jpeg\" alt=\"\" class=\"wp-image-30839\" srcset=\"https:\/\/panoramaciudadano.com\/wp-content\/uploads\/2026\/02\/WhatsApp-Image-2026-02-19-at-7.43.43-PM-4-1024x816.jpeg 1024w, https:\/\/panoramaciudadano.com\/wp-content\/uploads\/2026\/02\/WhatsApp-Image-2026-02-19-at-7.43.43-PM-4-300x239.jpeg 300w, https:\/\/panoramaciudadano.com\/wp-content\/uploads\/2026\/02\/WhatsApp-Image-2026-02-19-at-7.43.43-PM-4-768x612.jpeg 768w, https:\/\/panoramaciudadano.com\/wp-content\/uploads\/2026\/02\/WhatsApp-Image-2026-02-19-at-7.43.43-PM-4-1536x1223.jpeg 1536w, https:\/\/panoramaciudadano.com\/wp-content\/uploads\/2026\/02\/WhatsApp-Image-2026-02-19-at-7.43.43-PM-4-2048x1631.jpeg 2048w\" sizes=\"(max-width: 1024px) 100vw, 1024px\" \/><\/figure>\n\n\n\n<figure class=\"wp-block-image size-large\"><img decoding=\"async\" width=\"1024\" height=\"734\" data-id=\"30837\" src=\"https:\/\/panoramaciudadano.com\/wp-content\/uploads\/2026\/02\/WhatsApp-Image-2026-02-19-at-7.43.43-PM-1024x734.jpeg\" alt=\"\" class=\"wp-image-30837\" srcset=\"https:\/\/panoramaciudadano.com\/wp-content\/uploads\/2026\/02\/WhatsApp-Image-2026-02-19-at-7.43.43-PM-1024x734.jpeg 1024w, https:\/\/panoramaciudadano.com\/wp-content\/uploads\/2026\/02\/WhatsApp-Image-2026-02-19-at-7.43.43-PM-300x215.jpeg 300w, https:\/\/panoramaciudadano.com\/wp-content\/uploads\/2026\/02\/WhatsApp-Image-2026-02-19-at-7.43.43-PM-768x551.jpeg 768w, https:\/\/panoramaciudadano.com\/wp-content\/uploads\/2026\/02\/WhatsApp-Image-2026-02-19-at-7.43.43-PM-1536x1101.jpeg 1536w, https:\/\/panoramaciudadano.com\/wp-content\/uploads\/2026\/02\/WhatsApp-Image-2026-02-19-at-7.43.43-PM-2048x1468.jpeg 2048w\" sizes=\"(max-width: 1024px) 100vw, 1024px\" \/><\/figure>\n\n\n\n<figure class=\"wp-block-image size-large\"><img decoding=\"async\" width=\"1024\" height=\"648\" data-id=\"30835\" src=\"https:\/\/panoramaciudadano.com\/wp-content\/uploads\/2026\/02\/WhatsApp-Image-2026-02-19-at-7.43.44-PM-1-1-1024x648.jpeg\" alt=\"\" class=\"wp-image-30835\" srcset=\"https:\/\/panoramaciudadano.com\/wp-content\/uploads\/2026\/02\/WhatsApp-Image-2026-02-19-at-7.43.44-PM-1-1-1024x648.jpeg 1024w, https:\/\/panoramaciudadano.com\/wp-content\/uploads\/2026\/02\/WhatsApp-Image-2026-02-19-at-7.43.44-PM-1-1-300x190.jpeg 300w, https:\/\/panoramaciudadano.com\/wp-content\/uploads\/2026\/02\/WhatsApp-Image-2026-02-19-at-7.43.44-PM-1-1-768x486.jpeg 768w, https:\/\/panoramaciudadano.com\/wp-content\/uploads\/2026\/02\/WhatsApp-Image-2026-02-19-at-7.43.44-PM-1-1-1536x972.jpeg 1536w, https:\/\/panoramaciudadano.com\/wp-content\/uploads\/2026\/02\/WhatsApp-Image-2026-02-19-at-7.43.44-PM-1-1-2048x1296.jpeg 2048w\" sizes=\"(max-width: 1024px) 100vw, 1024px\" \/><\/figure>\n\n\n\n<figure class=\"wp-block-image size-large\"><img decoding=\"async\" width=\"1024\" height=\"630\" data-id=\"30834\" src=\"https:\/\/panoramaciudadano.com\/wp-content\/uploads\/2026\/02\/WhatsApp-Image-2026-02-19-at-7.43.44-PM-1-1024x630.jpeg\" alt=\"\" class=\"wp-image-30834\" srcset=\"https:\/\/panoramaciudadano.com\/wp-content\/uploads\/2026\/02\/WhatsApp-Image-2026-02-19-at-7.43.44-PM-1-1024x630.jpeg 1024w, https:\/\/panoramaciudadano.com\/wp-content\/uploads\/2026\/02\/WhatsApp-Image-2026-02-19-at-7.43.44-PM-1-300x185.jpeg 300w, https:\/\/panoramaciudadano.com\/wp-content\/uploads\/2026\/02\/WhatsApp-Image-2026-02-19-at-7.43.44-PM-1-768x473.jpeg 768w, https:\/\/panoramaciudadano.com\/wp-content\/uploads\/2026\/02\/WhatsApp-Image-2026-02-19-at-7.43.44-PM-1-1536x946.jpeg 1536w, https:\/\/panoramaciudadano.com\/wp-content\/uploads\/2026\/02\/WhatsApp-Image-2026-02-19-at-7.43.44-PM-1-2048x1261.jpeg 2048w\" sizes=\"(max-width: 1024px) 100vw, 1024px\" \/><\/figure>\n<\/figure>\n\n\n\n<p>Al ser un gobierno cercano, abierto y que busca siempre el contacto con la ciudadan\u00eda, bajo la encomienda de la Presidenta Municipal, Ana Paty Peralta, el Ayuntamiento de Benito Ju\u00e1rez realiz\u00f3 el \u201cD\u00eda del Pueblo, Canc\u00fan nos Une por la Transformaci\u00f3n\u201d, en la delegaci\u00f3n Alfredo V. Bonfil.<\/p>\n\n\n\n<p>Durante la jornada, el secretario general del Ayuntamiento, Pablo Guti\u00e9rrez Fern\u00e1ndez; la secretaria municipal del Bienestar, Berenice Sosa Osorio; as\u00ed como los directores y regidores, cumplieron con la funci\u00f3n principal de escuchar las peticiones ciudadanas en varios rubros para canalizarlos hacia las diferentes dependencias, dentro de un cat\u00e1logo de m\u00e1s de 130 tr\u00e1mites y servicios.<\/p>\n\n\n\n<p>Como ejemplo de la r\u00e1pida respuesta a la poblaci\u00f3n en los tr\u00e1mites, el Secretario General entreg\u00f3 actas de nacimiento que fueron solicitadas por quienes acudieron para regularizar su situaci\u00f3n de identidad, documento que les permita acceder a otros beneficios de salud y educativos.<\/p>\n\n\n\n<p>Al ser una necesidad recurrente para la poblaci\u00f3n y como parte de la campa\u00f1a estatal para cubrir el refuerzo sanitario que procure la salud de la poblaci\u00f3n, durante este \u201cD\u00eda del Pueblo\u201d, se llevaron 500 vacunas para sarampi\u00f3n para ser aplicadas en el domo a igual n\u00famero de ciudadanos.<\/p>\n\n\n\n<p>En materia de servicios de salud, de forma complementaria se otorgaron vacunas, consultas y desparasitaciones para mascotas, ya que es importante tambi\u00e9n priorizar el bienestar de los animales dom\u00e9sticos.<\/p>\n\n\n\n<p>Gracias a la colaboraci\u00f3n que mantiene el gobierno municipal con otros \u00f3rdenes de gobierno, uno de los servicios proporcionados fue un m\u00f3dulo de informaci\u00f3n para el registro a la beca universal \u201cRita Cetina\u201d, para alumnos de educaci\u00f3n b\u00e1sica, al ser un apoyo del Gobierno de M\u00e9xico que les permita seguir estudiando.<\/p>\n\n\n\n<p>Tambi\u00e9n se instalaron mesas de trabajo para que los bonfile\u00f1os, adultos y ni\u00f1os, aportaran sus ideas y opiniones en el proceso de elaboraci\u00f3n del Programa Municipal de Desarrollo Urbano (PMDU) y para el Plan Integral de Movilidad Urbana Sustentable de la Zona Metropolitana Canc\u00fan-Isla Mujeres (PIMUS), que en ambos casos se hacen con el objetivo de planear debidamente para consolidad una ciudad m\u00e1s ordenada y con futuro para las nuevas generaciones.<\/p>\n\n\n\n<hr class=\"wp-block-separator has-alpha-channel-opacity\"\/>\n","protected":false},"excerpt":{"rendered":"<p>Al ser un gobierno cercano, abierto y que busca siempre el contacto con la ciudadan\u00eda, bajo la encomienda de la Presidenta Municipal, Ana Paty Peralta, el Ayuntamiento de Benito Ju\u00e1rez realiz\u00f3 el \u201cD\u00eda del Pueblo, Canc\u00fan nos Une por la Transformaci\u00f3n\u201d, en la delegaci\u00f3n Alfredo V. Bonfil.<\/p>\n","protected":false},"author":1,"featured_media":30839,"comment_status":"open","ping_status":"closed","sticky":false,"template":"","format":"standard","meta":{"footnotes":""},"categories":[6],"tags":[145],"class_list":["post-30832","post","type-post","status-publish","format-standard","has-post-thumbnail","hentry","category-cancun","tag-ana-paty-peralta"],"yoast_head":"<!-- This site is optimized with the Yoast SEO plugin v27.1.1 - https:\/\/yoast.com\/product\/yoast-seo-wordpress\/ -->\n<title>LLEVA ANA PATY PERALTA \u201cD\u00cdA DEL PUEBLO\u201d A BONFIL - Panorama Ciudadano<\/title>\n<meta name=\"robots\" content=\"index, follow, max-snippet:-1, max-image-preview:large, max-video-preview:-1\" \/>\n<link rel=\"canonical\" href=\"https:\/\/panoramaciudadano.com\/index.php\/2026\/02\/19\/lleva-ana-paty-peralta-dia-del-pueblo-a-bonfil\/\" \/>\n<meta property=\"og:locale\" content=\"es_ES\" \/>\n<meta property=\"og:type\" content=\"article\" \/>\n<meta property=\"og:title\" content=\"LLEVA ANA PATY PERALTA \u201cD\u00cdA DEL PUEBLO\u201d A BONFIL - Panorama Ciudadano\" \/>\n<meta property=\"og:description\" content=\"Al ser un gobierno cercano, abierto y que busca siempre el contacto con la ciudadan\u00eda, bajo la encomienda de la Presidenta Municipal, Ana Paty Peralta, el Ayuntamiento de Benito Ju\u00e1rez realiz\u00f3 el \u201cD\u00eda del Pueblo, Canc\u00fan nos Une por la Transformaci\u00f3n\u201d, en la delegaci\u00f3n Alfredo V. Bonfil.\" \/>\n<meta property=\"og:url\" content=\"https:\/\/panoramaciudadano.com\/index.php\/2026\/02\/19\/lleva-ana-paty-peralta-dia-del-pueblo-a-bonfil\/\" \/>\n<meta property=\"og:site_name\" content=\"Panorama Ciudadano\" \/>\n<meta property=\"article:publisher\" content=\"https:\/\/www.facebook.com\/panoramaciudadano\" \/>\n<meta property=\"article:published_time\" content=\"2026-02-20T04:36:01+00:00\" \/>\n<meta property=\"article:modified_time\" content=\"2026-02-20T04:36:04+00:00\" \/>\n<meta property=\"og:image\" content=\"https:\/\/panoramaciudadano.com\/wp-content\/uploads\/2026\/02\/WhatsApp-Image-2026-02-19-at-7.43.43-PM-4.jpeg\" \/>\n\t<meta property=\"og:image:width\" content=\"2560\" \/>\n\t<meta property=\"og:image:height\" content=\"2039\" \/>\n\t<meta property=\"og:image:type\" content=\"image\/jpeg\" \/>\n<meta name=\"author\" content=\"admin\" \/>\n<meta name=\"twitter:card\" content=\"summary_large_image\" \/>\n<meta name=\"twitter:label1\" content=\"Escrito por\" \/>\n\t<meta name=\"twitter:data1\" content=\"admin\" \/>\n\t<meta name=\"twitter:label2\" content=\"Tiempo de lectura\" \/>\n\t<meta name=\"twitter:data2\" content=\"4 minutos\" \/>\n<script type=\"application\/ld+json\" class=\"yoast-schema-graph\">{\"@context\":\"https:\/\/schema.org\",\"@graph\":[{\"@type\":\"Article\",\"@id\":\"https:\/\/panoramaciudadano.com\/index.php\/2026\/02\/19\/lleva-ana-paty-peralta-dia-del-pueblo-a-bonfil\/#article\",\"isPartOf\":{\"@id\":\"https:\/\/panoramaciudadano.com\/index.php\/2026\/02\/19\/lleva-ana-paty-peralta-dia-del-pueblo-a-bonfil\/\"},\"author\":{\"name\":\"admin\",\"@id\":\"https:\/\/panoramaciudadano.com\/#\/schema\/person\/ffe9fe8ef47d3a93977b5761fd9e0d96\"},\"headline\":\"LLEVA ANA PATY PERALTA \u201cD\u00cdA DEL PUEBLO\u201d A BONFIL\",\"datePublished\":\"2026-02-20T04:36:01+00:00\",\"dateModified\":\"2026-02-20T04:36:04+00:00\",\"mainEntityOfPage\":{\"@id\":\"https:\/\/panoramaciudadano.com\/index.php\/2026\/02\/19\/lleva-ana-paty-peralta-dia-del-pueblo-a-bonfil\/\"},\"wordCount\":389,\"commentCount\":0,\"publisher\":{\"@id\":\"https:\/\/panoramaciudadano.com\/#organization\"},\"image\":{\"@id\":\"https:\/\/panoramaciudadano.com\/index.php\/2026\/02\/19\/lleva-ana-paty-peralta-dia-del-pueblo-a-bonfil\/#primaryimage\"},\"thumbnailUrl\":\"https:\/\/panoramaciudadano.com\/wp-content\/uploads\/2026\/02\/WhatsApp-Image-2026-02-19-at-7.43.43-PM-4.jpeg\",\"keywords\":[\"Ana Paty Peralta\"],\"articleSection\":[\"Canc\u00fan\"],\"inLanguage\":\"es\",\"potentialAction\":[{\"@type\":\"CommentAction\",\"name\":\"Comment\",\"target\":[\"https:\/\/panoramaciudadano.com\/index.php\/2026\/02\/19\/lleva-ana-paty-peralta-dia-del-pueblo-a-bonfil\/#respond\"]}]},{\"@type\":\"WebPage\",\"@id\":\"https:\/\/panoramaciudadano.com\/index.php\/2026\/02\/19\/lleva-ana-paty-peralta-dia-del-pueblo-a-bonfil\/\",\"url\":\"https:\/\/panoramaciudadano.com\/index.php\/2026\/02\/19\/lleva-ana-paty-peralta-dia-del-pueblo-a-bonfil\/\",\"name\":\"LLEVA ANA PATY PERALTA \u201cD\u00cdA DEL PUEBLO\u201d A BONFIL - Panorama Ciudadano\",\"isPartOf\":{\"@id\":\"https:\/\/panoramaciudadano.com\/#website\"},\"primaryImageOfPage\":{\"@id\":\"https:\/\/panoramaciudadano.com\/index.php\/2026\/02\/19\/lleva-ana-paty-peralta-dia-del-pueblo-a-bonfil\/#primaryimage\"},\"image\":{\"@id\":\"https:\/\/panoramaciudadano.com\/index.php\/2026\/02\/19\/lleva-ana-paty-peralta-dia-del-pueblo-a-bonfil\/#primaryimage\"},\"thumbnailUrl\":\"https:\/\/panoramaciudadano.com\/wp-content\/uploads\/2026\/02\/WhatsApp-Image-2026-02-19-at-7.43.43-PM-4.jpeg\",\"datePublished\":\"2026-02-20T04:36:01+00:00\",\"dateModified\":\"2026-02-20T04:36:04+00:00\",\"breadcrumb\":{\"@id\":\"https:\/\/panoramaciudadano.com\/index.php\/2026\/02\/19\/lleva-ana-paty-peralta-dia-del-pueblo-a-bonfil\/#breadcrumb\"},\"inLanguage\":\"es\",\"potentialAction\":[{\"@type\":\"ReadAction\",\"target\":[\"https:\/\/panoramaciudadano.com\/index.php\/2026\/02\/19\/lleva-ana-paty-peralta-dia-del-pueblo-a-bonfil\/\"]}]},{\"@type\":\"ImageObject\",\"inLanguage\":\"es\",\"@id\":\"https:\/\/panoramaciudadano.com\/index.php\/2026\/02\/19\/lleva-ana-paty-peralta-dia-del-pueblo-a-bonfil\/#primaryimage\",\"url\":\"https:\/\/panoramaciudadano.com\/wp-content\/uploads\/2026\/02\/WhatsApp-Image-2026-02-19-at-7.43.43-PM-4.jpeg\",\"contentUrl\":\"https:\/\/panoramaciudadano.com\/wp-content\/uploads\/2026\/02\/WhatsApp-Image-2026-02-19-at-7.43.43-PM-4.jpeg\",\"width\":2560,\"height\":2039},{\"@type\":\"BreadcrumbList\",\"@id\":\"https:\/\/panoramaciudadano.com\/index.php\/2026\/02\/19\/lleva-ana-paty-peralta-dia-del-pueblo-a-bonfil\/#breadcrumb\",\"itemListElement\":[{\"@type\":\"ListItem\",\"position\":1,\"name\":\"Portada\",\"item\":\"https:\/\/panoramaciudadano.com\/\"},{\"@type\":\"ListItem\",\"position\":2,\"name\":\"LLEVA ANA PATY PERALTA \u201cD\u00cdA DEL PUEBLO\u201d A BONFIL\"}]},{\"@type\":\"WebSite\",\"@id\":\"https:\/\/panoramaciudadano.com\/#website\",\"url\":\"https:\/\/panoramaciudadano.com\/\",\"name\":\"Panorama Ciudadano\",\"description\":\"\",\"publisher\":{\"@id\":\"https:\/\/panoramaciudadano.com\/#organization\"},\"potentialAction\":[{\"@type\":\"SearchAction\",\"target\":{\"@type\":\"EntryPoint\",\"urlTemplate\":\"https:\/\/panoramaciudadano.com\/?s={search_term_string}\"},\"query-input\":{\"@type\":\"PropertyValueSpecification\",\"valueRequired\":true,\"valueName\":\"search_term_string\"}}],\"inLanguage\":\"es\"},{\"@type\":\"Organization\",\"@id\":\"https:\/\/panoramaciudadano.com\/#organization\",\"name\":\"Panorama Ciudadano\",\"url\":\"https:\/\/panoramaciudadano.com\/\",\"logo\":{\"@type\":\"ImageObject\",\"inLanguage\":\"es\",\"@id\":\"https:\/\/panoramaciudadano.com\/#\/schema\/logo\/image\/\",\"url\":\"https:\/\/panoramaciudadano.com\/wp-content\/uploads\/2024\/05\/401498640_919267042938564_6290593609399108733_n.jpg\",\"contentUrl\":\"https:\/\/panoramaciudadano.com\/wp-content\/uploads\/2024\/05\/401498640_919267042938564_6290593609399108733_n.jpg\",\"width\":960,\"height\":957,\"caption\":\"Panorama Ciudadano\"},\"image\":{\"@id\":\"https:\/\/panoramaciudadano.com\/#\/schema\/logo\/image\/\"},\"sameAs\":[\"https:\/\/www.facebook.com\/panoramaciudadano\"]},{\"@type\":\"Person\",\"@id\":\"https:\/\/panoramaciudadano.com\/#\/schema\/person\/ffe9fe8ef47d3a93977b5761fd9e0d96\",\"name\":\"admin\",\"image\":{\"@type\":\"ImageObject\",\"inLanguage\":\"es\",\"@id\":\"https:\/\/panoramaciudadano.com\/#\/schema\/person\/image\/\",\"url\":\"https:\/\/secure.gravatar.com\/avatar\/2d5a12cacce3f18096f25fadea8abb7202fef18ed669595589853e84260ff451?s=96&d=mm&r=g\",\"contentUrl\":\"https:\/\/secure.gravatar.com\/avatar\/2d5a12cacce3f18096f25fadea8abb7202fef18ed669595589853e84260ff451?s=96&d=mm&r=g\",\"caption\":\"admin\"},\"sameAs\":[\"https:\/\/panoramaciudadano.com\"],\"url\":\"https:\/\/panoramaciudadano.com\/index.php\/author\/admin_3q6hyqq3\/\"}]}<\/script>\n<!-- \/ Yoast SEO plugin. -->","yoast_head_json":{"title":"LLEVA ANA PATY PERALTA \u201cD\u00cdA DEL PUEBLO\u201d A BONFIL - Panorama Ciudadano","robots":{"index":"index","follow":"follow","max-snippet":"max-snippet:-1","max-image-preview":"max-image-preview:large","max-video-preview":"max-video-preview:-1"},"canonical":"https:\/\/panoramaciudadano.com\/index.php\/2026\/02\/19\/lleva-ana-paty-peralta-dia-del-pueblo-a-bonfil\/","og_locale":"es_ES","og_type":"article","og_title":"LLEVA ANA PATY PERALTA \u201cD\u00cdA DEL PUEBLO\u201d A BONFIL - Panorama Ciudadano","og_description":"Al ser un gobierno cercano, abierto y que busca siempre el contacto con la ciudadan\u00eda, bajo la encomienda de la Presidenta Municipal, Ana Paty Peralta, el Ayuntamiento de Benito Ju\u00e1rez realiz\u00f3 el \u201cD\u00eda del Pueblo, Canc\u00fan nos Une por la Transformaci\u00f3n\u201d, en la delegaci\u00f3n Alfredo V. Bonfil.","og_url":"https:\/\/panoramaciudadano.com\/index.php\/2026\/02\/19\/lleva-ana-paty-peralta-dia-del-pueblo-a-bonfil\/","og_site_name":"Panorama Ciudadano","article_publisher":"https:\/\/www.facebook.com\/panoramaciudadano","article_published_time":"2026-02-20T04:36:01+00:00","article_modified_time":"2026-02-20T04:36:04+00:00","og_image":[{"width":2560,"height":2039,"url":"https:\/\/panoramaciudadano.com\/wp-content\/uploads\/2026\/02\/WhatsApp-Image-2026-02-19-at-7.43.43-PM-4.jpeg","type":"image\/jpeg"}],"author":"admin","twitter_card":"summary_large_image","twitter_misc":{"Escrito por":"admin","Tiempo de lectura":"4 minutos"},"schema":{"@context":"https:\/\/schema.org","@graph":[{"@type":"Article","@id":"https:\/\/panoramaciudadano.com\/index.php\/2026\/02\/19\/lleva-ana-paty-peralta-dia-del-pueblo-a-bonfil\/#article","isPartOf":{"@id":"https:\/\/panoramaciudadano.com\/index.php\/2026\/02\/19\/lleva-ana-paty-peralta-dia-del-pueblo-a-bonfil\/"},"author":{"name":"admin","@id":"https:\/\/panoramaciudadano.com\/#\/schema\/person\/ffe9fe8ef47d3a93977b5761fd9e0d96"},"headline":"LLEVA ANA PATY PERALTA \u201cD\u00cdA DEL PUEBLO\u201d A BONFIL","datePublished":"2026-02-20T04:36:01+00:00","dateModified":"2026-02-20T04:36:04+00:00","mainEntityOfPage":{"@id":"https:\/\/panoramaciudadano.com\/index.php\/2026\/02\/19\/lleva-ana-paty-peralta-dia-del-pueblo-a-bonfil\/"},"wordCount":389,"commentCount":0,"publisher":{"@id":"https:\/\/panoramaciudadano.com\/#organization"},"image":{"@id":"https:\/\/panoramaciudadano.com\/index.php\/2026\/02\/19\/lleva-ana-paty-peralta-dia-del-pueblo-a-bonfil\/#primaryimage"},"thumbnailUrl":"https:\/\/panoramaciudadano.com\/wp-content\/uploads\/2026\/02\/WhatsApp-Image-2026-02-19-at-7.43.43-PM-4.jpeg","keywords":["Ana Paty Peralta"],"articleSection":["Canc\u00fan"],"inLanguage":"es","potentialAction":[{"@type":"CommentAction","name":"Comment","target":["https:\/\/panoramaciudadano.com\/index.php\/2026\/02\/19\/lleva-ana-paty-peralta-dia-del-pueblo-a-bonfil\/#respond"]}]},{"@type":"WebPage","@id":"https:\/\/panoramaciudadano.com\/index.php\/2026\/02\/19\/lleva-ana-paty-peralta-dia-del-pueblo-a-bonfil\/","url":"https:\/\/panoramaciudadano.com\/index.php\/2026\/02\/19\/lleva-ana-paty-peralta-dia-del-pueblo-a-bonfil\/","name":"LLEVA ANA PATY PERALTA \u201cD\u00cdA DEL PUEBLO\u201d A BONFIL - Panorama Ciudadano","isPartOf":{"@id":"https:\/\/panoramaciudadano.com\/#website"},"primaryImageOfPage":{"@id":"https:\/\/panoramaciudadano.com\/index.php\/2026\/02\/19\/lleva-ana-paty-peralta-dia-del-pueblo-a-bonfil\/#primaryimage"},"image":{"@id":"https:\/\/panoramaciudadano.com\/index.php\/2026\/02\/19\/lleva-ana-paty-peralta-dia-del-pueblo-a-bonfil\/#primaryimage"},"thumbnailUrl":"https:\/\/panoramaciudadano.com\/wp-content\/uploads\/2026\/02\/WhatsApp-Image-2026-02-19-at-7.43.43-PM-4.jpeg","datePublished":"2026-02-20T04:36:01+00:00","dateModified":"2026-02-20T04:36:04+00:00","breadcrumb":{"@id":"https:\/\/panoramaciudadano.com\/index.php\/2026\/02\/19\/lleva-ana-paty-peralta-dia-del-pueblo-a-bonfil\/#breadcrumb"},"inLanguage":"es","potentialAction":[{"@type":"ReadAction","target":["https:\/\/panoramaciudadano.com\/index.php\/2026\/02\/19\/lleva-ana-paty-peralta-dia-del-pueblo-a-bonfil\/"]}]},{"@type":"ImageObject","inLanguage":"es","@id":"https:\/\/panoramaciudadano.com\/index.php\/2026\/02\/19\/lleva-ana-paty-peralta-dia-del-pueblo-a-bonfil\/#primaryimage","url":"https:\/\/panoramaciudadano.com\/wp-content\/uploads\/2026\/02\/WhatsApp-Image-2026-02-19-at-7.43.43-PM-4.jpeg","contentUrl":"https:\/\/panoramaciudadano.com\/wp-content\/uploads\/2026\/02\/WhatsApp-Image-2026-02-19-at-7.43.43-PM-4.jpeg","width":2560,"height":2039},{"@type":"BreadcrumbList","@id":"https:\/\/panoramaciudadano.com\/index.php\/2026\/02\/19\/lleva-ana-paty-peralta-dia-del-pueblo-a-bonfil\/#breadcrumb","itemListElement":[{"@type":"ListItem","position":1,"name":"Portada","item":"https:\/\/panoramaciudadano.com\/"},{"@type":"ListItem","position":2,"name":"LLEVA ANA PATY PERALTA \u201cD\u00cdA DEL PUEBLO\u201d A BONFIL"}]},{"@type":"WebSite","@id":"https:\/\/panoramaciudadano.com\/#website","url":"https:\/\/panoramaciudadano.com\/","name":"Panorama Ciudadano","description":"","publisher":{"@id":"https:\/\/panoramaciudadano.com\/#organization"},"potentialAction":[{"@type":"SearchAction","target":{"@type":"EntryPoint","urlTemplate":"https:\/\/panoramaciudadano.com\/?s={search_term_string}"},"query-input":{"@type":"PropertyValueSpecification","valueRequired":true,"valueName":"search_term_string"}}],"inLanguage":"es"},{"@type":"Organization","@id":"https:\/\/panoramaciudadano.com\/#organization","name":"Panorama Ciudadano","url":"https:\/\/panoramaciudadano.com\/","logo":{"@type":"ImageObject","inLanguage":"es","@id":"https:\/\/panoramaciudadano.com\/#\/schema\/logo\/image\/","url":"https:\/\/panoramaciudadano.com\/wp-content\/uploads\/2024\/05\/401498640_919267042938564_6290593609399108733_n.jpg","contentUrl":"https:\/\/panoramaciudadano.com\/wp-content\/uploads\/2024\/05\/401498640_919267042938564_6290593609399108733_n.jpg","width":960,"height":957,"caption":"Panorama Ciudadano"},"image":{"@id":"https:\/\/panoramaciudadano.com\/#\/schema\/logo\/image\/"},"sameAs":["https:\/\/www.facebook.com\/panoramaciudadano"]},{"@type":"Person","@id":"https:\/\/panoramaciudadano.com\/#\/schema\/person\/ffe9fe8ef47d3a93977b5761fd9e0d96","name":"admin","image":{"@type":"ImageObject","inLanguage":"es","@id":"https:\/\/panoramaciudadano.com\/#\/schema\/person\/image\/","url":"https:\/\/secure.gravatar.com\/avatar\/2d5a12cacce3f18096f25fadea8abb7202fef18ed669595589853e84260ff451?s=96&d=mm&r=g","contentUrl":"https:\/\/secure.gravatar.com\/avatar\/2d5a12cacce3f18096f25fadea8abb7202fef18ed669595589853e84260ff451?s=96&d=mm&r=g","caption":"admin"},"sameAs":["https:\/\/panoramaciudadano.com"],"url":"https:\/\/panoramaciudadano.com\/index.php\/author\/admin_3q6hyqq3\/"}]}},"_links":{"self":[{"href":"https:\/\/panoramaciudadano.com\/index.php\/wp-json\/wp\/v2\/posts\/30832","targetHints":{"allow":["GET"]}}],"collection":[{"href":"https:\/\/panoramaciudadano.com\/index.php\/wp-json\/wp\/v2\/posts"}],"about":[{"href":"https:\/\/panoramaciudadano.com\/index.php\/wp-json\/wp\/v2\/types\/post"}],"author":[{"embeddable":true,"href":"https:\/\/panoramaciudadano.com\/index.php\/wp-json\/wp\/v2\/users\/1"}],"replies":[{"embeddable":true,"href":"https:\/\/panoramaciudadano.com\/index.php\/wp-json\/wp\/v2\/comments?post=30832"}],"version-history":[{"count":1,"href":"https:\/\/panoramaciudadano.com\/index.php\/wp-json\/wp\/v2\/posts\/30832\/revisions"}],"predecessor-version":[{"id":30841,"href":"https:\/\/panoramaciudadano.com\/index.php\/wp-json\/wp\/v2\/posts\/30832\/revisions\/30841"}],"wp:featuredmedia":[{"embeddable":true,"href":"https:\/\/panoramaciudadano.com\/index.php\/wp-json\/wp\/v2\/media\/30839"}],"wp:attachment":[{"href":"https:\/\/panoramaciudadano.com\/index.php\/wp-json\/wp\/v2\/media?parent=30832"}],"wp:term":[{"taxonomy":"category","embeddable":true,"href":"https:\/\/panoramaciudadano.com\/index.php\/wp-json\/wp\/v2\/categories?post=30832"},{"taxonomy":"post_tag","embeddable":true,"href":"https:\/\/panoramaciudadano.com\/index.php\/wp-json\/wp\/v2\/tags?post=30832"}],"curies":[{"name":"wp","href":"https:\/\/api.w.org\/{rel}","templated":true}]}}