{"id":30842,"date":"2026-02-19T23:41:49","date_gmt":"2026-02-20T04:41:49","guid":{"rendered":"https:\/\/panoramaciudadano.com\/?p=30842"},"modified":"2026-02-19T23:41:53","modified_gmt":"2026-02-20T04:41:53","slug":"ana-paty-peralta-trabaja-en-un-cancun-de-paz-con-ciudadania-que-participa-en-comunidad","status":"publish","type":"post","link":"https:\/\/panoramaciudadano.com\/index.php\/2026\/02\/19\/ana-paty-peralta-trabaja-en-un-cancun-de-paz-con-ciudadania-que-participa-en-comunidad\/","title":{"rendered":"ANA PATY PERALTA TRABAJA EN UN CANC\u00daN DE PAZ CON CIUDADAN\u00cdA QUE PARTICIPA EN COMUNIDAD"},"content":{"rendered":"\n<figure class=\"wp-block-gallery has-nested-images columns-default is-cropped wp-block-gallery-1 is-layout-flex wp-block-gallery-is-layout-flex\">\n<figure class=\"wp-block-image size-large\"><img decoding=\"async\" width=\"1024\" height=\"682\" data-id=\"30847\" src=\"https:\/\/panoramaciudadano.com\/wp-content\/uploads\/2026\/02\/WhatsApp-Image-2026-02-19-at-7.53.57-PM-1-1024x682.jpeg\" alt=\"\" class=\"wp-image-30847\" srcset=\"https:\/\/panoramaciudadano.com\/wp-content\/uploads\/2026\/02\/WhatsApp-Image-2026-02-19-at-7.53.57-PM-1-1024x682.jpeg 1024w, https:\/\/panoramaciudadano.com\/wp-content\/uploads\/2026\/02\/WhatsApp-Image-2026-02-19-at-7.53.57-PM-1-300x200.jpeg 300w, https:\/\/panoramaciudadano.com\/wp-content\/uploads\/2026\/02\/WhatsApp-Image-2026-02-19-at-7.53.57-PM-1-768x512.jpeg 768w, https:\/\/panoramaciudadano.com\/wp-content\/uploads\/2026\/02\/WhatsApp-Image-2026-02-19-at-7.53.57-PM-1-1536x1024.jpeg 1536w, https:\/\/panoramaciudadano.com\/wp-content\/uploads\/2026\/02\/WhatsApp-Image-2026-02-19-at-7.53.57-PM-1-2048x1365.jpeg 2048w\" sizes=\"(max-width: 1024px) 100vw, 1024px\" \/><\/figure>\n\n\n\n<figure class=\"wp-block-image size-large\"><img decoding=\"async\" width=\"1024\" height=\"848\" data-id=\"30848\" src=\"https:\/\/panoramaciudadano.com\/wp-content\/uploads\/2026\/02\/WhatsApp-Image-2026-02-19-at-7.53.57-PM-1024x848.jpeg\" alt=\"\" class=\"wp-image-30848\" srcset=\"https:\/\/panoramaciudadano.com\/wp-content\/uploads\/2026\/02\/WhatsApp-Image-2026-02-19-at-7.53.57-PM-1024x848.jpeg 1024w, https:\/\/panoramaciudadano.com\/wp-content\/uploads\/2026\/02\/WhatsApp-Image-2026-02-19-at-7.53.57-PM-300x248.jpeg 300w, https:\/\/panoramaciudadano.com\/wp-content\/uploads\/2026\/02\/WhatsApp-Image-2026-02-19-at-7.53.57-PM-768x636.jpeg 768w, https:\/\/panoramaciudadano.com\/wp-content\/uploads\/2026\/02\/WhatsApp-Image-2026-02-19-at-7.53.57-PM-1536x1272.jpeg 1536w, https:\/\/panoramaciudadano.com\/wp-content\/uploads\/2026\/02\/WhatsApp-Image-2026-02-19-at-7.53.57-PM-2048x1696.jpeg 2048w\" sizes=\"(max-width: 1024px) 100vw, 1024px\" \/><\/figure>\n\n\n\n<figure class=\"wp-block-image size-large\"><img decoding=\"async\" width=\"1024\" height=\"636\" data-id=\"30846\" src=\"https:\/\/panoramaciudadano.com\/wp-content\/uploads\/2026\/02\/WhatsApp-Image-2026-02-19-at-7.53.58-PM-2-1024x636.jpeg\" alt=\"\" class=\"wp-image-30846\" srcset=\"https:\/\/panoramaciudadano.com\/wp-content\/uploads\/2026\/02\/WhatsApp-Image-2026-02-19-at-7.53.58-PM-2-1024x636.jpeg 1024w, https:\/\/panoramaciudadano.com\/wp-content\/uploads\/2026\/02\/WhatsApp-Image-2026-02-19-at-7.53.58-PM-2-300x186.jpeg 300w, https:\/\/panoramaciudadano.com\/wp-content\/uploads\/2026\/02\/WhatsApp-Image-2026-02-19-at-7.53.58-PM-2-768x477.jpeg 768w, https:\/\/panoramaciudadano.com\/wp-content\/uploads\/2026\/02\/WhatsApp-Image-2026-02-19-at-7.53.58-PM-2-1536x953.jpeg 1536w, https:\/\/panoramaciudadano.com\/wp-content\/uploads\/2026\/02\/WhatsApp-Image-2026-02-19-at-7.53.58-PM-2-2048x1271.jpeg 2048w\" sizes=\"(max-width: 1024px) 100vw, 1024px\" \/><\/figure>\n\n\n\n<figure class=\"wp-block-image size-large\"><img decoding=\"async\" width=\"1024\" height=\"564\" data-id=\"30845\" src=\"https:\/\/panoramaciudadano.com\/wp-content\/uploads\/2026\/02\/WhatsApp-Image-2026-02-19-at-7.53.58-PM-4-1024x564.jpeg\" alt=\"\" class=\"wp-image-30845\" srcset=\"https:\/\/panoramaciudadano.com\/wp-content\/uploads\/2026\/02\/WhatsApp-Image-2026-02-19-at-7.53.58-PM-4-1024x564.jpeg 1024w, https:\/\/panoramaciudadano.com\/wp-content\/uploads\/2026\/02\/WhatsApp-Image-2026-02-19-at-7.53.58-PM-4-300x165.jpeg 300w, https:\/\/panoramaciudadano.com\/wp-content\/uploads\/2026\/02\/WhatsApp-Image-2026-02-19-at-7.53.58-PM-4-768x423.jpeg 768w, https:\/\/panoramaciudadano.com\/wp-content\/uploads\/2026\/02\/WhatsApp-Image-2026-02-19-at-7.53.58-PM-4-1536x845.jpeg 1536w, https:\/\/panoramaciudadano.com\/wp-content\/uploads\/2026\/02\/WhatsApp-Image-2026-02-19-at-7.53.58-PM-4-2048x1127.jpeg 2048w\" sizes=\"(max-width: 1024px) 100vw, 1024px\" \/><\/figure>\n\n\n\n<figure class=\"wp-block-image size-large\"><img decoding=\"async\" width=\"1024\" height=\"768\" data-id=\"30844\" src=\"https:\/\/panoramaciudadano.com\/wp-content\/uploads\/2026\/02\/WhatsApp-Image-2026-02-19-at-7.53.59-PM-1024x768.jpeg\" alt=\"\" class=\"wp-image-30844\" srcset=\"https:\/\/panoramaciudadano.com\/wp-content\/uploads\/2026\/02\/WhatsApp-Image-2026-02-19-at-7.53.59-PM-1024x768.jpeg 1024w, https:\/\/panoramaciudadano.com\/wp-content\/uploads\/2026\/02\/WhatsApp-Image-2026-02-19-at-7.53.59-PM-300x225.jpeg 300w, https:\/\/panoramaciudadano.com\/wp-content\/uploads\/2026\/02\/WhatsApp-Image-2026-02-19-at-7.53.59-PM-768x576.jpeg 768w, https:\/\/panoramaciudadano.com\/wp-content\/uploads\/2026\/02\/WhatsApp-Image-2026-02-19-at-7.53.59-PM.jpeg 1280w\" sizes=\"(max-width: 1024px) 100vw, 1024px\" \/><\/figure>\n<\/figure>\n\n\n\n<p>Como parte del trabajo de recuperaci\u00f3n de confianza en las autoridades de seguridad, la recuperaci\u00f3n de paz y participaci\u00f3n activa entre gobierno y ciudadan\u00eda, la Presidenta Municipal, Ana Paty Peralta, encabez\u00f3 la instalaci\u00f3n de un nuevo Comit\u00e9 de Paz en la Supermanzana 3.<\/p>\n\n\n\n<p>Al ser part\u00edcipe de esta conformaci\u00f3n, la Alcaldesa demostr\u00f3 que escuchar al pueblo es gobernar de manera diferente, atendiendo desde las causas la construcci\u00f3n de paz en Canc\u00fan, alineados al gobierno federal. Adem\u00e1s, agradeci\u00f3 a los residentes por participar, involucrarse y alzar la mano para transformar Canc\u00fan.<\/p>\n\n\n\n<p>Record\u00f3 que estos grupos apenas est\u00e1n iniciando y que se espera conformar m\u00e1s de 600 en todo el municipio para fortalecer la percepci\u00f3n que tiene la ciudadan\u00eda sobre los elementos de seguridad, formando un solo equipo.<\/p>\n\n\n\n<p>Finalmente, inform\u00f3 que dar\u00e1 puntual seguimiento y supervisi\u00f3n a estos comit\u00e9s, con el firme compromiso de garantizar que cada acci\u00f3n se desarrolle de manera ordenada, transparente y en beneficio de todas y todos.<\/p>\n\n\n\n<p>Durante esta jornada se presentaron los elementos policiales de la zona, as\u00ed como a la directora general del DIF Benito Ju\u00e1rez, Marisol Sendo Rodr\u00edguez, quien ser\u00e1 el enlace institucional y dar\u00e1 seguimiento a los acuerdos del comit\u00e9. Adem\u00e1s, las vecinas y vecinos firmaron el documento que formaliza el grupo de paz, y se concluy\u00f3 con un di\u00e1logo productivo.<\/p>\n\n\n\n<hr class=\"wp-block-separator has-alpha-channel-opacity\"\/>\n","protected":false},"excerpt":{"rendered":"<p>Como parte del trabajo de recuperaci\u00f3n de confianza en las autoridades de seguridad, la recuperaci\u00f3n de paz y participaci\u00f3n activa entre gobierno y ciudadan\u00eda, la Presidenta Municipal, Ana Paty Peralta, encabez\u00f3 la instalaci\u00f3n de un nuevo Comit\u00e9 de Paz en la Supermanzana 3.<\/p>\n","protected":false},"author":1,"featured_media":30843,"comment_status":"open","ping_status":"closed","sticky":false,"template":"","format":"standard","meta":{"footnotes":""},"categories":[6],"tags":[145],"class_list":["post-30842","post","type-post","status-publish","format-standard","has-post-thumbnail","hentry","category-cancun","tag-ana-paty-peralta"],"yoast_head":"<!-- This site is optimized with the Yoast SEO plugin v27.1.1 - https:\/\/yoast.com\/product\/yoast-seo-wordpress\/ -->\n<title>ANA PATY PERALTA TRABAJA EN UN CANC\u00daN DE PAZ CON CIUDADAN\u00cdA QUE PARTICIPA EN COMUNIDAD - Panorama Ciudadano<\/title>\n<meta name=\"robots\" content=\"index, follow, max-snippet:-1, max-image-preview:large, max-video-preview:-1\" \/>\n<link rel=\"canonical\" href=\"https:\/\/panoramaciudadano.com\/index.php\/2026\/02\/19\/ana-paty-peralta-trabaja-en-un-cancun-de-paz-con-ciudadania-que-participa-en-comunidad\/\" \/>\n<meta property=\"og:locale\" content=\"es_ES\" \/>\n<meta property=\"og:type\" content=\"article\" \/>\n<meta property=\"og:title\" content=\"ANA PATY PERALTA TRABAJA EN UN CANC\u00daN DE PAZ CON CIUDADAN\u00cdA QUE PARTICIPA EN COMUNIDAD - Panorama Ciudadano\" \/>\n<meta property=\"og:description\" content=\"Como parte del trabajo de recuperaci\u00f3n de confianza en las autoridades de seguridad, la recuperaci\u00f3n de paz y participaci\u00f3n activa entre gobierno y ciudadan\u00eda, la Presidenta Municipal, Ana Paty Peralta, encabez\u00f3 la instalaci\u00f3n de un nuevo Comit\u00e9 de Paz en la Supermanzana 3.\" \/>\n<meta property=\"og:url\" content=\"https:\/\/panoramaciudadano.com\/index.php\/2026\/02\/19\/ana-paty-peralta-trabaja-en-un-cancun-de-paz-con-ciudadania-que-participa-en-comunidad\/\" \/>\n<meta property=\"og:site_name\" content=\"Panorama Ciudadano\" \/>\n<meta property=\"article:publisher\" content=\"https:\/\/www.facebook.com\/panoramaciudadano\" \/>\n<meta property=\"article:published_time\" content=\"2026-02-20T04:41:49+00:00\" \/>\n<meta property=\"article:modified_time\" content=\"2026-02-20T04:41:53+00:00\" \/>\n<meta property=\"og:image\" content=\"https:\/\/panoramaciudadano.com\/wp-content\/uploads\/2026\/02\/WhatsApp-Image-2026-02-19-at-7.53.58-PM-5.jpeg\" \/>\n\t<meta property=\"og:image:width\" content=\"1280\" \/>\n\t<meta property=\"og:image:height\" content=\"960\" \/>\n\t<meta property=\"og:image:type\" content=\"image\/jpeg\" \/>\n<meta name=\"author\" content=\"admin\" \/>\n<meta name=\"twitter:card\" content=\"summary_large_image\" \/>\n<meta name=\"twitter:label1\" content=\"Escrito por\" \/>\n\t<meta name=\"twitter:data1\" content=\"admin\" \/>\n\t<meta name=\"twitter:label2\" content=\"Tiempo de lectura\" \/>\n\t<meta name=\"twitter:data2\" content=\"3 minutos\" \/>\n<script type=\"application\/ld+json\" class=\"yoast-schema-graph\">{\"@context\":\"https:\/\/schema.org\",\"@graph\":[{\"@type\":\"Article\",\"@id\":\"https:\/\/panoramaciudadano.com\/index.php\/2026\/02\/19\/ana-paty-peralta-trabaja-en-un-cancun-de-paz-con-ciudadania-que-participa-en-comunidad\/#article\",\"isPartOf\":{\"@id\":\"https:\/\/panoramaciudadano.com\/index.php\/2026\/02\/19\/ana-paty-peralta-trabaja-en-un-cancun-de-paz-con-ciudadania-que-participa-en-comunidad\/\"},\"author\":{\"name\":\"admin\",\"@id\":\"https:\/\/panoramaciudadano.com\/#\/schema\/person\/ffe9fe8ef47d3a93977b5761fd9e0d96\"},\"headline\":\"ANA PATY PERALTA TRABAJA EN UN CANC\u00daN DE PAZ CON CIUDADAN\u00cdA QUE PARTICIPA EN COMUNIDAD\",\"datePublished\":\"2026-02-20T04:41:49+00:00\",\"dateModified\":\"2026-02-20T04:41:53+00:00\",\"mainEntityOfPage\":{\"@id\":\"https:\/\/panoramaciudadano.com\/index.php\/2026\/02\/19\/ana-paty-peralta-trabaja-en-un-cancun-de-paz-con-ciudadania-que-participa-en-comunidad\/\"},\"wordCount\":254,\"commentCount\":0,\"publisher\":{\"@id\":\"https:\/\/panoramaciudadano.com\/#organization\"},\"image\":{\"@id\":\"https:\/\/panoramaciudadano.com\/index.php\/2026\/02\/19\/ana-paty-peralta-trabaja-en-un-cancun-de-paz-con-ciudadania-que-participa-en-comunidad\/#primaryimage\"},\"thumbnailUrl\":\"https:\/\/panoramaciudadano.com\/wp-content\/uploads\/2026\/02\/WhatsApp-Image-2026-02-19-at-7.53.58-PM-5.jpeg\",\"keywords\":[\"Ana Paty Peralta\"],\"articleSection\":[\"Canc\u00fan\"],\"inLanguage\":\"es\",\"potentialAction\":[{\"@type\":\"CommentAction\",\"name\":\"Comment\",\"target\":[\"https:\/\/panoramaciudadano.com\/index.php\/2026\/02\/19\/ana-paty-peralta-trabaja-en-un-cancun-de-paz-con-ciudadania-que-participa-en-comunidad\/#respond\"]}]},{\"@type\":\"WebPage\",\"@id\":\"https:\/\/panoramaciudadano.com\/index.php\/2026\/02\/19\/ana-paty-peralta-trabaja-en-un-cancun-de-paz-con-ciudadania-que-participa-en-comunidad\/\",\"url\":\"https:\/\/panoramaciudadano.com\/index.php\/2026\/02\/19\/ana-paty-peralta-trabaja-en-un-cancun-de-paz-con-ciudadania-que-participa-en-comunidad\/\",\"name\":\"ANA PATY PERALTA TRABAJA EN UN CANC\u00daN DE PAZ CON CIUDADAN\u00cdA QUE PARTICIPA EN COMUNIDAD - Panorama Ciudadano\",\"isPartOf\":{\"@id\":\"https:\/\/panoramaciudadano.com\/#website\"},\"primaryImageOfPage\":{\"@id\":\"https:\/\/panoramaciudadano.com\/index.php\/2026\/02\/19\/ana-paty-peralta-trabaja-en-un-cancun-de-paz-con-ciudadania-que-participa-en-comunidad\/#primaryimage\"},\"image\":{\"@id\":\"https:\/\/panoramaciudadano.com\/index.php\/2026\/02\/19\/ana-paty-peralta-trabaja-en-un-cancun-de-paz-con-ciudadania-que-participa-en-comunidad\/#primaryimage\"},\"thumbnailUrl\":\"https:\/\/panoramaciudadano.com\/wp-content\/uploads\/2026\/02\/WhatsApp-Image-2026-02-19-at-7.53.58-PM-5.jpeg\",\"datePublished\":\"2026-02-20T04:41:49+00:00\",\"dateModified\":\"2026-02-20T04:41:53+00:00\",\"breadcrumb\":{\"@id\":\"https:\/\/panoramaciudadano.com\/index.php\/2026\/02\/19\/ana-paty-peralta-trabaja-en-un-cancun-de-paz-con-ciudadania-que-participa-en-comunidad\/#breadcrumb\"},\"inLanguage\":\"es\",\"potentialAction\":[{\"@type\":\"ReadAction\",\"target\":[\"https:\/\/panoramaciudadano.com\/index.php\/2026\/02\/19\/ana-paty-peralta-trabaja-en-un-cancun-de-paz-con-ciudadania-que-participa-en-comunidad\/\"]}]},{\"@type\":\"ImageObject\",\"inLanguage\":\"es\",\"@id\":\"https:\/\/panoramaciudadano.com\/index.php\/2026\/02\/19\/ana-paty-peralta-trabaja-en-un-cancun-de-paz-con-ciudadania-que-participa-en-comunidad\/#primaryimage\",\"url\":\"https:\/\/panoramaciudadano.com\/wp-content\/uploads\/2026\/02\/WhatsApp-Image-2026-02-19-at-7.53.58-PM-5.jpeg\",\"contentUrl\":\"https:\/\/panoramaciudadano.com\/wp-content\/uploads\/2026\/02\/WhatsApp-Image-2026-02-19-at-7.53.58-PM-5.jpeg\",\"width\":1280,\"height\":960},{\"@type\":\"BreadcrumbList\",\"@id\":\"https:\/\/panoramaciudadano.com\/index.php\/2026\/02\/19\/ana-paty-peralta-trabaja-en-un-cancun-de-paz-con-ciudadania-que-participa-en-comunidad\/#breadcrumb\",\"itemListElement\":[{\"@type\":\"ListItem\",\"position\":1,\"name\":\"Portada\",\"item\":\"https:\/\/panoramaciudadano.com\/\"},{\"@type\":\"ListItem\",\"position\":2,\"name\":\"ANA PATY PERALTA TRABAJA EN UN CANC\u00daN DE PAZ CON CIUDADAN\u00cdA QUE PARTICIPA EN COMUNIDAD\"}]},{\"@type\":\"WebSite\",\"@id\":\"https:\/\/panoramaciudadano.com\/#website\",\"url\":\"https:\/\/panoramaciudadano.com\/\",\"name\":\"Panorama Ciudadano\",\"description\":\"\",\"publisher\":{\"@id\":\"https:\/\/panoramaciudadano.com\/#organization\"},\"potentialAction\":[{\"@type\":\"SearchAction\",\"target\":{\"@type\":\"EntryPoint\",\"urlTemplate\":\"https:\/\/panoramaciudadano.com\/?s={search_term_string}\"},\"query-input\":{\"@type\":\"PropertyValueSpecification\",\"valueRequired\":true,\"valueName\":\"search_term_string\"}}],\"inLanguage\":\"es\"},{\"@type\":\"Organization\",\"@id\":\"https:\/\/panoramaciudadano.com\/#organization\",\"name\":\"Panorama Ciudadano\",\"url\":\"https:\/\/panoramaciudadano.com\/\",\"logo\":{\"@type\":\"ImageObject\",\"inLanguage\":\"es\",\"@id\":\"https:\/\/panoramaciudadano.com\/#\/schema\/logo\/image\/\",\"url\":\"https:\/\/panoramaciudadano.com\/wp-content\/uploads\/2024\/05\/401498640_919267042938564_6290593609399108733_n.jpg\",\"contentUrl\":\"https:\/\/panoramaciudadano.com\/wp-content\/uploads\/2024\/05\/401498640_919267042938564_6290593609399108733_n.jpg\",\"width\":960,\"height\":957,\"caption\":\"Panorama Ciudadano\"},\"image\":{\"@id\":\"https:\/\/panoramaciudadano.com\/#\/schema\/logo\/image\/\"},\"sameAs\":[\"https:\/\/www.facebook.com\/panoramaciudadano\"]},{\"@type\":\"Person\",\"@id\":\"https:\/\/panoramaciudadano.com\/#\/schema\/person\/ffe9fe8ef47d3a93977b5761fd9e0d96\",\"name\":\"admin\",\"image\":{\"@type\":\"ImageObject\",\"inLanguage\":\"es\",\"@id\":\"https:\/\/panoramaciudadano.com\/#\/schema\/person\/image\/\",\"url\":\"https:\/\/secure.gravatar.com\/avatar\/2d5a12cacce3f18096f25fadea8abb7202fef18ed669595589853e84260ff451?s=96&d=mm&r=g\",\"contentUrl\":\"https:\/\/secure.gravatar.com\/avatar\/2d5a12cacce3f18096f25fadea8abb7202fef18ed669595589853e84260ff451?s=96&d=mm&r=g\",\"caption\":\"admin\"},\"sameAs\":[\"https:\/\/panoramaciudadano.com\"],\"url\":\"https:\/\/panoramaciudadano.com\/index.php\/author\/admin_3q6hyqq3\/\"}]}<\/script>\n<!-- \/ Yoast SEO plugin. -->","yoast_head_json":{"title":"ANA PATY PERALTA TRABAJA EN UN CANC\u00daN DE PAZ CON CIUDADAN\u00cdA QUE PARTICIPA EN COMUNIDAD - Panorama Ciudadano","robots":{"index":"index","follow":"follow","max-snippet":"max-snippet:-1","max-image-preview":"max-image-preview:large","max-video-preview":"max-video-preview:-1"},"canonical":"https:\/\/panoramaciudadano.com\/index.php\/2026\/02\/19\/ana-paty-peralta-trabaja-en-un-cancun-de-paz-con-ciudadania-que-participa-en-comunidad\/","og_locale":"es_ES","og_type":"article","og_title":"ANA PATY PERALTA TRABAJA EN UN CANC\u00daN DE PAZ CON CIUDADAN\u00cdA QUE PARTICIPA EN COMUNIDAD - Panorama Ciudadano","og_description":"Como parte del trabajo de recuperaci\u00f3n de confianza en las autoridades de seguridad, la recuperaci\u00f3n de paz y participaci\u00f3n activa entre gobierno y ciudadan\u00eda, la Presidenta Municipal, Ana Paty Peralta, encabez\u00f3 la instalaci\u00f3n de un nuevo Comit\u00e9 de Paz en la Supermanzana 3.","og_url":"https:\/\/panoramaciudadano.com\/index.php\/2026\/02\/19\/ana-paty-peralta-trabaja-en-un-cancun-de-paz-con-ciudadania-que-participa-en-comunidad\/","og_site_name":"Panorama Ciudadano","article_publisher":"https:\/\/www.facebook.com\/panoramaciudadano","article_published_time":"2026-02-20T04:41:49+00:00","article_modified_time":"2026-02-20T04:41:53+00:00","og_image":[{"width":1280,"height":960,"url":"https:\/\/panoramaciudadano.com\/wp-content\/uploads\/2026\/02\/WhatsApp-Image-2026-02-19-at-7.53.58-PM-5.jpeg","type":"image\/jpeg"}],"author":"admin","twitter_card":"summary_large_image","twitter_misc":{"Escrito por":"admin","Tiempo de lectura":"3 minutos"},"schema":{"@context":"https:\/\/schema.org","@graph":[{"@type":"Article","@id":"https:\/\/panoramaciudadano.com\/index.php\/2026\/02\/19\/ana-paty-peralta-trabaja-en-un-cancun-de-paz-con-ciudadania-que-participa-en-comunidad\/#article","isPartOf":{"@id":"https:\/\/panoramaciudadano.com\/index.php\/2026\/02\/19\/ana-paty-peralta-trabaja-en-un-cancun-de-paz-con-ciudadania-que-participa-en-comunidad\/"},"author":{"name":"admin","@id":"https:\/\/panoramaciudadano.com\/#\/schema\/person\/ffe9fe8ef47d3a93977b5761fd9e0d96"},"headline":"ANA PATY PERALTA TRABAJA EN UN CANC\u00daN DE PAZ CON CIUDADAN\u00cdA QUE PARTICIPA EN COMUNIDAD","datePublished":"2026-02-20T04:41:49+00:00","dateModified":"2026-02-20T04:41:53+00:00","mainEntityOfPage":{"@id":"https:\/\/panoramaciudadano.com\/index.php\/2026\/02\/19\/ana-paty-peralta-trabaja-en-un-cancun-de-paz-con-ciudadania-que-participa-en-comunidad\/"},"wordCount":254,"commentCount":0,"publisher":{"@id":"https:\/\/panoramaciudadano.com\/#organization"},"image":{"@id":"https:\/\/panoramaciudadano.com\/index.php\/2026\/02\/19\/ana-paty-peralta-trabaja-en-un-cancun-de-paz-con-ciudadania-que-participa-en-comunidad\/#primaryimage"},"thumbnailUrl":"https:\/\/panoramaciudadano.com\/wp-content\/uploads\/2026\/02\/WhatsApp-Image-2026-02-19-at-7.53.58-PM-5.jpeg","keywords":["Ana Paty Peralta"],"articleSection":["Canc\u00fan"],"inLanguage":"es","potentialAction":[{"@type":"CommentAction","name":"Comment","target":["https:\/\/panoramaciudadano.com\/index.php\/2026\/02\/19\/ana-paty-peralta-trabaja-en-un-cancun-de-paz-con-ciudadania-que-participa-en-comunidad\/#respond"]}]},{"@type":"WebPage","@id":"https:\/\/panoramaciudadano.com\/index.php\/2026\/02\/19\/ana-paty-peralta-trabaja-en-un-cancun-de-paz-con-ciudadania-que-participa-en-comunidad\/","url":"https:\/\/panoramaciudadano.com\/index.php\/2026\/02\/19\/ana-paty-peralta-trabaja-en-un-cancun-de-paz-con-ciudadania-que-participa-en-comunidad\/","name":"ANA PATY PERALTA TRABAJA EN UN CANC\u00daN DE PAZ CON CIUDADAN\u00cdA QUE PARTICIPA EN COMUNIDAD - Panorama Ciudadano","isPartOf":{"@id":"https:\/\/panoramaciudadano.com\/#website"},"primaryImageOfPage":{"@id":"https:\/\/panoramaciudadano.com\/index.php\/2026\/02\/19\/ana-paty-peralta-trabaja-en-un-cancun-de-paz-con-ciudadania-que-participa-en-comunidad\/#primaryimage"},"image":{"@id":"https:\/\/panoramaciudadano.com\/index.php\/2026\/02\/19\/ana-paty-peralta-trabaja-en-un-cancun-de-paz-con-ciudadania-que-participa-en-comunidad\/#primaryimage"},"thumbnailUrl":"https:\/\/panoramaciudadano.com\/wp-content\/uploads\/2026\/02\/WhatsApp-Image-2026-02-19-at-7.53.58-PM-5.jpeg","datePublished":"2026-02-20T04:41:49+00:00","dateModified":"2026-02-20T04:41:53+00:00","breadcrumb":{"@id":"https:\/\/panoramaciudadano.com\/index.php\/2026\/02\/19\/ana-paty-peralta-trabaja-en-un-cancun-de-paz-con-ciudadania-que-participa-en-comunidad\/#breadcrumb"},"inLanguage":"es","potentialAction":[{"@type":"ReadAction","target":["https:\/\/panoramaciudadano.com\/index.php\/2026\/02\/19\/ana-paty-peralta-trabaja-en-un-cancun-de-paz-con-ciudadania-que-participa-en-comunidad\/"]}]},{"@type":"ImageObject","inLanguage":"es","@id":"https:\/\/panoramaciudadano.com\/index.php\/2026\/02\/19\/ana-paty-peralta-trabaja-en-un-cancun-de-paz-con-ciudadania-que-participa-en-comunidad\/#primaryimage","url":"https:\/\/panoramaciudadano.com\/wp-content\/uploads\/2026\/02\/WhatsApp-Image-2026-02-19-at-7.53.58-PM-5.jpeg","contentUrl":"https:\/\/panoramaciudadano.com\/wp-content\/uploads\/2026\/02\/WhatsApp-Image-2026-02-19-at-7.53.58-PM-5.jpeg","width":1280,"height":960},{"@type":"BreadcrumbList","@id":"https:\/\/panoramaciudadano.com\/index.php\/2026\/02\/19\/ana-paty-peralta-trabaja-en-un-cancun-de-paz-con-ciudadania-que-participa-en-comunidad\/#breadcrumb","itemListElement":[{"@type":"ListItem","position":1,"name":"Portada","item":"https:\/\/panoramaciudadano.com\/"},{"@type":"ListItem","position":2,"name":"ANA PATY PERALTA TRABAJA EN UN CANC\u00daN DE PAZ CON CIUDADAN\u00cdA QUE PARTICIPA EN COMUNIDAD"}]},{"@type":"WebSite","@id":"https:\/\/panoramaciudadano.com\/#website","url":"https:\/\/panoramaciudadano.com\/","name":"Panorama Ciudadano","description":"","publisher":{"@id":"https:\/\/panoramaciudadano.com\/#organization"},"potentialAction":[{"@type":"SearchAction","target":{"@type":"EntryPoint","urlTemplate":"https:\/\/panoramaciudadano.com\/?s={search_term_string}"},"query-input":{"@type":"PropertyValueSpecification","valueRequired":true,"valueName":"search_term_string"}}],"inLanguage":"es"},{"@type":"Organization","@id":"https:\/\/panoramaciudadano.com\/#organization","name":"Panorama Ciudadano","url":"https:\/\/panoramaciudadano.com\/","logo":{"@type":"ImageObject","inLanguage":"es","@id":"https:\/\/panoramaciudadano.com\/#\/schema\/logo\/image\/","url":"https:\/\/panoramaciudadano.com\/wp-content\/uploads\/2024\/05\/401498640_919267042938564_6290593609399108733_n.jpg","contentUrl":"https:\/\/panoramaciudadano.com\/wp-content\/uploads\/2024\/05\/401498640_919267042938564_6290593609399108733_n.jpg","width":960,"height":957,"caption":"Panorama Ciudadano"},"image":{"@id":"https:\/\/panoramaciudadano.com\/#\/schema\/logo\/image\/"},"sameAs":["https:\/\/www.facebook.com\/panoramaciudadano"]},{"@type":"Person","@id":"https:\/\/panoramaciudadano.com\/#\/schema\/person\/ffe9fe8ef47d3a93977b5761fd9e0d96","name":"admin","image":{"@type":"ImageObject","inLanguage":"es","@id":"https:\/\/panoramaciudadano.com\/#\/schema\/person\/image\/","url":"https:\/\/secure.gravatar.com\/avatar\/2d5a12cacce3f18096f25fadea8abb7202fef18ed669595589853e84260ff451?s=96&d=mm&r=g","contentUrl":"https:\/\/secure.gravatar.com\/avatar\/2d5a12cacce3f18096f25fadea8abb7202fef18ed669595589853e84260ff451?s=96&d=mm&r=g","caption":"admin"},"sameAs":["https:\/\/panoramaciudadano.com"],"url":"https:\/\/panoramaciudadano.com\/index.php\/author\/admin_3q6hyqq3\/"}]}},"_links":{"self":[{"href":"https:\/\/panoramaciudadano.com\/index.php\/wp-json\/wp\/v2\/posts\/30842","targetHints":{"allow":["GET"]}}],"collection":[{"href":"https:\/\/panoramaciudadano.com\/index.php\/wp-json\/wp\/v2\/posts"}],"about":[{"href":"https:\/\/panoramaciudadano.com\/index.php\/wp-json\/wp\/v2\/types\/post"}],"author":[{"embeddable":true,"href":"https:\/\/panoramaciudadano.com\/index.php\/wp-json\/wp\/v2\/users\/1"}],"replies":[{"embeddable":true,"href":"https:\/\/panoramaciudadano.com\/index.php\/wp-json\/wp\/v2\/comments?post=30842"}],"version-history":[{"count":1,"href":"https:\/\/panoramaciudadano.com\/index.php\/wp-json\/wp\/v2\/posts\/30842\/revisions"}],"predecessor-version":[{"id":30849,"href":"https:\/\/panoramaciudadano.com\/index.php\/wp-json\/wp\/v2\/posts\/30842\/revisions\/30849"}],"wp:featuredmedia":[{"embeddable":true,"href":"https:\/\/panoramaciudadano.com\/index.php\/wp-json\/wp\/v2\/media\/30843"}],"wp:attachment":[{"href":"https:\/\/panoramaciudadano.com\/index.php\/wp-json\/wp\/v2\/media?parent=30842"}],"wp:term":[{"taxonomy":"category","embeddable":true,"href":"https:\/\/panoramaciudadano.com\/index.php\/wp-json\/wp\/v2\/categories?post=30842"},{"taxonomy":"post_tag","embeddable":true,"href":"https:\/\/panoramaciudadano.com\/index.php\/wp-json\/wp\/v2\/tags?post=30842"}],"curies":[{"name":"wp","href":"https:\/\/api.w.org\/{rel}","templated":true}]}}