{"id":34127,"date":"2026-04-24T09:37:14","date_gmt":"2026-04-24T14:37:14","guid":{"rendered":"https:\/\/panoramaciudadano.com\/?p=34127"},"modified":"2026-04-24T09:37:16","modified_gmt":"2026-04-24T14:37:16","slug":"lleva-ana-paty-peralta-servicios-y-descuentos-a-familias-de-la-sm-259","status":"publish","type":"post","link":"https:\/\/panoramaciudadano.com\/index.php\/2026\/04\/24\/lleva-ana-paty-peralta-servicios-y-descuentos-a-familias-de-la-sm-259\/","title":{"rendered":"LLEVA ANA PATY PERALTA SERVICIOS Y DESCUENTOS A FAMILIAS DE LA SM 259"},"content":{"rendered":"\n<figure class=\"wp-block-gallery has-nested-images columns-default is-cropped wp-block-gallery-1 is-layout-flex wp-block-gallery-is-layout-flex\">\n<figure class=\"wp-block-image size-large\"><img decoding=\"async\" width=\"1024\" height=\"723\" data-id=\"34132\" src=\"https:\/\/panoramaciudadano.com\/wp-content\/uploads\/2026\/04\/WhatsApp-Image-2026-04-24-at-6.55.45-AM-1-1024x723.jpeg\" alt=\"\" class=\"wp-image-34132\" srcset=\"https:\/\/panoramaciudadano.com\/wp-content\/uploads\/2026\/04\/WhatsApp-Image-2026-04-24-at-6.55.45-AM-1-1024x723.jpeg 1024w, https:\/\/panoramaciudadano.com\/wp-content\/uploads\/2026\/04\/WhatsApp-Image-2026-04-24-at-6.55.45-AM-1-300x212.jpeg 300w, https:\/\/panoramaciudadano.com\/wp-content\/uploads\/2026\/04\/WhatsApp-Image-2026-04-24-at-6.55.45-AM-1-768x542.jpeg 768w, https:\/\/panoramaciudadano.com\/wp-content\/uploads\/2026\/04\/WhatsApp-Image-2026-04-24-at-6.55.45-AM-1-1536x1084.jpeg 1536w, https:\/\/panoramaciudadano.com\/wp-content\/uploads\/2026\/04\/WhatsApp-Image-2026-04-24-at-6.55.45-AM-1-2048x1446.jpeg 2048w\" sizes=\"(max-width: 1024px) 100vw, 1024px\" \/><\/figure>\n\n\n\n<figure class=\"wp-block-image size-large\"><img decoding=\"async\" width=\"1003\" height=\"1024\" data-id=\"34130\" src=\"https:\/\/panoramaciudadano.com\/wp-content\/uploads\/2026\/04\/WhatsApp-Image-2026-04-24-at-6.55.45-AM-2-1003x1024.jpeg\" alt=\"\" class=\"wp-image-34130\" srcset=\"https:\/\/panoramaciudadano.com\/wp-content\/uploads\/2026\/04\/WhatsApp-Image-2026-04-24-at-6.55.45-AM-2-1003x1024.jpeg 1003w, https:\/\/panoramaciudadano.com\/wp-content\/uploads\/2026\/04\/WhatsApp-Image-2026-04-24-at-6.55.45-AM-2-294x300.jpeg 294w, https:\/\/panoramaciudadano.com\/wp-content\/uploads\/2026\/04\/WhatsApp-Image-2026-04-24-at-6.55.45-AM-2-768x784.jpeg 768w, https:\/\/panoramaciudadano.com\/wp-content\/uploads\/2026\/04\/WhatsApp-Image-2026-04-24-at-6.55.45-AM-2-1504x1536.jpeg 1504w, https:\/\/panoramaciudadano.com\/wp-content\/uploads\/2026\/04\/WhatsApp-Image-2026-04-24-at-6.55.45-AM-2-2006x2048.jpeg 2006w\" sizes=\"(max-width: 1003px) 100vw, 1003px\" \/><\/figure>\n\n\n\n<figure class=\"wp-block-image size-large\"><img decoding=\"async\" width=\"954\" height=\"1024\" data-id=\"34129\" src=\"https:\/\/panoramaciudadano.com\/wp-content\/uploads\/2026\/04\/WhatsApp-Image-2026-04-24-at-6.55.45-AM-954x1024.jpeg\" alt=\"\" class=\"wp-image-34129\" srcset=\"https:\/\/panoramaciudadano.com\/wp-content\/uploads\/2026\/04\/WhatsApp-Image-2026-04-24-at-6.55.45-AM-954x1024.jpeg 954w, https:\/\/panoramaciudadano.com\/wp-content\/uploads\/2026\/04\/WhatsApp-Image-2026-04-24-at-6.55.45-AM-279x300.jpeg 279w, https:\/\/panoramaciudadano.com\/wp-content\/uploads\/2026\/04\/WhatsApp-Image-2026-04-24-at-6.55.45-AM-768x824.jpeg 768w, https:\/\/panoramaciudadano.com\/wp-content\/uploads\/2026\/04\/WhatsApp-Image-2026-04-24-at-6.55.45-AM-1431x1536.jpeg 1431w, https:\/\/panoramaciudadano.com\/wp-content\/uploads\/2026\/04\/WhatsApp-Image-2026-04-24-at-6.55.45-AM-1908x2048.jpeg 1908w\" sizes=\"(max-width: 954px) 100vw, 954px\" \/><\/figure>\n\n\n\n<figure class=\"wp-block-image size-large\"><img decoding=\"async\" width=\"784\" height=\"1024\" data-id=\"34131\" src=\"https:\/\/panoramaciudadano.com\/wp-content\/uploads\/2026\/04\/WhatsApp-Image-2026-04-24-at-6.55.46-AM-1-784x1024.jpeg\" alt=\"\" class=\"wp-image-34131\" srcset=\"https:\/\/panoramaciudadano.com\/wp-content\/uploads\/2026\/04\/WhatsApp-Image-2026-04-24-at-6.55.46-AM-1-784x1024.jpeg 784w, https:\/\/panoramaciudadano.com\/wp-content\/uploads\/2026\/04\/WhatsApp-Image-2026-04-24-at-6.55.46-AM-1-230x300.jpeg 230w, https:\/\/panoramaciudadano.com\/wp-content\/uploads\/2026\/04\/WhatsApp-Image-2026-04-24-at-6.55.46-AM-1-768x1003.jpeg 768w, https:\/\/panoramaciudadano.com\/wp-content\/uploads\/2026\/04\/WhatsApp-Image-2026-04-24-at-6.55.46-AM-1-1176x1536.jpeg 1176w, https:\/\/panoramaciudadano.com\/wp-content\/uploads\/2026\/04\/WhatsApp-Image-2026-04-24-at-6.55.46-AM-1-1568x2048.jpeg 1568w, https:\/\/panoramaciudadano.com\/wp-content\/uploads\/2026\/04\/WhatsApp-Image-2026-04-24-at-6.55.46-AM-1.jpeg 1960w\" sizes=\"(max-width: 784px) 100vw, 784px\" \/><\/figure>\n\n\n\n<figure class=\"wp-block-image size-large\"><img decoding=\"async\" width=\"1024\" height=\"720\" data-id=\"34133\" src=\"https:\/\/panoramaciudadano.com\/wp-content\/uploads\/2026\/04\/WhatsApp-Image-2026-04-24-at-6.55.46-AM-2-1024x720.jpeg\" alt=\"\" class=\"wp-image-34133\" srcset=\"https:\/\/panoramaciudadano.com\/wp-content\/uploads\/2026\/04\/WhatsApp-Image-2026-04-24-at-6.55.46-AM-2-1024x720.jpeg 1024w, https:\/\/panoramaciudadano.com\/wp-content\/uploads\/2026\/04\/WhatsApp-Image-2026-04-24-at-6.55.46-AM-2-300x211.jpeg 300w, https:\/\/panoramaciudadano.com\/wp-content\/uploads\/2026\/04\/WhatsApp-Image-2026-04-24-at-6.55.46-AM-2-768x540.jpeg 768w, https:\/\/panoramaciudadano.com\/wp-content\/uploads\/2026\/04\/WhatsApp-Image-2026-04-24-at-6.55.46-AM-2-1536x1080.jpeg 1536w, https:\/\/panoramaciudadano.com\/wp-content\/uploads\/2026\/04\/WhatsApp-Image-2026-04-24-at-6.55.46-AM-2-2048x1440.jpeg 2048w\" sizes=\"(max-width: 1024px) 100vw, 1024px\" \/><\/figure>\n<\/figure>\n\n\n\n<p>En el marco de cabo la 40\u00aa edici\u00f3n de la jornada \u201cD\u00eda del Pueblo, Canc\u00fan Nos Une por la Transformaci\u00f3n\u201d y como parte del trabajo intenso que se realiza todos los d\u00edas para beneficiar a las familias cancunenses, la Presidenta Municipal, Ana Paty Peralta, destac\u00f3 que mil 350 personas han sido beneficiadas con el programa permanente de prescripci\u00f3n para que las familias est\u00e9n al d\u00eda en su predial, por lo que invit\u00f3 a la ciudadan\u00eda a aprovechar los tr\u00e1mites y servicios que se ofrecen en el Domo de la Supermanzana 259 del fraccionamiento Villas Otoch Para\u00edso.<\/p>\n\n\n\n<p>\u201cEstamos atendiendo de manera puntual siempre a todos los cancunenses en diferentes tr\u00e1mites y servicios, hay much\u00edsima gente en Tesorer\u00eda, en la Direcci\u00f3n de Ingresos, esto por el programa de prescripci\u00f3n del predial, por ley se puede hacer la prescripci\u00f3n. Cuando haya deudos de m\u00e1s de 5 a\u00f1os, pagan \u00fanicamente los \u00faltimos 5 a\u00f1os\u201d, explic\u00f3 al ser entrevistada previo a iniciar la atenci\u00f3n personalizada con la ciudadan\u00eda.<\/p>\n\n\n\n<p>A su vez, dijo que se trata de un tr\u00e1mite personal, donde el propietario de la vivienda debe presentarse con los documentos que lo acrediten como tal para obtener este beneficio, sin importar que deba 20 a\u00f1os o m\u00e1s, ya que por ley solo pagar\u00e1 los \u00faltimos 5 a\u00f1os, con el objetivo de regularizar su predial. Adem\u00e1s, en los adeudos de cobranza de casos particulares, apoyan a las personas con asesor\u00eda legal.<\/p>\n\n\n\n<p>Posteriormente, acompa\u00f1ada del director del Instituto de la Cultura F\u00edsica y el Deporte, Alejandro Luna L\u00f3pez, entreg\u00f3 6 pares de guantes, 4 pares de manoplas y un costal al entrenador, Enrique Cort\u00e9s, de la Academia de Box \u201cPantera Boxing\u201d, para las y los j\u00f3venes que practican este deporte.<\/p>\n\n\n\n<figure class=\"wp-block-gallery has-nested-images columns-default is-cropped wp-block-gallery-2 is-layout-flex wp-block-gallery-is-layout-flex\">\n<figure class=\"wp-block-image size-large\"><img decoding=\"async\" width=\"682\" height=\"1024\" data-id=\"34134\" src=\"https:\/\/panoramaciudadano.com\/wp-content\/uploads\/2026\/04\/WhatsApp-Image-2026-04-24-at-6.55.46-AM-3-682x1024.jpeg\" alt=\"\" class=\"wp-image-34134\" srcset=\"https:\/\/panoramaciudadano.com\/wp-content\/uploads\/2026\/04\/WhatsApp-Image-2026-04-24-at-6.55.46-AM-3-682x1024.jpeg 682w, https:\/\/panoramaciudadano.com\/wp-content\/uploads\/2026\/04\/WhatsApp-Image-2026-04-24-at-6.55.46-AM-3-200x300.jpeg 200w, https:\/\/panoramaciudadano.com\/wp-content\/uploads\/2026\/04\/WhatsApp-Image-2026-04-24-at-6.55.46-AM-3-768x1152.jpeg 768w, https:\/\/panoramaciudadano.com\/wp-content\/uploads\/2026\/04\/WhatsApp-Image-2026-04-24-at-6.55.46-AM-3-1024x1536.jpeg 1024w, https:\/\/panoramaciudadano.com\/wp-content\/uploads\/2026\/04\/WhatsApp-Image-2026-04-24-at-6.55.46-AM-3-1365x2048.jpeg 1365w, https:\/\/panoramaciudadano.com\/wp-content\/uploads\/2026\/04\/WhatsApp-Image-2026-04-24-at-6.55.46-AM-3.jpeg 1706w\" sizes=\"(max-width: 682px) 100vw, 682px\" \/><\/figure>\n\n\n\n<figure class=\"wp-block-image size-large\"><img decoding=\"async\" width=\"655\" height=\"1024\" data-id=\"34135\" src=\"https:\/\/panoramaciudadano.com\/wp-content\/uploads\/2026\/04\/WhatsApp-Image-2026-04-24-at-6.55.46-AM-655x1024.jpeg\" alt=\"\" class=\"wp-image-34135\" srcset=\"https:\/\/panoramaciudadano.com\/wp-content\/uploads\/2026\/04\/WhatsApp-Image-2026-04-24-at-6.55.46-AM-655x1024.jpeg 655w, https:\/\/panoramaciudadano.com\/wp-content\/uploads\/2026\/04\/WhatsApp-Image-2026-04-24-at-6.55.46-AM-192x300.jpeg 192w, https:\/\/panoramaciudadano.com\/wp-content\/uploads\/2026\/04\/WhatsApp-Image-2026-04-24-at-6.55.46-AM-768x1201.jpeg 768w, https:\/\/panoramaciudadano.com\/wp-content\/uploads\/2026\/04\/WhatsApp-Image-2026-04-24-at-6.55.46-AM-982x1536.jpeg 982w, https:\/\/panoramaciudadano.com\/wp-content\/uploads\/2026\/04\/WhatsApp-Image-2026-04-24-at-6.55.46-AM-1310x2048.jpeg 1310w, https:\/\/panoramaciudadano.com\/wp-content\/uploads\/2026\/04\/WhatsApp-Image-2026-04-24-at-6.55.46-AM.jpeg 1637w\" sizes=\"(max-width: 655px) 100vw, 655px\" \/><\/figure>\n<\/figure>\n\n\n\n<p>En respuesta inmediata a sus peticiones, la Alcaldesa otorg\u00f3 7 actas de nacimiento a igual n\u00famero de beneficiarios, quienes ya cuentan con una identidad; adem\u00e1s, entreg\u00f3 de 4 sillas de ruedas a personas en situaci\u00f3n vulnerable, que requer\u00edan el apoyo.<\/p>\n\n\n\n<p>Durante la jornada, las y los ciudadanos aprovecharon los tr\u00e1mites otorgados por las dependencias municipales, estatales y federales que ofrecieron la gesti\u00f3n del tarjet\u00f3n para personas con movilidad reducida, descuentos en licencias de conducir, pagos del impuesto predial, copias certificadas en Registro Civil, orientaci\u00f3n m\u00e9dica, nutricional y psicol\u00f3gica; solicitud de antecedentes no registrales y registro al IMSS-Bienestar.<\/p>\n\n\n\n<p>Adem\u00e1s, acercaron servicios gratuitos como aplicaci\u00f3n de gelish, corte de cabello, planchado de cejas, rizado de pesta\u00f1as, bolsa de empleo, consulta veterinaria y desparasitaci\u00f3n canina y felina, y el programa alimentario del bienestar Tienda M\u00f3vil \u2013 Diconsa.<\/p>\n\n\n\n<hr class=\"wp-block-separator has-alpha-channel-opacity\"\/>\n","protected":false},"excerpt":{"rendered":"<p>En el marco de cabo la 40\u00aa edici\u00f3n de la jornada \u201cD\u00eda del Pueblo, Canc\u00fan Nos Une por la Transformaci\u00f3n\u201d y como parte del trabajo intenso que se realiza todos los d\u00edas para beneficiar a las familias cancunenses, la Presidenta Municipal, Ana Paty Peralta, destac\u00f3 que mil 350 personas han sido beneficiadas con el programa permanente de prescripci\u00f3n para que las familias est\u00e9n al d\u00eda en su predial, por lo que invit\u00f3 a la ciudadan\u00eda a aprovechar los tr\u00e1mites y servicios que se ofrecen en el Domo de la Supermanzana 259 del fraccionamiento Villas Otoch Para\u00edso.<\/p>\n","protected":false},"author":1,"featured_media":34133,"comment_status":"open","ping_status":"closed","sticky":false,"template":"","format":"standard","meta":{"footnotes":""},"categories":[6],"tags":[145],"class_list":["post-34127","post","type-post","status-publish","format-standard","has-post-thumbnail","hentry","category-cancun","tag-ana-paty-peralta"],"yoast_head":"<!-- This site is optimized with the Yoast SEO plugin v27.1.1 - https:\/\/yoast.com\/product\/yoast-seo-wordpress\/ -->\n<title>LLEVA ANA PATY PERALTA SERVICIOS Y DESCUENTOS A FAMILIAS DE LA SM 259 - Panorama Ciudadano<\/title>\n<meta name=\"robots\" content=\"index, follow, max-snippet:-1, max-image-preview:large, max-video-preview:-1\" \/>\n<link rel=\"canonical\" href=\"https:\/\/panoramaciudadano.com\/index.php\/2026\/04\/24\/lleva-ana-paty-peralta-servicios-y-descuentos-a-familias-de-la-sm-259\/\" \/>\n<meta property=\"og:locale\" content=\"es_ES\" \/>\n<meta property=\"og:type\" content=\"article\" \/>\n<meta property=\"og:title\" content=\"LLEVA ANA PATY PERALTA SERVICIOS Y DESCUENTOS A FAMILIAS DE LA SM 259 - Panorama Ciudadano\" \/>\n<meta property=\"og:description\" content=\"En el marco de cabo la 40\u00aa edici\u00f3n de la jornada \u201cD\u00eda del Pueblo, Canc\u00fan Nos Une por la Transformaci\u00f3n\u201d y como parte del trabajo intenso que se realiza todos los d\u00edas para beneficiar a las familias cancunenses, la Presidenta Municipal, Ana Paty Peralta, destac\u00f3 que mil 350 personas han sido beneficiadas con el programa permanente de prescripci\u00f3n para que las familias est\u00e9n al d\u00eda en su predial, por lo que invit\u00f3 a la ciudadan\u00eda a aprovechar los tr\u00e1mites y servicios que se ofrecen en el Domo de la Supermanzana 259 del fraccionamiento Villas Otoch Para\u00edso.\" \/>\n<meta property=\"og:url\" content=\"https:\/\/panoramaciudadano.com\/index.php\/2026\/04\/24\/lleva-ana-paty-peralta-servicios-y-descuentos-a-familias-de-la-sm-259\/\" \/>\n<meta property=\"og:site_name\" content=\"Panorama Ciudadano\" \/>\n<meta property=\"article:publisher\" content=\"https:\/\/www.facebook.com\/panoramaciudadano\" \/>\n<meta property=\"article:published_time\" content=\"2026-04-24T14:37:14+00:00\" \/>\n<meta property=\"article:modified_time\" content=\"2026-04-24T14:37:16+00:00\" \/>\n<meta property=\"og:image\" content=\"https:\/\/panoramaciudadano.com\/wp-content\/uploads\/2026\/04\/WhatsApp-Image-2026-04-24-at-6.55.46-AM-2.jpeg\" \/>\n\t<meta property=\"og:image:width\" content=\"2560\" \/>\n\t<meta property=\"og:image:height\" content=\"1800\" \/>\n\t<meta property=\"og:image:type\" content=\"image\/jpeg\" \/>\n<meta name=\"author\" content=\"admin\" \/>\n<meta name=\"twitter:card\" content=\"summary_large_image\" \/>\n<meta name=\"twitter:label1\" content=\"Escrito por\" \/>\n\t<meta name=\"twitter:data1\" content=\"admin\" \/>\n\t<meta name=\"twitter:label2\" content=\"Tiempo de lectura\" \/>\n\t<meta name=\"twitter:data2\" content=\"4 minutos\" \/>\n<script type=\"application\/ld+json\" class=\"yoast-schema-graph\">{\"@context\":\"https:\/\/schema.org\",\"@graph\":[{\"@type\":\"Article\",\"@id\":\"https:\/\/panoramaciudadano.com\/index.php\/2026\/04\/24\/lleva-ana-paty-peralta-servicios-y-descuentos-a-familias-de-la-sm-259\/#article\",\"isPartOf\":{\"@id\":\"https:\/\/panoramaciudadano.com\/index.php\/2026\/04\/24\/lleva-ana-paty-peralta-servicios-y-descuentos-a-familias-de-la-sm-259\/\"},\"author\":{\"name\":\"admin\",\"@id\":\"https:\/\/panoramaciudadano.com\/#\/schema\/person\/ffe9fe8ef47d3a93977b5761fd9e0d96\"},\"headline\":\"LLEVA ANA PATY PERALTA SERVICIOS Y DESCUENTOS A FAMILIAS DE LA SM 259\",\"datePublished\":\"2026-04-24T14:37:14+00:00\",\"dateModified\":\"2026-04-24T14:37:16+00:00\",\"mainEntityOfPage\":{\"@id\":\"https:\/\/panoramaciudadano.com\/index.php\/2026\/04\/24\/lleva-ana-paty-peralta-servicios-y-descuentos-a-familias-de-la-sm-259\/\"},\"wordCount\":465,\"commentCount\":0,\"publisher\":{\"@id\":\"https:\/\/panoramaciudadano.com\/#organization\"},\"image\":{\"@id\":\"https:\/\/panoramaciudadano.com\/index.php\/2026\/04\/24\/lleva-ana-paty-peralta-servicios-y-descuentos-a-familias-de-la-sm-259\/#primaryimage\"},\"thumbnailUrl\":\"https:\/\/panoramaciudadano.com\/wp-content\/uploads\/2026\/04\/WhatsApp-Image-2026-04-24-at-6.55.46-AM-2.jpeg\",\"keywords\":[\"Ana Paty Peralta\"],\"articleSection\":[\"Canc\u00fan\"],\"inLanguage\":\"es\",\"potentialAction\":[{\"@type\":\"CommentAction\",\"name\":\"Comment\",\"target\":[\"https:\/\/panoramaciudadano.com\/index.php\/2026\/04\/24\/lleva-ana-paty-peralta-servicios-y-descuentos-a-familias-de-la-sm-259\/#respond\"]}]},{\"@type\":\"WebPage\",\"@id\":\"https:\/\/panoramaciudadano.com\/index.php\/2026\/04\/24\/lleva-ana-paty-peralta-servicios-y-descuentos-a-familias-de-la-sm-259\/\",\"url\":\"https:\/\/panoramaciudadano.com\/index.php\/2026\/04\/24\/lleva-ana-paty-peralta-servicios-y-descuentos-a-familias-de-la-sm-259\/\",\"name\":\"LLEVA ANA PATY PERALTA SERVICIOS Y DESCUENTOS A FAMILIAS DE LA SM 259 - Panorama Ciudadano\",\"isPartOf\":{\"@id\":\"https:\/\/panoramaciudadano.com\/#website\"},\"primaryImageOfPage\":{\"@id\":\"https:\/\/panoramaciudadano.com\/index.php\/2026\/04\/24\/lleva-ana-paty-peralta-servicios-y-descuentos-a-familias-de-la-sm-259\/#primaryimage\"},\"image\":{\"@id\":\"https:\/\/panoramaciudadano.com\/index.php\/2026\/04\/24\/lleva-ana-paty-peralta-servicios-y-descuentos-a-familias-de-la-sm-259\/#primaryimage\"},\"thumbnailUrl\":\"https:\/\/panoramaciudadano.com\/wp-content\/uploads\/2026\/04\/WhatsApp-Image-2026-04-24-at-6.55.46-AM-2.jpeg\",\"datePublished\":\"2026-04-24T14:37:14+00:00\",\"dateModified\":\"2026-04-24T14:37:16+00:00\",\"breadcrumb\":{\"@id\":\"https:\/\/panoramaciudadano.com\/index.php\/2026\/04\/24\/lleva-ana-paty-peralta-servicios-y-descuentos-a-familias-de-la-sm-259\/#breadcrumb\"},\"inLanguage\":\"es\",\"potentialAction\":[{\"@type\":\"ReadAction\",\"target\":[\"https:\/\/panoramaciudadano.com\/index.php\/2026\/04\/24\/lleva-ana-paty-peralta-servicios-y-descuentos-a-familias-de-la-sm-259\/\"]}]},{\"@type\":\"ImageObject\",\"inLanguage\":\"es\",\"@id\":\"https:\/\/panoramaciudadano.com\/index.php\/2026\/04\/24\/lleva-ana-paty-peralta-servicios-y-descuentos-a-familias-de-la-sm-259\/#primaryimage\",\"url\":\"https:\/\/panoramaciudadano.com\/wp-content\/uploads\/2026\/04\/WhatsApp-Image-2026-04-24-at-6.55.46-AM-2.jpeg\",\"contentUrl\":\"https:\/\/panoramaciudadano.com\/wp-content\/uploads\/2026\/04\/WhatsApp-Image-2026-04-24-at-6.55.46-AM-2.jpeg\",\"width\":2560,\"height\":1800},{\"@type\":\"BreadcrumbList\",\"@id\":\"https:\/\/panoramaciudadano.com\/index.php\/2026\/04\/24\/lleva-ana-paty-peralta-servicios-y-descuentos-a-familias-de-la-sm-259\/#breadcrumb\",\"itemListElement\":[{\"@type\":\"ListItem\",\"position\":1,\"name\":\"Portada\",\"item\":\"https:\/\/panoramaciudadano.com\/\"},{\"@type\":\"ListItem\",\"position\":2,\"name\":\"LLEVA ANA PATY PERALTA SERVICIOS Y DESCUENTOS A FAMILIAS DE LA SM 259\"}]},{\"@type\":\"WebSite\",\"@id\":\"https:\/\/panoramaciudadano.com\/#website\",\"url\":\"https:\/\/panoramaciudadano.com\/\",\"name\":\"Panorama Ciudadano\",\"description\":\"\",\"publisher\":{\"@id\":\"https:\/\/panoramaciudadano.com\/#organization\"},\"potentialAction\":[{\"@type\":\"SearchAction\",\"target\":{\"@type\":\"EntryPoint\",\"urlTemplate\":\"https:\/\/panoramaciudadano.com\/?s={search_term_string}\"},\"query-input\":{\"@type\":\"PropertyValueSpecification\",\"valueRequired\":true,\"valueName\":\"search_term_string\"}}],\"inLanguage\":\"es\"},{\"@type\":\"Organization\",\"@id\":\"https:\/\/panoramaciudadano.com\/#organization\",\"name\":\"Panorama Ciudadano\",\"url\":\"https:\/\/panoramaciudadano.com\/\",\"logo\":{\"@type\":\"ImageObject\",\"inLanguage\":\"es\",\"@id\":\"https:\/\/panoramaciudadano.com\/#\/schema\/logo\/image\/\",\"url\":\"https:\/\/panoramaciudadano.com\/wp-content\/uploads\/2024\/05\/401498640_919267042938564_6290593609399108733_n.jpg\",\"contentUrl\":\"https:\/\/panoramaciudadano.com\/wp-content\/uploads\/2024\/05\/401498640_919267042938564_6290593609399108733_n.jpg\",\"width\":960,\"height\":957,\"caption\":\"Panorama Ciudadano\"},\"image\":{\"@id\":\"https:\/\/panoramaciudadano.com\/#\/schema\/logo\/image\/\"},\"sameAs\":[\"https:\/\/www.facebook.com\/panoramaciudadano\"]},{\"@type\":\"Person\",\"@id\":\"https:\/\/panoramaciudadano.com\/#\/schema\/person\/ffe9fe8ef47d3a93977b5761fd9e0d96\",\"name\":\"admin\",\"image\":{\"@type\":\"ImageObject\",\"inLanguage\":\"es\",\"@id\":\"https:\/\/panoramaciudadano.com\/#\/schema\/person\/image\/\",\"url\":\"https:\/\/secure.gravatar.com\/avatar\/2d5a12cacce3f18096f25fadea8abb7202fef18ed669595589853e84260ff451?s=96&d=mm&r=g\",\"contentUrl\":\"https:\/\/secure.gravatar.com\/avatar\/2d5a12cacce3f18096f25fadea8abb7202fef18ed669595589853e84260ff451?s=96&d=mm&r=g\",\"caption\":\"admin\"},\"sameAs\":[\"https:\/\/panoramaciudadano.com\"],\"url\":\"https:\/\/panoramaciudadano.com\/index.php\/author\/admin_3q6hyqq3\/\"}]}<\/script>\n<!-- \/ Yoast SEO plugin. -->","yoast_head_json":{"title":"LLEVA ANA PATY PERALTA SERVICIOS Y DESCUENTOS A FAMILIAS DE LA SM 259 - Panorama Ciudadano","robots":{"index":"index","follow":"follow","max-snippet":"max-snippet:-1","max-image-preview":"max-image-preview:large","max-video-preview":"max-video-preview:-1"},"canonical":"https:\/\/panoramaciudadano.com\/index.php\/2026\/04\/24\/lleva-ana-paty-peralta-servicios-y-descuentos-a-familias-de-la-sm-259\/","og_locale":"es_ES","og_type":"article","og_title":"LLEVA ANA PATY PERALTA SERVICIOS Y DESCUENTOS A FAMILIAS DE LA SM 259 - Panorama Ciudadano","og_description":"En el marco de cabo la 40\u00aa edici\u00f3n de la jornada \u201cD\u00eda del Pueblo, Canc\u00fan Nos Une por la Transformaci\u00f3n\u201d y como parte del trabajo intenso que se realiza todos los d\u00edas para beneficiar a las familias cancunenses, la Presidenta Municipal, Ana Paty Peralta, destac\u00f3 que mil 350 personas han sido beneficiadas con el programa permanente de prescripci\u00f3n para que las familias est\u00e9n al d\u00eda en su predial, por lo que invit\u00f3 a la ciudadan\u00eda a aprovechar los tr\u00e1mites y servicios que se ofrecen en el Domo de la Supermanzana 259 del fraccionamiento Villas Otoch Para\u00edso.","og_url":"https:\/\/panoramaciudadano.com\/index.php\/2026\/04\/24\/lleva-ana-paty-peralta-servicios-y-descuentos-a-familias-de-la-sm-259\/","og_site_name":"Panorama Ciudadano","article_publisher":"https:\/\/www.facebook.com\/panoramaciudadano","article_published_time":"2026-04-24T14:37:14+00:00","article_modified_time":"2026-04-24T14:37:16+00:00","og_image":[{"width":2560,"height":1800,"url":"https:\/\/panoramaciudadano.com\/wp-content\/uploads\/2026\/04\/WhatsApp-Image-2026-04-24-at-6.55.46-AM-2.jpeg","type":"image\/jpeg"}],"author":"admin","twitter_card":"summary_large_image","twitter_misc":{"Escrito por":"admin","Tiempo de lectura":"4 minutos"},"schema":{"@context":"https:\/\/schema.org","@graph":[{"@type":"Article","@id":"https:\/\/panoramaciudadano.com\/index.php\/2026\/04\/24\/lleva-ana-paty-peralta-servicios-y-descuentos-a-familias-de-la-sm-259\/#article","isPartOf":{"@id":"https:\/\/panoramaciudadano.com\/index.php\/2026\/04\/24\/lleva-ana-paty-peralta-servicios-y-descuentos-a-familias-de-la-sm-259\/"},"author":{"name":"admin","@id":"https:\/\/panoramaciudadano.com\/#\/schema\/person\/ffe9fe8ef47d3a93977b5761fd9e0d96"},"headline":"LLEVA ANA PATY PERALTA SERVICIOS Y DESCUENTOS A FAMILIAS DE LA SM 259","datePublished":"2026-04-24T14:37:14+00:00","dateModified":"2026-04-24T14:37:16+00:00","mainEntityOfPage":{"@id":"https:\/\/panoramaciudadano.com\/index.php\/2026\/04\/24\/lleva-ana-paty-peralta-servicios-y-descuentos-a-familias-de-la-sm-259\/"},"wordCount":465,"commentCount":0,"publisher":{"@id":"https:\/\/panoramaciudadano.com\/#organization"},"image":{"@id":"https:\/\/panoramaciudadano.com\/index.php\/2026\/04\/24\/lleva-ana-paty-peralta-servicios-y-descuentos-a-familias-de-la-sm-259\/#primaryimage"},"thumbnailUrl":"https:\/\/panoramaciudadano.com\/wp-content\/uploads\/2026\/04\/WhatsApp-Image-2026-04-24-at-6.55.46-AM-2.jpeg","keywords":["Ana Paty Peralta"],"articleSection":["Canc\u00fan"],"inLanguage":"es","potentialAction":[{"@type":"CommentAction","name":"Comment","target":["https:\/\/panoramaciudadano.com\/index.php\/2026\/04\/24\/lleva-ana-paty-peralta-servicios-y-descuentos-a-familias-de-la-sm-259\/#respond"]}]},{"@type":"WebPage","@id":"https:\/\/panoramaciudadano.com\/index.php\/2026\/04\/24\/lleva-ana-paty-peralta-servicios-y-descuentos-a-familias-de-la-sm-259\/","url":"https:\/\/panoramaciudadano.com\/index.php\/2026\/04\/24\/lleva-ana-paty-peralta-servicios-y-descuentos-a-familias-de-la-sm-259\/","name":"LLEVA ANA PATY PERALTA SERVICIOS Y DESCUENTOS A FAMILIAS DE LA SM 259 - Panorama Ciudadano","isPartOf":{"@id":"https:\/\/panoramaciudadano.com\/#website"},"primaryImageOfPage":{"@id":"https:\/\/panoramaciudadano.com\/index.php\/2026\/04\/24\/lleva-ana-paty-peralta-servicios-y-descuentos-a-familias-de-la-sm-259\/#primaryimage"},"image":{"@id":"https:\/\/panoramaciudadano.com\/index.php\/2026\/04\/24\/lleva-ana-paty-peralta-servicios-y-descuentos-a-familias-de-la-sm-259\/#primaryimage"},"thumbnailUrl":"https:\/\/panoramaciudadano.com\/wp-content\/uploads\/2026\/04\/WhatsApp-Image-2026-04-24-at-6.55.46-AM-2.jpeg","datePublished":"2026-04-24T14:37:14+00:00","dateModified":"2026-04-24T14:37:16+00:00","breadcrumb":{"@id":"https:\/\/panoramaciudadano.com\/index.php\/2026\/04\/24\/lleva-ana-paty-peralta-servicios-y-descuentos-a-familias-de-la-sm-259\/#breadcrumb"},"inLanguage":"es","potentialAction":[{"@type":"ReadAction","target":["https:\/\/panoramaciudadano.com\/index.php\/2026\/04\/24\/lleva-ana-paty-peralta-servicios-y-descuentos-a-familias-de-la-sm-259\/"]}]},{"@type":"ImageObject","inLanguage":"es","@id":"https:\/\/panoramaciudadano.com\/index.php\/2026\/04\/24\/lleva-ana-paty-peralta-servicios-y-descuentos-a-familias-de-la-sm-259\/#primaryimage","url":"https:\/\/panoramaciudadano.com\/wp-content\/uploads\/2026\/04\/WhatsApp-Image-2026-04-24-at-6.55.46-AM-2.jpeg","contentUrl":"https:\/\/panoramaciudadano.com\/wp-content\/uploads\/2026\/04\/WhatsApp-Image-2026-04-24-at-6.55.46-AM-2.jpeg","width":2560,"height":1800},{"@type":"BreadcrumbList","@id":"https:\/\/panoramaciudadano.com\/index.php\/2026\/04\/24\/lleva-ana-paty-peralta-servicios-y-descuentos-a-familias-de-la-sm-259\/#breadcrumb","itemListElement":[{"@type":"ListItem","position":1,"name":"Portada","item":"https:\/\/panoramaciudadano.com\/"},{"@type":"ListItem","position":2,"name":"LLEVA ANA PATY PERALTA SERVICIOS Y DESCUENTOS A FAMILIAS DE LA SM 259"}]},{"@type":"WebSite","@id":"https:\/\/panoramaciudadano.com\/#website","url":"https:\/\/panoramaciudadano.com\/","name":"Panorama Ciudadano","description":"","publisher":{"@id":"https:\/\/panoramaciudadano.com\/#organization"},"potentialAction":[{"@type":"SearchAction","target":{"@type":"EntryPoint","urlTemplate":"https:\/\/panoramaciudadano.com\/?s={search_term_string}"},"query-input":{"@type":"PropertyValueSpecification","valueRequired":true,"valueName":"search_term_string"}}],"inLanguage":"es"},{"@type":"Organization","@id":"https:\/\/panoramaciudadano.com\/#organization","name":"Panorama Ciudadano","url":"https:\/\/panoramaciudadano.com\/","logo":{"@type":"ImageObject","inLanguage":"es","@id":"https:\/\/panoramaciudadano.com\/#\/schema\/logo\/image\/","url":"https:\/\/panoramaciudadano.com\/wp-content\/uploads\/2024\/05\/401498640_919267042938564_6290593609399108733_n.jpg","contentUrl":"https:\/\/panoramaciudadano.com\/wp-content\/uploads\/2024\/05\/401498640_919267042938564_6290593609399108733_n.jpg","width":960,"height":957,"caption":"Panorama Ciudadano"},"image":{"@id":"https:\/\/panoramaciudadano.com\/#\/schema\/logo\/image\/"},"sameAs":["https:\/\/www.facebook.com\/panoramaciudadano"]},{"@type":"Person","@id":"https:\/\/panoramaciudadano.com\/#\/schema\/person\/ffe9fe8ef47d3a93977b5761fd9e0d96","name":"admin","image":{"@type":"ImageObject","inLanguage":"es","@id":"https:\/\/panoramaciudadano.com\/#\/schema\/person\/image\/","url":"https:\/\/secure.gravatar.com\/avatar\/2d5a12cacce3f18096f25fadea8abb7202fef18ed669595589853e84260ff451?s=96&d=mm&r=g","contentUrl":"https:\/\/secure.gravatar.com\/avatar\/2d5a12cacce3f18096f25fadea8abb7202fef18ed669595589853e84260ff451?s=96&d=mm&r=g","caption":"admin"},"sameAs":["https:\/\/panoramaciudadano.com"],"url":"https:\/\/panoramaciudadano.com\/index.php\/author\/admin_3q6hyqq3\/"}]}},"_links":{"self":[{"href":"https:\/\/panoramaciudadano.com\/index.php\/wp-json\/wp\/v2\/posts\/34127","targetHints":{"allow":["GET"]}}],"collection":[{"href":"https:\/\/panoramaciudadano.com\/index.php\/wp-json\/wp\/v2\/posts"}],"about":[{"href":"https:\/\/panoramaciudadano.com\/index.php\/wp-json\/wp\/v2\/types\/post"}],"author":[{"embeddable":true,"href":"https:\/\/panoramaciudadano.com\/index.php\/wp-json\/wp\/v2\/users\/1"}],"replies":[{"embeddable":true,"href":"https:\/\/panoramaciudadano.com\/index.php\/wp-json\/wp\/v2\/comments?post=34127"}],"version-history":[{"count":1,"href":"https:\/\/panoramaciudadano.com\/index.php\/wp-json\/wp\/v2\/posts\/34127\/revisions"}],"predecessor-version":[{"id":34136,"href":"https:\/\/panoramaciudadano.com\/index.php\/wp-json\/wp\/v2\/posts\/34127\/revisions\/34136"}],"wp:featuredmedia":[{"embeddable":true,"href":"https:\/\/panoramaciudadano.com\/index.php\/wp-json\/wp\/v2\/media\/34133"}],"wp:attachment":[{"href":"https:\/\/panoramaciudadano.com\/index.php\/wp-json\/wp\/v2\/media?parent=34127"}],"wp:term":[{"taxonomy":"category","embeddable":true,"href":"https:\/\/panoramaciudadano.com\/index.php\/wp-json\/wp\/v2\/categories?post=34127"},{"taxonomy":"post_tag","embeddable":true,"href":"https:\/\/panoramaciudadano.com\/index.php\/wp-json\/wp\/v2\/tags?post=34127"}],"curies":[{"name":"wp","href":"https:\/\/api.w.org\/{rel}","templated":true}]}}