{"id":34161,"date":"2026-04-24T11:37:02","date_gmt":"2026-04-24T16:37:02","guid":{"rendered":"https:\/\/panoramaciudadano.com\/?p=34161"},"modified":"2026-04-24T11:37:07","modified_gmt":"2026-04-24T16:37:07","slug":"celebra-dif-benito-juarez-4to-desayuno-del-sombrero-para-damas-2026","status":"publish","type":"post","link":"https:\/\/panoramaciudadano.com\/index.php\/2026\/04\/24\/celebra-dif-benito-juarez-4to-desayuno-del-sombrero-para-damas-2026\/","title":{"rendered":"CELEBRA DIF BENITO JU\u00c1REZ \u00ab4TO DESAYUNO DEL SOMBRERO PARA DAMAS 2026\u00bb"},"content":{"rendered":"\n<figure class=\"wp-block-gallery has-nested-images columns-default is-cropped wp-block-gallery-1 is-layout-flex wp-block-gallery-is-layout-flex\">\n<figure class=\"wp-block-image size-large\"><img decoding=\"async\" width=\"1024\" height=\"682\" data-id=\"34166\" src=\"https:\/\/panoramaciudadano.com\/wp-content\/uploads\/2026\/04\/WhatsApp-Image-2026-04-24-at-7.49.32-AM-1-1024x682.jpeg\" alt=\"\" class=\"wp-image-34166\" srcset=\"https:\/\/panoramaciudadano.com\/wp-content\/uploads\/2026\/04\/WhatsApp-Image-2026-04-24-at-7.49.32-AM-1-1024x682.jpeg 1024w, https:\/\/panoramaciudadano.com\/wp-content\/uploads\/2026\/04\/WhatsApp-Image-2026-04-24-at-7.49.32-AM-1-300x200.jpeg 300w, https:\/\/panoramaciudadano.com\/wp-content\/uploads\/2026\/04\/WhatsApp-Image-2026-04-24-at-7.49.32-AM-1-768x512.jpeg 768w, https:\/\/panoramaciudadano.com\/wp-content\/uploads\/2026\/04\/WhatsApp-Image-2026-04-24-at-7.49.32-AM-1.jpeg 1280w\" sizes=\"(max-width: 1024px) 100vw, 1024px\" \/><\/figure>\n\n\n\n<figure class=\"wp-block-image size-large\"><img decoding=\"async\" width=\"1024\" height=\"682\" data-id=\"34165\" src=\"https:\/\/panoramaciudadano.com\/wp-content\/uploads\/2026\/04\/WhatsApp-Image-2026-04-24-at-7.49.32-AM-2-1024x682.jpeg\" alt=\"\" class=\"wp-image-34165\" srcset=\"https:\/\/panoramaciudadano.com\/wp-content\/uploads\/2026\/04\/WhatsApp-Image-2026-04-24-at-7.49.32-AM-2-1024x682.jpeg 1024w, https:\/\/panoramaciudadano.com\/wp-content\/uploads\/2026\/04\/WhatsApp-Image-2026-04-24-at-7.49.32-AM-2-300x200.jpeg 300w, https:\/\/panoramaciudadano.com\/wp-content\/uploads\/2026\/04\/WhatsApp-Image-2026-04-24-at-7.49.32-AM-2-768x512.jpeg 768w, https:\/\/panoramaciudadano.com\/wp-content\/uploads\/2026\/04\/WhatsApp-Image-2026-04-24-at-7.49.32-AM-2.jpeg 1280w\" sizes=\"(max-width: 1024px) 100vw, 1024px\" \/><\/figure>\n\n\n\n<figure class=\"wp-block-image size-large\"><img decoding=\"async\" width=\"1024\" height=\"682\" data-id=\"34163\" src=\"https:\/\/panoramaciudadano.com\/wp-content\/uploads\/2026\/04\/WhatsApp-Image-2026-04-24-at-7.49.32-AM-3-1024x682.jpeg\" alt=\"\" class=\"wp-image-34163\" srcset=\"https:\/\/panoramaciudadano.com\/wp-content\/uploads\/2026\/04\/WhatsApp-Image-2026-04-24-at-7.49.32-AM-3-1024x682.jpeg 1024w, https:\/\/panoramaciudadano.com\/wp-content\/uploads\/2026\/04\/WhatsApp-Image-2026-04-24-at-7.49.32-AM-3-300x200.jpeg 300w, https:\/\/panoramaciudadano.com\/wp-content\/uploads\/2026\/04\/WhatsApp-Image-2026-04-24-at-7.49.32-AM-3-768x512.jpeg 768w, https:\/\/panoramaciudadano.com\/wp-content\/uploads\/2026\/04\/WhatsApp-Image-2026-04-24-at-7.49.32-AM-3.jpeg 1280w\" sizes=\"(max-width: 1024px) 100vw, 1024px\" \/><\/figure>\n\n\n\n<figure class=\"wp-block-image size-large\"><img decoding=\"async\" width=\"1024\" height=\"682\" data-id=\"34167\" src=\"https:\/\/panoramaciudadano.com\/wp-content\/uploads\/2026\/04\/WhatsApp-Image-2026-04-24-at-7.49.32-AM-4-1024x682.jpeg\" alt=\"\" class=\"wp-image-34167\" srcset=\"https:\/\/panoramaciudadano.com\/wp-content\/uploads\/2026\/04\/WhatsApp-Image-2026-04-24-at-7.49.32-AM-4-1024x682.jpeg 1024w, https:\/\/panoramaciudadano.com\/wp-content\/uploads\/2026\/04\/WhatsApp-Image-2026-04-24-at-7.49.32-AM-4-300x200.jpeg 300w, https:\/\/panoramaciudadano.com\/wp-content\/uploads\/2026\/04\/WhatsApp-Image-2026-04-24-at-7.49.32-AM-4-768x512.jpeg 768w, https:\/\/panoramaciudadano.com\/wp-content\/uploads\/2026\/04\/WhatsApp-Image-2026-04-24-at-7.49.32-AM-4.jpeg 1280w\" sizes=\"(max-width: 1024px) 100vw, 1024px\" \/><\/figure>\n\n\n\n<figure class=\"wp-block-image size-large\"><img decoding=\"async\" width=\"1024\" height=\"682\" data-id=\"34164\" src=\"https:\/\/panoramaciudadano.com\/wp-content\/uploads\/2026\/04\/WhatsApp-Image-2026-04-24-at-7.49.32-AM-1024x682.jpeg\" alt=\"\" class=\"wp-image-34164\" srcset=\"https:\/\/panoramaciudadano.com\/wp-content\/uploads\/2026\/04\/WhatsApp-Image-2026-04-24-at-7.49.32-AM-1024x682.jpeg 1024w, https:\/\/panoramaciudadano.com\/wp-content\/uploads\/2026\/04\/WhatsApp-Image-2026-04-24-at-7.49.32-AM-300x200.jpeg 300w, https:\/\/panoramaciudadano.com\/wp-content\/uploads\/2026\/04\/WhatsApp-Image-2026-04-24-at-7.49.32-AM-768x512.jpeg 768w, https:\/\/panoramaciudadano.com\/wp-content\/uploads\/2026\/04\/WhatsApp-Image-2026-04-24-at-7.49.32-AM.jpeg 1280w\" sizes=\"(max-width: 1024px) 100vw, 1024px\" \/><\/figure>\n<\/figure>\n\n\n\n<p>En un ambiente de alegr\u00eda, empat\u00eda y compromiso social, el Sistema DIF Benito Ju\u00e1rez llev\u00f3 a cabo el \u201cDesayuno del Sombrero para Damas 2026\u201d, un encuentro que, adem\u00e1s de reconocer la creatividad de las participantes, reafirm\u00f3 la solidaridad de las damas voluntarias en favor de la poblaci\u00f3n en situaci\u00f3n prioritaria.<\/p>\n\n\n\n<p>En representaci\u00f3n de la Presidenta Municipal, Ana Paty Peralta, la directora general del Sistema DIF Benito Ju\u00e1rez, Marisol Sendo Rodr\u00edguez, destac\u00f3 que con este desayuno, en su cuarta edici\u00f3n, \u201cno solo celebramos la creatividad, celebramos la voluntad de ayudar, de compartir y de transformar vidas a trav\u00e9s de peque\u00f1os grandes actos de generosidad\u201d, expres\u00f3.<\/p>\n\n\n\n<p>Junto a la Presidenta del Sistema DIF Quintana Roo, Ver\u00f3nica Lezama Espinosa, a quien reconoci\u00f3 su respaldo constante para fortalecer acciones en favor de las familias quintanarroenses, premi\u00f3 a las ganadoras del tradicional concurso de sombreros, reconociendo el talento, la originalidad y el entusiasmo.<\/p>\n\n\n\n<p>El primer lugar en la categor\u00eda grupal fue para \u201cLas Flamingas\u201d, mientras que en la categor\u00eda individual el reconocimiento fue para \u201cLuces de Esperanza\u201d. Tambi\u00e9n premi\u00f3 a \u201cPastel de bodas\u201d y \u201cSombrera Loca\u201d, quienes obtuvieron el segundo y tercer lugar, respectivamente, llenando el evento de color, creatividad y entusiasmo.<\/p>\n\n\n\n<p>Al recibir un donativo de 200 mil pesos por parte de la representante de \u201cGrupo Rosa Negra\u201d, Ver\u00f3nica Escalante Rodr\u00edguez, sostuvo que este recurso ser\u00e1 destinado a fortalecer los programas sociales del DIF, como el fortalecimiento del DIF Pilares de la supermanzana 227, impactando directamente en la calidad de vida de los benitojuarenses.<\/p>\n\n\n\n<p>\u201cQuiero agradecer de manera especial a la sra, Ver\u00f3nica Escalante, representante de Grupo Rosa Negra, su respaldo altruista, destacando que su contribuci\u00f3n va m\u00e1s all\u00e1 de un evento, al convertirse en una oportunidad para brindar esperanza a quienes m\u00e1s lo requieren\u201d, enfatiz\u00f3.<\/p>\n\n\n\n<p>La Directora General expres\u00f3 asimismo su gratitud a las damas voluntarias, participantes y sociedad civil, subrayando que cada esfuerzo suma para construir una comunidad m\u00e1s solidaria: \u201cGracias por demostrar que cuando nos unimos con un prop\u00f3sito, podemos generar un impacto positivo y duradero en la vida de muchas personas\u201d.<\/p>\n\n\n\n<p>Finalmente, reiter\u00f3 que el DIF Benito Ju\u00e1rez continuar\u00e1 trabajando de la mano con el DIF estatal, el Ayuntamiento y la sociedad civil organizada, para seguir impulsando acciones que fortalezcan el bienestar de las familias.<br>Cabe destacar que este tradicional desayuno fue retomado en 2023, consolid\u00e1ndose como un evento con causa. Durante cuatro a\u00f1os consecutivos, \u201cGrupo Rosa Negra\u201d a trav\u00e9s de su representante Ver\u00f3nica Escalante Rodr\u00edguez, ha donado el espacio del restaurante \u201cTaboo\u201d, gesto que fue reconocido por su valiosa labor altruista.<\/p>\n\n\n\n<hr class=\"wp-block-separator has-alpha-channel-opacity\"\/>\n","protected":false},"excerpt":{"rendered":"<p>En un ambiente de alegr\u00eda, empat\u00eda y compromiso social, el Sistema DIF Benito Ju\u00e1rez llev\u00f3 a cabo el \u201cDesayuno del Sombrero para Damas 2026\u201d, un encuentro que, adem\u00e1s de reconocer la creatividad de las participantes, reafirm\u00f3 la solidaridad de las damas voluntarias en favor de la poblaci\u00f3n en situaci\u00f3n prioritaria.<\/p>\n","protected":false},"author":1,"featured_media":34167,"comment_status":"open","ping_status":"closed","sticky":false,"template":"","format":"standard","meta":{"footnotes":""},"categories":[6],"tags":[145],"class_list":["post-34161","post","type-post","status-publish","format-standard","has-post-thumbnail","hentry","category-cancun","tag-ana-paty-peralta"],"yoast_head":"<!-- This site is optimized with the Yoast SEO plugin v27.1.1 - https:\/\/yoast.com\/product\/yoast-seo-wordpress\/ -->\n<title>CELEBRA DIF BENITO JU\u00c1REZ &quot;4TO DESAYUNO DEL SOMBRERO PARA DAMAS 2026&quot; - Panorama Ciudadano<\/title>\n<meta name=\"robots\" content=\"index, follow, max-snippet:-1, max-image-preview:large, max-video-preview:-1\" \/>\n<link rel=\"canonical\" href=\"https:\/\/panoramaciudadano.com\/index.php\/2026\/04\/24\/celebra-dif-benito-juarez-4to-desayuno-del-sombrero-para-damas-2026\/\" \/>\n<meta property=\"og:locale\" content=\"es_ES\" \/>\n<meta property=\"og:type\" content=\"article\" \/>\n<meta property=\"og:title\" content=\"CELEBRA DIF BENITO JU\u00c1REZ &quot;4TO DESAYUNO DEL SOMBRERO PARA DAMAS 2026&quot; - Panorama Ciudadano\" \/>\n<meta property=\"og:description\" content=\"En un ambiente de alegr\u00eda, empat\u00eda y compromiso social, el Sistema DIF Benito Ju\u00e1rez llev\u00f3 a cabo el \u201cDesayuno del Sombrero para Damas 2026\u201d, un encuentro que, adem\u00e1s de reconocer la creatividad de las participantes, reafirm\u00f3 la solidaridad de las damas voluntarias en favor de la poblaci\u00f3n en situaci\u00f3n prioritaria.\" \/>\n<meta property=\"og:url\" content=\"https:\/\/panoramaciudadano.com\/index.php\/2026\/04\/24\/celebra-dif-benito-juarez-4to-desayuno-del-sombrero-para-damas-2026\/\" \/>\n<meta property=\"og:site_name\" content=\"Panorama Ciudadano\" \/>\n<meta property=\"article:publisher\" content=\"https:\/\/www.facebook.com\/panoramaciudadano\" \/>\n<meta property=\"article:published_time\" content=\"2026-04-24T16:37:02+00:00\" \/>\n<meta property=\"article:modified_time\" content=\"2026-04-24T16:37:07+00:00\" \/>\n<meta property=\"og:image\" content=\"https:\/\/panoramaciudadano.com\/wp-content\/uploads\/2026\/04\/WhatsApp-Image-2026-04-24-at-7.49.32-AM-4.jpeg\" \/>\n\t<meta property=\"og:image:width\" content=\"1280\" \/>\n\t<meta property=\"og:image:height\" content=\"853\" \/>\n\t<meta property=\"og:image:type\" content=\"image\/jpeg\" \/>\n<meta name=\"author\" content=\"admin\" \/>\n<meta name=\"twitter:card\" content=\"summary_large_image\" \/>\n<meta name=\"twitter:label1\" content=\"Escrito por\" \/>\n\t<meta name=\"twitter:data1\" content=\"admin\" \/>\n\t<meta name=\"twitter:label2\" content=\"Tiempo de lectura\" \/>\n\t<meta name=\"twitter:data2\" content=\"4 minutos\" \/>\n<script type=\"application\/ld+json\" class=\"yoast-schema-graph\">{\"@context\":\"https:\/\/schema.org\",\"@graph\":[{\"@type\":\"Article\",\"@id\":\"https:\/\/panoramaciudadano.com\/index.php\/2026\/04\/24\/celebra-dif-benito-juarez-4to-desayuno-del-sombrero-para-damas-2026\/#article\",\"isPartOf\":{\"@id\":\"https:\/\/panoramaciudadano.com\/index.php\/2026\/04\/24\/celebra-dif-benito-juarez-4to-desayuno-del-sombrero-para-damas-2026\/\"},\"author\":{\"name\":\"admin\",\"@id\":\"https:\/\/panoramaciudadano.com\/#\/schema\/person\/ffe9fe8ef47d3a93977b5761fd9e0d96\"},\"headline\":\"CELEBRA DIF BENITO JU\u00c1REZ \u00ab4TO DESAYUNO DEL SOMBRERO PARA DAMAS 2026\u00bb\",\"datePublished\":\"2026-04-24T16:37:02+00:00\",\"dateModified\":\"2026-04-24T16:37:07+00:00\",\"mainEntityOfPage\":{\"@id\":\"https:\/\/panoramaciudadano.com\/index.php\/2026\/04\/24\/celebra-dif-benito-juarez-4to-desayuno-del-sombrero-para-damas-2026\/\"},\"wordCount\":459,\"commentCount\":0,\"publisher\":{\"@id\":\"https:\/\/panoramaciudadano.com\/#organization\"},\"image\":{\"@id\":\"https:\/\/panoramaciudadano.com\/index.php\/2026\/04\/24\/celebra-dif-benito-juarez-4to-desayuno-del-sombrero-para-damas-2026\/#primaryimage\"},\"thumbnailUrl\":\"https:\/\/panoramaciudadano.com\/wp-content\/uploads\/2026\/04\/WhatsApp-Image-2026-04-24-at-7.49.32-AM-4.jpeg\",\"keywords\":[\"Ana Paty Peralta\"],\"articleSection\":[\"Canc\u00fan\"],\"inLanguage\":\"es\",\"potentialAction\":[{\"@type\":\"CommentAction\",\"name\":\"Comment\",\"target\":[\"https:\/\/panoramaciudadano.com\/index.php\/2026\/04\/24\/celebra-dif-benito-juarez-4to-desayuno-del-sombrero-para-damas-2026\/#respond\"]}]},{\"@type\":\"WebPage\",\"@id\":\"https:\/\/panoramaciudadano.com\/index.php\/2026\/04\/24\/celebra-dif-benito-juarez-4to-desayuno-del-sombrero-para-damas-2026\/\",\"url\":\"https:\/\/panoramaciudadano.com\/index.php\/2026\/04\/24\/celebra-dif-benito-juarez-4to-desayuno-del-sombrero-para-damas-2026\/\",\"name\":\"CELEBRA DIF BENITO JU\u00c1REZ \\\"4TO DESAYUNO DEL SOMBRERO PARA DAMAS 2026\\\" - Panorama Ciudadano\",\"isPartOf\":{\"@id\":\"https:\/\/panoramaciudadano.com\/#website\"},\"primaryImageOfPage\":{\"@id\":\"https:\/\/panoramaciudadano.com\/index.php\/2026\/04\/24\/celebra-dif-benito-juarez-4to-desayuno-del-sombrero-para-damas-2026\/#primaryimage\"},\"image\":{\"@id\":\"https:\/\/panoramaciudadano.com\/index.php\/2026\/04\/24\/celebra-dif-benito-juarez-4to-desayuno-del-sombrero-para-damas-2026\/#primaryimage\"},\"thumbnailUrl\":\"https:\/\/panoramaciudadano.com\/wp-content\/uploads\/2026\/04\/WhatsApp-Image-2026-04-24-at-7.49.32-AM-4.jpeg\",\"datePublished\":\"2026-04-24T16:37:02+00:00\",\"dateModified\":\"2026-04-24T16:37:07+00:00\",\"breadcrumb\":{\"@id\":\"https:\/\/panoramaciudadano.com\/index.php\/2026\/04\/24\/celebra-dif-benito-juarez-4to-desayuno-del-sombrero-para-damas-2026\/#breadcrumb\"},\"inLanguage\":\"es\",\"potentialAction\":[{\"@type\":\"ReadAction\",\"target\":[\"https:\/\/panoramaciudadano.com\/index.php\/2026\/04\/24\/celebra-dif-benito-juarez-4to-desayuno-del-sombrero-para-damas-2026\/\"]}]},{\"@type\":\"ImageObject\",\"inLanguage\":\"es\",\"@id\":\"https:\/\/panoramaciudadano.com\/index.php\/2026\/04\/24\/celebra-dif-benito-juarez-4to-desayuno-del-sombrero-para-damas-2026\/#primaryimage\",\"url\":\"https:\/\/panoramaciudadano.com\/wp-content\/uploads\/2026\/04\/WhatsApp-Image-2026-04-24-at-7.49.32-AM-4.jpeg\",\"contentUrl\":\"https:\/\/panoramaciudadano.com\/wp-content\/uploads\/2026\/04\/WhatsApp-Image-2026-04-24-at-7.49.32-AM-4.jpeg\",\"width\":1280,\"height\":853},{\"@type\":\"BreadcrumbList\",\"@id\":\"https:\/\/panoramaciudadano.com\/index.php\/2026\/04\/24\/celebra-dif-benito-juarez-4to-desayuno-del-sombrero-para-damas-2026\/#breadcrumb\",\"itemListElement\":[{\"@type\":\"ListItem\",\"position\":1,\"name\":\"Portada\",\"item\":\"https:\/\/panoramaciudadano.com\/\"},{\"@type\":\"ListItem\",\"position\":2,\"name\":\"CELEBRA DIF BENITO JU\u00c1REZ \u00ab4TO DESAYUNO DEL SOMBRERO PARA DAMAS 2026\u00bb\"}]},{\"@type\":\"WebSite\",\"@id\":\"https:\/\/panoramaciudadano.com\/#website\",\"url\":\"https:\/\/panoramaciudadano.com\/\",\"name\":\"Panorama Ciudadano\",\"description\":\"\",\"publisher\":{\"@id\":\"https:\/\/panoramaciudadano.com\/#organization\"},\"potentialAction\":[{\"@type\":\"SearchAction\",\"target\":{\"@type\":\"EntryPoint\",\"urlTemplate\":\"https:\/\/panoramaciudadano.com\/?s={search_term_string}\"},\"query-input\":{\"@type\":\"PropertyValueSpecification\",\"valueRequired\":true,\"valueName\":\"search_term_string\"}}],\"inLanguage\":\"es\"},{\"@type\":\"Organization\",\"@id\":\"https:\/\/panoramaciudadano.com\/#organization\",\"name\":\"Panorama Ciudadano\",\"url\":\"https:\/\/panoramaciudadano.com\/\",\"logo\":{\"@type\":\"ImageObject\",\"inLanguage\":\"es\",\"@id\":\"https:\/\/panoramaciudadano.com\/#\/schema\/logo\/image\/\",\"url\":\"https:\/\/panoramaciudadano.com\/wp-content\/uploads\/2024\/05\/401498640_919267042938564_6290593609399108733_n.jpg\",\"contentUrl\":\"https:\/\/panoramaciudadano.com\/wp-content\/uploads\/2024\/05\/401498640_919267042938564_6290593609399108733_n.jpg\",\"width\":960,\"height\":957,\"caption\":\"Panorama Ciudadano\"},\"image\":{\"@id\":\"https:\/\/panoramaciudadano.com\/#\/schema\/logo\/image\/\"},\"sameAs\":[\"https:\/\/www.facebook.com\/panoramaciudadano\"]},{\"@type\":\"Person\",\"@id\":\"https:\/\/panoramaciudadano.com\/#\/schema\/person\/ffe9fe8ef47d3a93977b5761fd9e0d96\",\"name\":\"admin\",\"image\":{\"@type\":\"ImageObject\",\"inLanguage\":\"es\",\"@id\":\"https:\/\/panoramaciudadano.com\/#\/schema\/person\/image\/\",\"url\":\"https:\/\/secure.gravatar.com\/avatar\/2d5a12cacce3f18096f25fadea8abb7202fef18ed669595589853e84260ff451?s=96&d=mm&r=g\",\"contentUrl\":\"https:\/\/secure.gravatar.com\/avatar\/2d5a12cacce3f18096f25fadea8abb7202fef18ed669595589853e84260ff451?s=96&d=mm&r=g\",\"caption\":\"admin\"},\"sameAs\":[\"https:\/\/panoramaciudadano.com\"],\"url\":\"https:\/\/panoramaciudadano.com\/index.php\/author\/admin_3q6hyqq3\/\"}]}<\/script>\n<!-- \/ Yoast SEO plugin. -->","yoast_head_json":{"title":"CELEBRA DIF BENITO JU\u00c1REZ \"4TO DESAYUNO DEL SOMBRERO PARA DAMAS 2026\" - Panorama Ciudadano","robots":{"index":"index","follow":"follow","max-snippet":"max-snippet:-1","max-image-preview":"max-image-preview:large","max-video-preview":"max-video-preview:-1"},"canonical":"https:\/\/panoramaciudadano.com\/index.php\/2026\/04\/24\/celebra-dif-benito-juarez-4to-desayuno-del-sombrero-para-damas-2026\/","og_locale":"es_ES","og_type":"article","og_title":"CELEBRA DIF BENITO JU\u00c1REZ \"4TO DESAYUNO DEL SOMBRERO PARA DAMAS 2026\" - Panorama Ciudadano","og_description":"En un ambiente de alegr\u00eda, empat\u00eda y compromiso social, el Sistema DIF Benito Ju\u00e1rez llev\u00f3 a cabo el \u201cDesayuno del Sombrero para Damas 2026\u201d, un encuentro que, adem\u00e1s de reconocer la creatividad de las participantes, reafirm\u00f3 la solidaridad de las damas voluntarias en favor de la poblaci\u00f3n en situaci\u00f3n prioritaria.","og_url":"https:\/\/panoramaciudadano.com\/index.php\/2026\/04\/24\/celebra-dif-benito-juarez-4to-desayuno-del-sombrero-para-damas-2026\/","og_site_name":"Panorama Ciudadano","article_publisher":"https:\/\/www.facebook.com\/panoramaciudadano","article_published_time":"2026-04-24T16:37:02+00:00","article_modified_time":"2026-04-24T16:37:07+00:00","og_image":[{"width":1280,"height":853,"url":"https:\/\/panoramaciudadano.com\/wp-content\/uploads\/2026\/04\/WhatsApp-Image-2026-04-24-at-7.49.32-AM-4.jpeg","type":"image\/jpeg"}],"author":"admin","twitter_card":"summary_large_image","twitter_misc":{"Escrito por":"admin","Tiempo de lectura":"4 minutos"},"schema":{"@context":"https:\/\/schema.org","@graph":[{"@type":"Article","@id":"https:\/\/panoramaciudadano.com\/index.php\/2026\/04\/24\/celebra-dif-benito-juarez-4to-desayuno-del-sombrero-para-damas-2026\/#article","isPartOf":{"@id":"https:\/\/panoramaciudadano.com\/index.php\/2026\/04\/24\/celebra-dif-benito-juarez-4to-desayuno-del-sombrero-para-damas-2026\/"},"author":{"name":"admin","@id":"https:\/\/panoramaciudadano.com\/#\/schema\/person\/ffe9fe8ef47d3a93977b5761fd9e0d96"},"headline":"CELEBRA DIF BENITO JU\u00c1REZ \u00ab4TO DESAYUNO DEL SOMBRERO PARA DAMAS 2026\u00bb","datePublished":"2026-04-24T16:37:02+00:00","dateModified":"2026-04-24T16:37:07+00:00","mainEntityOfPage":{"@id":"https:\/\/panoramaciudadano.com\/index.php\/2026\/04\/24\/celebra-dif-benito-juarez-4to-desayuno-del-sombrero-para-damas-2026\/"},"wordCount":459,"commentCount":0,"publisher":{"@id":"https:\/\/panoramaciudadano.com\/#organization"},"image":{"@id":"https:\/\/panoramaciudadano.com\/index.php\/2026\/04\/24\/celebra-dif-benito-juarez-4to-desayuno-del-sombrero-para-damas-2026\/#primaryimage"},"thumbnailUrl":"https:\/\/panoramaciudadano.com\/wp-content\/uploads\/2026\/04\/WhatsApp-Image-2026-04-24-at-7.49.32-AM-4.jpeg","keywords":["Ana Paty Peralta"],"articleSection":["Canc\u00fan"],"inLanguage":"es","potentialAction":[{"@type":"CommentAction","name":"Comment","target":["https:\/\/panoramaciudadano.com\/index.php\/2026\/04\/24\/celebra-dif-benito-juarez-4to-desayuno-del-sombrero-para-damas-2026\/#respond"]}]},{"@type":"WebPage","@id":"https:\/\/panoramaciudadano.com\/index.php\/2026\/04\/24\/celebra-dif-benito-juarez-4to-desayuno-del-sombrero-para-damas-2026\/","url":"https:\/\/panoramaciudadano.com\/index.php\/2026\/04\/24\/celebra-dif-benito-juarez-4to-desayuno-del-sombrero-para-damas-2026\/","name":"CELEBRA DIF BENITO JU\u00c1REZ \"4TO DESAYUNO DEL SOMBRERO PARA DAMAS 2026\" - Panorama Ciudadano","isPartOf":{"@id":"https:\/\/panoramaciudadano.com\/#website"},"primaryImageOfPage":{"@id":"https:\/\/panoramaciudadano.com\/index.php\/2026\/04\/24\/celebra-dif-benito-juarez-4to-desayuno-del-sombrero-para-damas-2026\/#primaryimage"},"image":{"@id":"https:\/\/panoramaciudadano.com\/index.php\/2026\/04\/24\/celebra-dif-benito-juarez-4to-desayuno-del-sombrero-para-damas-2026\/#primaryimage"},"thumbnailUrl":"https:\/\/panoramaciudadano.com\/wp-content\/uploads\/2026\/04\/WhatsApp-Image-2026-04-24-at-7.49.32-AM-4.jpeg","datePublished":"2026-04-24T16:37:02+00:00","dateModified":"2026-04-24T16:37:07+00:00","breadcrumb":{"@id":"https:\/\/panoramaciudadano.com\/index.php\/2026\/04\/24\/celebra-dif-benito-juarez-4to-desayuno-del-sombrero-para-damas-2026\/#breadcrumb"},"inLanguage":"es","potentialAction":[{"@type":"ReadAction","target":["https:\/\/panoramaciudadano.com\/index.php\/2026\/04\/24\/celebra-dif-benito-juarez-4to-desayuno-del-sombrero-para-damas-2026\/"]}]},{"@type":"ImageObject","inLanguage":"es","@id":"https:\/\/panoramaciudadano.com\/index.php\/2026\/04\/24\/celebra-dif-benito-juarez-4to-desayuno-del-sombrero-para-damas-2026\/#primaryimage","url":"https:\/\/panoramaciudadano.com\/wp-content\/uploads\/2026\/04\/WhatsApp-Image-2026-04-24-at-7.49.32-AM-4.jpeg","contentUrl":"https:\/\/panoramaciudadano.com\/wp-content\/uploads\/2026\/04\/WhatsApp-Image-2026-04-24-at-7.49.32-AM-4.jpeg","width":1280,"height":853},{"@type":"BreadcrumbList","@id":"https:\/\/panoramaciudadano.com\/index.php\/2026\/04\/24\/celebra-dif-benito-juarez-4to-desayuno-del-sombrero-para-damas-2026\/#breadcrumb","itemListElement":[{"@type":"ListItem","position":1,"name":"Portada","item":"https:\/\/panoramaciudadano.com\/"},{"@type":"ListItem","position":2,"name":"CELEBRA DIF BENITO JU\u00c1REZ \u00ab4TO DESAYUNO DEL SOMBRERO PARA DAMAS 2026\u00bb"}]},{"@type":"WebSite","@id":"https:\/\/panoramaciudadano.com\/#website","url":"https:\/\/panoramaciudadano.com\/","name":"Panorama Ciudadano","description":"","publisher":{"@id":"https:\/\/panoramaciudadano.com\/#organization"},"potentialAction":[{"@type":"SearchAction","target":{"@type":"EntryPoint","urlTemplate":"https:\/\/panoramaciudadano.com\/?s={search_term_string}"},"query-input":{"@type":"PropertyValueSpecification","valueRequired":true,"valueName":"search_term_string"}}],"inLanguage":"es"},{"@type":"Organization","@id":"https:\/\/panoramaciudadano.com\/#organization","name":"Panorama Ciudadano","url":"https:\/\/panoramaciudadano.com\/","logo":{"@type":"ImageObject","inLanguage":"es","@id":"https:\/\/panoramaciudadano.com\/#\/schema\/logo\/image\/","url":"https:\/\/panoramaciudadano.com\/wp-content\/uploads\/2024\/05\/401498640_919267042938564_6290593609399108733_n.jpg","contentUrl":"https:\/\/panoramaciudadano.com\/wp-content\/uploads\/2024\/05\/401498640_919267042938564_6290593609399108733_n.jpg","width":960,"height":957,"caption":"Panorama Ciudadano"},"image":{"@id":"https:\/\/panoramaciudadano.com\/#\/schema\/logo\/image\/"},"sameAs":["https:\/\/www.facebook.com\/panoramaciudadano"]},{"@type":"Person","@id":"https:\/\/panoramaciudadano.com\/#\/schema\/person\/ffe9fe8ef47d3a93977b5761fd9e0d96","name":"admin","image":{"@type":"ImageObject","inLanguage":"es","@id":"https:\/\/panoramaciudadano.com\/#\/schema\/person\/image\/","url":"https:\/\/secure.gravatar.com\/avatar\/2d5a12cacce3f18096f25fadea8abb7202fef18ed669595589853e84260ff451?s=96&d=mm&r=g","contentUrl":"https:\/\/secure.gravatar.com\/avatar\/2d5a12cacce3f18096f25fadea8abb7202fef18ed669595589853e84260ff451?s=96&d=mm&r=g","caption":"admin"},"sameAs":["https:\/\/panoramaciudadano.com"],"url":"https:\/\/panoramaciudadano.com\/index.php\/author\/admin_3q6hyqq3\/"}]}},"_links":{"self":[{"href":"https:\/\/panoramaciudadano.com\/index.php\/wp-json\/wp\/v2\/posts\/34161","targetHints":{"allow":["GET"]}}],"collection":[{"href":"https:\/\/panoramaciudadano.com\/index.php\/wp-json\/wp\/v2\/posts"}],"about":[{"href":"https:\/\/panoramaciudadano.com\/index.php\/wp-json\/wp\/v2\/types\/post"}],"author":[{"embeddable":true,"href":"https:\/\/panoramaciudadano.com\/index.php\/wp-json\/wp\/v2\/users\/1"}],"replies":[{"embeddable":true,"href":"https:\/\/panoramaciudadano.com\/index.php\/wp-json\/wp\/v2\/comments?post=34161"}],"version-history":[{"count":1,"href":"https:\/\/panoramaciudadano.com\/index.php\/wp-json\/wp\/v2\/posts\/34161\/revisions"}],"predecessor-version":[{"id":34168,"href":"https:\/\/panoramaciudadano.com\/index.php\/wp-json\/wp\/v2\/posts\/34161\/revisions\/34168"}],"wp:featuredmedia":[{"embeddable":true,"href":"https:\/\/panoramaciudadano.com\/index.php\/wp-json\/wp\/v2\/media\/34167"}],"wp:attachment":[{"href":"https:\/\/panoramaciudadano.com\/index.php\/wp-json\/wp\/v2\/media?parent=34161"}],"wp:term":[{"taxonomy":"category","embeddable":true,"href":"https:\/\/panoramaciudadano.com\/index.php\/wp-json\/wp\/v2\/categories?post=34161"},{"taxonomy":"post_tag","embeddable":true,"href":"https:\/\/panoramaciudadano.com\/index.php\/wp-json\/wp\/v2\/tags?post=34161"}],"curies":[{"name":"wp","href":"https:\/\/api.w.org\/{rel}","templated":true}]}}