{"id":34178,"date":"2026-04-27T09:21:21","date_gmt":"2026-04-27T14:21:21","guid":{"rendered":"https:\/\/panoramaciudadano.com\/?p=34178"},"modified":"2026-04-27T09:21:23","modified_gmt":"2026-04-27T14:21:23","slug":"puerto-morelos-listo-para-brillar-en-el-tianguis-turistico-mexico-2026-blanca-merari","status":"publish","type":"post","link":"https:\/\/panoramaciudadano.com\/index.php\/2026\/04\/27\/puerto-morelos-listo-para-brillar-en-el-tianguis-turistico-mexico-2026-blanca-merari\/","title":{"rendered":"PUERTO MORELOS LISTO PARA BRILLAR EN EL TIANGUIS TUR\u00cdSTICO M\u00c9XICO 2026: BLANCA MERARI"},"content":{"rendered":"\n<figure class=\"wp-block-gallery has-nested-images columns-default is-cropped wp-block-gallery-1 is-layout-flex wp-block-gallery-is-layout-flex\">\n<figure class=\"wp-block-image size-large\"><img decoding=\"async\" width=\"1024\" height=\"682\" data-id=\"34181\" src=\"https:\/\/panoramaciudadano.com\/wp-content\/uploads\/2026\/04\/WhatsApp-Image-2026-04-27-at-7.33.49-AM-1-1024x682.jpeg\" alt=\"\" class=\"wp-image-34181\" srcset=\"https:\/\/panoramaciudadano.com\/wp-content\/uploads\/2026\/04\/WhatsApp-Image-2026-04-27-at-7.33.49-AM-1-1024x682.jpeg 1024w, https:\/\/panoramaciudadano.com\/wp-content\/uploads\/2026\/04\/WhatsApp-Image-2026-04-27-at-7.33.49-AM-1-300x200.jpeg 300w, https:\/\/panoramaciudadano.com\/wp-content\/uploads\/2026\/04\/WhatsApp-Image-2026-04-27-at-7.33.49-AM-1-768x512.jpeg 768w, https:\/\/panoramaciudadano.com\/wp-content\/uploads\/2026\/04\/WhatsApp-Image-2026-04-27-at-7.33.49-AM-1-1536x1023.jpeg 1536w, https:\/\/panoramaciudadano.com\/wp-content\/uploads\/2026\/04\/WhatsApp-Image-2026-04-27-at-7.33.49-AM-1.jpeg 1600w\" sizes=\"(max-width: 1024px) 100vw, 1024px\" \/><\/figure>\n\n\n\n<figure class=\"wp-block-image size-large\"><img decoding=\"async\" width=\"1024\" height=\"682\" data-id=\"34183\" src=\"https:\/\/panoramaciudadano.com\/wp-content\/uploads\/2026\/04\/WhatsApp-Image-2026-04-27-at-7.33.49-AM-2-1024x682.jpeg\" alt=\"\" class=\"wp-image-34183\" srcset=\"https:\/\/panoramaciudadano.com\/wp-content\/uploads\/2026\/04\/WhatsApp-Image-2026-04-27-at-7.33.49-AM-2-1024x682.jpeg 1024w, https:\/\/panoramaciudadano.com\/wp-content\/uploads\/2026\/04\/WhatsApp-Image-2026-04-27-at-7.33.49-AM-2-300x200.jpeg 300w, https:\/\/panoramaciudadano.com\/wp-content\/uploads\/2026\/04\/WhatsApp-Image-2026-04-27-at-7.33.49-AM-2-768x512.jpeg 768w, https:\/\/panoramaciudadano.com\/wp-content\/uploads\/2026\/04\/WhatsApp-Image-2026-04-27-at-7.33.49-AM-2.jpeg 1280w\" sizes=\"(max-width: 1024px) 100vw, 1024px\" \/><\/figure>\n\n\n\n<figure class=\"wp-block-image size-large\"><img decoding=\"async\" width=\"1024\" height=\"682\" data-id=\"34184\" src=\"https:\/\/panoramaciudadano.com\/wp-content\/uploads\/2026\/04\/WhatsApp-Image-2026-04-27-at-7.33.49-AM-3-1024x682.jpeg\" alt=\"\" class=\"wp-image-34184\" srcset=\"https:\/\/panoramaciudadano.com\/wp-content\/uploads\/2026\/04\/WhatsApp-Image-2026-04-27-at-7.33.49-AM-3-1024x682.jpeg 1024w, https:\/\/panoramaciudadano.com\/wp-content\/uploads\/2026\/04\/WhatsApp-Image-2026-04-27-at-7.33.49-AM-3-300x200.jpeg 300w, https:\/\/panoramaciudadano.com\/wp-content\/uploads\/2026\/04\/WhatsApp-Image-2026-04-27-at-7.33.49-AM-3-768x512.jpeg 768w, https:\/\/panoramaciudadano.com\/wp-content\/uploads\/2026\/04\/WhatsApp-Image-2026-04-27-at-7.33.49-AM-3.jpeg 1280w\" sizes=\"(max-width: 1024px) 100vw, 1024px\" \/><\/figure>\n\n\n\n<figure class=\"wp-block-image size-large\"><img decoding=\"async\" width=\"1024\" height=\"609\" data-id=\"34179\" src=\"https:\/\/panoramaciudadano.com\/wp-content\/uploads\/2026\/04\/WhatsApp-Image-2026-04-27-at-7.33.49-AM-4-1024x609.jpeg\" alt=\"\" class=\"wp-image-34179\" srcset=\"https:\/\/panoramaciudadano.com\/wp-content\/uploads\/2026\/04\/WhatsApp-Image-2026-04-27-at-7.33.49-AM-4-1024x609.jpeg 1024w, https:\/\/panoramaciudadano.com\/wp-content\/uploads\/2026\/04\/WhatsApp-Image-2026-04-27-at-7.33.49-AM-4-300x178.jpeg 300w, https:\/\/panoramaciudadano.com\/wp-content\/uploads\/2026\/04\/WhatsApp-Image-2026-04-27-at-7.33.49-AM-4-768x457.jpeg 768w, https:\/\/panoramaciudadano.com\/wp-content\/uploads\/2026\/04\/WhatsApp-Image-2026-04-27-at-7.33.49-AM-4.jpeg 1179w\" sizes=\"(max-width: 1024px) 100vw, 1024px\" \/><\/figure>\n\n\n\n<figure class=\"wp-block-image size-large\"><img decoding=\"async\" width=\"1024\" height=\"682\" data-id=\"34180\" src=\"https:\/\/panoramaciudadano.com\/wp-content\/uploads\/2026\/04\/WhatsApp-Image-2026-04-27-at-7.33.49-AM-1024x682.jpeg\" alt=\"\" class=\"wp-image-34180\" srcset=\"https:\/\/panoramaciudadano.com\/wp-content\/uploads\/2026\/04\/WhatsApp-Image-2026-04-27-at-7.33.49-AM-1024x682.jpeg 1024w, https:\/\/panoramaciudadano.com\/wp-content\/uploads\/2026\/04\/WhatsApp-Image-2026-04-27-at-7.33.49-AM-300x200.jpeg 300w, https:\/\/panoramaciudadano.com\/wp-content\/uploads\/2026\/04\/WhatsApp-Image-2026-04-27-at-7.33.49-AM-768x512.jpeg 768w, https:\/\/panoramaciudadano.com\/wp-content\/uploads\/2026\/04\/WhatsApp-Image-2026-04-27-at-7.33.49-AM.jpeg 1280w\" sizes=\"(max-width: 1024px) 100vw, 1024px\" \/><\/figure>\n<\/figure>\n\n\n\n<p>El municipio de Puerto Morelos se declara listo para participar en la edici\u00f3n n\u00famero 50 del Tianguis Tur\u00edstico M\u00e9xico 2026, que se desarrollar\u00e1 del 27 al 30 de abril, y que este a\u00f1o tendr\u00e1 como sede el puerto de Acapulco, consolid\u00e1ndose como el principal escaparate del sector tur\u00edstico a nivel nacional e internacional.<\/p>\n\n\n\n<p>La presidenta municipal, Blanca Merari Tziu Mu\u00f1oz, destac\u00f3 que el destino llega fortalecido, con una oferta integral que combina infraestructura, naturaleza y experiencias \u00fanicas para visitantes de todo el mundo.<\/p>\n\n\n\n<p>\u201cPuerto Morelos est\u00e1 preparado para mostrarse ante M\u00e9xico y el mundo como un destino competitivo, con identidad propia y una oferta tur\u00edstica s\u00f3lida. Vamos con la convicci\u00f3n de seguir posicion\u00e1ndonos y generar m\u00e1s oportunidades para nuestra gente\u201d, expres\u00f3.<\/p>\n\n\n\n<p>La presidenta municipal indic\u00f3 que actualmente, el destino cuenta con 8,450 cuartos de hotel, adem\u00e1s de una amplia gama de experiencias de aventura, actividades n\u00e1uticas, gastron\u00f3micas, y el inigualable atractivo del mar azul turquesa y la blanca arena, que distinguen al Caribe Mexicano.<\/p>\n\n\n\n<p>El Tianguis Tur\u00edstico M\u00e9xico 2026 reunir\u00e1 a los 32 estados del pa\u00eds, con la participaci\u00f3n de m\u00e1s de 8 mil asistentes, m\u00e1s de mil compradores internacionales provenientes de 17 pa\u00edses y m\u00e1s de 30 mil citas de negocios programadas, lo que representa una plataforma clave para la promoci\u00f3n y comercializaci\u00f3n del destino.<\/p>\n\n\n\n<p>Por su parte, la secretaria de Turismo Sustentable, Karina V\u00e1zquez D\u00edaz, subray\u00f3 la importancia de la participaci\u00f3n del sector empresarial de Puerto Morelos, destacando la presencia de importantes representantes del destino como Cenote Zapote, Marina El Cid y Hyatt Inclusive Collection, as\u00ed como empresas especializadas que fortalecer\u00e1n la promoci\u00f3n del municipio.<\/p>\n\n\n\n<p>La titular de Turismo, inform\u00f3 que se cuenta con una agenda estrat\u00e9gica de reuniones con tour operadores y agencias de viajes de mercados clave, incluyendo el nacional, Estados Unidos, Canad\u00e1, as\u00ed como Centro y Sudam\u00e9rica, con el objetivo de ampliar la conectividad y atraer mayor flujo tur\u00edstico.<\/p>\n\n\n\n<p>Finalmente, se reiter\u00f3 que la participaci\u00f3n de Puerto Morelos en este importante foro responde al compromiso de seguir impulsando el desarrollo econ\u00f3mico del municipio a trav\u00e9s de un turismo ordenado, sustentable y de alta calidad.<\/p>\n","protected":false},"excerpt":{"rendered":"<p>El destino llega fortalecido con su oferta hotelera de m\u00e1s de 8,400 cuartos, experiencias \u00fanicas y agenda de negocios internacional.<\/p>\n","protected":false},"author":1,"featured_media":34182,"comment_status":"open","ping_status":"closed","sticky":false,"template":"","format":"standard","meta":{"footnotes":""},"categories":[9],"tags":[414],"class_list":["post-34178","post","type-post","status-publish","format-standard","has-post-thumbnail","hentry","category-puerto-morelos","tag-blanca-merari-tziu-munoz"],"yoast_head":"<!-- This site is optimized with the Yoast SEO plugin v27.1.1 - https:\/\/yoast.com\/product\/yoast-seo-wordpress\/ -->\n<title>PUERTO MORELOS LISTO PARA BRILLAR EN EL TIANGUIS TUR\u00cdSTICO M\u00c9XICO 2026: BLANCA MERARI - Panorama Ciudadano<\/title>\n<meta name=\"robots\" content=\"index, follow, max-snippet:-1, max-image-preview:large, max-video-preview:-1\" \/>\n<link rel=\"canonical\" href=\"https:\/\/panoramaciudadano.com\/index.php\/2026\/04\/27\/puerto-morelos-listo-para-brillar-en-el-tianguis-turistico-mexico-2026-blanca-merari\/\" \/>\n<meta property=\"og:locale\" content=\"es_ES\" \/>\n<meta property=\"og:type\" content=\"article\" \/>\n<meta property=\"og:title\" content=\"PUERTO MORELOS LISTO PARA BRILLAR EN EL TIANGUIS TUR\u00cdSTICO M\u00c9XICO 2026: BLANCA MERARI - Panorama Ciudadano\" \/>\n<meta property=\"og:description\" content=\"El destino llega fortalecido con su oferta hotelera de m\u00e1s de 8,400 cuartos, experiencias \u00fanicas y agenda de negocios internacional.\" \/>\n<meta property=\"og:url\" content=\"https:\/\/panoramaciudadano.com\/index.php\/2026\/04\/27\/puerto-morelos-listo-para-brillar-en-el-tianguis-turistico-mexico-2026-blanca-merari\/\" \/>\n<meta property=\"og:site_name\" content=\"Panorama Ciudadano\" \/>\n<meta property=\"article:publisher\" content=\"https:\/\/www.facebook.com\/panoramaciudadano\" \/>\n<meta property=\"article:published_time\" content=\"2026-04-27T14:21:21+00:00\" \/>\n<meta property=\"article:modified_time\" content=\"2026-04-27T14:21:23+00:00\" \/>\n<meta property=\"og:image\" content=\"https:\/\/panoramaciudadano.com\/wp-content\/uploads\/2026\/04\/WhatsApp-Image-2026-04-27-at-7.33.49-AM-5.jpeg\" \/>\n\t<meta property=\"og:image:width\" content=\"960\" \/>\n\t<meta property=\"og:image:height\" content=\"739\" \/>\n\t<meta property=\"og:image:type\" content=\"image\/jpeg\" \/>\n<meta name=\"author\" content=\"admin\" \/>\n<meta name=\"twitter:card\" content=\"summary_large_image\" \/>\n<meta name=\"twitter:label1\" content=\"Escrito por\" \/>\n\t<meta name=\"twitter:data1\" content=\"admin\" \/>\n\t<meta name=\"twitter:label2\" content=\"Tiempo de lectura\" \/>\n\t<meta name=\"twitter:data2\" content=\"3 minutos\" \/>\n<script type=\"application\/ld+json\" class=\"yoast-schema-graph\">{\"@context\":\"https:\/\/schema.org\",\"@graph\":[{\"@type\":\"Article\",\"@id\":\"https:\/\/panoramaciudadano.com\/index.php\/2026\/04\/27\/puerto-morelos-listo-para-brillar-en-el-tianguis-turistico-mexico-2026-blanca-merari\/#article\",\"isPartOf\":{\"@id\":\"https:\/\/panoramaciudadano.com\/index.php\/2026\/04\/27\/puerto-morelos-listo-para-brillar-en-el-tianguis-turistico-mexico-2026-blanca-merari\/\"},\"author\":{\"name\":\"admin\",\"@id\":\"https:\/\/panoramaciudadano.com\/#\/schema\/person\/ffe9fe8ef47d3a93977b5761fd9e0d96\"},\"headline\":\"PUERTO MORELOS LISTO PARA BRILLAR EN EL TIANGUIS TUR\u00cdSTICO M\u00c9XICO 2026: BLANCA MERARI\",\"datePublished\":\"2026-04-27T14:21:21+00:00\",\"dateModified\":\"2026-04-27T14:21:23+00:00\",\"mainEntityOfPage\":{\"@id\":\"https:\/\/panoramaciudadano.com\/index.php\/2026\/04\/27\/puerto-morelos-listo-para-brillar-en-el-tianguis-turistico-mexico-2026-blanca-merari\/\"},\"wordCount\":391,\"commentCount\":0,\"publisher\":{\"@id\":\"https:\/\/panoramaciudadano.com\/#organization\"},\"image\":{\"@id\":\"https:\/\/panoramaciudadano.com\/index.php\/2026\/04\/27\/puerto-morelos-listo-para-brillar-en-el-tianguis-turistico-mexico-2026-blanca-merari\/#primaryimage\"},\"thumbnailUrl\":\"https:\/\/panoramaciudadano.com\/wp-content\/uploads\/2026\/04\/WhatsApp-Image-2026-04-27-at-7.33.49-AM-5.jpeg\",\"keywords\":[\"Blanca Merari Tziu Mu\u00f1oz\"],\"articleSection\":[\"Puerto Morelos\"],\"inLanguage\":\"es\",\"potentialAction\":[{\"@type\":\"CommentAction\",\"name\":\"Comment\",\"target\":[\"https:\/\/panoramaciudadano.com\/index.php\/2026\/04\/27\/puerto-morelos-listo-para-brillar-en-el-tianguis-turistico-mexico-2026-blanca-merari\/#respond\"]}]},{\"@type\":\"WebPage\",\"@id\":\"https:\/\/panoramaciudadano.com\/index.php\/2026\/04\/27\/puerto-morelos-listo-para-brillar-en-el-tianguis-turistico-mexico-2026-blanca-merari\/\",\"url\":\"https:\/\/panoramaciudadano.com\/index.php\/2026\/04\/27\/puerto-morelos-listo-para-brillar-en-el-tianguis-turistico-mexico-2026-blanca-merari\/\",\"name\":\"PUERTO MORELOS LISTO PARA BRILLAR EN EL TIANGUIS TUR\u00cdSTICO M\u00c9XICO 2026: BLANCA MERARI - Panorama Ciudadano\",\"isPartOf\":{\"@id\":\"https:\/\/panoramaciudadano.com\/#website\"},\"primaryImageOfPage\":{\"@id\":\"https:\/\/panoramaciudadano.com\/index.php\/2026\/04\/27\/puerto-morelos-listo-para-brillar-en-el-tianguis-turistico-mexico-2026-blanca-merari\/#primaryimage\"},\"image\":{\"@id\":\"https:\/\/panoramaciudadano.com\/index.php\/2026\/04\/27\/puerto-morelos-listo-para-brillar-en-el-tianguis-turistico-mexico-2026-blanca-merari\/#primaryimage\"},\"thumbnailUrl\":\"https:\/\/panoramaciudadano.com\/wp-content\/uploads\/2026\/04\/WhatsApp-Image-2026-04-27-at-7.33.49-AM-5.jpeg\",\"datePublished\":\"2026-04-27T14:21:21+00:00\",\"dateModified\":\"2026-04-27T14:21:23+00:00\",\"breadcrumb\":{\"@id\":\"https:\/\/panoramaciudadano.com\/index.php\/2026\/04\/27\/puerto-morelos-listo-para-brillar-en-el-tianguis-turistico-mexico-2026-blanca-merari\/#breadcrumb\"},\"inLanguage\":\"es\",\"potentialAction\":[{\"@type\":\"ReadAction\",\"target\":[\"https:\/\/panoramaciudadano.com\/index.php\/2026\/04\/27\/puerto-morelos-listo-para-brillar-en-el-tianguis-turistico-mexico-2026-blanca-merari\/\"]}]},{\"@type\":\"ImageObject\",\"inLanguage\":\"es\",\"@id\":\"https:\/\/panoramaciudadano.com\/index.php\/2026\/04\/27\/puerto-morelos-listo-para-brillar-en-el-tianguis-turistico-mexico-2026-blanca-merari\/#primaryimage\",\"url\":\"https:\/\/panoramaciudadano.com\/wp-content\/uploads\/2026\/04\/WhatsApp-Image-2026-04-27-at-7.33.49-AM-5.jpeg\",\"contentUrl\":\"https:\/\/panoramaciudadano.com\/wp-content\/uploads\/2026\/04\/WhatsApp-Image-2026-04-27-at-7.33.49-AM-5.jpeg\",\"width\":960,\"height\":739},{\"@type\":\"BreadcrumbList\",\"@id\":\"https:\/\/panoramaciudadano.com\/index.php\/2026\/04\/27\/puerto-morelos-listo-para-brillar-en-el-tianguis-turistico-mexico-2026-blanca-merari\/#breadcrumb\",\"itemListElement\":[{\"@type\":\"ListItem\",\"position\":1,\"name\":\"Portada\",\"item\":\"https:\/\/panoramaciudadano.com\/\"},{\"@type\":\"ListItem\",\"position\":2,\"name\":\"PUERTO MORELOS LISTO PARA BRILLAR EN EL TIANGUIS TUR\u00cdSTICO M\u00c9XICO 2026: BLANCA MERARI\"}]},{\"@type\":\"WebSite\",\"@id\":\"https:\/\/panoramaciudadano.com\/#website\",\"url\":\"https:\/\/panoramaciudadano.com\/\",\"name\":\"Panorama Ciudadano\",\"description\":\"\",\"publisher\":{\"@id\":\"https:\/\/panoramaciudadano.com\/#organization\"},\"potentialAction\":[{\"@type\":\"SearchAction\",\"target\":{\"@type\":\"EntryPoint\",\"urlTemplate\":\"https:\/\/panoramaciudadano.com\/?s={search_term_string}\"},\"query-input\":{\"@type\":\"PropertyValueSpecification\",\"valueRequired\":true,\"valueName\":\"search_term_string\"}}],\"inLanguage\":\"es\"},{\"@type\":\"Organization\",\"@id\":\"https:\/\/panoramaciudadano.com\/#organization\",\"name\":\"Panorama Ciudadano\",\"url\":\"https:\/\/panoramaciudadano.com\/\",\"logo\":{\"@type\":\"ImageObject\",\"inLanguage\":\"es\",\"@id\":\"https:\/\/panoramaciudadano.com\/#\/schema\/logo\/image\/\",\"url\":\"https:\/\/panoramaciudadano.com\/wp-content\/uploads\/2024\/05\/401498640_919267042938564_6290593609399108733_n.jpg\",\"contentUrl\":\"https:\/\/panoramaciudadano.com\/wp-content\/uploads\/2024\/05\/401498640_919267042938564_6290593609399108733_n.jpg\",\"width\":960,\"height\":957,\"caption\":\"Panorama Ciudadano\"},\"image\":{\"@id\":\"https:\/\/panoramaciudadano.com\/#\/schema\/logo\/image\/\"},\"sameAs\":[\"https:\/\/www.facebook.com\/panoramaciudadano\"]},{\"@type\":\"Person\",\"@id\":\"https:\/\/panoramaciudadano.com\/#\/schema\/person\/ffe9fe8ef47d3a93977b5761fd9e0d96\",\"name\":\"admin\",\"image\":{\"@type\":\"ImageObject\",\"inLanguage\":\"es\",\"@id\":\"https:\/\/panoramaciudadano.com\/#\/schema\/person\/image\/\",\"url\":\"https:\/\/secure.gravatar.com\/avatar\/2d5a12cacce3f18096f25fadea8abb7202fef18ed669595589853e84260ff451?s=96&d=mm&r=g\",\"contentUrl\":\"https:\/\/secure.gravatar.com\/avatar\/2d5a12cacce3f18096f25fadea8abb7202fef18ed669595589853e84260ff451?s=96&d=mm&r=g\",\"caption\":\"admin\"},\"sameAs\":[\"https:\/\/panoramaciudadano.com\"],\"url\":\"https:\/\/panoramaciudadano.com\/index.php\/author\/admin_3q6hyqq3\/\"}]}<\/script>\n<!-- \/ Yoast SEO plugin. -->","yoast_head_json":{"title":"PUERTO MORELOS LISTO PARA BRILLAR EN EL TIANGUIS TUR\u00cdSTICO M\u00c9XICO 2026: BLANCA MERARI - Panorama Ciudadano","robots":{"index":"index","follow":"follow","max-snippet":"max-snippet:-1","max-image-preview":"max-image-preview:large","max-video-preview":"max-video-preview:-1"},"canonical":"https:\/\/panoramaciudadano.com\/index.php\/2026\/04\/27\/puerto-morelos-listo-para-brillar-en-el-tianguis-turistico-mexico-2026-blanca-merari\/","og_locale":"es_ES","og_type":"article","og_title":"PUERTO MORELOS LISTO PARA BRILLAR EN EL TIANGUIS TUR\u00cdSTICO M\u00c9XICO 2026: BLANCA MERARI - Panorama Ciudadano","og_description":"El destino llega fortalecido con su oferta hotelera de m\u00e1s de 8,400 cuartos, experiencias \u00fanicas y agenda de negocios internacional.","og_url":"https:\/\/panoramaciudadano.com\/index.php\/2026\/04\/27\/puerto-morelos-listo-para-brillar-en-el-tianguis-turistico-mexico-2026-blanca-merari\/","og_site_name":"Panorama Ciudadano","article_publisher":"https:\/\/www.facebook.com\/panoramaciudadano","article_published_time":"2026-04-27T14:21:21+00:00","article_modified_time":"2026-04-27T14:21:23+00:00","og_image":[{"width":960,"height":739,"url":"https:\/\/panoramaciudadano.com\/wp-content\/uploads\/2026\/04\/WhatsApp-Image-2026-04-27-at-7.33.49-AM-5.jpeg","type":"image\/jpeg"}],"author":"admin","twitter_card":"summary_large_image","twitter_misc":{"Escrito por":"admin","Tiempo de lectura":"3 minutos"},"schema":{"@context":"https:\/\/schema.org","@graph":[{"@type":"Article","@id":"https:\/\/panoramaciudadano.com\/index.php\/2026\/04\/27\/puerto-morelos-listo-para-brillar-en-el-tianguis-turistico-mexico-2026-blanca-merari\/#article","isPartOf":{"@id":"https:\/\/panoramaciudadano.com\/index.php\/2026\/04\/27\/puerto-morelos-listo-para-brillar-en-el-tianguis-turistico-mexico-2026-blanca-merari\/"},"author":{"name":"admin","@id":"https:\/\/panoramaciudadano.com\/#\/schema\/person\/ffe9fe8ef47d3a93977b5761fd9e0d96"},"headline":"PUERTO MORELOS LISTO PARA BRILLAR EN EL TIANGUIS TUR\u00cdSTICO M\u00c9XICO 2026: BLANCA MERARI","datePublished":"2026-04-27T14:21:21+00:00","dateModified":"2026-04-27T14:21:23+00:00","mainEntityOfPage":{"@id":"https:\/\/panoramaciudadano.com\/index.php\/2026\/04\/27\/puerto-morelos-listo-para-brillar-en-el-tianguis-turistico-mexico-2026-blanca-merari\/"},"wordCount":391,"commentCount":0,"publisher":{"@id":"https:\/\/panoramaciudadano.com\/#organization"},"image":{"@id":"https:\/\/panoramaciudadano.com\/index.php\/2026\/04\/27\/puerto-morelos-listo-para-brillar-en-el-tianguis-turistico-mexico-2026-blanca-merari\/#primaryimage"},"thumbnailUrl":"https:\/\/panoramaciudadano.com\/wp-content\/uploads\/2026\/04\/WhatsApp-Image-2026-04-27-at-7.33.49-AM-5.jpeg","keywords":["Blanca Merari Tziu Mu\u00f1oz"],"articleSection":["Puerto Morelos"],"inLanguage":"es","potentialAction":[{"@type":"CommentAction","name":"Comment","target":["https:\/\/panoramaciudadano.com\/index.php\/2026\/04\/27\/puerto-morelos-listo-para-brillar-en-el-tianguis-turistico-mexico-2026-blanca-merari\/#respond"]}]},{"@type":"WebPage","@id":"https:\/\/panoramaciudadano.com\/index.php\/2026\/04\/27\/puerto-morelos-listo-para-brillar-en-el-tianguis-turistico-mexico-2026-blanca-merari\/","url":"https:\/\/panoramaciudadano.com\/index.php\/2026\/04\/27\/puerto-morelos-listo-para-brillar-en-el-tianguis-turistico-mexico-2026-blanca-merari\/","name":"PUERTO MORELOS LISTO PARA BRILLAR EN EL TIANGUIS TUR\u00cdSTICO M\u00c9XICO 2026: BLANCA MERARI - Panorama Ciudadano","isPartOf":{"@id":"https:\/\/panoramaciudadano.com\/#website"},"primaryImageOfPage":{"@id":"https:\/\/panoramaciudadano.com\/index.php\/2026\/04\/27\/puerto-morelos-listo-para-brillar-en-el-tianguis-turistico-mexico-2026-blanca-merari\/#primaryimage"},"image":{"@id":"https:\/\/panoramaciudadano.com\/index.php\/2026\/04\/27\/puerto-morelos-listo-para-brillar-en-el-tianguis-turistico-mexico-2026-blanca-merari\/#primaryimage"},"thumbnailUrl":"https:\/\/panoramaciudadano.com\/wp-content\/uploads\/2026\/04\/WhatsApp-Image-2026-04-27-at-7.33.49-AM-5.jpeg","datePublished":"2026-04-27T14:21:21+00:00","dateModified":"2026-04-27T14:21:23+00:00","breadcrumb":{"@id":"https:\/\/panoramaciudadano.com\/index.php\/2026\/04\/27\/puerto-morelos-listo-para-brillar-en-el-tianguis-turistico-mexico-2026-blanca-merari\/#breadcrumb"},"inLanguage":"es","potentialAction":[{"@type":"ReadAction","target":["https:\/\/panoramaciudadano.com\/index.php\/2026\/04\/27\/puerto-morelos-listo-para-brillar-en-el-tianguis-turistico-mexico-2026-blanca-merari\/"]}]},{"@type":"ImageObject","inLanguage":"es","@id":"https:\/\/panoramaciudadano.com\/index.php\/2026\/04\/27\/puerto-morelos-listo-para-brillar-en-el-tianguis-turistico-mexico-2026-blanca-merari\/#primaryimage","url":"https:\/\/panoramaciudadano.com\/wp-content\/uploads\/2026\/04\/WhatsApp-Image-2026-04-27-at-7.33.49-AM-5.jpeg","contentUrl":"https:\/\/panoramaciudadano.com\/wp-content\/uploads\/2026\/04\/WhatsApp-Image-2026-04-27-at-7.33.49-AM-5.jpeg","width":960,"height":739},{"@type":"BreadcrumbList","@id":"https:\/\/panoramaciudadano.com\/index.php\/2026\/04\/27\/puerto-morelos-listo-para-brillar-en-el-tianguis-turistico-mexico-2026-blanca-merari\/#breadcrumb","itemListElement":[{"@type":"ListItem","position":1,"name":"Portada","item":"https:\/\/panoramaciudadano.com\/"},{"@type":"ListItem","position":2,"name":"PUERTO MORELOS LISTO PARA BRILLAR EN EL TIANGUIS TUR\u00cdSTICO M\u00c9XICO 2026: BLANCA MERARI"}]},{"@type":"WebSite","@id":"https:\/\/panoramaciudadano.com\/#website","url":"https:\/\/panoramaciudadano.com\/","name":"Panorama Ciudadano","description":"","publisher":{"@id":"https:\/\/panoramaciudadano.com\/#organization"},"potentialAction":[{"@type":"SearchAction","target":{"@type":"EntryPoint","urlTemplate":"https:\/\/panoramaciudadano.com\/?s={search_term_string}"},"query-input":{"@type":"PropertyValueSpecification","valueRequired":true,"valueName":"search_term_string"}}],"inLanguage":"es"},{"@type":"Organization","@id":"https:\/\/panoramaciudadano.com\/#organization","name":"Panorama Ciudadano","url":"https:\/\/panoramaciudadano.com\/","logo":{"@type":"ImageObject","inLanguage":"es","@id":"https:\/\/panoramaciudadano.com\/#\/schema\/logo\/image\/","url":"https:\/\/panoramaciudadano.com\/wp-content\/uploads\/2024\/05\/401498640_919267042938564_6290593609399108733_n.jpg","contentUrl":"https:\/\/panoramaciudadano.com\/wp-content\/uploads\/2024\/05\/401498640_919267042938564_6290593609399108733_n.jpg","width":960,"height":957,"caption":"Panorama Ciudadano"},"image":{"@id":"https:\/\/panoramaciudadano.com\/#\/schema\/logo\/image\/"},"sameAs":["https:\/\/www.facebook.com\/panoramaciudadano"]},{"@type":"Person","@id":"https:\/\/panoramaciudadano.com\/#\/schema\/person\/ffe9fe8ef47d3a93977b5761fd9e0d96","name":"admin","image":{"@type":"ImageObject","inLanguage":"es","@id":"https:\/\/panoramaciudadano.com\/#\/schema\/person\/image\/","url":"https:\/\/secure.gravatar.com\/avatar\/2d5a12cacce3f18096f25fadea8abb7202fef18ed669595589853e84260ff451?s=96&d=mm&r=g","contentUrl":"https:\/\/secure.gravatar.com\/avatar\/2d5a12cacce3f18096f25fadea8abb7202fef18ed669595589853e84260ff451?s=96&d=mm&r=g","caption":"admin"},"sameAs":["https:\/\/panoramaciudadano.com"],"url":"https:\/\/panoramaciudadano.com\/index.php\/author\/admin_3q6hyqq3\/"}]}},"_links":{"self":[{"href":"https:\/\/panoramaciudadano.com\/index.php\/wp-json\/wp\/v2\/posts\/34178","targetHints":{"allow":["GET"]}}],"collection":[{"href":"https:\/\/panoramaciudadano.com\/index.php\/wp-json\/wp\/v2\/posts"}],"about":[{"href":"https:\/\/panoramaciudadano.com\/index.php\/wp-json\/wp\/v2\/types\/post"}],"author":[{"embeddable":true,"href":"https:\/\/panoramaciudadano.com\/index.php\/wp-json\/wp\/v2\/users\/1"}],"replies":[{"embeddable":true,"href":"https:\/\/panoramaciudadano.com\/index.php\/wp-json\/wp\/v2\/comments?post=34178"}],"version-history":[{"count":1,"href":"https:\/\/panoramaciudadano.com\/index.php\/wp-json\/wp\/v2\/posts\/34178\/revisions"}],"predecessor-version":[{"id":34185,"href":"https:\/\/panoramaciudadano.com\/index.php\/wp-json\/wp\/v2\/posts\/34178\/revisions\/34185"}],"wp:featuredmedia":[{"embeddable":true,"href":"https:\/\/panoramaciudadano.com\/index.php\/wp-json\/wp\/v2\/media\/34182"}],"wp:attachment":[{"href":"https:\/\/panoramaciudadano.com\/index.php\/wp-json\/wp\/v2\/media?parent=34178"}],"wp:term":[{"taxonomy":"category","embeddable":true,"href":"https:\/\/panoramaciudadano.com\/index.php\/wp-json\/wp\/v2\/categories?post=34178"},{"taxonomy":"post_tag","embeddable":true,"href":"https:\/\/panoramaciudadano.com\/index.php\/wp-json\/wp\/v2\/tags?post=34178"}],"curies":[{"name":"wp","href":"https:\/\/api.w.org\/{rel}","templated":true}]}}