{"id":34186,"date":"2026-04-27T09:22:51","date_gmt":"2026-04-27T14:22:51","guid":{"rendered":"https:\/\/panoramaciudadano.com\/?p=34186"},"modified":"2026-04-27T09:22:53","modified_gmt":"2026-04-27T14:22:53","slug":"acerca-dif-benito-juarez-brigada-asistencial-a-las-familias","status":"publish","type":"post","link":"https:\/\/panoramaciudadano.com\/index.php\/2026\/04\/27\/acerca-dif-benito-juarez-brigada-asistencial-a-las-familias\/","title":{"rendered":"ACERCA DIF BENITO JU\u00c1REZ BRIGADA ASISTENCIAL A LAS FAMILIAS"},"content":{"rendered":"\n<figure class=\"wp-block-gallery has-nested-images columns-default is-cropped wp-block-gallery-1 is-layout-flex wp-block-gallery-is-layout-flex\">\n<figure class=\"wp-block-image size-large\"><img decoding=\"async\" width=\"1024\" height=\"473\" data-id=\"34190\" src=\"https:\/\/panoramaciudadano.com\/wp-content\/uploads\/2026\/04\/WhatsApp-Image-2026-04-27-at-7.37.55-AM-1024x473.jpeg\" alt=\"\" class=\"wp-image-34190\" srcset=\"https:\/\/panoramaciudadano.com\/wp-content\/uploads\/2026\/04\/WhatsApp-Image-2026-04-27-at-7.37.55-AM-1024x473.jpeg 1024w, https:\/\/panoramaciudadano.com\/wp-content\/uploads\/2026\/04\/WhatsApp-Image-2026-04-27-at-7.37.55-AM-300x139.jpeg 300w, https:\/\/panoramaciudadano.com\/wp-content\/uploads\/2026\/04\/WhatsApp-Image-2026-04-27-at-7.37.55-AM-768x355.jpeg 768w, https:\/\/panoramaciudadano.com\/wp-content\/uploads\/2026\/04\/WhatsApp-Image-2026-04-27-at-7.37.55-AM.jpeg 1280w\" sizes=\"(max-width: 1024px) 100vw, 1024px\" \/><\/figure>\n\n\n\n<figure class=\"wp-block-image size-large\"><img decoding=\"async\" width=\"1024\" height=\"473\" data-id=\"34189\" src=\"https:\/\/panoramaciudadano.com\/wp-content\/uploads\/2026\/04\/WhatsApp-Image-2026-04-27-at-7.37.56-AM-1-1024x473.jpeg\" alt=\"\" class=\"wp-image-34189\" srcset=\"https:\/\/panoramaciudadano.com\/wp-content\/uploads\/2026\/04\/WhatsApp-Image-2026-04-27-at-7.37.56-AM-1-1024x473.jpeg 1024w, https:\/\/panoramaciudadano.com\/wp-content\/uploads\/2026\/04\/WhatsApp-Image-2026-04-27-at-7.37.56-AM-1-300x139.jpeg 300w, https:\/\/panoramaciudadano.com\/wp-content\/uploads\/2026\/04\/WhatsApp-Image-2026-04-27-at-7.37.56-AM-1-768x355.jpeg 768w, https:\/\/panoramaciudadano.com\/wp-content\/uploads\/2026\/04\/WhatsApp-Image-2026-04-27-at-7.37.56-AM-1.jpeg 1280w\" sizes=\"(max-width: 1024px) 100vw, 1024px\" \/><\/figure>\n\n\n\n<figure class=\"wp-block-image size-large\"><img decoding=\"async\" width=\"1024\" height=\"600\" data-id=\"34187\" src=\"https:\/\/panoramaciudadano.com\/wp-content\/uploads\/2026\/04\/WhatsApp-Image-2026-04-27-at-7.37.56-AM-2-1024x600.jpeg\" alt=\"\" class=\"wp-image-34187\" srcset=\"https:\/\/panoramaciudadano.com\/wp-content\/uploads\/2026\/04\/WhatsApp-Image-2026-04-27-at-7.37.56-AM-2-1024x600.jpeg 1024w, https:\/\/panoramaciudadano.com\/wp-content\/uploads\/2026\/04\/WhatsApp-Image-2026-04-27-at-7.37.56-AM-2-300x176.jpeg 300w, https:\/\/panoramaciudadano.com\/wp-content\/uploads\/2026\/04\/WhatsApp-Image-2026-04-27-at-7.37.56-AM-2-768x450.jpeg 768w, https:\/\/panoramaciudadano.com\/wp-content\/uploads\/2026\/04\/WhatsApp-Image-2026-04-27-at-7.37.56-AM-2.jpeg 1040w\" sizes=\"(max-width: 1024px) 100vw, 1024px\" \/><\/figure>\n\n\n\n<figure class=\"wp-block-image size-large\"><img decoding=\"async\" width=\"1024\" height=\"473\" data-id=\"34188\" src=\"https:\/\/panoramaciudadano.com\/wp-content\/uploads\/2026\/04\/WhatsApp-Image-2026-04-27-at-7.37.56-AM-1024x473.jpeg\" alt=\"\" class=\"wp-image-34188\" srcset=\"https:\/\/panoramaciudadano.com\/wp-content\/uploads\/2026\/04\/WhatsApp-Image-2026-04-27-at-7.37.56-AM-1024x473.jpeg 1024w, https:\/\/panoramaciudadano.com\/wp-content\/uploads\/2026\/04\/WhatsApp-Image-2026-04-27-at-7.37.56-AM-300x139.jpeg 300w, https:\/\/panoramaciudadano.com\/wp-content\/uploads\/2026\/04\/WhatsApp-Image-2026-04-27-at-7.37.56-AM-768x355.jpeg 768w, https:\/\/panoramaciudadano.com\/wp-content\/uploads\/2026\/04\/WhatsApp-Image-2026-04-27-at-7.37.56-AM.jpeg 1280w\" sizes=\"(max-width: 1024px) 100vw, 1024px\" \/><\/figure>\n<\/figure>\n\n\n\n<p>El Sistema para el Desarrollo Integral de la Familia (DIF) Benito Ju\u00e1rez, a trav\u00e9s de la Direcci\u00f3n de Desarrollo Social Comunitario, llev\u00f3 la brigada asistencial \u201cDIF en tu colonia\u201d al parque del fraccionamiento Residencial Turquesa, en la supermanzana 249 y zonas aleda\u00f1as, con el objetivo de acercar servicios y atenci\u00f3n integral en beneficio de las familias.<\/p>\n\n\n\n<p>En representaci\u00f3n de la Presidenta Municipal, Ana Paty Peralta, la directora general del DIF Benito Ju\u00e1rez, Marisol Sendo Rodr\u00edguez, destac\u00f3 que esta estrategia busca facilitar el acceso a los servicios que ofrece la instituci\u00f3n de manera gratuita, especialmente para la poblaci\u00f3n en situaci\u00f3n prioritaria, brindando orientaci\u00f3n y apoyos que contribuyan a mejorar su calidad de vida.<\/p>\n\n\n\n<p>Por su parte, la directora de Desarrollo Social Comunitario, Fayne Carrillo Figueroa, inform\u00f3 que durante la jornada se instalaron diversos m\u00f3dulos con servicios como consultas m\u00e9dicas, ex\u00e1menes de la vista, orientaci\u00f3n dental y aplicaci\u00f3n de fl\u00faor.<\/p>\n\n\n\n<p>Asimismo, a trav\u00e9s de los Centros de Desarrollo Comunitario (CDC), se ofrecieron servicios de cuidado personal como cortes de cabello, rizado de pesta\u00f1as, planchado de cejas y aplicaci\u00f3n de gelish, adem\u00e1s de informaci\u00f3n sobre cursos y talleres disponibles en los CDC.<\/p>\n\n\n\n<p>Dijo que tambi\u00e9n se habilitaron espacios de bienestar y recreaci\u00f3n para ni\u00f1as, ni\u00f1os y personas adultas mayores. \u201cLa Direcci\u00f3n de la Familia por su parte, organiz\u00f3 actividades l\u00fadicas como memoramas y juegos did\u00e1cticos, y llev\u00f3 el Club M\u00f3vil para la atenci\u00f3n de las personas adultas mayores\u201d, expres\u00f3.<\/p>\n\n\n\n<p>En materia de inclusi\u00f3n, mencion\u00f3 que la Coordinaci\u00f3n de Atenci\u00f3n a la Discapacidad brind\u00f3 orientaci\u00f3n para la obtenci\u00f3n de credenciales y certificados de discapacidad (CRIM), as\u00ed como atenci\u00f3n psicol\u00f3gica y aplicaci\u00f3n de pruebas r\u00e1pidas de VIH.<\/p>\n\n\n\n<p>Asimismo, se\u00f1al\u00f3 que a trav\u00e9s de din\u00e1micas creativas, ni\u00f1as, ni\u00f1os y adolescentes aprendieron sobre la importancia de una alimentaci\u00f3n saludable mediante el programa \u201cPlato del Buen Comer\u201d, promovido por la Coordinaci\u00f3n de Programas Sociales y de Asistencia Alimentaria.<\/p>\n\n\n\n<p>Mientras tanto, el Centro Especializado para la Atenci\u00f3n de la Violencia (CEPAV) ofreci\u00f3 asesor\u00eda jur\u00eddica, informaci\u00f3n sobre sus servicios y actividades enfocadas en la promoci\u00f3n de la igualdad y el respeto.<\/p>\n\n\n\n<p>Agreg\u00f3 que la Direcci\u00f3n de Prevenci\u00f3n de Riesgos Psicosociales de Ni\u00f1as, Ni\u00f1os y Adolescentes imparti\u00f3 pl\u00e1ticas sobre prevenci\u00f3n del embarazo adolescente, fomentando la toma de decisiones responsables.<\/p>\n\n\n\n<p>De igual forma, precis\u00f3 que el Centro Asistencial de Desarrollo Infantil (CADI) ofreci\u00f3 informaci\u00f3n sobre inscripciones para nivel preescolar, mientras que la Coordinaci\u00f3n de Asistencia Social y la Procuradur\u00eda de Protecci\u00f3n de Ni\u00f1as, Ni\u00f1os, Adolescentes y la Familia orientaci\u00f3n sobre tr\u00e1mites, servicios y asesor\u00eda jur\u00eddica.<\/p>\n\n\n\n<p>\u201cCon estas acciones, el DIF Benito Ju\u00e1rez reafirma su compromiso de trabajar cerca de la comunidad, llevando atenci\u00f3n y bienestar a quienes m\u00e1s lo necesitan\u201d, concluy\u00f3.<\/p>\n","protected":false},"excerpt":{"rendered":"<p>Con servicios gratuitos y atenci\u00f3n integral.<\/p>\n","protected":false},"author":1,"featured_media":34190,"comment_status":"open","ping_status":"closed","sticky":false,"template":"","format":"standard","meta":{"footnotes":""},"categories":[6],"tags":[684],"class_list":["post-34186","post","type-post","status-publish","format-standard","has-post-thumbnail","hentry","category-cancun","tag-dif-benito-juarez"],"yoast_head":"<!-- This site is optimized with the Yoast SEO plugin v27.1.1 - https:\/\/yoast.com\/product\/yoast-seo-wordpress\/ -->\n<title>ACERCA DIF BENITO JU\u00c1REZ BRIGADA ASISTENCIAL A LAS FAMILIAS - Panorama Ciudadano<\/title>\n<meta name=\"robots\" content=\"index, follow, max-snippet:-1, max-image-preview:large, max-video-preview:-1\" \/>\n<link rel=\"canonical\" href=\"https:\/\/panoramaciudadano.com\/index.php\/2026\/04\/27\/acerca-dif-benito-juarez-brigada-asistencial-a-las-familias\/\" \/>\n<meta property=\"og:locale\" content=\"es_ES\" \/>\n<meta property=\"og:type\" content=\"article\" \/>\n<meta property=\"og:title\" content=\"ACERCA DIF BENITO JU\u00c1REZ BRIGADA ASISTENCIAL A LAS FAMILIAS - Panorama Ciudadano\" \/>\n<meta property=\"og:description\" content=\"Con servicios gratuitos y atenci\u00f3n integral.\" \/>\n<meta property=\"og:url\" content=\"https:\/\/panoramaciudadano.com\/index.php\/2026\/04\/27\/acerca-dif-benito-juarez-brigada-asistencial-a-las-familias\/\" \/>\n<meta property=\"og:site_name\" content=\"Panorama Ciudadano\" \/>\n<meta property=\"article:publisher\" content=\"https:\/\/www.facebook.com\/panoramaciudadano\" \/>\n<meta property=\"article:published_time\" content=\"2026-04-27T14:22:51+00:00\" \/>\n<meta property=\"article:modified_time\" content=\"2026-04-27T14:22:53+00:00\" \/>\n<meta property=\"og:image\" content=\"https:\/\/panoramaciudadano.com\/wp-content\/uploads\/2026\/04\/WhatsApp-Image-2026-04-27-at-7.37.55-AM.jpeg\" \/>\n\t<meta property=\"og:image:width\" content=\"1280\" \/>\n\t<meta property=\"og:image:height\" content=\"591\" \/>\n\t<meta property=\"og:image:type\" content=\"image\/jpeg\" \/>\n<meta name=\"author\" content=\"admin\" \/>\n<meta name=\"twitter:card\" content=\"summary_large_image\" \/>\n<meta name=\"twitter:label1\" content=\"Escrito por\" \/>\n\t<meta name=\"twitter:data1\" content=\"admin\" \/>\n\t<meta name=\"twitter:label2\" content=\"Tiempo de lectura\" \/>\n\t<meta name=\"twitter:data2\" content=\"4 minutos\" \/>\n<script type=\"application\/ld+json\" class=\"yoast-schema-graph\">{\"@context\":\"https:\/\/schema.org\",\"@graph\":[{\"@type\":\"Article\",\"@id\":\"https:\/\/panoramaciudadano.com\/index.php\/2026\/04\/27\/acerca-dif-benito-juarez-brigada-asistencial-a-las-familias\/#article\",\"isPartOf\":{\"@id\":\"https:\/\/panoramaciudadano.com\/index.php\/2026\/04\/27\/acerca-dif-benito-juarez-brigada-asistencial-a-las-familias\/\"},\"author\":{\"name\":\"admin\",\"@id\":\"https:\/\/panoramaciudadano.com\/#\/schema\/person\/ffe9fe8ef47d3a93977b5761fd9e0d96\"},\"headline\":\"ACERCA DIF BENITO JU\u00c1REZ BRIGADA ASISTENCIAL A LAS FAMILIAS\",\"datePublished\":\"2026-04-27T14:22:51+00:00\",\"dateModified\":\"2026-04-27T14:22:53+00:00\",\"mainEntityOfPage\":{\"@id\":\"https:\/\/panoramaciudadano.com\/index.php\/2026\/04\/27\/acerca-dif-benito-juarez-brigada-asistencial-a-las-familias\/\"},\"wordCount\":520,\"commentCount\":0,\"publisher\":{\"@id\":\"https:\/\/panoramaciudadano.com\/#organization\"},\"image\":{\"@id\":\"https:\/\/panoramaciudadano.com\/index.php\/2026\/04\/27\/acerca-dif-benito-juarez-brigada-asistencial-a-las-familias\/#primaryimage\"},\"thumbnailUrl\":\"https:\/\/panoramaciudadano.com\/wp-content\/uploads\/2026\/04\/WhatsApp-Image-2026-04-27-at-7.37.55-AM.jpeg\",\"keywords\":[\"DIF Benito Ju\u00e1rez\"],\"articleSection\":[\"Canc\u00fan\"],\"inLanguage\":\"es\",\"potentialAction\":[{\"@type\":\"CommentAction\",\"name\":\"Comment\",\"target\":[\"https:\/\/panoramaciudadano.com\/index.php\/2026\/04\/27\/acerca-dif-benito-juarez-brigada-asistencial-a-las-familias\/#respond\"]}]},{\"@type\":\"WebPage\",\"@id\":\"https:\/\/panoramaciudadano.com\/index.php\/2026\/04\/27\/acerca-dif-benito-juarez-brigada-asistencial-a-las-familias\/\",\"url\":\"https:\/\/panoramaciudadano.com\/index.php\/2026\/04\/27\/acerca-dif-benito-juarez-brigada-asistencial-a-las-familias\/\",\"name\":\"ACERCA DIF BENITO JU\u00c1REZ BRIGADA ASISTENCIAL A LAS FAMILIAS - Panorama Ciudadano\",\"isPartOf\":{\"@id\":\"https:\/\/panoramaciudadano.com\/#website\"},\"primaryImageOfPage\":{\"@id\":\"https:\/\/panoramaciudadano.com\/index.php\/2026\/04\/27\/acerca-dif-benito-juarez-brigada-asistencial-a-las-familias\/#primaryimage\"},\"image\":{\"@id\":\"https:\/\/panoramaciudadano.com\/index.php\/2026\/04\/27\/acerca-dif-benito-juarez-brigada-asistencial-a-las-familias\/#primaryimage\"},\"thumbnailUrl\":\"https:\/\/panoramaciudadano.com\/wp-content\/uploads\/2026\/04\/WhatsApp-Image-2026-04-27-at-7.37.55-AM.jpeg\",\"datePublished\":\"2026-04-27T14:22:51+00:00\",\"dateModified\":\"2026-04-27T14:22:53+00:00\",\"breadcrumb\":{\"@id\":\"https:\/\/panoramaciudadano.com\/index.php\/2026\/04\/27\/acerca-dif-benito-juarez-brigada-asistencial-a-las-familias\/#breadcrumb\"},\"inLanguage\":\"es\",\"potentialAction\":[{\"@type\":\"ReadAction\",\"target\":[\"https:\/\/panoramaciudadano.com\/index.php\/2026\/04\/27\/acerca-dif-benito-juarez-brigada-asistencial-a-las-familias\/\"]}]},{\"@type\":\"ImageObject\",\"inLanguage\":\"es\",\"@id\":\"https:\/\/panoramaciudadano.com\/index.php\/2026\/04\/27\/acerca-dif-benito-juarez-brigada-asistencial-a-las-familias\/#primaryimage\",\"url\":\"https:\/\/panoramaciudadano.com\/wp-content\/uploads\/2026\/04\/WhatsApp-Image-2026-04-27-at-7.37.55-AM.jpeg\",\"contentUrl\":\"https:\/\/panoramaciudadano.com\/wp-content\/uploads\/2026\/04\/WhatsApp-Image-2026-04-27-at-7.37.55-AM.jpeg\",\"width\":1280,\"height\":591},{\"@type\":\"BreadcrumbList\",\"@id\":\"https:\/\/panoramaciudadano.com\/index.php\/2026\/04\/27\/acerca-dif-benito-juarez-brigada-asistencial-a-las-familias\/#breadcrumb\",\"itemListElement\":[{\"@type\":\"ListItem\",\"position\":1,\"name\":\"Portada\",\"item\":\"https:\/\/panoramaciudadano.com\/\"},{\"@type\":\"ListItem\",\"position\":2,\"name\":\"ACERCA DIF BENITO JU\u00c1REZ BRIGADA ASISTENCIAL A LAS FAMILIAS\"}]},{\"@type\":\"WebSite\",\"@id\":\"https:\/\/panoramaciudadano.com\/#website\",\"url\":\"https:\/\/panoramaciudadano.com\/\",\"name\":\"Panorama Ciudadano\",\"description\":\"\",\"publisher\":{\"@id\":\"https:\/\/panoramaciudadano.com\/#organization\"},\"potentialAction\":[{\"@type\":\"SearchAction\",\"target\":{\"@type\":\"EntryPoint\",\"urlTemplate\":\"https:\/\/panoramaciudadano.com\/?s={search_term_string}\"},\"query-input\":{\"@type\":\"PropertyValueSpecification\",\"valueRequired\":true,\"valueName\":\"search_term_string\"}}],\"inLanguage\":\"es\"},{\"@type\":\"Organization\",\"@id\":\"https:\/\/panoramaciudadano.com\/#organization\",\"name\":\"Panorama Ciudadano\",\"url\":\"https:\/\/panoramaciudadano.com\/\",\"logo\":{\"@type\":\"ImageObject\",\"inLanguage\":\"es\",\"@id\":\"https:\/\/panoramaciudadano.com\/#\/schema\/logo\/image\/\",\"url\":\"https:\/\/panoramaciudadano.com\/wp-content\/uploads\/2024\/05\/401498640_919267042938564_6290593609399108733_n.jpg\",\"contentUrl\":\"https:\/\/panoramaciudadano.com\/wp-content\/uploads\/2024\/05\/401498640_919267042938564_6290593609399108733_n.jpg\",\"width\":960,\"height\":957,\"caption\":\"Panorama Ciudadano\"},\"image\":{\"@id\":\"https:\/\/panoramaciudadano.com\/#\/schema\/logo\/image\/\"},\"sameAs\":[\"https:\/\/www.facebook.com\/panoramaciudadano\"]},{\"@type\":\"Person\",\"@id\":\"https:\/\/panoramaciudadano.com\/#\/schema\/person\/ffe9fe8ef47d3a93977b5761fd9e0d96\",\"name\":\"admin\",\"image\":{\"@type\":\"ImageObject\",\"inLanguage\":\"es\",\"@id\":\"https:\/\/panoramaciudadano.com\/#\/schema\/person\/image\/\",\"url\":\"https:\/\/secure.gravatar.com\/avatar\/2d5a12cacce3f18096f25fadea8abb7202fef18ed669595589853e84260ff451?s=96&d=mm&r=g\",\"contentUrl\":\"https:\/\/secure.gravatar.com\/avatar\/2d5a12cacce3f18096f25fadea8abb7202fef18ed669595589853e84260ff451?s=96&d=mm&r=g\",\"caption\":\"admin\"},\"sameAs\":[\"https:\/\/panoramaciudadano.com\"],\"url\":\"https:\/\/panoramaciudadano.com\/index.php\/author\/admin_3q6hyqq3\/\"}]}<\/script>\n<!-- \/ Yoast SEO plugin. -->","yoast_head_json":{"title":"ACERCA DIF BENITO JU\u00c1REZ BRIGADA ASISTENCIAL A LAS FAMILIAS - Panorama Ciudadano","robots":{"index":"index","follow":"follow","max-snippet":"max-snippet:-1","max-image-preview":"max-image-preview:large","max-video-preview":"max-video-preview:-1"},"canonical":"https:\/\/panoramaciudadano.com\/index.php\/2026\/04\/27\/acerca-dif-benito-juarez-brigada-asistencial-a-las-familias\/","og_locale":"es_ES","og_type":"article","og_title":"ACERCA DIF BENITO JU\u00c1REZ BRIGADA ASISTENCIAL A LAS FAMILIAS - Panorama Ciudadano","og_description":"Con servicios gratuitos y atenci\u00f3n integral.","og_url":"https:\/\/panoramaciudadano.com\/index.php\/2026\/04\/27\/acerca-dif-benito-juarez-brigada-asistencial-a-las-familias\/","og_site_name":"Panorama Ciudadano","article_publisher":"https:\/\/www.facebook.com\/panoramaciudadano","article_published_time":"2026-04-27T14:22:51+00:00","article_modified_time":"2026-04-27T14:22:53+00:00","og_image":[{"width":1280,"height":591,"url":"https:\/\/panoramaciudadano.com\/wp-content\/uploads\/2026\/04\/WhatsApp-Image-2026-04-27-at-7.37.55-AM.jpeg","type":"image\/jpeg"}],"author":"admin","twitter_card":"summary_large_image","twitter_misc":{"Escrito por":"admin","Tiempo de lectura":"4 minutos"},"schema":{"@context":"https:\/\/schema.org","@graph":[{"@type":"Article","@id":"https:\/\/panoramaciudadano.com\/index.php\/2026\/04\/27\/acerca-dif-benito-juarez-brigada-asistencial-a-las-familias\/#article","isPartOf":{"@id":"https:\/\/panoramaciudadano.com\/index.php\/2026\/04\/27\/acerca-dif-benito-juarez-brigada-asistencial-a-las-familias\/"},"author":{"name":"admin","@id":"https:\/\/panoramaciudadano.com\/#\/schema\/person\/ffe9fe8ef47d3a93977b5761fd9e0d96"},"headline":"ACERCA DIF BENITO JU\u00c1REZ BRIGADA ASISTENCIAL A LAS FAMILIAS","datePublished":"2026-04-27T14:22:51+00:00","dateModified":"2026-04-27T14:22:53+00:00","mainEntityOfPage":{"@id":"https:\/\/panoramaciudadano.com\/index.php\/2026\/04\/27\/acerca-dif-benito-juarez-brigada-asistencial-a-las-familias\/"},"wordCount":520,"commentCount":0,"publisher":{"@id":"https:\/\/panoramaciudadano.com\/#organization"},"image":{"@id":"https:\/\/panoramaciudadano.com\/index.php\/2026\/04\/27\/acerca-dif-benito-juarez-brigada-asistencial-a-las-familias\/#primaryimage"},"thumbnailUrl":"https:\/\/panoramaciudadano.com\/wp-content\/uploads\/2026\/04\/WhatsApp-Image-2026-04-27-at-7.37.55-AM.jpeg","keywords":["DIF Benito Ju\u00e1rez"],"articleSection":["Canc\u00fan"],"inLanguage":"es","potentialAction":[{"@type":"CommentAction","name":"Comment","target":["https:\/\/panoramaciudadano.com\/index.php\/2026\/04\/27\/acerca-dif-benito-juarez-brigada-asistencial-a-las-familias\/#respond"]}]},{"@type":"WebPage","@id":"https:\/\/panoramaciudadano.com\/index.php\/2026\/04\/27\/acerca-dif-benito-juarez-brigada-asistencial-a-las-familias\/","url":"https:\/\/panoramaciudadano.com\/index.php\/2026\/04\/27\/acerca-dif-benito-juarez-brigada-asistencial-a-las-familias\/","name":"ACERCA DIF BENITO JU\u00c1REZ BRIGADA ASISTENCIAL A LAS FAMILIAS - Panorama Ciudadano","isPartOf":{"@id":"https:\/\/panoramaciudadano.com\/#website"},"primaryImageOfPage":{"@id":"https:\/\/panoramaciudadano.com\/index.php\/2026\/04\/27\/acerca-dif-benito-juarez-brigada-asistencial-a-las-familias\/#primaryimage"},"image":{"@id":"https:\/\/panoramaciudadano.com\/index.php\/2026\/04\/27\/acerca-dif-benito-juarez-brigada-asistencial-a-las-familias\/#primaryimage"},"thumbnailUrl":"https:\/\/panoramaciudadano.com\/wp-content\/uploads\/2026\/04\/WhatsApp-Image-2026-04-27-at-7.37.55-AM.jpeg","datePublished":"2026-04-27T14:22:51+00:00","dateModified":"2026-04-27T14:22:53+00:00","breadcrumb":{"@id":"https:\/\/panoramaciudadano.com\/index.php\/2026\/04\/27\/acerca-dif-benito-juarez-brigada-asistencial-a-las-familias\/#breadcrumb"},"inLanguage":"es","potentialAction":[{"@type":"ReadAction","target":["https:\/\/panoramaciudadano.com\/index.php\/2026\/04\/27\/acerca-dif-benito-juarez-brigada-asistencial-a-las-familias\/"]}]},{"@type":"ImageObject","inLanguage":"es","@id":"https:\/\/panoramaciudadano.com\/index.php\/2026\/04\/27\/acerca-dif-benito-juarez-brigada-asistencial-a-las-familias\/#primaryimage","url":"https:\/\/panoramaciudadano.com\/wp-content\/uploads\/2026\/04\/WhatsApp-Image-2026-04-27-at-7.37.55-AM.jpeg","contentUrl":"https:\/\/panoramaciudadano.com\/wp-content\/uploads\/2026\/04\/WhatsApp-Image-2026-04-27-at-7.37.55-AM.jpeg","width":1280,"height":591},{"@type":"BreadcrumbList","@id":"https:\/\/panoramaciudadano.com\/index.php\/2026\/04\/27\/acerca-dif-benito-juarez-brigada-asistencial-a-las-familias\/#breadcrumb","itemListElement":[{"@type":"ListItem","position":1,"name":"Portada","item":"https:\/\/panoramaciudadano.com\/"},{"@type":"ListItem","position":2,"name":"ACERCA DIF BENITO JU\u00c1REZ BRIGADA ASISTENCIAL A LAS FAMILIAS"}]},{"@type":"WebSite","@id":"https:\/\/panoramaciudadano.com\/#website","url":"https:\/\/panoramaciudadano.com\/","name":"Panorama Ciudadano","description":"","publisher":{"@id":"https:\/\/panoramaciudadano.com\/#organization"},"potentialAction":[{"@type":"SearchAction","target":{"@type":"EntryPoint","urlTemplate":"https:\/\/panoramaciudadano.com\/?s={search_term_string}"},"query-input":{"@type":"PropertyValueSpecification","valueRequired":true,"valueName":"search_term_string"}}],"inLanguage":"es"},{"@type":"Organization","@id":"https:\/\/panoramaciudadano.com\/#organization","name":"Panorama Ciudadano","url":"https:\/\/panoramaciudadano.com\/","logo":{"@type":"ImageObject","inLanguage":"es","@id":"https:\/\/panoramaciudadano.com\/#\/schema\/logo\/image\/","url":"https:\/\/panoramaciudadano.com\/wp-content\/uploads\/2024\/05\/401498640_919267042938564_6290593609399108733_n.jpg","contentUrl":"https:\/\/panoramaciudadano.com\/wp-content\/uploads\/2024\/05\/401498640_919267042938564_6290593609399108733_n.jpg","width":960,"height":957,"caption":"Panorama Ciudadano"},"image":{"@id":"https:\/\/panoramaciudadano.com\/#\/schema\/logo\/image\/"},"sameAs":["https:\/\/www.facebook.com\/panoramaciudadano"]},{"@type":"Person","@id":"https:\/\/panoramaciudadano.com\/#\/schema\/person\/ffe9fe8ef47d3a93977b5761fd9e0d96","name":"admin","image":{"@type":"ImageObject","inLanguage":"es","@id":"https:\/\/panoramaciudadano.com\/#\/schema\/person\/image\/","url":"https:\/\/secure.gravatar.com\/avatar\/2d5a12cacce3f18096f25fadea8abb7202fef18ed669595589853e84260ff451?s=96&d=mm&r=g","contentUrl":"https:\/\/secure.gravatar.com\/avatar\/2d5a12cacce3f18096f25fadea8abb7202fef18ed669595589853e84260ff451?s=96&d=mm&r=g","caption":"admin"},"sameAs":["https:\/\/panoramaciudadano.com"],"url":"https:\/\/panoramaciudadano.com\/index.php\/author\/admin_3q6hyqq3\/"}]}},"_links":{"self":[{"href":"https:\/\/panoramaciudadano.com\/index.php\/wp-json\/wp\/v2\/posts\/34186","targetHints":{"allow":["GET"]}}],"collection":[{"href":"https:\/\/panoramaciudadano.com\/index.php\/wp-json\/wp\/v2\/posts"}],"about":[{"href":"https:\/\/panoramaciudadano.com\/index.php\/wp-json\/wp\/v2\/types\/post"}],"author":[{"embeddable":true,"href":"https:\/\/panoramaciudadano.com\/index.php\/wp-json\/wp\/v2\/users\/1"}],"replies":[{"embeddable":true,"href":"https:\/\/panoramaciudadano.com\/index.php\/wp-json\/wp\/v2\/comments?post=34186"}],"version-history":[{"count":1,"href":"https:\/\/panoramaciudadano.com\/index.php\/wp-json\/wp\/v2\/posts\/34186\/revisions"}],"predecessor-version":[{"id":34191,"href":"https:\/\/panoramaciudadano.com\/index.php\/wp-json\/wp\/v2\/posts\/34186\/revisions\/34191"}],"wp:featuredmedia":[{"embeddable":true,"href":"https:\/\/panoramaciudadano.com\/index.php\/wp-json\/wp\/v2\/media\/34190"}],"wp:attachment":[{"href":"https:\/\/panoramaciudadano.com\/index.php\/wp-json\/wp\/v2\/media?parent=34186"}],"wp:term":[{"taxonomy":"category","embeddable":true,"href":"https:\/\/panoramaciudadano.com\/index.php\/wp-json\/wp\/v2\/categories?post=34186"},{"taxonomy":"post_tag","embeddable":true,"href":"https:\/\/panoramaciudadano.com\/index.php\/wp-json\/wp\/v2\/tags?post=34186"}],"curies":[{"name":"wp","href":"https:\/\/api.w.org\/{rel}","templated":true}]}}