{"id":34192,"date":"2026-04-27T09:24:41","date_gmt":"2026-04-27T14:24:41","guid":{"rendered":"https:\/\/panoramaciudadano.com\/?p=34192"},"modified":"2026-04-27T09:24:43","modified_gmt":"2026-04-27T14:24:43","slug":"exitosa-segunda-funcion-del-campeonato-municipal-de-lucha","status":"publish","type":"post","link":"https:\/\/panoramaciudadano.com\/index.php\/2026\/04\/27\/exitosa-segunda-funcion-del-campeonato-municipal-de-lucha\/","title":{"rendered":"EXITOSA SEGUNDA FUNCI\u00d3N DEL CAMPEONATO MUNICIPAL DE LUCHA"},"content":{"rendered":"\n<figure class=\"wp-block-gallery has-nested-images columns-default is-cropped wp-block-gallery-1 is-layout-flex wp-block-gallery-is-layout-flex\">\n<figure class=\"wp-block-image size-large\"><img decoding=\"async\" width=\"890\" height=\"1024\" data-id=\"34196\" src=\"https:\/\/panoramaciudadano.com\/wp-content\/uploads\/2026\/04\/WhatsApp-Image-2026-04-27-at-7.40.32-AM-1-890x1024.jpeg\" alt=\"\" class=\"wp-image-34196\" srcset=\"https:\/\/panoramaciudadano.com\/wp-content\/uploads\/2026\/04\/WhatsApp-Image-2026-04-27-at-7.40.32-AM-1-890x1024.jpeg 890w, https:\/\/panoramaciudadano.com\/wp-content\/uploads\/2026\/04\/WhatsApp-Image-2026-04-27-at-7.40.32-AM-1-261x300.jpeg 261w, https:\/\/panoramaciudadano.com\/wp-content\/uploads\/2026\/04\/WhatsApp-Image-2026-04-27-at-7.40.32-AM-1-768x884.jpeg 768w, https:\/\/panoramaciudadano.com\/wp-content\/uploads\/2026\/04\/WhatsApp-Image-2026-04-27-at-7.40.32-AM-1-1334x1536.jpeg 1334w, https:\/\/panoramaciudadano.com\/wp-content\/uploads\/2026\/04\/WhatsApp-Image-2026-04-27-at-7.40.32-AM-1.jpeg 1390w\" sizes=\"(max-width: 890px) 100vw, 890px\" \/><\/figure>\n\n\n\n<figure class=\"wp-block-image size-large\"><img decoding=\"async\" width=\"1024\" height=\"682\" data-id=\"34193\" src=\"https:\/\/panoramaciudadano.com\/wp-content\/uploads\/2026\/04\/WhatsApp-Image-2026-04-27-at-7.40.32-AM-1024x682.jpeg\" alt=\"\" class=\"wp-image-34193\" srcset=\"https:\/\/panoramaciudadano.com\/wp-content\/uploads\/2026\/04\/WhatsApp-Image-2026-04-27-at-7.40.32-AM-1024x682.jpeg 1024w, https:\/\/panoramaciudadano.com\/wp-content\/uploads\/2026\/04\/WhatsApp-Image-2026-04-27-at-7.40.32-AM-300x200.jpeg 300w, https:\/\/panoramaciudadano.com\/wp-content\/uploads\/2026\/04\/WhatsApp-Image-2026-04-27-at-7.40.32-AM-768x512.jpeg 768w, https:\/\/panoramaciudadano.com\/wp-content\/uploads\/2026\/04\/WhatsApp-Image-2026-04-27-at-7.40.32-AM-1536x1023.jpeg 1536w, https:\/\/panoramaciudadano.com\/wp-content\/uploads\/2026\/04\/WhatsApp-Image-2026-04-27-at-7.40.32-AM.jpeg 1600w\" sizes=\"(max-width: 1024px) 100vw, 1024px\" \/><\/figure>\n\n\n\n<figure class=\"wp-block-image size-large\"><img decoding=\"async\" width=\"1024\" height=\"682\" data-id=\"34194\" src=\"https:\/\/panoramaciudadano.com\/wp-content\/uploads\/2026\/04\/WhatsApp-Image-2026-04-27-at-7.40.33-AM-1-1024x682.jpeg\" alt=\"\" class=\"wp-image-34194\" srcset=\"https:\/\/panoramaciudadano.com\/wp-content\/uploads\/2026\/04\/WhatsApp-Image-2026-04-27-at-7.40.33-AM-1-1024x682.jpeg 1024w, https:\/\/panoramaciudadano.com\/wp-content\/uploads\/2026\/04\/WhatsApp-Image-2026-04-27-at-7.40.33-AM-1-300x200.jpeg 300w, https:\/\/panoramaciudadano.com\/wp-content\/uploads\/2026\/04\/WhatsApp-Image-2026-04-27-at-7.40.33-AM-1-768x512.jpeg 768w, https:\/\/panoramaciudadano.com\/wp-content\/uploads\/2026\/04\/WhatsApp-Image-2026-04-27-at-7.40.33-AM-1-1536x1023.jpeg 1536w, https:\/\/panoramaciudadano.com\/wp-content\/uploads\/2026\/04\/WhatsApp-Image-2026-04-27-at-7.40.33-AM-1.jpeg 1600w\" sizes=\"(max-width: 1024px) 100vw, 1024px\" \/><\/figure>\n\n\n\n<figure class=\"wp-block-image size-large\"><img decoding=\"async\" width=\"1024\" height=\"682\" data-id=\"34195\" src=\"https:\/\/panoramaciudadano.com\/wp-content\/uploads\/2026\/04\/WhatsApp-Image-2026-04-27-at-7.40.33-AM-1024x682.jpeg\" alt=\"\" class=\"wp-image-34195\" srcset=\"https:\/\/panoramaciudadano.com\/wp-content\/uploads\/2026\/04\/WhatsApp-Image-2026-04-27-at-7.40.33-AM-1024x682.jpeg 1024w, https:\/\/panoramaciudadano.com\/wp-content\/uploads\/2026\/04\/WhatsApp-Image-2026-04-27-at-7.40.33-AM-300x200.jpeg 300w, https:\/\/panoramaciudadano.com\/wp-content\/uploads\/2026\/04\/WhatsApp-Image-2026-04-27-at-7.40.33-AM-768x512.jpeg 768w, https:\/\/panoramaciudadano.com\/wp-content\/uploads\/2026\/04\/WhatsApp-Image-2026-04-27-at-7.40.33-AM-1536x1023.jpeg 1536w, https:\/\/panoramaciudadano.com\/wp-content\/uploads\/2026\/04\/WhatsApp-Image-2026-04-27-at-7.40.33-AM.jpeg 1600w\" sizes=\"(max-width: 1024px) 100vw, 1024px\" \/><\/figure>\n<\/figure>\n\n\n\n<p>El Ayuntamiento de Benito Ju\u00e1rez, a trav\u00e9s del Instituto de la Cultura F\u00edsica y el Deporte, llev\u00f3 a cabo la segunda funci\u00f3n del Segundo Campeonato Municipal de Lucha Libre, transformando el Domo Chac\u00e1h de Prado Norte en un espacio de sana convivencia familiar.<\/p>\n\n\n\n<p>\u201cQueremos que nuestras ni\u00f1as y ni\u00f1os crezcan con valores, con disciplina y con oportunidades. El deporte es una herramienta fundamental para alejarlos de conductas negativas y acercarlos a una vida sana; por eso seguiremos llevando este tipo de actividades a cada rinc\u00f3n del municipio\u201d, resalt\u00f3 desde la Supermanzana 260 el director de esta dependencia, Alejandro Luna L\u00f3pez.&nbsp;<\/p>\n\n\n\n<p>Adem\u00e1s, en el marco de la celebraci\u00f3n por el D\u00eda de la Ni\u00f1a y el Ni\u00f1o, tambi\u00e9n entreg\u00f3 juguetes, generando momentos de alegr\u00eda entre los m\u00e1s peque\u00f1os del hogar.&nbsp;<\/p>\n\n\n\n<p>Previo al arranque de los combates, el payaso Serruch\u00edn anim\u00f3 el ambiente e hizo re\u00edr a chicos y grandes con un espect\u00e1culo lleno de ocurrencias, juegos e interacci\u00f3n, marcando el tono festivo de una jornada dise\u00f1ada para la convivencia y la sana recreaci\u00f3n.&nbsp;<\/p>\n\n\n\n<p>Tras estos momentos, la afici\u00f3n disfrut\u00f3 de siete intensos combates de lucha libre, en los que el talento local se entreg\u00f3 en cada ca\u00edda, desatando aplausos, gritos y la pasi\u00f3n caracter\u00edstica de este deporte, reflejo de la cultura y las tradiciones mexicanas.&nbsp;<\/p>\n\n\n\n<p>As\u00ed, entre risas, m\u00e1scaras y aplausos, el Instituto de la Cultura F\u00edsica y Deporte reafirma su compromiso reforzar el tejido social.&nbsp;<\/p>\n\n\n\n<figure class=\"wp-block-image size-large\"><img decoding=\"async\" width=\"1024\" height=\"569\" src=\"https:\/\/panoramaciudadano.com\/wp-content\/uploads\/2026\/04\/WhatsApp-Image-2026-04-27-at-7.40.36-AM-1024x569.jpeg\" alt=\"\" class=\"wp-image-34197\" srcset=\"https:\/\/panoramaciudadano.com\/wp-content\/uploads\/2026\/04\/WhatsApp-Image-2026-04-27-at-7.40.36-AM-1024x569.jpeg 1024w, https:\/\/panoramaciudadano.com\/wp-content\/uploads\/2026\/04\/WhatsApp-Image-2026-04-27-at-7.40.36-AM-300x167.jpeg 300w, https:\/\/panoramaciudadano.com\/wp-content\/uploads\/2026\/04\/WhatsApp-Image-2026-04-27-at-7.40.36-AM-768x427.jpeg 768w, https:\/\/panoramaciudadano.com\/wp-content\/uploads\/2026\/04\/WhatsApp-Image-2026-04-27-at-7.40.36-AM.jpeg 1320w\" sizes=\"(max-width: 1024px) 100vw, 1024px\" \/><\/figure>\n\n\n\n<hr class=\"wp-block-separator has-alpha-channel-opacity\"\/>\n","protected":false},"excerpt":{"rendered":"<p>El Ayuntamiento de Benito Ju\u00e1rez, a trav\u00e9s del Instituto de la Cultura F\u00edsica y el Deporte, llev\u00f3 a cabo la segunda funci\u00f3n del Segundo Campeonato Municipal de Lucha Libre, transformando el Domo Chac\u00e1h de Prado Norte en un espacio de sana convivencia familiar.<\/p>\n","protected":false},"author":1,"featured_media":34197,"comment_status":"open","ping_status":"closed","sticky":false,"template":"","format":"standard","meta":{"footnotes":""},"categories":[15],"tags":[3005],"class_list":["post-34192","post","type-post","status-publish","format-standard","has-post-thumbnail","hentry","category-deportes","tag-segundo-campeonato-municipal-de-lucha-libre"],"yoast_head":"<!-- This site is optimized with the Yoast SEO plugin v27.1.1 - https:\/\/yoast.com\/product\/yoast-seo-wordpress\/ -->\n<title>EXITOSA SEGUNDA FUNCI\u00d3N DEL CAMPEONATO MUNICIPAL DE LUCHA - Panorama Ciudadano<\/title>\n<meta name=\"robots\" content=\"index, follow, max-snippet:-1, max-image-preview:large, max-video-preview:-1\" \/>\n<link rel=\"canonical\" href=\"https:\/\/panoramaciudadano.com\/index.php\/2026\/04\/27\/exitosa-segunda-funcion-del-campeonato-municipal-de-lucha\/\" \/>\n<meta property=\"og:locale\" content=\"es_ES\" \/>\n<meta property=\"og:type\" content=\"article\" \/>\n<meta property=\"og:title\" content=\"EXITOSA SEGUNDA FUNCI\u00d3N DEL CAMPEONATO MUNICIPAL DE LUCHA - Panorama Ciudadano\" \/>\n<meta property=\"og:description\" content=\"El Ayuntamiento de Benito Ju\u00e1rez, a trav\u00e9s del Instituto de la Cultura F\u00edsica y el Deporte, llev\u00f3 a cabo la segunda funci\u00f3n del Segundo Campeonato Municipal de Lucha Libre, transformando el Domo Chac\u00e1h de Prado Norte en un espacio de sana convivencia familiar.\" \/>\n<meta property=\"og:url\" content=\"https:\/\/panoramaciudadano.com\/index.php\/2026\/04\/27\/exitosa-segunda-funcion-del-campeonato-municipal-de-lucha\/\" \/>\n<meta property=\"og:site_name\" content=\"Panorama Ciudadano\" \/>\n<meta property=\"article:publisher\" content=\"https:\/\/www.facebook.com\/panoramaciudadano\" \/>\n<meta property=\"article:published_time\" content=\"2026-04-27T14:24:41+00:00\" \/>\n<meta property=\"article:modified_time\" content=\"2026-04-27T14:24:43+00:00\" \/>\n<meta property=\"og:image\" content=\"https:\/\/panoramaciudadano.com\/wp-content\/uploads\/2026\/04\/WhatsApp-Image-2026-04-27-at-7.40.36-AM.jpeg\" \/>\n\t<meta property=\"og:image:width\" content=\"1320\" \/>\n\t<meta property=\"og:image:height\" content=\"734\" \/>\n\t<meta property=\"og:image:type\" content=\"image\/jpeg\" \/>\n<meta name=\"author\" content=\"admin\" \/>\n<meta name=\"twitter:card\" content=\"summary_large_image\" \/>\n<meta name=\"twitter:label1\" content=\"Escrito por\" \/>\n\t<meta name=\"twitter:data1\" content=\"admin\" \/>\n\t<meta name=\"twitter:label2\" content=\"Tiempo de lectura\" \/>\n\t<meta name=\"twitter:data2\" content=\"3 minutos\" \/>\n<script type=\"application\/ld+json\" class=\"yoast-schema-graph\">{\"@context\":\"https:\/\/schema.org\",\"@graph\":[{\"@type\":\"Article\",\"@id\":\"https:\/\/panoramaciudadano.com\/index.php\/2026\/04\/27\/exitosa-segunda-funcion-del-campeonato-municipal-de-lucha\/#article\",\"isPartOf\":{\"@id\":\"https:\/\/panoramaciudadano.com\/index.php\/2026\/04\/27\/exitosa-segunda-funcion-del-campeonato-municipal-de-lucha\/\"},\"author\":{\"name\":\"admin\",\"@id\":\"https:\/\/panoramaciudadano.com\/#\/schema\/person\/ffe9fe8ef47d3a93977b5761fd9e0d96\"},\"headline\":\"EXITOSA SEGUNDA FUNCI\u00d3N DEL CAMPEONATO MUNICIPAL DE LUCHA\",\"datePublished\":\"2026-04-27T14:24:41+00:00\",\"dateModified\":\"2026-04-27T14:24:43+00:00\",\"mainEntityOfPage\":{\"@id\":\"https:\/\/panoramaciudadano.com\/index.php\/2026\/04\/27\/exitosa-segunda-funcion-del-campeonato-municipal-de-lucha\/\"},\"wordCount\":278,\"commentCount\":0,\"publisher\":{\"@id\":\"https:\/\/panoramaciudadano.com\/#organization\"},\"image\":{\"@id\":\"https:\/\/panoramaciudadano.com\/index.php\/2026\/04\/27\/exitosa-segunda-funcion-del-campeonato-municipal-de-lucha\/#primaryimage\"},\"thumbnailUrl\":\"https:\/\/panoramaciudadano.com\/wp-content\/uploads\/2026\/04\/WhatsApp-Image-2026-04-27-at-7.40.36-AM.jpeg\",\"keywords\":[\"Segundo Campeonato Municipal de Lucha Libre\"],\"articleSection\":[\"Deportes\"],\"inLanguage\":\"es\",\"potentialAction\":[{\"@type\":\"CommentAction\",\"name\":\"Comment\",\"target\":[\"https:\/\/panoramaciudadano.com\/index.php\/2026\/04\/27\/exitosa-segunda-funcion-del-campeonato-municipal-de-lucha\/#respond\"]}]},{\"@type\":\"WebPage\",\"@id\":\"https:\/\/panoramaciudadano.com\/index.php\/2026\/04\/27\/exitosa-segunda-funcion-del-campeonato-municipal-de-lucha\/\",\"url\":\"https:\/\/panoramaciudadano.com\/index.php\/2026\/04\/27\/exitosa-segunda-funcion-del-campeonato-municipal-de-lucha\/\",\"name\":\"EXITOSA SEGUNDA FUNCI\u00d3N DEL CAMPEONATO MUNICIPAL DE LUCHA - Panorama Ciudadano\",\"isPartOf\":{\"@id\":\"https:\/\/panoramaciudadano.com\/#website\"},\"primaryImageOfPage\":{\"@id\":\"https:\/\/panoramaciudadano.com\/index.php\/2026\/04\/27\/exitosa-segunda-funcion-del-campeonato-municipal-de-lucha\/#primaryimage\"},\"image\":{\"@id\":\"https:\/\/panoramaciudadano.com\/index.php\/2026\/04\/27\/exitosa-segunda-funcion-del-campeonato-municipal-de-lucha\/#primaryimage\"},\"thumbnailUrl\":\"https:\/\/panoramaciudadano.com\/wp-content\/uploads\/2026\/04\/WhatsApp-Image-2026-04-27-at-7.40.36-AM.jpeg\",\"datePublished\":\"2026-04-27T14:24:41+00:00\",\"dateModified\":\"2026-04-27T14:24:43+00:00\",\"breadcrumb\":{\"@id\":\"https:\/\/panoramaciudadano.com\/index.php\/2026\/04\/27\/exitosa-segunda-funcion-del-campeonato-municipal-de-lucha\/#breadcrumb\"},\"inLanguage\":\"es\",\"potentialAction\":[{\"@type\":\"ReadAction\",\"target\":[\"https:\/\/panoramaciudadano.com\/index.php\/2026\/04\/27\/exitosa-segunda-funcion-del-campeonato-municipal-de-lucha\/\"]}]},{\"@type\":\"ImageObject\",\"inLanguage\":\"es\",\"@id\":\"https:\/\/panoramaciudadano.com\/index.php\/2026\/04\/27\/exitosa-segunda-funcion-del-campeonato-municipal-de-lucha\/#primaryimage\",\"url\":\"https:\/\/panoramaciudadano.com\/wp-content\/uploads\/2026\/04\/WhatsApp-Image-2026-04-27-at-7.40.36-AM.jpeg\",\"contentUrl\":\"https:\/\/panoramaciudadano.com\/wp-content\/uploads\/2026\/04\/WhatsApp-Image-2026-04-27-at-7.40.36-AM.jpeg\",\"width\":1320,\"height\":734},{\"@type\":\"BreadcrumbList\",\"@id\":\"https:\/\/panoramaciudadano.com\/index.php\/2026\/04\/27\/exitosa-segunda-funcion-del-campeonato-municipal-de-lucha\/#breadcrumb\",\"itemListElement\":[{\"@type\":\"ListItem\",\"position\":1,\"name\":\"Portada\",\"item\":\"https:\/\/panoramaciudadano.com\/\"},{\"@type\":\"ListItem\",\"position\":2,\"name\":\"EXITOSA SEGUNDA FUNCI\u00d3N DEL CAMPEONATO MUNICIPAL DE LUCHA\"}]},{\"@type\":\"WebSite\",\"@id\":\"https:\/\/panoramaciudadano.com\/#website\",\"url\":\"https:\/\/panoramaciudadano.com\/\",\"name\":\"Panorama Ciudadano\",\"description\":\"\",\"publisher\":{\"@id\":\"https:\/\/panoramaciudadano.com\/#organization\"},\"potentialAction\":[{\"@type\":\"SearchAction\",\"target\":{\"@type\":\"EntryPoint\",\"urlTemplate\":\"https:\/\/panoramaciudadano.com\/?s={search_term_string}\"},\"query-input\":{\"@type\":\"PropertyValueSpecification\",\"valueRequired\":true,\"valueName\":\"search_term_string\"}}],\"inLanguage\":\"es\"},{\"@type\":\"Organization\",\"@id\":\"https:\/\/panoramaciudadano.com\/#organization\",\"name\":\"Panorama Ciudadano\",\"url\":\"https:\/\/panoramaciudadano.com\/\",\"logo\":{\"@type\":\"ImageObject\",\"inLanguage\":\"es\",\"@id\":\"https:\/\/panoramaciudadano.com\/#\/schema\/logo\/image\/\",\"url\":\"https:\/\/panoramaciudadano.com\/wp-content\/uploads\/2024\/05\/401498640_919267042938564_6290593609399108733_n.jpg\",\"contentUrl\":\"https:\/\/panoramaciudadano.com\/wp-content\/uploads\/2024\/05\/401498640_919267042938564_6290593609399108733_n.jpg\",\"width\":960,\"height\":957,\"caption\":\"Panorama Ciudadano\"},\"image\":{\"@id\":\"https:\/\/panoramaciudadano.com\/#\/schema\/logo\/image\/\"},\"sameAs\":[\"https:\/\/www.facebook.com\/panoramaciudadano\"]},{\"@type\":\"Person\",\"@id\":\"https:\/\/panoramaciudadano.com\/#\/schema\/person\/ffe9fe8ef47d3a93977b5761fd9e0d96\",\"name\":\"admin\",\"image\":{\"@type\":\"ImageObject\",\"inLanguage\":\"es\",\"@id\":\"https:\/\/panoramaciudadano.com\/#\/schema\/person\/image\/\",\"url\":\"https:\/\/secure.gravatar.com\/avatar\/2d5a12cacce3f18096f25fadea8abb7202fef18ed669595589853e84260ff451?s=96&d=mm&r=g\",\"contentUrl\":\"https:\/\/secure.gravatar.com\/avatar\/2d5a12cacce3f18096f25fadea8abb7202fef18ed669595589853e84260ff451?s=96&d=mm&r=g\",\"caption\":\"admin\"},\"sameAs\":[\"https:\/\/panoramaciudadano.com\"],\"url\":\"https:\/\/panoramaciudadano.com\/index.php\/author\/admin_3q6hyqq3\/\"}]}<\/script>\n<!-- \/ Yoast SEO plugin. -->","yoast_head_json":{"title":"EXITOSA SEGUNDA FUNCI\u00d3N DEL CAMPEONATO MUNICIPAL DE LUCHA - Panorama Ciudadano","robots":{"index":"index","follow":"follow","max-snippet":"max-snippet:-1","max-image-preview":"max-image-preview:large","max-video-preview":"max-video-preview:-1"},"canonical":"https:\/\/panoramaciudadano.com\/index.php\/2026\/04\/27\/exitosa-segunda-funcion-del-campeonato-municipal-de-lucha\/","og_locale":"es_ES","og_type":"article","og_title":"EXITOSA SEGUNDA FUNCI\u00d3N DEL CAMPEONATO MUNICIPAL DE LUCHA - Panorama Ciudadano","og_description":"El Ayuntamiento de Benito Ju\u00e1rez, a trav\u00e9s del Instituto de la Cultura F\u00edsica y el Deporte, llev\u00f3 a cabo la segunda funci\u00f3n del Segundo Campeonato Municipal de Lucha Libre, transformando el Domo Chac\u00e1h de Prado Norte en un espacio de sana convivencia familiar.","og_url":"https:\/\/panoramaciudadano.com\/index.php\/2026\/04\/27\/exitosa-segunda-funcion-del-campeonato-municipal-de-lucha\/","og_site_name":"Panorama Ciudadano","article_publisher":"https:\/\/www.facebook.com\/panoramaciudadano","article_published_time":"2026-04-27T14:24:41+00:00","article_modified_time":"2026-04-27T14:24:43+00:00","og_image":[{"width":1320,"height":734,"url":"https:\/\/panoramaciudadano.com\/wp-content\/uploads\/2026\/04\/WhatsApp-Image-2026-04-27-at-7.40.36-AM.jpeg","type":"image\/jpeg"}],"author":"admin","twitter_card":"summary_large_image","twitter_misc":{"Escrito por":"admin","Tiempo de lectura":"3 minutos"},"schema":{"@context":"https:\/\/schema.org","@graph":[{"@type":"Article","@id":"https:\/\/panoramaciudadano.com\/index.php\/2026\/04\/27\/exitosa-segunda-funcion-del-campeonato-municipal-de-lucha\/#article","isPartOf":{"@id":"https:\/\/panoramaciudadano.com\/index.php\/2026\/04\/27\/exitosa-segunda-funcion-del-campeonato-municipal-de-lucha\/"},"author":{"name":"admin","@id":"https:\/\/panoramaciudadano.com\/#\/schema\/person\/ffe9fe8ef47d3a93977b5761fd9e0d96"},"headline":"EXITOSA SEGUNDA FUNCI\u00d3N DEL CAMPEONATO MUNICIPAL DE LUCHA","datePublished":"2026-04-27T14:24:41+00:00","dateModified":"2026-04-27T14:24:43+00:00","mainEntityOfPage":{"@id":"https:\/\/panoramaciudadano.com\/index.php\/2026\/04\/27\/exitosa-segunda-funcion-del-campeonato-municipal-de-lucha\/"},"wordCount":278,"commentCount":0,"publisher":{"@id":"https:\/\/panoramaciudadano.com\/#organization"},"image":{"@id":"https:\/\/panoramaciudadano.com\/index.php\/2026\/04\/27\/exitosa-segunda-funcion-del-campeonato-municipal-de-lucha\/#primaryimage"},"thumbnailUrl":"https:\/\/panoramaciudadano.com\/wp-content\/uploads\/2026\/04\/WhatsApp-Image-2026-04-27-at-7.40.36-AM.jpeg","keywords":["Segundo Campeonato Municipal de Lucha Libre"],"articleSection":["Deportes"],"inLanguage":"es","potentialAction":[{"@type":"CommentAction","name":"Comment","target":["https:\/\/panoramaciudadano.com\/index.php\/2026\/04\/27\/exitosa-segunda-funcion-del-campeonato-municipal-de-lucha\/#respond"]}]},{"@type":"WebPage","@id":"https:\/\/panoramaciudadano.com\/index.php\/2026\/04\/27\/exitosa-segunda-funcion-del-campeonato-municipal-de-lucha\/","url":"https:\/\/panoramaciudadano.com\/index.php\/2026\/04\/27\/exitosa-segunda-funcion-del-campeonato-municipal-de-lucha\/","name":"EXITOSA SEGUNDA FUNCI\u00d3N DEL CAMPEONATO MUNICIPAL DE LUCHA - Panorama Ciudadano","isPartOf":{"@id":"https:\/\/panoramaciudadano.com\/#website"},"primaryImageOfPage":{"@id":"https:\/\/panoramaciudadano.com\/index.php\/2026\/04\/27\/exitosa-segunda-funcion-del-campeonato-municipal-de-lucha\/#primaryimage"},"image":{"@id":"https:\/\/panoramaciudadano.com\/index.php\/2026\/04\/27\/exitosa-segunda-funcion-del-campeonato-municipal-de-lucha\/#primaryimage"},"thumbnailUrl":"https:\/\/panoramaciudadano.com\/wp-content\/uploads\/2026\/04\/WhatsApp-Image-2026-04-27-at-7.40.36-AM.jpeg","datePublished":"2026-04-27T14:24:41+00:00","dateModified":"2026-04-27T14:24:43+00:00","breadcrumb":{"@id":"https:\/\/panoramaciudadano.com\/index.php\/2026\/04\/27\/exitosa-segunda-funcion-del-campeonato-municipal-de-lucha\/#breadcrumb"},"inLanguage":"es","potentialAction":[{"@type":"ReadAction","target":["https:\/\/panoramaciudadano.com\/index.php\/2026\/04\/27\/exitosa-segunda-funcion-del-campeonato-municipal-de-lucha\/"]}]},{"@type":"ImageObject","inLanguage":"es","@id":"https:\/\/panoramaciudadano.com\/index.php\/2026\/04\/27\/exitosa-segunda-funcion-del-campeonato-municipal-de-lucha\/#primaryimage","url":"https:\/\/panoramaciudadano.com\/wp-content\/uploads\/2026\/04\/WhatsApp-Image-2026-04-27-at-7.40.36-AM.jpeg","contentUrl":"https:\/\/panoramaciudadano.com\/wp-content\/uploads\/2026\/04\/WhatsApp-Image-2026-04-27-at-7.40.36-AM.jpeg","width":1320,"height":734},{"@type":"BreadcrumbList","@id":"https:\/\/panoramaciudadano.com\/index.php\/2026\/04\/27\/exitosa-segunda-funcion-del-campeonato-municipal-de-lucha\/#breadcrumb","itemListElement":[{"@type":"ListItem","position":1,"name":"Portada","item":"https:\/\/panoramaciudadano.com\/"},{"@type":"ListItem","position":2,"name":"EXITOSA SEGUNDA FUNCI\u00d3N DEL CAMPEONATO MUNICIPAL DE LUCHA"}]},{"@type":"WebSite","@id":"https:\/\/panoramaciudadano.com\/#website","url":"https:\/\/panoramaciudadano.com\/","name":"Panorama Ciudadano","description":"","publisher":{"@id":"https:\/\/panoramaciudadano.com\/#organization"},"potentialAction":[{"@type":"SearchAction","target":{"@type":"EntryPoint","urlTemplate":"https:\/\/panoramaciudadano.com\/?s={search_term_string}"},"query-input":{"@type":"PropertyValueSpecification","valueRequired":true,"valueName":"search_term_string"}}],"inLanguage":"es"},{"@type":"Organization","@id":"https:\/\/panoramaciudadano.com\/#organization","name":"Panorama Ciudadano","url":"https:\/\/panoramaciudadano.com\/","logo":{"@type":"ImageObject","inLanguage":"es","@id":"https:\/\/panoramaciudadano.com\/#\/schema\/logo\/image\/","url":"https:\/\/panoramaciudadano.com\/wp-content\/uploads\/2024\/05\/401498640_919267042938564_6290593609399108733_n.jpg","contentUrl":"https:\/\/panoramaciudadano.com\/wp-content\/uploads\/2024\/05\/401498640_919267042938564_6290593609399108733_n.jpg","width":960,"height":957,"caption":"Panorama Ciudadano"},"image":{"@id":"https:\/\/panoramaciudadano.com\/#\/schema\/logo\/image\/"},"sameAs":["https:\/\/www.facebook.com\/panoramaciudadano"]},{"@type":"Person","@id":"https:\/\/panoramaciudadano.com\/#\/schema\/person\/ffe9fe8ef47d3a93977b5761fd9e0d96","name":"admin","image":{"@type":"ImageObject","inLanguage":"es","@id":"https:\/\/panoramaciudadano.com\/#\/schema\/person\/image\/","url":"https:\/\/secure.gravatar.com\/avatar\/2d5a12cacce3f18096f25fadea8abb7202fef18ed669595589853e84260ff451?s=96&d=mm&r=g","contentUrl":"https:\/\/secure.gravatar.com\/avatar\/2d5a12cacce3f18096f25fadea8abb7202fef18ed669595589853e84260ff451?s=96&d=mm&r=g","caption":"admin"},"sameAs":["https:\/\/panoramaciudadano.com"],"url":"https:\/\/panoramaciudadano.com\/index.php\/author\/admin_3q6hyqq3\/"}]}},"_links":{"self":[{"href":"https:\/\/panoramaciudadano.com\/index.php\/wp-json\/wp\/v2\/posts\/34192","targetHints":{"allow":["GET"]}}],"collection":[{"href":"https:\/\/panoramaciudadano.com\/index.php\/wp-json\/wp\/v2\/posts"}],"about":[{"href":"https:\/\/panoramaciudadano.com\/index.php\/wp-json\/wp\/v2\/types\/post"}],"author":[{"embeddable":true,"href":"https:\/\/panoramaciudadano.com\/index.php\/wp-json\/wp\/v2\/users\/1"}],"replies":[{"embeddable":true,"href":"https:\/\/panoramaciudadano.com\/index.php\/wp-json\/wp\/v2\/comments?post=34192"}],"version-history":[{"count":1,"href":"https:\/\/panoramaciudadano.com\/index.php\/wp-json\/wp\/v2\/posts\/34192\/revisions"}],"predecessor-version":[{"id":34198,"href":"https:\/\/panoramaciudadano.com\/index.php\/wp-json\/wp\/v2\/posts\/34192\/revisions\/34198"}],"wp:featuredmedia":[{"embeddable":true,"href":"https:\/\/panoramaciudadano.com\/index.php\/wp-json\/wp\/v2\/media\/34197"}],"wp:attachment":[{"href":"https:\/\/panoramaciudadano.com\/index.php\/wp-json\/wp\/v2\/media?parent=34192"}],"wp:term":[{"taxonomy":"category","embeddable":true,"href":"https:\/\/panoramaciudadano.com\/index.php\/wp-json\/wp\/v2\/categories?post=34192"},{"taxonomy":"post_tag","embeddable":true,"href":"https:\/\/panoramaciudadano.com\/index.php\/wp-json\/wp\/v2\/tags?post=34192"}],"curies":[{"name":"wp","href":"https:\/\/api.w.org\/{rel}","templated":true}]}}