{"id":34208,"date":"2026-04-27T10:34:53","date_gmt":"2026-04-27T15:34:53","guid":{"rendered":"https:\/\/panoramaciudadano.com\/?p=34208"},"modified":"2026-04-27T10:34:55","modified_gmt":"2026-04-27T15:34:55","slug":"destaca-atenea-gomez-ricalde-exito-turistico-de-isla-mujeres-en-cumbre-internacional-de-alcaldes","status":"publish","type":"post","link":"https:\/\/panoramaciudadano.com\/index.php\/2026\/04\/27\/destaca-atenea-gomez-ricalde-exito-turistico-de-isla-mujeres-en-cumbre-internacional-de-alcaldes\/","title":{"rendered":"DESTACA ATENEA G\u00d3MEZ RICALDE \u00c9XITO TUR\u00cdSTICO DE ISLA MUJERES EN CUMBRE INTERNACIONAL DE ALCALDES"},"content":{"rendered":"\n<figure class=\"wp-block-gallery has-nested-images columns-default is-cropped wp-block-gallery-1 is-layout-flex wp-block-gallery-is-layout-flex\">\n<figure class=\"wp-block-image size-large\"><img decoding=\"async\" width=\"960\" height=\"700\" data-id=\"34209\" src=\"https:\/\/panoramaciudadano.com\/wp-content\/uploads\/2026\/04\/WhatsApp-Image-2026-04-27-at-9.45.15-AM.jpeg\" alt=\"\" class=\"wp-image-34209\" srcset=\"https:\/\/panoramaciudadano.com\/wp-content\/uploads\/2026\/04\/WhatsApp-Image-2026-04-27-at-9.45.15-AM.jpeg 960w, https:\/\/panoramaciudadano.com\/wp-content\/uploads\/2026\/04\/WhatsApp-Image-2026-04-27-at-9.45.15-AM-300x219.jpeg 300w, https:\/\/panoramaciudadano.com\/wp-content\/uploads\/2026\/04\/WhatsApp-Image-2026-04-27-at-9.45.15-AM-768x560.jpeg 768w\" sizes=\"(max-width: 960px) 100vw, 960px\" \/><\/figure>\n\n\n\n<figure class=\"wp-block-image size-large\"><img decoding=\"async\" width=\"960\" height=\"640\" data-id=\"34212\" src=\"https:\/\/panoramaciudadano.com\/wp-content\/uploads\/2026\/04\/WhatsApp-Image-2026-04-27-at-9.45.17-AM-1.jpeg\" alt=\"\" class=\"wp-image-34212\" srcset=\"https:\/\/panoramaciudadano.com\/wp-content\/uploads\/2026\/04\/WhatsApp-Image-2026-04-27-at-9.45.17-AM-1.jpeg 960w, https:\/\/panoramaciudadano.com\/wp-content\/uploads\/2026\/04\/WhatsApp-Image-2026-04-27-at-9.45.17-AM-1-300x200.jpeg 300w, https:\/\/panoramaciudadano.com\/wp-content\/uploads\/2026\/04\/WhatsApp-Image-2026-04-27-at-9.45.17-AM-1-768x512.jpeg 768w\" sizes=\"(max-width: 960px) 100vw, 960px\" \/><\/figure>\n\n\n\n<figure class=\"wp-block-image size-large\"><img decoding=\"async\" width=\"960\" height=\"640\" data-id=\"34210\" src=\"https:\/\/panoramaciudadano.com\/wp-content\/uploads\/2026\/04\/WhatsApp-Image-2026-04-27-at-9.45.17-AM-2.jpeg\" alt=\"\" class=\"wp-image-34210\" srcset=\"https:\/\/panoramaciudadano.com\/wp-content\/uploads\/2026\/04\/WhatsApp-Image-2026-04-27-at-9.45.17-AM-2.jpeg 960w, https:\/\/panoramaciudadano.com\/wp-content\/uploads\/2026\/04\/WhatsApp-Image-2026-04-27-at-9.45.17-AM-2-300x200.jpeg 300w, https:\/\/panoramaciudadano.com\/wp-content\/uploads\/2026\/04\/WhatsApp-Image-2026-04-27-at-9.45.17-AM-2-768x512.jpeg 768w\" sizes=\"(max-width: 960px) 100vw, 960px\" \/><\/figure>\n\n\n\n<figure class=\"wp-block-image size-large\"><img decoding=\"async\" width=\"960\" height=\"640\" data-id=\"34211\" src=\"https:\/\/panoramaciudadano.com\/wp-content\/uploads\/2026\/04\/WhatsApp-Image-2026-04-27-at-9.45.17-AM.jpeg\" alt=\"\" class=\"wp-image-34211\" srcset=\"https:\/\/panoramaciudadano.com\/wp-content\/uploads\/2026\/04\/WhatsApp-Image-2026-04-27-at-9.45.17-AM.jpeg 960w, https:\/\/panoramaciudadano.com\/wp-content\/uploads\/2026\/04\/WhatsApp-Image-2026-04-27-at-9.45.17-AM-300x200.jpeg 300w, https:\/\/panoramaciudadano.com\/wp-content\/uploads\/2026\/04\/WhatsApp-Image-2026-04-27-at-9.45.17-AM-768x512.jpeg 768w\" sizes=\"(max-width: 960px) 100vw, 960px\" \/><\/figure>\n<\/figure>\n\n\n\n<p>La presidenta municipal de Isla Mujeres, Atenea G\u00f3mez Ricalde, particip\u00f3 en el foro internacional \u201cMayors of the Americas Summit\u201d, organizado por el Adam Smith Center for Economic Freedom de la Universidad Internacional de Florida (FIU).<\/p>\n\n\n\n<p>Durante este encuentro, que reuni\u00f3 a alcaldes de Am\u00e9rica Latina y Estados Unidos, la mun\u00edcipe present\u00f3 la ponencia titulada \u201cIsla Mujeres, Para\u00edso con Coraz\u00f3n\u201d, en la cual comparti\u00f3 la historia de \u00e9xito que ha consolidado a la isla como un destino tur\u00edstico de clase mundial.<\/p>\n\n\n\n<p>En su intervenci\u00f3n, resalt\u00f3 que el posicionamiento actual del municipio es resultado de un trabajo basado en una visi\u00f3n estrat\u00e9gica, orden administrativo y un compromiso firme con la identidad y las tradiciones locales.<\/p>\n\n\n\n<p>Ante los l\u00edderes locales del continente, G\u00f3mez Ricalde subray\u00f3 que el liderazgo de las mujeres latinas est\u00e1 transformando la gesti\u00f3n p\u00fablica y la toma de decisiones, demostrando con resultados tangibles la capacidad de generar acuerdos y bienestar para las comunidades.<\/p>\n\n\n\n<p>Afirm\u00f3 que Isla Mujeres no solo destaca por sus bellezas naturales, sino por una gobernanza que prioriza el desarrollo sostenible y la calidez en el servicio, factores clave para mantener su competitividad en el mercado global.<\/p>\n\n\n\n<p>Al cerrar su participaci\u00f3n, la presidenta municipal reafirm\u00f3 que el \u00e9xito de su administraci\u00f3n radica en haber convertido la voz de la ciudadan\u00eda en pol\u00edticas p\u00fablicas eficientes, proyectando al destino como un ejemplo de resiliencia y crecimiento ordenado en el Caribe Mexicano.<\/p>\n","protected":false},"excerpt":{"rendered":"<p>La presidenta municipal de Isla Mujeres, Atenea G\u00f3mez Ricalde, particip\u00f3 en el foro internacional \u201cMayors of the Americas Summit\u201d, organizado por el Adam Smith Center for Economic Freedom de la Universidad Internacional de Florida (FIU).<\/p>\n","protected":false},"author":1,"featured_media":34212,"comment_status":"open","ping_status":"closed","sticky":false,"template":"","format":"standard","meta":{"footnotes":""},"categories":[12],"tags":[336],"class_list":["post-34208","post","type-post","status-publish","format-standard","has-post-thumbnail","hentry","category-isla-mujeres","tag-atenea-gomez-ricalde"],"yoast_head":"<!-- This site is optimized with the Yoast SEO plugin v27.1.1 - https:\/\/yoast.com\/product\/yoast-seo-wordpress\/ -->\n<title>DESTACA ATENEA G\u00d3MEZ RICALDE \u00c9XITO TUR\u00cdSTICO DE ISLA MUJERES EN CUMBRE INTERNACIONAL DE ALCALDES - Panorama Ciudadano<\/title>\n<meta name=\"robots\" content=\"index, follow, max-snippet:-1, max-image-preview:large, max-video-preview:-1\" \/>\n<link rel=\"canonical\" href=\"https:\/\/panoramaciudadano.com\/index.php\/2026\/04\/27\/destaca-atenea-gomez-ricalde-exito-turistico-de-isla-mujeres-en-cumbre-internacional-de-alcaldes\/\" \/>\n<meta property=\"og:locale\" content=\"es_ES\" \/>\n<meta property=\"og:type\" content=\"article\" \/>\n<meta property=\"og:title\" content=\"DESTACA ATENEA G\u00d3MEZ RICALDE \u00c9XITO TUR\u00cdSTICO DE ISLA MUJERES EN CUMBRE INTERNACIONAL DE ALCALDES - Panorama Ciudadano\" \/>\n<meta property=\"og:description\" content=\"La presidenta municipal de Isla Mujeres, Atenea G\u00f3mez Ricalde, particip\u00f3 en el foro internacional \u201cMayors of the Americas Summit\u201d, organizado por el Adam Smith Center for Economic Freedom de la Universidad Internacional de Florida (FIU).\" \/>\n<meta property=\"og:url\" content=\"https:\/\/panoramaciudadano.com\/index.php\/2026\/04\/27\/destaca-atenea-gomez-ricalde-exito-turistico-de-isla-mujeres-en-cumbre-internacional-de-alcaldes\/\" \/>\n<meta property=\"og:site_name\" content=\"Panorama Ciudadano\" \/>\n<meta property=\"article:publisher\" content=\"https:\/\/www.facebook.com\/panoramaciudadano\" \/>\n<meta property=\"article:published_time\" content=\"2026-04-27T15:34:53+00:00\" \/>\n<meta property=\"article:modified_time\" content=\"2026-04-27T15:34:55+00:00\" \/>\n<meta property=\"og:image\" content=\"https:\/\/panoramaciudadano.com\/wp-content\/uploads\/2026\/04\/WhatsApp-Image-2026-04-27-at-9.45.17-AM-1.jpeg\" \/>\n\t<meta property=\"og:image:width\" content=\"960\" \/>\n\t<meta property=\"og:image:height\" content=\"640\" \/>\n\t<meta property=\"og:image:type\" content=\"image\/jpeg\" \/>\n<meta name=\"author\" content=\"admin\" \/>\n<meta name=\"twitter:card\" content=\"summary_large_image\" \/>\n<meta name=\"twitter:label1\" content=\"Escrito por\" \/>\n\t<meta name=\"twitter:data1\" content=\"admin\" \/>\n\t<meta name=\"twitter:label2\" content=\"Tiempo de lectura\" \/>\n\t<meta name=\"twitter:data2\" content=\"3 minutos\" \/>\n<script type=\"application\/ld+json\" class=\"yoast-schema-graph\">{\"@context\":\"https:\/\/schema.org\",\"@graph\":[{\"@type\":\"Article\",\"@id\":\"https:\/\/panoramaciudadano.com\/index.php\/2026\/04\/27\/destaca-atenea-gomez-ricalde-exito-turistico-de-isla-mujeres-en-cumbre-internacional-de-alcaldes\/#article\",\"isPartOf\":{\"@id\":\"https:\/\/panoramaciudadano.com\/index.php\/2026\/04\/27\/destaca-atenea-gomez-ricalde-exito-turistico-de-isla-mujeres-en-cumbre-internacional-de-alcaldes\/\"},\"author\":{\"name\":\"admin\",\"@id\":\"https:\/\/panoramaciudadano.com\/#\/schema\/person\/ffe9fe8ef47d3a93977b5761fd9e0d96\"},\"headline\":\"DESTACA ATENEA G\u00d3MEZ RICALDE \u00c9XITO TUR\u00cdSTICO DE ISLA MUJERES EN CUMBRE INTERNACIONAL DE ALCALDES\",\"datePublished\":\"2026-04-27T15:34:53+00:00\",\"dateModified\":\"2026-04-27T15:34:55+00:00\",\"mainEntityOfPage\":{\"@id\":\"https:\/\/panoramaciudadano.com\/index.php\/2026\/04\/27\/destaca-atenea-gomez-ricalde-exito-turistico-de-isla-mujeres-en-cumbre-internacional-de-alcaldes\/\"},\"wordCount\":265,\"commentCount\":0,\"publisher\":{\"@id\":\"https:\/\/panoramaciudadano.com\/#organization\"},\"image\":{\"@id\":\"https:\/\/panoramaciudadano.com\/index.php\/2026\/04\/27\/destaca-atenea-gomez-ricalde-exito-turistico-de-isla-mujeres-en-cumbre-internacional-de-alcaldes\/#primaryimage\"},\"thumbnailUrl\":\"https:\/\/panoramaciudadano.com\/wp-content\/uploads\/2026\/04\/WhatsApp-Image-2026-04-27-at-9.45.17-AM-1.jpeg\",\"keywords\":[\"Atenea G\u00f3mez Ricalde\"],\"articleSection\":[\"Isla Mujeres\"],\"inLanguage\":\"es\",\"potentialAction\":[{\"@type\":\"CommentAction\",\"name\":\"Comment\",\"target\":[\"https:\/\/panoramaciudadano.com\/index.php\/2026\/04\/27\/destaca-atenea-gomez-ricalde-exito-turistico-de-isla-mujeres-en-cumbre-internacional-de-alcaldes\/#respond\"]}]},{\"@type\":\"WebPage\",\"@id\":\"https:\/\/panoramaciudadano.com\/index.php\/2026\/04\/27\/destaca-atenea-gomez-ricalde-exito-turistico-de-isla-mujeres-en-cumbre-internacional-de-alcaldes\/\",\"url\":\"https:\/\/panoramaciudadano.com\/index.php\/2026\/04\/27\/destaca-atenea-gomez-ricalde-exito-turistico-de-isla-mujeres-en-cumbre-internacional-de-alcaldes\/\",\"name\":\"DESTACA ATENEA G\u00d3MEZ RICALDE \u00c9XITO TUR\u00cdSTICO DE ISLA MUJERES EN CUMBRE INTERNACIONAL DE ALCALDES - Panorama Ciudadano\",\"isPartOf\":{\"@id\":\"https:\/\/panoramaciudadano.com\/#website\"},\"primaryImageOfPage\":{\"@id\":\"https:\/\/panoramaciudadano.com\/index.php\/2026\/04\/27\/destaca-atenea-gomez-ricalde-exito-turistico-de-isla-mujeres-en-cumbre-internacional-de-alcaldes\/#primaryimage\"},\"image\":{\"@id\":\"https:\/\/panoramaciudadano.com\/index.php\/2026\/04\/27\/destaca-atenea-gomez-ricalde-exito-turistico-de-isla-mujeres-en-cumbre-internacional-de-alcaldes\/#primaryimage\"},\"thumbnailUrl\":\"https:\/\/panoramaciudadano.com\/wp-content\/uploads\/2026\/04\/WhatsApp-Image-2026-04-27-at-9.45.17-AM-1.jpeg\",\"datePublished\":\"2026-04-27T15:34:53+00:00\",\"dateModified\":\"2026-04-27T15:34:55+00:00\",\"breadcrumb\":{\"@id\":\"https:\/\/panoramaciudadano.com\/index.php\/2026\/04\/27\/destaca-atenea-gomez-ricalde-exito-turistico-de-isla-mujeres-en-cumbre-internacional-de-alcaldes\/#breadcrumb\"},\"inLanguage\":\"es\",\"potentialAction\":[{\"@type\":\"ReadAction\",\"target\":[\"https:\/\/panoramaciudadano.com\/index.php\/2026\/04\/27\/destaca-atenea-gomez-ricalde-exito-turistico-de-isla-mujeres-en-cumbre-internacional-de-alcaldes\/\"]}]},{\"@type\":\"ImageObject\",\"inLanguage\":\"es\",\"@id\":\"https:\/\/panoramaciudadano.com\/index.php\/2026\/04\/27\/destaca-atenea-gomez-ricalde-exito-turistico-de-isla-mujeres-en-cumbre-internacional-de-alcaldes\/#primaryimage\",\"url\":\"https:\/\/panoramaciudadano.com\/wp-content\/uploads\/2026\/04\/WhatsApp-Image-2026-04-27-at-9.45.17-AM-1.jpeg\",\"contentUrl\":\"https:\/\/panoramaciudadano.com\/wp-content\/uploads\/2026\/04\/WhatsApp-Image-2026-04-27-at-9.45.17-AM-1.jpeg\",\"width\":960,\"height\":640},{\"@type\":\"BreadcrumbList\",\"@id\":\"https:\/\/panoramaciudadano.com\/index.php\/2026\/04\/27\/destaca-atenea-gomez-ricalde-exito-turistico-de-isla-mujeres-en-cumbre-internacional-de-alcaldes\/#breadcrumb\",\"itemListElement\":[{\"@type\":\"ListItem\",\"position\":1,\"name\":\"Portada\",\"item\":\"https:\/\/panoramaciudadano.com\/\"},{\"@type\":\"ListItem\",\"position\":2,\"name\":\"DESTACA ATENEA G\u00d3MEZ RICALDE \u00c9XITO TUR\u00cdSTICO DE ISLA MUJERES EN CUMBRE INTERNACIONAL DE ALCALDES\"}]},{\"@type\":\"WebSite\",\"@id\":\"https:\/\/panoramaciudadano.com\/#website\",\"url\":\"https:\/\/panoramaciudadano.com\/\",\"name\":\"Panorama Ciudadano\",\"description\":\"\",\"publisher\":{\"@id\":\"https:\/\/panoramaciudadano.com\/#organization\"},\"potentialAction\":[{\"@type\":\"SearchAction\",\"target\":{\"@type\":\"EntryPoint\",\"urlTemplate\":\"https:\/\/panoramaciudadano.com\/?s={search_term_string}\"},\"query-input\":{\"@type\":\"PropertyValueSpecification\",\"valueRequired\":true,\"valueName\":\"search_term_string\"}}],\"inLanguage\":\"es\"},{\"@type\":\"Organization\",\"@id\":\"https:\/\/panoramaciudadano.com\/#organization\",\"name\":\"Panorama Ciudadano\",\"url\":\"https:\/\/panoramaciudadano.com\/\",\"logo\":{\"@type\":\"ImageObject\",\"inLanguage\":\"es\",\"@id\":\"https:\/\/panoramaciudadano.com\/#\/schema\/logo\/image\/\",\"url\":\"https:\/\/panoramaciudadano.com\/wp-content\/uploads\/2024\/05\/401498640_919267042938564_6290593609399108733_n.jpg\",\"contentUrl\":\"https:\/\/panoramaciudadano.com\/wp-content\/uploads\/2024\/05\/401498640_919267042938564_6290593609399108733_n.jpg\",\"width\":960,\"height\":957,\"caption\":\"Panorama Ciudadano\"},\"image\":{\"@id\":\"https:\/\/panoramaciudadano.com\/#\/schema\/logo\/image\/\"},\"sameAs\":[\"https:\/\/www.facebook.com\/panoramaciudadano\"]},{\"@type\":\"Person\",\"@id\":\"https:\/\/panoramaciudadano.com\/#\/schema\/person\/ffe9fe8ef47d3a93977b5761fd9e0d96\",\"name\":\"admin\",\"image\":{\"@type\":\"ImageObject\",\"inLanguage\":\"es\",\"@id\":\"https:\/\/panoramaciudadano.com\/#\/schema\/person\/image\/\",\"url\":\"https:\/\/secure.gravatar.com\/avatar\/2d5a12cacce3f18096f25fadea8abb7202fef18ed669595589853e84260ff451?s=96&d=mm&r=g\",\"contentUrl\":\"https:\/\/secure.gravatar.com\/avatar\/2d5a12cacce3f18096f25fadea8abb7202fef18ed669595589853e84260ff451?s=96&d=mm&r=g\",\"caption\":\"admin\"},\"sameAs\":[\"https:\/\/panoramaciudadano.com\"],\"url\":\"https:\/\/panoramaciudadano.com\/index.php\/author\/admin_3q6hyqq3\/\"}]}<\/script>\n<!-- \/ Yoast SEO plugin. -->","yoast_head_json":{"title":"DESTACA ATENEA G\u00d3MEZ RICALDE \u00c9XITO TUR\u00cdSTICO DE ISLA MUJERES EN CUMBRE INTERNACIONAL DE ALCALDES - Panorama Ciudadano","robots":{"index":"index","follow":"follow","max-snippet":"max-snippet:-1","max-image-preview":"max-image-preview:large","max-video-preview":"max-video-preview:-1"},"canonical":"https:\/\/panoramaciudadano.com\/index.php\/2026\/04\/27\/destaca-atenea-gomez-ricalde-exito-turistico-de-isla-mujeres-en-cumbre-internacional-de-alcaldes\/","og_locale":"es_ES","og_type":"article","og_title":"DESTACA ATENEA G\u00d3MEZ RICALDE \u00c9XITO TUR\u00cdSTICO DE ISLA MUJERES EN CUMBRE INTERNACIONAL DE ALCALDES - Panorama Ciudadano","og_description":"La presidenta municipal de Isla Mujeres, Atenea G\u00f3mez Ricalde, particip\u00f3 en el foro internacional \u201cMayors of the Americas Summit\u201d, organizado por el Adam Smith Center for Economic Freedom de la Universidad Internacional de Florida (FIU).","og_url":"https:\/\/panoramaciudadano.com\/index.php\/2026\/04\/27\/destaca-atenea-gomez-ricalde-exito-turistico-de-isla-mujeres-en-cumbre-internacional-de-alcaldes\/","og_site_name":"Panorama Ciudadano","article_publisher":"https:\/\/www.facebook.com\/panoramaciudadano","article_published_time":"2026-04-27T15:34:53+00:00","article_modified_time":"2026-04-27T15:34:55+00:00","og_image":[{"width":960,"height":640,"url":"https:\/\/panoramaciudadano.com\/wp-content\/uploads\/2026\/04\/WhatsApp-Image-2026-04-27-at-9.45.17-AM-1.jpeg","type":"image\/jpeg"}],"author":"admin","twitter_card":"summary_large_image","twitter_misc":{"Escrito por":"admin","Tiempo de lectura":"3 minutos"},"schema":{"@context":"https:\/\/schema.org","@graph":[{"@type":"Article","@id":"https:\/\/panoramaciudadano.com\/index.php\/2026\/04\/27\/destaca-atenea-gomez-ricalde-exito-turistico-de-isla-mujeres-en-cumbre-internacional-de-alcaldes\/#article","isPartOf":{"@id":"https:\/\/panoramaciudadano.com\/index.php\/2026\/04\/27\/destaca-atenea-gomez-ricalde-exito-turistico-de-isla-mujeres-en-cumbre-internacional-de-alcaldes\/"},"author":{"name":"admin","@id":"https:\/\/panoramaciudadano.com\/#\/schema\/person\/ffe9fe8ef47d3a93977b5761fd9e0d96"},"headline":"DESTACA ATENEA G\u00d3MEZ RICALDE \u00c9XITO TUR\u00cdSTICO DE ISLA MUJERES EN CUMBRE INTERNACIONAL DE ALCALDES","datePublished":"2026-04-27T15:34:53+00:00","dateModified":"2026-04-27T15:34:55+00:00","mainEntityOfPage":{"@id":"https:\/\/panoramaciudadano.com\/index.php\/2026\/04\/27\/destaca-atenea-gomez-ricalde-exito-turistico-de-isla-mujeres-en-cumbre-internacional-de-alcaldes\/"},"wordCount":265,"commentCount":0,"publisher":{"@id":"https:\/\/panoramaciudadano.com\/#organization"},"image":{"@id":"https:\/\/panoramaciudadano.com\/index.php\/2026\/04\/27\/destaca-atenea-gomez-ricalde-exito-turistico-de-isla-mujeres-en-cumbre-internacional-de-alcaldes\/#primaryimage"},"thumbnailUrl":"https:\/\/panoramaciudadano.com\/wp-content\/uploads\/2026\/04\/WhatsApp-Image-2026-04-27-at-9.45.17-AM-1.jpeg","keywords":["Atenea G\u00f3mez Ricalde"],"articleSection":["Isla Mujeres"],"inLanguage":"es","potentialAction":[{"@type":"CommentAction","name":"Comment","target":["https:\/\/panoramaciudadano.com\/index.php\/2026\/04\/27\/destaca-atenea-gomez-ricalde-exito-turistico-de-isla-mujeres-en-cumbre-internacional-de-alcaldes\/#respond"]}]},{"@type":"WebPage","@id":"https:\/\/panoramaciudadano.com\/index.php\/2026\/04\/27\/destaca-atenea-gomez-ricalde-exito-turistico-de-isla-mujeres-en-cumbre-internacional-de-alcaldes\/","url":"https:\/\/panoramaciudadano.com\/index.php\/2026\/04\/27\/destaca-atenea-gomez-ricalde-exito-turistico-de-isla-mujeres-en-cumbre-internacional-de-alcaldes\/","name":"DESTACA ATENEA G\u00d3MEZ RICALDE \u00c9XITO TUR\u00cdSTICO DE ISLA MUJERES EN CUMBRE INTERNACIONAL DE ALCALDES - Panorama Ciudadano","isPartOf":{"@id":"https:\/\/panoramaciudadano.com\/#website"},"primaryImageOfPage":{"@id":"https:\/\/panoramaciudadano.com\/index.php\/2026\/04\/27\/destaca-atenea-gomez-ricalde-exito-turistico-de-isla-mujeres-en-cumbre-internacional-de-alcaldes\/#primaryimage"},"image":{"@id":"https:\/\/panoramaciudadano.com\/index.php\/2026\/04\/27\/destaca-atenea-gomez-ricalde-exito-turistico-de-isla-mujeres-en-cumbre-internacional-de-alcaldes\/#primaryimage"},"thumbnailUrl":"https:\/\/panoramaciudadano.com\/wp-content\/uploads\/2026\/04\/WhatsApp-Image-2026-04-27-at-9.45.17-AM-1.jpeg","datePublished":"2026-04-27T15:34:53+00:00","dateModified":"2026-04-27T15:34:55+00:00","breadcrumb":{"@id":"https:\/\/panoramaciudadano.com\/index.php\/2026\/04\/27\/destaca-atenea-gomez-ricalde-exito-turistico-de-isla-mujeres-en-cumbre-internacional-de-alcaldes\/#breadcrumb"},"inLanguage":"es","potentialAction":[{"@type":"ReadAction","target":["https:\/\/panoramaciudadano.com\/index.php\/2026\/04\/27\/destaca-atenea-gomez-ricalde-exito-turistico-de-isla-mujeres-en-cumbre-internacional-de-alcaldes\/"]}]},{"@type":"ImageObject","inLanguage":"es","@id":"https:\/\/panoramaciudadano.com\/index.php\/2026\/04\/27\/destaca-atenea-gomez-ricalde-exito-turistico-de-isla-mujeres-en-cumbre-internacional-de-alcaldes\/#primaryimage","url":"https:\/\/panoramaciudadano.com\/wp-content\/uploads\/2026\/04\/WhatsApp-Image-2026-04-27-at-9.45.17-AM-1.jpeg","contentUrl":"https:\/\/panoramaciudadano.com\/wp-content\/uploads\/2026\/04\/WhatsApp-Image-2026-04-27-at-9.45.17-AM-1.jpeg","width":960,"height":640},{"@type":"BreadcrumbList","@id":"https:\/\/panoramaciudadano.com\/index.php\/2026\/04\/27\/destaca-atenea-gomez-ricalde-exito-turistico-de-isla-mujeres-en-cumbre-internacional-de-alcaldes\/#breadcrumb","itemListElement":[{"@type":"ListItem","position":1,"name":"Portada","item":"https:\/\/panoramaciudadano.com\/"},{"@type":"ListItem","position":2,"name":"DESTACA ATENEA G\u00d3MEZ RICALDE \u00c9XITO TUR\u00cdSTICO DE ISLA MUJERES EN CUMBRE INTERNACIONAL DE ALCALDES"}]},{"@type":"WebSite","@id":"https:\/\/panoramaciudadano.com\/#website","url":"https:\/\/panoramaciudadano.com\/","name":"Panorama Ciudadano","description":"","publisher":{"@id":"https:\/\/panoramaciudadano.com\/#organization"},"potentialAction":[{"@type":"SearchAction","target":{"@type":"EntryPoint","urlTemplate":"https:\/\/panoramaciudadano.com\/?s={search_term_string}"},"query-input":{"@type":"PropertyValueSpecification","valueRequired":true,"valueName":"search_term_string"}}],"inLanguage":"es"},{"@type":"Organization","@id":"https:\/\/panoramaciudadano.com\/#organization","name":"Panorama Ciudadano","url":"https:\/\/panoramaciudadano.com\/","logo":{"@type":"ImageObject","inLanguage":"es","@id":"https:\/\/panoramaciudadano.com\/#\/schema\/logo\/image\/","url":"https:\/\/panoramaciudadano.com\/wp-content\/uploads\/2024\/05\/401498640_919267042938564_6290593609399108733_n.jpg","contentUrl":"https:\/\/panoramaciudadano.com\/wp-content\/uploads\/2024\/05\/401498640_919267042938564_6290593609399108733_n.jpg","width":960,"height":957,"caption":"Panorama Ciudadano"},"image":{"@id":"https:\/\/panoramaciudadano.com\/#\/schema\/logo\/image\/"},"sameAs":["https:\/\/www.facebook.com\/panoramaciudadano"]},{"@type":"Person","@id":"https:\/\/panoramaciudadano.com\/#\/schema\/person\/ffe9fe8ef47d3a93977b5761fd9e0d96","name":"admin","image":{"@type":"ImageObject","inLanguage":"es","@id":"https:\/\/panoramaciudadano.com\/#\/schema\/person\/image\/","url":"https:\/\/secure.gravatar.com\/avatar\/2d5a12cacce3f18096f25fadea8abb7202fef18ed669595589853e84260ff451?s=96&d=mm&r=g","contentUrl":"https:\/\/secure.gravatar.com\/avatar\/2d5a12cacce3f18096f25fadea8abb7202fef18ed669595589853e84260ff451?s=96&d=mm&r=g","caption":"admin"},"sameAs":["https:\/\/panoramaciudadano.com"],"url":"https:\/\/panoramaciudadano.com\/index.php\/author\/admin_3q6hyqq3\/"}]}},"_links":{"self":[{"href":"https:\/\/panoramaciudadano.com\/index.php\/wp-json\/wp\/v2\/posts\/34208","targetHints":{"allow":["GET"]}}],"collection":[{"href":"https:\/\/panoramaciudadano.com\/index.php\/wp-json\/wp\/v2\/posts"}],"about":[{"href":"https:\/\/panoramaciudadano.com\/index.php\/wp-json\/wp\/v2\/types\/post"}],"author":[{"embeddable":true,"href":"https:\/\/panoramaciudadano.com\/index.php\/wp-json\/wp\/v2\/users\/1"}],"replies":[{"embeddable":true,"href":"https:\/\/panoramaciudadano.com\/index.php\/wp-json\/wp\/v2\/comments?post=34208"}],"version-history":[{"count":1,"href":"https:\/\/panoramaciudadano.com\/index.php\/wp-json\/wp\/v2\/posts\/34208\/revisions"}],"predecessor-version":[{"id":34213,"href":"https:\/\/panoramaciudadano.com\/index.php\/wp-json\/wp\/v2\/posts\/34208\/revisions\/34213"}],"wp:featuredmedia":[{"embeddable":true,"href":"https:\/\/panoramaciudadano.com\/index.php\/wp-json\/wp\/v2\/media\/34212"}],"wp:attachment":[{"href":"https:\/\/panoramaciudadano.com\/index.php\/wp-json\/wp\/v2\/media?parent=34208"}],"wp:term":[{"taxonomy":"category","embeddable":true,"href":"https:\/\/panoramaciudadano.com\/index.php\/wp-json\/wp\/v2\/categories?post=34208"},{"taxonomy":"post_tag","embeddable":true,"href":"https:\/\/panoramaciudadano.com\/index.php\/wp-json\/wp\/v2\/tags?post=34208"}],"curies":[{"name":"wp","href":"https:\/\/api.w.org\/{rel}","templated":true}]}}