{"id":34215,"date":"2026-04-27T10:36:39","date_gmt":"2026-04-27T15:36:39","guid":{"rendered":"https:\/\/panoramaciudadano.com\/?p=34215"},"modified":"2026-04-27T10:36:41","modified_gmt":"2026-04-27T15:36:41","slug":"playa-del-carmen-llega-fuerte-al-tianguis-turistico-con-apuesta-por-diversificacion-innovacion-y-mercados-internacionales","status":"publish","type":"post","link":"https:\/\/panoramaciudadano.com\/index.php\/2026\/04\/27\/playa-del-carmen-llega-fuerte-al-tianguis-turistico-con-apuesta-por-diversificacion-innovacion-y-mercados-internacionales\/","title":{"rendered":"Playa del Carmen llega fuerte al Tianguis Tur\u00edstico con apuesta por diversificaci\u00f3n, innovaci\u00f3n y mercados internacionales"},"content":{"rendered":"\n<figure class=\"wp-block-gallery has-nested-images columns-default is-cropped wp-block-gallery-1 is-layout-flex wp-block-gallery-is-layout-flex\">\n<figure class=\"wp-block-image size-large\"><img decoding=\"async\" width=\"590\" height=\"393\" data-id=\"34219\" src=\"https:\/\/panoramaciudadano.com\/wp-content\/uploads\/2026\/04\/WhatsApp-Image-2026-04-27-at-9.54.28-AM-1.jpeg\" alt=\"\" class=\"wp-image-34219\" srcset=\"https:\/\/panoramaciudadano.com\/wp-content\/uploads\/2026\/04\/WhatsApp-Image-2026-04-27-at-9.54.28-AM-1.jpeg 590w, https:\/\/panoramaciudadano.com\/wp-content\/uploads\/2026\/04\/WhatsApp-Image-2026-04-27-at-9.54.28-AM-1-300x200.jpeg 300w\" sizes=\"(max-width: 590px) 100vw, 590px\" \/><\/figure>\n\n\n\n<figure class=\"wp-block-image size-large\"><img decoding=\"async\" width=\"590\" height=\"393\" data-id=\"34218\" src=\"https:\/\/panoramaciudadano.com\/wp-content\/uploads\/2026\/04\/WhatsApp-Image-2026-04-27-at-9.54.28-AM-2.jpeg\" alt=\"\" class=\"wp-image-34218\" srcset=\"https:\/\/panoramaciudadano.com\/wp-content\/uploads\/2026\/04\/WhatsApp-Image-2026-04-27-at-9.54.28-AM-2.jpeg 590w, https:\/\/panoramaciudadano.com\/wp-content\/uploads\/2026\/04\/WhatsApp-Image-2026-04-27-at-9.54.28-AM-2-300x200.jpeg 300w\" sizes=\"(max-width: 590px) 100vw, 590px\" \/><\/figure>\n\n\n\n<figure class=\"wp-block-image size-large\"><img decoding=\"async\" width=\"960\" height=\"720\" data-id=\"34220\" src=\"https:\/\/panoramaciudadano.com\/wp-content\/uploads\/2026\/04\/WhatsApp-Image-2026-04-27-at-9.54.28-AM-3.jpeg\" alt=\"\" class=\"wp-image-34220\" srcset=\"https:\/\/panoramaciudadano.com\/wp-content\/uploads\/2026\/04\/WhatsApp-Image-2026-04-27-at-9.54.28-AM-3.jpeg 960w, https:\/\/panoramaciudadano.com\/wp-content\/uploads\/2026\/04\/WhatsApp-Image-2026-04-27-at-9.54.28-AM-3-300x225.jpeg 300w, https:\/\/panoramaciudadano.com\/wp-content\/uploads\/2026\/04\/WhatsApp-Image-2026-04-27-at-9.54.28-AM-3-768x576.jpeg 768w\" sizes=\"(max-width: 960px) 100vw, 960px\" \/><\/figure>\n\n\n\n<figure class=\"wp-block-image size-large\"><img decoding=\"async\" width=\"590\" height=\"393\" data-id=\"34217\" src=\"https:\/\/panoramaciudadano.com\/wp-content\/uploads\/2026\/04\/WhatsApp-Image-2026-04-27-at-9.54.28-AM.jpeg\" alt=\"\" class=\"wp-image-34217\" srcset=\"https:\/\/panoramaciudadano.com\/wp-content\/uploads\/2026\/04\/WhatsApp-Image-2026-04-27-at-9.54.28-AM.jpeg 590w, https:\/\/panoramaciudadano.com\/wp-content\/uploads\/2026\/04\/WhatsApp-Image-2026-04-27-at-9.54.28-AM-300x200.jpeg 300w\" sizes=\"(max-width: 590px) 100vw, 590px\" \/><\/figure>\n<\/figure>\n\n\n\n<p>La delegaci\u00f3n de Playa del Carmen, encabezada por la presidenta municipal Estefan\u00eda Mercado, llega al \u201cTianguis Tur\u00edstico de M\u00e9xico 2026\u201d como uno de los destinos m\u00e1s consolidados del Caribe mexicano y con alta preferencia entre viajeros nacionales e internacionales, adem\u00e1s de una estrategia centrada en diversificar su oferta, fortalecer su presencia global, consolidar alianzas comerciales clave y relanzar la marca \u201cLet\u2019s Playa\u201d bajo una nueva narrativa de turismo, cultura, innovaci\u00f3n y comunidad.<\/p>\n\n\n\n<p>Durante los d\u00edas de la feria tur\u00edstica (27, 28 y 29 de abril), la comitiva buscar\u00e1 reposicionar al destino m\u00e1s all\u00e1 del tradicional turismo de sol y playa, impulsando segmentos como el turismo cultural, premium, digital y de experiencias.<\/p>\n\n\n\n<p>\u201cLa participaci\u00f3n en el Tianguis Tur\u00edstico representa una plataforma estrat\u00e9gica para proyectar a Playa del Carmen como un destino integral, competitivo y en evoluci\u00f3n constante\u201d, se\u00f1al\u00f3 Fabiana Brise\u00f1o Su\u00e1rez, secretaria de Turismo municipal.<\/p>\n\n\n\n<p>La agenda contempla reuniones con operadores internacionales, plataformas digitales y actores del sector tecnol\u00f3gico, con el objetivo de incrementar el flujo de visitantes de alto valor, ampliar la presencia en mercados europeos y fortalecer la comercializaci\u00f3n en canales digitales.<\/p>\n\n\n\n<p>De acuerdo con Fabiana Brise\u00f1o, el enfoque de la actual administraci\u00f3n responde a una visi\u00f3n de diversificaci\u00f3n tur\u00edstica impulsada por Estefan\u00eda Mercado. \u201cSe trata de abrir nuevas oportunidades para el destino, integrando innovaci\u00f3n, cultura y comunidad en la experiencia del visitante , pasando del All Inclusive al Todos Incluidos\u201d, afirm\u00f3.<\/p>\n\n\n\n<p>La Delegaci\u00f3n tambi\u00e9n participar\u00e1 en espacios de promoci\u00f3n conjunta con el Caribe mexicano, reforzando la coordinaci\u00f3n regional y capitalizando la concentraci\u00f3n de compradores, inversionistas y medios internacionales presentes en el evento.<\/p>\n\n\n\n<p>Como parte de su estrategia, Playa del Carmen impulsa el fortalecimiento de la marca \u201cLet\u2019s Playa\u201d, con la que busca modernizar su narrativa tur\u00edstica y conectar con nuevas audiencias globales, especialmente a trav\u00e9s de herramientas digitales y contenido experiencial.<\/p>\n\n\n\n<p>Adem\u00e1s de las actividades comerciales, el destino apuesta por la promoci\u00f3n de su identidad cultural, incluyendo representaciones tradicionales como los festejos de la Virgen del Carmen, integrando a comunidades locales y descendientes mayas en la proyecci\u00f3n tur\u00edstica.<\/p>\n\n\n\n<p>Con esta participaci\u00f3n, Playa del Carmen busca consolidar su posici\u00f3n como uno de los destinos m\u00e1s din\u00e1micos del Caribe, en un contexto de creciente competencia internacional y transformaci\u00f3n del sector tur\u00edstico hacia modelos m\u00e1s diversificados y sostenibles.<\/p>\n","protected":false},"excerpt":{"rendered":"<p>La delegaci\u00f3n de Playa del Carmen, encabezada por la presidenta municipal Estefan\u00eda Mercado, llega al \u201cTianguis Tur\u00edstico de M\u00e9xico 2026\u201d como uno de los destinos m\u00e1s consolidados del Caribe mexicano y con alta preferencia entre viajeros nacionales e internacionales, adem\u00e1s de una estrategia centrada en diversificar su oferta, fortalecer su presencia global, consolidar alianzas comerciales clave y relanzar la marca \u201cLet\u2019s Playa\u201d bajo una nueva narrativa de turismo, cultura, innovaci\u00f3n y comunidad.<\/p>\n","protected":false},"author":1,"featured_media":34220,"comment_status":"open","ping_status":"closed","sticky":false,"template":"","format":"standard","meta":{"footnotes":""},"categories":[7],"tags":[238],"class_list":["post-34215","post","type-post","status-publish","format-standard","has-post-thumbnail","hentry","category-playa-del-carmen","tag-estefania-mercado"],"yoast_head":"<!-- This site is optimized with the Yoast SEO plugin v27.1.1 - https:\/\/yoast.com\/product\/yoast-seo-wordpress\/ -->\n<title>Playa del Carmen llega fuerte al Tianguis Tur\u00edstico con apuesta por diversificaci\u00f3n, innovaci\u00f3n y mercados internacionales - Panorama Ciudadano<\/title>\n<meta name=\"robots\" content=\"index, follow, max-snippet:-1, max-image-preview:large, max-video-preview:-1\" \/>\n<link rel=\"canonical\" href=\"https:\/\/panoramaciudadano.com\/index.php\/2026\/04\/27\/playa-del-carmen-llega-fuerte-al-tianguis-turistico-con-apuesta-por-diversificacion-innovacion-y-mercados-internacionales\/\" \/>\n<meta property=\"og:locale\" content=\"es_ES\" \/>\n<meta property=\"og:type\" content=\"article\" \/>\n<meta property=\"og:title\" content=\"Playa del Carmen llega fuerte al Tianguis Tur\u00edstico con apuesta por diversificaci\u00f3n, innovaci\u00f3n y mercados internacionales - Panorama Ciudadano\" \/>\n<meta property=\"og:description\" content=\"La delegaci\u00f3n de Playa del Carmen, encabezada por la presidenta municipal Estefan\u00eda Mercado, llega al \u201cTianguis Tur\u00edstico de M\u00e9xico 2026\u201d como uno de los destinos m\u00e1s consolidados del Caribe mexicano y con alta preferencia entre viajeros nacionales e internacionales, adem\u00e1s de una estrategia centrada en diversificar su oferta, fortalecer su presencia global, consolidar alianzas comerciales clave y relanzar la marca \u201cLet\u2019s Playa\u201d bajo una nueva narrativa de turismo, cultura, innovaci\u00f3n y comunidad.\" \/>\n<meta property=\"og:url\" content=\"https:\/\/panoramaciudadano.com\/index.php\/2026\/04\/27\/playa-del-carmen-llega-fuerte-al-tianguis-turistico-con-apuesta-por-diversificacion-innovacion-y-mercados-internacionales\/\" \/>\n<meta property=\"og:site_name\" content=\"Panorama Ciudadano\" \/>\n<meta property=\"article:publisher\" content=\"https:\/\/www.facebook.com\/panoramaciudadano\" \/>\n<meta property=\"article:published_time\" content=\"2026-04-27T15:36:39+00:00\" \/>\n<meta property=\"article:modified_time\" content=\"2026-04-27T15:36:41+00:00\" \/>\n<meta property=\"og:image\" content=\"https:\/\/panoramaciudadano.com\/wp-content\/uploads\/2026\/04\/WhatsApp-Image-2026-04-27-at-9.54.28-AM-3.jpeg\" \/>\n\t<meta property=\"og:image:width\" content=\"960\" \/>\n\t<meta property=\"og:image:height\" content=\"720\" \/>\n\t<meta property=\"og:image:type\" content=\"image\/jpeg\" \/>\n<meta name=\"author\" content=\"admin\" \/>\n<meta name=\"twitter:card\" content=\"summary_large_image\" \/>\n<meta name=\"twitter:label1\" content=\"Escrito por\" \/>\n\t<meta name=\"twitter:data1\" content=\"admin\" \/>\n\t<meta name=\"twitter:label2\" content=\"Tiempo de lectura\" \/>\n\t<meta name=\"twitter:data2\" content=\"3 minutos\" \/>\n<script type=\"application\/ld+json\" class=\"yoast-schema-graph\">{\"@context\":\"https:\/\/schema.org\",\"@graph\":[{\"@type\":\"Article\",\"@id\":\"https:\/\/panoramaciudadano.com\/index.php\/2026\/04\/27\/playa-del-carmen-llega-fuerte-al-tianguis-turistico-con-apuesta-por-diversificacion-innovacion-y-mercados-internacionales\/#article\",\"isPartOf\":{\"@id\":\"https:\/\/panoramaciudadano.com\/index.php\/2026\/04\/27\/playa-del-carmen-llega-fuerte-al-tianguis-turistico-con-apuesta-por-diversificacion-innovacion-y-mercados-internacionales\/\"},\"author\":{\"name\":\"admin\",\"@id\":\"https:\/\/panoramaciudadano.com\/#\/schema\/person\/ffe9fe8ef47d3a93977b5761fd9e0d96\"},\"headline\":\"Playa del Carmen llega fuerte al Tianguis Tur\u00edstico con apuesta por diversificaci\u00f3n, innovaci\u00f3n y mercados internacionales\",\"datePublished\":\"2026-04-27T15:36:39+00:00\",\"dateModified\":\"2026-04-27T15:36:41+00:00\",\"mainEntityOfPage\":{\"@id\":\"https:\/\/panoramaciudadano.com\/index.php\/2026\/04\/27\/playa-del-carmen-llega-fuerte-al-tianguis-turistico-con-apuesta-por-diversificacion-innovacion-y-mercados-internacionales\/\"},\"wordCount\":437,\"commentCount\":0,\"publisher\":{\"@id\":\"https:\/\/panoramaciudadano.com\/#organization\"},\"image\":{\"@id\":\"https:\/\/panoramaciudadano.com\/index.php\/2026\/04\/27\/playa-del-carmen-llega-fuerte-al-tianguis-turistico-con-apuesta-por-diversificacion-innovacion-y-mercados-internacionales\/#primaryimage\"},\"thumbnailUrl\":\"https:\/\/panoramaciudadano.com\/wp-content\/uploads\/2026\/04\/WhatsApp-Image-2026-04-27-at-9.54.28-AM-3.jpeg\",\"keywords\":[\"Estefan\u00eda Mercado\"],\"articleSection\":[\"Playa del Carmen\"],\"inLanguage\":\"es\",\"potentialAction\":[{\"@type\":\"CommentAction\",\"name\":\"Comment\",\"target\":[\"https:\/\/panoramaciudadano.com\/index.php\/2026\/04\/27\/playa-del-carmen-llega-fuerte-al-tianguis-turistico-con-apuesta-por-diversificacion-innovacion-y-mercados-internacionales\/#respond\"]}]},{\"@type\":\"WebPage\",\"@id\":\"https:\/\/panoramaciudadano.com\/index.php\/2026\/04\/27\/playa-del-carmen-llega-fuerte-al-tianguis-turistico-con-apuesta-por-diversificacion-innovacion-y-mercados-internacionales\/\",\"url\":\"https:\/\/panoramaciudadano.com\/index.php\/2026\/04\/27\/playa-del-carmen-llega-fuerte-al-tianguis-turistico-con-apuesta-por-diversificacion-innovacion-y-mercados-internacionales\/\",\"name\":\"Playa del Carmen llega fuerte al Tianguis Tur\u00edstico con apuesta por diversificaci\u00f3n, innovaci\u00f3n y mercados internacionales - Panorama Ciudadano\",\"isPartOf\":{\"@id\":\"https:\/\/panoramaciudadano.com\/#website\"},\"primaryImageOfPage\":{\"@id\":\"https:\/\/panoramaciudadano.com\/index.php\/2026\/04\/27\/playa-del-carmen-llega-fuerte-al-tianguis-turistico-con-apuesta-por-diversificacion-innovacion-y-mercados-internacionales\/#primaryimage\"},\"image\":{\"@id\":\"https:\/\/panoramaciudadano.com\/index.php\/2026\/04\/27\/playa-del-carmen-llega-fuerte-al-tianguis-turistico-con-apuesta-por-diversificacion-innovacion-y-mercados-internacionales\/#primaryimage\"},\"thumbnailUrl\":\"https:\/\/panoramaciudadano.com\/wp-content\/uploads\/2026\/04\/WhatsApp-Image-2026-04-27-at-9.54.28-AM-3.jpeg\",\"datePublished\":\"2026-04-27T15:36:39+00:00\",\"dateModified\":\"2026-04-27T15:36:41+00:00\",\"breadcrumb\":{\"@id\":\"https:\/\/panoramaciudadano.com\/index.php\/2026\/04\/27\/playa-del-carmen-llega-fuerte-al-tianguis-turistico-con-apuesta-por-diversificacion-innovacion-y-mercados-internacionales\/#breadcrumb\"},\"inLanguage\":\"es\",\"potentialAction\":[{\"@type\":\"ReadAction\",\"target\":[\"https:\/\/panoramaciudadano.com\/index.php\/2026\/04\/27\/playa-del-carmen-llega-fuerte-al-tianguis-turistico-con-apuesta-por-diversificacion-innovacion-y-mercados-internacionales\/\"]}]},{\"@type\":\"ImageObject\",\"inLanguage\":\"es\",\"@id\":\"https:\/\/panoramaciudadano.com\/index.php\/2026\/04\/27\/playa-del-carmen-llega-fuerte-al-tianguis-turistico-con-apuesta-por-diversificacion-innovacion-y-mercados-internacionales\/#primaryimage\",\"url\":\"https:\/\/panoramaciudadano.com\/wp-content\/uploads\/2026\/04\/WhatsApp-Image-2026-04-27-at-9.54.28-AM-3.jpeg\",\"contentUrl\":\"https:\/\/panoramaciudadano.com\/wp-content\/uploads\/2026\/04\/WhatsApp-Image-2026-04-27-at-9.54.28-AM-3.jpeg\",\"width\":960,\"height\":720},{\"@type\":\"BreadcrumbList\",\"@id\":\"https:\/\/panoramaciudadano.com\/index.php\/2026\/04\/27\/playa-del-carmen-llega-fuerte-al-tianguis-turistico-con-apuesta-por-diversificacion-innovacion-y-mercados-internacionales\/#breadcrumb\",\"itemListElement\":[{\"@type\":\"ListItem\",\"position\":1,\"name\":\"Portada\",\"item\":\"https:\/\/panoramaciudadano.com\/\"},{\"@type\":\"ListItem\",\"position\":2,\"name\":\"Playa del Carmen llega fuerte al Tianguis Tur\u00edstico con apuesta por diversificaci\u00f3n, innovaci\u00f3n y mercados internacionales\"}]},{\"@type\":\"WebSite\",\"@id\":\"https:\/\/panoramaciudadano.com\/#website\",\"url\":\"https:\/\/panoramaciudadano.com\/\",\"name\":\"Panorama Ciudadano\",\"description\":\"\",\"publisher\":{\"@id\":\"https:\/\/panoramaciudadano.com\/#organization\"},\"potentialAction\":[{\"@type\":\"SearchAction\",\"target\":{\"@type\":\"EntryPoint\",\"urlTemplate\":\"https:\/\/panoramaciudadano.com\/?s={search_term_string}\"},\"query-input\":{\"@type\":\"PropertyValueSpecification\",\"valueRequired\":true,\"valueName\":\"search_term_string\"}}],\"inLanguage\":\"es\"},{\"@type\":\"Organization\",\"@id\":\"https:\/\/panoramaciudadano.com\/#organization\",\"name\":\"Panorama Ciudadano\",\"url\":\"https:\/\/panoramaciudadano.com\/\",\"logo\":{\"@type\":\"ImageObject\",\"inLanguage\":\"es\",\"@id\":\"https:\/\/panoramaciudadano.com\/#\/schema\/logo\/image\/\",\"url\":\"https:\/\/panoramaciudadano.com\/wp-content\/uploads\/2024\/05\/401498640_919267042938564_6290593609399108733_n.jpg\",\"contentUrl\":\"https:\/\/panoramaciudadano.com\/wp-content\/uploads\/2024\/05\/401498640_919267042938564_6290593609399108733_n.jpg\",\"width\":960,\"height\":957,\"caption\":\"Panorama Ciudadano\"},\"image\":{\"@id\":\"https:\/\/panoramaciudadano.com\/#\/schema\/logo\/image\/\"},\"sameAs\":[\"https:\/\/www.facebook.com\/panoramaciudadano\"]},{\"@type\":\"Person\",\"@id\":\"https:\/\/panoramaciudadano.com\/#\/schema\/person\/ffe9fe8ef47d3a93977b5761fd9e0d96\",\"name\":\"admin\",\"image\":{\"@type\":\"ImageObject\",\"inLanguage\":\"es\",\"@id\":\"https:\/\/panoramaciudadano.com\/#\/schema\/person\/image\/\",\"url\":\"https:\/\/secure.gravatar.com\/avatar\/2d5a12cacce3f18096f25fadea8abb7202fef18ed669595589853e84260ff451?s=96&d=mm&r=g\",\"contentUrl\":\"https:\/\/secure.gravatar.com\/avatar\/2d5a12cacce3f18096f25fadea8abb7202fef18ed669595589853e84260ff451?s=96&d=mm&r=g\",\"caption\":\"admin\"},\"sameAs\":[\"https:\/\/panoramaciudadano.com\"],\"url\":\"https:\/\/panoramaciudadano.com\/index.php\/author\/admin_3q6hyqq3\/\"}]}<\/script>\n<!-- \/ Yoast SEO plugin. -->","yoast_head_json":{"title":"Playa del Carmen llega fuerte al Tianguis Tur\u00edstico con apuesta por diversificaci\u00f3n, innovaci\u00f3n y mercados internacionales - Panorama Ciudadano","robots":{"index":"index","follow":"follow","max-snippet":"max-snippet:-1","max-image-preview":"max-image-preview:large","max-video-preview":"max-video-preview:-1"},"canonical":"https:\/\/panoramaciudadano.com\/index.php\/2026\/04\/27\/playa-del-carmen-llega-fuerte-al-tianguis-turistico-con-apuesta-por-diversificacion-innovacion-y-mercados-internacionales\/","og_locale":"es_ES","og_type":"article","og_title":"Playa del Carmen llega fuerte al Tianguis Tur\u00edstico con apuesta por diversificaci\u00f3n, innovaci\u00f3n y mercados internacionales - Panorama Ciudadano","og_description":"La delegaci\u00f3n de Playa del Carmen, encabezada por la presidenta municipal Estefan\u00eda Mercado, llega al \u201cTianguis Tur\u00edstico de M\u00e9xico 2026\u201d como uno de los destinos m\u00e1s consolidados del Caribe mexicano y con alta preferencia entre viajeros nacionales e internacionales, adem\u00e1s de una estrategia centrada en diversificar su oferta, fortalecer su presencia global, consolidar alianzas comerciales clave y relanzar la marca \u201cLet\u2019s Playa\u201d bajo una nueva narrativa de turismo, cultura, innovaci\u00f3n y comunidad.","og_url":"https:\/\/panoramaciudadano.com\/index.php\/2026\/04\/27\/playa-del-carmen-llega-fuerte-al-tianguis-turistico-con-apuesta-por-diversificacion-innovacion-y-mercados-internacionales\/","og_site_name":"Panorama Ciudadano","article_publisher":"https:\/\/www.facebook.com\/panoramaciudadano","article_published_time":"2026-04-27T15:36:39+00:00","article_modified_time":"2026-04-27T15:36:41+00:00","og_image":[{"width":960,"height":720,"url":"https:\/\/panoramaciudadano.com\/wp-content\/uploads\/2026\/04\/WhatsApp-Image-2026-04-27-at-9.54.28-AM-3.jpeg","type":"image\/jpeg"}],"author":"admin","twitter_card":"summary_large_image","twitter_misc":{"Escrito por":"admin","Tiempo de lectura":"3 minutos"},"schema":{"@context":"https:\/\/schema.org","@graph":[{"@type":"Article","@id":"https:\/\/panoramaciudadano.com\/index.php\/2026\/04\/27\/playa-del-carmen-llega-fuerte-al-tianguis-turistico-con-apuesta-por-diversificacion-innovacion-y-mercados-internacionales\/#article","isPartOf":{"@id":"https:\/\/panoramaciudadano.com\/index.php\/2026\/04\/27\/playa-del-carmen-llega-fuerte-al-tianguis-turistico-con-apuesta-por-diversificacion-innovacion-y-mercados-internacionales\/"},"author":{"name":"admin","@id":"https:\/\/panoramaciudadano.com\/#\/schema\/person\/ffe9fe8ef47d3a93977b5761fd9e0d96"},"headline":"Playa del Carmen llega fuerte al Tianguis Tur\u00edstico con apuesta por diversificaci\u00f3n, innovaci\u00f3n y mercados internacionales","datePublished":"2026-04-27T15:36:39+00:00","dateModified":"2026-04-27T15:36:41+00:00","mainEntityOfPage":{"@id":"https:\/\/panoramaciudadano.com\/index.php\/2026\/04\/27\/playa-del-carmen-llega-fuerte-al-tianguis-turistico-con-apuesta-por-diversificacion-innovacion-y-mercados-internacionales\/"},"wordCount":437,"commentCount":0,"publisher":{"@id":"https:\/\/panoramaciudadano.com\/#organization"},"image":{"@id":"https:\/\/panoramaciudadano.com\/index.php\/2026\/04\/27\/playa-del-carmen-llega-fuerte-al-tianguis-turistico-con-apuesta-por-diversificacion-innovacion-y-mercados-internacionales\/#primaryimage"},"thumbnailUrl":"https:\/\/panoramaciudadano.com\/wp-content\/uploads\/2026\/04\/WhatsApp-Image-2026-04-27-at-9.54.28-AM-3.jpeg","keywords":["Estefan\u00eda Mercado"],"articleSection":["Playa del Carmen"],"inLanguage":"es","potentialAction":[{"@type":"CommentAction","name":"Comment","target":["https:\/\/panoramaciudadano.com\/index.php\/2026\/04\/27\/playa-del-carmen-llega-fuerte-al-tianguis-turistico-con-apuesta-por-diversificacion-innovacion-y-mercados-internacionales\/#respond"]}]},{"@type":"WebPage","@id":"https:\/\/panoramaciudadano.com\/index.php\/2026\/04\/27\/playa-del-carmen-llega-fuerte-al-tianguis-turistico-con-apuesta-por-diversificacion-innovacion-y-mercados-internacionales\/","url":"https:\/\/panoramaciudadano.com\/index.php\/2026\/04\/27\/playa-del-carmen-llega-fuerte-al-tianguis-turistico-con-apuesta-por-diversificacion-innovacion-y-mercados-internacionales\/","name":"Playa del Carmen llega fuerte al Tianguis Tur\u00edstico con apuesta por diversificaci\u00f3n, innovaci\u00f3n y mercados internacionales - Panorama Ciudadano","isPartOf":{"@id":"https:\/\/panoramaciudadano.com\/#website"},"primaryImageOfPage":{"@id":"https:\/\/panoramaciudadano.com\/index.php\/2026\/04\/27\/playa-del-carmen-llega-fuerte-al-tianguis-turistico-con-apuesta-por-diversificacion-innovacion-y-mercados-internacionales\/#primaryimage"},"image":{"@id":"https:\/\/panoramaciudadano.com\/index.php\/2026\/04\/27\/playa-del-carmen-llega-fuerte-al-tianguis-turistico-con-apuesta-por-diversificacion-innovacion-y-mercados-internacionales\/#primaryimage"},"thumbnailUrl":"https:\/\/panoramaciudadano.com\/wp-content\/uploads\/2026\/04\/WhatsApp-Image-2026-04-27-at-9.54.28-AM-3.jpeg","datePublished":"2026-04-27T15:36:39+00:00","dateModified":"2026-04-27T15:36:41+00:00","breadcrumb":{"@id":"https:\/\/panoramaciudadano.com\/index.php\/2026\/04\/27\/playa-del-carmen-llega-fuerte-al-tianguis-turistico-con-apuesta-por-diversificacion-innovacion-y-mercados-internacionales\/#breadcrumb"},"inLanguage":"es","potentialAction":[{"@type":"ReadAction","target":["https:\/\/panoramaciudadano.com\/index.php\/2026\/04\/27\/playa-del-carmen-llega-fuerte-al-tianguis-turistico-con-apuesta-por-diversificacion-innovacion-y-mercados-internacionales\/"]}]},{"@type":"ImageObject","inLanguage":"es","@id":"https:\/\/panoramaciudadano.com\/index.php\/2026\/04\/27\/playa-del-carmen-llega-fuerte-al-tianguis-turistico-con-apuesta-por-diversificacion-innovacion-y-mercados-internacionales\/#primaryimage","url":"https:\/\/panoramaciudadano.com\/wp-content\/uploads\/2026\/04\/WhatsApp-Image-2026-04-27-at-9.54.28-AM-3.jpeg","contentUrl":"https:\/\/panoramaciudadano.com\/wp-content\/uploads\/2026\/04\/WhatsApp-Image-2026-04-27-at-9.54.28-AM-3.jpeg","width":960,"height":720},{"@type":"BreadcrumbList","@id":"https:\/\/panoramaciudadano.com\/index.php\/2026\/04\/27\/playa-del-carmen-llega-fuerte-al-tianguis-turistico-con-apuesta-por-diversificacion-innovacion-y-mercados-internacionales\/#breadcrumb","itemListElement":[{"@type":"ListItem","position":1,"name":"Portada","item":"https:\/\/panoramaciudadano.com\/"},{"@type":"ListItem","position":2,"name":"Playa del Carmen llega fuerte al Tianguis Tur\u00edstico con apuesta por diversificaci\u00f3n, innovaci\u00f3n y mercados internacionales"}]},{"@type":"WebSite","@id":"https:\/\/panoramaciudadano.com\/#website","url":"https:\/\/panoramaciudadano.com\/","name":"Panorama Ciudadano","description":"","publisher":{"@id":"https:\/\/panoramaciudadano.com\/#organization"},"potentialAction":[{"@type":"SearchAction","target":{"@type":"EntryPoint","urlTemplate":"https:\/\/panoramaciudadano.com\/?s={search_term_string}"},"query-input":{"@type":"PropertyValueSpecification","valueRequired":true,"valueName":"search_term_string"}}],"inLanguage":"es"},{"@type":"Organization","@id":"https:\/\/panoramaciudadano.com\/#organization","name":"Panorama Ciudadano","url":"https:\/\/panoramaciudadano.com\/","logo":{"@type":"ImageObject","inLanguage":"es","@id":"https:\/\/panoramaciudadano.com\/#\/schema\/logo\/image\/","url":"https:\/\/panoramaciudadano.com\/wp-content\/uploads\/2024\/05\/401498640_919267042938564_6290593609399108733_n.jpg","contentUrl":"https:\/\/panoramaciudadano.com\/wp-content\/uploads\/2024\/05\/401498640_919267042938564_6290593609399108733_n.jpg","width":960,"height":957,"caption":"Panorama Ciudadano"},"image":{"@id":"https:\/\/panoramaciudadano.com\/#\/schema\/logo\/image\/"},"sameAs":["https:\/\/www.facebook.com\/panoramaciudadano"]},{"@type":"Person","@id":"https:\/\/panoramaciudadano.com\/#\/schema\/person\/ffe9fe8ef47d3a93977b5761fd9e0d96","name":"admin","image":{"@type":"ImageObject","inLanguage":"es","@id":"https:\/\/panoramaciudadano.com\/#\/schema\/person\/image\/","url":"https:\/\/secure.gravatar.com\/avatar\/2d5a12cacce3f18096f25fadea8abb7202fef18ed669595589853e84260ff451?s=96&d=mm&r=g","contentUrl":"https:\/\/secure.gravatar.com\/avatar\/2d5a12cacce3f18096f25fadea8abb7202fef18ed669595589853e84260ff451?s=96&d=mm&r=g","caption":"admin"},"sameAs":["https:\/\/panoramaciudadano.com"],"url":"https:\/\/panoramaciudadano.com\/index.php\/author\/admin_3q6hyqq3\/"}]}},"_links":{"self":[{"href":"https:\/\/panoramaciudadano.com\/index.php\/wp-json\/wp\/v2\/posts\/34215","targetHints":{"allow":["GET"]}}],"collection":[{"href":"https:\/\/panoramaciudadano.com\/index.php\/wp-json\/wp\/v2\/posts"}],"about":[{"href":"https:\/\/panoramaciudadano.com\/index.php\/wp-json\/wp\/v2\/types\/post"}],"author":[{"embeddable":true,"href":"https:\/\/panoramaciudadano.com\/index.php\/wp-json\/wp\/v2\/users\/1"}],"replies":[{"embeddable":true,"href":"https:\/\/panoramaciudadano.com\/index.php\/wp-json\/wp\/v2\/comments?post=34215"}],"version-history":[{"count":1,"href":"https:\/\/panoramaciudadano.com\/index.php\/wp-json\/wp\/v2\/posts\/34215\/revisions"}],"predecessor-version":[{"id":34221,"href":"https:\/\/panoramaciudadano.com\/index.php\/wp-json\/wp\/v2\/posts\/34215\/revisions\/34221"}],"wp:featuredmedia":[{"embeddable":true,"href":"https:\/\/panoramaciudadano.com\/index.php\/wp-json\/wp\/v2\/media\/34220"}],"wp:attachment":[{"href":"https:\/\/panoramaciudadano.com\/index.php\/wp-json\/wp\/v2\/media?parent=34215"}],"wp:term":[{"taxonomy":"category","embeddable":true,"href":"https:\/\/panoramaciudadano.com\/index.php\/wp-json\/wp\/v2\/categories?post=34215"},{"taxonomy":"post_tag","embeddable":true,"href":"https:\/\/panoramaciudadano.com\/index.php\/wp-json\/wp\/v2\/tags?post=34215"}],"curies":[{"name":"wp","href":"https:\/\/api.w.org\/{rel}","templated":true}]}}