{"id":34223,"date":"2026-04-27T10:38:39","date_gmt":"2026-04-27T15:38:39","guid":{"rendered":"https:\/\/panoramaciudadano.com\/?p=34223"},"modified":"2026-04-27T10:38:40","modified_gmt":"2026-04-27T15:38:40","slug":"quintana-roo-se-suma-a-la-clase-nacional-de-beisbol-y-softbol-diamantes-de-paz","status":"publish","type":"post","link":"https:\/\/panoramaciudadano.com\/index.php\/2026\/04\/27\/quintana-roo-se-suma-a-la-clase-nacional-de-beisbol-y-softbol-diamantes-de-paz\/","title":{"rendered":"Quintana Roo se suma a la Clase Nacional de B\u00e9isbol y Softbol \u201cDiamantes de Paz\u201d"},"content":{"rendered":"\n<figure class=\"wp-block-gallery has-nested-images columns-default is-cropped wp-block-gallery-1 is-layout-flex wp-block-gallery-is-layout-flex\">\n<figure class=\"wp-block-image size-large\"><img decoding=\"async\" width=\"590\" height=\"394\" data-id=\"34227\" src=\"https:\/\/panoramaciudadano.com\/wp-content\/uploads\/2026\/04\/WhatsApp-Image-2026-04-27-at-9.59.54-AM-1.jpeg\" alt=\"\" class=\"wp-image-34227\" srcset=\"https:\/\/panoramaciudadano.com\/wp-content\/uploads\/2026\/04\/WhatsApp-Image-2026-04-27-at-9.59.54-AM-1.jpeg 590w, https:\/\/panoramaciudadano.com\/wp-content\/uploads\/2026\/04\/WhatsApp-Image-2026-04-27-at-9.59.54-AM-1-300x200.jpeg 300w\" sizes=\"(max-width: 590px) 100vw, 590px\" \/><\/figure>\n\n\n\n<figure class=\"wp-block-image size-large\"><img decoding=\"async\" width=\"1024\" height=\"683\" data-id=\"34231\" src=\"https:\/\/panoramaciudadano.com\/wp-content\/uploads\/2026\/04\/WhatsApp-Image-2026-04-27-at-9.59.54-AM-2-1024x683.jpeg\" alt=\"\" class=\"wp-image-34231\" srcset=\"https:\/\/panoramaciudadano.com\/wp-content\/uploads\/2026\/04\/WhatsApp-Image-2026-04-27-at-9.59.54-AM-2-1024x683.jpeg 1024w, https:\/\/panoramaciudadano.com\/wp-content\/uploads\/2026\/04\/WhatsApp-Image-2026-04-27-at-9.59.54-AM-2-300x200.jpeg 300w, https:\/\/panoramaciudadano.com\/wp-content\/uploads\/2026\/04\/WhatsApp-Image-2026-04-27-at-9.59.54-AM-2-768x512.jpeg 768w, https:\/\/panoramaciudadano.com\/wp-content\/uploads\/2026\/04\/WhatsApp-Image-2026-04-27-at-9.59.54-AM-2.jpeg 1280w\" sizes=\"(max-width: 1024px) 100vw, 1024px\" \/><\/figure>\n\n\n\n<figure class=\"wp-block-image size-large\"><img decoding=\"async\" width=\"590\" height=\"394\" data-id=\"34226\" src=\"https:\/\/panoramaciudadano.com\/wp-content\/uploads\/2026\/04\/WhatsApp-Image-2026-04-27-at-9.59.54-AM.jpeg\" alt=\"\" class=\"wp-image-34226\" srcset=\"https:\/\/panoramaciudadano.com\/wp-content\/uploads\/2026\/04\/WhatsApp-Image-2026-04-27-at-9.59.54-AM.jpeg 590w, https:\/\/panoramaciudadano.com\/wp-content\/uploads\/2026\/04\/WhatsApp-Image-2026-04-27-at-9.59.54-AM-300x200.jpeg 300w\" sizes=\"(max-width: 590px) 100vw, 590px\" \/><\/figure>\n\n\n\n<figure class=\"wp-block-image size-large\"><img decoding=\"async\" width=\"1024\" height=\"682\" data-id=\"34230\" src=\"https:\/\/panoramaciudadano.com\/wp-content\/uploads\/2026\/04\/WhatsApp-Image-2026-04-27-at-9.59.57-AM-1024x682.jpeg\" alt=\"\" class=\"wp-image-34230\" srcset=\"https:\/\/panoramaciudadano.com\/wp-content\/uploads\/2026\/04\/WhatsApp-Image-2026-04-27-at-9.59.57-AM-1024x682.jpeg 1024w, https:\/\/panoramaciudadano.com\/wp-content\/uploads\/2026\/04\/WhatsApp-Image-2026-04-27-at-9.59.57-AM-300x200.jpeg 300w, https:\/\/panoramaciudadano.com\/wp-content\/uploads\/2026\/04\/WhatsApp-Image-2026-04-27-at-9.59.57-AM-768x512.jpeg 768w, https:\/\/panoramaciudadano.com\/wp-content\/uploads\/2026\/04\/WhatsApp-Image-2026-04-27-at-9.59.57-AM.jpeg 1280w\" sizes=\"(max-width: 1024px) 100vw, 1024px\" \/><\/figure>\n\n\n\n<figure class=\"wp-block-image size-large\"><img decoding=\"async\" width=\"1024\" height=\"682\" data-id=\"34229\" src=\"https:\/\/panoramaciudadano.com\/wp-content\/uploads\/2026\/04\/WhatsApp-Image-2026-04-27-at-9.59.58-AM-1024x682.jpeg\" alt=\"\" class=\"wp-image-34229\" srcset=\"https:\/\/panoramaciudadano.com\/wp-content\/uploads\/2026\/04\/WhatsApp-Image-2026-04-27-at-9.59.58-AM-1024x682.jpeg 1024w, https:\/\/panoramaciudadano.com\/wp-content\/uploads\/2026\/04\/WhatsApp-Image-2026-04-27-at-9.59.58-AM-300x200.jpeg 300w, https:\/\/panoramaciudadano.com\/wp-content\/uploads\/2026\/04\/WhatsApp-Image-2026-04-27-at-9.59.58-AM-768x512.jpeg 768w, https:\/\/panoramaciudadano.com\/wp-content\/uploads\/2026\/04\/WhatsApp-Image-2026-04-27-at-9.59.58-AM.jpeg 1280w\" sizes=\"(max-width: 1024px) 100vw, 1024px\" \/><\/figure>\n<\/figure>\n\n\n\n<p>Con una participaci\u00f3n de 315 personas, Quintana Roo se sum\u00f3 a la Clase Nacional de B\u00e9isbol y Softbol \u201cDiamantes de Paz\u201d, actividad que se realiz\u00f3 de manera simult\u00e1nea con los otros 31 estados del pa\u00eds y que encabeza la presidenta de M\u00e9xico, Claudia Sheinbaum Pardo y la gobernadora Mara Lezama Espinosa, y que tiene por objetivo la Construcci\u00f3n de Paz en todo el pa\u00eds.<\/p>\n\n\n\n<p>\u201cEn Quintana Roo seguimos trabajando para el impulso de las actividades deportivas que aportan en la sociedad, por eso en un trabajo coordinado con el equipo profesional Tigres de Quintana Roo, nos sumamos a esta actividad nacional, que reuni\u00f3n a ni\u00f1as, ni\u00f1os, jovenes y hasta adultos para aprender un poco del \u2018Rey de los Deportes\u2019\u201d, coment\u00f3 Jacobo Arzate Hop, presidente de la Comisi\u00f3n del Deporte de Quintana Roo.<\/p>\n\n\n\n<p>Fue una ma\u00f1ana muy din\u00e1mica la que se vivi\u00f3 en el \u201cDiamante\u201d del Beto \u00c1vila, donde jugadores de los Tigres se dieron un tiempo para ense\u00f1ar unos tips a las y los participantes, esta actividad tambi\u00e9n enmarcan el Nuevo Acuerdo por el Bienestar y Desarrollo, que promueve el deporte como una herramienta fundamental para la reconstrucci\u00f3n del tejido social.<\/p>\n\n\n\n<p>Fueron dos horas de actividades las que se realizaron y en donde hasta el Tigre Chacho, mascota de los Tigres de Quintana Roo, particip\u00f3 en la din\u00e1mica, al cierre, los jugadores se dieron un tiempo para dar aut\u00f3grafos, adem\u00e1s de posar para la tradicional foto del recuerdo.<\/p>\n","protected":false},"excerpt":{"rendered":"<p>315 personas se dieron cita en el Estadio \u201cBeto \u00c1vila\u201d de Canc\u00fan, para sumarse a esta actividad que forma parte de las acciones para la Construcci\u00f3n de Paz en M\u00e9xico, inform\u00f3 Jacobo Arzate, titular de la CODEQ<\/p>\n","protected":false},"author":1,"featured_media":34228,"comment_status":"open","ping_status":"closed","sticky":false,"template":"","format":"standard","meta":{"footnotes":""},"categories":[5],"tags":[3007],"class_list":["post-34223","post","type-post","status-publish","format-standard","has-post-thumbnail","hentry","category-quintana-roo","tag-diamantes-de-paz"],"yoast_head":"<!-- This site is optimized with the Yoast SEO plugin v27.1.1 - https:\/\/yoast.com\/product\/yoast-seo-wordpress\/ -->\n<title>Quintana Roo se suma a la Clase Nacional de B\u00e9isbol y Softbol \u201cDiamantes de Paz\u201d - Panorama Ciudadano<\/title>\n<meta name=\"robots\" content=\"index, follow, max-snippet:-1, max-image-preview:large, max-video-preview:-1\" \/>\n<link rel=\"canonical\" href=\"https:\/\/panoramaciudadano.com\/index.php\/2026\/04\/27\/quintana-roo-se-suma-a-la-clase-nacional-de-beisbol-y-softbol-diamantes-de-paz\/\" \/>\n<meta property=\"og:locale\" content=\"es_ES\" \/>\n<meta property=\"og:type\" content=\"article\" \/>\n<meta property=\"og:title\" content=\"Quintana Roo se suma a la Clase Nacional de B\u00e9isbol y Softbol \u201cDiamantes de Paz\u201d - Panorama Ciudadano\" \/>\n<meta property=\"og:description\" content=\"315 personas se dieron cita en el Estadio \u201cBeto \u00c1vila\u201d de Canc\u00fan, para sumarse a esta actividad que forma parte de las acciones para la Construcci\u00f3n de Paz en M\u00e9xico, inform\u00f3 Jacobo Arzate, titular de la CODEQ\" \/>\n<meta property=\"og:url\" content=\"https:\/\/panoramaciudadano.com\/index.php\/2026\/04\/27\/quintana-roo-se-suma-a-la-clase-nacional-de-beisbol-y-softbol-diamantes-de-paz\/\" \/>\n<meta property=\"og:site_name\" content=\"Panorama Ciudadano\" \/>\n<meta property=\"article:publisher\" content=\"https:\/\/www.facebook.com\/panoramaciudadano\" \/>\n<meta property=\"article:published_time\" content=\"2026-04-27T15:38:39+00:00\" \/>\n<meta property=\"article:modified_time\" content=\"2026-04-27T15:38:40+00:00\" \/>\n<meta property=\"og:image\" content=\"https:\/\/panoramaciudadano.com\/wp-content\/uploads\/2026\/04\/WhatsApp-Image-2026-04-27-at-9.59.54-AM-3.jpeg\" \/>\n\t<meta property=\"og:image:width\" content=\"1280\" \/>\n\t<meta property=\"og:image:height\" content=\"853\" \/>\n\t<meta property=\"og:image:type\" content=\"image\/jpeg\" \/>\n<meta name=\"author\" content=\"admin\" \/>\n<meta name=\"twitter:card\" content=\"summary_large_image\" \/>\n<meta name=\"twitter:label1\" content=\"Escrito por\" \/>\n\t<meta name=\"twitter:data1\" content=\"admin\" \/>\n\t<meta name=\"twitter:label2\" content=\"Tiempo de lectura\" \/>\n\t<meta name=\"twitter:data2\" content=\"3 minutos\" \/>\n<script type=\"application\/ld+json\" class=\"yoast-schema-graph\">{\"@context\":\"https:\/\/schema.org\",\"@graph\":[{\"@type\":\"Article\",\"@id\":\"https:\/\/panoramaciudadano.com\/index.php\/2026\/04\/27\/quintana-roo-se-suma-a-la-clase-nacional-de-beisbol-y-softbol-diamantes-de-paz\/#article\",\"isPartOf\":{\"@id\":\"https:\/\/panoramaciudadano.com\/index.php\/2026\/04\/27\/quintana-roo-se-suma-a-la-clase-nacional-de-beisbol-y-softbol-diamantes-de-paz\/\"},\"author\":{\"name\":\"admin\",\"@id\":\"https:\/\/panoramaciudadano.com\/#\/schema\/person\/ffe9fe8ef47d3a93977b5761fd9e0d96\"},\"headline\":\"Quintana Roo se suma a la Clase Nacional de B\u00e9isbol y Softbol \u201cDiamantes de Paz\u201d\",\"datePublished\":\"2026-04-27T15:38:39+00:00\",\"dateModified\":\"2026-04-27T15:38:40+00:00\",\"mainEntityOfPage\":{\"@id\":\"https:\/\/panoramaciudadano.com\/index.php\/2026\/04\/27\/quintana-roo-se-suma-a-la-clase-nacional-de-beisbol-y-softbol-diamantes-de-paz\/\"},\"wordCount\":271,\"commentCount\":0,\"publisher\":{\"@id\":\"https:\/\/panoramaciudadano.com\/#organization\"},\"image\":{\"@id\":\"https:\/\/panoramaciudadano.com\/index.php\/2026\/04\/27\/quintana-roo-se-suma-a-la-clase-nacional-de-beisbol-y-softbol-diamantes-de-paz\/#primaryimage\"},\"thumbnailUrl\":\"https:\/\/panoramaciudadano.com\/wp-content\/uploads\/2026\/04\/WhatsApp-Image-2026-04-27-at-9.59.54-AM-3.jpeg\",\"keywords\":[\"Diamantes de Paz\"],\"articleSection\":[\"Quintana Roo\"],\"inLanguage\":\"es\",\"potentialAction\":[{\"@type\":\"CommentAction\",\"name\":\"Comment\",\"target\":[\"https:\/\/panoramaciudadano.com\/index.php\/2026\/04\/27\/quintana-roo-se-suma-a-la-clase-nacional-de-beisbol-y-softbol-diamantes-de-paz\/#respond\"]}]},{\"@type\":\"WebPage\",\"@id\":\"https:\/\/panoramaciudadano.com\/index.php\/2026\/04\/27\/quintana-roo-se-suma-a-la-clase-nacional-de-beisbol-y-softbol-diamantes-de-paz\/\",\"url\":\"https:\/\/panoramaciudadano.com\/index.php\/2026\/04\/27\/quintana-roo-se-suma-a-la-clase-nacional-de-beisbol-y-softbol-diamantes-de-paz\/\",\"name\":\"Quintana Roo se suma a la Clase Nacional de B\u00e9isbol y Softbol \u201cDiamantes de Paz\u201d - Panorama Ciudadano\",\"isPartOf\":{\"@id\":\"https:\/\/panoramaciudadano.com\/#website\"},\"primaryImageOfPage\":{\"@id\":\"https:\/\/panoramaciudadano.com\/index.php\/2026\/04\/27\/quintana-roo-se-suma-a-la-clase-nacional-de-beisbol-y-softbol-diamantes-de-paz\/#primaryimage\"},\"image\":{\"@id\":\"https:\/\/panoramaciudadano.com\/index.php\/2026\/04\/27\/quintana-roo-se-suma-a-la-clase-nacional-de-beisbol-y-softbol-diamantes-de-paz\/#primaryimage\"},\"thumbnailUrl\":\"https:\/\/panoramaciudadano.com\/wp-content\/uploads\/2026\/04\/WhatsApp-Image-2026-04-27-at-9.59.54-AM-3.jpeg\",\"datePublished\":\"2026-04-27T15:38:39+00:00\",\"dateModified\":\"2026-04-27T15:38:40+00:00\",\"breadcrumb\":{\"@id\":\"https:\/\/panoramaciudadano.com\/index.php\/2026\/04\/27\/quintana-roo-se-suma-a-la-clase-nacional-de-beisbol-y-softbol-diamantes-de-paz\/#breadcrumb\"},\"inLanguage\":\"es\",\"potentialAction\":[{\"@type\":\"ReadAction\",\"target\":[\"https:\/\/panoramaciudadano.com\/index.php\/2026\/04\/27\/quintana-roo-se-suma-a-la-clase-nacional-de-beisbol-y-softbol-diamantes-de-paz\/\"]}]},{\"@type\":\"ImageObject\",\"inLanguage\":\"es\",\"@id\":\"https:\/\/panoramaciudadano.com\/index.php\/2026\/04\/27\/quintana-roo-se-suma-a-la-clase-nacional-de-beisbol-y-softbol-diamantes-de-paz\/#primaryimage\",\"url\":\"https:\/\/panoramaciudadano.com\/wp-content\/uploads\/2026\/04\/WhatsApp-Image-2026-04-27-at-9.59.54-AM-3.jpeg\",\"contentUrl\":\"https:\/\/panoramaciudadano.com\/wp-content\/uploads\/2026\/04\/WhatsApp-Image-2026-04-27-at-9.59.54-AM-3.jpeg\",\"width\":1280,\"height\":853},{\"@type\":\"BreadcrumbList\",\"@id\":\"https:\/\/panoramaciudadano.com\/index.php\/2026\/04\/27\/quintana-roo-se-suma-a-la-clase-nacional-de-beisbol-y-softbol-diamantes-de-paz\/#breadcrumb\",\"itemListElement\":[{\"@type\":\"ListItem\",\"position\":1,\"name\":\"Portada\",\"item\":\"https:\/\/panoramaciudadano.com\/\"},{\"@type\":\"ListItem\",\"position\":2,\"name\":\"Quintana Roo se suma a la Clase Nacional de B\u00e9isbol y Softbol \u201cDiamantes de Paz\u201d\"}]},{\"@type\":\"WebSite\",\"@id\":\"https:\/\/panoramaciudadano.com\/#website\",\"url\":\"https:\/\/panoramaciudadano.com\/\",\"name\":\"Panorama Ciudadano\",\"description\":\"\",\"publisher\":{\"@id\":\"https:\/\/panoramaciudadano.com\/#organization\"},\"potentialAction\":[{\"@type\":\"SearchAction\",\"target\":{\"@type\":\"EntryPoint\",\"urlTemplate\":\"https:\/\/panoramaciudadano.com\/?s={search_term_string}\"},\"query-input\":{\"@type\":\"PropertyValueSpecification\",\"valueRequired\":true,\"valueName\":\"search_term_string\"}}],\"inLanguage\":\"es\"},{\"@type\":\"Organization\",\"@id\":\"https:\/\/panoramaciudadano.com\/#organization\",\"name\":\"Panorama Ciudadano\",\"url\":\"https:\/\/panoramaciudadano.com\/\",\"logo\":{\"@type\":\"ImageObject\",\"inLanguage\":\"es\",\"@id\":\"https:\/\/panoramaciudadano.com\/#\/schema\/logo\/image\/\",\"url\":\"https:\/\/panoramaciudadano.com\/wp-content\/uploads\/2024\/05\/401498640_919267042938564_6290593609399108733_n.jpg\",\"contentUrl\":\"https:\/\/panoramaciudadano.com\/wp-content\/uploads\/2024\/05\/401498640_919267042938564_6290593609399108733_n.jpg\",\"width\":960,\"height\":957,\"caption\":\"Panorama Ciudadano\"},\"image\":{\"@id\":\"https:\/\/panoramaciudadano.com\/#\/schema\/logo\/image\/\"},\"sameAs\":[\"https:\/\/www.facebook.com\/panoramaciudadano\"]},{\"@type\":\"Person\",\"@id\":\"https:\/\/panoramaciudadano.com\/#\/schema\/person\/ffe9fe8ef47d3a93977b5761fd9e0d96\",\"name\":\"admin\",\"image\":{\"@type\":\"ImageObject\",\"inLanguage\":\"es\",\"@id\":\"https:\/\/panoramaciudadano.com\/#\/schema\/person\/image\/\",\"url\":\"https:\/\/secure.gravatar.com\/avatar\/2d5a12cacce3f18096f25fadea8abb7202fef18ed669595589853e84260ff451?s=96&d=mm&r=g\",\"contentUrl\":\"https:\/\/secure.gravatar.com\/avatar\/2d5a12cacce3f18096f25fadea8abb7202fef18ed669595589853e84260ff451?s=96&d=mm&r=g\",\"caption\":\"admin\"},\"sameAs\":[\"https:\/\/panoramaciudadano.com\"],\"url\":\"https:\/\/panoramaciudadano.com\/index.php\/author\/admin_3q6hyqq3\/\"}]}<\/script>\n<!-- \/ Yoast SEO plugin. -->","yoast_head_json":{"title":"Quintana Roo se suma a la Clase Nacional de B\u00e9isbol y Softbol \u201cDiamantes de Paz\u201d - Panorama Ciudadano","robots":{"index":"index","follow":"follow","max-snippet":"max-snippet:-1","max-image-preview":"max-image-preview:large","max-video-preview":"max-video-preview:-1"},"canonical":"https:\/\/panoramaciudadano.com\/index.php\/2026\/04\/27\/quintana-roo-se-suma-a-la-clase-nacional-de-beisbol-y-softbol-diamantes-de-paz\/","og_locale":"es_ES","og_type":"article","og_title":"Quintana Roo se suma a la Clase Nacional de B\u00e9isbol y Softbol \u201cDiamantes de Paz\u201d - Panorama Ciudadano","og_description":"315 personas se dieron cita en el Estadio \u201cBeto \u00c1vila\u201d de Canc\u00fan, para sumarse a esta actividad que forma parte de las acciones para la Construcci\u00f3n de Paz en M\u00e9xico, inform\u00f3 Jacobo Arzate, titular de la CODEQ","og_url":"https:\/\/panoramaciudadano.com\/index.php\/2026\/04\/27\/quintana-roo-se-suma-a-la-clase-nacional-de-beisbol-y-softbol-diamantes-de-paz\/","og_site_name":"Panorama Ciudadano","article_publisher":"https:\/\/www.facebook.com\/panoramaciudadano","article_published_time":"2026-04-27T15:38:39+00:00","article_modified_time":"2026-04-27T15:38:40+00:00","og_image":[{"width":1280,"height":853,"url":"https:\/\/panoramaciudadano.com\/wp-content\/uploads\/2026\/04\/WhatsApp-Image-2026-04-27-at-9.59.54-AM-3.jpeg","type":"image\/jpeg"}],"author":"admin","twitter_card":"summary_large_image","twitter_misc":{"Escrito por":"admin","Tiempo de lectura":"3 minutos"},"schema":{"@context":"https:\/\/schema.org","@graph":[{"@type":"Article","@id":"https:\/\/panoramaciudadano.com\/index.php\/2026\/04\/27\/quintana-roo-se-suma-a-la-clase-nacional-de-beisbol-y-softbol-diamantes-de-paz\/#article","isPartOf":{"@id":"https:\/\/panoramaciudadano.com\/index.php\/2026\/04\/27\/quintana-roo-se-suma-a-la-clase-nacional-de-beisbol-y-softbol-diamantes-de-paz\/"},"author":{"name":"admin","@id":"https:\/\/panoramaciudadano.com\/#\/schema\/person\/ffe9fe8ef47d3a93977b5761fd9e0d96"},"headline":"Quintana Roo se suma a la Clase Nacional de B\u00e9isbol y Softbol \u201cDiamantes de Paz\u201d","datePublished":"2026-04-27T15:38:39+00:00","dateModified":"2026-04-27T15:38:40+00:00","mainEntityOfPage":{"@id":"https:\/\/panoramaciudadano.com\/index.php\/2026\/04\/27\/quintana-roo-se-suma-a-la-clase-nacional-de-beisbol-y-softbol-diamantes-de-paz\/"},"wordCount":271,"commentCount":0,"publisher":{"@id":"https:\/\/panoramaciudadano.com\/#organization"},"image":{"@id":"https:\/\/panoramaciudadano.com\/index.php\/2026\/04\/27\/quintana-roo-se-suma-a-la-clase-nacional-de-beisbol-y-softbol-diamantes-de-paz\/#primaryimage"},"thumbnailUrl":"https:\/\/panoramaciudadano.com\/wp-content\/uploads\/2026\/04\/WhatsApp-Image-2026-04-27-at-9.59.54-AM-3.jpeg","keywords":["Diamantes de Paz"],"articleSection":["Quintana Roo"],"inLanguage":"es","potentialAction":[{"@type":"CommentAction","name":"Comment","target":["https:\/\/panoramaciudadano.com\/index.php\/2026\/04\/27\/quintana-roo-se-suma-a-la-clase-nacional-de-beisbol-y-softbol-diamantes-de-paz\/#respond"]}]},{"@type":"WebPage","@id":"https:\/\/panoramaciudadano.com\/index.php\/2026\/04\/27\/quintana-roo-se-suma-a-la-clase-nacional-de-beisbol-y-softbol-diamantes-de-paz\/","url":"https:\/\/panoramaciudadano.com\/index.php\/2026\/04\/27\/quintana-roo-se-suma-a-la-clase-nacional-de-beisbol-y-softbol-diamantes-de-paz\/","name":"Quintana Roo se suma a la Clase Nacional de B\u00e9isbol y Softbol \u201cDiamantes de Paz\u201d - Panorama Ciudadano","isPartOf":{"@id":"https:\/\/panoramaciudadano.com\/#website"},"primaryImageOfPage":{"@id":"https:\/\/panoramaciudadano.com\/index.php\/2026\/04\/27\/quintana-roo-se-suma-a-la-clase-nacional-de-beisbol-y-softbol-diamantes-de-paz\/#primaryimage"},"image":{"@id":"https:\/\/panoramaciudadano.com\/index.php\/2026\/04\/27\/quintana-roo-se-suma-a-la-clase-nacional-de-beisbol-y-softbol-diamantes-de-paz\/#primaryimage"},"thumbnailUrl":"https:\/\/panoramaciudadano.com\/wp-content\/uploads\/2026\/04\/WhatsApp-Image-2026-04-27-at-9.59.54-AM-3.jpeg","datePublished":"2026-04-27T15:38:39+00:00","dateModified":"2026-04-27T15:38:40+00:00","breadcrumb":{"@id":"https:\/\/panoramaciudadano.com\/index.php\/2026\/04\/27\/quintana-roo-se-suma-a-la-clase-nacional-de-beisbol-y-softbol-diamantes-de-paz\/#breadcrumb"},"inLanguage":"es","potentialAction":[{"@type":"ReadAction","target":["https:\/\/panoramaciudadano.com\/index.php\/2026\/04\/27\/quintana-roo-se-suma-a-la-clase-nacional-de-beisbol-y-softbol-diamantes-de-paz\/"]}]},{"@type":"ImageObject","inLanguage":"es","@id":"https:\/\/panoramaciudadano.com\/index.php\/2026\/04\/27\/quintana-roo-se-suma-a-la-clase-nacional-de-beisbol-y-softbol-diamantes-de-paz\/#primaryimage","url":"https:\/\/panoramaciudadano.com\/wp-content\/uploads\/2026\/04\/WhatsApp-Image-2026-04-27-at-9.59.54-AM-3.jpeg","contentUrl":"https:\/\/panoramaciudadano.com\/wp-content\/uploads\/2026\/04\/WhatsApp-Image-2026-04-27-at-9.59.54-AM-3.jpeg","width":1280,"height":853},{"@type":"BreadcrumbList","@id":"https:\/\/panoramaciudadano.com\/index.php\/2026\/04\/27\/quintana-roo-se-suma-a-la-clase-nacional-de-beisbol-y-softbol-diamantes-de-paz\/#breadcrumb","itemListElement":[{"@type":"ListItem","position":1,"name":"Portada","item":"https:\/\/panoramaciudadano.com\/"},{"@type":"ListItem","position":2,"name":"Quintana Roo se suma a la Clase Nacional de B\u00e9isbol y Softbol \u201cDiamantes de Paz\u201d"}]},{"@type":"WebSite","@id":"https:\/\/panoramaciudadano.com\/#website","url":"https:\/\/panoramaciudadano.com\/","name":"Panorama Ciudadano","description":"","publisher":{"@id":"https:\/\/panoramaciudadano.com\/#organization"},"potentialAction":[{"@type":"SearchAction","target":{"@type":"EntryPoint","urlTemplate":"https:\/\/panoramaciudadano.com\/?s={search_term_string}"},"query-input":{"@type":"PropertyValueSpecification","valueRequired":true,"valueName":"search_term_string"}}],"inLanguage":"es"},{"@type":"Organization","@id":"https:\/\/panoramaciudadano.com\/#organization","name":"Panorama Ciudadano","url":"https:\/\/panoramaciudadano.com\/","logo":{"@type":"ImageObject","inLanguage":"es","@id":"https:\/\/panoramaciudadano.com\/#\/schema\/logo\/image\/","url":"https:\/\/panoramaciudadano.com\/wp-content\/uploads\/2024\/05\/401498640_919267042938564_6290593609399108733_n.jpg","contentUrl":"https:\/\/panoramaciudadano.com\/wp-content\/uploads\/2024\/05\/401498640_919267042938564_6290593609399108733_n.jpg","width":960,"height":957,"caption":"Panorama Ciudadano"},"image":{"@id":"https:\/\/panoramaciudadano.com\/#\/schema\/logo\/image\/"},"sameAs":["https:\/\/www.facebook.com\/panoramaciudadano"]},{"@type":"Person","@id":"https:\/\/panoramaciudadano.com\/#\/schema\/person\/ffe9fe8ef47d3a93977b5761fd9e0d96","name":"admin","image":{"@type":"ImageObject","inLanguage":"es","@id":"https:\/\/panoramaciudadano.com\/#\/schema\/person\/image\/","url":"https:\/\/secure.gravatar.com\/avatar\/2d5a12cacce3f18096f25fadea8abb7202fef18ed669595589853e84260ff451?s=96&d=mm&r=g","contentUrl":"https:\/\/secure.gravatar.com\/avatar\/2d5a12cacce3f18096f25fadea8abb7202fef18ed669595589853e84260ff451?s=96&d=mm&r=g","caption":"admin"},"sameAs":["https:\/\/panoramaciudadano.com"],"url":"https:\/\/panoramaciudadano.com\/index.php\/author\/admin_3q6hyqq3\/"}]}},"_links":{"self":[{"href":"https:\/\/panoramaciudadano.com\/index.php\/wp-json\/wp\/v2\/posts\/34223","targetHints":{"allow":["GET"]}}],"collection":[{"href":"https:\/\/panoramaciudadano.com\/index.php\/wp-json\/wp\/v2\/posts"}],"about":[{"href":"https:\/\/panoramaciudadano.com\/index.php\/wp-json\/wp\/v2\/types\/post"}],"author":[{"embeddable":true,"href":"https:\/\/panoramaciudadano.com\/index.php\/wp-json\/wp\/v2\/users\/1"}],"replies":[{"embeddable":true,"href":"https:\/\/panoramaciudadano.com\/index.php\/wp-json\/wp\/v2\/comments?post=34223"}],"version-history":[{"count":1,"href":"https:\/\/panoramaciudadano.com\/index.php\/wp-json\/wp\/v2\/posts\/34223\/revisions"}],"predecessor-version":[{"id":34232,"href":"https:\/\/panoramaciudadano.com\/index.php\/wp-json\/wp\/v2\/posts\/34223\/revisions\/34232"}],"wp:featuredmedia":[{"embeddable":true,"href":"https:\/\/panoramaciudadano.com\/index.php\/wp-json\/wp\/v2\/media\/34228"}],"wp:attachment":[{"href":"https:\/\/panoramaciudadano.com\/index.php\/wp-json\/wp\/v2\/media?parent=34223"}],"wp:term":[{"taxonomy":"category","embeddable":true,"href":"https:\/\/panoramaciudadano.com\/index.php\/wp-json\/wp\/v2\/categories?post=34223"},{"taxonomy":"post_tag","embeddable":true,"href":"https:\/\/panoramaciudadano.com\/index.php\/wp-json\/wp\/v2\/tags?post=34223"}],"curies":[{"name":"wp","href":"https:\/\/api.w.org\/{rel}","templated":true}]}}