{"id":34233,"date":"2026-04-27T10:39:56","date_gmt":"2026-04-27T15:39:56","guid":{"rendered":"https:\/\/panoramaciudadano.com\/?p=34233"},"modified":"2026-04-27T10:40:00","modified_gmt":"2026-04-27T15:40:00","slug":"sofocan-bomberos-incendio-de-vehiculo-en-el-cruce-de-las-avenidas-tulum-y-sayil","status":"publish","type":"post","link":"https:\/\/panoramaciudadano.com\/index.php\/2026\/04\/27\/sofocan-bomberos-incendio-de-vehiculo-en-el-cruce-de-las-avenidas-tulum-y-sayil\/","title":{"rendered":"SOFOCAN BOMBEROS INCENDIO DE VEH\u00cdCULO EN EL CRUCE DE LAS AVENIDAS TULUM Y SAYIL"},"content":{"rendered":"\n<figure class=\"wp-block-gallery has-nested-images columns-default is-cropped wp-block-gallery-1 is-layout-flex wp-block-gallery-is-layout-flex\">\n<figure class=\"wp-block-image size-large\"><img decoding=\"async\" width=\"590\" height=\"443\" data-id=\"34235\" src=\"https:\/\/panoramaciudadano.com\/wp-content\/uploads\/2026\/04\/WhatsApp-Image-2026-04-27-at-10.02.50-AM-1.jpeg\" alt=\"\" class=\"wp-image-34235\" srcset=\"https:\/\/panoramaciudadano.com\/wp-content\/uploads\/2026\/04\/WhatsApp-Image-2026-04-27-at-10.02.50-AM-1.jpeg 590w, https:\/\/panoramaciudadano.com\/wp-content\/uploads\/2026\/04\/WhatsApp-Image-2026-04-27-at-10.02.50-AM-1-300x225.jpeg 300w\" sizes=\"(max-width: 590px) 100vw, 590px\" \/><\/figure>\n\n\n\n<figure class=\"wp-block-image size-large\"><img decoding=\"async\" width=\"590\" height=\"492\" data-id=\"34234\" src=\"https:\/\/panoramaciudadano.com\/wp-content\/uploads\/2026\/04\/WhatsApp-Image-2026-04-27-at-10.02.50-AM-2.jpeg\" alt=\"\" class=\"wp-image-34234\" srcset=\"https:\/\/panoramaciudadano.com\/wp-content\/uploads\/2026\/04\/WhatsApp-Image-2026-04-27-at-10.02.50-AM-2.jpeg 590w, https:\/\/panoramaciudadano.com\/wp-content\/uploads\/2026\/04\/WhatsApp-Image-2026-04-27-at-10.02.50-AM-2-300x250.jpeg 300w\" sizes=\"(max-width: 590px) 100vw, 590px\" \/><\/figure>\n<\/figure>\n\n\n\n<p>Elementos del Cuerpo de Bomberos de Canc\u00fan se movilizaron la tarde de este domingo para atender el incendio de un veh\u00edculo particular en la intersecci\u00f3n de las avenidas Tulum y Sayil.<\/p>\n\n\n\n<p>Al arribar al sitio, los cuerpos de emergencia localizaron la unidad con fuego activo concentrado en la parte frontal, por lo que desplegaron de manera inmediata una l\u00ednea de ataque para combatir las llamas. Tras varios minutos de maniobras, el personal especializado logr\u00f3 la sofocaci\u00f3n total y el posterior enfriamiento de la estructura, evitando que el fuego se propagara a otros veh\u00edculos que circulaban por esta transitada zona de la ciudad.<\/p>\n\n\n\n<p>A pesar de la intensidad del siniestro, las autoridades confirmaron que no se reportaron personas lesionadas, quedando el saldo \u00fanicamente en da\u00f1os materiales que afectaron el motor y parte del interior de la unidad.<\/p>\n\n\n\n<p>El servicio se llev\u00f3 a cabo en estrecha coordinaci\u00f3n con elementos de Tr\u00e1nsito y Seguridad Ciudadana, quienes se encargaron de asegurar el \u00e1rea y agilizar el flujo vehicular mientras se realizaban las labores de extinci\u00f3n. Una vez controlada la situaci\u00f3n y eliminados los riesgos, la vialidad fue normalizada, recordando a la ciudadan\u00eda la importancia de reportar cualquier emergencia de manera oportuna a trav\u00e9s de la l\u00ednea 911.<\/p>\n","protected":false},"excerpt":{"rendered":"<p>Elementos del Cuerpo de Bomberos de Canc\u00fan se movilizaron la tarde de este domingo para atender el incendio de un veh\u00edculo particular en la intersecci\u00f3n de las avenidas Tulum y Sayil.<\/p>\n","protected":false},"author":1,"featured_media":34236,"comment_status":"open","ping_status":"closed","sticky":false,"template":"","format":"standard","meta":{"footnotes":""},"categories":[6],"tags":[3008],"class_list":["post-34233","post","type-post","status-publish","format-standard","has-post-thumbnail","hentry","category-cancun","tag-cuerpo-de-bomberos-de-cancun"],"yoast_head":"<!-- This site is optimized with the Yoast SEO plugin v27.1.1 - https:\/\/yoast.com\/product\/yoast-seo-wordpress\/ -->\n<title>SOFOCAN BOMBEROS INCENDIO DE VEH\u00cdCULO EN EL CRUCE DE LAS AVENIDAS TULUM Y SAYIL - Panorama Ciudadano<\/title>\n<meta name=\"robots\" content=\"index, follow, max-snippet:-1, max-image-preview:large, max-video-preview:-1\" \/>\n<link rel=\"canonical\" href=\"https:\/\/panoramaciudadano.com\/index.php\/2026\/04\/27\/sofocan-bomberos-incendio-de-vehiculo-en-el-cruce-de-las-avenidas-tulum-y-sayil\/\" \/>\n<meta property=\"og:locale\" content=\"es_ES\" \/>\n<meta property=\"og:type\" content=\"article\" \/>\n<meta property=\"og:title\" content=\"SOFOCAN BOMBEROS INCENDIO DE VEH\u00cdCULO EN EL CRUCE DE LAS AVENIDAS TULUM Y SAYIL - Panorama Ciudadano\" \/>\n<meta property=\"og:description\" content=\"Elementos del Cuerpo de Bomberos de Canc\u00fan se movilizaron la tarde de este domingo para atender el incendio de un veh\u00edculo particular en la intersecci\u00f3n de las avenidas Tulum y Sayil.\" \/>\n<meta property=\"og:url\" content=\"https:\/\/panoramaciudadano.com\/index.php\/2026\/04\/27\/sofocan-bomberos-incendio-de-vehiculo-en-el-cruce-de-las-avenidas-tulum-y-sayil\/\" \/>\n<meta property=\"og:site_name\" content=\"Panorama Ciudadano\" \/>\n<meta property=\"article:publisher\" content=\"https:\/\/www.facebook.com\/panoramaciudadano\" \/>\n<meta property=\"article:published_time\" content=\"2026-04-27T15:39:56+00:00\" \/>\n<meta property=\"article:modified_time\" content=\"2026-04-27T15:40:00+00:00\" \/>\n<meta property=\"og:image\" content=\"https:\/\/panoramaciudadano.com\/wp-content\/uploads\/2026\/04\/WhatsApp-Image-2026-04-27-at-10.02.50-AM.jpeg\" \/>\n\t<meta property=\"og:image:width\" content=\"590\" \/>\n\t<meta property=\"og:image:height\" content=\"345\" \/>\n\t<meta property=\"og:image:type\" content=\"image\/jpeg\" \/>\n<meta name=\"author\" content=\"admin\" \/>\n<meta name=\"twitter:card\" content=\"summary_large_image\" \/>\n<meta name=\"twitter:label1\" content=\"Escrito por\" \/>\n\t<meta name=\"twitter:data1\" content=\"admin\" \/>\n\t<meta name=\"twitter:label2\" content=\"Tiempo de lectura\" \/>\n\t<meta name=\"twitter:data2\" content=\"2 minutos\" \/>\n<script type=\"application\/ld+json\" class=\"yoast-schema-graph\">{\"@context\":\"https:\/\/schema.org\",\"@graph\":[{\"@type\":\"Article\",\"@id\":\"https:\/\/panoramaciudadano.com\/index.php\/2026\/04\/27\/sofocan-bomberos-incendio-de-vehiculo-en-el-cruce-de-las-avenidas-tulum-y-sayil\/#article\",\"isPartOf\":{\"@id\":\"https:\/\/panoramaciudadano.com\/index.php\/2026\/04\/27\/sofocan-bomberos-incendio-de-vehiculo-en-el-cruce-de-las-avenidas-tulum-y-sayil\/\"},\"author\":{\"name\":\"admin\",\"@id\":\"https:\/\/panoramaciudadano.com\/#\/schema\/person\/ffe9fe8ef47d3a93977b5761fd9e0d96\"},\"headline\":\"SOFOCAN BOMBEROS INCENDIO DE VEH\u00cdCULO EN EL CRUCE DE LAS AVENIDAS TULUM Y SAYIL\",\"datePublished\":\"2026-04-27T15:39:56+00:00\",\"dateModified\":\"2026-04-27T15:40:00+00:00\",\"mainEntityOfPage\":{\"@id\":\"https:\/\/panoramaciudadano.com\/index.php\/2026\/04\/27\/sofocan-bomberos-incendio-de-vehiculo-en-el-cruce-de-las-avenidas-tulum-y-sayil\/\"},\"wordCount\":231,\"commentCount\":0,\"publisher\":{\"@id\":\"https:\/\/panoramaciudadano.com\/#organization\"},\"image\":{\"@id\":\"https:\/\/panoramaciudadano.com\/index.php\/2026\/04\/27\/sofocan-bomberos-incendio-de-vehiculo-en-el-cruce-de-las-avenidas-tulum-y-sayil\/#primaryimage\"},\"thumbnailUrl\":\"https:\/\/panoramaciudadano.com\/wp-content\/uploads\/2026\/04\/WhatsApp-Image-2026-04-27-at-10.02.50-AM.jpeg\",\"keywords\":[\"Cuerpo de Bomberos de Canc\u00fan\"],\"articleSection\":[\"Canc\u00fan\"],\"inLanguage\":\"es\",\"potentialAction\":[{\"@type\":\"CommentAction\",\"name\":\"Comment\",\"target\":[\"https:\/\/panoramaciudadano.com\/index.php\/2026\/04\/27\/sofocan-bomberos-incendio-de-vehiculo-en-el-cruce-de-las-avenidas-tulum-y-sayil\/#respond\"]}]},{\"@type\":\"WebPage\",\"@id\":\"https:\/\/panoramaciudadano.com\/index.php\/2026\/04\/27\/sofocan-bomberos-incendio-de-vehiculo-en-el-cruce-de-las-avenidas-tulum-y-sayil\/\",\"url\":\"https:\/\/panoramaciudadano.com\/index.php\/2026\/04\/27\/sofocan-bomberos-incendio-de-vehiculo-en-el-cruce-de-las-avenidas-tulum-y-sayil\/\",\"name\":\"SOFOCAN BOMBEROS INCENDIO DE VEH\u00cdCULO EN EL CRUCE DE LAS AVENIDAS TULUM Y SAYIL - Panorama Ciudadano\",\"isPartOf\":{\"@id\":\"https:\/\/panoramaciudadano.com\/#website\"},\"primaryImageOfPage\":{\"@id\":\"https:\/\/panoramaciudadano.com\/index.php\/2026\/04\/27\/sofocan-bomberos-incendio-de-vehiculo-en-el-cruce-de-las-avenidas-tulum-y-sayil\/#primaryimage\"},\"image\":{\"@id\":\"https:\/\/panoramaciudadano.com\/index.php\/2026\/04\/27\/sofocan-bomberos-incendio-de-vehiculo-en-el-cruce-de-las-avenidas-tulum-y-sayil\/#primaryimage\"},\"thumbnailUrl\":\"https:\/\/panoramaciudadano.com\/wp-content\/uploads\/2026\/04\/WhatsApp-Image-2026-04-27-at-10.02.50-AM.jpeg\",\"datePublished\":\"2026-04-27T15:39:56+00:00\",\"dateModified\":\"2026-04-27T15:40:00+00:00\",\"breadcrumb\":{\"@id\":\"https:\/\/panoramaciudadano.com\/index.php\/2026\/04\/27\/sofocan-bomberos-incendio-de-vehiculo-en-el-cruce-de-las-avenidas-tulum-y-sayil\/#breadcrumb\"},\"inLanguage\":\"es\",\"potentialAction\":[{\"@type\":\"ReadAction\",\"target\":[\"https:\/\/panoramaciudadano.com\/index.php\/2026\/04\/27\/sofocan-bomberos-incendio-de-vehiculo-en-el-cruce-de-las-avenidas-tulum-y-sayil\/\"]}]},{\"@type\":\"ImageObject\",\"inLanguage\":\"es\",\"@id\":\"https:\/\/panoramaciudadano.com\/index.php\/2026\/04\/27\/sofocan-bomberos-incendio-de-vehiculo-en-el-cruce-de-las-avenidas-tulum-y-sayil\/#primaryimage\",\"url\":\"https:\/\/panoramaciudadano.com\/wp-content\/uploads\/2026\/04\/WhatsApp-Image-2026-04-27-at-10.02.50-AM.jpeg\",\"contentUrl\":\"https:\/\/panoramaciudadano.com\/wp-content\/uploads\/2026\/04\/WhatsApp-Image-2026-04-27-at-10.02.50-AM.jpeg\",\"width\":590,\"height\":345},{\"@type\":\"BreadcrumbList\",\"@id\":\"https:\/\/panoramaciudadano.com\/index.php\/2026\/04\/27\/sofocan-bomberos-incendio-de-vehiculo-en-el-cruce-de-las-avenidas-tulum-y-sayil\/#breadcrumb\",\"itemListElement\":[{\"@type\":\"ListItem\",\"position\":1,\"name\":\"Portada\",\"item\":\"https:\/\/panoramaciudadano.com\/\"},{\"@type\":\"ListItem\",\"position\":2,\"name\":\"SOFOCAN BOMBEROS INCENDIO DE VEH\u00cdCULO EN EL CRUCE DE LAS AVENIDAS TULUM Y SAYIL\"}]},{\"@type\":\"WebSite\",\"@id\":\"https:\/\/panoramaciudadano.com\/#website\",\"url\":\"https:\/\/panoramaciudadano.com\/\",\"name\":\"Panorama Ciudadano\",\"description\":\"\",\"publisher\":{\"@id\":\"https:\/\/panoramaciudadano.com\/#organization\"},\"potentialAction\":[{\"@type\":\"SearchAction\",\"target\":{\"@type\":\"EntryPoint\",\"urlTemplate\":\"https:\/\/panoramaciudadano.com\/?s={search_term_string}\"},\"query-input\":{\"@type\":\"PropertyValueSpecification\",\"valueRequired\":true,\"valueName\":\"search_term_string\"}}],\"inLanguage\":\"es\"},{\"@type\":\"Organization\",\"@id\":\"https:\/\/panoramaciudadano.com\/#organization\",\"name\":\"Panorama Ciudadano\",\"url\":\"https:\/\/panoramaciudadano.com\/\",\"logo\":{\"@type\":\"ImageObject\",\"inLanguage\":\"es\",\"@id\":\"https:\/\/panoramaciudadano.com\/#\/schema\/logo\/image\/\",\"url\":\"https:\/\/panoramaciudadano.com\/wp-content\/uploads\/2024\/05\/401498640_919267042938564_6290593609399108733_n.jpg\",\"contentUrl\":\"https:\/\/panoramaciudadano.com\/wp-content\/uploads\/2024\/05\/401498640_919267042938564_6290593609399108733_n.jpg\",\"width\":960,\"height\":957,\"caption\":\"Panorama Ciudadano\"},\"image\":{\"@id\":\"https:\/\/panoramaciudadano.com\/#\/schema\/logo\/image\/\"},\"sameAs\":[\"https:\/\/www.facebook.com\/panoramaciudadano\"]},{\"@type\":\"Person\",\"@id\":\"https:\/\/panoramaciudadano.com\/#\/schema\/person\/ffe9fe8ef47d3a93977b5761fd9e0d96\",\"name\":\"admin\",\"image\":{\"@type\":\"ImageObject\",\"inLanguage\":\"es\",\"@id\":\"https:\/\/panoramaciudadano.com\/#\/schema\/person\/image\/\",\"url\":\"https:\/\/secure.gravatar.com\/avatar\/2d5a12cacce3f18096f25fadea8abb7202fef18ed669595589853e84260ff451?s=96&d=mm&r=g\",\"contentUrl\":\"https:\/\/secure.gravatar.com\/avatar\/2d5a12cacce3f18096f25fadea8abb7202fef18ed669595589853e84260ff451?s=96&d=mm&r=g\",\"caption\":\"admin\"},\"sameAs\":[\"https:\/\/panoramaciudadano.com\"],\"url\":\"https:\/\/panoramaciudadano.com\/index.php\/author\/admin_3q6hyqq3\/\"}]}<\/script>\n<!-- \/ Yoast SEO plugin. -->","yoast_head_json":{"title":"SOFOCAN BOMBEROS INCENDIO DE VEH\u00cdCULO EN EL CRUCE DE LAS AVENIDAS TULUM Y SAYIL - Panorama Ciudadano","robots":{"index":"index","follow":"follow","max-snippet":"max-snippet:-1","max-image-preview":"max-image-preview:large","max-video-preview":"max-video-preview:-1"},"canonical":"https:\/\/panoramaciudadano.com\/index.php\/2026\/04\/27\/sofocan-bomberos-incendio-de-vehiculo-en-el-cruce-de-las-avenidas-tulum-y-sayil\/","og_locale":"es_ES","og_type":"article","og_title":"SOFOCAN BOMBEROS INCENDIO DE VEH\u00cdCULO EN EL CRUCE DE LAS AVENIDAS TULUM Y SAYIL - Panorama Ciudadano","og_description":"Elementos del Cuerpo de Bomberos de Canc\u00fan se movilizaron la tarde de este domingo para atender el incendio de un veh\u00edculo particular en la intersecci\u00f3n de las avenidas Tulum y Sayil.","og_url":"https:\/\/panoramaciudadano.com\/index.php\/2026\/04\/27\/sofocan-bomberos-incendio-de-vehiculo-en-el-cruce-de-las-avenidas-tulum-y-sayil\/","og_site_name":"Panorama Ciudadano","article_publisher":"https:\/\/www.facebook.com\/panoramaciudadano","article_published_time":"2026-04-27T15:39:56+00:00","article_modified_time":"2026-04-27T15:40:00+00:00","og_image":[{"width":590,"height":345,"url":"https:\/\/panoramaciudadano.com\/wp-content\/uploads\/2026\/04\/WhatsApp-Image-2026-04-27-at-10.02.50-AM.jpeg","type":"image\/jpeg"}],"author":"admin","twitter_card":"summary_large_image","twitter_misc":{"Escrito por":"admin","Tiempo de lectura":"2 minutos"},"schema":{"@context":"https:\/\/schema.org","@graph":[{"@type":"Article","@id":"https:\/\/panoramaciudadano.com\/index.php\/2026\/04\/27\/sofocan-bomberos-incendio-de-vehiculo-en-el-cruce-de-las-avenidas-tulum-y-sayil\/#article","isPartOf":{"@id":"https:\/\/panoramaciudadano.com\/index.php\/2026\/04\/27\/sofocan-bomberos-incendio-de-vehiculo-en-el-cruce-de-las-avenidas-tulum-y-sayil\/"},"author":{"name":"admin","@id":"https:\/\/panoramaciudadano.com\/#\/schema\/person\/ffe9fe8ef47d3a93977b5761fd9e0d96"},"headline":"SOFOCAN BOMBEROS INCENDIO DE VEH\u00cdCULO EN EL CRUCE DE LAS AVENIDAS TULUM Y SAYIL","datePublished":"2026-04-27T15:39:56+00:00","dateModified":"2026-04-27T15:40:00+00:00","mainEntityOfPage":{"@id":"https:\/\/panoramaciudadano.com\/index.php\/2026\/04\/27\/sofocan-bomberos-incendio-de-vehiculo-en-el-cruce-de-las-avenidas-tulum-y-sayil\/"},"wordCount":231,"commentCount":0,"publisher":{"@id":"https:\/\/panoramaciudadano.com\/#organization"},"image":{"@id":"https:\/\/panoramaciudadano.com\/index.php\/2026\/04\/27\/sofocan-bomberos-incendio-de-vehiculo-en-el-cruce-de-las-avenidas-tulum-y-sayil\/#primaryimage"},"thumbnailUrl":"https:\/\/panoramaciudadano.com\/wp-content\/uploads\/2026\/04\/WhatsApp-Image-2026-04-27-at-10.02.50-AM.jpeg","keywords":["Cuerpo de Bomberos de Canc\u00fan"],"articleSection":["Canc\u00fan"],"inLanguage":"es","potentialAction":[{"@type":"CommentAction","name":"Comment","target":["https:\/\/panoramaciudadano.com\/index.php\/2026\/04\/27\/sofocan-bomberos-incendio-de-vehiculo-en-el-cruce-de-las-avenidas-tulum-y-sayil\/#respond"]}]},{"@type":"WebPage","@id":"https:\/\/panoramaciudadano.com\/index.php\/2026\/04\/27\/sofocan-bomberos-incendio-de-vehiculo-en-el-cruce-de-las-avenidas-tulum-y-sayil\/","url":"https:\/\/panoramaciudadano.com\/index.php\/2026\/04\/27\/sofocan-bomberos-incendio-de-vehiculo-en-el-cruce-de-las-avenidas-tulum-y-sayil\/","name":"SOFOCAN BOMBEROS INCENDIO DE VEH\u00cdCULO EN EL CRUCE DE LAS AVENIDAS TULUM Y SAYIL - Panorama Ciudadano","isPartOf":{"@id":"https:\/\/panoramaciudadano.com\/#website"},"primaryImageOfPage":{"@id":"https:\/\/panoramaciudadano.com\/index.php\/2026\/04\/27\/sofocan-bomberos-incendio-de-vehiculo-en-el-cruce-de-las-avenidas-tulum-y-sayil\/#primaryimage"},"image":{"@id":"https:\/\/panoramaciudadano.com\/index.php\/2026\/04\/27\/sofocan-bomberos-incendio-de-vehiculo-en-el-cruce-de-las-avenidas-tulum-y-sayil\/#primaryimage"},"thumbnailUrl":"https:\/\/panoramaciudadano.com\/wp-content\/uploads\/2026\/04\/WhatsApp-Image-2026-04-27-at-10.02.50-AM.jpeg","datePublished":"2026-04-27T15:39:56+00:00","dateModified":"2026-04-27T15:40:00+00:00","breadcrumb":{"@id":"https:\/\/panoramaciudadano.com\/index.php\/2026\/04\/27\/sofocan-bomberos-incendio-de-vehiculo-en-el-cruce-de-las-avenidas-tulum-y-sayil\/#breadcrumb"},"inLanguage":"es","potentialAction":[{"@type":"ReadAction","target":["https:\/\/panoramaciudadano.com\/index.php\/2026\/04\/27\/sofocan-bomberos-incendio-de-vehiculo-en-el-cruce-de-las-avenidas-tulum-y-sayil\/"]}]},{"@type":"ImageObject","inLanguage":"es","@id":"https:\/\/panoramaciudadano.com\/index.php\/2026\/04\/27\/sofocan-bomberos-incendio-de-vehiculo-en-el-cruce-de-las-avenidas-tulum-y-sayil\/#primaryimage","url":"https:\/\/panoramaciudadano.com\/wp-content\/uploads\/2026\/04\/WhatsApp-Image-2026-04-27-at-10.02.50-AM.jpeg","contentUrl":"https:\/\/panoramaciudadano.com\/wp-content\/uploads\/2026\/04\/WhatsApp-Image-2026-04-27-at-10.02.50-AM.jpeg","width":590,"height":345},{"@type":"BreadcrumbList","@id":"https:\/\/panoramaciudadano.com\/index.php\/2026\/04\/27\/sofocan-bomberos-incendio-de-vehiculo-en-el-cruce-de-las-avenidas-tulum-y-sayil\/#breadcrumb","itemListElement":[{"@type":"ListItem","position":1,"name":"Portada","item":"https:\/\/panoramaciudadano.com\/"},{"@type":"ListItem","position":2,"name":"SOFOCAN BOMBEROS INCENDIO DE VEH\u00cdCULO EN EL CRUCE DE LAS AVENIDAS TULUM Y SAYIL"}]},{"@type":"WebSite","@id":"https:\/\/panoramaciudadano.com\/#website","url":"https:\/\/panoramaciudadano.com\/","name":"Panorama Ciudadano","description":"","publisher":{"@id":"https:\/\/panoramaciudadano.com\/#organization"},"potentialAction":[{"@type":"SearchAction","target":{"@type":"EntryPoint","urlTemplate":"https:\/\/panoramaciudadano.com\/?s={search_term_string}"},"query-input":{"@type":"PropertyValueSpecification","valueRequired":true,"valueName":"search_term_string"}}],"inLanguage":"es"},{"@type":"Organization","@id":"https:\/\/panoramaciudadano.com\/#organization","name":"Panorama Ciudadano","url":"https:\/\/panoramaciudadano.com\/","logo":{"@type":"ImageObject","inLanguage":"es","@id":"https:\/\/panoramaciudadano.com\/#\/schema\/logo\/image\/","url":"https:\/\/panoramaciudadano.com\/wp-content\/uploads\/2024\/05\/401498640_919267042938564_6290593609399108733_n.jpg","contentUrl":"https:\/\/panoramaciudadano.com\/wp-content\/uploads\/2024\/05\/401498640_919267042938564_6290593609399108733_n.jpg","width":960,"height":957,"caption":"Panorama Ciudadano"},"image":{"@id":"https:\/\/panoramaciudadano.com\/#\/schema\/logo\/image\/"},"sameAs":["https:\/\/www.facebook.com\/panoramaciudadano"]},{"@type":"Person","@id":"https:\/\/panoramaciudadano.com\/#\/schema\/person\/ffe9fe8ef47d3a93977b5761fd9e0d96","name":"admin","image":{"@type":"ImageObject","inLanguage":"es","@id":"https:\/\/panoramaciudadano.com\/#\/schema\/person\/image\/","url":"https:\/\/secure.gravatar.com\/avatar\/2d5a12cacce3f18096f25fadea8abb7202fef18ed669595589853e84260ff451?s=96&d=mm&r=g","contentUrl":"https:\/\/secure.gravatar.com\/avatar\/2d5a12cacce3f18096f25fadea8abb7202fef18ed669595589853e84260ff451?s=96&d=mm&r=g","caption":"admin"},"sameAs":["https:\/\/panoramaciudadano.com"],"url":"https:\/\/panoramaciudadano.com\/index.php\/author\/admin_3q6hyqq3\/"}]}},"_links":{"self":[{"href":"https:\/\/panoramaciudadano.com\/index.php\/wp-json\/wp\/v2\/posts\/34233","targetHints":{"allow":["GET"]}}],"collection":[{"href":"https:\/\/panoramaciudadano.com\/index.php\/wp-json\/wp\/v2\/posts"}],"about":[{"href":"https:\/\/panoramaciudadano.com\/index.php\/wp-json\/wp\/v2\/types\/post"}],"author":[{"embeddable":true,"href":"https:\/\/panoramaciudadano.com\/index.php\/wp-json\/wp\/v2\/users\/1"}],"replies":[{"embeddable":true,"href":"https:\/\/panoramaciudadano.com\/index.php\/wp-json\/wp\/v2\/comments?post=34233"}],"version-history":[{"count":1,"href":"https:\/\/panoramaciudadano.com\/index.php\/wp-json\/wp\/v2\/posts\/34233\/revisions"}],"predecessor-version":[{"id":34237,"href":"https:\/\/panoramaciudadano.com\/index.php\/wp-json\/wp\/v2\/posts\/34233\/revisions\/34237"}],"wp:featuredmedia":[{"embeddable":true,"href":"https:\/\/panoramaciudadano.com\/index.php\/wp-json\/wp\/v2\/media\/34236"}],"wp:attachment":[{"href":"https:\/\/panoramaciudadano.com\/index.php\/wp-json\/wp\/v2\/media?parent=34233"}],"wp:term":[{"taxonomy":"category","embeddable":true,"href":"https:\/\/panoramaciudadano.com\/index.php\/wp-json\/wp\/v2\/categories?post=34233"},{"taxonomy":"post_tag","embeddable":true,"href":"https:\/\/panoramaciudadano.com\/index.php\/wp-json\/wp\/v2\/tags?post=34233"}],"curies":[{"name":"wp","href":"https:\/\/api.w.org\/{rel}","templated":true}]}}