{"id":34239,"date":"2026-04-27T10:44:28","date_gmt":"2026-04-27T15:44:28","guid":{"rendered":"https:\/\/panoramaciudadano.com\/?p=34239"},"modified":"2026-04-27T12:02:01","modified_gmt":"2026-04-27T17:02:01","slug":"dia-del-nino-dejara-derrama-de-37500-mdp-concanaco-estima-crecimiento-de-5-en-2026","status":"publish","type":"post","link":"https:\/\/panoramaciudadano.com\/index.php\/2026\/04\/27\/dia-del-nino-dejara-derrama-de-37500-mdp-concanaco-estima-crecimiento-de-5-en-2026\/","title":{"rendered":"D\u00eda del Ni\u00f1o dejar\u00e1 derrama de 37,500 mdp; CONCANACO estima crecimiento de 5% en 2026"},"content":{"rendered":"\n<figure class=\"wp-block-gallery has-nested-images columns-default is-cropped wp-block-gallery-1 is-layout-flex wp-block-gallery-is-layout-flex\">\n<figure class=\"wp-block-image size-large\"><img decoding=\"async\" width=\"310\" height=\"163\" data-id=\"34241\" src=\"https:\/\/panoramaciudadano.com\/wp-content\/uploads\/2026\/04\/WhatsApp-Image-2026-04-27-at-10.19.48-AM-1.jpeg\" alt=\"\" class=\"wp-image-34241\" srcset=\"https:\/\/panoramaciudadano.com\/wp-content\/uploads\/2026\/04\/WhatsApp-Image-2026-04-27-at-10.19.48-AM-1.jpeg 310w, https:\/\/panoramaciudadano.com\/wp-content\/uploads\/2026\/04\/WhatsApp-Image-2026-04-27-at-10.19.48-AM-1-300x158.jpeg 300w\" sizes=\"(max-width: 310px) 100vw, 310px\" \/><\/figure>\n\n\n\n<figure class=\"wp-block-image size-large\"><img decoding=\"async\" width=\"286\" height=\"176\" data-id=\"34242\" src=\"https:\/\/panoramaciudadano.com\/wp-content\/uploads\/2026\/04\/WhatsApp-Image-2026-04-27-at-10.19.48-AM.jpeg\" alt=\"\" class=\"wp-image-34242\"\/><\/figure>\n<\/figure>\n\n\n\n<p>Este 30 de abril d\u00eda del Ni\u00f1o, no solo activa el consumo: mueve la econom\u00eda m\u00e1s cercana a las familias mexicanas. Cada compra en una jugueter\u00eda, restaurante, tienda de ropa, comercio local o negocio familiar representa ingresos, empleo y permanencia para millones de empresas que sostienen la vida econ\u00f3mica del pa\u00eds.<\/p>\n\n\n\n<p>Afirm\u00f3 la CONCANACO SERVYTUR, quien estim\u00f3 que esta fecha dejar\u00e1 una derrama econ\u00f3mica estimada en 37 mil 500 millones de pesos a nivel nacional, lo que representar\u00eda un crecimiento de 5% respecto a 2025.<\/p>\n\n\n\n<p>En un comunicado el organismo privado, alrededor de 3.6 millones de unidades econ\u00f3micas del sector comercio, servicios y turismo, principalmente en giros como juguetes, electr\u00f3nicos, dulces, chocolates, ropa, alimentos y bebidas, restaurantes, cines, parques, experiencias familiares y comercio en general.<\/p>\n\n\n\n<p>De acuerdo con datos oficiales, en M\u00e9xico residen m\u00e1s de 36.1 millones de ni\u00f1as, ni\u00f1os y adolescentes de 0 a 17 a\u00f1os, quienes representan 28% de la poblaci\u00f3n total, lo que confirma la relevancia social y econ\u00f3mica de esta fecha para millones de familias.<\/p>\n","protected":false},"excerpt":{"rendered":"<p>Este 30 de abril d\u00eda del Ni\u00f1o, no solo activa el consumo: mueve la econom\u00eda m\u00e1s cercana a las familias mexicanas. Cada compra en una jugueter\u00eda, restaurante, tienda de ropa, comercio local o negocio familiar representa ingresos, empleo y permanencia para millones de empresas que sostienen la vida econ\u00f3mica del pa\u00eds. Afirm\u00f3 la CONCANACO SERVYTUR, [&hellip;]<\/p>\n","protected":false},"author":1,"featured_media":34242,"comment_status":"open","ping_status":"closed","sticky":false,"template":"","format":"standard","meta":{"footnotes":""},"categories":[3],"tags":[3009],"class_list":["post-34239","post","type-post","status-publish","format-standard","has-post-thumbnail","hentry","category-nacional","tag-concanaco-servytur"],"yoast_head":"<!-- This site is optimized with the Yoast SEO plugin v27.1.1 - https:\/\/yoast.com\/product\/yoast-seo-wordpress\/ -->\n<title>D\u00eda del Ni\u00f1o dejar\u00e1 derrama de 37,500 mdp; CONCANACO estima crecimiento de 5% en 2026 - Panorama Ciudadano<\/title>\n<meta name=\"robots\" content=\"index, follow, max-snippet:-1, max-image-preview:large, max-video-preview:-1\" \/>\n<link rel=\"canonical\" href=\"https:\/\/panoramaciudadano.com\/index.php\/2026\/04\/27\/dia-del-nino-dejara-derrama-de-37500-mdp-concanaco-estima-crecimiento-de-5-en-2026\/\" \/>\n<meta property=\"og:locale\" content=\"es_ES\" \/>\n<meta property=\"og:type\" content=\"article\" \/>\n<meta property=\"og:title\" content=\"D\u00eda del Ni\u00f1o dejar\u00e1 derrama de 37,500 mdp; CONCANACO estima crecimiento de 5% en 2026 - Panorama Ciudadano\" \/>\n<meta property=\"og:description\" content=\"Este 30 de abril d\u00eda del Ni\u00f1o, no solo activa el consumo: mueve la econom\u00eda m\u00e1s cercana a las familias mexicanas. Cada compra en una jugueter\u00eda, restaurante, tienda de ropa, comercio local o negocio familiar representa ingresos, empleo y permanencia para millones de empresas que sostienen la vida econ\u00f3mica del pa\u00eds. Afirm\u00f3 la CONCANACO SERVYTUR, [&hellip;]\" \/>\n<meta property=\"og:url\" content=\"https:\/\/panoramaciudadano.com\/index.php\/2026\/04\/27\/dia-del-nino-dejara-derrama-de-37500-mdp-concanaco-estima-crecimiento-de-5-en-2026\/\" \/>\n<meta property=\"og:site_name\" content=\"Panorama Ciudadano\" \/>\n<meta property=\"article:publisher\" content=\"https:\/\/www.facebook.com\/panoramaciudadano\" \/>\n<meta property=\"article:published_time\" content=\"2026-04-27T15:44:28+00:00\" \/>\n<meta property=\"article:modified_time\" content=\"2026-04-27T17:02:01+00:00\" \/>\n<meta property=\"og:image\" content=\"https:\/\/panoramaciudadano.com\/wp-content\/uploads\/2026\/04\/WhatsApp-Image-2026-04-27-at-10.19.48-AM.jpeg\" \/>\n\t<meta property=\"og:image:width\" content=\"286\" \/>\n\t<meta property=\"og:image:height\" content=\"176\" \/>\n\t<meta property=\"og:image:type\" content=\"image\/jpeg\" \/>\n<meta name=\"author\" content=\"admin\" \/>\n<meta name=\"twitter:card\" content=\"summary_large_image\" \/>\n<meta name=\"twitter:label1\" content=\"Escrito por\" \/>\n\t<meta name=\"twitter:data1\" content=\"admin\" \/>\n\t<meta name=\"twitter:label2\" content=\"Tiempo de lectura\" \/>\n\t<meta name=\"twitter:data2\" content=\"2 minutos\" \/>\n<script type=\"application\/ld+json\" class=\"yoast-schema-graph\">{\"@context\":\"https:\/\/schema.org\",\"@graph\":[{\"@type\":\"Article\",\"@id\":\"https:\/\/panoramaciudadano.com\/index.php\/2026\/04\/27\/dia-del-nino-dejara-derrama-de-37500-mdp-concanaco-estima-crecimiento-de-5-en-2026\/#article\",\"isPartOf\":{\"@id\":\"https:\/\/panoramaciudadano.com\/index.php\/2026\/04\/27\/dia-del-nino-dejara-derrama-de-37500-mdp-concanaco-estima-crecimiento-de-5-en-2026\/\"},\"author\":{\"name\":\"admin\",\"@id\":\"https:\/\/panoramaciudadano.com\/#\/schema\/person\/ffe9fe8ef47d3a93977b5761fd9e0d96\"},\"headline\":\"D\u00eda del Ni\u00f1o dejar\u00e1 derrama de 37,500 mdp; CONCANACO estima crecimiento de 5% en 2026\",\"datePublished\":\"2026-04-27T15:44:28+00:00\",\"dateModified\":\"2026-04-27T17:02:01+00:00\",\"mainEntityOfPage\":{\"@id\":\"https:\/\/panoramaciudadano.com\/index.php\/2026\/04\/27\/dia-del-nino-dejara-derrama-de-37500-mdp-concanaco-estima-crecimiento-de-5-en-2026\/\"},\"wordCount\":191,\"commentCount\":0,\"publisher\":{\"@id\":\"https:\/\/panoramaciudadano.com\/#organization\"},\"image\":{\"@id\":\"https:\/\/panoramaciudadano.com\/index.php\/2026\/04\/27\/dia-del-nino-dejara-derrama-de-37500-mdp-concanaco-estima-crecimiento-de-5-en-2026\/#primaryimage\"},\"thumbnailUrl\":\"https:\/\/panoramaciudadano.com\/wp-content\/uploads\/2026\/04\/WhatsApp-Image-2026-04-27-at-10.19.48-AM.jpeg\",\"keywords\":[\"CONCANACO SERVYTUR\"],\"articleSection\":[\"Nacional\"],\"inLanguage\":\"es\",\"potentialAction\":[{\"@type\":\"CommentAction\",\"name\":\"Comment\",\"target\":[\"https:\/\/panoramaciudadano.com\/index.php\/2026\/04\/27\/dia-del-nino-dejara-derrama-de-37500-mdp-concanaco-estima-crecimiento-de-5-en-2026\/#respond\"]}]},{\"@type\":\"WebPage\",\"@id\":\"https:\/\/panoramaciudadano.com\/index.php\/2026\/04\/27\/dia-del-nino-dejara-derrama-de-37500-mdp-concanaco-estima-crecimiento-de-5-en-2026\/\",\"url\":\"https:\/\/panoramaciudadano.com\/index.php\/2026\/04\/27\/dia-del-nino-dejara-derrama-de-37500-mdp-concanaco-estima-crecimiento-de-5-en-2026\/\",\"name\":\"D\u00eda del Ni\u00f1o dejar\u00e1 derrama de 37,500 mdp; CONCANACO estima crecimiento de 5% en 2026 - Panorama Ciudadano\",\"isPartOf\":{\"@id\":\"https:\/\/panoramaciudadano.com\/#website\"},\"primaryImageOfPage\":{\"@id\":\"https:\/\/panoramaciudadano.com\/index.php\/2026\/04\/27\/dia-del-nino-dejara-derrama-de-37500-mdp-concanaco-estima-crecimiento-de-5-en-2026\/#primaryimage\"},\"image\":{\"@id\":\"https:\/\/panoramaciudadano.com\/index.php\/2026\/04\/27\/dia-del-nino-dejara-derrama-de-37500-mdp-concanaco-estima-crecimiento-de-5-en-2026\/#primaryimage\"},\"thumbnailUrl\":\"https:\/\/panoramaciudadano.com\/wp-content\/uploads\/2026\/04\/WhatsApp-Image-2026-04-27-at-10.19.48-AM.jpeg\",\"datePublished\":\"2026-04-27T15:44:28+00:00\",\"dateModified\":\"2026-04-27T17:02:01+00:00\",\"breadcrumb\":{\"@id\":\"https:\/\/panoramaciudadano.com\/index.php\/2026\/04\/27\/dia-del-nino-dejara-derrama-de-37500-mdp-concanaco-estima-crecimiento-de-5-en-2026\/#breadcrumb\"},\"inLanguage\":\"es\",\"potentialAction\":[{\"@type\":\"ReadAction\",\"target\":[\"https:\/\/panoramaciudadano.com\/index.php\/2026\/04\/27\/dia-del-nino-dejara-derrama-de-37500-mdp-concanaco-estima-crecimiento-de-5-en-2026\/\"]}]},{\"@type\":\"ImageObject\",\"inLanguage\":\"es\",\"@id\":\"https:\/\/panoramaciudadano.com\/index.php\/2026\/04\/27\/dia-del-nino-dejara-derrama-de-37500-mdp-concanaco-estima-crecimiento-de-5-en-2026\/#primaryimage\",\"url\":\"https:\/\/panoramaciudadano.com\/wp-content\/uploads\/2026\/04\/WhatsApp-Image-2026-04-27-at-10.19.48-AM.jpeg\",\"contentUrl\":\"https:\/\/panoramaciudadano.com\/wp-content\/uploads\/2026\/04\/WhatsApp-Image-2026-04-27-at-10.19.48-AM.jpeg\",\"width\":286,\"height\":176},{\"@type\":\"BreadcrumbList\",\"@id\":\"https:\/\/panoramaciudadano.com\/index.php\/2026\/04\/27\/dia-del-nino-dejara-derrama-de-37500-mdp-concanaco-estima-crecimiento-de-5-en-2026\/#breadcrumb\",\"itemListElement\":[{\"@type\":\"ListItem\",\"position\":1,\"name\":\"Portada\",\"item\":\"https:\/\/panoramaciudadano.com\/\"},{\"@type\":\"ListItem\",\"position\":2,\"name\":\"D\u00eda del Ni\u00f1o dejar\u00e1 derrama de 37,500 mdp; CONCANACO estima crecimiento de 5% en 2026\"}]},{\"@type\":\"WebSite\",\"@id\":\"https:\/\/panoramaciudadano.com\/#website\",\"url\":\"https:\/\/panoramaciudadano.com\/\",\"name\":\"Panorama Ciudadano\",\"description\":\"\",\"publisher\":{\"@id\":\"https:\/\/panoramaciudadano.com\/#organization\"},\"potentialAction\":[{\"@type\":\"SearchAction\",\"target\":{\"@type\":\"EntryPoint\",\"urlTemplate\":\"https:\/\/panoramaciudadano.com\/?s={search_term_string}\"},\"query-input\":{\"@type\":\"PropertyValueSpecification\",\"valueRequired\":true,\"valueName\":\"search_term_string\"}}],\"inLanguage\":\"es\"},{\"@type\":\"Organization\",\"@id\":\"https:\/\/panoramaciudadano.com\/#organization\",\"name\":\"Panorama Ciudadano\",\"url\":\"https:\/\/panoramaciudadano.com\/\",\"logo\":{\"@type\":\"ImageObject\",\"inLanguage\":\"es\",\"@id\":\"https:\/\/panoramaciudadano.com\/#\/schema\/logo\/image\/\",\"url\":\"https:\/\/panoramaciudadano.com\/wp-content\/uploads\/2024\/05\/401498640_919267042938564_6290593609399108733_n.jpg\",\"contentUrl\":\"https:\/\/panoramaciudadano.com\/wp-content\/uploads\/2024\/05\/401498640_919267042938564_6290593609399108733_n.jpg\",\"width\":960,\"height\":957,\"caption\":\"Panorama Ciudadano\"},\"image\":{\"@id\":\"https:\/\/panoramaciudadano.com\/#\/schema\/logo\/image\/\"},\"sameAs\":[\"https:\/\/www.facebook.com\/panoramaciudadano\"]},{\"@type\":\"Person\",\"@id\":\"https:\/\/panoramaciudadano.com\/#\/schema\/person\/ffe9fe8ef47d3a93977b5761fd9e0d96\",\"name\":\"admin\",\"image\":{\"@type\":\"ImageObject\",\"inLanguage\":\"es\",\"@id\":\"https:\/\/panoramaciudadano.com\/#\/schema\/person\/image\/\",\"url\":\"https:\/\/secure.gravatar.com\/avatar\/2d5a12cacce3f18096f25fadea8abb7202fef18ed669595589853e84260ff451?s=96&d=mm&r=g\",\"contentUrl\":\"https:\/\/secure.gravatar.com\/avatar\/2d5a12cacce3f18096f25fadea8abb7202fef18ed669595589853e84260ff451?s=96&d=mm&r=g\",\"caption\":\"admin\"},\"sameAs\":[\"https:\/\/panoramaciudadano.com\"],\"url\":\"https:\/\/panoramaciudadano.com\/index.php\/author\/admin_3q6hyqq3\/\"}]}<\/script>\n<!-- \/ Yoast SEO plugin. -->","yoast_head_json":{"title":"D\u00eda del Ni\u00f1o dejar\u00e1 derrama de 37,500 mdp; CONCANACO estima crecimiento de 5% en 2026 - Panorama Ciudadano","robots":{"index":"index","follow":"follow","max-snippet":"max-snippet:-1","max-image-preview":"max-image-preview:large","max-video-preview":"max-video-preview:-1"},"canonical":"https:\/\/panoramaciudadano.com\/index.php\/2026\/04\/27\/dia-del-nino-dejara-derrama-de-37500-mdp-concanaco-estima-crecimiento-de-5-en-2026\/","og_locale":"es_ES","og_type":"article","og_title":"D\u00eda del Ni\u00f1o dejar\u00e1 derrama de 37,500 mdp; CONCANACO estima crecimiento de 5% en 2026 - Panorama Ciudadano","og_description":"Este 30 de abril d\u00eda del Ni\u00f1o, no solo activa el consumo: mueve la econom\u00eda m\u00e1s cercana a las familias mexicanas. Cada compra en una jugueter\u00eda, restaurante, tienda de ropa, comercio local o negocio familiar representa ingresos, empleo y permanencia para millones de empresas que sostienen la vida econ\u00f3mica del pa\u00eds. Afirm\u00f3 la CONCANACO SERVYTUR, [&hellip;]","og_url":"https:\/\/panoramaciudadano.com\/index.php\/2026\/04\/27\/dia-del-nino-dejara-derrama-de-37500-mdp-concanaco-estima-crecimiento-de-5-en-2026\/","og_site_name":"Panorama Ciudadano","article_publisher":"https:\/\/www.facebook.com\/panoramaciudadano","article_published_time":"2026-04-27T15:44:28+00:00","article_modified_time":"2026-04-27T17:02:01+00:00","og_image":[{"width":286,"height":176,"url":"https:\/\/panoramaciudadano.com\/wp-content\/uploads\/2026\/04\/WhatsApp-Image-2026-04-27-at-10.19.48-AM.jpeg","type":"image\/jpeg"}],"author":"admin","twitter_card":"summary_large_image","twitter_misc":{"Escrito por":"admin","Tiempo de lectura":"2 minutos"},"schema":{"@context":"https:\/\/schema.org","@graph":[{"@type":"Article","@id":"https:\/\/panoramaciudadano.com\/index.php\/2026\/04\/27\/dia-del-nino-dejara-derrama-de-37500-mdp-concanaco-estima-crecimiento-de-5-en-2026\/#article","isPartOf":{"@id":"https:\/\/panoramaciudadano.com\/index.php\/2026\/04\/27\/dia-del-nino-dejara-derrama-de-37500-mdp-concanaco-estima-crecimiento-de-5-en-2026\/"},"author":{"name":"admin","@id":"https:\/\/panoramaciudadano.com\/#\/schema\/person\/ffe9fe8ef47d3a93977b5761fd9e0d96"},"headline":"D\u00eda del Ni\u00f1o dejar\u00e1 derrama de 37,500 mdp; CONCANACO estima crecimiento de 5% en 2026","datePublished":"2026-04-27T15:44:28+00:00","dateModified":"2026-04-27T17:02:01+00:00","mainEntityOfPage":{"@id":"https:\/\/panoramaciudadano.com\/index.php\/2026\/04\/27\/dia-del-nino-dejara-derrama-de-37500-mdp-concanaco-estima-crecimiento-de-5-en-2026\/"},"wordCount":191,"commentCount":0,"publisher":{"@id":"https:\/\/panoramaciudadano.com\/#organization"},"image":{"@id":"https:\/\/panoramaciudadano.com\/index.php\/2026\/04\/27\/dia-del-nino-dejara-derrama-de-37500-mdp-concanaco-estima-crecimiento-de-5-en-2026\/#primaryimage"},"thumbnailUrl":"https:\/\/panoramaciudadano.com\/wp-content\/uploads\/2026\/04\/WhatsApp-Image-2026-04-27-at-10.19.48-AM.jpeg","keywords":["CONCANACO SERVYTUR"],"articleSection":["Nacional"],"inLanguage":"es","potentialAction":[{"@type":"CommentAction","name":"Comment","target":["https:\/\/panoramaciudadano.com\/index.php\/2026\/04\/27\/dia-del-nino-dejara-derrama-de-37500-mdp-concanaco-estima-crecimiento-de-5-en-2026\/#respond"]}]},{"@type":"WebPage","@id":"https:\/\/panoramaciudadano.com\/index.php\/2026\/04\/27\/dia-del-nino-dejara-derrama-de-37500-mdp-concanaco-estima-crecimiento-de-5-en-2026\/","url":"https:\/\/panoramaciudadano.com\/index.php\/2026\/04\/27\/dia-del-nino-dejara-derrama-de-37500-mdp-concanaco-estima-crecimiento-de-5-en-2026\/","name":"D\u00eda del Ni\u00f1o dejar\u00e1 derrama de 37,500 mdp; CONCANACO estima crecimiento de 5% en 2026 - Panorama Ciudadano","isPartOf":{"@id":"https:\/\/panoramaciudadano.com\/#website"},"primaryImageOfPage":{"@id":"https:\/\/panoramaciudadano.com\/index.php\/2026\/04\/27\/dia-del-nino-dejara-derrama-de-37500-mdp-concanaco-estima-crecimiento-de-5-en-2026\/#primaryimage"},"image":{"@id":"https:\/\/panoramaciudadano.com\/index.php\/2026\/04\/27\/dia-del-nino-dejara-derrama-de-37500-mdp-concanaco-estima-crecimiento-de-5-en-2026\/#primaryimage"},"thumbnailUrl":"https:\/\/panoramaciudadano.com\/wp-content\/uploads\/2026\/04\/WhatsApp-Image-2026-04-27-at-10.19.48-AM.jpeg","datePublished":"2026-04-27T15:44:28+00:00","dateModified":"2026-04-27T17:02:01+00:00","breadcrumb":{"@id":"https:\/\/panoramaciudadano.com\/index.php\/2026\/04\/27\/dia-del-nino-dejara-derrama-de-37500-mdp-concanaco-estima-crecimiento-de-5-en-2026\/#breadcrumb"},"inLanguage":"es","potentialAction":[{"@type":"ReadAction","target":["https:\/\/panoramaciudadano.com\/index.php\/2026\/04\/27\/dia-del-nino-dejara-derrama-de-37500-mdp-concanaco-estima-crecimiento-de-5-en-2026\/"]}]},{"@type":"ImageObject","inLanguage":"es","@id":"https:\/\/panoramaciudadano.com\/index.php\/2026\/04\/27\/dia-del-nino-dejara-derrama-de-37500-mdp-concanaco-estima-crecimiento-de-5-en-2026\/#primaryimage","url":"https:\/\/panoramaciudadano.com\/wp-content\/uploads\/2026\/04\/WhatsApp-Image-2026-04-27-at-10.19.48-AM.jpeg","contentUrl":"https:\/\/panoramaciudadano.com\/wp-content\/uploads\/2026\/04\/WhatsApp-Image-2026-04-27-at-10.19.48-AM.jpeg","width":286,"height":176},{"@type":"BreadcrumbList","@id":"https:\/\/panoramaciudadano.com\/index.php\/2026\/04\/27\/dia-del-nino-dejara-derrama-de-37500-mdp-concanaco-estima-crecimiento-de-5-en-2026\/#breadcrumb","itemListElement":[{"@type":"ListItem","position":1,"name":"Portada","item":"https:\/\/panoramaciudadano.com\/"},{"@type":"ListItem","position":2,"name":"D\u00eda del Ni\u00f1o dejar\u00e1 derrama de 37,500 mdp; CONCANACO estima crecimiento de 5% en 2026"}]},{"@type":"WebSite","@id":"https:\/\/panoramaciudadano.com\/#website","url":"https:\/\/panoramaciudadano.com\/","name":"Panorama Ciudadano","description":"","publisher":{"@id":"https:\/\/panoramaciudadano.com\/#organization"},"potentialAction":[{"@type":"SearchAction","target":{"@type":"EntryPoint","urlTemplate":"https:\/\/panoramaciudadano.com\/?s={search_term_string}"},"query-input":{"@type":"PropertyValueSpecification","valueRequired":true,"valueName":"search_term_string"}}],"inLanguage":"es"},{"@type":"Organization","@id":"https:\/\/panoramaciudadano.com\/#organization","name":"Panorama Ciudadano","url":"https:\/\/panoramaciudadano.com\/","logo":{"@type":"ImageObject","inLanguage":"es","@id":"https:\/\/panoramaciudadano.com\/#\/schema\/logo\/image\/","url":"https:\/\/panoramaciudadano.com\/wp-content\/uploads\/2024\/05\/401498640_919267042938564_6290593609399108733_n.jpg","contentUrl":"https:\/\/panoramaciudadano.com\/wp-content\/uploads\/2024\/05\/401498640_919267042938564_6290593609399108733_n.jpg","width":960,"height":957,"caption":"Panorama Ciudadano"},"image":{"@id":"https:\/\/panoramaciudadano.com\/#\/schema\/logo\/image\/"},"sameAs":["https:\/\/www.facebook.com\/panoramaciudadano"]},{"@type":"Person","@id":"https:\/\/panoramaciudadano.com\/#\/schema\/person\/ffe9fe8ef47d3a93977b5761fd9e0d96","name":"admin","image":{"@type":"ImageObject","inLanguage":"es","@id":"https:\/\/panoramaciudadano.com\/#\/schema\/person\/image\/","url":"https:\/\/secure.gravatar.com\/avatar\/2d5a12cacce3f18096f25fadea8abb7202fef18ed669595589853e84260ff451?s=96&d=mm&r=g","contentUrl":"https:\/\/secure.gravatar.com\/avatar\/2d5a12cacce3f18096f25fadea8abb7202fef18ed669595589853e84260ff451?s=96&d=mm&r=g","caption":"admin"},"sameAs":["https:\/\/panoramaciudadano.com"],"url":"https:\/\/panoramaciudadano.com\/index.php\/author\/admin_3q6hyqq3\/"}]}},"_links":{"self":[{"href":"https:\/\/panoramaciudadano.com\/index.php\/wp-json\/wp\/v2\/posts\/34239","targetHints":{"allow":["GET"]}}],"collection":[{"href":"https:\/\/panoramaciudadano.com\/index.php\/wp-json\/wp\/v2\/posts"}],"about":[{"href":"https:\/\/panoramaciudadano.com\/index.php\/wp-json\/wp\/v2\/types\/post"}],"author":[{"embeddable":true,"href":"https:\/\/panoramaciudadano.com\/index.php\/wp-json\/wp\/v2\/users\/1"}],"replies":[{"embeddable":true,"href":"https:\/\/panoramaciudadano.com\/index.php\/wp-json\/wp\/v2\/comments?post=34239"}],"version-history":[{"count":1,"href":"https:\/\/panoramaciudadano.com\/index.php\/wp-json\/wp\/v2\/posts\/34239\/revisions"}],"predecessor-version":[{"id":34243,"href":"https:\/\/panoramaciudadano.com\/index.php\/wp-json\/wp\/v2\/posts\/34239\/revisions\/34243"}],"wp:featuredmedia":[{"embeddable":true,"href":"https:\/\/panoramaciudadano.com\/index.php\/wp-json\/wp\/v2\/media\/34242"}],"wp:attachment":[{"href":"https:\/\/panoramaciudadano.com\/index.php\/wp-json\/wp\/v2\/media?parent=34239"}],"wp:term":[{"taxonomy":"category","embeddable":true,"href":"https:\/\/panoramaciudadano.com\/index.php\/wp-json\/wp\/v2\/categories?post=34239"},{"taxonomy":"post_tag","embeddable":true,"href":"https:\/\/panoramaciudadano.com\/index.php\/wp-json\/wp\/v2\/tags?post=34239"}],"curies":[{"name":"wp","href":"https:\/\/api.w.org\/{rel}","templated":true}]}}