{"id":34245,"date":"2026-04-28T11:53:57","date_gmt":"2026-04-28T16:53:57","guid":{"rendered":"https:\/\/panoramaciudadano.com\/?p=34245"},"modified":"2026-04-28T11:53:58","modified_gmt":"2026-04-28T16:53:58","slug":"puerto-morelos-fortalece-su-promocion-en-la-50-edicion-del-tianguis-turistico-de-mexico-blanca-merari","status":"publish","type":"post","link":"https:\/\/panoramaciudadano.com\/index.php\/2026\/04\/28\/puerto-morelos-fortalece-su-promocion-en-la-50-edicion-del-tianguis-turistico-de-mexico-blanca-merari\/","title":{"rendered":"PUERTO MORELOS FORTALECE SU PROMOCI\u00d3N EN LA 50 EDICI\u00d3N DEL TIANGUIS TUR\u00cdSTICO DE M\u00c9XICO: BLANCA MERARI"},"content":{"rendered":"\n<figure class=\"wp-block-gallery has-nested-images columns-default is-cropped wp-block-gallery-1 is-layout-flex wp-block-gallery-is-layout-flex\">\n<figure class=\"wp-block-image size-large\"><img decoding=\"async\" width=\"1024\" height=\"836\" data-id=\"34246\" src=\"https:\/\/panoramaciudadano.com\/wp-content\/uploads\/2026\/04\/WhatsApp-Image-2026-04-28-at-8.59.59-AM-2-1024x836.jpeg\" alt=\"\" class=\"wp-image-34246\" srcset=\"https:\/\/panoramaciudadano.com\/wp-content\/uploads\/2026\/04\/WhatsApp-Image-2026-04-28-at-8.59.59-AM-2-1024x836.jpeg 1024w, https:\/\/panoramaciudadano.com\/wp-content\/uploads\/2026\/04\/WhatsApp-Image-2026-04-28-at-8.59.59-AM-2-300x245.jpeg 300w, https:\/\/panoramaciudadano.com\/wp-content\/uploads\/2026\/04\/WhatsApp-Image-2026-04-28-at-8.59.59-AM-2-768x627.jpeg 768w, https:\/\/panoramaciudadano.com\/wp-content\/uploads\/2026\/04\/WhatsApp-Image-2026-04-28-at-8.59.59-AM-2.jpeg 1045w\" sizes=\"(max-width: 1024px) 100vw, 1024px\" \/><\/figure>\n\n\n\n<figure class=\"wp-block-image size-large\"><img decoding=\"async\" width=\"1024\" height=\"683\" data-id=\"34251\" src=\"https:\/\/panoramaciudadano.com\/wp-content\/uploads\/2026\/04\/WhatsApp-Image-2026-04-28-at-8.59.59-AM-3-1024x683.jpeg\" alt=\"\" class=\"wp-image-34251\" srcset=\"https:\/\/panoramaciudadano.com\/wp-content\/uploads\/2026\/04\/WhatsApp-Image-2026-04-28-at-8.59.59-AM-3-1024x683.jpeg 1024w, https:\/\/panoramaciudadano.com\/wp-content\/uploads\/2026\/04\/WhatsApp-Image-2026-04-28-at-8.59.59-AM-3-300x200.jpeg 300w, https:\/\/panoramaciudadano.com\/wp-content\/uploads\/2026\/04\/WhatsApp-Image-2026-04-28-at-8.59.59-AM-3-768x512.jpeg 768w, https:\/\/panoramaciudadano.com\/wp-content\/uploads\/2026\/04\/WhatsApp-Image-2026-04-28-at-8.59.59-AM-3.jpeg 1161w\" sizes=\"(max-width: 1024px) 100vw, 1024px\" \/><\/figure>\n\n\n\n<figure class=\"wp-block-image size-large\"><img decoding=\"async\" width=\"1024\" height=\"682\" data-id=\"34248\" src=\"https:\/\/panoramaciudadano.com\/wp-content\/uploads\/2026\/04\/WhatsApp-Image-2026-04-28-at-8.59.59-AM-1024x682.jpeg\" alt=\"\" class=\"wp-image-34248\" srcset=\"https:\/\/panoramaciudadano.com\/wp-content\/uploads\/2026\/04\/WhatsApp-Image-2026-04-28-at-8.59.59-AM-1024x682.jpeg 1024w, https:\/\/panoramaciudadano.com\/wp-content\/uploads\/2026\/04\/WhatsApp-Image-2026-04-28-at-8.59.59-AM-300x200.jpeg 300w, https:\/\/panoramaciudadano.com\/wp-content\/uploads\/2026\/04\/WhatsApp-Image-2026-04-28-at-8.59.59-AM-768x512.jpeg 768w, https:\/\/panoramaciudadano.com\/wp-content\/uploads\/2026\/04\/WhatsApp-Image-2026-04-28-at-8.59.59-AM.jpeg 1280w\" sizes=\"(max-width: 1024px) 100vw, 1024px\" \/><\/figure>\n\n\n\n<figure class=\"wp-block-image size-large\"><img decoding=\"async\" width=\"1024\" height=\"683\" data-id=\"34247\" src=\"https:\/\/panoramaciudadano.com\/wp-content\/uploads\/2026\/04\/WhatsApp-Image-2026-04-28-at-9.00.00-AM-1-1024x683.jpeg\" alt=\"\" class=\"wp-image-34247\" srcset=\"https:\/\/panoramaciudadano.com\/wp-content\/uploads\/2026\/04\/WhatsApp-Image-2026-04-28-at-9.00.00-AM-1-1024x683.jpeg 1024w, https:\/\/panoramaciudadano.com\/wp-content\/uploads\/2026\/04\/WhatsApp-Image-2026-04-28-at-9.00.00-AM-1-300x200.jpeg 300w, https:\/\/panoramaciudadano.com\/wp-content\/uploads\/2026\/04\/WhatsApp-Image-2026-04-28-at-9.00.00-AM-1-768x512.jpeg 768w, https:\/\/panoramaciudadano.com\/wp-content\/uploads\/2026\/04\/WhatsApp-Image-2026-04-28-at-9.00.00-AM-1.jpeg 1032w\" sizes=\"(max-width: 1024px) 100vw, 1024px\" \/><\/figure>\n\n\n\n<figure class=\"wp-block-image size-large\"><img decoding=\"async\" width=\"1024\" height=\"682\" data-id=\"34250\" src=\"https:\/\/panoramaciudadano.com\/wp-content\/uploads\/2026\/04\/WhatsApp-Image-2026-04-28-at-9.00.00-AM-1024x682.jpeg\" alt=\"\" class=\"wp-image-34250\" srcset=\"https:\/\/panoramaciudadano.com\/wp-content\/uploads\/2026\/04\/WhatsApp-Image-2026-04-28-at-9.00.00-AM-1024x682.jpeg 1024w, https:\/\/panoramaciudadano.com\/wp-content\/uploads\/2026\/04\/WhatsApp-Image-2026-04-28-at-9.00.00-AM-300x200.jpeg 300w, https:\/\/panoramaciudadano.com\/wp-content\/uploads\/2026\/04\/WhatsApp-Image-2026-04-28-at-9.00.00-AM-768x512.jpeg 768w, https:\/\/panoramaciudadano.com\/wp-content\/uploads\/2026\/04\/WhatsApp-Image-2026-04-28-at-9.00.00-AM.jpeg 1219w\" sizes=\"(max-width: 1024px) 100vw, 1024px\" \/><\/figure>\n<\/figure>\n\n\n\n<p>La presidenta municipal de Puerto Morelos, Blanca Merari Tziu Mu\u00f1oz, particip\u00f3 en la inauguraci\u00f3n de la 50 edici\u00f3n del Tianguis Tur\u00edstico de M\u00e9xico, que se celebra en Acapulco, Guerrero, as\u00ed como en la apertura del Pabell\u00f3n del Caribe Mexicano, encabezada por la gobernadora de Quintana Roo, Mara Lezama Espinosa, y la secretaria de Turismo de M\u00e9xico, Josefina Rodr\u00edguez Zamora.<\/p>\n\n\n\n<p>En este importante encuentro nacional del sector tur\u00edstico, la Alcaldesa destac\u00f3 que Puerto Morelos llega con grandes expectativas de concretar resultados positivos que permitan mantener la ruta de crecimiento del destino y fortalecer su posicionamiento dentro del Caribe Mexicano.<\/p>\n\n\n\n<p>\u201cVenimos con una gran expectativa de seguir consolidando a Puerto Morelos como un destino de excelencia, con una oferta hotelera de m\u00e1s de 8 mil 400 cuartos y ocupaciones superiores al 70 por ciento, adem\u00e1s de experiencias \u00fanicas en nuestra Ruta de los Cenotes, gastronom\u00eda, actividades acu\u00e1ticas y el privilegio de contar con el segundo arrecife m\u00e1s grande de Mesoam\u00e9rica, en un lugar donde tambi\u00e9n se encuentra la calma\u201d, expres\u00f3 Blanca Merari.<\/p>\n\n\n\n<p>Subray\u00f3 que durante el Tianguis Tur\u00edstico se desarrollar\u00e1 una agenda de trabajo intensa, enfocada en fortalecer la industria y abrir nuevas oportunidades de vinculaci\u00f3n con otros destinos.<\/p>\n\n\n\n<p>La Presidenta Municipal explic\u00f3 que estas reuniones buscan impulsar no solo la promoci\u00f3n tur\u00edstica, sino tambi\u00e9n establecer puentes de colaboraci\u00f3n en rubros como la cultura, la educaci\u00f3n y el intercambio de buenas pr\u00e1cticas que beneficien a Puerto Morelos.<\/p>\n\n\n\n<p>Asimismo, reconoci\u00f3 el liderazgo de la gobernadora Mara Lezama Espinosa para mantener a Quintana Roo y al Caribe Mexicano como la capital mundial de las vacaciones, bajo una visi\u00f3n que prioriza la prosperidad compartida.<\/p>\n\n\n\n<p>\u201cReconocemos el gran trabajo que encabeza nuestra gobernadora Mara Lezama para seguir posicionando a Quintana Roo como referente mundial del turismo, siempre con la visi\u00f3n de generar oportunidades para nuestras comunidades y llevar bienestar a las familias que forman parte de la industria de la hospitalidad\u201d, a\u00f1adi\u00f3.<\/p>\n\n\n\n<p>Blanca Merari reiter\u00f3 que Puerto Morelos se suma de manera decidida a esta estrategia estatal, apostando por un desarrollo tur\u00edstico que impulse la econom\u00eda local y fortalezca el crecimiento de las comunidades.<\/p>\n\n\n\n<p>En esta gira de promoci\u00f3n acompa\u00f1an a la Presidenta Municipal la secretaria de Turismo Sustentable, Karina V\u00e1zquez D\u00edaz y el director de Promoci\u00f3n Tur\u00edstica, Gilbert Bustos Gonz\u00e1lez.<\/p>\n\n\n\n<p>Finalmente, Blanca Merari reiter\u00f3 que en Puerto Morelos trabajan para seguir construyendo alianzas que impulsen al destino como uno de los principales motores tur\u00edsticos de Quintana Roo y M\u00e9xico.<\/p>\n","protected":false},"excerpt":{"rendered":"<p>La presidenta municipal de Puerto Morelos, Blanca Merari Tziu Mu\u00f1oz, particip\u00f3 en la inauguraci\u00f3n de la 50 edici\u00f3n del Tianguis Tur\u00edstico de M\u00e9xico, que se celebra en Acapulco, Guerrero, as\u00ed como en la apertura del Pabell\u00f3n del Caribe Mexicano, encabezada por la gobernadora de Quintana Roo, Mara Lezama Espinosa, y la secretaria de Turismo de M\u00e9xico, Josefina Rodr\u00edguez Zamora.<\/p>\n","protected":false},"author":1,"featured_media":34249,"comment_status":"open","ping_status":"closed","sticky":false,"template":"","format":"standard","meta":{"footnotes":""},"categories":[9],"tags":[414],"class_list":["post-34245","post","type-post","status-publish","format-standard","has-post-thumbnail","hentry","category-puerto-morelos","tag-blanca-merari-tziu-munoz"],"yoast_head":"<!-- This site is optimized with the Yoast SEO plugin v27.1.1 - https:\/\/yoast.com\/product\/yoast-seo-wordpress\/ -->\n<title>PUERTO MORELOS FORTALECE SU PROMOCI\u00d3N EN LA 50 EDICI\u00d3N DEL TIANGUIS TUR\u00cdSTICO DE M\u00c9XICO: BLANCA MERARI - Panorama Ciudadano<\/title>\n<meta name=\"robots\" content=\"index, follow, max-snippet:-1, max-image-preview:large, max-video-preview:-1\" \/>\n<link rel=\"canonical\" href=\"https:\/\/panoramaciudadano.com\/index.php\/2026\/04\/28\/puerto-morelos-fortalece-su-promocion-en-la-50-edicion-del-tianguis-turistico-de-mexico-blanca-merari\/\" \/>\n<meta property=\"og:locale\" content=\"es_ES\" \/>\n<meta property=\"og:type\" content=\"article\" \/>\n<meta property=\"og:title\" content=\"PUERTO MORELOS FORTALECE SU PROMOCI\u00d3N EN LA 50 EDICI\u00d3N DEL TIANGUIS TUR\u00cdSTICO DE M\u00c9XICO: BLANCA MERARI - Panorama Ciudadano\" \/>\n<meta property=\"og:description\" content=\"La presidenta municipal de Puerto Morelos, Blanca Merari Tziu Mu\u00f1oz, particip\u00f3 en la inauguraci\u00f3n de la 50 edici\u00f3n del Tianguis Tur\u00edstico de M\u00e9xico, que se celebra en Acapulco, Guerrero, as\u00ed como en la apertura del Pabell\u00f3n del Caribe Mexicano, encabezada por la gobernadora de Quintana Roo, Mara Lezama Espinosa, y la secretaria de Turismo de M\u00e9xico, Josefina Rodr\u00edguez Zamora.\" \/>\n<meta property=\"og:url\" content=\"https:\/\/panoramaciudadano.com\/index.php\/2026\/04\/28\/puerto-morelos-fortalece-su-promocion-en-la-50-edicion-del-tianguis-turistico-de-mexico-blanca-merari\/\" \/>\n<meta property=\"og:site_name\" content=\"Panorama Ciudadano\" \/>\n<meta property=\"article:publisher\" content=\"https:\/\/www.facebook.com\/panoramaciudadano\" \/>\n<meta property=\"article:published_time\" content=\"2026-04-28T16:53:57+00:00\" \/>\n<meta property=\"article:modified_time\" content=\"2026-04-28T16:53:58+00:00\" \/>\n<meta property=\"og:image\" content=\"https:\/\/panoramaciudadano.com\/wp-content\/uploads\/2026\/04\/WhatsApp-Image-2026-04-28-at-8.59.59-AM-1.jpeg\" \/>\n\t<meta property=\"og:image:width\" content=\"1027\" \/>\n\t<meta property=\"og:image:height\" content=\"680\" \/>\n\t<meta property=\"og:image:type\" content=\"image\/jpeg\" \/>\n<meta name=\"author\" content=\"admin\" \/>\n<meta name=\"twitter:card\" content=\"summary_large_image\" \/>\n<meta name=\"twitter:label1\" content=\"Escrito por\" \/>\n\t<meta name=\"twitter:data1\" content=\"admin\" \/>\n\t<meta name=\"twitter:label2\" content=\"Tiempo de lectura\" \/>\n\t<meta name=\"twitter:data2\" content=\"4 minutos\" \/>\n<script type=\"application\/ld+json\" class=\"yoast-schema-graph\">{\"@context\":\"https:\/\/schema.org\",\"@graph\":[{\"@type\":\"Article\",\"@id\":\"https:\/\/panoramaciudadano.com\/index.php\/2026\/04\/28\/puerto-morelos-fortalece-su-promocion-en-la-50-edicion-del-tianguis-turistico-de-mexico-blanca-merari\/#article\",\"isPartOf\":{\"@id\":\"https:\/\/panoramaciudadano.com\/index.php\/2026\/04\/28\/puerto-morelos-fortalece-su-promocion-en-la-50-edicion-del-tianguis-turistico-de-mexico-blanca-merari\/\"},\"author\":{\"name\":\"admin\",\"@id\":\"https:\/\/panoramaciudadano.com\/#\/schema\/person\/ffe9fe8ef47d3a93977b5761fd9e0d96\"},\"headline\":\"PUERTO MORELOS FORTALECE SU PROMOCI\u00d3N EN LA 50 EDICI\u00d3N DEL TIANGUIS TUR\u00cdSTICO DE M\u00c9XICO: BLANCA MERARI\",\"datePublished\":\"2026-04-28T16:53:57+00:00\",\"dateModified\":\"2026-04-28T16:53:58+00:00\",\"mainEntityOfPage\":{\"@id\":\"https:\/\/panoramaciudadano.com\/index.php\/2026\/04\/28\/puerto-morelos-fortalece-su-promocion-en-la-50-edicion-del-tianguis-turistico-de-mexico-blanca-merari\/\"},\"wordCount\":457,\"commentCount\":0,\"publisher\":{\"@id\":\"https:\/\/panoramaciudadano.com\/#organization\"},\"image\":{\"@id\":\"https:\/\/panoramaciudadano.com\/index.php\/2026\/04\/28\/puerto-morelos-fortalece-su-promocion-en-la-50-edicion-del-tianguis-turistico-de-mexico-blanca-merari\/#primaryimage\"},\"thumbnailUrl\":\"https:\/\/panoramaciudadano.com\/wp-content\/uploads\/2026\/04\/WhatsApp-Image-2026-04-28-at-8.59.59-AM-1.jpeg\",\"keywords\":[\"Blanca Merari Tziu Mu\u00f1oz\"],\"articleSection\":[\"Puerto Morelos\"],\"inLanguage\":\"es\",\"potentialAction\":[{\"@type\":\"CommentAction\",\"name\":\"Comment\",\"target\":[\"https:\/\/panoramaciudadano.com\/index.php\/2026\/04\/28\/puerto-morelos-fortalece-su-promocion-en-la-50-edicion-del-tianguis-turistico-de-mexico-blanca-merari\/#respond\"]}]},{\"@type\":\"WebPage\",\"@id\":\"https:\/\/panoramaciudadano.com\/index.php\/2026\/04\/28\/puerto-morelos-fortalece-su-promocion-en-la-50-edicion-del-tianguis-turistico-de-mexico-blanca-merari\/\",\"url\":\"https:\/\/panoramaciudadano.com\/index.php\/2026\/04\/28\/puerto-morelos-fortalece-su-promocion-en-la-50-edicion-del-tianguis-turistico-de-mexico-blanca-merari\/\",\"name\":\"PUERTO MORELOS FORTALECE SU PROMOCI\u00d3N EN LA 50 EDICI\u00d3N DEL TIANGUIS TUR\u00cdSTICO DE M\u00c9XICO: BLANCA MERARI - Panorama Ciudadano\",\"isPartOf\":{\"@id\":\"https:\/\/panoramaciudadano.com\/#website\"},\"primaryImageOfPage\":{\"@id\":\"https:\/\/panoramaciudadano.com\/index.php\/2026\/04\/28\/puerto-morelos-fortalece-su-promocion-en-la-50-edicion-del-tianguis-turistico-de-mexico-blanca-merari\/#primaryimage\"},\"image\":{\"@id\":\"https:\/\/panoramaciudadano.com\/index.php\/2026\/04\/28\/puerto-morelos-fortalece-su-promocion-en-la-50-edicion-del-tianguis-turistico-de-mexico-blanca-merari\/#primaryimage\"},\"thumbnailUrl\":\"https:\/\/panoramaciudadano.com\/wp-content\/uploads\/2026\/04\/WhatsApp-Image-2026-04-28-at-8.59.59-AM-1.jpeg\",\"datePublished\":\"2026-04-28T16:53:57+00:00\",\"dateModified\":\"2026-04-28T16:53:58+00:00\",\"breadcrumb\":{\"@id\":\"https:\/\/panoramaciudadano.com\/index.php\/2026\/04\/28\/puerto-morelos-fortalece-su-promocion-en-la-50-edicion-del-tianguis-turistico-de-mexico-blanca-merari\/#breadcrumb\"},\"inLanguage\":\"es\",\"potentialAction\":[{\"@type\":\"ReadAction\",\"target\":[\"https:\/\/panoramaciudadano.com\/index.php\/2026\/04\/28\/puerto-morelos-fortalece-su-promocion-en-la-50-edicion-del-tianguis-turistico-de-mexico-blanca-merari\/\"]}]},{\"@type\":\"ImageObject\",\"inLanguage\":\"es\",\"@id\":\"https:\/\/panoramaciudadano.com\/index.php\/2026\/04\/28\/puerto-morelos-fortalece-su-promocion-en-la-50-edicion-del-tianguis-turistico-de-mexico-blanca-merari\/#primaryimage\",\"url\":\"https:\/\/panoramaciudadano.com\/wp-content\/uploads\/2026\/04\/WhatsApp-Image-2026-04-28-at-8.59.59-AM-1.jpeg\",\"contentUrl\":\"https:\/\/panoramaciudadano.com\/wp-content\/uploads\/2026\/04\/WhatsApp-Image-2026-04-28-at-8.59.59-AM-1.jpeg\",\"width\":1027,\"height\":680},{\"@type\":\"BreadcrumbList\",\"@id\":\"https:\/\/panoramaciudadano.com\/index.php\/2026\/04\/28\/puerto-morelos-fortalece-su-promocion-en-la-50-edicion-del-tianguis-turistico-de-mexico-blanca-merari\/#breadcrumb\",\"itemListElement\":[{\"@type\":\"ListItem\",\"position\":1,\"name\":\"Portada\",\"item\":\"https:\/\/panoramaciudadano.com\/\"},{\"@type\":\"ListItem\",\"position\":2,\"name\":\"PUERTO MORELOS FORTALECE SU PROMOCI\u00d3N EN LA 50 EDICI\u00d3N DEL TIANGUIS TUR\u00cdSTICO DE M\u00c9XICO: BLANCA MERARI\"}]},{\"@type\":\"WebSite\",\"@id\":\"https:\/\/panoramaciudadano.com\/#website\",\"url\":\"https:\/\/panoramaciudadano.com\/\",\"name\":\"Panorama Ciudadano\",\"description\":\"\",\"publisher\":{\"@id\":\"https:\/\/panoramaciudadano.com\/#organization\"},\"potentialAction\":[{\"@type\":\"SearchAction\",\"target\":{\"@type\":\"EntryPoint\",\"urlTemplate\":\"https:\/\/panoramaciudadano.com\/?s={search_term_string}\"},\"query-input\":{\"@type\":\"PropertyValueSpecification\",\"valueRequired\":true,\"valueName\":\"search_term_string\"}}],\"inLanguage\":\"es\"},{\"@type\":\"Organization\",\"@id\":\"https:\/\/panoramaciudadano.com\/#organization\",\"name\":\"Panorama Ciudadano\",\"url\":\"https:\/\/panoramaciudadano.com\/\",\"logo\":{\"@type\":\"ImageObject\",\"inLanguage\":\"es\",\"@id\":\"https:\/\/panoramaciudadano.com\/#\/schema\/logo\/image\/\",\"url\":\"https:\/\/panoramaciudadano.com\/wp-content\/uploads\/2024\/05\/401498640_919267042938564_6290593609399108733_n.jpg\",\"contentUrl\":\"https:\/\/panoramaciudadano.com\/wp-content\/uploads\/2024\/05\/401498640_919267042938564_6290593609399108733_n.jpg\",\"width\":960,\"height\":957,\"caption\":\"Panorama Ciudadano\"},\"image\":{\"@id\":\"https:\/\/panoramaciudadano.com\/#\/schema\/logo\/image\/\"},\"sameAs\":[\"https:\/\/www.facebook.com\/panoramaciudadano\"]},{\"@type\":\"Person\",\"@id\":\"https:\/\/panoramaciudadano.com\/#\/schema\/person\/ffe9fe8ef47d3a93977b5761fd9e0d96\",\"name\":\"admin\",\"image\":{\"@type\":\"ImageObject\",\"inLanguage\":\"es\",\"@id\":\"https:\/\/panoramaciudadano.com\/#\/schema\/person\/image\/\",\"url\":\"https:\/\/secure.gravatar.com\/avatar\/2d5a12cacce3f18096f25fadea8abb7202fef18ed669595589853e84260ff451?s=96&d=mm&r=g\",\"contentUrl\":\"https:\/\/secure.gravatar.com\/avatar\/2d5a12cacce3f18096f25fadea8abb7202fef18ed669595589853e84260ff451?s=96&d=mm&r=g\",\"caption\":\"admin\"},\"sameAs\":[\"https:\/\/panoramaciudadano.com\"],\"url\":\"https:\/\/panoramaciudadano.com\/index.php\/author\/admin_3q6hyqq3\/\"}]}<\/script>\n<!-- \/ Yoast SEO plugin. -->","yoast_head_json":{"title":"PUERTO MORELOS FORTALECE SU PROMOCI\u00d3N EN LA 50 EDICI\u00d3N DEL TIANGUIS TUR\u00cdSTICO DE M\u00c9XICO: BLANCA MERARI - Panorama Ciudadano","robots":{"index":"index","follow":"follow","max-snippet":"max-snippet:-1","max-image-preview":"max-image-preview:large","max-video-preview":"max-video-preview:-1"},"canonical":"https:\/\/panoramaciudadano.com\/index.php\/2026\/04\/28\/puerto-morelos-fortalece-su-promocion-en-la-50-edicion-del-tianguis-turistico-de-mexico-blanca-merari\/","og_locale":"es_ES","og_type":"article","og_title":"PUERTO MORELOS FORTALECE SU PROMOCI\u00d3N EN LA 50 EDICI\u00d3N DEL TIANGUIS TUR\u00cdSTICO DE M\u00c9XICO: BLANCA MERARI - Panorama Ciudadano","og_description":"La presidenta municipal de Puerto Morelos, Blanca Merari Tziu Mu\u00f1oz, particip\u00f3 en la inauguraci\u00f3n de la 50 edici\u00f3n del Tianguis Tur\u00edstico de M\u00e9xico, que se celebra en Acapulco, Guerrero, as\u00ed como en la apertura del Pabell\u00f3n del Caribe Mexicano, encabezada por la gobernadora de Quintana Roo, Mara Lezama Espinosa, y la secretaria de Turismo de M\u00e9xico, Josefina Rodr\u00edguez Zamora.","og_url":"https:\/\/panoramaciudadano.com\/index.php\/2026\/04\/28\/puerto-morelos-fortalece-su-promocion-en-la-50-edicion-del-tianguis-turistico-de-mexico-blanca-merari\/","og_site_name":"Panorama Ciudadano","article_publisher":"https:\/\/www.facebook.com\/panoramaciudadano","article_published_time":"2026-04-28T16:53:57+00:00","article_modified_time":"2026-04-28T16:53:58+00:00","og_image":[{"width":1027,"height":680,"url":"https:\/\/panoramaciudadano.com\/wp-content\/uploads\/2026\/04\/WhatsApp-Image-2026-04-28-at-8.59.59-AM-1.jpeg","type":"image\/jpeg"}],"author":"admin","twitter_card":"summary_large_image","twitter_misc":{"Escrito por":"admin","Tiempo de lectura":"4 minutos"},"schema":{"@context":"https:\/\/schema.org","@graph":[{"@type":"Article","@id":"https:\/\/panoramaciudadano.com\/index.php\/2026\/04\/28\/puerto-morelos-fortalece-su-promocion-en-la-50-edicion-del-tianguis-turistico-de-mexico-blanca-merari\/#article","isPartOf":{"@id":"https:\/\/panoramaciudadano.com\/index.php\/2026\/04\/28\/puerto-morelos-fortalece-su-promocion-en-la-50-edicion-del-tianguis-turistico-de-mexico-blanca-merari\/"},"author":{"name":"admin","@id":"https:\/\/panoramaciudadano.com\/#\/schema\/person\/ffe9fe8ef47d3a93977b5761fd9e0d96"},"headline":"PUERTO MORELOS FORTALECE SU PROMOCI\u00d3N EN LA 50 EDICI\u00d3N DEL TIANGUIS TUR\u00cdSTICO DE M\u00c9XICO: BLANCA MERARI","datePublished":"2026-04-28T16:53:57+00:00","dateModified":"2026-04-28T16:53:58+00:00","mainEntityOfPage":{"@id":"https:\/\/panoramaciudadano.com\/index.php\/2026\/04\/28\/puerto-morelos-fortalece-su-promocion-en-la-50-edicion-del-tianguis-turistico-de-mexico-blanca-merari\/"},"wordCount":457,"commentCount":0,"publisher":{"@id":"https:\/\/panoramaciudadano.com\/#organization"},"image":{"@id":"https:\/\/panoramaciudadano.com\/index.php\/2026\/04\/28\/puerto-morelos-fortalece-su-promocion-en-la-50-edicion-del-tianguis-turistico-de-mexico-blanca-merari\/#primaryimage"},"thumbnailUrl":"https:\/\/panoramaciudadano.com\/wp-content\/uploads\/2026\/04\/WhatsApp-Image-2026-04-28-at-8.59.59-AM-1.jpeg","keywords":["Blanca Merari Tziu Mu\u00f1oz"],"articleSection":["Puerto Morelos"],"inLanguage":"es","potentialAction":[{"@type":"CommentAction","name":"Comment","target":["https:\/\/panoramaciudadano.com\/index.php\/2026\/04\/28\/puerto-morelos-fortalece-su-promocion-en-la-50-edicion-del-tianguis-turistico-de-mexico-blanca-merari\/#respond"]}]},{"@type":"WebPage","@id":"https:\/\/panoramaciudadano.com\/index.php\/2026\/04\/28\/puerto-morelos-fortalece-su-promocion-en-la-50-edicion-del-tianguis-turistico-de-mexico-blanca-merari\/","url":"https:\/\/panoramaciudadano.com\/index.php\/2026\/04\/28\/puerto-morelos-fortalece-su-promocion-en-la-50-edicion-del-tianguis-turistico-de-mexico-blanca-merari\/","name":"PUERTO MORELOS FORTALECE SU PROMOCI\u00d3N EN LA 50 EDICI\u00d3N DEL TIANGUIS TUR\u00cdSTICO DE M\u00c9XICO: BLANCA MERARI - Panorama Ciudadano","isPartOf":{"@id":"https:\/\/panoramaciudadano.com\/#website"},"primaryImageOfPage":{"@id":"https:\/\/panoramaciudadano.com\/index.php\/2026\/04\/28\/puerto-morelos-fortalece-su-promocion-en-la-50-edicion-del-tianguis-turistico-de-mexico-blanca-merari\/#primaryimage"},"image":{"@id":"https:\/\/panoramaciudadano.com\/index.php\/2026\/04\/28\/puerto-morelos-fortalece-su-promocion-en-la-50-edicion-del-tianguis-turistico-de-mexico-blanca-merari\/#primaryimage"},"thumbnailUrl":"https:\/\/panoramaciudadano.com\/wp-content\/uploads\/2026\/04\/WhatsApp-Image-2026-04-28-at-8.59.59-AM-1.jpeg","datePublished":"2026-04-28T16:53:57+00:00","dateModified":"2026-04-28T16:53:58+00:00","breadcrumb":{"@id":"https:\/\/panoramaciudadano.com\/index.php\/2026\/04\/28\/puerto-morelos-fortalece-su-promocion-en-la-50-edicion-del-tianguis-turistico-de-mexico-blanca-merari\/#breadcrumb"},"inLanguage":"es","potentialAction":[{"@type":"ReadAction","target":["https:\/\/panoramaciudadano.com\/index.php\/2026\/04\/28\/puerto-morelos-fortalece-su-promocion-en-la-50-edicion-del-tianguis-turistico-de-mexico-blanca-merari\/"]}]},{"@type":"ImageObject","inLanguage":"es","@id":"https:\/\/panoramaciudadano.com\/index.php\/2026\/04\/28\/puerto-morelos-fortalece-su-promocion-en-la-50-edicion-del-tianguis-turistico-de-mexico-blanca-merari\/#primaryimage","url":"https:\/\/panoramaciudadano.com\/wp-content\/uploads\/2026\/04\/WhatsApp-Image-2026-04-28-at-8.59.59-AM-1.jpeg","contentUrl":"https:\/\/panoramaciudadano.com\/wp-content\/uploads\/2026\/04\/WhatsApp-Image-2026-04-28-at-8.59.59-AM-1.jpeg","width":1027,"height":680},{"@type":"BreadcrumbList","@id":"https:\/\/panoramaciudadano.com\/index.php\/2026\/04\/28\/puerto-morelos-fortalece-su-promocion-en-la-50-edicion-del-tianguis-turistico-de-mexico-blanca-merari\/#breadcrumb","itemListElement":[{"@type":"ListItem","position":1,"name":"Portada","item":"https:\/\/panoramaciudadano.com\/"},{"@type":"ListItem","position":2,"name":"PUERTO MORELOS FORTALECE SU PROMOCI\u00d3N EN LA 50 EDICI\u00d3N DEL TIANGUIS TUR\u00cdSTICO DE M\u00c9XICO: BLANCA MERARI"}]},{"@type":"WebSite","@id":"https:\/\/panoramaciudadano.com\/#website","url":"https:\/\/panoramaciudadano.com\/","name":"Panorama Ciudadano","description":"","publisher":{"@id":"https:\/\/panoramaciudadano.com\/#organization"},"potentialAction":[{"@type":"SearchAction","target":{"@type":"EntryPoint","urlTemplate":"https:\/\/panoramaciudadano.com\/?s={search_term_string}"},"query-input":{"@type":"PropertyValueSpecification","valueRequired":true,"valueName":"search_term_string"}}],"inLanguage":"es"},{"@type":"Organization","@id":"https:\/\/panoramaciudadano.com\/#organization","name":"Panorama Ciudadano","url":"https:\/\/panoramaciudadano.com\/","logo":{"@type":"ImageObject","inLanguage":"es","@id":"https:\/\/panoramaciudadano.com\/#\/schema\/logo\/image\/","url":"https:\/\/panoramaciudadano.com\/wp-content\/uploads\/2024\/05\/401498640_919267042938564_6290593609399108733_n.jpg","contentUrl":"https:\/\/panoramaciudadano.com\/wp-content\/uploads\/2024\/05\/401498640_919267042938564_6290593609399108733_n.jpg","width":960,"height":957,"caption":"Panorama Ciudadano"},"image":{"@id":"https:\/\/panoramaciudadano.com\/#\/schema\/logo\/image\/"},"sameAs":["https:\/\/www.facebook.com\/panoramaciudadano"]},{"@type":"Person","@id":"https:\/\/panoramaciudadano.com\/#\/schema\/person\/ffe9fe8ef47d3a93977b5761fd9e0d96","name":"admin","image":{"@type":"ImageObject","inLanguage":"es","@id":"https:\/\/panoramaciudadano.com\/#\/schema\/person\/image\/","url":"https:\/\/secure.gravatar.com\/avatar\/2d5a12cacce3f18096f25fadea8abb7202fef18ed669595589853e84260ff451?s=96&d=mm&r=g","contentUrl":"https:\/\/secure.gravatar.com\/avatar\/2d5a12cacce3f18096f25fadea8abb7202fef18ed669595589853e84260ff451?s=96&d=mm&r=g","caption":"admin"},"sameAs":["https:\/\/panoramaciudadano.com"],"url":"https:\/\/panoramaciudadano.com\/index.php\/author\/admin_3q6hyqq3\/"}]}},"_links":{"self":[{"href":"https:\/\/panoramaciudadano.com\/index.php\/wp-json\/wp\/v2\/posts\/34245","targetHints":{"allow":["GET"]}}],"collection":[{"href":"https:\/\/panoramaciudadano.com\/index.php\/wp-json\/wp\/v2\/posts"}],"about":[{"href":"https:\/\/panoramaciudadano.com\/index.php\/wp-json\/wp\/v2\/types\/post"}],"author":[{"embeddable":true,"href":"https:\/\/panoramaciudadano.com\/index.php\/wp-json\/wp\/v2\/users\/1"}],"replies":[{"embeddable":true,"href":"https:\/\/panoramaciudadano.com\/index.php\/wp-json\/wp\/v2\/comments?post=34245"}],"version-history":[{"count":1,"href":"https:\/\/panoramaciudadano.com\/index.php\/wp-json\/wp\/v2\/posts\/34245\/revisions"}],"predecessor-version":[{"id":34252,"href":"https:\/\/panoramaciudadano.com\/index.php\/wp-json\/wp\/v2\/posts\/34245\/revisions\/34252"}],"wp:featuredmedia":[{"embeddable":true,"href":"https:\/\/panoramaciudadano.com\/index.php\/wp-json\/wp\/v2\/media\/34249"}],"wp:attachment":[{"href":"https:\/\/panoramaciudadano.com\/index.php\/wp-json\/wp\/v2\/media?parent=34245"}],"wp:term":[{"taxonomy":"category","embeddable":true,"href":"https:\/\/panoramaciudadano.com\/index.php\/wp-json\/wp\/v2\/categories?post=34245"},{"taxonomy":"post_tag","embeddable":true,"href":"https:\/\/panoramaciudadano.com\/index.php\/wp-json\/wp\/v2\/tags?post=34245"}],"curies":[{"name":"wp","href":"https:\/\/api.w.org\/{rel}","templated":true}]}}