{"id":34253,"date":"2026-04-28T11:58:43","date_gmt":"2026-04-28T16:58:43","guid":{"rendered":"https:\/\/panoramaciudadano.com\/?p=34253"},"modified":"2026-04-28T11:58:46","modified_gmt":"2026-04-28T16:58:46","slug":"playa-del-carmen-fortalece-su-posicionamiento-global-en-el-tianguis-turistico-de-mexico-estefania-mercado","status":"publish","type":"post","link":"https:\/\/panoramaciudadano.com\/index.php\/2026\/04\/28\/playa-del-carmen-fortalece-su-posicionamiento-global-en-el-tianguis-turistico-de-mexico-estefania-mercado\/","title":{"rendered":"Playa del Carmen fortalece su posicionamiento global en el Tianguis Tur\u00edstico de M\u00e9xico: Estefan\u00eda Mercado"},"content":{"rendered":"\n<figure class=\"wp-block-gallery has-nested-images columns-default is-cropped wp-block-gallery-1 is-layout-flex wp-block-gallery-is-layout-flex\">\n<figure class=\"wp-block-image size-large\"><img decoding=\"async\" width=\"1024\" height=\"683\" data-id=\"34256\" src=\"https:\/\/panoramaciudadano.com\/wp-content\/uploads\/2026\/04\/WhatsApp-Image-2026-04-28-at-9.03.14-AM-1-1024x683.jpeg\" alt=\"\" class=\"wp-image-34256\" srcset=\"https:\/\/panoramaciudadano.com\/wp-content\/uploads\/2026\/04\/WhatsApp-Image-2026-04-28-at-9.03.14-AM-1-1024x683.jpeg 1024w, https:\/\/panoramaciudadano.com\/wp-content\/uploads\/2026\/04\/WhatsApp-Image-2026-04-28-at-9.03.14-AM-1-300x200.jpeg 300w, https:\/\/panoramaciudadano.com\/wp-content\/uploads\/2026\/04\/WhatsApp-Image-2026-04-28-at-9.03.14-AM-1-768x512.jpeg 768w, https:\/\/panoramaciudadano.com\/wp-content\/uploads\/2026\/04\/WhatsApp-Image-2026-04-28-at-9.03.14-AM-1.jpeg 1280w\" sizes=\"(max-width: 1024px) 100vw, 1024px\" \/><\/figure>\n\n\n\n<figure class=\"wp-block-image size-large\"><img decoding=\"async\" width=\"1024\" height=\"766\" data-id=\"34255\" src=\"https:\/\/panoramaciudadano.com\/wp-content\/uploads\/2026\/04\/WhatsApp-Image-2026-04-28-at-9.03.14-AM-1024x766.jpeg\" alt=\"\" class=\"wp-image-34255\" srcset=\"https:\/\/panoramaciudadano.com\/wp-content\/uploads\/2026\/04\/WhatsApp-Image-2026-04-28-at-9.03.14-AM-1024x766.jpeg 1024w, https:\/\/panoramaciudadano.com\/wp-content\/uploads\/2026\/04\/WhatsApp-Image-2026-04-28-at-9.03.14-AM-300x225.jpeg 300w, https:\/\/panoramaciudadano.com\/wp-content\/uploads\/2026\/04\/WhatsApp-Image-2026-04-28-at-9.03.14-AM-768x575.jpeg 768w, https:\/\/panoramaciudadano.com\/wp-content\/uploads\/2026\/04\/WhatsApp-Image-2026-04-28-at-9.03.14-AM.jpeg 1280w\" sizes=\"(max-width: 1024px) 100vw, 1024px\" \/><\/figure>\n\n\n\n<figure class=\"wp-block-image size-large\"><img decoding=\"async\" width=\"1024\" height=\"656\" data-id=\"34257\" src=\"https:\/\/panoramaciudadano.com\/wp-content\/uploads\/2026\/04\/WhatsApp-Image-2026-04-28-at-9.03.15-AM-1-1024x656.jpeg\" alt=\"\" class=\"wp-image-34257\" srcset=\"https:\/\/panoramaciudadano.com\/wp-content\/uploads\/2026\/04\/WhatsApp-Image-2026-04-28-at-9.03.15-AM-1-1024x656.jpeg 1024w, https:\/\/panoramaciudadano.com\/wp-content\/uploads\/2026\/04\/WhatsApp-Image-2026-04-28-at-9.03.15-AM-1-300x192.jpeg 300w, https:\/\/panoramaciudadano.com\/wp-content\/uploads\/2026\/04\/WhatsApp-Image-2026-04-28-at-9.03.15-AM-1-768x492.jpeg 768w, https:\/\/panoramaciudadano.com\/wp-content\/uploads\/2026\/04\/WhatsApp-Image-2026-04-28-at-9.03.15-AM-1.jpeg 1280w\" sizes=\"(max-width: 1024px) 100vw, 1024px\" \/><\/figure>\n\n\n\n<figure class=\"wp-block-image size-large\"><img decoding=\"async\" width=\"1024\" height=\"683\" data-id=\"34254\" src=\"https:\/\/panoramaciudadano.com\/wp-content\/uploads\/2026\/04\/WhatsApp-Image-2026-04-28-at-9.03.15-AM-3-1024x683.jpeg\" alt=\"\" class=\"wp-image-34254\" srcset=\"https:\/\/panoramaciudadano.com\/wp-content\/uploads\/2026\/04\/WhatsApp-Image-2026-04-28-at-9.03.15-AM-3-1024x683.jpeg 1024w, https:\/\/panoramaciudadano.com\/wp-content\/uploads\/2026\/04\/WhatsApp-Image-2026-04-28-at-9.03.15-AM-3-300x200.jpeg 300w, https:\/\/panoramaciudadano.com\/wp-content\/uploads\/2026\/04\/WhatsApp-Image-2026-04-28-at-9.03.15-AM-3-768x512.jpeg 768w, https:\/\/panoramaciudadano.com\/wp-content\/uploads\/2026\/04\/WhatsApp-Image-2026-04-28-at-9.03.15-AM-3.jpeg 1280w\" sizes=\"(max-width: 1024px) 100vw, 1024px\" \/><\/figure>\n\n\n\n<figure class=\"wp-block-image size-large\"><img decoding=\"async\" width=\"1024\" height=\"683\" data-id=\"34258\" src=\"https:\/\/panoramaciudadano.com\/wp-content\/uploads\/2026\/04\/WhatsApp-Image-2026-04-28-at-9.03.15-AM-1024x683.jpeg\" alt=\"\" class=\"wp-image-34258\" srcset=\"https:\/\/panoramaciudadano.com\/wp-content\/uploads\/2026\/04\/WhatsApp-Image-2026-04-28-at-9.03.15-AM-1024x683.jpeg 1024w, https:\/\/panoramaciudadano.com\/wp-content\/uploads\/2026\/04\/WhatsApp-Image-2026-04-28-at-9.03.15-AM-300x200.jpeg 300w, https:\/\/panoramaciudadano.com\/wp-content\/uploads\/2026\/04\/WhatsApp-Image-2026-04-28-at-9.03.15-AM-768x512.jpeg 768w, https:\/\/panoramaciudadano.com\/wp-content\/uploads\/2026\/04\/WhatsApp-Image-2026-04-28-at-9.03.15-AM.jpeg 1280w\" sizes=\"(max-width: 1024px) 100vw, 1024px\" \/><\/figure>\n<\/figure>\n\n\n\n<p>La gobernadora de Quintana Roo, Mara Lezama y la presidenta municipal Estefan\u00eda Mercado, inauguraron el stand de Playa del Carmen en el Tianguis Tur\u00edstico de M\u00e9xico 2026, que se celebra del 27 al 29 de abril en Acapulco, con una agenda orientada a fortalecer la marca y posicionar al destino en mercados nacional y global.<\/p>\n\n\n\n<p>La alcaldesa destac\u00f3 que la participaci\u00f3n en el Tianguis busca demostrar a M\u00e9xico y al mundo por qu\u00e9 Playa del Carmen es un destino preferente para visitar e invertir, y se\u00f1al\u00f3 que la presente edici\u00f3n servir\u00e1 para llevar la marca al siguiente nivel.<\/p>\n\n\n\n<p>Previo al corte de list\u00f3n del stand, Estefan\u00eda Mercado atestigu\u00f3 la inauguraci\u00f3n oficial de la 50\u00aa edici\u00f3n del Tianguis Tur\u00edstico, encabezada por la secretaria federal de Turismo, Josefina Rodr\u00edguez, en representaci\u00f3n de la presidenta de la Rep\u00fablica Claudia Sheinbaum.<\/p>\n\n\n\n<p>La delegaci\u00f3n de Playa del Carmen acompa\u00f1\u00f3 tambi\u00e9n a la gobernadora de Quintana Roo, Mara Lezama, en la apertura del pabell\u00f3n Caribe Mexicano, uno de los espacios destacados del Tianguis, reafirmando el compromiso con la promoci\u00f3n tur\u00edstica conjunta del Estado.<\/p>\n\n\n\n<p>El objetivo principal de Playa del Carmen en el Tianguis es fortalecer la promoci\u00f3n internacional, atraer inversiones y consolidar el liderazgo de la Marca Ciudad en la industria tur\u00edstica mediante una agenda de alto impacto con operadores, aerol\u00edneas y plataformas digitales.<\/p>\n\n\n\n<p>Se han programado reuniones con operadores europeos como \u00c1voris, Viajes El Corte Ingl\u00e9s y Last Minute, as\u00ed como con plataformas globales como Expedia y eDreams, y con aliados tecnol\u00f3gicos como Huawei, para ampliar la presencia del destino en el ecosistema digital global.<\/p>\n\n\n\n<p>La presidenta municipal inform\u00f3 que estas reuniones buscar\u00e1n acuerdos concretos para atraer turistas de mayor gasto y mayor permanencia, as\u00ed como para diversificar los mercados emisores del destino.<\/p>\n\n\n\n<p>Como parte de las acciones estrat\u00e9gicas, se prev\u00e9 la firma de un Acuerdo Estrat\u00e9gico con la Ciudad de M\u00e9xico, principal emisor de turistas, con el fin de impulsar la promoci\u00f3n conjunta y fortalecer el flujo de visitantes hacia Playa del Carmen; y uno m\u00e1s con Huamantla, Tlaxcala.<\/p>\n\n\n\n<p>Mercado reiter\u00f3 que la seguridad es la base del crecimiento tur\u00edstico; record\u00f3 la inversi\u00f3n de m\u00e1s de 1,200 millones de pesos en seguridad p\u00fablica durante el \u00faltimo a\u00f1o y subray\u00f3 la reducci\u00f3n de \u00edndices delictivos gracias a la coordinaci\u00f3n entre los tres \u00f3rdenes de gobierno.<\/p>\n\n\n\n<p>La delegaci\u00f3n de Playa del Carmen promueve en el Tianguis una amplia cartera de experiencias \u2014sol y playa, cultura, gastronom\u00eda y naturaleza\u2014 y est\u00e1 integrada por la secretaria municipal de Turismo, Fabiana Brise\u00f1o; la directora de Mercadotecnia, Nancy Loya Cruz; el director de Operaciones y Capacitaci\u00f3n Tur\u00edstica, Irving Mayett Muci\u00f1o; el director del Instituto Municipal de la Cultura y las Artes, Ernesto Mart\u00ednez; y representantes del sector tur\u00edstico y empresarial.<\/p>\n\n\n\n<p>El Tianguis Tur\u00edstico de M\u00e9xico es el principal encuentro del sector, con la participaci\u00f3n de los 32 estados del pa\u00eds, m\u00e1s de 8 mil asistentes, m\u00e1s de mil compradores internacionales de 17 pa\u00edses entre los que destacan Brasil, Canad\u00e1, Chile, China, Espa\u00f1a, Estados Unidos, Irlanda, India, Panam\u00e1 y Reino Unido<\/p>\n\n\n\n<p>Adem\u00e1s, cuenta con pabellones internacionales de Belice, Costa Rica, Cuba, El Salvador, Honduras, Jap\u00f3n y Nicaragua, adem\u00e1s de Colombia como pa\u00eds Invitado de honor, por lo que se prev\u00e9 concretar m\u00e1ss de 30 mil citas de negocio previamente programadas.<\/p>\n","protected":false},"excerpt":{"rendered":"<p>Se firmar\u00e1 un Acuerdo Estrat\u00e9gico con la Ciudad de M\u00e9xico, principal emisor de turistas a Playa del Carmen y otro con Huamantla, Tlaxcala.<\/p>\n","protected":false},"author":1,"featured_media":34259,"comment_status":"open","ping_status":"closed","sticky":false,"template":"","format":"standard","meta":{"footnotes":""},"categories":[7],"tags":[238],"class_list":["post-34253","post","type-post","status-publish","format-standard","has-post-thumbnail","hentry","category-playa-del-carmen","tag-estefania-mercado"],"yoast_head":"<!-- This site is optimized with the Yoast SEO plugin v27.1.1 - https:\/\/yoast.com\/product\/yoast-seo-wordpress\/ -->\n<title>Playa del Carmen fortalece su posicionamiento global en el Tianguis Tur\u00edstico de M\u00e9xico: Estefan\u00eda Mercado - Panorama Ciudadano<\/title>\n<meta name=\"robots\" content=\"index, follow, max-snippet:-1, max-image-preview:large, max-video-preview:-1\" \/>\n<link rel=\"canonical\" href=\"https:\/\/panoramaciudadano.com\/index.php\/2026\/04\/28\/playa-del-carmen-fortalece-su-posicionamiento-global-en-el-tianguis-turistico-de-mexico-estefania-mercado\/\" \/>\n<meta property=\"og:locale\" content=\"es_ES\" \/>\n<meta property=\"og:type\" content=\"article\" \/>\n<meta property=\"og:title\" content=\"Playa del Carmen fortalece su posicionamiento global en el Tianguis Tur\u00edstico de M\u00e9xico: Estefan\u00eda Mercado - Panorama Ciudadano\" \/>\n<meta property=\"og:description\" content=\"Se firmar\u00e1 un Acuerdo Estrat\u00e9gico con la Ciudad de M\u00e9xico, principal emisor de turistas a Playa del Carmen y otro con Huamantla, Tlaxcala.\" \/>\n<meta property=\"og:url\" content=\"https:\/\/panoramaciudadano.com\/index.php\/2026\/04\/28\/playa-del-carmen-fortalece-su-posicionamiento-global-en-el-tianguis-turistico-de-mexico-estefania-mercado\/\" \/>\n<meta property=\"og:site_name\" content=\"Panorama Ciudadano\" \/>\n<meta property=\"article:publisher\" content=\"https:\/\/www.facebook.com\/panoramaciudadano\" \/>\n<meta property=\"article:published_time\" content=\"2026-04-28T16:58:43+00:00\" \/>\n<meta property=\"article:modified_time\" content=\"2026-04-28T16:58:46+00:00\" \/>\n<meta property=\"og:image\" content=\"https:\/\/panoramaciudadano.com\/wp-content\/uploads\/2026\/04\/WhatsApp-Image-2026-04-28-at-9.03.15-AM-2.jpeg\" \/>\n\t<meta property=\"og:image:width\" content=\"1280\" \/>\n\t<meta property=\"og:image:height\" content=\"836\" \/>\n\t<meta property=\"og:image:type\" content=\"image\/jpeg\" \/>\n<meta name=\"author\" content=\"admin\" \/>\n<meta name=\"twitter:card\" content=\"summary_large_image\" \/>\n<meta name=\"twitter:label1\" content=\"Escrito por\" \/>\n\t<meta name=\"twitter:data1\" content=\"admin\" \/>\n\t<meta name=\"twitter:label2\" content=\"Tiempo de lectura\" \/>\n\t<meta name=\"twitter:data2\" content=\"4 minutos\" \/>\n<script type=\"application\/ld+json\" class=\"yoast-schema-graph\">{\"@context\":\"https:\/\/schema.org\",\"@graph\":[{\"@type\":\"Article\",\"@id\":\"https:\/\/panoramaciudadano.com\/index.php\/2026\/04\/28\/playa-del-carmen-fortalece-su-posicionamiento-global-en-el-tianguis-turistico-de-mexico-estefania-mercado\/#article\",\"isPartOf\":{\"@id\":\"https:\/\/panoramaciudadano.com\/index.php\/2026\/04\/28\/playa-del-carmen-fortalece-su-posicionamiento-global-en-el-tianguis-turistico-de-mexico-estefania-mercado\/\"},\"author\":{\"name\":\"admin\",\"@id\":\"https:\/\/panoramaciudadano.com\/#\/schema\/person\/ffe9fe8ef47d3a93977b5761fd9e0d96\"},\"headline\":\"Playa del Carmen fortalece su posicionamiento global en el Tianguis Tur\u00edstico de M\u00e9xico: Estefan\u00eda Mercado\",\"datePublished\":\"2026-04-28T16:58:43+00:00\",\"dateModified\":\"2026-04-28T16:58:46+00:00\",\"mainEntityOfPage\":{\"@id\":\"https:\/\/panoramaciudadano.com\/index.php\/2026\/04\/28\/playa-del-carmen-fortalece-su-posicionamiento-global-en-el-tianguis-turistico-de-mexico-estefania-mercado\/\"},\"wordCount\":607,\"commentCount\":0,\"publisher\":{\"@id\":\"https:\/\/panoramaciudadano.com\/#organization\"},\"image\":{\"@id\":\"https:\/\/panoramaciudadano.com\/index.php\/2026\/04\/28\/playa-del-carmen-fortalece-su-posicionamiento-global-en-el-tianguis-turistico-de-mexico-estefania-mercado\/#primaryimage\"},\"thumbnailUrl\":\"https:\/\/panoramaciudadano.com\/wp-content\/uploads\/2026\/04\/WhatsApp-Image-2026-04-28-at-9.03.15-AM-2.jpeg\",\"keywords\":[\"Estefan\u00eda Mercado\"],\"articleSection\":[\"Playa del Carmen\"],\"inLanguage\":\"es\",\"potentialAction\":[{\"@type\":\"CommentAction\",\"name\":\"Comment\",\"target\":[\"https:\/\/panoramaciudadano.com\/index.php\/2026\/04\/28\/playa-del-carmen-fortalece-su-posicionamiento-global-en-el-tianguis-turistico-de-mexico-estefania-mercado\/#respond\"]}]},{\"@type\":\"WebPage\",\"@id\":\"https:\/\/panoramaciudadano.com\/index.php\/2026\/04\/28\/playa-del-carmen-fortalece-su-posicionamiento-global-en-el-tianguis-turistico-de-mexico-estefania-mercado\/\",\"url\":\"https:\/\/panoramaciudadano.com\/index.php\/2026\/04\/28\/playa-del-carmen-fortalece-su-posicionamiento-global-en-el-tianguis-turistico-de-mexico-estefania-mercado\/\",\"name\":\"Playa del Carmen fortalece su posicionamiento global en el Tianguis Tur\u00edstico de M\u00e9xico: Estefan\u00eda Mercado - Panorama Ciudadano\",\"isPartOf\":{\"@id\":\"https:\/\/panoramaciudadano.com\/#website\"},\"primaryImageOfPage\":{\"@id\":\"https:\/\/panoramaciudadano.com\/index.php\/2026\/04\/28\/playa-del-carmen-fortalece-su-posicionamiento-global-en-el-tianguis-turistico-de-mexico-estefania-mercado\/#primaryimage\"},\"image\":{\"@id\":\"https:\/\/panoramaciudadano.com\/index.php\/2026\/04\/28\/playa-del-carmen-fortalece-su-posicionamiento-global-en-el-tianguis-turistico-de-mexico-estefania-mercado\/#primaryimage\"},\"thumbnailUrl\":\"https:\/\/panoramaciudadano.com\/wp-content\/uploads\/2026\/04\/WhatsApp-Image-2026-04-28-at-9.03.15-AM-2.jpeg\",\"datePublished\":\"2026-04-28T16:58:43+00:00\",\"dateModified\":\"2026-04-28T16:58:46+00:00\",\"breadcrumb\":{\"@id\":\"https:\/\/panoramaciudadano.com\/index.php\/2026\/04\/28\/playa-del-carmen-fortalece-su-posicionamiento-global-en-el-tianguis-turistico-de-mexico-estefania-mercado\/#breadcrumb\"},\"inLanguage\":\"es\",\"potentialAction\":[{\"@type\":\"ReadAction\",\"target\":[\"https:\/\/panoramaciudadano.com\/index.php\/2026\/04\/28\/playa-del-carmen-fortalece-su-posicionamiento-global-en-el-tianguis-turistico-de-mexico-estefania-mercado\/\"]}]},{\"@type\":\"ImageObject\",\"inLanguage\":\"es\",\"@id\":\"https:\/\/panoramaciudadano.com\/index.php\/2026\/04\/28\/playa-del-carmen-fortalece-su-posicionamiento-global-en-el-tianguis-turistico-de-mexico-estefania-mercado\/#primaryimage\",\"url\":\"https:\/\/panoramaciudadano.com\/wp-content\/uploads\/2026\/04\/WhatsApp-Image-2026-04-28-at-9.03.15-AM-2.jpeg\",\"contentUrl\":\"https:\/\/panoramaciudadano.com\/wp-content\/uploads\/2026\/04\/WhatsApp-Image-2026-04-28-at-9.03.15-AM-2.jpeg\",\"width\":1280,\"height\":836},{\"@type\":\"BreadcrumbList\",\"@id\":\"https:\/\/panoramaciudadano.com\/index.php\/2026\/04\/28\/playa-del-carmen-fortalece-su-posicionamiento-global-en-el-tianguis-turistico-de-mexico-estefania-mercado\/#breadcrumb\",\"itemListElement\":[{\"@type\":\"ListItem\",\"position\":1,\"name\":\"Portada\",\"item\":\"https:\/\/panoramaciudadano.com\/\"},{\"@type\":\"ListItem\",\"position\":2,\"name\":\"Playa del Carmen fortalece su posicionamiento global en el Tianguis Tur\u00edstico de M\u00e9xico: Estefan\u00eda Mercado\"}]},{\"@type\":\"WebSite\",\"@id\":\"https:\/\/panoramaciudadano.com\/#website\",\"url\":\"https:\/\/panoramaciudadano.com\/\",\"name\":\"Panorama Ciudadano\",\"description\":\"\",\"publisher\":{\"@id\":\"https:\/\/panoramaciudadano.com\/#organization\"},\"potentialAction\":[{\"@type\":\"SearchAction\",\"target\":{\"@type\":\"EntryPoint\",\"urlTemplate\":\"https:\/\/panoramaciudadano.com\/?s={search_term_string}\"},\"query-input\":{\"@type\":\"PropertyValueSpecification\",\"valueRequired\":true,\"valueName\":\"search_term_string\"}}],\"inLanguage\":\"es\"},{\"@type\":\"Organization\",\"@id\":\"https:\/\/panoramaciudadano.com\/#organization\",\"name\":\"Panorama Ciudadano\",\"url\":\"https:\/\/panoramaciudadano.com\/\",\"logo\":{\"@type\":\"ImageObject\",\"inLanguage\":\"es\",\"@id\":\"https:\/\/panoramaciudadano.com\/#\/schema\/logo\/image\/\",\"url\":\"https:\/\/panoramaciudadano.com\/wp-content\/uploads\/2024\/05\/401498640_919267042938564_6290593609399108733_n.jpg\",\"contentUrl\":\"https:\/\/panoramaciudadano.com\/wp-content\/uploads\/2024\/05\/401498640_919267042938564_6290593609399108733_n.jpg\",\"width\":960,\"height\":957,\"caption\":\"Panorama Ciudadano\"},\"image\":{\"@id\":\"https:\/\/panoramaciudadano.com\/#\/schema\/logo\/image\/\"},\"sameAs\":[\"https:\/\/www.facebook.com\/panoramaciudadano\"]},{\"@type\":\"Person\",\"@id\":\"https:\/\/panoramaciudadano.com\/#\/schema\/person\/ffe9fe8ef47d3a93977b5761fd9e0d96\",\"name\":\"admin\",\"image\":{\"@type\":\"ImageObject\",\"inLanguage\":\"es\",\"@id\":\"https:\/\/panoramaciudadano.com\/#\/schema\/person\/image\/\",\"url\":\"https:\/\/secure.gravatar.com\/avatar\/2d5a12cacce3f18096f25fadea8abb7202fef18ed669595589853e84260ff451?s=96&d=mm&r=g\",\"contentUrl\":\"https:\/\/secure.gravatar.com\/avatar\/2d5a12cacce3f18096f25fadea8abb7202fef18ed669595589853e84260ff451?s=96&d=mm&r=g\",\"caption\":\"admin\"},\"sameAs\":[\"https:\/\/panoramaciudadano.com\"],\"url\":\"https:\/\/panoramaciudadano.com\/index.php\/author\/admin_3q6hyqq3\/\"}]}<\/script>\n<!-- \/ Yoast SEO plugin. -->","yoast_head_json":{"title":"Playa del Carmen fortalece su posicionamiento global en el Tianguis Tur\u00edstico de M\u00e9xico: Estefan\u00eda Mercado - Panorama Ciudadano","robots":{"index":"index","follow":"follow","max-snippet":"max-snippet:-1","max-image-preview":"max-image-preview:large","max-video-preview":"max-video-preview:-1"},"canonical":"https:\/\/panoramaciudadano.com\/index.php\/2026\/04\/28\/playa-del-carmen-fortalece-su-posicionamiento-global-en-el-tianguis-turistico-de-mexico-estefania-mercado\/","og_locale":"es_ES","og_type":"article","og_title":"Playa del Carmen fortalece su posicionamiento global en el Tianguis Tur\u00edstico de M\u00e9xico: Estefan\u00eda Mercado - Panorama Ciudadano","og_description":"Se firmar\u00e1 un Acuerdo Estrat\u00e9gico con la Ciudad de M\u00e9xico, principal emisor de turistas a Playa del Carmen y otro con Huamantla, Tlaxcala.","og_url":"https:\/\/panoramaciudadano.com\/index.php\/2026\/04\/28\/playa-del-carmen-fortalece-su-posicionamiento-global-en-el-tianguis-turistico-de-mexico-estefania-mercado\/","og_site_name":"Panorama Ciudadano","article_publisher":"https:\/\/www.facebook.com\/panoramaciudadano","article_published_time":"2026-04-28T16:58:43+00:00","article_modified_time":"2026-04-28T16:58:46+00:00","og_image":[{"width":1280,"height":836,"url":"https:\/\/panoramaciudadano.com\/wp-content\/uploads\/2026\/04\/WhatsApp-Image-2026-04-28-at-9.03.15-AM-2.jpeg","type":"image\/jpeg"}],"author":"admin","twitter_card":"summary_large_image","twitter_misc":{"Escrito por":"admin","Tiempo de lectura":"4 minutos"},"schema":{"@context":"https:\/\/schema.org","@graph":[{"@type":"Article","@id":"https:\/\/panoramaciudadano.com\/index.php\/2026\/04\/28\/playa-del-carmen-fortalece-su-posicionamiento-global-en-el-tianguis-turistico-de-mexico-estefania-mercado\/#article","isPartOf":{"@id":"https:\/\/panoramaciudadano.com\/index.php\/2026\/04\/28\/playa-del-carmen-fortalece-su-posicionamiento-global-en-el-tianguis-turistico-de-mexico-estefania-mercado\/"},"author":{"name":"admin","@id":"https:\/\/panoramaciudadano.com\/#\/schema\/person\/ffe9fe8ef47d3a93977b5761fd9e0d96"},"headline":"Playa del Carmen fortalece su posicionamiento global en el Tianguis Tur\u00edstico de M\u00e9xico: Estefan\u00eda Mercado","datePublished":"2026-04-28T16:58:43+00:00","dateModified":"2026-04-28T16:58:46+00:00","mainEntityOfPage":{"@id":"https:\/\/panoramaciudadano.com\/index.php\/2026\/04\/28\/playa-del-carmen-fortalece-su-posicionamiento-global-en-el-tianguis-turistico-de-mexico-estefania-mercado\/"},"wordCount":607,"commentCount":0,"publisher":{"@id":"https:\/\/panoramaciudadano.com\/#organization"},"image":{"@id":"https:\/\/panoramaciudadano.com\/index.php\/2026\/04\/28\/playa-del-carmen-fortalece-su-posicionamiento-global-en-el-tianguis-turistico-de-mexico-estefania-mercado\/#primaryimage"},"thumbnailUrl":"https:\/\/panoramaciudadano.com\/wp-content\/uploads\/2026\/04\/WhatsApp-Image-2026-04-28-at-9.03.15-AM-2.jpeg","keywords":["Estefan\u00eda Mercado"],"articleSection":["Playa del Carmen"],"inLanguage":"es","potentialAction":[{"@type":"CommentAction","name":"Comment","target":["https:\/\/panoramaciudadano.com\/index.php\/2026\/04\/28\/playa-del-carmen-fortalece-su-posicionamiento-global-en-el-tianguis-turistico-de-mexico-estefania-mercado\/#respond"]}]},{"@type":"WebPage","@id":"https:\/\/panoramaciudadano.com\/index.php\/2026\/04\/28\/playa-del-carmen-fortalece-su-posicionamiento-global-en-el-tianguis-turistico-de-mexico-estefania-mercado\/","url":"https:\/\/panoramaciudadano.com\/index.php\/2026\/04\/28\/playa-del-carmen-fortalece-su-posicionamiento-global-en-el-tianguis-turistico-de-mexico-estefania-mercado\/","name":"Playa del Carmen fortalece su posicionamiento global en el Tianguis Tur\u00edstico de M\u00e9xico: Estefan\u00eda Mercado - Panorama Ciudadano","isPartOf":{"@id":"https:\/\/panoramaciudadano.com\/#website"},"primaryImageOfPage":{"@id":"https:\/\/panoramaciudadano.com\/index.php\/2026\/04\/28\/playa-del-carmen-fortalece-su-posicionamiento-global-en-el-tianguis-turistico-de-mexico-estefania-mercado\/#primaryimage"},"image":{"@id":"https:\/\/panoramaciudadano.com\/index.php\/2026\/04\/28\/playa-del-carmen-fortalece-su-posicionamiento-global-en-el-tianguis-turistico-de-mexico-estefania-mercado\/#primaryimage"},"thumbnailUrl":"https:\/\/panoramaciudadano.com\/wp-content\/uploads\/2026\/04\/WhatsApp-Image-2026-04-28-at-9.03.15-AM-2.jpeg","datePublished":"2026-04-28T16:58:43+00:00","dateModified":"2026-04-28T16:58:46+00:00","breadcrumb":{"@id":"https:\/\/panoramaciudadano.com\/index.php\/2026\/04\/28\/playa-del-carmen-fortalece-su-posicionamiento-global-en-el-tianguis-turistico-de-mexico-estefania-mercado\/#breadcrumb"},"inLanguage":"es","potentialAction":[{"@type":"ReadAction","target":["https:\/\/panoramaciudadano.com\/index.php\/2026\/04\/28\/playa-del-carmen-fortalece-su-posicionamiento-global-en-el-tianguis-turistico-de-mexico-estefania-mercado\/"]}]},{"@type":"ImageObject","inLanguage":"es","@id":"https:\/\/panoramaciudadano.com\/index.php\/2026\/04\/28\/playa-del-carmen-fortalece-su-posicionamiento-global-en-el-tianguis-turistico-de-mexico-estefania-mercado\/#primaryimage","url":"https:\/\/panoramaciudadano.com\/wp-content\/uploads\/2026\/04\/WhatsApp-Image-2026-04-28-at-9.03.15-AM-2.jpeg","contentUrl":"https:\/\/panoramaciudadano.com\/wp-content\/uploads\/2026\/04\/WhatsApp-Image-2026-04-28-at-9.03.15-AM-2.jpeg","width":1280,"height":836},{"@type":"BreadcrumbList","@id":"https:\/\/panoramaciudadano.com\/index.php\/2026\/04\/28\/playa-del-carmen-fortalece-su-posicionamiento-global-en-el-tianguis-turistico-de-mexico-estefania-mercado\/#breadcrumb","itemListElement":[{"@type":"ListItem","position":1,"name":"Portada","item":"https:\/\/panoramaciudadano.com\/"},{"@type":"ListItem","position":2,"name":"Playa del Carmen fortalece su posicionamiento global en el Tianguis Tur\u00edstico de M\u00e9xico: Estefan\u00eda Mercado"}]},{"@type":"WebSite","@id":"https:\/\/panoramaciudadano.com\/#website","url":"https:\/\/panoramaciudadano.com\/","name":"Panorama Ciudadano","description":"","publisher":{"@id":"https:\/\/panoramaciudadano.com\/#organization"},"potentialAction":[{"@type":"SearchAction","target":{"@type":"EntryPoint","urlTemplate":"https:\/\/panoramaciudadano.com\/?s={search_term_string}"},"query-input":{"@type":"PropertyValueSpecification","valueRequired":true,"valueName":"search_term_string"}}],"inLanguage":"es"},{"@type":"Organization","@id":"https:\/\/panoramaciudadano.com\/#organization","name":"Panorama Ciudadano","url":"https:\/\/panoramaciudadano.com\/","logo":{"@type":"ImageObject","inLanguage":"es","@id":"https:\/\/panoramaciudadano.com\/#\/schema\/logo\/image\/","url":"https:\/\/panoramaciudadano.com\/wp-content\/uploads\/2024\/05\/401498640_919267042938564_6290593609399108733_n.jpg","contentUrl":"https:\/\/panoramaciudadano.com\/wp-content\/uploads\/2024\/05\/401498640_919267042938564_6290593609399108733_n.jpg","width":960,"height":957,"caption":"Panorama Ciudadano"},"image":{"@id":"https:\/\/panoramaciudadano.com\/#\/schema\/logo\/image\/"},"sameAs":["https:\/\/www.facebook.com\/panoramaciudadano"]},{"@type":"Person","@id":"https:\/\/panoramaciudadano.com\/#\/schema\/person\/ffe9fe8ef47d3a93977b5761fd9e0d96","name":"admin","image":{"@type":"ImageObject","inLanguage":"es","@id":"https:\/\/panoramaciudadano.com\/#\/schema\/person\/image\/","url":"https:\/\/secure.gravatar.com\/avatar\/2d5a12cacce3f18096f25fadea8abb7202fef18ed669595589853e84260ff451?s=96&d=mm&r=g","contentUrl":"https:\/\/secure.gravatar.com\/avatar\/2d5a12cacce3f18096f25fadea8abb7202fef18ed669595589853e84260ff451?s=96&d=mm&r=g","caption":"admin"},"sameAs":["https:\/\/panoramaciudadano.com"],"url":"https:\/\/panoramaciudadano.com\/index.php\/author\/admin_3q6hyqq3\/"}]}},"_links":{"self":[{"href":"https:\/\/panoramaciudadano.com\/index.php\/wp-json\/wp\/v2\/posts\/34253","targetHints":{"allow":["GET"]}}],"collection":[{"href":"https:\/\/panoramaciudadano.com\/index.php\/wp-json\/wp\/v2\/posts"}],"about":[{"href":"https:\/\/panoramaciudadano.com\/index.php\/wp-json\/wp\/v2\/types\/post"}],"author":[{"embeddable":true,"href":"https:\/\/panoramaciudadano.com\/index.php\/wp-json\/wp\/v2\/users\/1"}],"replies":[{"embeddable":true,"href":"https:\/\/panoramaciudadano.com\/index.php\/wp-json\/wp\/v2\/comments?post=34253"}],"version-history":[{"count":1,"href":"https:\/\/panoramaciudadano.com\/index.php\/wp-json\/wp\/v2\/posts\/34253\/revisions"}],"predecessor-version":[{"id":34260,"href":"https:\/\/panoramaciudadano.com\/index.php\/wp-json\/wp\/v2\/posts\/34253\/revisions\/34260"}],"wp:featuredmedia":[{"embeddable":true,"href":"https:\/\/panoramaciudadano.com\/index.php\/wp-json\/wp\/v2\/media\/34259"}],"wp:attachment":[{"href":"https:\/\/panoramaciudadano.com\/index.php\/wp-json\/wp\/v2\/media?parent=34253"}],"wp:term":[{"taxonomy":"category","embeddable":true,"href":"https:\/\/panoramaciudadano.com\/index.php\/wp-json\/wp\/v2\/categories?post=34253"},{"taxonomy":"post_tag","embeddable":true,"href":"https:\/\/panoramaciudadano.com\/index.php\/wp-json\/wp\/v2\/tags?post=34253"}],"curies":[{"name":"wp","href":"https:\/\/api.w.org\/{rel}","templated":true}]}}