{"id":34267,"date":"2026-04-29T09:59:12","date_gmt":"2026-04-29T14:59:12","guid":{"rendered":"https:\/\/panoramaciudadano.com\/?p=34267"},"modified":"2026-04-29T09:59:14","modified_gmt":"2026-04-29T14:59:14","slug":"supervisa-mara-lezama-detalles-para-la-inauguracion-del-puente-nichupte-junto-a-la-presidenta-claudia-sheinbaum","status":"publish","type":"post","link":"https:\/\/panoramaciudadano.com\/index.php\/2026\/04\/29\/supervisa-mara-lezama-detalles-para-la-inauguracion-del-puente-nichupte-junto-a-la-presidenta-claudia-sheinbaum\/","title":{"rendered":"SUPERVISA MARA LEZAMA DETALLES PARA LA INAUGURACI\u00d3N DEL PUENTE NICHUPT\u00c9 JUNTO A LA PRESIDENTA CLAUDIA SHEINBAUM"},"content":{"rendered":"\n<figure class=\"wp-block-gallery has-nested-images columns-default is-cropped wp-block-gallery-1 is-layout-flex wp-block-gallery-is-layout-flex\">\n<figure class=\"wp-block-image size-large\"><img decoding=\"async\" width=\"768\" height=\"1024\" data-id=\"34268\" src=\"https:\/\/panoramaciudadano.com\/wp-content\/uploads\/2026\/04\/WhatsApp-Image-2026-04-29-at-7.53.36-AM-1-768x1024.jpeg\" alt=\"\" class=\"wp-image-34268\" srcset=\"https:\/\/panoramaciudadano.com\/wp-content\/uploads\/2026\/04\/WhatsApp-Image-2026-04-29-at-7.53.36-AM-1-768x1024.jpeg 768w, https:\/\/panoramaciudadano.com\/wp-content\/uploads\/2026\/04\/WhatsApp-Image-2026-04-29-at-7.53.36-AM-1-225x300.jpeg 225w, https:\/\/panoramaciudadano.com\/wp-content\/uploads\/2026\/04\/WhatsApp-Image-2026-04-29-at-7.53.36-AM-1.jpeg 960w\" sizes=\"(max-width: 768px) 100vw, 768px\" \/><\/figure>\n\n\n\n<figure class=\"wp-block-image size-large\"><img decoding=\"async\" width=\"1024\" height=\"664\" data-id=\"34269\" src=\"https:\/\/panoramaciudadano.com\/wp-content\/uploads\/2026\/04\/WhatsApp-Image-2026-04-29-at-7.53.36-AM-2-1024x664.jpeg\" alt=\"\" class=\"wp-image-34269\" srcset=\"https:\/\/panoramaciudadano.com\/wp-content\/uploads\/2026\/04\/WhatsApp-Image-2026-04-29-at-7.53.36-AM-2-1024x664.jpeg 1024w, https:\/\/panoramaciudadano.com\/wp-content\/uploads\/2026\/04\/WhatsApp-Image-2026-04-29-at-7.53.36-AM-2-300x194.jpeg 300w, https:\/\/panoramaciudadano.com\/wp-content\/uploads\/2026\/04\/WhatsApp-Image-2026-04-29-at-7.53.36-AM-2-768x498.jpeg 768w, https:\/\/panoramaciudadano.com\/wp-content\/uploads\/2026\/04\/WhatsApp-Image-2026-04-29-at-7.53.36-AM-2-1536x996.jpeg 1536w, https:\/\/panoramaciudadano.com\/wp-content\/uploads\/2026\/04\/WhatsApp-Image-2026-04-29-at-7.53.36-AM-2.jpeg 1600w\" sizes=\"(max-width: 1024px) 100vw, 1024px\" \/><\/figure>\n\n\n\n<figure class=\"wp-block-image size-large\"><img decoding=\"async\" width=\"1024\" height=\"683\" data-id=\"34270\" src=\"https:\/\/panoramaciudadano.com\/wp-content\/uploads\/2026\/04\/WhatsApp-Image-2026-04-29-at-7.53.36-AM-1024x683.jpeg\" alt=\"\" class=\"wp-image-34270\" srcset=\"https:\/\/panoramaciudadano.com\/wp-content\/uploads\/2026\/04\/WhatsApp-Image-2026-04-29-at-7.53.36-AM-1024x683.jpeg 1024w, https:\/\/panoramaciudadano.com\/wp-content\/uploads\/2026\/04\/WhatsApp-Image-2026-04-29-at-7.53.36-AM-300x200.jpeg 300w, https:\/\/panoramaciudadano.com\/wp-content\/uploads\/2026\/04\/WhatsApp-Image-2026-04-29-at-7.53.36-AM-768x512.jpeg 768w, https:\/\/panoramaciudadano.com\/wp-content\/uploads\/2026\/04\/WhatsApp-Image-2026-04-29-at-7.53.36-AM.jpeg 1280w\" sizes=\"(max-width: 1024px) 100vw, 1024px\" \/><\/figure>\n<\/figure>\n\n\n\n<p>Con la mira puesta en la conclusi\u00f3n de una de las obras de infraestructura m\u00e1s emblem\u00e1ticas del estado, la gobernadora Mara Lezama Espinosa inform\u00f3 que se encuentran afinando los \u00faltimos detalles para la gran inauguraci\u00f3n del Puente Vehicular Nichupt\u00e9 este fin de semana.<\/p>\n\n\n\n<p>El evento contar\u00e1 con la presencia de la presidenta de M\u00e9xico, Claudia Sheinbaum Pardo, cuya visita es recibida con entusiasmo por el gobierno estatal al representar el respaldo de la federaci\u00f3n a los proyectos de movilidad que transforman la conectividad en la zona hotelera de Canc\u00fan.<\/p>\n\n\n\n<p>Asimismo, la mandataria estatal adelant\u00f3 que muy pronto se compartir\u00e1n buenas noticias relacionadas con la carrera deportiva organizada en el marco de esta apertura, la cual ha generado un \u00e9xito rotundo y una alta expectativa entre la ciudadan\u00eda.<\/p>\n\n\n\n<p>La puesta en marcha de este puente no solo representa un avance t\u00e9cnico en ingenier\u00eda, sino un paso decisivo para mejorar la calidad de vida de los trabajadores y familias que diariamente transitan por este sector, reafirmando el compromiso de la actual administraci\u00f3n con el desarrollo ordenado y el bienestar de las y los quintanarroenses.<\/p>\n","protected":false},"excerpt":{"rendered":"<p>Con la mira puesta en la conclusi\u00f3n de una de las obras de infraestructura m\u00e1s emblem\u00e1ticas del estado, la gobernadora Mara Lezama Espinosa inform\u00f3 que se encuentran afinando los \u00faltimos detalles para la gran inauguraci\u00f3n del Puente Vehicular Nichupt\u00e9 este fin de semana.<\/p>\n","protected":false},"author":1,"featured_media":34268,"comment_status":"open","ping_status":"closed","sticky":false,"template":"","format":"standard","meta":{"footnotes":""},"categories":[6],"tags":[259],"class_list":["post-34267","post","type-post","status-publish","format-standard","has-post-thumbnail","hentry","category-cancun","tag-mara-lezama"],"yoast_head":"<!-- This site is optimized with the Yoast SEO plugin v27.5 - https:\/\/yoast.com\/product\/yoast-seo-wordpress\/ -->\n<title>SUPERVISA MARA LEZAMA DETALLES PARA LA INAUGURACI\u00d3N DEL PUENTE NICHUPT\u00c9 JUNTO A LA PRESIDENTA CLAUDIA SHEINBAUM - Panorama Ciudadano<\/title>\n<meta name=\"robots\" content=\"index, follow, max-snippet:-1, max-image-preview:large, max-video-preview:-1\" \/>\n<link rel=\"canonical\" href=\"https:\/\/panoramaciudadano.com\/index.php\/2026\/04\/29\/supervisa-mara-lezama-detalles-para-la-inauguracion-del-puente-nichupte-junto-a-la-presidenta-claudia-sheinbaum\/\" \/>\n<meta property=\"og:locale\" content=\"es_ES\" \/>\n<meta property=\"og:type\" content=\"article\" \/>\n<meta property=\"og:title\" content=\"SUPERVISA MARA LEZAMA DETALLES PARA LA INAUGURACI\u00d3N DEL PUENTE NICHUPT\u00c9 JUNTO A LA PRESIDENTA CLAUDIA SHEINBAUM - Panorama Ciudadano\" \/>\n<meta property=\"og:description\" content=\"Con la mira puesta en la conclusi\u00f3n de una de las obras de infraestructura m\u00e1s emblem\u00e1ticas del estado, la gobernadora Mara Lezama Espinosa inform\u00f3 que se encuentran afinando los \u00faltimos detalles para la gran inauguraci\u00f3n del Puente Vehicular Nichupt\u00e9 este fin de semana.\" \/>\n<meta property=\"og:url\" content=\"https:\/\/panoramaciudadano.com\/index.php\/2026\/04\/29\/supervisa-mara-lezama-detalles-para-la-inauguracion-del-puente-nichupte-junto-a-la-presidenta-claudia-sheinbaum\/\" \/>\n<meta property=\"og:site_name\" content=\"Panorama Ciudadano\" \/>\n<meta property=\"article:publisher\" content=\"https:\/\/www.facebook.com\/panoramaciudadano\" \/>\n<meta property=\"article:published_time\" content=\"2026-04-29T14:59:12+00:00\" \/>\n<meta property=\"article:modified_time\" content=\"2026-04-29T14:59:14+00:00\" \/>\n<meta property=\"og:image\" content=\"https:\/\/panoramaciudadano.com\/wp-content\/uploads\/2026\/04\/WhatsApp-Image-2026-04-29-at-7.53.36-AM-1.jpeg\" \/>\n\t<meta property=\"og:image:width\" content=\"960\" \/>\n\t<meta property=\"og:image:height\" content=\"1280\" \/>\n\t<meta property=\"og:image:type\" content=\"image\/jpeg\" \/>\n<meta name=\"author\" content=\"admin\" \/>\n<meta name=\"twitter:card\" content=\"summary_large_image\" \/>\n<meta name=\"twitter:label1\" content=\"Escrito por\" \/>\n\t<meta name=\"twitter:data1\" content=\"admin\" \/>\n\t<meta name=\"twitter:label2\" content=\"Tiempo de lectura\" \/>\n\t<meta name=\"twitter:data2\" content=\"2 minutos\" \/>\n<script type=\"application\/ld+json\" class=\"yoast-schema-graph\">{\"@context\":\"https:\\\/\\\/schema.org\",\"@graph\":[{\"@type\":\"Article\",\"@id\":\"https:\\\/\\\/panoramaciudadano.com\\\/index.php\\\/2026\\\/04\\\/29\\\/supervisa-mara-lezama-detalles-para-la-inauguracion-del-puente-nichupte-junto-a-la-presidenta-claudia-sheinbaum\\\/#article\",\"isPartOf\":{\"@id\":\"https:\\\/\\\/panoramaciudadano.com\\\/index.php\\\/2026\\\/04\\\/29\\\/supervisa-mara-lezama-detalles-para-la-inauguracion-del-puente-nichupte-junto-a-la-presidenta-claudia-sheinbaum\\\/\"},\"author\":{\"name\":\"admin\",\"@id\":\"https:\\\/\\\/panoramaciudadano.com\\\/#\\\/schema\\\/person\\\/ffe9fe8ef47d3a93977b5761fd9e0d96\"},\"headline\":\"SUPERVISA MARA LEZAMA DETALLES PARA LA INAUGURACI\u00d3N DEL PUENTE NICHUPT\u00c9 JUNTO A LA PRESIDENTA CLAUDIA SHEINBAUM\",\"datePublished\":\"2026-04-29T14:59:12+00:00\",\"dateModified\":\"2026-04-29T14:59:14+00:00\",\"mainEntityOfPage\":{\"@id\":\"https:\\\/\\\/panoramaciudadano.com\\\/index.php\\\/2026\\\/04\\\/29\\\/supervisa-mara-lezama-detalles-para-la-inauguracion-del-puente-nichupte-junto-a-la-presidenta-claudia-sheinbaum\\\/\"},\"wordCount\":211,\"commentCount\":0,\"publisher\":{\"@id\":\"https:\\\/\\\/panoramaciudadano.com\\\/#organization\"},\"image\":{\"@id\":\"https:\\\/\\\/panoramaciudadano.com\\\/index.php\\\/2026\\\/04\\\/29\\\/supervisa-mara-lezama-detalles-para-la-inauguracion-del-puente-nichupte-junto-a-la-presidenta-claudia-sheinbaum\\\/#primaryimage\"},\"thumbnailUrl\":\"https:\\\/\\\/panoramaciudadano.com\\\/wp-content\\\/uploads\\\/2026\\\/04\\\/WhatsApp-Image-2026-04-29-at-7.53.36-AM-1.jpeg\",\"keywords\":[\"Mara Lezama\"],\"articleSection\":[\"Canc\u00fan\"],\"inLanguage\":\"es\",\"potentialAction\":[{\"@type\":\"CommentAction\",\"name\":\"Comment\",\"target\":[\"https:\\\/\\\/panoramaciudadano.com\\\/index.php\\\/2026\\\/04\\\/29\\\/supervisa-mara-lezama-detalles-para-la-inauguracion-del-puente-nichupte-junto-a-la-presidenta-claudia-sheinbaum\\\/#respond\"]}]},{\"@type\":\"WebPage\",\"@id\":\"https:\\\/\\\/panoramaciudadano.com\\\/index.php\\\/2026\\\/04\\\/29\\\/supervisa-mara-lezama-detalles-para-la-inauguracion-del-puente-nichupte-junto-a-la-presidenta-claudia-sheinbaum\\\/\",\"url\":\"https:\\\/\\\/panoramaciudadano.com\\\/index.php\\\/2026\\\/04\\\/29\\\/supervisa-mara-lezama-detalles-para-la-inauguracion-del-puente-nichupte-junto-a-la-presidenta-claudia-sheinbaum\\\/\",\"name\":\"SUPERVISA MARA LEZAMA DETALLES PARA LA INAUGURACI\u00d3N DEL PUENTE NICHUPT\u00c9 JUNTO A LA PRESIDENTA CLAUDIA SHEINBAUM - Panorama Ciudadano\",\"isPartOf\":{\"@id\":\"https:\\\/\\\/panoramaciudadano.com\\\/#website\"},\"primaryImageOfPage\":{\"@id\":\"https:\\\/\\\/panoramaciudadano.com\\\/index.php\\\/2026\\\/04\\\/29\\\/supervisa-mara-lezama-detalles-para-la-inauguracion-del-puente-nichupte-junto-a-la-presidenta-claudia-sheinbaum\\\/#primaryimage\"},\"image\":{\"@id\":\"https:\\\/\\\/panoramaciudadano.com\\\/index.php\\\/2026\\\/04\\\/29\\\/supervisa-mara-lezama-detalles-para-la-inauguracion-del-puente-nichupte-junto-a-la-presidenta-claudia-sheinbaum\\\/#primaryimage\"},\"thumbnailUrl\":\"https:\\\/\\\/panoramaciudadano.com\\\/wp-content\\\/uploads\\\/2026\\\/04\\\/WhatsApp-Image-2026-04-29-at-7.53.36-AM-1.jpeg\",\"datePublished\":\"2026-04-29T14:59:12+00:00\",\"dateModified\":\"2026-04-29T14:59:14+00:00\",\"breadcrumb\":{\"@id\":\"https:\\\/\\\/panoramaciudadano.com\\\/index.php\\\/2026\\\/04\\\/29\\\/supervisa-mara-lezama-detalles-para-la-inauguracion-del-puente-nichupte-junto-a-la-presidenta-claudia-sheinbaum\\\/#breadcrumb\"},\"inLanguage\":\"es\",\"potentialAction\":[{\"@type\":\"ReadAction\",\"target\":[\"https:\\\/\\\/panoramaciudadano.com\\\/index.php\\\/2026\\\/04\\\/29\\\/supervisa-mara-lezama-detalles-para-la-inauguracion-del-puente-nichupte-junto-a-la-presidenta-claudia-sheinbaum\\\/\"]}]},{\"@type\":\"ImageObject\",\"inLanguage\":\"es\",\"@id\":\"https:\\\/\\\/panoramaciudadano.com\\\/index.php\\\/2026\\\/04\\\/29\\\/supervisa-mara-lezama-detalles-para-la-inauguracion-del-puente-nichupte-junto-a-la-presidenta-claudia-sheinbaum\\\/#primaryimage\",\"url\":\"https:\\\/\\\/panoramaciudadano.com\\\/wp-content\\\/uploads\\\/2026\\\/04\\\/WhatsApp-Image-2026-04-29-at-7.53.36-AM-1.jpeg\",\"contentUrl\":\"https:\\\/\\\/panoramaciudadano.com\\\/wp-content\\\/uploads\\\/2026\\\/04\\\/WhatsApp-Image-2026-04-29-at-7.53.36-AM-1.jpeg\",\"width\":960,\"height\":1280},{\"@type\":\"BreadcrumbList\",\"@id\":\"https:\\\/\\\/panoramaciudadano.com\\\/index.php\\\/2026\\\/04\\\/29\\\/supervisa-mara-lezama-detalles-para-la-inauguracion-del-puente-nichupte-junto-a-la-presidenta-claudia-sheinbaum\\\/#breadcrumb\",\"itemListElement\":[{\"@type\":\"ListItem\",\"position\":1,\"name\":\"Portada\",\"item\":\"https:\\\/\\\/panoramaciudadano.com\\\/\"},{\"@type\":\"ListItem\",\"position\":2,\"name\":\"SUPERVISA MARA LEZAMA DETALLES PARA LA INAUGURACI\u00d3N DEL PUENTE NICHUPT\u00c9 JUNTO A LA PRESIDENTA CLAUDIA SHEINBAUM\"}]},{\"@type\":\"WebSite\",\"@id\":\"https:\\\/\\\/panoramaciudadano.com\\\/#website\",\"url\":\"https:\\\/\\\/panoramaciudadano.com\\\/\",\"name\":\"Panorama Ciudadano\",\"description\":\"\",\"publisher\":{\"@id\":\"https:\\\/\\\/panoramaciudadano.com\\\/#organization\"},\"potentialAction\":[{\"@type\":\"SearchAction\",\"target\":{\"@type\":\"EntryPoint\",\"urlTemplate\":\"https:\\\/\\\/panoramaciudadano.com\\\/?s={search_term_string}\"},\"query-input\":{\"@type\":\"PropertyValueSpecification\",\"valueRequired\":true,\"valueName\":\"search_term_string\"}}],\"inLanguage\":\"es\"},{\"@type\":\"Organization\",\"@id\":\"https:\\\/\\\/panoramaciudadano.com\\\/#organization\",\"name\":\"Panorama Ciudadano\",\"url\":\"https:\\\/\\\/panoramaciudadano.com\\\/\",\"logo\":{\"@type\":\"ImageObject\",\"inLanguage\":\"es\",\"@id\":\"https:\\\/\\\/panoramaciudadano.com\\\/#\\\/schema\\\/logo\\\/image\\\/\",\"url\":\"https:\\\/\\\/panoramaciudadano.com\\\/wp-content\\\/uploads\\\/2024\\\/05\\\/401498640_919267042938564_6290593609399108733_n.jpg\",\"contentUrl\":\"https:\\\/\\\/panoramaciudadano.com\\\/wp-content\\\/uploads\\\/2024\\\/05\\\/401498640_919267042938564_6290593609399108733_n.jpg\",\"width\":960,\"height\":957,\"caption\":\"Panorama Ciudadano\"},\"image\":{\"@id\":\"https:\\\/\\\/panoramaciudadano.com\\\/#\\\/schema\\\/logo\\\/image\\\/\"},\"sameAs\":[\"https:\\\/\\\/www.facebook.com\\\/panoramaciudadano\"]},{\"@type\":\"Person\",\"@id\":\"https:\\\/\\\/panoramaciudadano.com\\\/#\\\/schema\\\/person\\\/ffe9fe8ef47d3a93977b5761fd9e0d96\",\"name\":\"admin\",\"image\":{\"@type\":\"ImageObject\",\"inLanguage\":\"es\",\"@id\":\"https:\\\/\\\/secure.gravatar.com\\\/avatar\\\/2d5a12cacce3f18096f25fadea8abb7202fef18ed669595589853e84260ff451?s=96&d=mm&r=g\",\"url\":\"https:\\\/\\\/secure.gravatar.com\\\/avatar\\\/2d5a12cacce3f18096f25fadea8abb7202fef18ed669595589853e84260ff451?s=96&d=mm&r=g\",\"contentUrl\":\"https:\\\/\\\/secure.gravatar.com\\\/avatar\\\/2d5a12cacce3f18096f25fadea8abb7202fef18ed669595589853e84260ff451?s=96&d=mm&r=g\",\"caption\":\"admin\"},\"sameAs\":[\"https:\\\/\\\/panoramaciudadano.com\"],\"url\":\"https:\\\/\\\/panoramaciudadano.com\\\/index.php\\\/author\\\/admin_3q6hyqq3\\\/\"}]}<\/script>\n<!-- \/ Yoast SEO plugin. -->","yoast_head_json":{"title":"SUPERVISA MARA LEZAMA DETALLES PARA LA INAUGURACI\u00d3N DEL PUENTE NICHUPT\u00c9 JUNTO A LA PRESIDENTA CLAUDIA SHEINBAUM - Panorama Ciudadano","robots":{"index":"index","follow":"follow","max-snippet":"max-snippet:-1","max-image-preview":"max-image-preview:large","max-video-preview":"max-video-preview:-1"},"canonical":"https:\/\/panoramaciudadano.com\/index.php\/2026\/04\/29\/supervisa-mara-lezama-detalles-para-la-inauguracion-del-puente-nichupte-junto-a-la-presidenta-claudia-sheinbaum\/","og_locale":"es_ES","og_type":"article","og_title":"SUPERVISA MARA LEZAMA DETALLES PARA LA INAUGURACI\u00d3N DEL PUENTE NICHUPT\u00c9 JUNTO A LA PRESIDENTA CLAUDIA SHEINBAUM - Panorama Ciudadano","og_description":"Con la mira puesta en la conclusi\u00f3n de una de las obras de infraestructura m\u00e1s emblem\u00e1ticas del estado, la gobernadora Mara Lezama Espinosa inform\u00f3 que se encuentran afinando los \u00faltimos detalles para la gran inauguraci\u00f3n del Puente Vehicular Nichupt\u00e9 este fin de semana.","og_url":"https:\/\/panoramaciudadano.com\/index.php\/2026\/04\/29\/supervisa-mara-lezama-detalles-para-la-inauguracion-del-puente-nichupte-junto-a-la-presidenta-claudia-sheinbaum\/","og_site_name":"Panorama Ciudadano","article_publisher":"https:\/\/www.facebook.com\/panoramaciudadano","article_published_time":"2026-04-29T14:59:12+00:00","article_modified_time":"2026-04-29T14:59:14+00:00","og_image":[{"width":960,"height":1280,"url":"https:\/\/panoramaciudadano.com\/wp-content\/uploads\/2026\/04\/WhatsApp-Image-2026-04-29-at-7.53.36-AM-1.jpeg","type":"image\/jpeg"}],"author":"admin","twitter_card":"summary_large_image","twitter_misc":{"Escrito por":"admin","Tiempo de lectura":"2 minutos"},"schema":{"@context":"https:\/\/schema.org","@graph":[{"@type":"Article","@id":"https:\/\/panoramaciudadano.com\/index.php\/2026\/04\/29\/supervisa-mara-lezama-detalles-para-la-inauguracion-del-puente-nichupte-junto-a-la-presidenta-claudia-sheinbaum\/#article","isPartOf":{"@id":"https:\/\/panoramaciudadano.com\/index.php\/2026\/04\/29\/supervisa-mara-lezama-detalles-para-la-inauguracion-del-puente-nichupte-junto-a-la-presidenta-claudia-sheinbaum\/"},"author":{"name":"admin","@id":"https:\/\/panoramaciudadano.com\/#\/schema\/person\/ffe9fe8ef47d3a93977b5761fd9e0d96"},"headline":"SUPERVISA MARA LEZAMA DETALLES PARA LA INAUGURACI\u00d3N DEL PUENTE NICHUPT\u00c9 JUNTO A LA PRESIDENTA CLAUDIA SHEINBAUM","datePublished":"2026-04-29T14:59:12+00:00","dateModified":"2026-04-29T14:59:14+00:00","mainEntityOfPage":{"@id":"https:\/\/panoramaciudadano.com\/index.php\/2026\/04\/29\/supervisa-mara-lezama-detalles-para-la-inauguracion-del-puente-nichupte-junto-a-la-presidenta-claudia-sheinbaum\/"},"wordCount":211,"commentCount":0,"publisher":{"@id":"https:\/\/panoramaciudadano.com\/#organization"},"image":{"@id":"https:\/\/panoramaciudadano.com\/index.php\/2026\/04\/29\/supervisa-mara-lezama-detalles-para-la-inauguracion-del-puente-nichupte-junto-a-la-presidenta-claudia-sheinbaum\/#primaryimage"},"thumbnailUrl":"https:\/\/panoramaciudadano.com\/wp-content\/uploads\/2026\/04\/WhatsApp-Image-2026-04-29-at-7.53.36-AM-1.jpeg","keywords":["Mara Lezama"],"articleSection":["Canc\u00fan"],"inLanguage":"es","potentialAction":[{"@type":"CommentAction","name":"Comment","target":["https:\/\/panoramaciudadano.com\/index.php\/2026\/04\/29\/supervisa-mara-lezama-detalles-para-la-inauguracion-del-puente-nichupte-junto-a-la-presidenta-claudia-sheinbaum\/#respond"]}]},{"@type":"WebPage","@id":"https:\/\/panoramaciudadano.com\/index.php\/2026\/04\/29\/supervisa-mara-lezama-detalles-para-la-inauguracion-del-puente-nichupte-junto-a-la-presidenta-claudia-sheinbaum\/","url":"https:\/\/panoramaciudadano.com\/index.php\/2026\/04\/29\/supervisa-mara-lezama-detalles-para-la-inauguracion-del-puente-nichupte-junto-a-la-presidenta-claudia-sheinbaum\/","name":"SUPERVISA MARA LEZAMA DETALLES PARA LA INAUGURACI\u00d3N DEL PUENTE NICHUPT\u00c9 JUNTO A LA PRESIDENTA CLAUDIA SHEINBAUM - Panorama Ciudadano","isPartOf":{"@id":"https:\/\/panoramaciudadano.com\/#website"},"primaryImageOfPage":{"@id":"https:\/\/panoramaciudadano.com\/index.php\/2026\/04\/29\/supervisa-mara-lezama-detalles-para-la-inauguracion-del-puente-nichupte-junto-a-la-presidenta-claudia-sheinbaum\/#primaryimage"},"image":{"@id":"https:\/\/panoramaciudadano.com\/index.php\/2026\/04\/29\/supervisa-mara-lezama-detalles-para-la-inauguracion-del-puente-nichupte-junto-a-la-presidenta-claudia-sheinbaum\/#primaryimage"},"thumbnailUrl":"https:\/\/panoramaciudadano.com\/wp-content\/uploads\/2026\/04\/WhatsApp-Image-2026-04-29-at-7.53.36-AM-1.jpeg","datePublished":"2026-04-29T14:59:12+00:00","dateModified":"2026-04-29T14:59:14+00:00","breadcrumb":{"@id":"https:\/\/panoramaciudadano.com\/index.php\/2026\/04\/29\/supervisa-mara-lezama-detalles-para-la-inauguracion-del-puente-nichupte-junto-a-la-presidenta-claudia-sheinbaum\/#breadcrumb"},"inLanguage":"es","potentialAction":[{"@type":"ReadAction","target":["https:\/\/panoramaciudadano.com\/index.php\/2026\/04\/29\/supervisa-mara-lezama-detalles-para-la-inauguracion-del-puente-nichupte-junto-a-la-presidenta-claudia-sheinbaum\/"]}]},{"@type":"ImageObject","inLanguage":"es","@id":"https:\/\/panoramaciudadano.com\/index.php\/2026\/04\/29\/supervisa-mara-lezama-detalles-para-la-inauguracion-del-puente-nichupte-junto-a-la-presidenta-claudia-sheinbaum\/#primaryimage","url":"https:\/\/panoramaciudadano.com\/wp-content\/uploads\/2026\/04\/WhatsApp-Image-2026-04-29-at-7.53.36-AM-1.jpeg","contentUrl":"https:\/\/panoramaciudadano.com\/wp-content\/uploads\/2026\/04\/WhatsApp-Image-2026-04-29-at-7.53.36-AM-1.jpeg","width":960,"height":1280},{"@type":"BreadcrumbList","@id":"https:\/\/panoramaciudadano.com\/index.php\/2026\/04\/29\/supervisa-mara-lezama-detalles-para-la-inauguracion-del-puente-nichupte-junto-a-la-presidenta-claudia-sheinbaum\/#breadcrumb","itemListElement":[{"@type":"ListItem","position":1,"name":"Portada","item":"https:\/\/panoramaciudadano.com\/"},{"@type":"ListItem","position":2,"name":"SUPERVISA MARA LEZAMA DETALLES PARA LA INAUGURACI\u00d3N DEL PUENTE NICHUPT\u00c9 JUNTO A LA PRESIDENTA CLAUDIA SHEINBAUM"}]},{"@type":"WebSite","@id":"https:\/\/panoramaciudadano.com\/#website","url":"https:\/\/panoramaciudadano.com\/","name":"Panorama Ciudadano","description":"","publisher":{"@id":"https:\/\/panoramaciudadano.com\/#organization"},"potentialAction":[{"@type":"SearchAction","target":{"@type":"EntryPoint","urlTemplate":"https:\/\/panoramaciudadano.com\/?s={search_term_string}"},"query-input":{"@type":"PropertyValueSpecification","valueRequired":true,"valueName":"search_term_string"}}],"inLanguage":"es"},{"@type":"Organization","@id":"https:\/\/panoramaciudadano.com\/#organization","name":"Panorama Ciudadano","url":"https:\/\/panoramaciudadano.com\/","logo":{"@type":"ImageObject","inLanguage":"es","@id":"https:\/\/panoramaciudadano.com\/#\/schema\/logo\/image\/","url":"https:\/\/panoramaciudadano.com\/wp-content\/uploads\/2024\/05\/401498640_919267042938564_6290593609399108733_n.jpg","contentUrl":"https:\/\/panoramaciudadano.com\/wp-content\/uploads\/2024\/05\/401498640_919267042938564_6290593609399108733_n.jpg","width":960,"height":957,"caption":"Panorama Ciudadano"},"image":{"@id":"https:\/\/panoramaciudadano.com\/#\/schema\/logo\/image\/"},"sameAs":["https:\/\/www.facebook.com\/panoramaciudadano"]},{"@type":"Person","@id":"https:\/\/panoramaciudadano.com\/#\/schema\/person\/ffe9fe8ef47d3a93977b5761fd9e0d96","name":"admin","image":{"@type":"ImageObject","inLanguage":"es","@id":"https:\/\/secure.gravatar.com\/avatar\/2d5a12cacce3f18096f25fadea8abb7202fef18ed669595589853e84260ff451?s=96&d=mm&r=g","url":"https:\/\/secure.gravatar.com\/avatar\/2d5a12cacce3f18096f25fadea8abb7202fef18ed669595589853e84260ff451?s=96&d=mm&r=g","contentUrl":"https:\/\/secure.gravatar.com\/avatar\/2d5a12cacce3f18096f25fadea8abb7202fef18ed669595589853e84260ff451?s=96&d=mm&r=g","caption":"admin"},"sameAs":["https:\/\/panoramaciudadano.com"],"url":"https:\/\/panoramaciudadano.com\/index.php\/author\/admin_3q6hyqq3\/"}]}},"_links":{"self":[{"href":"https:\/\/panoramaciudadano.com\/index.php\/wp-json\/wp\/v2\/posts\/34267","targetHints":{"allow":["GET"]}}],"collection":[{"href":"https:\/\/panoramaciudadano.com\/index.php\/wp-json\/wp\/v2\/posts"}],"about":[{"href":"https:\/\/panoramaciudadano.com\/index.php\/wp-json\/wp\/v2\/types\/post"}],"author":[{"embeddable":true,"href":"https:\/\/panoramaciudadano.com\/index.php\/wp-json\/wp\/v2\/users\/1"}],"replies":[{"embeddable":true,"href":"https:\/\/panoramaciudadano.com\/index.php\/wp-json\/wp\/v2\/comments?post=34267"}],"version-history":[{"count":1,"href":"https:\/\/panoramaciudadano.com\/index.php\/wp-json\/wp\/v2\/posts\/34267\/revisions"}],"predecessor-version":[{"id":34271,"href":"https:\/\/panoramaciudadano.com\/index.php\/wp-json\/wp\/v2\/posts\/34267\/revisions\/34271"}],"wp:featuredmedia":[{"embeddable":true,"href":"https:\/\/panoramaciudadano.com\/index.php\/wp-json\/wp\/v2\/media\/34268"}],"wp:attachment":[{"href":"https:\/\/panoramaciudadano.com\/index.php\/wp-json\/wp\/v2\/media?parent=34267"}],"wp:term":[{"taxonomy":"category","embeddable":true,"href":"https:\/\/panoramaciudadano.com\/index.php\/wp-json\/wp\/v2\/categories?post=34267"},{"taxonomy":"post_tag","embeddable":true,"href":"https:\/\/panoramaciudadano.com\/index.php\/wp-json\/wp\/v2\/tags?post=34267"}],"curies":[{"name":"wp","href":"https:\/\/api.w.org\/{rel}","templated":true}]}}