{"id":34272,"date":"2026-04-29T10:01:13","date_gmt":"2026-04-29T15:01:13","guid":{"rendered":"https:\/\/panoramaciudadano.com\/?p=34272"},"modified":"2026-04-29T10:01:14","modified_gmt":"2026-04-29T15:01:14","slug":"playa-del-carmen-y-huamantla-consolidan-alianza-turistica-y-cultural-con-convenio-de-colaboracion","status":"publish","type":"post","link":"https:\/\/panoramaciudadano.com\/index.php\/2026\/04\/29\/playa-del-carmen-y-huamantla-consolidan-alianza-turistica-y-cultural-con-convenio-de-colaboracion\/","title":{"rendered":"Playa del Carmen y Huamantla consolidan alianza tur\u00edstica y cultural con convenio de colaboraci\u00f3n"},"content":{"rendered":"\n<figure class=\"wp-block-gallery has-nested-images columns-default is-cropped wp-block-gallery-1 is-layout-flex wp-block-gallery-is-layout-flex\">\n<figure class=\"wp-block-image size-large\"><img decoding=\"async\" width=\"1024\" height=\"703\" data-id=\"34274\" src=\"https:\/\/panoramaciudadano.com\/wp-content\/uploads\/2026\/04\/WhatsApp-Image-2026-04-29-at-7.55.59-AM-1-1024x703.jpeg\" alt=\"\" class=\"wp-image-34274\" srcset=\"https:\/\/panoramaciudadano.com\/wp-content\/uploads\/2026\/04\/WhatsApp-Image-2026-04-29-at-7.55.59-AM-1-1024x703.jpeg 1024w, https:\/\/panoramaciudadano.com\/wp-content\/uploads\/2026\/04\/WhatsApp-Image-2026-04-29-at-7.55.59-AM-1-300x206.jpeg 300w, https:\/\/panoramaciudadano.com\/wp-content\/uploads\/2026\/04\/WhatsApp-Image-2026-04-29-at-7.55.59-AM-1-768x527.jpeg 768w, https:\/\/panoramaciudadano.com\/wp-content\/uploads\/2026\/04\/WhatsApp-Image-2026-04-29-at-7.55.59-AM-1-1536x1054.jpeg 1536w, https:\/\/panoramaciudadano.com\/wp-content\/uploads\/2026\/04\/WhatsApp-Image-2026-04-29-at-7.55.59-AM-1.jpeg 1600w\" sizes=\"(max-width: 1024px) 100vw, 1024px\" \/><\/figure>\n<\/figure>\n\n\n\n<p>La presidenta municipal de Playa del Carmen, Estefan\u00eda Mercado, y su hom\u00f3logo de Huamantla, Tlaxcala, Salvador Santos, firmaron un convenio de colaboraci\u00f3n tur\u00edstica y cultural que busca impulsar el intercambio de experiencias, tradiciones y promoci\u00f3n entre ambos municipios.<\/p>\n\n\n\n<p>Durante el acto, la alcaldesa agradeci\u00f3 al presidente municipal de Huamantla por sumarse a este acuerdo, el cual consider\u00f3 clave para fortalecer la proyecci\u00f3n tur\u00edstica de ambas localidades. Destac\u00f3 que esta alianza permitir\u00e1 ampliar la difusi\u00f3n de eventos emblem\u00e1ticos, entre ellos la Feria de la Virgen del Carmen, una de las celebraciones religiosas m\u00e1s importantes de Playa del Carmen.<\/p>\n\n\n\n<p>Subray\u00f3 que esta festividad se ha consolidado como uno de los principales eventos a nivel municipal, atrayendo a visitantes por su valor cultural, identidad y tradici\u00f3n, por lo que ahora tambi\u00e9n podr\u00e1 ser promovida en Huamantla como parte de las acciones conjuntas.<\/p>\n\n\n\n<p>El convenio contempla la promoci\u00f3n rec\u00edproca de atractivos tur\u00edsticos, culturales y artesanales, as\u00ed como la realizaci\u00f3n de visitas y estrategias compartidas para incentivar el flujo de turistas entre ambos destinos.<\/p>\n\n\n\n<p>Durante la firma, el presidente municipal Salvador Santos destac\u00f3 que este convenio abre nuevas oportunidades para posicionar a Huamantla como destino tur\u00edstico, al permitir el intercambio de experiencias y la promoci\u00f3n de sus principales atractivos, como los famosos tapetes elaborados con aserr\u00edn, la gastronom\u00eda y sus festividades emblem\u00e1ticas.<\/p>\n\n\n\n<p>Asimismo, confi\u00f3 en que esta alianza incrementar\u00e1 la llegada de visitantes y fortalecer\u00e1 la econom\u00eda local.<\/p>\n\n\n\n<p>Atestiguaron la firma del convenio Fabiana Brise\u00f1o, secretaria municipal de Turismo, y Ernesto Mart\u00ednez, director del Instituto de la Cultura y las Artes de Playa del Carmen.<\/p>\n","protected":false},"excerpt":{"rendered":"<p>El acuerdo permitir\u00e1 fortalecer la promoci\u00f3n de tradiciones, festividades y atractivos de ambos destinos..<\/p>\n","protected":false},"author":1,"featured_media":34273,"comment_status":"open","ping_status":"closed","sticky":false,"template":"","format":"standard","meta":{"footnotes":""},"categories":[7],"tags":[238],"class_list":["post-34272","post","type-post","status-publish","format-standard","has-post-thumbnail","hentry","category-playa-del-carmen","tag-estefania-mercado"],"yoast_head":"<!-- This site is optimized with the Yoast SEO plugin v27.5 - https:\/\/yoast.com\/product\/yoast-seo-wordpress\/ -->\n<title>Playa del Carmen y Huamantla consolidan alianza tur\u00edstica y cultural con convenio de colaboraci\u00f3n - Panorama Ciudadano<\/title>\n<meta name=\"robots\" content=\"index, follow, max-snippet:-1, max-image-preview:large, max-video-preview:-1\" \/>\n<link rel=\"canonical\" href=\"https:\/\/panoramaciudadano.com\/index.php\/2026\/04\/29\/playa-del-carmen-y-huamantla-consolidan-alianza-turistica-y-cultural-con-convenio-de-colaboracion\/\" \/>\n<meta property=\"og:locale\" content=\"es_ES\" \/>\n<meta property=\"og:type\" content=\"article\" \/>\n<meta property=\"og:title\" content=\"Playa del Carmen y Huamantla consolidan alianza tur\u00edstica y cultural con convenio de colaboraci\u00f3n - Panorama Ciudadano\" \/>\n<meta property=\"og:description\" content=\"El acuerdo permitir\u00e1 fortalecer la promoci\u00f3n de tradiciones, festividades y atractivos de ambos destinos..\" \/>\n<meta property=\"og:url\" content=\"https:\/\/panoramaciudadano.com\/index.php\/2026\/04\/29\/playa-del-carmen-y-huamantla-consolidan-alianza-turistica-y-cultural-con-convenio-de-colaboracion\/\" \/>\n<meta property=\"og:site_name\" content=\"Panorama Ciudadano\" \/>\n<meta property=\"article:publisher\" content=\"https:\/\/www.facebook.com\/panoramaciudadano\" \/>\n<meta property=\"article:published_time\" content=\"2026-04-29T15:01:13+00:00\" \/>\n<meta property=\"article:modified_time\" content=\"2026-04-29T15:01:14+00:00\" \/>\n<meta property=\"og:image\" content=\"https:\/\/panoramaciudadano.com\/wp-content\/uploads\/2026\/04\/WhatsApp-Image-2026-04-29-at-7.55.59-AM.jpeg\" \/>\n\t<meta property=\"og:image:width\" content=\"1600\" \/>\n\t<meta property=\"og:image:height\" content=\"1218\" \/>\n\t<meta property=\"og:image:type\" content=\"image\/jpeg\" \/>\n<meta name=\"author\" content=\"admin\" \/>\n<meta name=\"twitter:card\" content=\"summary_large_image\" \/>\n<meta name=\"twitter:label1\" content=\"Escrito por\" \/>\n\t<meta name=\"twitter:data1\" content=\"admin\" \/>\n\t<meta name=\"twitter:label2\" content=\"Tiempo de lectura\" \/>\n\t<meta name=\"twitter:data2\" content=\"2 minutos\" \/>\n<script type=\"application\/ld+json\" class=\"yoast-schema-graph\">{\"@context\":\"https:\\\/\\\/schema.org\",\"@graph\":[{\"@type\":\"Article\",\"@id\":\"https:\\\/\\\/panoramaciudadano.com\\\/index.php\\\/2026\\\/04\\\/29\\\/playa-del-carmen-y-huamantla-consolidan-alianza-turistica-y-cultural-con-convenio-de-colaboracion\\\/#article\",\"isPartOf\":{\"@id\":\"https:\\\/\\\/panoramaciudadano.com\\\/index.php\\\/2026\\\/04\\\/29\\\/playa-del-carmen-y-huamantla-consolidan-alianza-turistica-y-cultural-con-convenio-de-colaboracion\\\/\"},\"author\":{\"name\":\"admin\",\"@id\":\"https:\\\/\\\/panoramaciudadano.com\\\/#\\\/schema\\\/person\\\/ffe9fe8ef47d3a93977b5761fd9e0d96\"},\"headline\":\"Playa del Carmen y Huamantla consolidan alianza tur\u00edstica y cultural con convenio de colaboraci\u00f3n\",\"datePublished\":\"2026-04-29T15:01:13+00:00\",\"dateModified\":\"2026-04-29T15:01:14+00:00\",\"mainEntityOfPage\":{\"@id\":\"https:\\\/\\\/panoramaciudadano.com\\\/index.php\\\/2026\\\/04\\\/29\\\/playa-del-carmen-y-huamantla-consolidan-alianza-turistica-y-cultural-con-convenio-de-colaboracion\\\/\"},\"wordCount\":300,\"commentCount\":0,\"publisher\":{\"@id\":\"https:\\\/\\\/panoramaciudadano.com\\\/#organization\"},\"image\":{\"@id\":\"https:\\\/\\\/panoramaciudadano.com\\\/index.php\\\/2026\\\/04\\\/29\\\/playa-del-carmen-y-huamantla-consolidan-alianza-turistica-y-cultural-con-convenio-de-colaboracion\\\/#primaryimage\"},\"thumbnailUrl\":\"https:\\\/\\\/panoramaciudadano.com\\\/wp-content\\\/uploads\\\/2026\\\/04\\\/WhatsApp-Image-2026-04-29-at-7.55.59-AM.jpeg\",\"keywords\":[\"Estefan\u00eda Mercado\"],\"articleSection\":[\"Playa del Carmen\"],\"inLanguage\":\"es\",\"potentialAction\":[{\"@type\":\"CommentAction\",\"name\":\"Comment\",\"target\":[\"https:\\\/\\\/panoramaciudadano.com\\\/index.php\\\/2026\\\/04\\\/29\\\/playa-del-carmen-y-huamantla-consolidan-alianza-turistica-y-cultural-con-convenio-de-colaboracion\\\/#respond\"]}]},{\"@type\":\"WebPage\",\"@id\":\"https:\\\/\\\/panoramaciudadano.com\\\/index.php\\\/2026\\\/04\\\/29\\\/playa-del-carmen-y-huamantla-consolidan-alianza-turistica-y-cultural-con-convenio-de-colaboracion\\\/\",\"url\":\"https:\\\/\\\/panoramaciudadano.com\\\/index.php\\\/2026\\\/04\\\/29\\\/playa-del-carmen-y-huamantla-consolidan-alianza-turistica-y-cultural-con-convenio-de-colaboracion\\\/\",\"name\":\"Playa del Carmen y Huamantla consolidan alianza tur\u00edstica y cultural con convenio de colaboraci\u00f3n - Panorama Ciudadano\",\"isPartOf\":{\"@id\":\"https:\\\/\\\/panoramaciudadano.com\\\/#website\"},\"primaryImageOfPage\":{\"@id\":\"https:\\\/\\\/panoramaciudadano.com\\\/index.php\\\/2026\\\/04\\\/29\\\/playa-del-carmen-y-huamantla-consolidan-alianza-turistica-y-cultural-con-convenio-de-colaboracion\\\/#primaryimage\"},\"image\":{\"@id\":\"https:\\\/\\\/panoramaciudadano.com\\\/index.php\\\/2026\\\/04\\\/29\\\/playa-del-carmen-y-huamantla-consolidan-alianza-turistica-y-cultural-con-convenio-de-colaboracion\\\/#primaryimage\"},\"thumbnailUrl\":\"https:\\\/\\\/panoramaciudadano.com\\\/wp-content\\\/uploads\\\/2026\\\/04\\\/WhatsApp-Image-2026-04-29-at-7.55.59-AM.jpeg\",\"datePublished\":\"2026-04-29T15:01:13+00:00\",\"dateModified\":\"2026-04-29T15:01:14+00:00\",\"breadcrumb\":{\"@id\":\"https:\\\/\\\/panoramaciudadano.com\\\/index.php\\\/2026\\\/04\\\/29\\\/playa-del-carmen-y-huamantla-consolidan-alianza-turistica-y-cultural-con-convenio-de-colaboracion\\\/#breadcrumb\"},\"inLanguage\":\"es\",\"potentialAction\":[{\"@type\":\"ReadAction\",\"target\":[\"https:\\\/\\\/panoramaciudadano.com\\\/index.php\\\/2026\\\/04\\\/29\\\/playa-del-carmen-y-huamantla-consolidan-alianza-turistica-y-cultural-con-convenio-de-colaboracion\\\/\"]}]},{\"@type\":\"ImageObject\",\"inLanguage\":\"es\",\"@id\":\"https:\\\/\\\/panoramaciudadano.com\\\/index.php\\\/2026\\\/04\\\/29\\\/playa-del-carmen-y-huamantla-consolidan-alianza-turistica-y-cultural-con-convenio-de-colaboracion\\\/#primaryimage\",\"url\":\"https:\\\/\\\/panoramaciudadano.com\\\/wp-content\\\/uploads\\\/2026\\\/04\\\/WhatsApp-Image-2026-04-29-at-7.55.59-AM.jpeg\",\"contentUrl\":\"https:\\\/\\\/panoramaciudadano.com\\\/wp-content\\\/uploads\\\/2026\\\/04\\\/WhatsApp-Image-2026-04-29-at-7.55.59-AM.jpeg\",\"width\":1600,\"height\":1218},{\"@type\":\"BreadcrumbList\",\"@id\":\"https:\\\/\\\/panoramaciudadano.com\\\/index.php\\\/2026\\\/04\\\/29\\\/playa-del-carmen-y-huamantla-consolidan-alianza-turistica-y-cultural-con-convenio-de-colaboracion\\\/#breadcrumb\",\"itemListElement\":[{\"@type\":\"ListItem\",\"position\":1,\"name\":\"Portada\",\"item\":\"https:\\\/\\\/panoramaciudadano.com\\\/\"},{\"@type\":\"ListItem\",\"position\":2,\"name\":\"Playa del Carmen y Huamantla consolidan alianza tur\u00edstica y cultural con convenio de colaboraci\u00f3n\"}]},{\"@type\":\"WebSite\",\"@id\":\"https:\\\/\\\/panoramaciudadano.com\\\/#website\",\"url\":\"https:\\\/\\\/panoramaciudadano.com\\\/\",\"name\":\"Panorama Ciudadano\",\"description\":\"\",\"publisher\":{\"@id\":\"https:\\\/\\\/panoramaciudadano.com\\\/#organization\"},\"potentialAction\":[{\"@type\":\"SearchAction\",\"target\":{\"@type\":\"EntryPoint\",\"urlTemplate\":\"https:\\\/\\\/panoramaciudadano.com\\\/?s={search_term_string}\"},\"query-input\":{\"@type\":\"PropertyValueSpecification\",\"valueRequired\":true,\"valueName\":\"search_term_string\"}}],\"inLanguage\":\"es\"},{\"@type\":\"Organization\",\"@id\":\"https:\\\/\\\/panoramaciudadano.com\\\/#organization\",\"name\":\"Panorama Ciudadano\",\"url\":\"https:\\\/\\\/panoramaciudadano.com\\\/\",\"logo\":{\"@type\":\"ImageObject\",\"inLanguage\":\"es\",\"@id\":\"https:\\\/\\\/panoramaciudadano.com\\\/#\\\/schema\\\/logo\\\/image\\\/\",\"url\":\"https:\\\/\\\/panoramaciudadano.com\\\/wp-content\\\/uploads\\\/2024\\\/05\\\/401498640_919267042938564_6290593609399108733_n.jpg\",\"contentUrl\":\"https:\\\/\\\/panoramaciudadano.com\\\/wp-content\\\/uploads\\\/2024\\\/05\\\/401498640_919267042938564_6290593609399108733_n.jpg\",\"width\":960,\"height\":957,\"caption\":\"Panorama Ciudadano\"},\"image\":{\"@id\":\"https:\\\/\\\/panoramaciudadano.com\\\/#\\\/schema\\\/logo\\\/image\\\/\"},\"sameAs\":[\"https:\\\/\\\/www.facebook.com\\\/panoramaciudadano\"]},{\"@type\":\"Person\",\"@id\":\"https:\\\/\\\/panoramaciudadano.com\\\/#\\\/schema\\\/person\\\/ffe9fe8ef47d3a93977b5761fd9e0d96\",\"name\":\"admin\",\"image\":{\"@type\":\"ImageObject\",\"inLanguage\":\"es\",\"@id\":\"https:\\\/\\\/secure.gravatar.com\\\/avatar\\\/2d5a12cacce3f18096f25fadea8abb7202fef18ed669595589853e84260ff451?s=96&d=mm&r=g\",\"url\":\"https:\\\/\\\/secure.gravatar.com\\\/avatar\\\/2d5a12cacce3f18096f25fadea8abb7202fef18ed669595589853e84260ff451?s=96&d=mm&r=g\",\"contentUrl\":\"https:\\\/\\\/secure.gravatar.com\\\/avatar\\\/2d5a12cacce3f18096f25fadea8abb7202fef18ed669595589853e84260ff451?s=96&d=mm&r=g\",\"caption\":\"admin\"},\"sameAs\":[\"https:\\\/\\\/panoramaciudadano.com\"],\"url\":\"https:\\\/\\\/panoramaciudadano.com\\\/index.php\\\/author\\\/admin_3q6hyqq3\\\/\"}]}<\/script>\n<!-- \/ Yoast SEO plugin. -->","yoast_head_json":{"title":"Playa del Carmen y Huamantla consolidan alianza tur\u00edstica y cultural con convenio de colaboraci\u00f3n - Panorama Ciudadano","robots":{"index":"index","follow":"follow","max-snippet":"max-snippet:-1","max-image-preview":"max-image-preview:large","max-video-preview":"max-video-preview:-1"},"canonical":"https:\/\/panoramaciudadano.com\/index.php\/2026\/04\/29\/playa-del-carmen-y-huamantla-consolidan-alianza-turistica-y-cultural-con-convenio-de-colaboracion\/","og_locale":"es_ES","og_type":"article","og_title":"Playa del Carmen y Huamantla consolidan alianza tur\u00edstica y cultural con convenio de colaboraci\u00f3n - Panorama Ciudadano","og_description":"El acuerdo permitir\u00e1 fortalecer la promoci\u00f3n de tradiciones, festividades y atractivos de ambos destinos..","og_url":"https:\/\/panoramaciudadano.com\/index.php\/2026\/04\/29\/playa-del-carmen-y-huamantla-consolidan-alianza-turistica-y-cultural-con-convenio-de-colaboracion\/","og_site_name":"Panorama Ciudadano","article_publisher":"https:\/\/www.facebook.com\/panoramaciudadano","article_published_time":"2026-04-29T15:01:13+00:00","article_modified_time":"2026-04-29T15:01:14+00:00","og_image":[{"width":1600,"height":1218,"url":"https:\/\/panoramaciudadano.com\/wp-content\/uploads\/2026\/04\/WhatsApp-Image-2026-04-29-at-7.55.59-AM.jpeg","type":"image\/jpeg"}],"author":"admin","twitter_card":"summary_large_image","twitter_misc":{"Escrito por":"admin","Tiempo de lectura":"2 minutos"},"schema":{"@context":"https:\/\/schema.org","@graph":[{"@type":"Article","@id":"https:\/\/panoramaciudadano.com\/index.php\/2026\/04\/29\/playa-del-carmen-y-huamantla-consolidan-alianza-turistica-y-cultural-con-convenio-de-colaboracion\/#article","isPartOf":{"@id":"https:\/\/panoramaciudadano.com\/index.php\/2026\/04\/29\/playa-del-carmen-y-huamantla-consolidan-alianza-turistica-y-cultural-con-convenio-de-colaboracion\/"},"author":{"name":"admin","@id":"https:\/\/panoramaciudadano.com\/#\/schema\/person\/ffe9fe8ef47d3a93977b5761fd9e0d96"},"headline":"Playa del Carmen y Huamantla consolidan alianza tur\u00edstica y cultural con convenio de colaboraci\u00f3n","datePublished":"2026-04-29T15:01:13+00:00","dateModified":"2026-04-29T15:01:14+00:00","mainEntityOfPage":{"@id":"https:\/\/panoramaciudadano.com\/index.php\/2026\/04\/29\/playa-del-carmen-y-huamantla-consolidan-alianza-turistica-y-cultural-con-convenio-de-colaboracion\/"},"wordCount":300,"commentCount":0,"publisher":{"@id":"https:\/\/panoramaciudadano.com\/#organization"},"image":{"@id":"https:\/\/panoramaciudadano.com\/index.php\/2026\/04\/29\/playa-del-carmen-y-huamantla-consolidan-alianza-turistica-y-cultural-con-convenio-de-colaboracion\/#primaryimage"},"thumbnailUrl":"https:\/\/panoramaciudadano.com\/wp-content\/uploads\/2026\/04\/WhatsApp-Image-2026-04-29-at-7.55.59-AM.jpeg","keywords":["Estefan\u00eda Mercado"],"articleSection":["Playa del Carmen"],"inLanguage":"es","potentialAction":[{"@type":"CommentAction","name":"Comment","target":["https:\/\/panoramaciudadano.com\/index.php\/2026\/04\/29\/playa-del-carmen-y-huamantla-consolidan-alianza-turistica-y-cultural-con-convenio-de-colaboracion\/#respond"]}]},{"@type":"WebPage","@id":"https:\/\/panoramaciudadano.com\/index.php\/2026\/04\/29\/playa-del-carmen-y-huamantla-consolidan-alianza-turistica-y-cultural-con-convenio-de-colaboracion\/","url":"https:\/\/panoramaciudadano.com\/index.php\/2026\/04\/29\/playa-del-carmen-y-huamantla-consolidan-alianza-turistica-y-cultural-con-convenio-de-colaboracion\/","name":"Playa del Carmen y Huamantla consolidan alianza tur\u00edstica y cultural con convenio de colaboraci\u00f3n - Panorama Ciudadano","isPartOf":{"@id":"https:\/\/panoramaciudadano.com\/#website"},"primaryImageOfPage":{"@id":"https:\/\/panoramaciudadano.com\/index.php\/2026\/04\/29\/playa-del-carmen-y-huamantla-consolidan-alianza-turistica-y-cultural-con-convenio-de-colaboracion\/#primaryimage"},"image":{"@id":"https:\/\/panoramaciudadano.com\/index.php\/2026\/04\/29\/playa-del-carmen-y-huamantla-consolidan-alianza-turistica-y-cultural-con-convenio-de-colaboracion\/#primaryimage"},"thumbnailUrl":"https:\/\/panoramaciudadano.com\/wp-content\/uploads\/2026\/04\/WhatsApp-Image-2026-04-29-at-7.55.59-AM.jpeg","datePublished":"2026-04-29T15:01:13+00:00","dateModified":"2026-04-29T15:01:14+00:00","breadcrumb":{"@id":"https:\/\/panoramaciudadano.com\/index.php\/2026\/04\/29\/playa-del-carmen-y-huamantla-consolidan-alianza-turistica-y-cultural-con-convenio-de-colaboracion\/#breadcrumb"},"inLanguage":"es","potentialAction":[{"@type":"ReadAction","target":["https:\/\/panoramaciudadano.com\/index.php\/2026\/04\/29\/playa-del-carmen-y-huamantla-consolidan-alianza-turistica-y-cultural-con-convenio-de-colaboracion\/"]}]},{"@type":"ImageObject","inLanguage":"es","@id":"https:\/\/panoramaciudadano.com\/index.php\/2026\/04\/29\/playa-del-carmen-y-huamantla-consolidan-alianza-turistica-y-cultural-con-convenio-de-colaboracion\/#primaryimage","url":"https:\/\/panoramaciudadano.com\/wp-content\/uploads\/2026\/04\/WhatsApp-Image-2026-04-29-at-7.55.59-AM.jpeg","contentUrl":"https:\/\/panoramaciudadano.com\/wp-content\/uploads\/2026\/04\/WhatsApp-Image-2026-04-29-at-7.55.59-AM.jpeg","width":1600,"height":1218},{"@type":"BreadcrumbList","@id":"https:\/\/panoramaciudadano.com\/index.php\/2026\/04\/29\/playa-del-carmen-y-huamantla-consolidan-alianza-turistica-y-cultural-con-convenio-de-colaboracion\/#breadcrumb","itemListElement":[{"@type":"ListItem","position":1,"name":"Portada","item":"https:\/\/panoramaciudadano.com\/"},{"@type":"ListItem","position":2,"name":"Playa del Carmen y Huamantla consolidan alianza tur\u00edstica y cultural con convenio de colaboraci\u00f3n"}]},{"@type":"WebSite","@id":"https:\/\/panoramaciudadano.com\/#website","url":"https:\/\/panoramaciudadano.com\/","name":"Panorama Ciudadano","description":"","publisher":{"@id":"https:\/\/panoramaciudadano.com\/#organization"},"potentialAction":[{"@type":"SearchAction","target":{"@type":"EntryPoint","urlTemplate":"https:\/\/panoramaciudadano.com\/?s={search_term_string}"},"query-input":{"@type":"PropertyValueSpecification","valueRequired":true,"valueName":"search_term_string"}}],"inLanguage":"es"},{"@type":"Organization","@id":"https:\/\/panoramaciudadano.com\/#organization","name":"Panorama Ciudadano","url":"https:\/\/panoramaciudadano.com\/","logo":{"@type":"ImageObject","inLanguage":"es","@id":"https:\/\/panoramaciudadano.com\/#\/schema\/logo\/image\/","url":"https:\/\/panoramaciudadano.com\/wp-content\/uploads\/2024\/05\/401498640_919267042938564_6290593609399108733_n.jpg","contentUrl":"https:\/\/panoramaciudadano.com\/wp-content\/uploads\/2024\/05\/401498640_919267042938564_6290593609399108733_n.jpg","width":960,"height":957,"caption":"Panorama Ciudadano"},"image":{"@id":"https:\/\/panoramaciudadano.com\/#\/schema\/logo\/image\/"},"sameAs":["https:\/\/www.facebook.com\/panoramaciudadano"]},{"@type":"Person","@id":"https:\/\/panoramaciudadano.com\/#\/schema\/person\/ffe9fe8ef47d3a93977b5761fd9e0d96","name":"admin","image":{"@type":"ImageObject","inLanguage":"es","@id":"https:\/\/secure.gravatar.com\/avatar\/2d5a12cacce3f18096f25fadea8abb7202fef18ed669595589853e84260ff451?s=96&d=mm&r=g","url":"https:\/\/secure.gravatar.com\/avatar\/2d5a12cacce3f18096f25fadea8abb7202fef18ed669595589853e84260ff451?s=96&d=mm&r=g","contentUrl":"https:\/\/secure.gravatar.com\/avatar\/2d5a12cacce3f18096f25fadea8abb7202fef18ed669595589853e84260ff451?s=96&d=mm&r=g","caption":"admin"},"sameAs":["https:\/\/panoramaciudadano.com"],"url":"https:\/\/panoramaciudadano.com\/index.php\/author\/admin_3q6hyqq3\/"}]}},"_links":{"self":[{"href":"https:\/\/panoramaciudadano.com\/index.php\/wp-json\/wp\/v2\/posts\/34272","targetHints":{"allow":["GET"]}}],"collection":[{"href":"https:\/\/panoramaciudadano.com\/index.php\/wp-json\/wp\/v2\/posts"}],"about":[{"href":"https:\/\/panoramaciudadano.com\/index.php\/wp-json\/wp\/v2\/types\/post"}],"author":[{"embeddable":true,"href":"https:\/\/panoramaciudadano.com\/index.php\/wp-json\/wp\/v2\/users\/1"}],"replies":[{"embeddable":true,"href":"https:\/\/panoramaciudadano.com\/index.php\/wp-json\/wp\/v2\/comments?post=34272"}],"version-history":[{"count":1,"href":"https:\/\/panoramaciudadano.com\/index.php\/wp-json\/wp\/v2\/posts\/34272\/revisions"}],"predecessor-version":[{"id":34275,"href":"https:\/\/panoramaciudadano.com\/index.php\/wp-json\/wp\/v2\/posts\/34272\/revisions\/34275"}],"wp:featuredmedia":[{"embeddable":true,"href":"https:\/\/panoramaciudadano.com\/index.php\/wp-json\/wp\/v2\/media\/34273"}],"wp:attachment":[{"href":"https:\/\/panoramaciudadano.com\/index.php\/wp-json\/wp\/v2\/media?parent=34272"}],"wp:term":[{"taxonomy":"category","embeddable":true,"href":"https:\/\/panoramaciudadano.com\/index.php\/wp-json\/wp\/v2\/categories?post=34272"},{"taxonomy":"post_tag","embeddable":true,"href":"https:\/\/panoramaciudadano.com\/index.php\/wp-json\/wp\/v2\/tags?post=34272"}],"curies":[{"name":"wp","href":"https:\/\/api.w.org\/{rel}","templated":true}]}}