{"id":34276,"date":"2026-04-29T10:10:56","date_gmt":"2026-04-29T15:10:56","guid":{"rendered":"https:\/\/panoramaciudadano.com\/?p=34276"},"modified":"2026-04-29T10:10:58","modified_gmt":"2026-04-29T15:10:58","slug":"destaca-eugenio-segura-solidez-de-la-economia-mexicana-tras-comparecencia-de-la-gobernadora-de-banxico","status":"publish","type":"post","link":"https:\/\/panoramaciudadano.com\/index.php\/2026\/04\/29\/destaca-eugenio-segura-solidez-de-la-economia-mexicana-tras-comparecencia-de-la-gobernadora-de-banxico\/","title":{"rendered":"DESTACA EUGENIO SEGURA SOLIDEZ DE LA ECONOM\u00cdA MEXICANA TRAS COMPARECENCIA DE LA GOBERNADORA DE BANXICO"},"content":{"rendered":"\n<figure class=\"wp-block-gallery has-nested-images columns-default is-cropped wp-block-gallery-1 is-layout-flex wp-block-gallery-is-layout-flex\">\n<figure class=\"wp-block-image size-large\"><img decoding=\"async\" width=\"1024\" height=\"664\" data-id=\"34286\" src=\"https:\/\/panoramaciudadano.com\/wp-content\/uploads\/2026\/04\/WhatsApp-Image-2026-04-29-at-7.59.31-AM-2-1024x664.jpeg\" alt=\"\" class=\"wp-image-34286\" srcset=\"https:\/\/panoramaciudadano.com\/wp-content\/uploads\/2026\/04\/WhatsApp-Image-2026-04-29-at-7.59.31-AM-2-1024x664.jpeg 1024w, https:\/\/panoramaciudadano.com\/wp-content\/uploads\/2026\/04\/WhatsApp-Image-2026-04-29-at-7.59.31-AM-2-300x194.jpeg 300w, https:\/\/panoramaciudadano.com\/wp-content\/uploads\/2026\/04\/WhatsApp-Image-2026-04-29-at-7.59.31-AM-2-768x498.jpeg 768w, https:\/\/panoramaciudadano.com\/wp-content\/uploads\/2026\/04\/WhatsApp-Image-2026-04-29-at-7.59.31-AM-2-1536x996.jpeg 1536w, https:\/\/panoramaciudadano.com\/wp-content\/uploads\/2026\/04\/WhatsApp-Image-2026-04-29-at-7.59.31-AM-2.jpeg 1600w\" sizes=\"(max-width: 1024px) 100vw, 1024px\" \/><\/figure>\n\n\n\n<figure class=\"wp-block-image size-large\"><img decoding=\"async\" width=\"1024\" height=\"641\" data-id=\"34285\" src=\"https:\/\/panoramaciudadano.com\/wp-content\/uploads\/2026\/04\/WhatsApp-Image-2026-04-29-at-7.59.31-AM-1024x641.jpeg\" alt=\"\" class=\"wp-image-34285\" srcset=\"https:\/\/panoramaciudadano.com\/wp-content\/uploads\/2026\/04\/WhatsApp-Image-2026-04-29-at-7.59.31-AM-1024x641.jpeg 1024w, https:\/\/panoramaciudadano.com\/wp-content\/uploads\/2026\/04\/WhatsApp-Image-2026-04-29-at-7.59.31-AM-300x188.jpeg 300w, https:\/\/panoramaciudadano.com\/wp-content\/uploads\/2026\/04\/WhatsApp-Image-2026-04-29-at-7.59.31-AM-768x480.jpeg 768w, https:\/\/panoramaciudadano.com\/wp-content\/uploads\/2026\/04\/WhatsApp-Image-2026-04-29-at-7.59.31-AM-1536x961.jpeg 1536w, https:\/\/panoramaciudadano.com\/wp-content\/uploads\/2026\/04\/WhatsApp-Image-2026-04-29-at-7.59.31-AM.jpeg 1600w\" sizes=\"(max-width: 1024px) 100vw, 1024px\" \/><\/figure>\n<\/figure>\n\n\n\n<p>En el marco de sus actividades legislativas, el senador por Quintana Roo, Eugenio Segura V\u00e1zquez, particip\u00f3 en la comparecencia de la gobernadora del Banco de M\u00e9xico (Banxico), Victoria Rodr\u00edguez Ceja, donde se analizaron los indicadores actuales que dan estabilidad al pa\u00eds.<\/p>\n\n\n\n<p>Durante el encuentro, el legislador resalt\u00f3 que M\u00e9xico cuenta con fundamentos econ\u00f3micos s\u00f3lidos, evidenciados por una tasa de desocupaci\u00f3n hist\u00f3ricamente baja, niveles r\u00e9cord de inversi\u00f3n extranjera directa y un sistema financiero robusto que mantiene reservas internacionales suficientes para enfrentar contingencias externas.<\/p>\n\n\n\n<p>Segura V\u00e1zquez subray\u00f3 que este panorama refleja un crecimiento con estabilidad, impulsado por una visi\u00f3n de bienestar y prosperidad compartida. Se\u00f1al\u00f3 que el manejo responsable de la pol\u00edtica monetaria y financiera ha sido clave para mejorar la calidad de vida de millones de personas, permitiendo que el desarrollo econ\u00f3mico no solo se refleje en las cifras macroecon\u00f3micas, sino que se traduzca en una realidad tangible para las familias mexicanas.<\/p>\n\n\n\n<p>El senador quintanarroense reiter\u00f3 su compromiso de seguir trabajando desde la C\u00e1mara Alta para fortalecer el marco institucional que garantiza la certidumbre econ\u00f3mica y el progreso social de la naci\u00f3n.<\/p>\n","protected":false},"excerpt":{"rendered":"<p>En el marco de sus actividades legislativas, el senador por Quintana Roo, Eugenio Segura V\u00e1zquez, particip\u00f3 en la comparecencia de la gobernadora del Banco de M\u00e9xico (Banxico), Victoria Rodr\u00edguez Ceja, donde se analizaron los indicadores actuales que dan estabilidad al pa\u00eds.<\/p>\n","protected":false},"author":1,"featured_media":34284,"comment_status":"open","ping_status":"closed","sticky":false,"template":"","format":"standard","meta":{"footnotes":""},"categories":[3],"tags":[1279],"class_list":["post-34276","post","type-post","status-publish","format-standard","has-post-thumbnail","hentry","category-nacional","tag-eugenio-segura-vazquez"],"yoast_head":"<!-- This site is optimized with the Yoast SEO plugin v27.5 - https:\/\/yoast.com\/product\/yoast-seo-wordpress\/ -->\n<title>DESTACA EUGENIO SEGURA SOLIDEZ DE LA ECONOM\u00cdA MEXICANA TRAS COMPARECENCIA DE LA GOBERNADORA DE BANXICO - Panorama Ciudadano<\/title>\n<meta name=\"robots\" content=\"index, follow, max-snippet:-1, max-image-preview:large, max-video-preview:-1\" \/>\n<link rel=\"canonical\" href=\"https:\/\/panoramaciudadano.com\/index.php\/2026\/04\/29\/destaca-eugenio-segura-solidez-de-la-economia-mexicana-tras-comparecencia-de-la-gobernadora-de-banxico\/\" \/>\n<meta property=\"og:locale\" content=\"es_ES\" \/>\n<meta property=\"og:type\" content=\"article\" \/>\n<meta property=\"og:title\" content=\"DESTACA EUGENIO SEGURA SOLIDEZ DE LA ECONOM\u00cdA MEXICANA TRAS COMPARECENCIA DE LA GOBERNADORA DE BANXICO - Panorama Ciudadano\" \/>\n<meta property=\"og:description\" content=\"En el marco de sus actividades legislativas, el senador por Quintana Roo, Eugenio Segura V\u00e1zquez, particip\u00f3 en la comparecencia de la gobernadora del Banco de M\u00e9xico (Banxico), Victoria Rodr\u00edguez Ceja, donde se analizaron los indicadores actuales que dan estabilidad al pa\u00eds.\" \/>\n<meta property=\"og:url\" content=\"https:\/\/panoramaciudadano.com\/index.php\/2026\/04\/29\/destaca-eugenio-segura-solidez-de-la-economia-mexicana-tras-comparecencia-de-la-gobernadora-de-banxico\/\" \/>\n<meta property=\"og:site_name\" content=\"Panorama Ciudadano\" \/>\n<meta property=\"article:publisher\" content=\"https:\/\/www.facebook.com\/panoramaciudadano\" \/>\n<meta property=\"article:published_time\" content=\"2026-04-29T15:10:56+00:00\" \/>\n<meta property=\"article:modified_time\" content=\"2026-04-29T15:10:58+00:00\" \/>\n<meta property=\"og:image\" content=\"https:\/\/panoramaciudadano.com\/wp-content\/uploads\/2026\/04\/WhatsApp-Image-2026-04-29-at-7.59.31-AM-1.jpeg\" \/>\n\t<meta property=\"og:image:width\" content=\"1600\" \/>\n\t<meta property=\"og:image:height\" content=\"1039\" \/>\n\t<meta property=\"og:image:type\" content=\"image\/jpeg\" \/>\n<meta name=\"author\" content=\"admin\" \/>\n<meta name=\"twitter:card\" content=\"summary_large_image\" \/>\n<meta name=\"twitter:label1\" content=\"Escrito por\" \/>\n\t<meta name=\"twitter:data1\" content=\"admin\" \/>\n\t<meta name=\"twitter:label2\" content=\"Tiempo de lectura\" \/>\n\t<meta name=\"twitter:data2\" content=\"2 minutos\" \/>\n<script type=\"application\/ld+json\" class=\"yoast-schema-graph\">{\"@context\":\"https:\\\/\\\/schema.org\",\"@graph\":[{\"@type\":\"Article\",\"@id\":\"https:\\\/\\\/panoramaciudadano.com\\\/index.php\\\/2026\\\/04\\\/29\\\/destaca-eugenio-segura-solidez-de-la-economia-mexicana-tras-comparecencia-de-la-gobernadora-de-banxico\\\/#article\",\"isPartOf\":{\"@id\":\"https:\\\/\\\/panoramaciudadano.com\\\/index.php\\\/2026\\\/04\\\/29\\\/destaca-eugenio-segura-solidez-de-la-economia-mexicana-tras-comparecencia-de-la-gobernadora-de-banxico\\\/\"},\"author\":{\"name\":\"admin\",\"@id\":\"https:\\\/\\\/panoramaciudadano.com\\\/#\\\/schema\\\/person\\\/ffe9fe8ef47d3a93977b5761fd9e0d96\"},\"headline\":\"DESTACA EUGENIO SEGURA SOLIDEZ DE LA ECONOM\u00cdA MEXICANA TRAS COMPARECENCIA DE LA GOBERNADORA DE BANXICO\",\"datePublished\":\"2026-04-29T15:10:56+00:00\",\"dateModified\":\"2026-04-29T15:10:58+00:00\",\"mainEntityOfPage\":{\"@id\":\"https:\\\/\\\/panoramaciudadano.com\\\/index.php\\\/2026\\\/04\\\/29\\\/destaca-eugenio-segura-solidez-de-la-economia-mexicana-tras-comparecencia-de-la-gobernadora-de-banxico\\\/\"},\"wordCount\":217,\"commentCount\":0,\"publisher\":{\"@id\":\"https:\\\/\\\/panoramaciudadano.com\\\/#organization\"},\"image\":{\"@id\":\"https:\\\/\\\/panoramaciudadano.com\\\/index.php\\\/2026\\\/04\\\/29\\\/destaca-eugenio-segura-solidez-de-la-economia-mexicana-tras-comparecencia-de-la-gobernadora-de-banxico\\\/#primaryimage\"},\"thumbnailUrl\":\"https:\\\/\\\/panoramaciudadano.com\\\/wp-content\\\/uploads\\\/2026\\\/04\\\/WhatsApp-Image-2026-04-29-at-7.59.31-AM-1.jpeg\",\"keywords\":[\"Eugenio Segura V\u00e1zquez\"],\"articleSection\":[\"Nacional\"],\"inLanguage\":\"es\",\"potentialAction\":[{\"@type\":\"CommentAction\",\"name\":\"Comment\",\"target\":[\"https:\\\/\\\/panoramaciudadano.com\\\/index.php\\\/2026\\\/04\\\/29\\\/destaca-eugenio-segura-solidez-de-la-economia-mexicana-tras-comparecencia-de-la-gobernadora-de-banxico\\\/#respond\"]}]},{\"@type\":\"WebPage\",\"@id\":\"https:\\\/\\\/panoramaciudadano.com\\\/index.php\\\/2026\\\/04\\\/29\\\/destaca-eugenio-segura-solidez-de-la-economia-mexicana-tras-comparecencia-de-la-gobernadora-de-banxico\\\/\",\"url\":\"https:\\\/\\\/panoramaciudadano.com\\\/index.php\\\/2026\\\/04\\\/29\\\/destaca-eugenio-segura-solidez-de-la-economia-mexicana-tras-comparecencia-de-la-gobernadora-de-banxico\\\/\",\"name\":\"DESTACA EUGENIO SEGURA SOLIDEZ DE LA ECONOM\u00cdA MEXICANA TRAS COMPARECENCIA DE LA GOBERNADORA DE BANXICO - Panorama Ciudadano\",\"isPartOf\":{\"@id\":\"https:\\\/\\\/panoramaciudadano.com\\\/#website\"},\"primaryImageOfPage\":{\"@id\":\"https:\\\/\\\/panoramaciudadano.com\\\/index.php\\\/2026\\\/04\\\/29\\\/destaca-eugenio-segura-solidez-de-la-economia-mexicana-tras-comparecencia-de-la-gobernadora-de-banxico\\\/#primaryimage\"},\"image\":{\"@id\":\"https:\\\/\\\/panoramaciudadano.com\\\/index.php\\\/2026\\\/04\\\/29\\\/destaca-eugenio-segura-solidez-de-la-economia-mexicana-tras-comparecencia-de-la-gobernadora-de-banxico\\\/#primaryimage\"},\"thumbnailUrl\":\"https:\\\/\\\/panoramaciudadano.com\\\/wp-content\\\/uploads\\\/2026\\\/04\\\/WhatsApp-Image-2026-04-29-at-7.59.31-AM-1.jpeg\",\"datePublished\":\"2026-04-29T15:10:56+00:00\",\"dateModified\":\"2026-04-29T15:10:58+00:00\",\"breadcrumb\":{\"@id\":\"https:\\\/\\\/panoramaciudadano.com\\\/index.php\\\/2026\\\/04\\\/29\\\/destaca-eugenio-segura-solidez-de-la-economia-mexicana-tras-comparecencia-de-la-gobernadora-de-banxico\\\/#breadcrumb\"},\"inLanguage\":\"es\",\"potentialAction\":[{\"@type\":\"ReadAction\",\"target\":[\"https:\\\/\\\/panoramaciudadano.com\\\/index.php\\\/2026\\\/04\\\/29\\\/destaca-eugenio-segura-solidez-de-la-economia-mexicana-tras-comparecencia-de-la-gobernadora-de-banxico\\\/\"]}]},{\"@type\":\"ImageObject\",\"inLanguage\":\"es\",\"@id\":\"https:\\\/\\\/panoramaciudadano.com\\\/index.php\\\/2026\\\/04\\\/29\\\/destaca-eugenio-segura-solidez-de-la-economia-mexicana-tras-comparecencia-de-la-gobernadora-de-banxico\\\/#primaryimage\",\"url\":\"https:\\\/\\\/panoramaciudadano.com\\\/wp-content\\\/uploads\\\/2026\\\/04\\\/WhatsApp-Image-2026-04-29-at-7.59.31-AM-1.jpeg\",\"contentUrl\":\"https:\\\/\\\/panoramaciudadano.com\\\/wp-content\\\/uploads\\\/2026\\\/04\\\/WhatsApp-Image-2026-04-29-at-7.59.31-AM-1.jpeg\",\"width\":1600,\"height\":1039},{\"@type\":\"BreadcrumbList\",\"@id\":\"https:\\\/\\\/panoramaciudadano.com\\\/index.php\\\/2026\\\/04\\\/29\\\/destaca-eugenio-segura-solidez-de-la-economia-mexicana-tras-comparecencia-de-la-gobernadora-de-banxico\\\/#breadcrumb\",\"itemListElement\":[{\"@type\":\"ListItem\",\"position\":1,\"name\":\"Portada\",\"item\":\"https:\\\/\\\/panoramaciudadano.com\\\/\"},{\"@type\":\"ListItem\",\"position\":2,\"name\":\"DESTACA EUGENIO SEGURA SOLIDEZ DE LA ECONOM\u00cdA MEXICANA TRAS COMPARECENCIA DE LA GOBERNADORA DE BANXICO\"}]},{\"@type\":\"WebSite\",\"@id\":\"https:\\\/\\\/panoramaciudadano.com\\\/#website\",\"url\":\"https:\\\/\\\/panoramaciudadano.com\\\/\",\"name\":\"Panorama Ciudadano\",\"description\":\"\",\"publisher\":{\"@id\":\"https:\\\/\\\/panoramaciudadano.com\\\/#organization\"},\"potentialAction\":[{\"@type\":\"SearchAction\",\"target\":{\"@type\":\"EntryPoint\",\"urlTemplate\":\"https:\\\/\\\/panoramaciudadano.com\\\/?s={search_term_string}\"},\"query-input\":{\"@type\":\"PropertyValueSpecification\",\"valueRequired\":true,\"valueName\":\"search_term_string\"}}],\"inLanguage\":\"es\"},{\"@type\":\"Organization\",\"@id\":\"https:\\\/\\\/panoramaciudadano.com\\\/#organization\",\"name\":\"Panorama Ciudadano\",\"url\":\"https:\\\/\\\/panoramaciudadano.com\\\/\",\"logo\":{\"@type\":\"ImageObject\",\"inLanguage\":\"es\",\"@id\":\"https:\\\/\\\/panoramaciudadano.com\\\/#\\\/schema\\\/logo\\\/image\\\/\",\"url\":\"https:\\\/\\\/panoramaciudadano.com\\\/wp-content\\\/uploads\\\/2024\\\/05\\\/401498640_919267042938564_6290593609399108733_n.jpg\",\"contentUrl\":\"https:\\\/\\\/panoramaciudadano.com\\\/wp-content\\\/uploads\\\/2024\\\/05\\\/401498640_919267042938564_6290593609399108733_n.jpg\",\"width\":960,\"height\":957,\"caption\":\"Panorama Ciudadano\"},\"image\":{\"@id\":\"https:\\\/\\\/panoramaciudadano.com\\\/#\\\/schema\\\/logo\\\/image\\\/\"},\"sameAs\":[\"https:\\\/\\\/www.facebook.com\\\/panoramaciudadano\"]},{\"@type\":\"Person\",\"@id\":\"https:\\\/\\\/panoramaciudadano.com\\\/#\\\/schema\\\/person\\\/ffe9fe8ef47d3a93977b5761fd9e0d96\",\"name\":\"admin\",\"image\":{\"@type\":\"ImageObject\",\"inLanguage\":\"es\",\"@id\":\"https:\\\/\\\/secure.gravatar.com\\\/avatar\\\/2d5a12cacce3f18096f25fadea8abb7202fef18ed669595589853e84260ff451?s=96&d=mm&r=g\",\"url\":\"https:\\\/\\\/secure.gravatar.com\\\/avatar\\\/2d5a12cacce3f18096f25fadea8abb7202fef18ed669595589853e84260ff451?s=96&d=mm&r=g\",\"contentUrl\":\"https:\\\/\\\/secure.gravatar.com\\\/avatar\\\/2d5a12cacce3f18096f25fadea8abb7202fef18ed669595589853e84260ff451?s=96&d=mm&r=g\",\"caption\":\"admin\"},\"sameAs\":[\"https:\\\/\\\/panoramaciudadano.com\"],\"url\":\"https:\\\/\\\/panoramaciudadano.com\\\/index.php\\\/author\\\/admin_3q6hyqq3\\\/\"}]}<\/script>\n<!-- \/ Yoast SEO plugin. -->","yoast_head_json":{"title":"DESTACA EUGENIO SEGURA SOLIDEZ DE LA ECONOM\u00cdA MEXICANA TRAS COMPARECENCIA DE LA GOBERNADORA DE BANXICO - Panorama Ciudadano","robots":{"index":"index","follow":"follow","max-snippet":"max-snippet:-1","max-image-preview":"max-image-preview:large","max-video-preview":"max-video-preview:-1"},"canonical":"https:\/\/panoramaciudadano.com\/index.php\/2026\/04\/29\/destaca-eugenio-segura-solidez-de-la-economia-mexicana-tras-comparecencia-de-la-gobernadora-de-banxico\/","og_locale":"es_ES","og_type":"article","og_title":"DESTACA EUGENIO SEGURA SOLIDEZ DE LA ECONOM\u00cdA MEXICANA TRAS COMPARECENCIA DE LA GOBERNADORA DE BANXICO - Panorama Ciudadano","og_description":"En el marco de sus actividades legislativas, el senador por Quintana Roo, Eugenio Segura V\u00e1zquez, particip\u00f3 en la comparecencia de la gobernadora del Banco de M\u00e9xico (Banxico), Victoria Rodr\u00edguez Ceja, donde se analizaron los indicadores actuales que dan estabilidad al pa\u00eds.","og_url":"https:\/\/panoramaciudadano.com\/index.php\/2026\/04\/29\/destaca-eugenio-segura-solidez-de-la-economia-mexicana-tras-comparecencia-de-la-gobernadora-de-banxico\/","og_site_name":"Panorama Ciudadano","article_publisher":"https:\/\/www.facebook.com\/panoramaciudadano","article_published_time":"2026-04-29T15:10:56+00:00","article_modified_time":"2026-04-29T15:10:58+00:00","og_image":[{"width":1600,"height":1039,"url":"https:\/\/panoramaciudadano.com\/wp-content\/uploads\/2026\/04\/WhatsApp-Image-2026-04-29-at-7.59.31-AM-1.jpeg","type":"image\/jpeg"}],"author":"admin","twitter_card":"summary_large_image","twitter_misc":{"Escrito por":"admin","Tiempo de lectura":"2 minutos"},"schema":{"@context":"https:\/\/schema.org","@graph":[{"@type":"Article","@id":"https:\/\/panoramaciudadano.com\/index.php\/2026\/04\/29\/destaca-eugenio-segura-solidez-de-la-economia-mexicana-tras-comparecencia-de-la-gobernadora-de-banxico\/#article","isPartOf":{"@id":"https:\/\/panoramaciudadano.com\/index.php\/2026\/04\/29\/destaca-eugenio-segura-solidez-de-la-economia-mexicana-tras-comparecencia-de-la-gobernadora-de-banxico\/"},"author":{"name":"admin","@id":"https:\/\/panoramaciudadano.com\/#\/schema\/person\/ffe9fe8ef47d3a93977b5761fd9e0d96"},"headline":"DESTACA EUGENIO SEGURA SOLIDEZ DE LA ECONOM\u00cdA MEXICANA TRAS COMPARECENCIA DE LA GOBERNADORA DE BANXICO","datePublished":"2026-04-29T15:10:56+00:00","dateModified":"2026-04-29T15:10:58+00:00","mainEntityOfPage":{"@id":"https:\/\/panoramaciudadano.com\/index.php\/2026\/04\/29\/destaca-eugenio-segura-solidez-de-la-economia-mexicana-tras-comparecencia-de-la-gobernadora-de-banxico\/"},"wordCount":217,"commentCount":0,"publisher":{"@id":"https:\/\/panoramaciudadano.com\/#organization"},"image":{"@id":"https:\/\/panoramaciudadano.com\/index.php\/2026\/04\/29\/destaca-eugenio-segura-solidez-de-la-economia-mexicana-tras-comparecencia-de-la-gobernadora-de-banxico\/#primaryimage"},"thumbnailUrl":"https:\/\/panoramaciudadano.com\/wp-content\/uploads\/2026\/04\/WhatsApp-Image-2026-04-29-at-7.59.31-AM-1.jpeg","keywords":["Eugenio Segura V\u00e1zquez"],"articleSection":["Nacional"],"inLanguage":"es","potentialAction":[{"@type":"CommentAction","name":"Comment","target":["https:\/\/panoramaciudadano.com\/index.php\/2026\/04\/29\/destaca-eugenio-segura-solidez-de-la-economia-mexicana-tras-comparecencia-de-la-gobernadora-de-banxico\/#respond"]}]},{"@type":"WebPage","@id":"https:\/\/panoramaciudadano.com\/index.php\/2026\/04\/29\/destaca-eugenio-segura-solidez-de-la-economia-mexicana-tras-comparecencia-de-la-gobernadora-de-banxico\/","url":"https:\/\/panoramaciudadano.com\/index.php\/2026\/04\/29\/destaca-eugenio-segura-solidez-de-la-economia-mexicana-tras-comparecencia-de-la-gobernadora-de-banxico\/","name":"DESTACA EUGENIO SEGURA SOLIDEZ DE LA ECONOM\u00cdA MEXICANA TRAS COMPARECENCIA DE LA GOBERNADORA DE BANXICO - Panorama Ciudadano","isPartOf":{"@id":"https:\/\/panoramaciudadano.com\/#website"},"primaryImageOfPage":{"@id":"https:\/\/panoramaciudadano.com\/index.php\/2026\/04\/29\/destaca-eugenio-segura-solidez-de-la-economia-mexicana-tras-comparecencia-de-la-gobernadora-de-banxico\/#primaryimage"},"image":{"@id":"https:\/\/panoramaciudadano.com\/index.php\/2026\/04\/29\/destaca-eugenio-segura-solidez-de-la-economia-mexicana-tras-comparecencia-de-la-gobernadora-de-banxico\/#primaryimage"},"thumbnailUrl":"https:\/\/panoramaciudadano.com\/wp-content\/uploads\/2026\/04\/WhatsApp-Image-2026-04-29-at-7.59.31-AM-1.jpeg","datePublished":"2026-04-29T15:10:56+00:00","dateModified":"2026-04-29T15:10:58+00:00","breadcrumb":{"@id":"https:\/\/panoramaciudadano.com\/index.php\/2026\/04\/29\/destaca-eugenio-segura-solidez-de-la-economia-mexicana-tras-comparecencia-de-la-gobernadora-de-banxico\/#breadcrumb"},"inLanguage":"es","potentialAction":[{"@type":"ReadAction","target":["https:\/\/panoramaciudadano.com\/index.php\/2026\/04\/29\/destaca-eugenio-segura-solidez-de-la-economia-mexicana-tras-comparecencia-de-la-gobernadora-de-banxico\/"]}]},{"@type":"ImageObject","inLanguage":"es","@id":"https:\/\/panoramaciudadano.com\/index.php\/2026\/04\/29\/destaca-eugenio-segura-solidez-de-la-economia-mexicana-tras-comparecencia-de-la-gobernadora-de-banxico\/#primaryimage","url":"https:\/\/panoramaciudadano.com\/wp-content\/uploads\/2026\/04\/WhatsApp-Image-2026-04-29-at-7.59.31-AM-1.jpeg","contentUrl":"https:\/\/panoramaciudadano.com\/wp-content\/uploads\/2026\/04\/WhatsApp-Image-2026-04-29-at-7.59.31-AM-1.jpeg","width":1600,"height":1039},{"@type":"BreadcrumbList","@id":"https:\/\/panoramaciudadano.com\/index.php\/2026\/04\/29\/destaca-eugenio-segura-solidez-de-la-economia-mexicana-tras-comparecencia-de-la-gobernadora-de-banxico\/#breadcrumb","itemListElement":[{"@type":"ListItem","position":1,"name":"Portada","item":"https:\/\/panoramaciudadano.com\/"},{"@type":"ListItem","position":2,"name":"DESTACA EUGENIO SEGURA SOLIDEZ DE LA ECONOM\u00cdA MEXICANA TRAS COMPARECENCIA DE LA GOBERNADORA DE BANXICO"}]},{"@type":"WebSite","@id":"https:\/\/panoramaciudadano.com\/#website","url":"https:\/\/panoramaciudadano.com\/","name":"Panorama Ciudadano","description":"","publisher":{"@id":"https:\/\/panoramaciudadano.com\/#organization"},"potentialAction":[{"@type":"SearchAction","target":{"@type":"EntryPoint","urlTemplate":"https:\/\/panoramaciudadano.com\/?s={search_term_string}"},"query-input":{"@type":"PropertyValueSpecification","valueRequired":true,"valueName":"search_term_string"}}],"inLanguage":"es"},{"@type":"Organization","@id":"https:\/\/panoramaciudadano.com\/#organization","name":"Panorama Ciudadano","url":"https:\/\/panoramaciudadano.com\/","logo":{"@type":"ImageObject","inLanguage":"es","@id":"https:\/\/panoramaciudadano.com\/#\/schema\/logo\/image\/","url":"https:\/\/panoramaciudadano.com\/wp-content\/uploads\/2024\/05\/401498640_919267042938564_6290593609399108733_n.jpg","contentUrl":"https:\/\/panoramaciudadano.com\/wp-content\/uploads\/2024\/05\/401498640_919267042938564_6290593609399108733_n.jpg","width":960,"height":957,"caption":"Panorama Ciudadano"},"image":{"@id":"https:\/\/panoramaciudadano.com\/#\/schema\/logo\/image\/"},"sameAs":["https:\/\/www.facebook.com\/panoramaciudadano"]},{"@type":"Person","@id":"https:\/\/panoramaciudadano.com\/#\/schema\/person\/ffe9fe8ef47d3a93977b5761fd9e0d96","name":"admin","image":{"@type":"ImageObject","inLanguage":"es","@id":"https:\/\/secure.gravatar.com\/avatar\/2d5a12cacce3f18096f25fadea8abb7202fef18ed669595589853e84260ff451?s=96&d=mm&r=g","url":"https:\/\/secure.gravatar.com\/avatar\/2d5a12cacce3f18096f25fadea8abb7202fef18ed669595589853e84260ff451?s=96&d=mm&r=g","contentUrl":"https:\/\/secure.gravatar.com\/avatar\/2d5a12cacce3f18096f25fadea8abb7202fef18ed669595589853e84260ff451?s=96&d=mm&r=g","caption":"admin"},"sameAs":["https:\/\/panoramaciudadano.com"],"url":"https:\/\/panoramaciudadano.com\/index.php\/author\/admin_3q6hyqq3\/"}]}},"_links":{"self":[{"href":"https:\/\/panoramaciudadano.com\/index.php\/wp-json\/wp\/v2\/posts\/34276","targetHints":{"allow":["GET"]}}],"collection":[{"href":"https:\/\/panoramaciudadano.com\/index.php\/wp-json\/wp\/v2\/posts"}],"about":[{"href":"https:\/\/panoramaciudadano.com\/index.php\/wp-json\/wp\/v2\/types\/post"}],"author":[{"embeddable":true,"href":"https:\/\/panoramaciudadano.com\/index.php\/wp-json\/wp\/v2\/users\/1"}],"replies":[{"embeddable":true,"href":"https:\/\/panoramaciudadano.com\/index.php\/wp-json\/wp\/v2\/comments?post=34276"}],"version-history":[{"count":1,"href":"https:\/\/panoramaciudadano.com\/index.php\/wp-json\/wp\/v2\/posts\/34276\/revisions"}],"predecessor-version":[{"id":34290,"href":"https:\/\/panoramaciudadano.com\/index.php\/wp-json\/wp\/v2\/posts\/34276\/revisions\/34290"}],"wp:featuredmedia":[{"embeddable":true,"href":"https:\/\/panoramaciudadano.com\/index.php\/wp-json\/wp\/v2\/media\/34284"}],"wp:attachment":[{"href":"https:\/\/panoramaciudadano.com\/index.php\/wp-json\/wp\/v2\/media?parent=34276"}],"wp:term":[{"taxonomy":"category","embeddable":true,"href":"https:\/\/panoramaciudadano.com\/index.php\/wp-json\/wp\/v2\/categories?post=34276"},{"taxonomy":"post_tag","embeddable":true,"href":"https:\/\/panoramaciudadano.com\/index.php\/wp-json\/wp\/v2\/tags?post=34276"}],"curies":[{"name":"wp","href":"https:\/\/api.w.org\/{rel}","templated":true}]}}