{"id":34283,"date":"2026-04-29T10:11:26","date_gmt":"2026-04-29T15:11:26","guid":{"rendered":"https:\/\/panoramaciudadano.com\/?p=34283"},"modified":"2026-04-29T10:11:28","modified_gmt":"2026-04-29T15:11:28","slug":"acapulco-refuerza-su-identidad-impi-entrega-8-registros-de-marca-al-destino","status":"publish","type":"post","link":"https:\/\/panoramaciudadano.com\/index.php\/2026\/04\/29\/acapulco-refuerza-su-identidad-impi-entrega-8-registros-de-marca-al-destino\/","title":{"rendered":"Acapulco refuerza su identidad: IMPI entrega 8 registros de marca al destino"},"content":{"rendered":"\n<figure class=\"wp-block-gallery has-nested-images columns-default is-cropped wp-block-gallery-1 is-layout-flex wp-block-gallery-is-layout-flex\">\n<figure class=\"wp-block-image size-large\"><img decoding=\"async\" width=\"853\" height=\"569\" data-id=\"34289\" src=\"https:\/\/panoramaciudadano.com\/wp-content\/uploads\/2026\/04\/WhatsApp-Image-2026-04-29-at-8.05.36-AM-2.jpeg\" alt=\"\" class=\"wp-image-34289\" srcset=\"https:\/\/panoramaciudadano.com\/wp-content\/uploads\/2026\/04\/WhatsApp-Image-2026-04-29-at-8.05.36-AM-2.jpeg 853w, https:\/\/panoramaciudadano.com\/wp-content\/uploads\/2026\/04\/WhatsApp-Image-2026-04-29-at-8.05.36-AM-2-300x200.jpeg 300w, https:\/\/panoramaciudadano.com\/wp-content\/uploads\/2026\/04\/WhatsApp-Image-2026-04-29-at-8.05.36-AM-2-768x512.jpeg 768w\" sizes=\"(max-width: 853px) 100vw, 853px\" \/><\/figure>\n\n\n\n<figure class=\"wp-block-image size-large\"><img decoding=\"async\" width=\"853\" height=\"569\" data-id=\"34288\" src=\"https:\/\/panoramaciudadano.com\/wp-content\/uploads\/2026\/04\/WhatsApp-Image-2026-04-29-at-8.05.36-AM.jpeg\" alt=\"\" class=\"wp-image-34288\" srcset=\"https:\/\/panoramaciudadano.com\/wp-content\/uploads\/2026\/04\/WhatsApp-Image-2026-04-29-at-8.05.36-AM.jpeg 853w, https:\/\/panoramaciudadano.com\/wp-content\/uploads\/2026\/04\/WhatsApp-Image-2026-04-29-at-8.05.36-AM-300x200.jpeg 300w, https:\/\/panoramaciudadano.com\/wp-content\/uploads\/2026\/04\/WhatsApp-Image-2026-04-29-at-8.05.36-AM-768x512.jpeg 768w\" sizes=\"(max-width: 853px) 100vw, 853px\" \/><\/figure>\n<\/figure>\n\n\n\n<p>El puerto de Acapulco dio un paso importante para proteger su nombre y fortalecer su promoci\u00f3n tur\u00edstica. Durante la edici\u00f3n 50 del Tianguis Tur\u00edstico M\u00e9xico 2026, el Instituto Mexicano de la Propiedad Industrial (IMPI), encabezado por Santiago Nieto Castillo, entreg\u00f3 ocho certificados de registro de marca vinculados a \u201cAcapulco\u201d.<\/p>\n\n\n\n<p>La gobernadora Evelyn Salgado Pineda recibi\u00f3 los documentos junto al secretario de Turismo estatal y el titular de Fidetur, Manuel Negrete. Con esta acci\u00f3n, se busca dar certeza jur\u00eddica y blindar la identidad de uno de los destinos m\u00e1s emblem\u00e1ticos del mundo.<\/p>\n\n\n\n<p>La gobernadora destac\u00f3 que contar con estas variantes de la marca permitir\u00e1 impulsar estrategias de promoci\u00f3n bajo un marco legal, defendiendo el nombre de Acapulco y potenciando su valor como activo econ\u00f3mico para Guerrero.<\/p>\n\n\n\n<p>Con este respaldo, el Gobierno de Guerrero y el IMPI aseguran que el uso de la marca se traduzca en beneficios directos para la gente, generando confianza en inversionistas y proyectando una imagen s\u00f3lida y profesional del destino.<\/p>\n","protected":false},"excerpt":{"rendered":"<p>El puerto de Acapulco dio un paso importante para proteger su nombre y fortalecer su promoci\u00f3n tur\u00edstica. Durante la edici\u00f3n 50 del Tianguis Tur\u00edstico M\u00e9xico 2026, el Instituto Mexicano de la Propiedad Industrial (IMPI), encabezado por Santiago Nieto Castillo, entreg\u00f3 ocho certificados de registro de marca vinculados a \u201cAcapulco\u201d.<\/p>\n","protected":false},"author":1,"featured_media":34287,"comment_status":"open","ping_status":"closed","sticky":false,"template":"","format":"standard","meta":{"footnotes":""},"categories":[3],"tags":[3010],"class_list":["post-34283","post","type-post","status-publish","format-standard","has-post-thumbnail","hentry","category-nacional","tag-tianguis-turistico-mexico-2026"],"yoast_head":"<!-- This site is optimized with the Yoast SEO plugin v27.5 - https:\/\/yoast.com\/product\/yoast-seo-wordpress\/ -->\n<title>Acapulco refuerza su identidad: IMPI entrega 8 registros de marca al destino - Panorama Ciudadano<\/title>\n<meta name=\"robots\" content=\"index, follow, max-snippet:-1, max-image-preview:large, max-video-preview:-1\" \/>\n<link rel=\"canonical\" href=\"https:\/\/panoramaciudadano.com\/index.php\/2026\/04\/29\/acapulco-refuerza-su-identidad-impi-entrega-8-registros-de-marca-al-destino\/\" \/>\n<meta property=\"og:locale\" content=\"es_ES\" \/>\n<meta property=\"og:type\" content=\"article\" \/>\n<meta property=\"og:title\" content=\"Acapulco refuerza su identidad: IMPI entrega 8 registros de marca al destino - Panorama Ciudadano\" \/>\n<meta property=\"og:description\" content=\"El puerto de Acapulco dio un paso importante para proteger su nombre y fortalecer su promoci\u00f3n tur\u00edstica. Durante la edici\u00f3n 50 del Tianguis Tur\u00edstico M\u00e9xico 2026, el Instituto Mexicano de la Propiedad Industrial (IMPI), encabezado por Santiago Nieto Castillo, entreg\u00f3 ocho certificados de registro de marca vinculados a \u201cAcapulco\u201d.\" \/>\n<meta property=\"og:url\" content=\"https:\/\/panoramaciudadano.com\/index.php\/2026\/04\/29\/acapulco-refuerza-su-identidad-impi-entrega-8-registros-de-marca-al-destino\/\" \/>\n<meta property=\"og:site_name\" content=\"Panorama Ciudadano\" \/>\n<meta property=\"article:publisher\" content=\"https:\/\/www.facebook.com\/panoramaciudadano\" \/>\n<meta property=\"article:published_time\" content=\"2026-04-29T15:11:26+00:00\" \/>\n<meta property=\"article:modified_time\" content=\"2026-04-29T15:11:28+00:00\" \/>\n<meta property=\"og:image\" content=\"https:\/\/panoramaciudadano.com\/wp-content\/uploads\/2026\/04\/WhatsApp-Image-2026-04-29-at-8.05.36-AM-1.jpeg\" \/>\n\t<meta property=\"og:image:width\" content=\"853\" \/>\n\t<meta property=\"og:image:height\" content=\"569\" \/>\n\t<meta property=\"og:image:type\" content=\"image\/jpeg\" \/>\n<meta name=\"author\" content=\"admin\" \/>\n<meta name=\"twitter:card\" content=\"summary_large_image\" \/>\n<meta name=\"twitter:label1\" content=\"Escrito por\" \/>\n\t<meta name=\"twitter:data1\" content=\"admin\" \/>\n\t<meta name=\"twitter:label2\" content=\"Tiempo de lectura\" \/>\n\t<meta name=\"twitter:data2\" content=\"2 minutos\" \/>\n<script type=\"application\/ld+json\" class=\"yoast-schema-graph\">{\"@context\":\"https:\\\/\\\/schema.org\",\"@graph\":[{\"@type\":\"Article\",\"@id\":\"https:\\\/\\\/panoramaciudadano.com\\\/index.php\\\/2026\\\/04\\\/29\\\/acapulco-refuerza-su-identidad-impi-entrega-8-registros-de-marca-al-destino\\\/#article\",\"isPartOf\":{\"@id\":\"https:\\\/\\\/panoramaciudadano.com\\\/index.php\\\/2026\\\/04\\\/29\\\/acapulco-refuerza-su-identidad-impi-entrega-8-registros-de-marca-al-destino\\\/\"},\"author\":{\"name\":\"admin\",\"@id\":\"https:\\\/\\\/panoramaciudadano.com\\\/#\\\/schema\\\/person\\\/ffe9fe8ef47d3a93977b5761fd9e0d96\"},\"headline\":\"Acapulco refuerza su identidad: IMPI entrega 8 registros de marca al destino\",\"datePublished\":\"2026-04-29T15:11:26+00:00\",\"dateModified\":\"2026-04-29T15:11:28+00:00\",\"mainEntityOfPage\":{\"@id\":\"https:\\\/\\\/panoramaciudadano.com\\\/index.php\\\/2026\\\/04\\\/29\\\/acapulco-refuerza-su-identidad-impi-entrega-8-registros-de-marca-al-destino\\\/\"},\"wordCount\":184,\"commentCount\":0,\"publisher\":{\"@id\":\"https:\\\/\\\/panoramaciudadano.com\\\/#organization\"},\"image\":{\"@id\":\"https:\\\/\\\/panoramaciudadano.com\\\/index.php\\\/2026\\\/04\\\/29\\\/acapulco-refuerza-su-identidad-impi-entrega-8-registros-de-marca-al-destino\\\/#primaryimage\"},\"thumbnailUrl\":\"https:\\\/\\\/panoramaciudadano.com\\\/wp-content\\\/uploads\\\/2026\\\/04\\\/WhatsApp-Image-2026-04-29-at-8.05.36-AM-1.jpeg\",\"keywords\":[\"Tianguis Tur\u00edstico M\u00e9xico 2026\"],\"articleSection\":[\"Nacional\"],\"inLanguage\":\"es\",\"potentialAction\":[{\"@type\":\"CommentAction\",\"name\":\"Comment\",\"target\":[\"https:\\\/\\\/panoramaciudadano.com\\\/index.php\\\/2026\\\/04\\\/29\\\/acapulco-refuerza-su-identidad-impi-entrega-8-registros-de-marca-al-destino\\\/#respond\"]}]},{\"@type\":\"WebPage\",\"@id\":\"https:\\\/\\\/panoramaciudadano.com\\\/index.php\\\/2026\\\/04\\\/29\\\/acapulco-refuerza-su-identidad-impi-entrega-8-registros-de-marca-al-destino\\\/\",\"url\":\"https:\\\/\\\/panoramaciudadano.com\\\/index.php\\\/2026\\\/04\\\/29\\\/acapulco-refuerza-su-identidad-impi-entrega-8-registros-de-marca-al-destino\\\/\",\"name\":\"Acapulco refuerza su identidad: IMPI entrega 8 registros de marca al destino - Panorama Ciudadano\",\"isPartOf\":{\"@id\":\"https:\\\/\\\/panoramaciudadano.com\\\/#website\"},\"primaryImageOfPage\":{\"@id\":\"https:\\\/\\\/panoramaciudadano.com\\\/index.php\\\/2026\\\/04\\\/29\\\/acapulco-refuerza-su-identidad-impi-entrega-8-registros-de-marca-al-destino\\\/#primaryimage\"},\"image\":{\"@id\":\"https:\\\/\\\/panoramaciudadano.com\\\/index.php\\\/2026\\\/04\\\/29\\\/acapulco-refuerza-su-identidad-impi-entrega-8-registros-de-marca-al-destino\\\/#primaryimage\"},\"thumbnailUrl\":\"https:\\\/\\\/panoramaciudadano.com\\\/wp-content\\\/uploads\\\/2026\\\/04\\\/WhatsApp-Image-2026-04-29-at-8.05.36-AM-1.jpeg\",\"datePublished\":\"2026-04-29T15:11:26+00:00\",\"dateModified\":\"2026-04-29T15:11:28+00:00\",\"breadcrumb\":{\"@id\":\"https:\\\/\\\/panoramaciudadano.com\\\/index.php\\\/2026\\\/04\\\/29\\\/acapulco-refuerza-su-identidad-impi-entrega-8-registros-de-marca-al-destino\\\/#breadcrumb\"},\"inLanguage\":\"es\",\"potentialAction\":[{\"@type\":\"ReadAction\",\"target\":[\"https:\\\/\\\/panoramaciudadano.com\\\/index.php\\\/2026\\\/04\\\/29\\\/acapulco-refuerza-su-identidad-impi-entrega-8-registros-de-marca-al-destino\\\/\"]}]},{\"@type\":\"ImageObject\",\"inLanguage\":\"es\",\"@id\":\"https:\\\/\\\/panoramaciudadano.com\\\/index.php\\\/2026\\\/04\\\/29\\\/acapulco-refuerza-su-identidad-impi-entrega-8-registros-de-marca-al-destino\\\/#primaryimage\",\"url\":\"https:\\\/\\\/panoramaciudadano.com\\\/wp-content\\\/uploads\\\/2026\\\/04\\\/WhatsApp-Image-2026-04-29-at-8.05.36-AM-1.jpeg\",\"contentUrl\":\"https:\\\/\\\/panoramaciudadano.com\\\/wp-content\\\/uploads\\\/2026\\\/04\\\/WhatsApp-Image-2026-04-29-at-8.05.36-AM-1.jpeg\",\"width\":853,\"height\":569},{\"@type\":\"BreadcrumbList\",\"@id\":\"https:\\\/\\\/panoramaciudadano.com\\\/index.php\\\/2026\\\/04\\\/29\\\/acapulco-refuerza-su-identidad-impi-entrega-8-registros-de-marca-al-destino\\\/#breadcrumb\",\"itemListElement\":[{\"@type\":\"ListItem\",\"position\":1,\"name\":\"Portada\",\"item\":\"https:\\\/\\\/panoramaciudadano.com\\\/\"},{\"@type\":\"ListItem\",\"position\":2,\"name\":\"Acapulco refuerza su identidad: IMPI entrega 8 registros de marca al destino\"}]},{\"@type\":\"WebSite\",\"@id\":\"https:\\\/\\\/panoramaciudadano.com\\\/#website\",\"url\":\"https:\\\/\\\/panoramaciudadano.com\\\/\",\"name\":\"Panorama Ciudadano\",\"description\":\"\",\"publisher\":{\"@id\":\"https:\\\/\\\/panoramaciudadano.com\\\/#organization\"},\"potentialAction\":[{\"@type\":\"SearchAction\",\"target\":{\"@type\":\"EntryPoint\",\"urlTemplate\":\"https:\\\/\\\/panoramaciudadano.com\\\/?s={search_term_string}\"},\"query-input\":{\"@type\":\"PropertyValueSpecification\",\"valueRequired\":true,\"valueName\":\"search_term_string\"}}],\"inLanguage\":\"es\"},{\"@type\":\"Organization\",\"@id\":\"https:\\\/\\\/panoramaciudadano.com\\\/#organization\",\"name\":\"Panorama Ciudadano\",\"url\":\"https:\\\/\\\/panoramaciudadano.com\\\/\",\"logo\":{\"@type\":\"ImageObject\",\"inLanguage\":\"es\",\"@id\":\"https:\\\/\\\/panoramaciudadano.com\\\/#\\\/schema\\\/logo\\\/image\\\/\",\"url\":\"https:\\\/\\\/panoramaciudadano.com\\\/wp-content\\\/uploads\\\/2024\\\/05\\\/401498640_919267042938564_6290593609399108733_n.jpg\",\"contentUrl\":\"https:\\\/\\\/panoramaciudadano.com\\\/wp-content\\\/uploads\\\/2024\\\/05\\\/401498640_919267042938564_6290593609399108733_n.jpg\",\"width\":960,\"height\":957,\"caption\":\"Panorama Ciudadano\"},\"image\":{\"@id\":\"https:\\\/\\\/panoramaciudadano.com\\\/#\\\/schema\\\/logo\\\/image\\\/\"},\"sameAs\":[\"https:\\\/\\\/www.facebook.com\\\/panoramaciudadano\"]},{\"@type\":\"Person\",\"@id\":\"https:\\\/\\\/panoramaciudadano.com\\\/#\\\/schema\\\/person\\\/ffe9fe8ef47d3a93977b5761fd9e0d96\",\"name\":\"admin\",\"image\":{\"@type\":\"ImageObject\",\"inLanguage\":\"es\",\"@id\":\"https:\\\/\\\/secure.gravatar.com\\\/avatar\\\/2d5a12cacce3f18096f25fadea8abb7202fef18ed669595589853e84260ff451?s=96&d=mm&r=g\",\"url\":\"https:\\\/\\\/secure.gravatar.com\\\/avatar\\\/2d5a12cacce3f18096f25fadea8abb7202fef18ed669595589853e84260ff451?s=96&d=mm&r=g\",\"contentUrl\":\"https:\\\/\\\/secure.gravatar.com\\\/avatar\\\/2d5a12cacce3f18096f25fadea8abb7202fef18ed669595589853e84260ff451?s=96&d=mm&r=g\",\"caption\":\"admin\"},\"sameAs\":[\"https:\\\/\\\/panoramaciudadano.com\"],\"url\":\"https:\\\/\\\/panoramaciudadano.com\\\/index.php\\\/author\\\/admin_3q6hyqq3\\\/\"}]}<\/script>\n<!-- \/ Yoast SEO plugin. -->","yoast_head_json":{"title":"Acapulco refuerza su identidad: IMPI entrega 8 registros de marca al destino - Panorama Ciudadano","robots":{"index":"index","follow":"follow","max-snippet":"max-snippet:-1","max-image-preview":"max-image-preview:large","max-video-preview":"max-video-preview:-1"},"canonical":"https:\/\/panoramaciudadano.com\/index.php\/2026\/04\/29\/acapulco-refuerza-su-identidad-impi-entrega-8-registros-de-marca-al-destino\/","og_locale":"es_ES","og_type":"article","og_title":"Acapulco refuerza su identidad: IMPI entrega 8 registros de marca al destino - Panorama Ciudadano","og_description":"El puerto de Acapulco dio un paso importante para proteger su nombre y fortalecer su promoci\u00f3n tur\u00edstica. Durante la edici\u00f3n 50 del Tianguis Tur\u00edstico M\u00e9xico 2026, el Instituto Mexicano de la Propiedad Industrial (IMPI), encabezado por Santiago Nieto Castillo, entreg\u00f3 ocho certificados de registro de marca vinculados a \u201cAcapulco\u201d.","og_url":"https:\/\/panoramaciudadano.com\/index.php\/2026\/04\/29\/acapulco-refuerza-su-identidad-impi-entrega-8-registros-de-marca-al-destino\/","og_site_name":"Panorama Ciudadano","article_publisher":"https:\/\/www.facebook.com\/panoramaciudadano","article_published_time":"2026-04-29T15:11:26+00:00","article_modified_time":"2026-04-29T15:11:28+00:00","og_image":[{"width":853,"height":569,"url":"https:\/\/panoramaciudadano.com\/wp-content\/uploads\/2026\/04\/WhatsApp-Image-2026-04-29-at-8.05.36-AM-1.jpeg","type":"image\/jpeg"}],"author":"admin","twitter_card":"summary_large_image","twitter_misc":{"Escrito por":"admin","Tiempo de lectura":"2 minutos"},"schema":{"@context":"https:\/\/schema.org","@graph":[{"@type":"Article","@id":"https:\/\/panoramaciudadano.com\/index.php\/2026\/04\/29\/acapulco-refuerza-su-identidad-impi-entrega-8-registros-de-marca-al-destino\/#article","isPartOf":{"@id":"https:\/\/panoramaciudadano.com\/index.php\/2026\/04\/29\/acapulco-refuerza-su-identidad-impi-entrega-8-registros-de-marca-al-destino\/"},"author":{"name":"admin","@id":"https:\/\/panoramaciudadano.com\/#\/schema\/person\/ffe9fe8ef47d3a93977b5761fd9e0d96"},"headline":"Acapulco refuerza su identidad: IMPI entrega 8 registros de marca al destino","datePublished":"2026-04-29T15:11:26+00:00","dateModified":"2026-04-29T15:11:28+00:00","mainEntityOfPage":{"@id":"https:\/\/panoramaciudadano.com\/index.php\/2026\/04\/29\/acapulco-refuerza-su-identidad-impi-entrega-8-registros-de-marca-al-destino\/"},"wordCount":184,"commentCount":0,"publisher":{"@id":"https:\/\/panoramaciudadano.com\/#organization"},"image":{"@id":"https:\/\/panoramaciudadano.com\/index.php\/2026\/04\/29\/acapulco-refuerza-su-identidad-impi-entrega-8-registros-de-marca-al-destino\/#primaryimage"},"thumbnailUrl":"https:\/\/panoramaciudadano.com\/wp-content\/uploads\/2026\/04\/WhatsApp-Image-2026-04-29-at-8.05.36-AM-1.jpeg","keywords":["Tianguis Tur\u00edstico M\u00e9xico 2026"],"articleSection":["Nacional"],"inLanguage":"es","potentialAction":[{"@type":"CommentAction","name":"Comment","target":["https:\/\/panoramaciudadano.com\/index.php\/2026\/04\/29\/acapulco-refuerza-su-identidad-impi-entrega-8-registros-de-marca-al-destino\/#respond"]}]},{"@type":"WebPage","@id":"https:\/\/panoramaciudadano.com\/index.php\/2026\/04\/29\/acapulco-refuerza-su-identidad-impi-entrega-8-registros-de-marca-al-destino\/","url":"https:\/\/panoramaciudadano.com\/index.php\/2026\/04\/29\/acapulco-refuerza-su-identidad-impi-entrega-8-registros-de-marca-al-destino\/","name":"Acapulco refuerza su identidad: IMPI entrega 8 registros de marca al destino - Panorama Ciudadano","isPartOf":{"@id":"https:\/\/panoramaciudadano.com\/#website"},"primaryImageOfPage":{"@id":"https:\/\/panoramaciudadano.com\/index.php\/2026\/04\/29\/acapulco-refuerza-su-identidad-impi-entrega-8-registros-de-marca-al-destino\/#primaryimage"},"image":{"@id":"https:\/\/panoramaciudadano.com\/index.php\/2026\/04\/29\/acapulco-refuerza-su-identidad-impi-entrega-8-registros-de-marca-al-destino\/#primaryimage"},"thumbnailUrl":"https:\/\/panoramaciudadano.com\/wp-content\/uploads\/2026\/04\/WhatsApp-Image-2026-04-29-at-8.05.36-AM-1.jpeg","datePublished":"2026-04-29T15:11:26+00:00","dateModified":"2026-04-29T15:11:28+00:00","breadcrumb":{"@id":"https:\/\/panoramaciudadano.com\/index.php\/2026\/04\/29\/acapulco-refuerza-su-identidad-impi-entrega-8-registros-de-marca-al-destino\/#breadcrumb"},"inLanguage":"es","potentialAction":[{"@type":"ReadAction","target":["https:\/\/panoramaciudadano.com\/index.php\/2026\/04\/29\/acapulco-refuerza-su-identidad-impi-entrega-8-registros-de-marca-al-destino\/"]}]},{"@type":"ImageObject","inLanguage":"es","@id":"https:\/\/panoramaciudadano.com\/index.php\/2026\/04\/29\/acapulco-refuerza-su-identidad-impi-entrega-8-registros-de-marca-al-destino\/#primaryimage","url":"https:\/\/panoramaciudadano.com\/wp-content\/uploads\/2026\/04\/WhatsApp-Image-2026-04-29-at-8.05.36-AM-1.jpeg","contentUrl":"https:\/\/panoramaciudadano.com\/wp-content\/uploads\/2026\/04\/WhatsApp-Image-2026-04-29-at-8.05.36-AM-1.jpeg","width":853,"height":569},{"@type":"BreadcrumbList","@id":"https:\/\/panoramaciudadano.com\/index.php\/2026\/04\/29\/acapulco-refuerza-su-identidad-impi-entrega-8-registros-de-marca-al-destino\/#breadcrumb","itemListElement":[{"@type":"ListItem","position":1,"name":"Portada","item":"https:\/\/panoramaciudadano.com\/"},{"@type":"ListItem","position":2,"name":"Acapulco refuerza su identidad: IMPI entrega 8 registros de marca al destino"}]},{"@type":"WebSite","@id":"https:\/\/panoramaciudadano.com\/#website","url":"https:\/\/panoramaciudadano.com\/","name":"Panorama Ciudadano","description":"","publisher":{"@id":"https:\/\/panoramaciudadano.com\/#organization"},"potentialAction":[{"@type":"SearchAction","target":{"@type":"EntryPoint","urlTemplate":"https:\/\/panoramaciudadano.com\/?s={search_term_string}"},"query-input":{"@type":"PropertyValueSpecification","valueRequired":true,"valueName":"search_term_string"}}],"inLanguage":"es"},{"@type":"Organization","@id":"https:\/\/panoramaciudadano.com\/#organization","name":"Panorama Ciudadano","url":"https:\/\/panoramaciudadano.com\/","logo":{"@type":"ImageObject","inLanguage":"es","@id":"https:\/\/panoramaciudadano.com\/#\/schema\/logo\/image\/","url":"https:\/\/panoramaciudadano.com\/wp-content\/uploads\/2024\/05\/401498640_919267042938564_6290593609399108733_n.jpg","contentUrl":"https:\/\/panoramaciudadano.com\/wp-content\/uploads\/2024\/05\/401498640_919267042938564_6290593609399108733_n.jpg","width":960,"height":957,"caption":"Panorama Ciudadano"},"image":{"@id":"https:\/\/panoramaciudadano.com\/#\/schema\/logo\/image\/"},"sameAs":["https:\/\/www.facebook.com\/panoramaciudadano"]},{"@type":"Person","@id":"https:\/\/panoramaciudadano.com\/#\/schema\/person\/ffe9fe8ef47d3a93977b5761fd9e0d96","name":"admin","image":{"@type":"ImageObject","inLanguage":"es","@id":"https:\/\/secure.gravatar.com\/avatar\/2d5a12cacce3f18096f25fadea8abb7202fef18ed669595589853e84260ff451?s=96&d=mm&r=g","url":"https:\/\/secure.gravatar.com\/avatar\/2d5a12cacce3f18096f25fadea8abb7202fef18ed669595589853e84260ff451?s=96&d=mm&r=g","contentUrl":"https:\/\/secure.gravatar.com\/avatar\/2d5a12cacce3f18096f25fadea8abb7202fef18ed669595589853e84260ff451?s=96&d=mm&r=g","caption":"admin"},"sameAs":["https:\/\/panoramaciudadano.com"],"url":"https:\/\/panoramaciudadano.com\/index.php\/author\/admin_3q6hyqq3\/"}]}},"_links":{"self":[{"href":"https:\/\/panoramaciudadano.com\/index.php\/wp-json\/wp\/v2\/posts\/34283","targetHints":{"allow":["GET"]}}],"collection":[{"href":"https:\/\/panoramaciudadano.com\/index.php\/wp-json\/wp\/v2\/posts"}],"about":[{"href":"https:\/\/panoramaciudadano.com\/index.php\/wp-json\/wp\/v2\/types\/post"}],"author":[{"embeddable":true,"href":"https:\/\/panoramaciudadano.com\/index.php\/wp-json\/wp\/v2\/users\/1"}],"replies":[{"embeddable":true,"href":"https:\/\/panoramaciudadano.com\/index.php\/wp-json\/wp\/v2\/comments?post=34283"}],"version-history":[{"count":1,"href":"https:\/\/panoramaciudadano.com\/index.php\/wp-json\/wp\/v2\/posts\/34283\/revisions"}],"predecessor-version":[{"id":34291,"href":"https:\/\/panoramaciudadano.com\/index.php\/wp-json\/wp\/v2\/posts\/34283\/revisions\/34291"}],"wp:featuredmedia":[{"embeddable":true,"href":"https:\/\/panoramaciudadano.com\/index.php\/wp-json\/wp\/v2\/media\/34287"}],"wp:attachment":[{"href":"https:\/\/panoramaciudadano.com\/index.php\/wp-json\/wp\/v2\/media?parent=34283"}],"wp:term":[{"taxonomy":"category","embeddable":true,"href":"https:\/\/panoramaciudadano.com\/index.php\/wp-json\/wp\/v2\/categories?post=34283"},{"taxonomy":"post_tag","embeddable":true,"href":"https:\/\/panoramaciudadano.com\/index.php\/wp-json\/wp\/v2\/tags?post=34283"}],"curies":[{"name":"wp","href":"https:\/\/api.w.org\/{rel}","templated":true}]}}