{"id":34292,"date":"2026-04-29T10:20:19","date_gmt":"2026-04-29T15:20:19","guid":{"rendered":"https:\/\/panoramaciudadano.com\/?p=34292"},"modified":"2026-04-29T10:20:21","modified_gmt":"2026-04-29T15:20:21","slug":"lleva-ana-paty-peralta-campana-all-you-cancun-a-tianguis-turistico-2026","status":"publish","type":"post","link":"https:\/\/panoramaciudadano.com\/index.php\/2026\/04\/29\/lleva-ana-paty-peralta-campana-all-you-cancun-a-tianguis-turistico-2026\/","title":{"rendered":"LLEVA ANA PATY PERALTA CAMPA\u00d1A \u201cALL YOU CANC\u00daN\u201d A TIANGUIS TUR\u00cdSTICO 2026"},"content":{"rendered":"\n<figure class=\"wp-block-gallery has-nested-images columns-default is-cropped wp-block-gallery-1 is-layout-flex wp-block-gallery-is-layout-flex\">\n<figure class=\"wp-block-image size-large\"><img decoding=\"async\" width=\"794\" height=\"1024\" data-id=\"34297\" src=\"https:\/\/panoramaciudadano.com\/wp-content\/uploads\/2026\/04\/WhatsApp-Image-2026-04-29-at-8.08.47-AM-1-794x1024.jpeg\" alt=\"\" class=\"wp-image-34297\" srcset=\"https:\/\/panoramaciudadano.com\/wp-content\/uploads\/2026\/04\/WhatsApp-Image-2026-04-29-at-8.08.47-AM-1-794x1024.jpeg 794w, https:\/\/panoramaciudadano.com\/wp-content\/uploads\/2026\/04\/WhatsApp-Image-2026-04-29-at-8.08.47-AM-1-233x300.jpeg 233w, https:\/\/panoramaciudadano.com\/wp-content\/uploads\/2026\/04\/WhatsApp-Image-2026-04-29-at-8.08.47-AM-1-768x991.jpeg 768w, https:\/\/panoramaciudadano.com\/wp-content\/uploads\/2026\/04\/WhatsApp-Image-2026-04-29-at-8.08.47-AM-1.jpeg 992w\" sizes=\"(max-width: 794px) 100vw, 794px\" \/><\/figure>\n\n\n\n<figure class=\"wp-block-image size-large\"><img decoding=\"async\" width=\"1024\" height=\"755\" data-id=\"34294\" src=\"https:\/\/panoramaciudadano.com\/wp-content\/uploads\/2026\/04\/WhatsApp-Image-2026-04-29-at-8.08.47-AM-2-1024x755.jpeg\" alt=\"\" class=\"wp-image-34294\" srcset=\"https:\/\/panoramaciudadano.com\/wp-content\/uploads\/2026\/04\/WhatsApp-Image-2026-04-29-at-8.08.47-AM-2-1024x755.jpeg 1024w, https:\/\/panoramaciudadano.com\/wp-content\/uploads\/2026\/04\/WhatsApp-Image-2026-04-29-at-8.08.47-AM-2-300x221.jpeg 300w, https:\/\/panoramaciudadano.com\/wp-content\/uploads\/2026\/04\/WhatsApp-Image-2026-04-29-at-8.08.47-AM-2-768x566.jpeg 768w, https:\/\/panoramaciudadano.com\/wp-content\/uploads\/2026\/04\/WhatsApp-Image-2026-04-29-at-8.08.47-AM-2.jpeg 1280w\" sizes=\"(max-width: 1024px) 100vw, 1024px\" \/><\/figure>\n\n\n\n<figure class=\"wp-block-image size-large\"><img decoding=\"async\" width=\"797\" height=\"1024\" data-id=\"34299\" src=\"https:\/\/panoramaciudadano.com\/wp-content\/uploads\/2026\/04\/WhatsApp-Image-2026-04-29-at-8.08.47-AM-5-797x1024.jpeg\" alt=\"\" class=\"wp-image-34299\" srcset=\"https:\/\/panoramaciudadano.com\/wp-content\/uploads\/2026\/04\/WhatsApp-Image-2026-04-29-at-8.08.47-AM-5-797x1024.jpeg 797w, https:\/\/panoramaciudadano.com\/wp-content\/uploads\/2026\/04\/WhatsApp-Image-2026-04-29-at-8.08.47-AM-5-233x300.jpeg 233w, https:\/\/panoramaciudadano.com\/wp-content\/uploads\/2026\/04\/WhatsApp-Image-2026-04-29-at-8.08.47-AM-5-768x987.jpeg 768w, https:\/\/panoramaciudadano.com\/wp-content\/uploads\/2026\/04\/WhatsApp-Image-2026-04-29-at-8.08.47-AM-5.jpeg 996w\" sizes=\"(max-width: 797px) 100vw, 797px\" \/><\/figure>\n\n\n\n<figure class=\"wp-block-image size-large\"><img decoding=\"async\" width=\"1024\" height=\"739\" data-id=\"34296\" src=\"https:\/\/panoramaciudadano.com\/wp-content\/uploads\/2026\/04\/WhatsApp-Image-2026-04-29-at-8.08.47-AM-3-1024x739.jpeg\" alt=\"\" class=\"wp-image-34296\" srcset=\"https:\/\/panoramaciudadano.com\/wp-content\/uploads\/2026\/04\/WhatsApp-Image-2026-04-29-at-8.08.47-AM-3-1024x739.jpeg 1024w, https:\/\/panoramaciudadano.com\/wp-content\/uploads\/2026\/04\/WhatsApp-Image-2026-04-29-at-8.08.47-AM-3-300x217.jpeg 300w, https:\/\/panoramaciudadano.com\/wp-content\/uploads\/2026\/04\/WhatsApp-Image-2026-04-29-at-8.08.47-AM-3-768x554.jpeg 768w, https:\/\/panoramaciudadano.com\/wp-content\/uploads\/2026\/04\/WhatsApp-Image-2026-04-29-at-8.08.47-AM-3.jpeg 1280w\" sizes=\"(max-width: 1024px) 100vw, 1024px\" \/><\/figure>\n\n\n\n<figure class=\"wp-block-image size-large\"><img decoding=\"async\" width=\"1024\" height=\"773\" data-id=\"34295\" src=\"https:\/\/panoramaciudadano.com\/wp-content\/uploads\/2026\/04\/WhatsApp-Image-2026-04-29-at-8.08.47-AM-4-1024x773.jpeg\" alt=\"\" class=\"wp-image-34295\" srcset=\"https:\/\/panoramaciudadano.com\/wp-content\/uploads\/2026\/04\/WhatsApp-Image-2026-04-29-at-8.08.47-AM-4-1024x773.jpeg 1024w, https:\/\/panoramaciudadano.com\/wp-content\/uploads\/2026\/04\/WhatsApp-Image-2026-04-29-at-8.08.47-AM-4-300x226.jpeg 300w, https:\/\/panoramaciudadano.com\/wp-content\/uploads\/2026\/04\/WhatsApp-Image-2026-04-29-at-8.08.47-AM-4-768x580.jpeg 768w, https:\/\/panoramaciudadano.com\/wp-content\/uploads\/2026\/04\/WhatsApp-Image-2026-04-29-at-8.08.47-AM-4.jpeg 1280w\" sizes=\"(max-width: 1024px) 100vw, 1024px\" \/><\/figure>\n\n\n\n<figure class=\"wp-block-image size-large\"><img decoding=\"async\" width=\"1024\" height=\"858\" data-id=\"34298\" src=\"https:\/\/panoramaciudadano.com\/wp-content\/uploads\/2026\/04\/WhatsApp-Image-2026-04-29-at-8.08.47-AM-1024x858.jpeg\" alt=\"\" class=\"wp-image-34298\" srcset=\"https:\/\/panoramaciudadano.com\/wp-content\/uploads\/2026\/04\/WhatsApp-Image-2026-04-29-at-8.08.47-AM-1024x858.jpeg 1024w, https:\/\/panoramaciudadano.com\/wp-content\/uploads\/2026\/04\/WhatsApp-Image-2026-04-29-at-8.08.47-AM-300x251.jpeg 300w, https:\/\/panoramaciudadano.com\/wp-content\/uploads\/2026\/04\/WhatsApp-Image-2026-04-29-at-8.08.47-AM-768x643.jpeg 768w, https:\/\/panoramaciudadano.com\/wp-content\/uploads\/2026\/04\/WhatsApp-Image-2026-04-29-at-8.08.47-AM-1536x1286.jpeg 1536w, https:\/\/panoramaciudadano.com\/wp-content\/uploads\/2026\/04\/WhatsApp-Image-2026-04-29-at-8.08.47-AM.jpeg 1600w\" sizes=\"(max-width: 1024px) 100vw, 1024px\" \/><\/figure>\n<\/figure>\n\n\n\n<p>\u201cCanc\u00fan est\u00e1 presente y seguimos siendo este destino l\u00edder reconocido mundialmente. Seguiremos dando a conocer todo lo que tenemos que ofertar, porque Canc\u00fan lo tiene todo\u201d, expres\u00f3 la Presidenta Municipal, Ana Paty Peralta, en el marco de diferentes actividades en su segundo d\u00eda en la 50\u00aa edici\u00f3n del Tianguis Tur\u00edstico de M\u00e9xico 2026.<\/p>\n\n\n\n<p>La Primera Autoridad Municipal reiter\u00f3 que este encuentro es el evento m\u00e1s importante del pa\u00eds para este sector, ya que ayuda a que se sigan conectando los destinos, haciendo grandes alianzas y promocionando las ciudades, por tanto en el stand del municipio, se promovi\u00f3 la campa\u00f1a \u201cAll you Canc\u00fan\u201d, lanzada en la reciente Feria Internacional de Turismo (FITUR) a inicios de 2026 en Madrid, Espa\u00f1a.<\/p>\n\n\n\n<p>\u201cCanc\u00fan es una ciudad que lo tiene todo; nuestras playas nos dan mucho orgullo y nos representan, pero tambi\u00e9n nuestra cultura, nuestra gastronom\u00eda, nuestra identidad y nuestra gente, que eso es lo m\u00e1s importante y lo m\u00e1s valioso. Entonces con esta estrategia, damos a conocer las diferentes actividades que tenemos para diversificaci\u00f3n del turismo\u201d, afirm\u00f3.<\/p>\n\n\n\n<p>Al respecto, el secretario municipal de Turismo, Juan Pablo de Zulueta Razo, detall\u00f3 que la publicidad contempla diferentes tipos de actividades para los turistas nacionales e internacionales, por lo que incluye slogans como: \u201cAll you can love\u201d, \u201cAll you can road\u201d, \u201cAll you can taste\u201d, \u201cAll you can travel\u201d, \u201cAll you can footbol\u201d, entre otros, ya que son diferentes tipos de segmentos que pueden aprovechar durante su estancia como: gastronom\u00eda, deporte, aventura, compras, entretenimiento, por mencionar algunos.<\/p>\n\n\n\n<p>A lo largo del d\u00eda, primeramente, Ana Paty Peralta acompa\u00f1\u00f3 a la gobernadora Mara Lezama al lanzamiento a nivel nacional de la campa\u00f1a \u201cCaribe Mexicano: capital mundial de las vacaciones\u201d, presentado por el Gobierno del Estado tambi\u00e9n en la FITUR 2026, que incluye la promoci\u00f3n de los 12 destinos tur\u00edsticos en la entidad, que son: Chetumal, Mahahual, Bacalar, Maya Ka\u00b4an, Cozumel, Tulum, Canc\u00fan, Playa del Carmen, Puerto Morelos, Riviera Maya, Isla Mujeres e Isla Holbox.<\/p>\n\n\n\n<p>Para seguir atrayendo diferentes segmentos de mercado, la Presidenta Municipal promocion\u00f3 algunos de los pr\u00f3ximos eventos a realizarse en Canc\u00fan como el primer Festival de la Paella &amp; Vino \u201cMar &amp; Vino\u201d, que se realizar\u00e1 el 30 de mayo; as\u00ed como sostuvo una reuni\u00f3n con los organizadores de la competencia L\u00b4Etape Canc\u00fan by Tour de France, que por tercera ocasi\u00f3n estar\u00e1 en la ciudad y est\u00e1 agendada para el pr\u00f3ximo 17 de mayo.<\/p>\n\n\n\n<p>Dentro de otras mesas de trabajo, Ana Paty Peralta se reuni\u00f3 por un lado con directivos de la empresa de autobuses ADO, para implementar el proyecto \u201cGaler\u00eda Rodante ADO\u201d que busca difundir las bellezas de destinos tur\u00edsticos y la cultura mexicana en las rutas del sur del pa\u00eds; y por otro lado, con representantes de la aerol\u00ednea \u201cViva Aerobus\u201d, para fortalecer la conectividad a\u00e9rea y coordinar acciones rumbo al Mundial 2026.<\/p>\n\n\n\n<p>De igual forma, en el recinto del Tianguis Tur\u00edstico, firm\u00f3 la carta de colaboraci\u00f3n entre el municipio y el Instituto de Promoci\u00f3n Tur\u00edstica de la Ciudad de M\u00e9xico, con su titular Jennie Shrem Serur, para intercambiar buenas pr\u00e1cticas, conocimientos, estrategias e informaci\u00f3n relevante, as\u00ed como potenciar ambas localidades como ofertas tur\u00edsticas diversas y atractivas para diferentes viajeros.<\/p>\n","protected":false},"excerpt":{"rendered":"<p>\u201cCanc\u00fan est\u00e1 presente y seguimos siendo este destino l\u00edder reconocido mundialmente. Seguiremos dando a conocer todo lo que tenemos que ofertar, porque Canc\u00fan lo tiene todo\u201d, expres\u00f3 la Presidenta Municipal, Ana Paty Peralta, en el marco de diferentes actividades en su segundo d\u00eda en la 50\u00aa edici\u00f3n del Tianguis Tur\u00edstico de M\u00e9xico 2026.<\/p>\n","protected":false},"author":1,"featured_media":34294,"comment_status":"open","ping_status":"closed","sticky":false,"template":"","format":"standard","meta":{"footnotes":""},"categories":[3],"tags":[3010],"class_list":["post-34292","post","type-post","status-publish","format-standard","has-post-thumbnail","hentry","category-nacional","tag-tianguis-turistico-mexico-2026"],"yoast_head":"<!-- This site is optimized with the Yoast SEO plugin v27.5 - https:\/\/yoast.com\/product\/yoast-seo-wordpress\/ -->\n<title>LLEVA ANA PATY PERALTA CAMPA\u00d1A \u201cALL YOU CANC\u00daN\u201d A TIANGUIS TUR\u00cdSTICO 2026 - Panorama Ciudadano<\/title>\n<meta name=\"robots\" content=\"index, follow, max-snippet:-1, max-image-preview:large, max-video-preview:-1\" \/>\n<link rel=\"canonical\" href=\"https:\/\/panoramaciudadano.com\/index.php\/2026\/04\/29\/lleva-ana-paty-peralta-campana-all-you-cancun-a-tianguis-turistico-2026\/\" \/>\n<meta property=\"og:locale\" content=\"es_ES\" \/>\n<meta property=\"og:type\" content=\"article\" \/>\n<meta property=\"og:title\" content=\"LLEVA ANA PATY PERALTA CAMPA\u00d1A \u201cALL YOU CANC\u00daN\u201d A TIANGUIS TUR\u00cdSTICO 2026 - Panorama Ciudadano\" \/>\n<meta property=\"og:description\" content=\"\u201cCanc\u00fan est\u00e1 presente y seguimos siendo este destino l\u00edder reconocido mundialmente. Seguiremos dando a conocer todo lo que tenemos que ofertar, porque Canc\u00fan lo tiene todo\u201d, expres\u00f3 la Presidenta Municipal, Ana Paty Peralta, en el marco de diferentes actividades en su segundo d\u00eda en la 50\u00aa edici\u00f3n del Tianguis Tur\u00edstico de M\u00e9xico 2026.\" \/>\n<meta property=\"og:url\" content=\"https:\/\/panoramaciudadano.com\/index.php\/2026\/04\/29\/lleva-ana-paty-peralta-campana-all-you-cancun-a-tianguis-turistico-2026\/\" \/>\n<meta property=\"og:site_name\" content=\"Panorama Ciudadano\" \/>\n<meta property=\"article:publisher\" content=\"https:\/\/www.facebook.com\/panoramaciudadano\" \/>\n<meta property=\"article:published_time\" content=\"2026-04-29T15:20:19+00:00\" \/>\n<meta property=\"article:modified_time\" content=\"2026-04-29T15:20:21+00:00\" \/>\n<meta property=\"og:image\" content=\"https:\/\/panoramaciudadano.com\/wp-content\/uploads\/2026\/04\/WhatsApp-Image-2026-04-29-at-8.08.47-AM-2.jpeg\" \/>\n\t<meta property=\"og:image:width\" content=\"1280\" \/>\n\t<meta property=\"og:image:height\" content=\"944\" \/>\n\t<meta property=\"og:image:type\" content=\"image\/jpeg\" \/>\n<meta name=\"author\" content=\"admin\" \/>\n<meta name=\"twitter:card\" content=\"summary_large_image\" \/>\n<meta name=\"twitter:label1\" content=\"Escrito por\" \/>\n\t<meta name=\"twitter:data1\" content=\"admin\" \/>\n\t<meta name=\"twitter:label2\" content=\"Tiempo de lectura\" \/>\n\t<meta name=\"twitter:data2\" content=\"4 minutos\" \/>\n<script type=\"application\/ld+json\" class=\"yoast-schema-graph\">{\"@context\":\"https:\\\/\\\/schema.org\",\"@graph\":[{\"@type\":\"Article\",\"@id\":\"https:\\\/\\\/panoramaciudadano.com\\\/index.php\\\/2026\\\/04\\\/29\\\/lleva-ana-paty-peralta-campana-all-you-cancun-a-tianguis-turistico-2026\\\/#article\",\"isPartOf\":{\"@id\":\"https:\\\/\\\/panoramaciudadano.com\\\/index.php\\\/2026\\\/04\\\/29\\\/lleva-ana-paty-peralta-campana-all-you-cancun-a-tianguis-turistico-2026\\\/\"},\"author\":{\"name\":\"admin\",\"@id\":\"https:\\\/\\\/panoramaciudadano.com\\\/#\\\/schema\\\/person\\\/ffe9fe8ef47d3a93977b5761fd9e0d96\"},\"headline\":\"LLEVA ANA PATY PERALTA CAMPA\u00d1A \u201cALL YOU CANC\u00daN\u201d A TIANGUIS TUR\u00cdSTICO 2026\",\"datePublished\":\"2026-04-29T15:20:19+00:00\",\"dateModified\":\"2026-04-29T15:20:21+00:00\",\"mainEntityOfPage\":{\"@id\":\"https:\\\/\\\/panoramaciudadano.com\\\/index.php\\\/2026\\\/04\\\/29\\\/lleva-ana-paty-peralta-campana-all-you-cancun-a-tianguis-turistico-2026\\\/\"},\"wordCount\":578,\"commentCount\":0,\"publisher\":{\"@id\":\"https:\\\/\\\/panoramaciudadano.com\\\/#organization\"},\"image\":{\"@id\":\"https:\\\/\\\/panoramaciudadano.com\\\/index.php\\\/2026\\\/04\\\/29\\\/lleva-ana-paty-peralta-campana-all-you-cancun-a-tianguis-turistico-2026\\\/#primaryimage\"},\"thumbnailUrl\":\"https:\\\/\\\/panoramaciudadano.com\\\/wp-content\\\/uploads\\\/2026\\\/04\\\/WhatsApp-Image-2026-04-29-at-8.08.47-AM-2.jpeg\",\"keywords\":[\"Tianguis Tur\u00edstico M\u00e9xico 2026\"],\"articleSection\":[\"Nacional\"],\"inLanguage\":\"es\",\"potentialAction\":[{\"@type\":\"CommentAction\",\"name\":\"Comment\",\"target\":[\"https:\\\/\\\/panoramaciudadano.com\\\/index.php\\\/2026\\\/04\\\/29\\\/lleva-ana-paty-peralta-campana-all-you-cancun-a-tianguis-turistico-2026\\\/#respond\"]}]},{\"@type\":\"WebPage\",\"@id\":\"https:\\\/\\\/panoramaciudadano.com\\\/index.php\\\/2026\\\/04\\\/29\\\/lleva-ana-paty-peralta-campana-all-you-cancun-a-tianguis-turistico-2026\\\/\",\"url\":\"https:\\\/\\\/panoramaciudadano.com\\\/index.php\\\/2026\\\/04\\\/29\\\/lleva-ana-paty-peralta-campana-all-you-cancun-a-tianguis-turistico-2026\\\/\",\"name\":\"LLEVA ANA PATY PERALTA CAMPA\u00d1A \u201cALL YOU CANC\u00daN\u201d A TIANGUIS TUR\u00cdSTICO 2026 - Panorama Ciudadano\",\"isPartOf\":{\"@id\":\"https:\\\/\\\/panoramaciudadano.com\\\/#website\"},\"primaryImageOfPage\":{\"@id\":\"https:\\\/\\\/panoramaciudadano.com\\\/index.php\\\/2026\\\/04\\\/29\\\/lleva-ana-paty-peralta-campana-all-you-cancun-a-tianguis-turistico-2026\\\/#primaryimage\"},\"image\":{\"@id\":\"https:\\\/\\\/panoramaciudadano.com\\\/index.php\\\/2026\\\/04\\\/29\\\/lleva-ana-paty-peralta-campana-all-you-cancun-a-tianguis-turistico-2026\\\/#primaryimage\"},\"thumbnailUrl\":\"https:\\\/\\\/panoramaciudadano.com\\\/wp-content\\\/uploads\\\/2026\\\/04\\\/WhatsApp-Image-2026-04-29-at-8.08.47-AM-2.jpeg\",\"datePublished\":\"2026-04-29T15:20:19+00:00\",\"dateModified\":\"2026-04-29T15:20:21+00:00\",\"breadcrumb\":{\"@id\":\"https:\\\/\\\/panoramaciudadano.com\\\/index.php\\\/2026\\\/04\\\/29\\\/lleva-ana-paty-peralta-campana-all-you-cancun-a-tianguis-turistico-2026\\\/#breadcrumb\"},\"inLanguage\":\"es\",\"potentialAction\":[{\"@type\":\"ReadAction\",\"target\":[\"https:\\\/\\\/panoramaciudadano.com\\\/index.php\\\/2026\\\/04\\\/29\\\/lleva-ana-paty-peralta-campana-all-you-cancun-a-tianguis-turistico-2026\\\/\"]}]},{\"@type\":\"ImageObject\",\"inLanguage\":\"es\",\"@id\":\"https:\\\/\\\/panoramaciudadano.com\\\/index.php\\\/2026\\\/04\\\/29\\\/lleva-ana-paty-peralta-campana-all-you-cancun-a-tianguis-turistico-2026\\\/#primaryimage\",\"url\":\"https:\\\/\\\/panoramaciudadano.com\\\/wp-content\\\/uploads\\\/2026\\\/04\\\/WhatsApp-Image-2026-04-29-at-8.08.47-AM-2.jpeg\",\"contentUrl\":\"https:\\\/\\\/panoramaciudadano.com\\\/wp-content\\\/uploads\\\/2026\\\/04\\\/WhatsApp-Image-2026-04-29-at-8.08.47-AM-2.jpeg\",\"width\":1280,\"height\":944},{\"@type\":\"BreadcrumbList\",\"@id\":\"https:\\\/\\\/panoramaciudadano.com\\\/index.php\\\/2026\\\/04\\\/29\\\/lleva-ana-paty-peralta-campana-all-you-cancun-a-tianguis-turistico-2026\\\/#breadcrumb\",\"itemListElement\":[{\"@type\":\"ListItem\",\"position\":1,\"name\":\"Portada\",\"item\":\"https:\\\/\\\/panoramaciudadano.com\\\/\"},{\"@type\":\"ListItem\",\"position\":2,\"name\":\"LLEVA ANA PATY PERALTA CAMPA\u00d1A \u201cALL YOU CANC\u00daN\u201d A TIANGUIS TUR\u00cdSTICO 2026\"}]},{\"@type\":\"WebSite\",\"@id\":\"https:\\\/\\\/panoramaciudadano.com\\\/#website\",\"url\":\"https:\\\/\\\/panoramaciudadano.com\\\/\",\"name\":\"Panorama Ciudadano\",\"description\":\"\",\"publisher\":{\"@id\":\"https:\\\/\\\/panoramaciudadano.com\\\/#organization\"},\"potentialAction\":[{\"@type\":\"SearchAction\",\"target\":{\"@type\":\"EntryPoint\",\"urlTemplate\":\"https:\\\/\\\/panoramaciudadano.com\\\/?s={search_term_string}\"},\"query-input\":{\"@type\":\"PropertyValueSpecification\",\"valueRequired\":true,\"valueName\":\"search_term_string\"}}],\"inLanguage\":\"es\"},{\"@type\":\"Organization\",\"@id\":\"https:\\\/\\\/panoramaciudadano.com\\\/#organization\",\"name\":\"Panorama Ciudadano\",\"url\":\"https:\\\/\\\/panoramaciudadano.com\\\/\",\"logo\":{\"@type\":\"ImageObject\",\"inLanguage\":\"es\",\"@id\":\"https:\\\/\\\/panoramaciudadano.com\\\/#\\\/schema\\\/logo\\\/image\\\/\",\"url\":\"https:\\\/\\\/panoramaciudadano.com\\\/wp-content\\\/uploads\\\/2024\\\/05\\\/401498640_919267042938564_6290593609399108733_n.jpg\",\"contentUrl\":\"https:\\\/\\\/panoramaciudadano.com\\\/wp-content\\\/uploads\\\/2024\\\/05\\\/401498640_919267042938564_6290593609399108733_n.jpg\",\"width\":960,\"height\":957,\"caption\":\"Panorama Ciudadano\"},\"image\":{\"@id\":\"https:\\\/\\\/panoramaciudadano.com\\\/#\\\/schema\\\/logo\\\/image\\\/\"},\"sameAs\":[\"https:\\\/\\\/www.facebook.com\\\/panoramaciudadano\"]},{\"@type\":\"Person\",\"@id\":\"https:\\\/\\\/panoramaciudadano.com\\\/#\\\/schema\\\/person\\\/ffe9fe8ef47d3a93977b5761fd9e0d96\",\"name\":\"admin\",\"image\":{\"@type\":\"ImageObject\",\"inLanguage\":\"es\",\"@id\":\"https:\\\/\\\/secure.gravatar.com\\\/avatar\\\/2d5a12cacce3f18096f25fadea8abb7202fef18ed669595589853e84260ff451?s=96&d=mm&r=g\",\"url\":\"https:\\\/\\\/secure.gravatar.com\\\/avatar\\\/2d5a12cacce3f18096f25fadea8abb7202fef18ed669595589853e84260ff451?s=96&d=mm&r=g\",\"contentUrl\":\"https:\\\/\\\/secure.gravatar.com\\\/avatar\\\/2d5a12cacce3f18096f25fadea8abb7202fef18ed669595589853e84260ff451?s=96&d=mm&r=g\",\"caption\":\"admin\"},\"sameAs\":[\"https:\\\/\\\/panoramaciudadano.com\"],\"url\":\"https:\\\/\\\/panoramaciudadano.com\\\/index.php\\\/author\\\/admin_3q6hyqq3\\\/\"}]}<\/script>\n<!-- \/ Yoast SEO plugin. -->","yoast_head_json":{"title":"LLEVA ANA PATY PERALTA CAMPA\u00d1A \u201cALL YOU CANC\u00daN\u201d A TIANGUIS TUR\u00cdSTICO 2026 - Panorama Ciudadano","robots":{"index":"index","follow":"follow","max-snippet":"max-snippet:-1","max-image-preview":"max-image-preview:large","max-video-preview":"max-video-preview:-1"},"canonical":"https:\/\/panoramaciudadano.com\/index.php\/2026\/04\/29\/lleva-ana-paty-peralta-campana-all-you-cancun-a-tianguis-turistico-2026\/","og_locale":"es_ES","og_type":"article","og_title":"LLEVA ANA PATY PERALTA CAMPA\u00d1A \u201cALL YOU CANC\u00daN\u201d A TIANGUIS TUR\u00cdSTICO 2026 - Panorama Ciudadano","og_description":"\u201cCanc\u00fan est\u00e1 presente y seguimos siendo este destino l\u00edder reconocido mundialmente. Seguiremos dando a conocer todo lo que tenemos que ofertar, porque Canc\u00fan lo tiene todo\u201d, expres\u00f3 la Presidenta Municipal, Ana Paty Peralta, en el marco de diferentes actividades en su segundo d\u00eda en la 50\u00aa edici\u00f3n del Tianguis Tur\u00edstico de M\u00e9xico 2026.","og_url":"https:\/\/panoramaciudadano.com\/index.php\/2026\/04\/29\/lleva-ana-paty-peralta-campana-all-you-cancun-a-tianguis-turistico-2026\/","og_site_name":"Panorama Ciudadano","article_publisher":"https:\/\/www.facebook.com\/panoramaciudadano","article_published_time":"2026-04-29T15:20:19+00:00","article_modified_time":"2026-04-29T15:20:21+00:00","og_image":[{"width":1280,"height":944,"url":"https:\/\/panoramaciudadano.com\/wp-content\/uploads\/2026\/04\/WhatsApp-Image-2026-04-29-at-8.08.47-AM-2.jpeg","type":"image\/jpeg"}],"author":"admin","twitter_card":"summary_large_image","twitter_misc":{"Escrito por":"admin","Tiempo de lectura":"4 minutos"},"schema":{"@context":"https:\/\/schema.org","@graph":[{"@type":"Article","@id":"https:\/\/panoramaciudadano.com\/index.php\/2026\/04\/29\/lleva-ana-paty-peralta-campana-all-you-cancun-a-tianguis-turistico-2026\/#article","isPartOf":{"@id":"https:\/\/panoramaciudadano.com\/index.php\/2026\/04\/29\/lleva-ana-paty-peralta-campana-all-you-cancun-a-tianguis-turistico-2026\/"},"author":{"name":"admin","@id":"https:\/\/panoramaciudadano.com\/#\/schema\/person\/ffe9fe8ef47d3a93977b5761fd9e0d96"},"headline":"LLEVA ANA PATY PERALTA CAMPA\u00d1A \u201cALL YOU CANC\u00daN\u201d A TIANGUIS TUR\u00cdSTICO 2026","datePublished":"2026-04-29T15:20:19+00:00","dateModified":"2026-04-29T15:20:21+00:00","mainEntityOfPage":{"@id":"https:\/\/panoramaciudadano.com\/index.php\/2026\/04\/29\/lleva-ana-paty-peralta-campana-all-you-cancun-a-tianguis-turistico-2026\/"},"wordCount":578,"commentCount":0,"publisher":{"@id":"https:\/\/panoramaciudadano.com\/#organization"},"image":{"@id":"https:\/\/panoramaciudadano.com\/index.php\/2026\/04\/29\/lleva-ana-paty-peralta-campana-all-you-cancun-a-tianguis-turistico-2026\/#primaryimage"},"thumbnailUrl":"https:\/\/panoramaciudadano.com\/wp-content\/uploads\/2026\/04\/WhatsApp-Image-2026-04-29-at-8.08.47-AM-2.jpeg","keywords":["Tianguis Tur\u00edstico M\u00e9xico 2026"],"articleSection":["Nacional"],"inLanguage":"es","potentialAction":[{"@type":"CommentAction","name":"Comment","target":["https:\/\/panoramaciudadano.com\/index.php\/2026\/04\/29\/lleva-ana-paty-peralta-campana-all-you-cancun-a-tianguis-turistico-2026\/#respond"]}]},{"@type":"WebPage","@id":"https:\/\/panoramaciudadano.com\/index.php\/2026\/04\/29\/lleva-ana-paty-peralta-campana-all-you-cancun-a-tianguis-turistico-2026\/","url":"https:\/\/panoramaciudadano.com\/index.php\/2026\/04\/29\/lleva-ana-paty-peralta-campana-all-you-cancun-a-tianguis-turistico-2026\/","name":"LLEVA ANA PATY PERALTA CAMPA\u00d1A \u201cALL YOU CANC\u00daN\u201d A TIANGUIS TUR\u00cdSTICO 2026 - Panorama Ciudadano","isPartOf":{"@id":"https:\/\/panoramaciudadano.com\/#website"},"primaryImageOfPage":{"@id":"https:\/\/panoramaciudadano.com\/index.php\/2026\/04\/29\/lleva-ana-paty-peralta-campana-all-you-cancun-a-tianguis-turistico-2026\/#primaryimage"},"image":{"@id":"https:\/\/panoramaciudadano.com\/index.php\/2026\/04\/29\/lleva-ana-paty-peralta-campana-all-you-cancun-a-tianguis-turistico-2026\/#primaryimage"},"thumbnailUrl":"https:\/\/panoramaciudadano.com\/wp-content\/uploads\/2026\/04\/WhatsApp-Image-2026-04-29-at-8.08.47-AM-2.jpeg","datePublished":"2026-04-29T15:20:19+00:00","dateModified":"2026-04-29T15:20:21+00:00","breadcrumb":{"@id":"https:\/\/panoramaciudadano.com\/index.php\/2026\/04\/29\/lleva-ana-paty-peralta-campana-all-you-cancun-a-tianguis-turistico-2026\/#breadcrumb"},"inLanguage":"es","potentialAction":[{"@type":"ReadAction","target":["https:\/\/panoramaciudadano.com\/index.php\/2026\/04\/29\/lleva-ana-paty-peralta-campana-all-you-cancun-a-tianguis-turistico-2026\/"]}]},{"@type":"ImageObject","inLanguage":"es","@id":"https:\/\/panoramaciudadano.com\/index.php\/2026\/04\/29\/lleva-ana-paty-peralta-campana-all-you-cancun-a-tianguis-turistico-2026\/#primaryimage","url":"https:\/\/panoramaciudadano.com\/wp-content\/uploads\/2026\/04\/WhatsApp-Image-2026-04-29-at-8.08.47-AM-2.jpeg","contentUrl":"https:\/\/panoramaciudadano.com\/wp-content\/uploads\/2026\/04\/WhatsApp-Image-2026-04-29-at-8.08.47-AM-2.jpeg","width":1280,"height":944},{"@type":"BreadcrumbList","@id":"https:\/\/panoramaciudadano.com\/index.php\/2026\/04\/29\/lleva-ana-paty-peralta-campana-all-you-cancun-a-tianguis-turistico-2026\/#breadcrumb","itemListElement":[{"@type":"ListItem","position":1,"name":"Portada","item":"https:\/\/panoramaciudadano.com\/"},{"@type":"ListItem","position":2,"name":"LLEVA ANA PATY PERALTA CAMPA\u00d1A \u201cALL YOU CANC\u00daN\u201d A TIANGUIS TUR\u00cdSTICO 2026"}]},{"@type":"WebSite","@id":"https:\/\/panoramaciudadano.com\/#website","url":"https:\/\/panoramaciudadano.com\/","name":"Panorama Ciudadano","description":"","publisher":{"@id":"https:\/\/panoramaciudadano.com\/#organization"},"potentialAction":[{"@type":"SearchAction","target":{"@type":"EntryPoint","urlTemplate":"https:\/\/panoramaciudadano.com\/?s={search_term_string}"},"query-input":{"@type":"PropertyValueSpecification","valueRequired":true,"valueName":"search_term_string"}}],"inLanguage":"es"},{"@type":"Organization","@id":"https:\/\/panoramaciudadano.com\/#organization","name":"Panorama Ciudadano","url":"https:\/\/panoramaciudadano.com\/","logo":{"@type":"ImageObject","inLanguage":"es","@id":"https:\/\/panoramaciudadano.com\/#\/schema\/logo\/image\/","url":"https:\/\/panoramaciudadano.com\/wp-content\/uploads\/2024\/05\/401498640_919267042938564_6290593609399108733_n.jpg","contentUrl":"https:\/\/panoramaciudadano.com\/wp-content\/uploads\/2024\/05\/401498640_919267042938564_6290593609399108733_n.jpg","width":960,"height":957,"caption":"Panorama Ciudadano"},"image":{"@id":"https:\/\/panoramaciudadano.com\/#\/schema\/logo\/image\/"},"sameAs":["https:\/\/www.facebook.com\/panoramaciudadano"]},{"@type":"Person","@id":"https:\/\/panoramaciudadano.com\/#\/schema\/person\/ffe9fe8ef47d3a93977b5761fd9e0d96","name":"admin","image":{"@type":"ImageObject","inLanguage":"es","@id":"https:\/\/secure.gravatar.com\/avatar\/2d5a12cacce3f18096f25fadea8abb7202fef18ed669595589853e84260ff451?s=96&d=mm&r=g","url":"https:\/\/secure.gravatar.com\/avatar\/2d5a12cacce3f18096f25fadea8abb7202fef18ed669595589853e84260ff451?s=96&d=mm&r=g","contentUrl":"https:\/\/secure.gravatar.com\/avatar\/2d5a12cacce3f18096f25fadea8abb7202fef18ed669595589853e84260ff451?s=96&d=mm&r=g","caption":"admin"},"sameAs":["https:\/\/panoramaciudadano.com"],"url":"https:\/\/panoramaciudadano.com\/index.php\/author\/admin_3q6hyqq3\/"}]}},"_links":{"self":[{"href":"https:\/\/panoramaciudadano.com\/index.php\/wp-json\/wp\/v2\/posts\/34292","targetHints":{"allow":["GET"]}}],"collection":[{"href":"https:\/\/panoramaciudadano.com\/index.php\/wp-json\/wp\/v2\/posts"}],"about":[{"href":"https:\/\/panoramaciudadano.com\/index.php\/wp-json\/wp\/v2\/types\/post"}],"author":[{"embeddable":true,"href":"https:\/\/panoramaciudadano.com\/index.php\/wp-json\/wp\/v2\/users\/1"}],"replies":[{"embeddable":true,"href":"https:\/\/panoramaciudadano.com\/index.php\/wp-json\/wp\/v2\/comments?post=34292"}],"version-history":[{"count":1,"href":"https:\/\/panoramaciudadano.com\/index.php\/wp-json\/wp\/v2\/posts\/34292\/revisions"}],"predecessor-version":[{"id":34300,"href":"https:\/\/panoramaciudadano.com\/index.php\/wp-json\/wp\/v2\/posts\/34292\/revisions\/34300"}],"wp:featuredmedia":[{"embeddable":true,"href":"https:\/\/panoramaciudadano.com\/index.php\/wp-json\/wp\/v2\/media\/34294"}],"wp:attachment":[{"href":"https:\/\/panoramaciudadano.com\/index.php\/wp-json\/wp\/v2\/media?parent=34292"}],"wp:term":[{"taxonomy":"category","embeddable":true,"href":"https:\/\/panoramaciudadano.com\/index.php\/wp-json\/wp\/v2\/categories?post=34292"},{"taxonomy":"post_tag","embeddable":true,"href":"https:\/\/panoramaciudadano.com\/index.php\/wp-json\/wp\/v2\/tags?post=34292"}],"curies":[{"name":"wp","href":"https:\/\/api.w.org\/{rel}","templated":true}]}}