{"id":34305,"date":"2026-04-29T10:23:11","date_gmt":"2026-04-29T15:23:11","guid":{"rendered":"https:\/\/panoramaciudadano.com\/?p=34305"},"modified":"2026-04-29T10:23:13","modified_gmt":"2026-04-29T15:23:13","slug":"impulsa-blanca-merari-alianzas-estrategicas-en-el-tianguis-turistico-de-mexico-2026","status":"publish","type":"post","link":"https:\/\/panoramaciudadano.com\/index.php\/2026\/04\/29\/impulsa-blanca-merari-alianzas-estrategicas-en-el-tianguis-turistico-de-mexico-2026\/","title":{"rendered":"IMPULSA BLANCA MERARI ALIANZAS ESTRAT\u00c9GICAS EN EL TIANGUIS TUR\u00cdSTICO DE M\u00c9XICO 2026"},"content":{"rendered":"\n<figure class=\"wp-block-gallery has-nested-images columns-default is-cropped wp-block-gallery-1 is-layout-flex wp-block-gallery-is-layout-flex\">\n<figure class=\"wp-block-image size-large\"><img decoding=\"async\" width=\"1024\" height=\"683\" data-id=\"34307\" src=\"https:\/\/panoramaciudadano.com\/wp-content\/uploads\/2026\/04\/WhatsApp-Image-2026-04-29-at-8.19.32-AM-1-1024x683.jpeg\" alt=\"\" class=\"wp-image-34307\" srcset=\"https:\/\/panoramaciudadano.com\/wp-content\/uploads\/2026\/04\/WhatsApp-Image-2026-04-29-at-8.19.32-AM-1-1024x683.jpeg 1024w, https:\/\/panoramaciudadano.com\/wp-content\/uploads\/2026\/04\/WhatsApp-Image-2026-04-29-at-8.19.32-AM-1-300x200.jpeg 300w, https:\/\/panoramaciudadano.com\/wp-content\/uploads\/2026\/04\/WhatsApp-Image-2026-04-29-at-8.19.32-AM-1-768x512.jpeg 768w, https:\/\/panoramaciudadano.com\/wp-content\/uploads\/2026\/04\/WhatsApp-Image-2026-04-29-at-8.19.32-AM-1.jpeg 1234w\" sizes=\"(max-width: 1024px) 100vw, 1024px\" \/><\/figure>\n\n\n\n<figure class=\"wp-block-image size-large\"><img decoding=\"async\" width=\"1024\" height=\"682\" data-id=\"34306\" src=\"https:\/\/panoramaciudadano.com\/wp-content\/uploads\/2026\/04\/WhatsApp-Image-2026-04-29-at-8.19.32-AM-2-1024x682.jpeg\" alt=\"\" class=\"wp-image-34306\" srcset=\"https:\/\/panoramaciudadano.com\/wp-content\/uploads\/2026\/04\/WhatsApp-Image-2026-04-29-at-8.19.32-AM-2-1024x682.jpeg 1024w, https:\/\/panoramaciudadano.com\/wp-content\/uploads\/2026\/04\/WhatsApp-Image-2026-04-29-at-8.19.32-AM-2-300x200.jpeg 300w, https:\/\/panoramaciudadano.com\/wp-content\/uploads\/2026\/04\/WhatsApp-Image-2026-04-29-at-8.19.32-AM-2-768x512.jpeg 768w, https:\/\/panoramaciudadano.com\/wp-content\/uploads\/2026\/04\/WhatsApp-Image-2026-04-29-at-8.19.32-AM-2.jpeg 1280w\" sizes=\"(max-width: 1024px) 100vw, 1024px\" \/><\/figure>\n\n\n\n<figure class=\"wp-block-image size-large\"><img decoding=\"async\" width=\"1024\" height=\"682\" data-id=\"34309\" src=\"https:\/\/panoramaciudadano.com\/wp-content\/uploads\/2026\/04\/WhatsApp-Image-2026-04-29-at-8.19.32-AM-1024x682.jpeg\" alt=\"\" class=\"wp-image-34309\" srcset=\"https:\/\/panoramaciudadano.com\/wp-content\/uploads\/2026\/04\/WhatsApp-Image-2026-04-29-at-8.19.32-AM-1024x682.jpeg 1024w, https:\/\/panoramaciudadano.com\/wp-content\/uploads\/2026\/04\/WhatsApp-Image-2026-04-29-at-8.19.32-AM-300x200.jpeg 300w, https:\/\/panoramaciudadano.com\/wp-content\/uploads\/2026\/04\/WhatsApp-Image-2026-04-29-at-8.19.32-AM-768x512.jpeg 768w, https:\/\/panoramaciudadano.com\/wp-content\/uploads\/2026\/04\/WhatsApp-Image-2026-04-29-at-8.19.32-AM.jpeg 1280w\" sizes=\"(max-width: 1024px) 100vw, 1024px\" \/><\/figure>\n\n\n\n<figure class=\"wp-block-image size-large\"><img decoding=\"async\" width=\"1024\" height=\"764\" data-id=\"34308\" src=\"https:\/\/panoramaciudadano.com\/wp-content\/uploads\/2026\/04\/WhatsApp-Image-2026-04-29-at-8.19.33-AM-1-1024x764.jpeg\" alt=\"\" class=\"wp-image-34308\" srcset=\"https:\/\/panoramaciudadano.com\/wp-content\/uploads\/2026\/04\/WhatsApp-Image-2026-04-29-at-8.19.33-AM-1-1024x764.jpeg 1024w, https:\/\/panoramaciudadano.com\/wp-content\/uploads\/2026\/04\/WhatsApp-Image-2026-04-29-at-8.19.33-AM-1-300x224.jpeg 300w, https:\/\/panoramaciudadano.com\/wp-content\/uploads\/2026\/04\/WhatsApp-Image-2026-04-29-at-8.19.33-AM-1-768x573.jpeg 768w, https:\/\/panoramaciudadano.com\/wp-content\/uploads\/2026\/04\/WhatsApp-Image-2026-04-29-at-8.19.33-AM-1.jpeg 1144w\" sizes=\"(max-width: 1024px) 100vw, 1024px\" \/><\/figure>\n\n\n\n<figure class=\"wp-block-image size-large\"><img decoding=\"async\" width=\"1024\" height=\"682\" data-id=\"34310\" src=\"https:\/\/panoramaciudadano.com\/wp-content\/uploads\/2026\/04\/WhatsApp-Image-2026-04-29-at-8.19.33-AM-2-1024x682.jpeg\" alt=\"\" class=\"wp-image-34310\" srcset=\"https:\/\/panoramaciudadano.com\/wp-content\/uploads\/2026\/04\/WhatsApp-Image-2026-04-29-at-8.19.33-AM-2-1024x682.jpeg 1024w, https:\/\/panoramaciudadano.com\/wp-content\/uploads\/2026\/04\/WhatsApp-Image-2026-04-29-at-8.19.33-AM-2-300x200.jpeg 300w, https:\/\/panoramaciudadano.com\/wp-content\/uploads\/2026\/04\/WhatsApp-Image-2026-04-29-at-8.19.33-AM-2-768x512.jpeg 768w, https:\/\/panoramaciudadano.com\/wp-content\/uploads\/2026\/04\/WhatsApp-Image-2026-04-29-at-8.19.33-AM-2.jpeg 1027w\" sizes=\"(max-width: 1024px) 100vw, 1024px\" \/><\/figure>\n\n\n\n<figure class=\"wp-block-image size-large\"><img decoding=\"async\" width=\"1024\" height=\"682\" data-id=\"34311\" src=\"https:\/\/panoramaciudadano.com\/wp-content\/uploads\/2026\/04\/WhatsApp-Image-2026-04-29-at-8.19.33-AM-3-1024x682.jpeg\" alt=\"\" class=\"wp-image-34311\" srcset=\"https:\/\/panoramaciudadano.com\/wp-content\/uploads\/2026\/04\/WhatsApp-Image-2026-04-29-at-8.19.33-AM-3-1024x682.jpeg 1024w, https:\/\/panoramaciudadano.com\/wp-content\/uploads\/2026\/04\/WhatsApp-Image-2026-04-29-at-8.19.33-AM-3-300x200.jpeg 300w, https:\/\/panoramaciudadano.com\/wp-content\/uploads\/2026\/04\/WhatsApp-Image-2026-04-29-at-8.19.33-AM-3-768x512.jpeg 768w, https:\/\/panoramaciudadano.com\/wp-content\/uploads\/2026\/04\/WhatsApp-Image-2026-04-29-at-8.19.33-AM-3.jpeg 1280w\" sizes=\"(max-width: 1024px) 100vw, 1024px\" \/><\/figure>\n\n\n\n<figure class=\"wp-block-image size-large\"><img decoding=\"async\" width=\"1024\" height=\"682\" data-id=\"34312\" src=\"https:\/\/panoramaciudadano.com\/wp-content\/uploads\/2026\/04\/WhatsApp-Image-2026-04-29-at-8.19.33-AM-4-1024x682.jpeg\" alt=\"\" class=\"wp-image-34312\" srcset=\"https:\/\/panoramaciudadano.com\/wp-content\/uploads\/2026\/04\/WhatsApp-Image-2026-04-29-at-8.19.33-AM-4-1024x682.jpeg 1024w, https:\/\/panoramaciudadano.com\/wp-content\/uploads\/2026\/04\/WhatsApp-Image-2026-04-29-at-8.19.33-AM-4-300x200.jpeg 300w, https:\/\/panoramaciudadano.com\/wp-content\/uploads\/2026\/04\/WhatsApp-Image-2026-04-29-at-8.19.33-AM-4-768x512.jpeg 768w, https:\/\/panoramaciudadano.com\/wp-content\/uploads\/2026\/04\/WhatsApp-Image-2026-04-29-at-8.19.33-AM-4.jpeg 1280w\" sizes=\"(max-width: 1024px) 100vw, 1024px\" \/><\/figure>\n\n\n\n<figure class=\"wp-block-image size-large\"><img decoding=\"async\" width=\"1024\" height=\"682\" data-id=\"34313\" src=\"https:\/\/panoramaciudadano.com\/wp-content\/uploads\/2026\/04\/WhatsApp-Image-2026-04-29-at-8.19.33-AM-1024x682.jpeg\" alt=\"\" class=\"wp-image-34313\" srcset=\"https:\/\/panoramaciudadano.com\/wp-content\/uploads\/2026\/04\/WhatsApp-Image-2026-04-29-at-8.19.33-AM-1024x682.jpeg 1024w, https:\/\/panoramaciudadano.com\/wp-content\/uploads\/2026\/04\/WhatsApp-Image-2026-04-29-at-8.19.33-AM-300x200.jpeg 300w, https:\/\/panoramaciudadano.com\/wp-content\/uploads\/2026\/04\/WhatsApp-Image-2026-04-29-at-8.19.33-AM-768x512.jpeg 768w, https:\/\/panoramaciudadano.com\/wp-content\/uploads\/2026\/04\/WhatsApp-Image-2026-04-29-at-8.19.33-AM.jpeg 1280w\" sizes=\"(max-width: 1024px) 100vw, 1024px\" \/><\/figure>\n<\/figure>\n\n\n\n<p>En el marco de la 50 edici\u00f3n del Tianguis Tur\u00edstico de M\u00e9xico 2026, la presidenta municipal de Puerto Morelos, Blanca Merari Tziu Mu\u00f1oz, sostuvo una intensa agenda de reuniones con actores clave de la industria tur\u00edstica, con el objetivo de generar alianzas que fomenten el flujo de viajeros entre destinos, tanto a nivel nacional como internacional.<\/p>\n\n\n\n<p>Estas reuniones estrat\u00e9gicas se llevaron a cabo luego de su participaci\u00f3n en la conferencia del Consejo de Promoci\u00f3n Tur\u00edstica de Quintana Roo y de la Secretar\u00eda de Turismo, SEDETUR, dirigida a medios especializados en la industria de la hospitalidad, donde se reforz\u00f3 la estrategia de promoci\u00f3n del Caribe Mexicano como la Capital Mundial de las Vacaciones.<\/p>\n\n\n\n<p>\u201cSeguimos construyendo puentes de colaboraci\u00f3n que nos permitan atraer m\u00e1s visitantes, diversificar nuestra oferta y consolidar a Puerto Morelos como un destino de clase mundial\u201d, destac\u00f3 la presidenta municipal.<\/p>\n\n\n\n<p>Durante su agenda de trabajo, la alcaldesa dialog\u00f3 con Mirley Pech, del grupo Busbud, con quien explor\u00f3 oportunidades de colaboraci\u00f3n para promover a Puerto Morelos a trav\u00e9s de plataformas de comercializaci\u00f3n del destino y circuitos regionales. Asimismo, dialog\u00f3 con Ileana Zuzuarregi y Leonor Villafa\u00f1a presidenta y expresidenta de AFEET Quintana Roo respectivamente, quienes le dieron a conocer las actividades de la asociaci\u00f3n para sumar el n\u00famero de mujeres asociadas en Puerto Morelos, as\u00ed como la intenci\u00f3n de dar a conocer el destino a las mujeres que ya forman parte de la organizaci\u00f3n, con el objetivo de colaborar y sumar esfuerzos para dar a conocer Puerto Morelos como un punto de lanza en el estado.<\/p>\n\n\n\n<p>Asimismo, sostuvo un encuentro con Natalia Rosales, con sede en Montreal, Quebec, para analizar estrategias de conectividad y comercializaci\u00f3n que faciliten la llegada de visitantes internacionales mediante plataformas digitales de transporte.<\/p>\n\n\n\n<p>De igual forma, como parte de las acciones de vinculaci\u00f3n institucional, la presidenta municipal dialog\u00f3 con el secretario de Turismo de Tuxpan, Veracruz, C\u00e9sar Mauricio Acu\u00f1a Mart\u00ednez, a fin de generar sinergias que promuevan el intercambio tur\u00edstico entre ambos destinos.<\/p>\n\n\n\n<p>Blanca Merari se\u00f1al\u00f3 que Puerto Morelos sigue avanzando en su posicionamiento en el mapa mundial de la industria de la hospitalidad, al sostener reuniones con la tour operadora Puertas del Mundo, representada por Margarita Ortiz; as\u00ed como con Creaci\u00f3n de Experiencias by Innotur, con V\u00edctor Sixto Sanjos\u00e9, de Madrid, Espa\u00f1a.<\/p>\n\n\n\n<p>Asimismo, se reuni\u00f3 con las agencias Sol &amp; Luna y Viajes Ximbal Bin, representadas por Maricela L\u00f3pez Trejo y Rams\u00e9s J. Canto S\u00e1enz, quienes manifestaron su inter\u00e9s en la comercializaci\u00f3n del destino, que tiene como principal atractivo la naturaleza, a trav\u00e9s de la Ruta de los Cenotes, as\u00ed como su potencial como destino ancla para la promoci\u00f3n de otros destinos.<\/p>\n\n\n\n<p>Finalmente, sostuvo una reuni\u00f3n con M\u00f3nica Borja, de Alico Tours, con quien abord\u00f3 estrategias de promoci\u00f3n y comercializaci\u00f3n de experiencias tur\u00edsticas, destacando la riqueza natural, cultural y gastron\u00f3mica de Puerto Morelos.<\/p>\n\n\n\n<p>Cabe destacar que durante esta jornada de trabajo, la presidenta municipal estuvo acompa\u00f1ada por la secretaria de Turismo Sustentable de Puerto Morelos, Karina V\u00e1zquez D\u00edaz, quien adem\u00e1s atendi\u00f3 a tour operadores, agencias y representantes del sector que acudieron directamente al stand del destino, brindando informaci\u00f3n y fortaleciendo la promoci\u00f3n personalizada de la oferta tur\u00edstica del municipio.<\/p>\n\n\n\n<p>La presidenta municipal subray\u00f3 que todas las acciones est\u00e1n enfocadas en seguir posicionando a Puerto Morelos como un destino competitivo, diversificado y atractivo, fortaleciendo su presencia en los principales escaparates tur\u00edsticos y generando oportunidades de desarrollo econ\u00f3mico para la comunidad.<\/p>\n\n\n\n<p>\u201cTenemos una agenda activa y enfocada en resultados. Puerto Morelos avanza firme en su estrategia de promoci\u00f3n tur\u00edstica, aprovechando espacios como el Tianguis Tur\u00edstico de M\u00e9xico para consolidar alianzas que impulsen nuestro crecimiento sostenido\u201d, puntualiz\u00f3.<\/p>\n","protected":false},"excerpt":{"rendered":"<p>La presidenta municipal sostuvo diversas reuniones con representantes de agencias de viajes, as\u00ed como con el titular de Turismo de Tuxpan, Veracruz, para atraer m\u00e1s visitantes y consolidar al destino en mercados nacionales e internacionales.<\/p>\n","protected":false},"author":1,"featured_media":34312,"comment_status":"open","ping_status":"closed","sticky":false,"template":"","format":"standard","meta":{"footnotes":""},"categories":[3],"tags":[414,3010],"class_list":["post-34305","post","type-post","status-publish","format-standard","has-post-thumbnail","hentry","category-nacional","tag-blanca-merari-tziu-munoz","tag-tianguis-turistico-mexico-2026"],"yoast_head":"<!-- This site is optimized with the Yoast SEO plugin v27.5 - https:\/\/yoast.com\/product\/yoast-seo-wordpress\/ -->\n<title>IMPULSA BLANCA MERARI ALIANZAS ESTRAT\u00c9GICAS EN EL TIANGUIS TUR\u00cdSTICO DE M\u00c9XICO 2026 - Panorama Ciudadano<\/title>\n<meta name=\"robots\" content=\"index, follow, max-snippet:-1, max-image-preview:large, max-video-preview:-1\" \/>\n<link rel=\"canonical\" href=\"https:\/\/panoramaciudadano.com\/index.php\/2026\/04\/29\/impulsa-blanca-merari-alianzas-estrategicas-en-el-tianguis-turistico-de-mexico-2026\/\" \/>\n<meta property=\"og:locale\" content=\"es_ES\" \/>\n<meta property=\"og:type\" content=\"article\" \/>\n<meta property=\"og:title\" content=\"IMPULSA BLANCA MERARI ALIANZAS ESTRAT\u00c9GICAS EN EL TIANGUIS TUR\u00cdSTICO DE M\u00c9XICO 2026 - Panorama Ciudadano\" \/>\n<meta property=\"og:description\" content=\"La presidenta municipal sostuvo diversas reuniones con representantes de agencias de viajes, as\u00ed como con el titular de Turismo de Tuxpan, Veracruz, para atraer m\u00e1s visitantes y consolidar al destino en mercados nacionales e internacionales.\" \/>\n<meta property=\"og:url\" content=\"https:\/\/panoramaciudadano.com\/index.php\/2026\/04\/29\/impulsa-blanca-merari-alianzas-estrategicas-en-el-tianguis-turistico-de-mexico-2026\/\" \/>\n<meta property=\"og:site_name\" content=\"Panorama Ciudadano\" \/>\n<meta property=\"article:publisher\" content=\"https:\/\/www.facebook.com\/panoramaciudadano\" \/>\n<meta property=\"article:published_time\" content=\"2026-04-29T15:23:11+00:00\" \/>\n<meta property=\"article:modified_time\" content=\"2026-04-29T15:23:13+00:00\" \/>\n<meta property=\"og:image\" content=\"https:\/\/panoramaciudadano.com\/wp-content\/uploads\/2026\/04\/WhatsApp-Image-2026-04-29-at-8.19.33-AM-4.jpeg\" \/>\n\t<meta property=\"og:image:width\" content=\"1280\" \/>\n\t<meta property=\"og:image:height\" content=\"853\" \/>\n\t<meta property=\"og:image:type\" content=\"image\/jpeg\" \/>\n<meta name=\"author\" content=\"admin\" \/>\n<meta name=\"twitter:card\" content=\"summary_large_image\" \/>\n<meta name=\"twitter:label1\" content=\"Escrito por\" \/>\n\t<meta name=\"twitter:data1\" content=\"admin\" \/>\n\t<meta name=\"twitter:label2\" content=\"Tiempo de lectura\" \/>\n\t<meta name=\"twitter:data2\" content=\"5 minutos\" \/>\n<script type=\"application\/ld+json\" class=\"yoast-schema-graph\">{\"@context\":\"https:\\\/\\\/schema.org\",\"@graph\":[{\"@type\":\"Article\",\"@id\":\"https:\\\/\\\/panoramaciudadano.com\\\/index.php\\\/2026\\\/04\\\/29\\\/impulsa-blanca-merari-alianzas-estrategicas-en-el-tianguis-turistico-de-mexico-2026\\\/#article\",\"isPartOf\":{\"@id\":\"https:\\\/\\\/panoramaciudadano.com\\\/index.php\\\/2026\\\/04\\\/29\\\/impulsa-blanca-merari-alianzas-estrategicas-en-el-tianguis-turistico-de-mexico-2026\\\/\"},\"author\":{\"name\":\"admin\",\"@id\":\"https:\\\/\\\/panoramaciudadano.com\\\/#\\\/schema\\\/person\\\/ffe9fe8ef47d3a93977b5761fd9e0d96\"},\"headline\":\"IMPULSA BLANCA MERARI ALIANZAS ESTRAT\u00c9GICAS EN EL TIANGUIS TUR\u00cdSTICO DE M\u00c9XICO 2026\",\"datePublished\":\"2026-04-29T15:23:11+00:00\",\"dateModified\":\"2026-04-29T15:23:13+00:00\",\"mainEntityOfPage\":{\"@id\":\"https:\\\/\\\/panoramaciudadano.com\\\/index.php\\\/2026\\\/04\\\/29\\\/impulsa-blanca-merari-alianzas-estrategicas-en-el-tianguis-turistico-de-mexico-2026\\\/\"},\"wordCount\":668,\"commentCount\":0,\"publisher\":{\"@id\":\"https:\\\/\\\/panoramaciudadano.com\\\/#organization\"},\"image\":{\"@id\":\"https:\\\/\\\/panoramaciudadano.com\\\/index.php\\\/2026\\\/04\\\/29\\\/impulsa-blanca-merari-alianzas-estrategicas-en-el-tianguis-turistico-de-mexico-2026\\\/#primaryimage\"},\"thumbnailUrl\":\"https:\\\/\\\/panoramaciudadano.com\\\/wp-content\\\/uploads\\\/2026\\\/04\\\/WhatsApp-Image-2026-04-29-at-8.19.33-AM-4.jpeg\",\"keywords\":[\"Blanca Merari Tziu Mu\u00f1oz\",\"Tianguis Tur\u00edstico M\u00e9xico 2026\"],\"articleSection\":[\"Nacional\"],\"inLanguage\":\"es\",\"potentialAction\":[{\"@type\":\"CommentAction\",\"name\":\"Comment\",\"target\":[\"https:\\\/\\\/panoramaciudadano.com\\\/index.php\\\/2026\\\/04\\\/29\\\/impulsa-blanca-merari-alianzas-estrategicas-en-el-tianguis-turistico-de-mexico-2026\\\/#respond\"]}]},{\"@type\":\"WebPage\",\"@id\":\"https:\\\/\\\/panoramaciudadano.com\\\/index.php\\\/2026\\\/04\\\/29\\\/impulsa-blanca-merari-alianzas-estrategicas-en-el-tianguis-turistico-de-mexico-2026\\\/\",\"url\":\"https:\\\/\\\/panoramaciudadano.com\\\/index.php\\\/2026\\\/04\\\/29\\\/impulsa-blanca-merari-alianzas-estrategicas-en-el-tianguis-turistico-de-mexico-2026\\\/\",\"name\":\"IMPULSA BLANCA MERARI ALIANZAS ESTRAT\u00c9GICAS EN EL TIANGUIS TUR\u00cdSTICO DE M\u00c9XICO 2026 - Panorama Ciudadano\",\"isPartOf\":{\"@id\":\"https:\\\/\\\/panoramaciudadano.com\\\/#website\"},\"primaryImageOfPage\":{\"@id\":\"https:\\\/\\\/panoramaciudadano.com\\\/index.php\\\/2026\\\/04\\\/29\\\/impulsa-blanca-merari-alianzas-estrategicas-en-el-tianguis-turistico-de-mexico-2026\\\/#primaryimage\"},\"image\":{\"@id\":\"https:\\\/\\\/panoramaciudadano.com\\\/index.php\\\/2026\\\/04\\\/29\\\/impulsa-blanca-merari-alianzas-estrategicas-en-el-tianguis-turistico-de-mexico-2026\\\/#primaryimage\"},\"thumbnailUrl\":\"https:\\\/\\\/panoramaciudadano.com\\\/wp-content\\\/uploads\\\/2026\\\/04\\\/WhatsApp-Image-2026-04-29-at-8.19.33-AM-4.jpeg\",\"datePublished\":\"2026-04-29T15:23:11+00:00\",\"dateModified\":\"2026-04-29T15:23:13+00:00\",\"breadcrumb\":{\"@id\":\"https:\\\/\\\/panoramaciudadano.com\\\/index.php\\\/2026\\\/04\\\/29\\\/impulsa-blanca-merari-alianzas-estrategicas-en-el-tianguis-turistico-de-mexico-2026\\\/#breadcrumb\"},\"inLanguage\":\"es\",\"potentialAction\":[{\"@type\":\"ReadAction\",\"target\":[\"https:\\\/\\\/panoramaciudadano.com\\\/index.php\\\/2026\\\/04\\\/29\\\/impulsa-blanca-merari-alianzas-estrategicas-en-el-tianguis-turistico-de-mexico-2026\\\/\"]}]},{\"@type\":\"ImageObject\",\"inLanguage\":\"es\",\"@id\":\"https:\\\/\\\/panoramaciudadano.com\\\/index.php\\\/2026\\\/04\\\/29\\\/impulsa-blanca-merari-alianzas-estrategicas-en-el-tianguis-turistico-de-mexico-2026\\\/#primaryimage\",\"url\":\"https:\\\/\\\/panoramaciudadano.com\\\/wp-content\\\/uploads\\\/2026\\\/04\\\/WhatsApp-Image-2026-04-29-at-8.19.33-AM-4.jpeg\",\"contentUrl\":\"https:\\\/\\\/panoramaciudadano.com\\\/wp-content\\\/uploads\\\/2026\\\/04\\\/WhatsApp-Image-2026-04-29-at-8.19.33-AM-4.jpeg\",\"width\":1280,\"height\":853},{\"@type\":\"BreadcrumbList\",\"@id\":\"https:\\\/\\\/panoramaciudadano.com\\\/index.php\\\/2026\\\/04\\\/29\\\/impulsa-blanca-merari-alianzas-estrategicas-en-el-tianguis-turistico-de-mexico-2026\\\/#breadcrumb\",\"itemListElement\":[{\"@type\":\"ListItem\",\"position\":1,\"name\":\"Portada\",\"item\":\"https:\\\/\\\/panoramaciudadano.com\\\/\"},{\"@type\":\"ListItem\",\"position\":2,\"name\":\"IMPULSA BLANCA MERARI ALIANZAS ESTRAT\u00c9GICAS EN EL TIANGUIS TUR\u00cdSTICO DE M\u00c9XICO 2026\"}]},{\"@type\":\"WebSite\",\"@id\":\"https:\\\/\\\/panoramaciudadano.com\\\/#website\",\"url\":\"https:\\\/\\\/panoramaciudadano.com\\\/\",\"name\":\"Panorama Ciudadano\",\"description\":\"\",\"publisher\":{\"@id\":\"https:\\\/\\\/panoramaciudadano.com\\\/#organization\"},\"potentialAction\":[{\"@type\":\"SearchAction\",\"target\":{\"@type\":\"EntryPoint\",\"urlTemplate\":\"https:\\\/\\\/panoramaciudadano.com\\\/?s={search_term_string}\"},\"query-input\":{\"@type\":\"PropertyValueSpecification\",\"valueRequired\":true,\"valueName\":\"search_term_string\"}}],\"inLanguage\":\"es\"},{\"@type\":\"Organization\",\"@id\":\"https:\\\/\\\/panoramaciudadano.com\\\/#organization\",\"name\":\"Panorama Ciudadano\",\"url\":\"https:\\\/\\\/panoramaciudadano.com\\\/\",\"logo\":{\"@type\":\"ImageObject\",\"inLanguage\":\"es\",\"@id\":\"https:\\\/\\\/panoramaciudadano.com\\\/#\\\/schema\\\/logo\\\/image\\\/\",\"url\":\"https:\\\/\\\/panoramaciudadano.com\\\/wp-content\\\/uploads\\\/2024\\\/05\\\/401498640_919267042938564_6290593609399108733_n.jpg\",\"contentUrl\":\"https:\\\/\\\/panoramaciudadano.com\\\/wp-content\\\/uploads\\\/2024\\\/05\\\/401498640_919267042938564_6290593609399108733_n.jpg\",\"width\":960,\"height\":957,\"caption\":\"Panorama Ciudadano\"},\"image\":{\"@id\":\"https:\\\/\\\/panoramaciudadano.com\\\/#\\\/schema\\\/logo\\\/image\\\/\"},\"sameAs\":[\"https:\\\/\\\/www.facebook.com\\\/panoramaciudadano\"]},{\"@type\":\"Person\",\"@id\":\"https:\\\/\\\/panoramaciudadano.com\\\/#\\\/schema\\\/person\\\/ffe9fe8ef47d3a93977b5761fd9e0d96\",\"name\":\"admin\",\"image\":{\"@type\":\"ImageObject\",\"inLanguage\":\"es\",\"@id\":\"https:\\\/\\\/secure.gravatar.com\\\/avatar\\\/2d5a12cacce3f18096f25fadea8abb7202fef18ed669595589853e84260ff451?s=96&d=mm&r=g\",\"url\":\"https:\\\/\\\/secure.gravatar.com\\\/avatar\\\/2d5a12cacce3f18096f25fadea8abb7202fef18ed669595589853e84260ff451?s=96&d=mm&r=g\",\"contentUrl\":\"https:\\\/\\\/secure.gravatar.com\\\/avatar\\\/2d5a12cacce3f18096f25fadea8abb7202fef18ed669595589853e84260ff451?s=96&d=mm&r=g\",\"caption\":\"admin\"},\"sameAs\":[\"https:\\\/\\\/panoramaciudadano.com\"],\"url\":\"https:\\\/\\\/panoramaciudadano.com\\\/index.php\\\/author\\\/admin_3q6hyqq3\\\/\"}]}<\/script>\n<!-- \/ Yoast SEO plugin. -->","yoast_head_json":{"title":"IMPULSA BLANCA MERARI ALIANZAS ESTRAT\u00c9GICAS EN EL TIANGUIS TUR\u00cdSTICO DE M\u00c9XICO 2026 - Panorama Ciudadano","robots":{"index":"index","follow":"follow","max-snippet":"max-snippet:-1","max-image-preview":"max-image-preview:large","max-video-preview":"max-video-preview:-1"},"canonical":"https:\/\/panoramaciudadano.com\/index.php\/2026\/04\/29\/impulsa-blanca-merari-alianzas-estrategicas-en-el-tianguis-turistico-de-mexico-2026\/","og_locale":"es_ES","og_type":"article","og_title":"IMPULSA BLANCA MERARI ALIANZAS ESTRAT\u00c9GICAS EN EL TIANGUIS TUR\u00cdSTICO DE M\u00c9XICO 2026 - Panorama Ciudadano","og_description":"La presidenta municipal sostuvo diversas reuniones con representantes de agencias de viajes, as\u00ed como con el titular de Turismo de Tuxpan, Veracruz, para atraer m\u00e1s visitantes y consolidar al destino en mercados nacionales e internacionales.","og_url":"https:\/\/panoramaciudadano.com\/index.php\/2026\/04\/29\/impulsa-blanca-merari-alianzas-estrategicas-en-el-tianguis-turistico-de-mexico-2026\/","og_site_name":"Panorama Ciudadano","article_publisher":"https:\/\/www.facebook.com\/panoramaciudadano","article_published_time":"2026-04-29T15:23:11+00:00","article_modified_time":"2026-04-29T15:23:13+00:00","og_image":[{"width":1280,"height":853,"url":"https:\/\/panoramaciudadano.com\/wp-content\/uploads\/2026\/04\/WhatsApp-Image-2026-04-29-at-8.19.33-AM-4.jpeg","type":"image\/jpeg"}],"author":"admin","twitter_card":"summary_large_image","twitter_misc":{"Escrito por":"admin","Tiempo de lectura":"5 minutos"},"schema":{"@context":"https:\/\/schema.org","@graph":[{"@type":"Article","@id":"https:\/\/panoramaciudadano.com\/index.php\/2026\/04\/29\/impulsa-blanca-merari-alianzas-estrategicas-en-el-tianguis-turistico-de-mexico-2026\/#article","isPartOf":{"@id":"https:\/\/panoramaciudadano.com\/index.php\/2026\/04\/29\/impulsa-blanca-merari-alianzas-estrategicas-en-el-tianguis-turistico-de-mexico-2026\/"},"author":{"name":"admin","@id":"https:\/\/panoramaciudadano.com\/#\/schema\/person\/ffe9fe8ef47d3a93977b5761fd9e0d96"},"headline":"IMPULSA BLANCA MERARI ALIANZAS ESTRAT\u00c9GICAS EN EL TIANGUIS TUR\u00cdSTICO DE M\u00c9XICO 2026","datePublished":"2026-04-29T15:23:11+00:00","dateModified":"2026-04-29T15:23:13+00:00","mainEntityOfPage":{"@id":"https:\/\/panoramaciudadano.com\/index.php\/2026\/04\/29\/impulsa-blanca-merari-alianzas-estrategicas-en-el-tianguis-turistico-de-mexico-2026\/"},"wordCount":668,"commentCount":0,"publisher":{"@id":"https:\/\/panoramaciudadano.com\/#organization"},"image":{"@id":"https:\/\/panoramaciudadano.com\/index.php\/2026\/04\/29\/impulsa-blanca-merari-alianzas-estrategicas-en-el-tianguis-turistico-de-mexico-2026\/#primaryimage"},"thumbnailUrl":"https:\/\/panoramaciudadano.com\/wp-content\/uploads\/2026\/04\/WhatsApp-Image-2026-04-29-at-8.19.33-AM-4.jpeg","keywords":["Blanca Merari Tziu Mu\u00f1oz","Tianguis Tur\u00edstico M\u00e9xico 2026"],"articleSection":["Nacional"],"inLanguage":"es","potentialAction":[{"@type":"CommentAction","name":"Comment","target":["https:\/\/panoramaciudadano.com\/index.php\/2026\/04\/29\/impulsa-blanca-merari-alianzas-estrategicas-en-el-tianguis-turistico-de-mexico-2026\/#respond"]}]},{"@type":"WebPage","@id":"https:\/\/panoramaciudadano.com\/index.php\/2026\/04\/29\/impulsa-blanca-merari-alianzas-estrategicas-en-el-tianguis-turistico-de-mexico-2026\/","url":"https:\/\/panoramaciudadano.com\/index.php\/2026\/04\/29\/impulsa-blanca-merari-alianzas-estrategicas-en-el-tianguis-turistico-de-mexico-2026\/","name":"IMPULSA BLANCA MERARI ALIANZAS ESTRAT\u00c9GICAS EN EL TIANGUIS TUR\u00cdSTICO DE M\u00c9XICO 2026 - Panorama Ciudadano","isPartOf":{"@id":"https:\/\/panoramaciudadano.com\/#website"},"primaryImageOfPage":{"@id":"https:\/\/panoramaciudadano.com\/index.php\/2026\/04\/29\/impulsa-blanca-merari-alianzas-estrategicas-en-el-tianguis-turistico-de-mexico-2026\/#primaryimage"},"image":{"@id":"https:\/\/panoramaciudadano.com\/index.php\/2026\/04\/29\/impulsa-blanca-merari-alianzas-estrategicas-en-el-tianguis-turistico-de-mexico-2026\/#primaryimage"},"thumbnailUrl":"https:\/\/panoramaciudadano.com\/wp-content\/uploads\/2026\/04\/WhatsApp-Image-2026-04-29-at-8.19.33-AM-4.jpeg","datePublished":"2026-04-29T15:23:11+00:00","dateModified":"2026-04-29T15:23:13+00:00","breadcrumb":{"@id":"https:\/\/panoramaciudadano.com\/index.php\/2026\/04\/29\/impulsa-blanca-merari-alianzas-estrategicas-en-el-tianguis-turistico-de-mexico-2026\/#breadcrumb"},"inLanguage":"es","potentialAction":[{"@type":"ReadAction","target":["https:\/\/panoramaciudadano.com\/index.php\/2026\/04\/29\/impulsa-blanca-merari-alianzas-estrategicas-en-el-tianguis-turistico-de-mexico-2026\/"]}]},{"@type":"ImageObject","inLanguage":"es","@id":"https:\/\/panoramaciudadano.com\/index.php\/2026\/04\/29\/impulsa-blanca-merari-alianzas-estrategicas-en-el-tianguis-turistico-de-mexico-2026\/#primaryimage","url":"https:\/\/panoramaciudadano.com\/wp-content\/uploads\/2026\/04\/WhatsApp-Image-2026-04-29-at-8.19.33-AM-4.jpeg","contentUrl":"https:\/\/panoramaciudadano.com\/wp-content\/uploads\/2026\/04\/WhatsApp-Image-2026-04-29-at-8.19.33-AM-4.jpeg","width":1280,"height":853},{"@type":"BreadcrumbList","@id":"https:\/\/panoramaciudadano.com\/index.php\/2026\/04\/29\/impulsa-blanca-merari-alianzas-estrategicas-en-el-tianguis-turistico-de-mexico-2026\/#breadcrumb","itemListElement":[{"@type":"ListItem","position":1,"name":"Portada","item":"https:\/\/panoramaciudadano.com\/"},{"@type":"ListItem","position":2,"name":"IMPULSA BLANCA MERARI ALIANZAS ESTRAT\u00c9GICAS EN EL TIANGUIS TUR\u00cdSTICO DE M\u00c9XICO 2026"}]},{"@type":"WebSite","@id":"https:\/\/panoramaciudadano.com\/#website","url":"https:\/\/panoramaciudadano.com\/","name":"Panorama Ciudadano","description":"","publisher":{"@id":"https:\/\/panoramaciudadano.com\/#organization"},"potentialAction":[{"@type":"SearchAction","target":{"@type":"EntryPoint","urlTemplate":"https:\/\/panoramaciudadano.com\/?s={search_term_string}"},"query-input":{"@type":"PropertyValueSpecification","valueRequired":true,"valueName":"search_term_string"}}],"inLanguage":"es"},{"@type":"Organization","@id":"https:\/\/panoramaciudadano.com\/#organization","name":"Panorama Ciudadano","url":"https:\/\/panoramaciudadano.com\/","logo":{"@type":"ImageObject","inLanguage":"es","@id":"https:\/\/panoramaciudadano.com\/#\/schema\/logo\/image\/","url":"https:\/\/panoramaciudadano.com\/wp-content\/uploads\/2024\/05\/401498640_919267042938564_6290593609399108733_n.jpg","contentUrl":"https:\/\/panoramaciudadano.com\/wp-content\/uploads\/2024\/05\/401498640_919267042938564_6290593609399108733_n.jpg","width":960,"height":957,"caption":"Panorama Ciudadano"},"image":{"@id":"https:\/\/panoramaciudadano.com\/#\/schema\/logo\/image\/"},"sameAs":["https:\/\/www.facebook.com\/panoramaciudadano"]},{"@type":"Person","@id":"https:\/\/panoramaciudadano.com\/#\/schema\/person\/ffe9fe8ef47d3a93977b5761fd9e0d96","name":"admin","image":{"@type":"ImageObject","inLanguage":"es","@id":"https:\/\/secure.gravatar.com\/avatar\/2d5a12cacce3f18096f25fadea8abb7202fef18ed669595589853e84260ff451?s=96&d=mm&r=g","url":"https:\/\/secure.gravatar.com\/avatar\/2d5a12cacce3f18096f25fadea8abb7202fef18ed669595589853e84260ff451?s=96&d=mm&r=g","contentUrl":"https:\/\/secure.gravatar.com\/avatar\/2d5a12cacce3f18096f25fadea8abb7202fef18ed669595589853e84260ff451?s=96&d=mm&r=g","caption":"admin"},"sameAs":["https:\/\/panoramaciudadano.com"],"url":"https:\/\/panoramaciudadano.com\/index.php\/author\/admin_3q6hyqq3\/"}]}},"_links":{"self":[{"href":"https:\/\/panoramaciudadano.com\/index.php\/wp-json\/wp\/v2\/posts\/34305","targetHints":{"allow":["GET"]}}],"collection":[{"href":"https:\/\/panoramaciudadano.com\/index.php\/wp-json\/wp\/v2\/posts"}],"about":[{"href":"https:\/\/panoramaciudadano.com\/index.php\/wp-json\/wp\/v2\/types\/post"}],"author":[{"embeddable":true,"href":"https:\/\/panoramaciudadano.com\/index.php\/wp-json\/wp\/v2\/users\/1"}],"replies":[{"embeddable":true,"href":"https:\/\/panoramaciudadano.com\/index.php\/wp-json\/wp\/v2\/comments?post=34305"}],"version-history":[{"count":1,"href":"https:\/\/panoramaciudadano.com\/index.php\/wp-json\/wp\/v2\/posts\/34305\/revisions"}],"predecessor-version":[{"id":34314,"href":"https:\/\/panoramaciudadano.com\/index.php\/wp-json\/wp\/v2\/posts\/34305\/revisions\/34314"}],"wp:featuredmedia":[{"embeddable":true,"href":"https:\/\/panoramaciudadano.com\/index.php\/wp-json\/wp\/v2\/media\/34312"}],"wp:attachment":[{"href":"https:\/\/panoramaciudadano.com\/index.php\/wp-json\/wp\/v2\/media?parent=34305"}],"wp:term":[{"taxonomy":"category","embeddable":true,"href":"https:\/\/panoramaciudadano.com\/index.php\/wp-json\/wp\/v2\/categories?post=34305"},{"taxonomy":"post_tag","embeddable":true,"href":"https:\/\/panoramaciudadano.com\/index.php\/wp-json\/wp\/v2\/tags?post=34305"}],"curies":[{"name":"wp","href":"https:\/\/api.w.org\/{rel}","templated":true}]}}