{"id":34317,"date":"2026-04-29T10:26:42","date_gmt":"2026-04-29T15:26:42","guid":{"rendered":"https:\/\/panoramaciudadano.com\/?p=34317"},"modified":"2026-04-29T10:26:43","modified_gmt":"2026-04-29T15:26:43","slug":"promueven-el-fortalecimiento-agricola-en-la-sexta-feria-de-la-semilla-en-la-comunidad-de-el-cedral","status":"publish","type":"post","link":"https:\/\/panoramaciudadano.com\/index.php\/2026\/04\/29\/promueven-el-fortalecimiento-agricola-en-la-sexta-feria-de-la-semilla-en-la-comunidad-de-el-cedral\/","title":{"rendered":"PROMUEVEN EL FORTALECIMIENTO AGR\u00cdCOLA EN LA SEXTA FERIA DE LA SEMILLA EN LA COMUNIDAD DE EL CEDRAL"},"content":{"rendered":"\n<figure class=\"wp-block-gallery has-nested-images columns-default is-cropped wp-block-gallery-1 is-layout-flex wp-block-gallery-is-layout-flex\">\n<figure class=\"wp-block-image size-large\"><img decoding=\"async\" width=\"1024\" height=\"726\" data-id=\"34319\" src=\"https:\/\/panoramaciudadano.com\/wp-content\/uploads\/2026\/04\/WhatsApp-Image-2026-04-29-at-8.28.28-AM-1-1024x726.jpeg\" alt=\"\" class=\"wp-image-34319\" srcset=\"https:\/\/panoramaciudadano.com\/wp-content\/uploads\/2026\/04\/WhatsApp-Image-2026-04-29-at-8.28.28-AM-1-1024x726.jpeg 1024w, https:\/\/panoramaciudadano.com\/wp-content\/uploads\/2026\/04\/WhatsApp-Image-2026-04-29-at-8.28.28-AM-1-300x213.jpeg 300w, https:\/\/panoramaciudadano.com\/wp-content\/uploads\/2026\/04\/WhatsApp-Image-2026-04-29-at-8.28.28-AM-1-768x545.jpeg 768w, https:\/\/panoramaciudadano.com\/wp-content\/uploads\/2026\/04\/WhatsApp-Image-2026-04-29-at-8.28.28-AM-1-1536x1090.jpeg 1536w, https:\/\/panoramaciudadano.com\/wp-content\/uploads\/2026\/04\/WhatsApp-Image-2026-04-29-at-8.28.28-AM-1.jpeg 1600w\" sizes=\"(max-width: 1024px) 100vw, 1024px\" \/><\/figure>\n\n\n\n<figure class=\"wp-block-image size-large\"><img decoding=\"async\" width=\"1024\" height=\"682\" data-id=\"34320\" src=\"https:\/\/panoramaciudadano.com\/wp-content\/uploads\/2026\/04\/WhatsApp-Image-2026-04-29-at-8.28.28-AM-2-1024x682.jpeg\" alt=\"\" class=\"wp-image-34320\" srcset=\"https:\/\/panoramaciudadano.com\/wp-content\/uploads\/2026\/04\/WhatsApp-Image-2026-04-29-at-8.28.28-AM-2-1024x682.jpeg 1024w, https:\/\/panoramaciudadano.com\/wp-content\/uploads\/2026\/04\/WhatsApp-Image-2026-04-29-at-8.28.28-AM-2-300x200.jpeg 300w, https:\/\/panoramaciudadano.com\/wp-content\/uploads\/2026\/04\/WhatsApp-Image-2026-04-29-at-8.28.28-AM-2-768x512.jpeg 768w, https:\/\/panoramaciudadano.com\/wp-content\/uploads\/2026\/04\/WhatsApp-Image-2026-04-29-at-8.28.28-AM-2-1536x1023.jpeg 1536w, https:\/\/panoramaciudadano.com\/wp-content\/uploads\/2026\/04\/WhatsApp-Image-2026-04-29-at-8.28.28-AM-2.jpeg 1600w\" sizes=\"(max-width: 1024px) 100vw, 1024px\" \/><\/figure>\n\n\n\n<figure class=\"wp-block-image size-large\"><img decoding=\"async\" width=\"1024\" height=\"682\" data-id=\"34322\" src=\"https:\/\/panoramaciudadano.com\/wp-content\/uploads\/2026\/04\/WhatsApp-Image-2026-04-29-at-8.28.28-AM-3-1024x682.jpeg\" alt=\"\" class=\"wp-image-34322\" srcset=\"https:\/\/panoramaciudadano.com\/wp-content\/uploads\/2026\/04\/WhatsApp-Image-2026-04-29-at-8.28.28-AM-3-1024x682.jpeg 1024w, https:\/\/panoramaciudadano.com\/wp-content\/uploads\/2026\/04\/WhatsApp-Image-2026-04-29-at-8.28.28-AM-3-300x200.jpeg 300w, https:\/\/panoramaciudadano.com\/wp-content\/uploads\/2026\/04\/WhatsApp-Image-2026-04-29-at-8.28.28-AM-3-768x512.jpeg 768w, https:\/\/panoramaciudadano.com\/wp-content\/uploads\/2026\/04\/WhatsApp-Image-2026-04-29-at-8.28.28-AM-3-1536x1023.jpeg 1536w, https:\/\/panoramaciudadano.com\/wp-content\/uploads\/2026\/04\/WhatsApp-Image-2026-04-29-at-8.28.28-AM-3.jpeg 1600w\" sizes=\"(max-width: 1024px) 100vw, 1024px\" \/><\/figure>\n\n\n\n<figure class=\"wp-block-image size-large\"><img decoding=\"async\" width=\"1024\" height=\"803\" data-id=\"34321\" src=\"https:\/\/panoramaciudadano.com\/wp-content\/uploads\/2026\/04\/WhatsApp-Image-2026-04-29-at-8.28.28-AM-1024x803.jpeg\" alt=\"\" class=\"wp-image-34321\" srcset=\"https:\/\/panoramaciudadano.com\/wp-content\/uploads\/2026\/04\/WhatsApp-Image-2026-04-29-at-8.28.28-AM-1024x803.jpeg 1024w, https:\/\/panoramaciudadano.com\/wp-content\/uploads\/2026\/04\/WhatsApp-Image-2026-04-29-at-8.28.28-AM-300x235.jpeg 300w, https:\/\/panoramaciudadano.com\/wp-content\/uploads\/2026\/04\/WhatsApp-Image-2026-04-29-at-8.28.28-AM-768x602.jpeg 768w, https:\/\/panoramaciudadano.com\/wp-content\/uploads\/2026\/04\/WhatsApp-Image-2026-04-29-at-8.28.28-AM-1536x1205.jpeg 1536w, https:\/\/panoramaciudadano.com\/wp-content\/uploads\/2026\/04\/WhatsApp-Image-2026-04-29-at-8.28.28-AM.jpeg 1600w\" sizes=\"(max-width: 1024px) 100vw, 1024px\" \/><\/figure>\n<\/figure>\n\n\n\n<p>Con el objetivo de impulsar la soberan\u00eda alimentaria y el intercambio de conocimientos ancestrales, se llev\u00f3 a cabo la Sexta Feria de la Semilla en el domo de la comunidad de El Cedral, en el municipio de Oth\u00f3n P. Blanco.<\/p>\n\n\n\n<p>El evento cont\u00f3 con la asistencia de la secretaria de Educaci\u00f3n, Elda Xix Eu\u00e1n, y el titular de la Secretar\u00eda de Desarrollo Agropecuario, Rural y Pesca (Sedarpe), Jorge Aguilar Osorio, quienes recorrieron los m\u00f3dulos donde productores locales y comunidades vecinas exhibieron una amplia variedad de semillas nativas.<\/p>\n\n\n\n<p>La jornada sirvi\u00f3 como un espacio de encuentro entre campesinos, funcionarios y escuelas vinculadas al sector agropecuario, fomentando el di\u00e1logo sobre t\u00e9cnicas de cultivo y la importancia de preservar la biodiversidad agr\u00edcola de la regi\u00f3n.<\/p>\n\n\n\n<p>Durante la ceremonia, que cont\u00f3 con la presencia de la subdelegada municipal, Yolanda Guti\u00e9rrez L\u00f3pez, y el presidente del comisariado ejidal, Rutilio Reyes Campos, se destac\u00f3 que estas iniciativas forman parte del Nuevo Acuerdo por el Bienestar y Desarrollo de Quintana Roo que encabeza la gobernadora Mara Lezama.<\/p>\n\n\n\n<p>Al respecto, el presidente del Programa de Producci\u00f3n para el Bienestar, Domingo Ramos Gonz\u00e1lez, subray\u00f3 que el fortalecimiento de la econom\u00eda rural es una prioridad para garantizar el progreso de las familias del campo.<\/p>\n\n\n\n<p>Con acciones de fomento a las actividades productivas y el respaldo institucional a los productores, el Gobierno del Estado reafirma su compromiso de transformar la vida en las comunidades, contribuyendo a un desarrollo rural m\u00e1s justo, equitativo y sostenible para todas y todos los quintanarroenses.<\/p>\n","protected":false},"excerpt":{"rendered":"<p>Con el objetivo de impulsar la soberan\u00eda alimentaria y el intercambio de conocimientos ancestrales, se llev\u00f3 a cabo la Sexta Feria de la Semilla en el domo de la comunidad de El Cedral, en el municipio de Oth\u00f3n P. Blanco.<\/p>\n","protected":false},"author":1,"featured_media":34322,"comment_status":"open","ping_status":"closed","sticky":false,"template":"","format":"standard","meta":{"footnotes":""},"categories":[2382],"tags":[3011],"class_list":["post-34317","post","type-post","status-publish","format-standard","has-post-thumbnail","hentry","category-othon-p-blanco","tag-el-cedral"],"yoast_head":"<!-- This site is optimized with the Yoast SEO plugin v27.5 - https:\/\/yoast.com\/product\/yoast-seo-wordpress\/ -->\n<title>PROMUEVEN EL FORTALECIMIENTO AGR\u00cdCOLA EN LA SEXTA FERIA DE LA SEMILLA EN LA COMUNIDAD DE EL CEDRAL - Panorama Ciudadano<\/title>\n<meta name=\"robots\" content=\"index, follow, max-snippet:-1, max-image-preview:large, max-video-preview:-1\" \/>\n<link rel=\"canonical\" href=\"https:\/\/panoramaciudadano.com\/index.php\/2026\/04\/29\/promueven-el-fortalecimiento-agricola-en-la-sexta-feria-de-la-semilla-en-la-comunidad-de-el-cedral\/\" \/>\n<meta property=\"og:locale\" content=\"es_ES\" \/>\n<meta property=\"og:type\" content=\"article\" \/>\n<meta property=\"og:title\" content=\"PROMUEVEN EL FORTALECIMIENTO AGR\u00cdCOLA EN LA SEXTA FERIA DE LA SEMILLA EN LA COMUNIDAD DE EL CEDRAL - Panorama Ciudadano\" \/>\n<meta property=\"og:description\" content=\"Con el objetivo de impulsar la soberan\u00eda alimentaria y el intercambio de conocimientos ancestrales, se llev\u00f3 a cabo la Sexta Feria de la Semilla en el domo de la comunidad de El Cedral, en el municipio de Oth\u00f3n P. Blanco.\" \/>\n<meta property=\"og:url\" content=\"https:\/\/panoramaciudadano.com\/index.php\/2026\/04\/29\/promueven-el-fortalecimiento-agricola-en-la-sexta-feria-de-la-semilla-en-la-comunidad-de-el-cedral\/\" \/>\n<meta property=\"og:site_name\" content=\"Panorama Ciudadano\" \/>\n<meta property=\"article:publisher\" content=\"https:\/\/www.facebook.com\/panoramaciudadano\" \/>\n<meta property=\"article:published_time\" content=\"2026-04-29T15:26:42+00:00\" \/>\n<meta property=\"article:modified_time\" content=\"2026-04-29T15:26:43+00:00\" \/>\n<meta property=\"og:image\" content=\"https:\/\/panoramaciudadano.com\/wp-content\/uploads\/2026\/04\/WhatsApp-Image-2026-04-29-at-8.28.28-AM-3.jpeg\" \/>\n\t<meta property=\"og:image:width\" content=\"1600\" \/>\n\t<meta property=\"og:image:height\" content=\"1066\" \/>\n\t<meta property=\"og:image:type\" content=\"image\/jpeg\" \/>\n<meta name=\"author\" content=\"admin\" \/>\n<meta name=\"twitter:card\" content=\"summary_large_image\" \/>\n<meta name=\"twitter:label1\" content=\"Escrito por\" \/>\n\t<meta name=\"twitter:data1\" content=\"admin\" \/>\n\t<meta name=\"twitter:label2\" content=\"Tiempo de lectura\" \/>\n\t<meta name=\"twitter:data2\" content=\"3 minutos\" \/>\n<script type=\"application\/ld+json\" class=\"yoast-schema-graph\">{\"@context\":\"https:\\\/\\\/schema.org\",\"@graph\":[{\"@type\":\"Article\",\"@id\":\"https:\\\/\\\/panoramaciudadano.com\\\/index.php\\\/2026\\\/04\\\/29\\\/promueven-el-fortalecimiento-agricola-en-la-sexta-feria-de-la-semilla-en-la-comunidad-de-el-cedral\\\/#article\",\"isPartOf\":{\"@id\":\"https:\\\/\\\/panoramaciudadano.com\\\/index.php\\\/2026\\\/04\\\/29\\\/promueven-el-fortalecimiento-agricola-en-la-sexta-feria-de-la-semilla-en-la-comunidad-de-el-cedral\\\/\"},\"author\":{\"name\":\"admin\",\"@id\":\"https:\\\/\\\/panoramaciudadano.com\\\/#\\\/schema\\\/person\\\/ffe9fe8ef47d3a93977b5761fd9e0d96\"},\"headline\":\"PROMUEVEN EL FORTALECIMIENTO AGR\u00cdCOLA EN LA SEXTA FERIA DE LA SEMILLA EN LA COMUNIDAD DE EL CEDRAL\",\"datePublished\":\"2026-04-29T15:26:42+00:00\",\"dateModified\":\"2026-04-29T15:26:43+00:00\",\"mainEntityOfPage\":{\"@id\":\"https:\\\/\\\/panoramaciudadano.com\\\/index.php\\\/2026\\\/04\\\/29\\\/promueven-el-fortalecimiento-agricola-en-la-sexta-feria-de-la-semilla-en-la-comunidad-de-el-cedral\\\/\"},\"wordCount\":283,\"commentCount\":0,\"publisher\":{\"@id\":\"https:\\\/\\\/panoramaciudadano.com\\\/#organization\"},\"image\":{\"@id\":\"https:\\\/\\\/panoramaciudadano.com\\\/index.php\\\/2026\\\/04\\\/29\\\/promueven-el-fortalecimiento-agricola-en-la-sexta-feria-de-la-semilla-en-la-comunidad-de-el-cedral\\\/#primaryimage\"},\"thumbnailUrl\":\"https:\\\/\\\/panoramaciudadano.com\\\/wp-content\\\/uploads\\\/2026\\\/04\\\/WhatsApp-Image-2026-04-29-at-8.28.28-AM-3.jpeg\",\"keywords\":[\"El Cedral\"],\"articleSection\":[\"Oth\u00f3n P. Blanco\"],\"inLanguage\":\"es\",\"potentialAction\":[{\"@type\":\"CommentAction\",\"name\":\"Comment\",\"target\":[\"https:\\\/\\\/panoramaciudadano.com\\\/index.php\\\/2026\\\/04\\\/29\\\/promueven-el-fortalecimiento-agricola-en-la-sexta-feria-de-la-semilla-en-la-comunidad-de-el-cedral\\\/#respond\"]}]},{\"@type\":\"WebPage\",\"@id\":\"https:\\\/\\\/panoramaciudadano.com\\\/index.php\\\/2026\\\/04\\\/29\\\/promueven-el-fortalecimiento-agricola-en-la-sexta-feria-de-la-semilla-en-la-comunidad-de-el-cedral\\\/\",\"url\":\"https:\\\/\\\/panoramaciudadano.com\\\/index.php\\\/2026\\\/04\\\/29\\\/promueven-el-fortalecimiento-agricola-en-la-sexta-feria-de-la-semilla-en-la-comunidad-de-el-cedral\\\/\",\"name\":\"PROMUEVEN EL FORTALECIMIENTO AGR\u00cdCOLA EN LA SEXTA FERIA DE LA SEMILLA EN LA COMUNIDAD DE EL CEDRAL - Panorama Ciudadano\",\"isPartOf\":{\"@id\":\"https:\\\/\\\/panoramaciudadano.com\\\/#website\"},\"primaryImageOfPage\":{\"@id\":\"https:\\\/\\\/panoramaciudadano.com\\\/index.php\\\/2026\\\/04\\\/29\\\/promueven-el-fortalecimiento-agricola-en-la-sexta-feria-de-la-semilla-en-la-comunidad-de-el-cedral\\\/#primaryimage\"},\"image\":{\"@id\":\"https:\\\/\\\/panoramaciudadano.com\\\/index.php\\\/2026\\\/04\\\/29\\\/promueven-el-fortalecimiento-agricola-en-la-sexta-feria-de-la-semilla-en-la-comunidad-de-el-cedral\\\/#primaryimage\"},\"thumbnailUrl\":\"https:\\\/\\\/panoramaciudadano.com\\\/wp-content\\\/uploads\\\/2026\\\/04\\\/WhatsApp-Image-2026-04-29-at-8.28.28-AM-3.jpeg\",\"datePublished\":\"2026-04-29T15:26:42+00:00\",\"dateModified\":\"2026-04-29T15:26:43+00:00\",\"breadcrumb\":{\"@id\":\"https:\\\/\\\/panoramaciudadano.com\\\/index.php\\\/2026\\\/04\\\/29\\\/promueven-el-fortalecimiento-agricola-en-la-sexta-feria-de-la-semilla-en-la-comunidad-de-el-cedral\\\/#breadcrumb\"},\"inLanguage\":\"es\",\"potentialAction\":[{\"@type\":\"ReadAction\",\"target\":[\"https:\\\/\\\/panoramaciudadano.com\\\/index.php\\\/2026\\\/04\\\/29\\\/promueven-el-fortalecimiento-agricola-en-la-sexta-feria-de-la-semilla-en-la-comunidad-de-el-cedral\\\/\"]}]},{\"@type\":\"ImageObject\",\"inLanguage\":\"es\",\"@id\":\"https:\\\/\\\/panoramaciudadano.com\\\/index.php\\\/2026\\\/04\\\/29\\\/promueven-el-fortalecimiento-agricola-en-la-sexta-feria-de-la-semilla-en-la-comunidad-de-el-cedral\\\/#primaryimage\",\"url\":\"https:\\\/\\\/panoramaciudadano.com\\\/wp-content\\\/uploads\\\/2026\\\/04\\\/WhatsApp-Image-2026-04-29-at-8.28.28-AM-3.jpeg\",\"contentUrl\":\"https:\\\/\\\/panoramaciudadano.com\\\/wp-content\\\/uploads\\\/2026\\\/04\\\/WhatsApp-Image-2026-04-29-at-8.28.28-AM-3.jpeg\",\"width\":1600,\"height\":1066},{\"@type\":\"BreadcrumbList\",\"@id\":\"https:\\\/\\\/panoramaciudadano.com\\\/index.php\\\/2026\\\/04\\\/29\\\/promueven-el-fortalecimiento-agricola-en-la-sexta-feria-de-la-semilla-en-la-comunidad-de-el-cedral\\\/#breadcrumb\",\"itemListElement\":[{\"@type\":\"ListItem\",\"position\":1,\"name\":\"Portada\",\"item\":\"https:\\\/\\\/panoramaciudadano.com\\\/\"},{\"@type\":\"ListItem\",\"position\":2,\"name\":\"PROMUEVEN EL FORTALECIMIENTO AGR\u00cdCOLA EN LA SEXTA FERIA DE LA SEMILLA EN LA COMUNIDAD DE EL CEDRAL\"}]},{\"@type\":\"WebSite\",\"@id\":\"https:\\\/\\\/panoramaciudadano.com\\\/#website\",\"url\":\"https:\\\/\\\/panoramaciudadano.com\\\/\",\"name\":\"Panorama Ciudadano\",\"description\":\"\",\"publisher\":{\"@id\":\"https:\\\/\\\/panoramaciudadano.com\\\/#organization\"},\"potentialAction\":[{\"@type\":\"SearchAction\",\"target\":{\"@type\":\"EntryPoint\",\"urlTemplate\":\"https:\\\/\\\/panoramaciudadano.com\\\/?s={search_term_string}\"},\"query-input\":{\"@type\":\"PropertyValueSpecification\",\"valueRequired\":true,\"valueName\":\"search_term_string\"}}],\"inLanguage\":\"es\"},{\"@type\":\"Organization\",\"@id\":\"https:\\\/\\\/panoramaciudadano.com\\\/#organization\",\"name\":\"Panorama Ciudadano\",\"url\":\"https:\\\/\\\/panoramaciudadano.com\\\/\",\"logo\":{\"@type\":\"ImageObject\",\"inLanguage\":\"es\",\"@id\":\"https:\\\/\\\/panoramaciudadano.com\\\/#\\\/schema\\\/logo\\\/image\\\/\",\"url\":\"https:\\\/\\\/panoramaciudadano.com\\\/wp-content\\\/uploads\\\/2024\\\/05\\\/401498640_919267042938564_6290593609399108733_n.jpg\",\"contentUrl\":\"https:\\\/\\\/panoramaciudadano.com\\\/wp-content\\\/uploads\\\/2024\\\/05\\\/401498640_919267042938564_6290593609399108733_n.jpg\",\"width\":960,\"height\":957,\"caption\":\"Panorama Ciudadano\"},\"image\":{\"@id\":\"https:\\\/\\\/panoramaciudadano.com\\\/#\\\/schema\\\/logo\\\/image\\\/\"},\"sameAs\":[\"https:\\\/\\\/www.facebook.com\\\/panoramaciudadano\"]},{\"@type\":\"Person\",\"@id\":\"https:\\\/\\\/panoramaciudadano.com\\\/#\\\/schema\\\/person\\\/ffe9fe8ef47d3a93977b5761fd9e0d96\",\"name\":\"admin\",\"image\":{\"@type\":\"ImageObject\",\"inLanguage\":\"es\",\"@id\":\"https:\\\/\\\/secure.gravatar.com\\\/avatar\\\/2d5a12cacce3f18096f25fadea8abb7202fef18ed669595589853e84260ff451?s=96&d=mm&r=g\",\"url\":\"https:\\\/\\\/secure.gravatar.com\\\/avatar\\\/2d5a12cacce3f18096f25fadea8abb7202fef18ed669595589853e84260ff451?s=96&d=mm&r=g\",\"contentUrl\":\"https:\\\/\\\/secure.gravatar.com\\\/avatar\\\/2d5a12cacce3f18096f25fadea8abb7202fef18ed669595589853e84260ff451?s=96&d=mm&r=g\",\"caption\":\"admin\"},\"sameAs\":[\"https:\\\/\\\/panoramaciudadano.com\"],\"url\":\"https:\\\/\\\/panoramaciudadano.com\\\/index.php\\\/author\\\/admin_3q6hyqq3\\\/\"}]}<\/script>\n<!-- \/ Yoast SEO plugin. -->","yoast_head_json":{"title":"PROMUEVEN EL FORTALECIMIENTO AGR\u00cdCOLA EN LA SEXTA FERIA DE LA SEMILLA EN LA COMUNIDAD DE EL CEDRAL - Panorama Ciudadano","robots":{"index":"index","follow":"follow","max-snippet":"max-snippet:-1","max-image-preview":"max-image-preview:large","max-video-preview":"max-video-preview:-1"},"canonical":"https:\/\/panoramaciudadano.com\/index.php\/2026\/04\/29\/promueven-el-fortalecimiento-agricola-en-la-sexta-feria-de-la-semilla-en-la-comunidad-de-el-cedral\/","og_locale":"es_ES","og_type":"article","og_title":"PROMUEVEN EL FORTALECIMIENTO AGR\u00cdCOLA EN LA SEXTA FERIA DE LA SEMILLA EN LA COMUNIDAD DE EL CEDRAL - Panorama Ciudadano","og_description":"Con el objetivo de impulsar la soberan\u00eda alimentaria y el intercambio de conocimientos ancestrales, se llev\u00f3 a cabo la Sexta Feria de la Semilla en el domo de la comunidad de El Cedral, en el municipio de Oth\u00f3n P. Blanco.","og_url":"https:\/\/panoramaciudadano.com\/index.php\/2026\/04\/29\/promueven-el-fortalecimiento-agricola-en-la-sexta-feria-de-la-semilla-en-la-comunidad-de-el-cedral\/","og_site_name":"Panorama Ciudadano","article_publisher":"https:\/\/www.facebook.com\/panoramaciudadano","article_published_time":"2026-04-29T15:26:42+00:00","article_modified_time":"2026-04-29T15:26:43+00:00","og_image":[{"width":1600,"height":1066,"url":"https:\/\/panoramaciudadano.com\/wp-content\/uploads\/2026\/04\/WhatsApp-Image-2026-04-29-at-8.28.28-AM-3.jpeg","type":"image\/jpeg"}],"author":"admin","twitter_card":"summary_large_image","twitter_misc":{"Escrito por":"admin","Tiempo de lectura":"3 minutos"},"schema":{"@context":"https:\/\/schema.org","@graph":[{"@type":"Article","@id":"https:\/\/panoramaciudadano.com\/index.php\/2026\/04\/29\/promueven-el-fortalecimiento-agricola-en-la-sexta-feria-de-la-semilla-en-la-comunidad-de-el-cedral\/#article","isPartOf":{"@id":"https:\/\/panoramaciudadano.com\/index.php\/2026\/04\/29\/promueven-el-fortalecimiento-agricola-en-la-sexta-feria-de-la-semilla-en-la-comunidad-de-el-cedral\/"},"author":{"name":"admin","@id":"https:\/\/panoramaciudadano.com\/#\/schema\/person\/ffe9fe8ef47d3a93977b5761fd9e0d96"},"headline":"PROMUEVEN EL FORTALECIMIENTO AGR\u00cdCOLA EN LA SEXTA FERIA DE LA SEMILLA EN LA COMUNIDAD DE EL CEDRAL","datePublished":"2026-04-29T15:26:42+00:00","dateModified":"2026-04-29T15:26:43+00:00","mainEntityOfPage":{"@id":"https:\/\/panoramaciudadano.com\/index.php\/2026\/04\/29\/promueven-el-fortalecimiento-agricola-en-la-sexta-feria-de-la-semilla-en-la-comunidad-de-el-cedral\/"},"wordCount":283,"commentCount":0,"publisher":{"@id":"https:\/\/panoramaciudadano.com\/#organization"},"image":{"@id":"https:\/\/panoramaciudadano.com\/index.php\/2026\/04\/29\/promueven-el-fortalecimiento-agricola-en-la-sexta-feria-de-la-semilla-en-la-comunidad-de-el-cedral\/#primaryimage"},"thumbnailUrl":"https:\/\/panoramaciudadano.com\/wp-content\/uploads\/2026\/04\/WhatsApp-Image-2026-04-29-at-8.28.28-AM-3.jpeg","keywords":["El Cedral"],"articleSection":["Oth\u00f3n P. Blanco"],"inLanguage":"es","potentialAction":[{"@type":"CommentAction","name":"Comment","target":["https:\/\/panoramaciudadano.com\/index.php\/2026\/04\/29\/promueven-el-fortalecimiento-agricola-en-la-sexta-feria-de-la-semilla-en-la-comunidad-de-el-cedral\/#respond"]}]},{"@type":"WebPage","@id":"https:\/\/panoramaciudadano.com\/index.php\/2026\/04\/29\/promueven-el-fortalecimiento-agricola-en-la-sexta-feria-de-la-semilla-en-la-comunidad-de-el-cedral\/","url":"https:\/\/panoramaciudadano.com\/index.php\/2026\/04\/29\/promueven-el-fortalecimiento-agricola-en-la-sexta-feria-de-la-semilla-en-la-comunidad-de-el-cedral\/","name":"PROMUEVEN EL FORTALECIMIENTO AGR\u00cdCOLA EN LA SEXTA FERIA DE LA SEMILLA EN LA COMUNIDAD DE EL CEDRAL - Panorama Ciudadano","isPartOf":{"@id":"https:\/\/panoramaciudadano.com\/#website"},"primaryImageOfPage":{"@id":"https:\/\/panoramaciudadano.com\/index.php\/2026\/04\/29\/promueven-el-fortalecimiento-agricola-en-la-sexta-feria-de-la-semilla-en-la-comunidad-de-el-cedral\/#primaryimage"},"image":{"@id":"https:\/\/panoramaciudadano.com\/index.php\/2026\/04\/29\/promueven-el-fortalecimiento-agricola-en-la-sexta-feria-de-la-semilla-en-la-comunidad-de-el-cedral\/#primaryimage"},"thumbnailUrl":"https:\/\/panoramaciudadano.com\/wp-content\/uploads\/2026\/04\/WhatsApp-Image-2026-04-29-at-8.28.28-AM-3.jpeg","datePublished":"2026-04-29T15:26:42+00:00","dateModified":"2026-04-29T15:26:43+00:00","breadcrumb":{"@id":"https:\/\/panoramaciudadano.com\/index.php\/2026\/04\/29\/promueven-el-fortalecimiento-agricola-en-la-sexta-feria-de-la-semilla-en-la-comunidad-de-el-cedral\/#breadcrumb"},"inLanguage":"es","potentialAction":[{"@type":"ReadAction","target":["https:\/\/panoramaciudadano.com\/index.php\/2026\/04\/29\/promueven-el-fortalecimiento-agricola-en-la-sexta-feria-de-la-semilla-en-la-comunidad-de-el-cedral\/"]}]},{"@type":"ImageObject","inLanguage":"es","@id":"https:\/\/panoramaciudadano.com\/index.php\/2026\/04\/29\/promueven-el-fortalecimiento-agricola-en-la-sexta-feria-de-la-semilla-en-la-comunidad-de-el-cedral\/#primaryimage","url":"https:\/\/panoramaciudadano.com\/wp-content\/uploads\/2026\/04\/WhatsApp-Image-2026-04-29-at-8.28.28-AM-3.jpeg","contentUrl":"https:\/\/panoramaciudadano.com\/wp-content\/uploads\/2026\/04\/WhatsApp-Image-2026-04-29-at-8.28.28-AM-3.jpeg","width":1600,"height":1066},{"@type":"BreadcrumbList","@id":"https:\/\/panoramaciudadano.com\/index.php\/2026\/04\/29\/promueven-el-fortalecimiento-agricola-en-la-sexta-feria-de-la-semilla-en-la-comunidad-de-el-cedral\/#breadcrumb","itemListElement":[{"@type":"ListItem","position":1,"name":"Portada","item":"https:\/\/panoramaciudadano.com\/"},{"@type":"ListItem","position":2,"name":"PROMUEVEN EL FORTALECIMIENTO AGR\u00cdCOLA EN LA SEXTA FERIA DE LA SEMILLA EN LA COMUNIDAD DE EL CEDRAL"}]},{"@type":"WebSite","@id":"https:\/\/panoramaciudadano.com\/#website","url":"https:\/\/panoramaciudadano.com\/","name":"Panorama Ciudadano","description":"","publisher":{"@id":"https:\/\/panoramaciudadano.com\/#organization"},"potentialAction":[{"@type":"SearchAction","target":{"@type":"EntryPoint","urlTemplate":"https:\/\/panoramaciudadano.com\/?s={search_term_string}"},"query-input":{"@type":"PropertyValueSpecification","valueRequired":true,"valueName":"search_term_string"}}],"inLanguage":"es"},{"@type":"Organization","@id":"https:\/\/panoramaciudadano.com\/#organization","name":"Panorama Ciudadano","url":"https:\/\/panoramaciudadano.com\/","logo":{"@type":"ImageObject","inLanguage":"es","@id":"https:\/\/panoramaciudadano.com\/#\/schema\/logo\/image\/","url":"https:\/\/panoramaciudadano.com\/wp-content\/uploads\/2024\/05\/401498640_919267042938564_6290593609399108733_n.jpg","contentUrl":"https:\/\/panoramaciudadano.com\/wp-content\/uploads\/2024\/05\/401498640_919267042938564_6290593609399108733_n.jpg","width":960,"height":957,"caption":"Panorama Ciudadano"},"image":{"@id":"https:\/\/panoramaciudadano.com\/#\/schema\/logo\/image\/"},"sameAs":["https:\/\/www.facebook.com\/panoramaciudadano"]},{"@type":"Person","@id":"https:\/\/panoramaciudadano.com\/#\/schema\/person\/ffe9fe8ef47d3a93977b5761fd9e0d96","name":"admin","image":{"@type":"ImageObject","inLanguage":"es","@id":"https:\/\/secure.gravatar.com\/avatar\/2d5a12cacce3f18096f25fadea8abb7202fef18ed669595589853e84260ff451?s=96&d=mm&r=g","url":"https:\/\/secure.gravatar.com\/avatar\/2d5a12cacce3f18096f25fadea8abb7202fef18ed669595589853e84260ff451?s=96&d=mm&r=g","contentUrl":"https:\/\/secure.gravatar.com\/avatar\/2d5a12cacce3f18096f25fadea8abb7202fef18ed669595589853e84260ff451?s=96&d=mm&r=g","caption":"admin"},"sameAs":["https:\/\/panoramaciudadano.com"],"url":"https:\/\/panoramaciudadano.com\/index.php\/author\/admin_3q6hyqq3\/"}]}},"_links":{"self":[{"href":"https:\/\/panoramaciudadano.com\/index.php\/wp-json\/wp\/v2\/posts\/34317","targetHints":{"allow":["GET"]}}],"collection":[{"href":"https:\/\/panoramaciudadano.com\/index.php\/wp-json\/wp\/v2\/posts"}],"about":[{"href":"https:\/\/panoramaciudadano.com\/index.php\/wp-json\/wp\/v2\/types\/post"}],"author":[{"embeddable":true,"href":"https:\/\/panoramaciudadano.com\/index.php\/wp-json\/wp\/v2\/users\/1"}],"replies":[{"embeddable":true,"href":"https:\/\/panoramaciudadano.com\/index.php\/wp-json\/wp\/v2\/comments?post=34317"}],"version-history":[{"count":1,"href":"https:\/\/panoramaciudadano.com\/index.php\/wp-json\/wp\/v2\/posts\/34317\/revisions"}],"predecessor-version":[{"id":34323,"href":"https:\/\/panoramaciudadano.com\/index.php\/wp-json\/wp\/v2\/posts\/34317\/revisions\/34323"}],"wp:featuredmedia":[{"embeddable":true,"href":"https:\/\/panoramaciudadano.com\/index.php\/wp-json\/wp\/v2\/media\/34322"}],"wp:attachment":[{"href":"https:\/\/panoramaciudadano.com\/index.php\/wp-json\/wp\/v2\/media?parent=34317"}],"wp:term":[{"taxonomy":"category","embeddable":true,"href":"https:\/\/panoramaciudadano.com\/index.php\/wp-json\/wp\/v2\/categories?post=34317"},{"taxonomy":"post_tag","embeddable":true,"href":"https:\/\/panoramaciudadano.com\/index.php\/wp-json\/wp\/v2\/tags?post=34317"}],"curies":[{"name":"wp","href":"https:\/\/api.w.org\/{rel}","templated":true}]}}