{"id":34318,"date":"2026-04-29T10:30:07","date_gmt":"2026-04-29T15:30:07","guid":{"rendered":"https:\/\/panoramaciudadano.com\/?p=34318"},"modified":"2026-04-29T10:30:10","modified_gmt":"2026-04-29T15:30:10","slug":"encabeza-sabgob-la-primera-mesa-de-trabajo-de-contralores-de-quintana-roo","status":"publish","type":"post","link":"https:\/\/panoramaciudadano.com\/index.php\/2026\/04\/29\/encabeza-sabgob-la-primera-mesa-de-trabajo-de-contralores-de-quintana-roo\/","title":{"rendered":"Encabeza SABGOB la primera mesa de trabajo de Contralores de Quintana Roo"},"content":{"rendered":"\n<figure class=\"wp-block-gallery has-nested-images columns-default is-cropped wp-block-gallery-1 is-layout-flex wp-block-gallery-is-layout-flex\">\n<figure class=\"wp-block-image size-large\"><img decoding=\"async\" width=\"960\" height=\"640\" data-id=\"34325\" src=\"https:\/\/panoramaciudadano.com\/wp-content\/uploads\/2026\/04\/WhatsApp-Image-2026-04-29-at-8.32.53-AM-1.jpeg\" alt=\"\" class=\"wp-image-34325\" srcset=\"https:\/\/panoramaciudadano.com\/wp-content\/uploads\/2026\/04\/WhatsApp-Image-2026-04-29-at-8.32.53-AM-1.jpeg 960w, https:\/\/panoramaciudadano.com\/wp-content\/uploads\/2026\/04\/WhatsApp-Image-2026-04-29-at-8.32.53-AM-1-300x200.jpeg 300w, https:\/\/panoramaciudadano.com\/wp-content\/uploads\/2026\/04\/WhatsApp-Image-2026-04-29-at-8.32.53-AM-1-768x512.jpeg 768w\" sizes=\"(max-width: 960px) 100vw, 960px\" \/><\/figure>\n\n\n\n<figure class=\"wp-block-image size-large\"><img decoding=\"async\" width=\"960\" height=\"640\" data-id=\"34326\" src=\"https:\/\/panoramaciudadano.com\/wp-content\/uploads\/2026\/04\/WhatsApp-Image-2026-04-29-at-8.32.53-AM-2.jpeg\" alt=\"\" class=\"wp-image-34326\" srcset=\"https:\/\/panoramaciudadano.com\/wp-content\/uploads\/2026\/04\/WhatsApp-Image-2026-04-29-at-8.32.53-AM-2.jpeg 960w, https:\/\/panoramaciudadano.com\/wp-content\/uploads\/2026\/04\/WhatsApp-Image-2026-04-29-at-8.32.53-AM-2-300x200.jpeg 300w, https:\/\/panoramaciudadano.com\/wp-content\/uploads\/2026\/04\/WhatsApp-Image-2026-04-29-at-8.32.53-AM-2-768x512.jpeg 768w\" sizes=\"(max-width: 960px) 100vw, 960px\" \/><\/figure>\n<\/figure>\n\n\n\n<p>Con la finalidad de dar seguimiento a los objetivos planteados en el Programa Anual de Trabajo 2026, se realiz\u00f3 la Primera Mesa de Trabajo de la Comisi\u00f3n Permanente de Contralores del Estado de Quintana Roo, encabezada por la Secretar\u00eda Anticorrupci\u00f3n y Buen Gobierno (SABGOB), en la ciudad de Chetumal.<\/p>\n\n\n\n<p>La titular de SABGOB, Reyna Arceo Rosado destac\u00f3 que los trabajos que se realizan a trav\u00e9s de Contralores Quintana Roo, son de suma importancia ya que contribuyen a que el Estado avance y se consolide como un gobierno abierto, uno de los principales objetivos de la Gobernadora Mara Lezama Espinosa.<\/p>\n\n\n\n<p>Por su parte, el Diputado Ren\u00e1n S\u00e1nchez Tajonar, Presidente de la Junta de Gobierno y Coordinaci\u00f3n Pol\u00edtica del Congreso del Estado, expres\u00f3 su disposici\u00f3n para contribuir con acciones que fomenten la transparencia en el ejercicio de los recursos p\u00fablicos y construir un buen gobierno.<\/p>\n\n\n\n<p>En el marco de esta reuni\u00f3n, en la que estuvieron presentes los titulares de las Contralor\u00edas Municipales, los \u00d3rganos Internos de Control de los \u00d3rganos Aut\u00f3nomos, as\u00ed como los diputados de la XVIII Legislatura del Congreso del Estado de Quintana Roo, se realiz\u00f3 la presentaci\u00f3n del libro \u201cContabilidad Patrimonial en el Sector P\u00fablico\u201d, a cargo de Cornelio Rico Arvizu.<\/p>\n\n\n\n<p>Como parte del programa, tambi\u00e9n se present\u00f3 la propuesta de protocolo de actuaci\u00f3n para prevenir, atender, investigar y en su caso sancionar los actos de acoso y hostigamiento sexual para los \u00d3rganos Internos de Control de los Poderes P\u00fablicos, Ayuntamientos y Organismos P\u00fablicos Aut\u00f3nomos de la Administraci\u00f3n P\u00fablica del Estado de Quintana Roo. A cargo de Anuar Hiram Reyes Chaidez, subdirector de Responsabilidades Administrativas del \u00d3rgano Interno de Control del Poder Legislativo del Estado de Quintana Roo.<\/p>\n\n\n\n<p>La jornada cont\u00f3 con la conferencia \u201c\u00c9tica y Valores en el Servicio P\u00fablico\u201d que cont\u00f3 con las reflexiones de Francisco Javier Moo Tamay, coordinador del Programa Mujer Segura de la Direcci\u00f3n general de Prevenci\u00f3n Social del Delito y Participaci\u00f3n Ciudadana de la Secretar\u00eda de Seguridad Ciudadana.<\/p>\n\n\n\n<p>La Comisi\u00f3n Permanente de Contralores del Estado de Quintana Roo permite sumar esfuerzos para el dise\u00f1o e implementaci\u00f3n de mecanismos que fortalezcan la transparencia, la rendici\u00f3n de cuentas y el combate a la corrupci\u00f3n, as\u00ed como la evaluaci\u00f3n y desarrollo de la gesti\u00f3n p\u00fablica, en el marco del Nuevo Acuerdo por el Bienestar y Desarrollo de Quintana Roo, que impulsa la gobernadora Mara Lezama Espinosa, con el \u00fanico objetivo de consolidar la justicia social y la prosperidad compartida.<\/p>\n","protected":false},"excerpt":{"rendered":"<p>-Para fortalecer la coordinaci\u00f3n interinstitucional en favor de la transparencia y la rendici\u00f3n de cuentas en el Estado.<\/p>\n","protected":false},"author":1,"featured_media":34324,"comment_status":"open","ping_status":"closed","sticky":false,"template":"","format":"standard","meta":{"footnotes":""},"categories":[5],"tags":[2317],"class_list":["post-34318","post","type-post","status-publish","format-standard","has-post-thumbnail","hentry","category-quintana-roo","tag-sabgob"],"yoast_head":"<!-- This site is optimized with the Yoast SEO plugin v27.5 - https:\/\/yoast.com\/product\/yoast-seo-wordpress\/ -->\n<title>Encabeza SABGOB la primera mesa de trabajo de Contralores de Quintana Roo - Panorama Ciudadano<\/title>\n<meta name=\"robots\" content=\"index, follow, max-snippet:-1, max-image-preview:large, max-video-preview:-1\" \/>\n<link rel=\"canonical\" href=\"https:\/\/panoramaciudadano.com\/index.php\/2026\/04\/29\/encabeza-sabgob-la-primera-mesa-de-trabajo-de-contralores-de-quintana-roo\/\" \/>\n<meta property=\"og:locale\" content=\"es_ES\" \/>\n<meta property=\"og:type\" content=\"article\" \/>\n<meta property=\"og:title\" content=\"Encabeza SABGOB la primera mesa de trabajo de Contralores de Quintana Roo - Panorama Ciudadano\" \/>\n<meta property=\"og:description\" content=\"-Para fortalecer la coordinaci\u00f3n interinstitucional en favor de la transparencia y la rendici\u00f3n de cuentas en el Estado.\" \/>\n<meta property=\"og:url\" content=\"https:\/\/panoramaciudadano.com\/index.php\/2026\/04\/29\/encabeza-sabgob-la-primera-mesa-de-trabajo-de-contralores-de-quintana-roo\/\" \/>\n<meta property=\"og:site_name\" content=\"Panorama Ciudadano\" \/>\n<meta property=\"article:publisher\" content=\"https:\/\/www.facebook.com\/panoramaciudadano\" \/>\n<meta property=\"article:published_time\" content=\"2026-04-29T15:30:07+00:00\" \/>\n<meta property=\"article:modified_time\" content=\"2026-04-29T15:30:10+00:00\" \/>\n<meta property=\"og:image\" content=\"https:\/\/panoramaciudadano.com\/wp-content\/uploads\/2026\/04\/WhatsApp-Image-2026-04-29-at-8.32.53-AM.jpeg\" \/>\n\t<meta property=\"og:image:width\" content=\"960\" \/>\n\t<meta property=\"og:image:height\" content=\"640\" \/>\n\t<meta property=\"og:image:type\" content=\"image\/jpeg\" \/>\n<meta name=\"author\" content=\"admin\" \/>\n<meta name=\"twitter:card\" content=\"summary_large_image\" \/>\n<meta name=\"twitter:label1\" content=\"Escrito por\" \/>\n\t<meta name=\"twitter:data1\" content=\"admin\" \/>\n\t<meta name=\"twitter:label2\" content=\"Tiempo de lectura\" \/>\n\t<meta name=\"twitter:data2\" content=\"3 minutos\" \/>\n<script type=\"application\/ld+json\" class=\"yoast-schema-graph\">{\"@context\":\"https:\\\/\\\/schema.org\",\"@graph\":[{\"@type\":\"Article\",\"@id\":\"https:\\\/\\\/panoramaciudadano.com\\\/index.php\\\/2026\\\/04\\\/29\\\/encabeza-sabgob-la-primera-mesa-de-trabajo-de-contralores-de-quintana-roo\\\/#article\",\"isPartOf\":{\"@id\":\"https:\\\/\\\/panoramaciudadano.com\\\/index.php\\\/2026\\\/04\\\/29\\\/encabeza-sabgob-la-primera-mesa-de-trabajo-de-contralores-de-quintana-roo\\\/\"},\"author\":{\"name\":\"admin\",\"@id\":\"https:\\\/\\\/panoramaciudadano.com\\\/#\\\/schema\\\/person\\\/ffe9fe8ef47d3a93977b5761fd9e0d96\"},\"headline\":\"Encabeza SABGOB la primera mesa de trabajo de Contralores de Quintana Roo\",\"datePublished\":\"2026-04-29T15:30:07+00:00\",\"dateModified\":\"2026-04-29T15:30:10+00:00\",\"mainEntityOfPage\":{\"@id\":\"https:\\\/\\\/panoramaciudadano.com\\\/index.php\\\/2026\\\/04\\\/29\\\/encabeza-sabgob-la-primera-mesa-de-trabajo-de-contralores-de-quintana-roo\\\/\"},\"wordCount\":449,\"commentCount\":0,\"publisher\":{\"@id\":\"https:\\\/\\\/panoramaciudadano.com\\\/#organization\"},\"image\":{\"@id\":\"https:\\\/\\\/panoramaciudadano.com\\\/index.php\\\/2026\\\/04\\\/29\\\/encabeza-sabgob-la-primera-mesa-de-trabajo-de-contralores-de-quintana-roo\\\/#primaryimage\"},\"thumbnailUrl\":\"https:\\\/\\\/panoramaciudadano.com\\\/wp-content\\\/uploads\\\/2026\\\/04\\\/WhatsApp-Image-2026-04-29-at-8.32.53-AM.jpeg\",\"keywords\":[\"SABGOB\"],\"articleSection\":[\"Quintana Roo\"],\"inLanguage\":\"es\",\"potentialAction\":[{\"@type\":\"CommentAction\",\"name\":\"Comment\",\"target\":[\"https:\\\/\\\/panoramaciudadano.com\\\/index.php\\\/2026\\\/04\\\/29\\\/encabeza-sabgob-la-primera-mesa-de-trabajo-de-contralores-de-quintana-roo\\\/#respond\"]}]},{\"@type\":\"WebPage\",\"@id\":\"https:\\\/\\\/panoramaciudadano.com\\\/index.php\\\/2026\\\/04\\\/29\\\/encabeza-sabgob-la-primera-mesa-de-trabajo-de-contralores-de-quintana-roo\\\/\",\"url\":\"https:\\\/\\\/panoramaciudadano.com\\\/index.php\\\/2026\\\/04\\\/29\\\/encabeza-sabgob-la-primera-mesa-de-trabajo-de-contralores-de-quintana-roo\\\/\",\"name\":\"Encabeza SABGOB la primera mesa de trabajo de Contralores de Quintana Roo - Panorama Ciudadano\",\"isPartOf\":{\"@id\":\"https:\\\/\\\/panoramaciudadano.com\\\/#website\"},\"primaryImageOfPage\":{\"@id\":\"https:\\\/\\\/panoramaciudadano.com\\\/index.php\\\/2026\\\/04\\\/29\\\/encabeza-sabgob-la-primera-mesa-de-trabajo-de-contralores-de-quintana-roo\\\/#primaryimage\"},\"image\":{\"@id\":\"https:\\\/\\\/panoramaciudadano.com\\\/index.php\\\/2026\\\/04\\\/29\\\/encabeza-sabgob-la-primera-mesa-de-trabajo-de-contralores-de-quintana-roo\\\/#primaryimage\"},\"thumbnailUrl\":\"https:\\\/\\\/panoramaciudadano.com\\\/wp-content\\\/uploads\\\/2026\\\/04\\\/WhatsApp-Image-2026-04-29-at-8.32.53-AM.jpeg\",\"datePublished\":\"2026-04-29T15:30:07+00:00\",\"dateModified\":\"2026-04-29T15:30:10+00:00\",\"breadcrumb\":{\"@id\":\"https:\\\/\\\/panoramaciudadano.com\\\/index.php\\\/2026\\\/04\\\/29\\\/encabeza-sabgob-la-primera-mesa-de-trabajo-de-contralores-de-quintana-roo\\\/#breadcrumb\"},\"inLanguage\":\"es\",\"potentialAction\":[{\"@type\":\"ReadAction\",\"target\":[\"https:\\\/\\\/panoramaciudadano.com\\\/index.php\\\/2026\\\/04\\\/29\\\/encabeza-sabgob-la-primera-mesa-de-trabajo-de-contralores-de-quintana-roo\\\/\"]}]},{\"@type\":\"ImageObject\",\"inLanguage\":\"es\",\"@id\":\"https:\\\/\\\/panoramaciudadano.com\\\/index.php\\\/2026\\\/04\\\/29\\\/encabeza-sabgob-la-primera-mesa-de-trabajo-de-contralores-de-quintana-roo\\\/#primaryimage\",\"url\":\"https:\\\/\\\/panoramaciudadano.com\\\/wp-content\\\/uploads\\\/2026\\\/04\\\/WhatsApp-Image-2026-04-29-at-8.32.53-AM.jpeg\",\"contentUrl\":\"https:\\\/\\\/panoramaciudadano.com\\\/wp-content\\\/uploads\\\/2026\\\/04\\\/WhatsApp-Image-2026-04-29-at-8.32.53-AM.jpeg\",\"width\":960,\"height\":640},{\"@type\":\"BreadcrumbList\",\"@id\":\"https:\\\/\\\/panoramaciudadano.com\\\/index.php\\\/2026\\\/04\\\/29\\\/encabeza-sabgob-la-primera-mesa-de-trabajo-de-contralores-de-quintana-roo\\\/#breadcrumb\",\"itemListElement\":[{\"@type\":\"ListItem\",\"position\":1,\"name\":\"Portada\",\"item\":\"https:\\\/\\\/panoramaciudadano.com\\\/\"},{\"@type\":\"ListItem\",\"position\":2,\"name\":\"Encabeza SABGOB la primera mesa de trabajo de Contralores de Quintana Roo\"}]},{\"@type\":\"WebSite\",\"@id\":\"https:\\\/\\\/panoramaciudadano.com\\\/#website\",\"url\":\"https:\\\/\\\/panoramaciudadano.com\\\/\",\"name\":\"Panorama Ciudadano\",\"description\":\"\",\"publisher\":{\"@id\":\"https:\\\/\\\/panoramaciudadano.com\\\/#organization\"},\"potentialAction\":[{\"@type\":\"SearchAction\",\"target\":{\"@type\":\"EntryPoint\",\"urlTemplate\":\"https:\\\/\\\/panoramaciudadano.com\\\/?s={search_term_string}\"},\"query-input\":{\"@type\":\"PropertyValueSpecification\",\"valueRequired\":true,\"valueName\":\"search_term_string\"}}],\"inLanguage\":\"es\"},{\"@type\":\"Organization\",\"@id\":\"https:\\\/\\\/panoramaciudadano.com\\\/#organization\",\"name\":\"Panorama Ciudadano\",\"url\":\"https:\\\/\\\/panoramaciudadano.com\\\/\",\"logo\":{\"@type\":\"ImageObject\",\"inLanguage\":\"es\",\"@id\":\"https:\\\/\\\/panoramaciudadano.com\\\/#\\\/schema\\\/logo\\\/image\\\/\",\"url\":\"https:\\\/\\\/panoramaciudadano.com\\\/wp-content\\\/uploads\\\/2024\\\/05\\\/401498640_919267042938564_6290593609399108733_n.jpg\",\"contentUrl\":\"https:\\\/\\\/panoramaciudadano.com\\\/wp-content\\\/uploads\\\/2024\\\/05\\\/401498640_919267042938564_6290593609399108733_n.jpg\",\"width\":960,\"height\":957,\"caption\":\"Panorama Ciudadano\"},\"image\":{\"@id\":\"https:\\\/\\\/panoramaciudadano.com\\\/#\\\/schema\\\/logo\\\/image\\\/\"},\"sameAs\":[\"https:\\\/\\\/www.facebook.com\\\/panoramaciudadano\"]},{\"@type\":\"Person\",\"@id\":\"https:\\\/\\\/panoramaciudadano.com\\\/#\\\/schema\\\/person\\\/ffe9fe8ef47d3a93977b5761fd9e0d96\",\"name\":\"admin\",\"image\":{\"@type\":\"ImageObject\",\"inLanguage\":\"es\",\"@id\":\"https:\\\/\\\/secure.gravatar.com\\\/avatar\\\/2d5a12cacce3f18096f25fadea8abb7202fef18ed669595589853e84260ff451?s=96&d=mm&r=g\",\"url\":\"https:\\\/\\\/secure.gravatar.com\\\/avatar\\\/2d5a12cacce3f18096f25fadea8abb7202fef18ed669595589853e84260ff451?s=96&d=mm&r=g\",\"contentUrl\":\"https:\\\/\\\/secure.gravatar.com\\\/avatar\\\/2d5a12cacce3f18096f25fadea8abb7202fef18ed669595589853e84260ff451?s=96&d=mm&r=g\",\"caption\":\"admin\"},\"sameAs\":[\"https:\\\/\\\/panoramaciudadano.com\"],\"url\":\"https:\\\/\\\/panoramaciudadano.com\\\/index.php\\\/author\\\/admin_3q6hyqq3\\\/\"}]}<\/script>\n<!-- \/ Yoast SEO plugin. -->","yoast_head_json":{"title":"Encabeza SABGOB la primera mesa de trabajo de Contralores de Quintana Roo - Panorama Ciudadano","robots":{"index":"index","follow":"follow","max-snippet":"max-snippet:-1","max-image-preview":"max-image-preview:large","max-video-preview":"max-video-preview:-1"},"canonical":"https:\/\/panoramaciudadano.com\/index.php\/2026\/04\/29\/encabeza-sabgob-la-primera-mesa-de-trabajo-de-contralores-de-quintana-roo\/","og_locale":"es_ES","og_type":"article","og_title":"Encabeza SABGOB la primera mesa de trabajo de Contralores de Quintana Roo - Panorama Ciudadano","og_description":"-Para fortalecer la coordinaci\u00f3n interinstitucional en favor de la transparencia y la rendici\u00f3n de cuentas en el Estado.","og_url":"https:\/\/panoramaciudadano.com\/index.php\/2026\/04\/29\/encabeza-sabgob-la-primera-mesa-de-trabajo-de-contralores-de-quintana-roo\/","og_site_name":"Panorama Ciudadano","article_publisher":"https:\/\/www.facebook.com\/panoramaciudadano","article_published_time":"2026-04-29T15:30:07+00:00","article_modified_time":"2026-04-29T15:30:10+00:00","og_image":[{"width":960,"height":640,"url":"https:\/\/panoramaciudadano.com\/wp-content\/uploads\/2026\/04\/WhatsApp-Image-2026-04-29-at-8.32.53-AM.jpeg","type":"image\/jpeg"}],"author":"admin","twitter_card":"summary_large_image","twitter_misc":{"Escrito por":"admin","Tiempo de lectura":"3 minutos"},"schema":{"@context":"https:\/\/schema.org","@graph":[{"@type":"Article","@id":"https:\/\/panoramaciudadano.com\/index.php\/2026\/04\/29\/encabeza-sabgob-la-primera-mesa-de-trabajo-de-contralores-de-quintana-roo\/#article","isPartOf":{"@id":"https:\/\/panoramaciudadano.com\/index.php\/2026\/04\/29\/encabeza-sabgob-la-primera-mesa-de-trabajo-de-contralores-de-quintana-roo\/"},"author":{"name":"admin","@id":"https:\/\/panoramaciudadano.com\/#\/schema\/person\/ffe9fe8ef47d3a93977b5761fd9e0d96"},"headline":"Encabeza SABGOB la primera mesa de trabajo de Contralores de Quintana Roo","datePublished":"2026-04-29T15:30:07+00:00","dateModified":"2026-04-29T15:30:10+00:00","mainEntityOfPage":{"@id":"https:\/\/panoramaciudadano.com\/index.php\/2026\/04\/29\/encabeza-sabgob-la-primera-mesa-de-trabajo-de-contralores-de-quintana-roo\/"},"wordCount":449,"commentCount":0,"publisher":{"@id":"https:\/\/panoramaciudadano.com\/#organization"},"image":{"@id":"https:\/\/panoramaciudadano.com\/index.php\/2026\/04\/29\/encabeza-sabgob-la-primera-mesa-de-trabajo-de-contralores-de-quintana-roo\/#primaryimage"},"thumbnailUrl":"https:\/\/panoramaciudadano.com\/wp-content\/uploads\/2026\/04\/WhatsApp-Image-2026-04-29-at-8.32.53-AM.jpeg","keywords":["SABGOB"],"articleSection":["Quintana Roo"],"inLanguage":"es","potentialAction":[{"@type":"CommentAction","name":"Comment","target":["https:\/\/panoramaciudadano.com\/index.php\/2026\/04\/29\/encabeza-sabgob-la-primera-mesa-de-trabajo-de-contralores-de-quintana-roo\/#respond"]}]},{"@type":"WebPage","@id":"https:\/\/panoramaciudadano.com\/index.php\/2026\/04\/29\/encabeza-sabgob-la-primera-mesa-de-trabajo-de-contralores-de-quintana-roo\/","url":"https:\/\/panoramaciudadano.com\/index.php\/2026\/04\/29\/encabeza-sabgob-la-primera-mesa-de-trabajo-de-contralores-de-quintana-roo\/","name":"Encabeza SABGOB la primera mesa de trabajo de Contralores de Quintana Roo - Panorama Ciudadano","isPartOf":{"@id":"https:\/\/panoramaciudadano.com\/#website"},"primaryImageOfPage":{"@id":"https:\/\/panoramaciudadano.com\/index.php\/2026\/04\/29\/encabeza-sabgob-la-primera-mesa-de-trabajo-de-contralores-de-quintana-roo\/#primaryimage"},"image":{"@id":"https:\/\/panoramaciudadano.com\/index.php\/2026\/04\/29\/encabeza-sabgob-la-primera-mesa-de-trabajo-de-contralores-de-quintana-roo\/#primaryimage"},"thumbnailUrl":"https:\/\/panoramaciudadano.com\/wp-content\/uploads\/2026\/04\/WhatsApp-Image-2026-04-29-at-8.32.53-AM.jpeg","datePublished":"2026-04-29T15:30:07+00:00","dateModified":"2026-04-29T15:30:10+00:00","breadcrumb":{"@id":"https:\/\/panoramaciudadano.com\/index.php\/2026\/04\/29\/encabeza-sabgob-la-primera-mesa-de-trabajo-de-contralores-de-quintana-roo\/#breadcrumb"},"inLanguage":"es","potentialAction":[{"@type":"ReadAction","target":["https:\/\/panoramaciudadano.com\/index.php\/2026\/04\/29\/encabeza-sabgob-la-primera-mesa-de-trabajo-de-contralores-de-quintana-roo\/"]}]},{"@type":"ImageObject","inLanguage":"es","@id":"https:\/\/panoramaciudadano.com\/index.php\/2026\/04\/29\/encabeza-sabgob-la-primera-mesa-de-trabajo-de-contralores-de-quintana-roo\/#primaryimage","url":"https:\/\/panoramaciudadano.com\/wp-content\/uploads\/2026\/04\/WhatsApp-Image-2026-04-29-at-8.32.53-AM.jpeg","contentUrl":"https:\/\/panoramaciudadano.com\/wp-content\/uploads\/2026\/04\/WhatsApp-Image-2026-04-29-at-8.32.53-AM.jpeg","width":960,"height":640},{"@type":"BreadcrumbList","@id":"https:\/\/panoramaciudadano.com\/index.php\/2026\/04\/29\/encabeza-sabgob-la-primera-mesa-de-trabajo-de-contralores-de-quintana-roo\/#breadcrumb","itemListElement":[{"@type":"ListItem","position":1,"name":"Portada","item":"https:\/\/panoramaciudadano.com\/"},{"@type":"ListItem","position":2,"name":"Encabeza SABGOB la primera mesa de trabajo de Contralores de Quintana Roo"}]},{"@type":"WebSite","@id":"https:\/\/panoramaciudadano.com\/#website","url":"https:\/\/panoramaciudadano.com\/","name":"Panorama Ciudadano","description":"","publisher":{"@id":"https:\/\/panoramaciudadano.com\/#organization"},"potentialAction":[{"@type":"SearchAction","target":{"@type":"EntryPoint","urlTemplate":"https:\/\/panoramaciudadano.com\/?s={search_term_string}"},"query-input":{"@type":"PropertyValueSpecification","valueRequired":true,"valueName":"search_term_string"}}],"inLanguage":"es"},{"@type":"Organization","@id":"https:\/\/panoramaciudadano.com\/#organization","name":"Panorama Ciudadano","url":"https:\/\/panoramaciudadano.com\/","logo":{"@type":"ImageObject","inLanguage":"es","@id":"https:\/\/panoramaciudadano.com\/#\/schema\/logo\/image\/","url":"https:\/\/panoramaciudadano.com\/wp-content\/uploads\/2024\/05\/401498640_919267042938564_6290593609399108733_n.jpg","contentUrl":"https:\/\/panoramaciudadano.com\/wp-content\/uploads\/2024\/05\/401498640_919267042938564_6290593609399108733_n.jpg","width":960,"height":957,"caption":"Panorama Ciudadano"},"image":{"@id":"https:\/\/panoramaciudadano.com\/#\/schema\/logo\/image\/"},"sameAs":["https:\/\/www.facebook.com\/panoramaciudadano"]},{"@type":"Person","@id":"https:\/\/panoramaciudadano.com\/#\/schema\/person\/ffe9fe8ef47d3a93977b5761fd9e0d96","name":"admin","image":{"@type":"ImageObject","inLanguage":"es","@id":"https:\/\/secure.gravatar.com\/avatar\/2d5a12cacce3f18096f25fadea8abb7202fef18ed669595589853e84260ff451?s=96&d=mm&r=g","url":"https:\/\/secure.gravatar.com\/avatar\/2d5a12cacce3f18096f25fadea8abb7202fef18ed669595589853e84260ff451?s=96&d=mm&r=g","contentUrl":"https:\/\/secure.gravatar.com\/avatar\/2d5a12cacce3f18096f25fadea8abb7202fef18ed669595589853e84260ff451?s=96&d=mm&r=g","caption":"admin"},"sameAs":["https:\/\/panoramaciudadano.com"],"url":"https:\/\/panoramaciudadano.com\/index.php\/author\/admin_3q6hyqq3\/"}]}},"_links":{"self":[{"href":"https:\/\/panoramaciudadano.com\/index.php\/wp-json\/wp\/v2\/posts\/34318","targetHints":{"allow":["GET"]}}],"collection":[{"href":"https:\/\/panoramaciudadano.com\/index.php\/wp-json\/wp\/v2\/posts"}],"about":[{"href":"https:\/\/panoramaciudadano.com\/index.php\/wp-json\/wp\/v2\/types\/post"}],"author":[{"embeddable":true,"href":"https:\/\/panoramaciudadano.com\/index.php\/wp-json\/wp\/v2\/users\/1"}],"replies":[{"embeddable":true,"href":"https:\/\/panoramaciudadano.com\/index.php\/wp-json\/wp\/v2\/comments?post=34318"}],"version-history":[{"count":1,"href":"https:\/\/panoramaciudadano.com\/index.php\/wp-json\/wp\/v2\/posts\/34318\/revisions"}],"predecessor-version":[{"id":34327,"href":"https:\/\/panoramaciudadano.com\/index.php\/wp-json\/wp\/v2\/posts\/34318\/revisions\/34327"}],"wp:featuredmedia":[{"embeddable":true,"href":"https:\/\/panoramaciudadano.com\/index.php\/wp-json\/wp\/v2\/media\/34324"}],"wp:attachment":[{"href":"https:\/\/panoramaciudadano.com\/index.php\/wp-json\/wp\/v2\/media?parent=34318"}],"wp:term":[{"taxonomy":"category","embeddable":true,"href":"https:\/\/panoramaciudadano.com\/index.php\/wp-json\/wp\/v2\/categories?post=34318"},{"taxonomy":"post_tag","embeddable":true,"href":"https:\/\/panoramaciudadano.com\/index.php\/wp-json\/wp\/v2\/tags?post=34318"}],"curies":[{"name":"wp","href":"https:\/\/api.w.org\/{rel}","templated":true}]}}