{"id":34328,"date":"2026-04-29T10:33:28","date_gmt":"2026-04-29T15:33:28","guid":{"rendered":"https:\/\/panoramaciudadano.com\/?p=34328"},"modified":"2026-04-29T10:33:29","modified_gmt":"2026-04-29T15:33:29","slug":"detienen-a-jose-andres-n-en-cancun-por-resistencia-y-agresion-a-la-autoridad","status":"publish","type":"post","link":"https:\/\/panoramaciudadano.com\/index.php\/2026\/04\/29\/detienen-a-jose-andres-n-en-cancun-por-resistencia-y-agresion-a-la-autoridad\/","title":{"rendered":"Detienen a Jos\u00e9 Andr\u00e9s \u201cN\u201d en Canc\u00fan por resistencia y agresi\u00f3n a la autoridad"},"content":{"rendered":"\n<figure class=\"wp-block-image size-large\"><img decoding=\"async\" width=\"1024\" height=\"864\" src=\"https:\/\/panoramaciudadano.com\/wp-content\/uploads\/2026\/04\/WhatsApp-Image-2026-04-29-at-8.42.43-AM-1024x864.jpeg\" alt=\"\" class=\"wp-image-34333\" srcset=\"https:\/\/panoramaciudadano.com\/wp-content\/uploads\/2026\/04\/WhatsApp-Image-2026-04-29-at-8.42.43-AM-1024x864.jpeg 1024w, https:\/\/panoramaciudadano.com\/wp-content\/uploads\/2026\/04\/WhatsApp-Image-2026-04-29-at-8.42.43-AM-300x253.jpeg 300w, https:\/\/panoramaciudadano.com\/wp-content\/uploads\/2026\/04\/WhatsApp-Image-2026-04-29-at-8.42.43-AM-768x648.jpeg 768w, https:\/\/panoramaciudadano.com\/wp-content\/uploads\/2026\/04\/WhatsApp-Image-2026-04-29-at-8.42.43-AM-1536x1296.jpeg 1536w, https:\/\/panoramaciudadano.com\/wp-content\/uploads\/2026\/04\/WhatsApp-Image-2026-04-29-at-8.42.43-AM.jpeg 1600w\" sizes=\"(max-width: 1024px) 100vw, 1024px\" \/><\/figure>\n\n\n\n<p>Elementos de la Direcci\u00f3n de Investigaci\u00f3n de la Secretar\u00eda de Seguridad Ciudadana, en un operativo conjunto con la Secretar\u00eda de Marina (SEMAR), llevaron a cabo la detenci\u00f3n de Jos\u00e9 Andr\u00e9s \u00abN\u00bb por su presunta participaci\u00f3n en el delito de desobediencia y resistencia de particulares.<\/p>\n\n\n\n<p>La captura tuvo lugar en el fraccionamiento Villas del Mar Plus, espec\u00edficamente sobre la Avenida Paseos El Limonero en la Supermanzana 249. Los agentes se encontraban realizando recorridos de prevenci\u00f3n cuando detectaron al masculino merodeando de manera sospechosa dentro de un domicilio. Al notar la presencia de las unidades policiales, el sujeto intent\u00f3 darse a la fuga, pero fue interceptado metros m\u00e1s adelante para una revisi\u00f3n preventiva.<\/p>\n\n\n\n<p>De acuerdo con el reporte oficial, durante el proceso de entrevista el individuo adopt\u00f3 una actitud hostil, agrediendo verbalmente a los oficiales e intentando empujar a uno de los elementos de seguridad. Ante la persistencia de su resistencia f\u00edsica y verbal, se procedi\u00f3 a su aseguramiento inmediato.<\/p>\n\n\n\n<p>El detenido fue trasladado y puesto a disposici\u00f3n de la Fiscal\u00eda General del Estado para los tr\u00e1mites legales correspondientes. Esta intervenci\u00f3n se suma a las acciones de vigilancia bajo la estrategia \u00abQuintana Roo Cero Impunidad\u00bb que busca garantizar la paz en el municipio.<\/p>\n","protected":false},"excerpt":{"rendered":"<p>Elementos de la Direcci\u00f3n de Investigaci\u00f3n de la Secretar\u00eda de Seguridad Ciudadana, en un operativo conjunto con la Secretar\u00eda de Marina (SEMAR), llevaron a cabo la detenci\u00f3n de Jos\u00e9 Andr\u00e9s \u00abN\u00bb por su presunta participaci\u00f3n en el delito de desobediencia y resistencia de particulares.<\/p>\n","protected":false},"author":1,"featured_media":34333,"comment_status":"open","ping_status":"closed","sticky":false,"template":"","format":"standard","meta":{"footnotes":""},"categories":[6],"tags":[839],"class_list":["post-34328","post","type-post","status-publish","format-standard","has-post-thumbnail","hentry","category-cancun","tag-semar"],"yoast_head":"<!-- This site is optimized with the Yoast SEO plugin v27.5 - https:\/\/yoast.com\/product\/yoast-seo-wordpress\/ -->\n<title>Detienen a Jos\u00e9 Andr\u00e9s \u201cN\u201d en Canc\u00fan por resistencia y agresi\u00f3n a la autoridad - Panorama Ciudadano<\/title>\n<meta name=\"robots\" content=\"index, follow, max-snippet:-1, max-image-preview:large, max-video-preview:-1\" \/>\n<link rel=\"canonical\" href=\"https:\/\/panoramaciudadano.com\/index.php\/2026\/04\/29\/detienen-a-jose-andres-n-en-cancun-por-resistencia-y-agresion-a-la-autoridad\/\" \/>\n<meta property=\"og:locale\" content=\"es_ES\" \/>\n<meta property=\"og:type\" content=\"article\" \/>\n<meta property=\"og:title\" content=\"Detienen a Jos\u00e9 Andr\u00e9s \u201cN\u201d en Canc\u00fan por resistencia y agresi\u00f3n a la autoridad - Panorama Ciudadano\" \/>\n<meta property=\"og:description\" content=\"Elementos de la Direcci\u00f3n de Investigaci\u00f3n de la Secretar\u00eda de Seguridad Ciudadana, en un operativo conjunto con la Secretar\u00eda de Marina (SEMAR), llevaron a cabo la detenci\u00f3n de Jos\u00e9 Andr\u00e9s &quot;N&quot; por su presunta participaci\u00f3n en el delito de desobediencia y resistencia de particulares.\" \/>\n<meta property=\"og:url\" content=\"https:\/\/panoramaciudadano.com\/index.php\/2026\/04\/29\/detienen-a-jose-andres-n-en-cancun-por-resistencia-y-agresion-a-la-autoridad\/\" \/>\n<meta property=\"og:site_name\" content=\"Panorama Ciudadano\" \/>\n<meta property=\"article:publisher\" content=\"https:\/\/www.facebook.com\/panoramaciudadano\" \/>\n<meta property=\"article:published_time\" content=\"2026-04-29T15:33:28+00:00\" \/>\n<meta property=\"article:modified_time\" content=\"2026-04-29T15:33:29+00:00\" \/>\n<meta property=\"og:image\" content=\"https:\/\/panoramaciudadano.com\/wp-content\/uploads\/2026\/04\/WhatsApp-Image-2026-04-29-at-8.42.43-AM.jpeg\" \/>\n\t<meta property=\"og:image:width\" content=\"1600\" \/>\n\t<meta property=\"og:image:height\" content=\"1350\" \/>\n\t<meta property=\"og:image:type\" content=\"image\/jpeg\" \/>\n<meta name=\"author\" content=\"admin\" \/>\n<meta name=\"twitter:card\" content=\"summary_large_image\" \/>\n<meta name=\"twitter:label1\" content=\"Escrito por\" \/>\n\t<meta name=\"twitter:data1\" content=\"admin\" \/>\n\t<meta name=\"twitter:label2\" content=\"Tiempo de lectura\" \/>\n\t<meta name=\"twitter:data2\" content=\"2 minutos\" \/>\n<script type=\"application\/ld+json\" class=\"yoast-schema-graph\">{\"@context\":\"https:\\\/\\\/schema.org\",\"@graph\":[{\"@type\":\"Article\",\"@id\":\"https:\\\/\\\/panoramaciudadano.com\\\/index.php\\\/2026\\\/04\\\/29\\\/detienen-a-jose-andres-n-en-cancun-por-resistencia-y-agresion-a-la-autoridad\\\/#article\",\"isPartOf\":{\"@id\":\"https:\\\/\\\/panoramaciudadano.com\\\/index.php\\\/2026\\\/04\\\/29\\\/detienen-a-jose-andres-n-en-cancun-por-resistencia-y-agresion-a-la-autoridad\\\/\"},\"author\":{\"name\":\"admin\",\"@id\":\"https:\\\/\\\/panoramaciudadano.com\\\/#\\\/schema\\\/person\\\/ffe9fe8ef47d3a93977b5761fd9e0d96\"},\"headline\":\"Detienen a Jos\u00e9 Andr\u00e9s \u201cN\u201d en Canc\u00fan por resistencia y agresi\u00f3n a la autoridad\",\"datePublished\":\"2026-04-29T15:33:28+00:00\",\"dateModified\":\"2026-04-29T15:33:29+00:00\",\"mainEntityOfPage\":{\"@id\":\"https:\\\/\\\/panoramaciudadano.com\\\/index.php\\\/2026\\\/04\\\/29\\\/detienen-a-jose-andres-n-en-cancun-por-resistencia-y-agresion-a-la-autoridad\\\/\"},\"wordCount\":233,\"commentCount\":0,\"publisher\":{\"@id\":\"https:\\\/\\\/panoramaciudadano.com\\\/#organization\"},\"image\":{\"@id\":\"https:\\\/\\\/panoramaciudadano.com\\\/index.php\\\/2026\\\/04\\\/29\\\/detienen-a-jose-andres-n-en-cancun-por-resistencia-y-agresion-a-la-autoridad\\\/#primaryimage\"},\"thumbnailUrl\":\"https:\\\/\\\/panoramaciudadano.com\\\/wp-content\\\/uploads\\\/2026\\\/04\\\/WhatsApp-Image-2026-04-29-at-8.42.43-AM.jpeg\",\"keywords\":[\"Semar\"],\"articleSection\":[\"Canc\u00fan\"],\"inLanguage\":\"es\",\"potentialAction\":[{\"@type\":\"CommentAction\",\"name\":\"Comment\",\"target\":[\"https:\\\/\\\/panoramaciudadano.com\\\/index.php\\\/2026\\\/04\\\/29\\\/detienen-a-jose-andres-n-en-cancun-por-resistencia-y-agresion-a-la-autoridad\\\/#respond\"]}]},{\"@type\":\"WebPage\",\"@id\":\"https:\\\/\\\/panoramaciudadano.com\\\/index.php\\\/2026\\\/04\\\/29\\\/detienen-a-jose-andres-n-en-cancun-por-resistencia-y-agresion-a-la-autoridad\\\/\",\"url\":\"https:\\\/\\\/panoramaciudadano.com\\\/index.php\\\/2026\\\/04\\\/29\\\/detienen-a-jose-andres-n-en-cancun-por-resistencia-y-agresion-a-la-autoridad\\\/\",\"name\":\"Detienen a Jos\u00e9 Andr\u00e9s \u201cN\u201d en Canc\u00fan por resistencia y agresi\u00f3n a la autoridad - Panorama Ciudadano\",\"isPartOf\":{\"@id\":\"https:\\\/\\\/panoramaciudadano.com\\\/#website\"},\"primaryImageOfPage\":{\"@id\":\"https:\\\/\\\/panoramaciudadano.com\\\/index.php\\\/2026\\\/04\\\/29\\\/detienen-a-jose-andres-n-en-cancun-por-resistencia-y-agresion-a-la-autoridad\\\/#primaryimage\"},\"image\":{\"@id\":\"https:\\\/\\\/panoramaciudadano.com\\\/index.php\\\/2026\\\/04\\\/29\\\/detienen-a-jose-andres-n-en-cancun-por-resistencia-y-agresion-a-la-autoridad\\\/#primaryimage\"},\"thumbnailUrl\":\"https:\\\/\\\/panoramaciudadano.com\\\/wp-content\\\/uploads\\\/2026\\\/04\\\/WhatsApp-Image-2026-04-29-at-8.42.43-AM.jpeg\",\"datePublished\":\"2026-04-29T15:33:28+00:00\",\"dateModified\":\"2026-04-29T15:33:29+00:00\",\"breadcrumb\":{\"@id\":\"https:\\\/\\\/panoramaciudadano.com\\\/index.php\\\/2026\\\/04\\\/29\\\/detienen-a-jose-andres-n-en-cancun-por-resistencia-y-agresion-a-la-autoridad\\\/#breadcrumb\"},\"inLanguage\":\"es\",\"potentialAction\":[{\"@type\":\"ReadAction\",\"target\":[\"https:\\\/\\\/panoramaciudadano.com\\\/index.php\\\/2026\\\/04\\\/29\\\/detienen-a-jose-andres-n-en-cancun-por-resistencia-y-agresion-a-la-autoridad\\\/\"]}]},{\"@type\":\"ImageObject\",\"inLanguage\":\"es\",\"@id\":\"https:\\\/\\\/panoramaciudadano.com\\\/index.php\\\/2026\\\/04\\\/29\\\/detienen-a-jose-andres-n-en-cancun-por-resistencia-y-agresion-a-la-autoridad\\\/#primaryimage\",\"url\":\"https:\\\/\\\/panoramaciudadano.com\\\/wp-content\\\/uploads\\\/2026\\\/04\\\/WhatsApp-Image-2026-04-29-at-8.42.43-AM.jpeg\",\"contentUrl\":\"https:\\\/\\\/panoramaciudadano.com\\\/wp-content\\\/uploads\\\/2026\\\/04\\\/WhatsApp-Image-2026-04-29-at-8.42.43-AM.jpeg\",\"width\":1600,\"height\":1350},{\"@type\":\"BreadcrumbList\",\"@id\":\"https:\\\/\\\/panoramaciudadano.com\\\/index.php\\\/2026\\\/04\\\/29\\\/detienen-a-jose-andres-n-en-cancun-por-resistencia-y-agresion-a-la-autoridad\\\/#breadcrumb\",\"itemListElement\":[{\"@type\":\"ListItem\",\"position\":1,\"name\":\"Portada\",\"item\":\"https:\\\/\\\/panoramaciudadano.com\\\/\"},{\"@type\":\"ListItem\",\"position\":2,\"name\":\"Detienen a Jos\u00e9 Andr\u00e9s \u201cN\u201d en Canc\u00fan por resistencia y agresi\u00f3n a la autoridad\"}]},{\"@type\":\"WebSite\",\"@id\":\"https:\\\/\\\/panoramaciudadano.com\\\/#website\",\"url\":\"https:\\\/\\\/panoramaciudadano.com\\\/\",\"name\":\"Panorama Ciudadano\",\"description\":\"\",\"publisher\":{\"@id\":\"https:\\\/\\\/panoramaciudadano.com\\\/#organization\"},\"potentialAction\":[{\"@type\":\"SearchAction\",\"target\":{\"@type\":\"EntryPoint\",\"urlTemplate\":\"https:\\\/\\\/panoramaciudadano.com\\\/?s={search_term_string}\"},\"query-input\":{\"@type\":\"PropertyValueSpecification\",\"valueRequired\":true,\"valueName\":\"search_term_string\"}}],\"inLanguage\":\"es\"},{\"@type\":\"Organization\",\"@id\":\"https:\\\/\\\/panoramaciudadano.com\\\/#organization\",\"name\":\"Panorama Ciudadano\",\"url\":\"https:\\\/\\\/panoramaciudadano.com\\\/\",\"logo\":{\"@type\":\"ImageObject\",\"inLanguage\":\"es\",\"@id\":\"https:\\\/\\\/panoramaciudadano.com\\\/#\\\/schema\\\/logo\\\/image\\\/\",\"url\":\"https:\\\/\\\/panoramaciudadano.com\\\/wp-content\\\/uploads\\\/2024\\\/05\\\/401498640_919267042938564_6290593609399108733_n.jpg\",\"contentUrl\":\"https:\\\/\\\/panoramaciudadano.com\\\/wp-content\\\/uploads\\\/2024\\\/05\\\/401498640_919267042938564_6290593609399108733_n.jpg\",\"width\":960,\"height\":957,\"caption\":\"Panorama Ciudadano\"},\"image\":{\"@id\":\"https:\\\/\\\/panoramaciudadano.com\\\/#\\\/schema\\\/logo\\\/image\\\/\"},\"sameAs\":[\"https:\\\/\\\/www.facebook.com\\\/panoramaciudadano\"]},{\"@type\":\"Person\",\"@id\":\"https:\\\/\\\/panoramaciudadano.com\\\/#\\\/schema\\\/person\\\/ffe9fe8ef47d3a93977b5761fd9e0d96\",\"name\":\"admin\",\"image\":{\"@type\":\"ImageObject\",\"inLanguage\":\"es\",\"@id\":\"https:\\\/\\\/secure.gravatar.com\\\/avatar\\\/2d5a12cacce3f18096f25fadea8abb7202fef18ed669595589853e84260ff451?s=96&d=mm&r=g\",\"url\":\"https:\\\/\\\/secure.gravatar.com\\\/avatar\\\/2d5a12cacce3f18096f25fadea8abb7202fef18ed669595589853e84260ff451?s=96&d=mm&r=g\",\"contentUrl\":\"https:\\\/\\\/secure.gravatar.com\\\/avatar\\\/2d5a12cacce3f18096f25fadea8abb7202fef18ed669595589853e84260ff451?s=96&d=mm&r=g\",\"caption\":\"admin\"},\"sameAs\":[\"https:\\\/\\\/panoramaciudadano.com\"],\"url\":\"https:\\\/\\\/panoramaciudadano.com\\\/index.php\\\/author\\\/admin_3q6hyqq3\\\/\"}]}<\/script>\n<!-- \/ Yoast SEO plugin. -->","yoast_head_json":{"title":"Detienen a Jos\u00e9 Andr\u00e9s \u201cN\u201d en Canc\u00fan por resistencia y agresi\u00f3n a la autoridad - Panorama Ciudadano","robots":{"index":"index","follow":"follow","max-snippet":"max-snippet:-1","max-image-preview":"max-image-preview:large","max-video-preview":"max-video-preview:-1"},"canonical":"https:\/\/panoramaciudadano.com\/index.php\/2026\/04\/29\/detienen-a-jose-andres-n-en-cancun-por-resistencia-y-agresion-a-la-autoridad\/","og_locale":"es_ES","og_type":"article","og_title":"Detienen a Jos\u00e9 Andr\u00e9s \u201cN\u201d en Canc\u00fan por resistencia y agresi\u00f3n a la autoridad - Panorama Ciudadano","og_description":"Elementos de la Direcci\u00f3n de Investigaci\u00f3n de la Secretar\u00eda de Seguridad Ciudadana, en un operativo conjunto con la Secretar\u00eda de Marina (SEMAR), llevaron a cabo la detenci\u00f3n de Jos\u00e9 Andr\u00e9s \"N\" por su presunta participaci\u00f3n en el delito de desobediencia y resistencia de particulares.","og_url":"https:\/\/panoramaciudadano.com\/index.php\/2026\/04\/29\/detienen-a-jose-andres-n-en-cancun-por-resistencia-y-agresion-a-la-autoridad\/","og_site_name":"Panorama Ciudadano","article_publisher":"https:\/\/www.facebook.com\/panoramaciudadano","article_published_time":"2026-04-29T15:33:28+00:00","article_modified_time":"2026-04-29T15:33:29+00:00","og_image":[{"width":1600,"height":1350,"url":"https:\/\/panoramaciudadano.com\/wp-content\/uploads\/2026\/04\/WhatsApp-Image-2026-04-29-at-8.42.43-AM.jpeg","type":"image\/jpeg"}],"author":"admin","twitter_card":"summary_large_image","twitter_misc":{"Escrito por":"admin","Tiempo de lectura":"2 minutos"},"schema":{"@context":"https:\/\/schema.org","@graph":[{"@type":"Article","@id":"https:\/\/panoramaciudadano.com\/index.php\/2026\/04\/29\/detienen-a-jose-andres-n-en-cancun-por-resistencia-y-agresion-a-la-autoridad\/#article","isPartOf":{"@id":"https:\/\/panoramaciudadano.com\/index.php\/2026\/04\/29\/detienen-a-jose-andres-n-en-cancun-por-resistencia-y-agresion-a-la-autoridad\/"},"author":{"name":"admin","@id":"https:\/\/panoramaciudadano.com\/#\/schema\/person\/ffe9fe8ef47d3a93977b5761fd9e0d96"},"headline":"Detienen a Jos\u00e9 Andr\u00e9s \u201cN\u201d en Canc\u00fan por resistencia y agresi\u00f3n a la autoridad","datePublished":"2026-04-29T15:33:28+00:00","dateModified":"2026-04-29T15:33:29+00:00","mainEntityOfPage":{"@id":"https:\/\/panoramaciudadano.com\/index.php\/2026\/04\/29\/detienen-a-jose-andres-n-en-cancun-por-resistencia-y-agresion-a-la-autoridad\/"},"wordCount":233,"commentCount":0,"publisher":{"@id":"https:\/\/panoramaciudadano.com\/#organization"},"image":{"@id":"https:\/\/panoramaciudadano.com\/index.php\/2026\/04\/29\/detienen-a-jose-andres-n-en-cancun-por-resistencia-y-agresion-a-la-autoridad\/#primaryimage"},"thumbnailUrl":"https:\/\/panoramaciudadano.com\/wp-content\/uploads\/2026\/04\/WhatsApp-Image-2026-04-29-at-8.42.43-AM.jpeg","keywords":["Semar"],"articleSection":["Canc\u00fan"],"inLanguage":"es","potentialAction":[{"@type":"CommentAction","name":"Comment","target":["https:\/\/panoramaciudadano.com\/index.php\/2026\/04\/29\/detienen-a-jose-andres-n-en-cancun-por-resistencia-y-agresion-a-la-autoridad\/#respond"]}]},{"@type":"WebPage","@id":"https:\/\/panoramaciudadano.com\/index.php\/2026\/04\/29\/detienen-a-jose-andres-n-en-cancun-por-resistencia-y-agresion-a-la-autoridad\/","url":"https:\/\/panoramaciudadano.com\/index.php\/2026\/04\/29\/detienen-a-jose-andres-n-en-cancun-por-resistencia-y-agresion-a-la-autoridad\/","name":"Detienen a Jos\u00e9 Andr\u00e9s \u201cN\u201d en Canc\u00fan por resistencia y agresi\u00f3n a la autoridad - Panorama Ciudadano","isPartOf":{"@id":"https:\/\/panoramaciudadano.com\/#website"},"primaryImageOfPage":{"@id":"https:\/\/panoramaciudadano.com\/index.php\/2026\/04\/29\/detienen-a-jose-andres-n-en-cancun-por-resistencia-y-agresion-a-la-autoridad\/#primaryimage"},"image":{"@id":"https:\/\/panoramaciudadano.com\/index.php\/2026\/04\/29\/detienen-a-jose-andres-n-en-cancun-por-resistencia-y-agresion-a-la-autoridad\/#primaryimage"},"thumbnailUrl":"https:\/\/panoramaciudadano.com\/wp-content\/uploads\/2026\/04\/WhatsApp-Image-2026-04-29-at-8.42.43-AM.jpeg","datePublished":"2026-04-29T15:33:28+00:00","dateModified":"2026-04-29T15:33:29+00:00","breadcrumb":{"@id":"https:\/\/panoramaciudadano.com\/index.php\/2026\/04\/29\/detienen-a-jose-andres-n-en-cancun-por-resistencia-y-agresion-a-la-autoridad\/#breadcrumb"},"inLanguage":"es","potentialAction":[{"@type":"ReadAction","target":["https:\/\/panoramaciudadano.com\/index.php\/2026\/04\/29\/detienen-a-jose-andres-n-en-cancun-por-resistencia-y-agresion-a-la-autoridad\/"]}]},{"@type":"ImageObject","inLanguage":"es","@id":"https:\/\/panoramaciudadano.com\/index.php\/2026\/04\/29\/detienen-a-jose-andres-n-en-cancun-por-resistencia-y-agresion-a-la-autoridad\/#primaryimage","url":"https:\/\/panoramaciudadano.com\/wp-content\/uploads\/2026\/04\/WhatsApp-Image-2026-04-29-at-8.42.43-AM.jpeg","contentUrl":"https:\/\/panoramaciudadano.com\/wp-content\/uploads\/2026\/04\/WhatsApp-Image-2026-04-29-at-8.42.43-AM.jpeg","width":1600,"height":1350},{"@type":"BreadcrumbList","@id":"https:\/\/panoramaciudadano.com\/index.php\/2026\/04\/29\/detienen-a-jose-andres-n-en-cancun-por-resistencia-y-agresion-a-la-autoridad\/#breadcrumb","itemListElement":[{"@type":"ListItem","position":1,"name":"Portada","item":"https:\/\/panoramaciudadano.com\/"},{"@type":"ListItem","position":2,"name":"Detienen a Jos\u00e9 Andr\u00e9s \u201cN\u201d en Canc\u00fan por resistencia y agresi\u00f3n a la autoridad"}]},{"@type":"WebSite","@id":"https:\/\/panoramaciudadano.com\/#website","url":"https:\/\/panoramaciudadano.com\/","name":"Panorama Ciudadano","description":"","publisher":{"@id":"https:\/\/panoramaciudadano.com\/#organization"},"potentialAction":[{"@type":"SearchAction","target":{"@type":"EntryPoint","urlTemplate":"https:\/\/panoramaciudadano.com\/?s={search_term_string}"},"query-input":{"@type":"PropertyValueSpecification","valueRequired":true,"valueName":"search_term_string"}}],"inLanguage":"es"},{"@type":"Organization","@id":"https:\/\/panoramaciudadano.com\/#organization","name":"Panorama Ciudadano","url":"https:\/\/panoramaciudadano.com\/","logo":{"@type":"ImageObject","inLanguage":"es","@id":"https:\/\/panoramaciudadano.com\/#\/schema\/logo\/image\/","url":"https:\/\/panoramaciudadano.com\/wp-content\/uploads\/2024\/05\/401498640_919267042938564_6290593609399108733_n.jpg","contentUrl":"https:\/\/panoramaciudadano.com\/wp-content\/uploads\/2024\/05\/401498640_919267042938564_6290593609399108733_n.jpg","width":960,"height":957,"caption":"Panorama Ciudadano"},"image":{"@id":"https:\/\/panoramaciudadano.com\/#\/schema\/logo\/image\/"},"sameAs":["https:\/\/www.facebook.com\/panoramaciudadano"]},{"@type":"Person","@id":"https:\/\/panoramaciudadano.com\/#\/schema\/person\/ffe9fe8ef47d3a93977b5761fd9e0d96","name":"admin","image":{"@type":"ImageObject","inLanguage":"es","@id":"https:\/\/secure.gravatar.com\/avatar\/2d5a12cacce3f18096f25fadea8abb7202fef18ed669595589853e84260ff451?s=96&d=mm&r=g","url":"https:\/\/secure.gravatar.com\/avatar\/2d5a12cacce3f18096f25fadea8abb7202fef18ed669595589853e84260ff451?s=96&d=mm&r=g","contentUrl":"https:\/\/secure.gravatar.com\/avatar\/2d5a12cacce3f18096f25fadea8abb7202fef18ed669595589853e84260ff451?s=96&d=mm&r=g","caption":"admin"},"sameAs":["https:\/\/panoramaciudadano.com"],"url":"https:\/\/panoramaciudadano.com\/index.php\/author\/admin_3q6hyqq3\/"}]}},"_links":{"self":[{"href":"https:\/\/panoramaciudadano.com\/index.php\/wp-json\/wp\/v2\/posts\/34328","targetHints":{"allow":["GET"]}}],"collection":[{"href":"https:\/\/panoramaciudadano.com\/index.php\/wp-json\/wp\/v2\/posts"}],"about":[{"href":"https:\/\/panoramaciudadano.com\/index.php\/wp-json\/wp\/v2\/types\/post"}],"author":[{"embeddable":true,"href":"https:\/\/panoramaciudadano.com\/index.php\/wp-json\/wp\/v2\/users\/1"}],"replies":[{"embeddable":true,"href":"https:\/\/panoramaciudadano.com\/index.php\/wp-json\/wp\/v2\/comments?post=34328"}],"version-history":[{"count":1,"href":"https:\/\/panoramaciudadano.com\/index.php\/wp-json\/wp\/v2\/posts\/34328\/revisions"}],"predecessor-version":[{"id":34334,"href":"https:\/\/panoramaciudadano.com\/index.php\/wp-json\/wp\/v2\/posts\/34328\/revisions\/34334"}],"wp:featuredmedia":[{"embeddable":true,"href":"https:\/\/panoramaciudadano.com\/index.php\/wp-json\/wp\/v2\/media\/34333"}],"wp:attachment":[{"href":"https:\/\/panoramaciudadano.com\/index.php\/wp-json\/wp\/v2\/media?parent=34328"}],"wp:term":[{"taxonomy":"category","embeddable":true,"href":"https:\/\/panoramaciudadano.com\/index.php\/wp-json\/wp\/v2\/categories?post=34328"},{"taxonomy":"post_tag","embeddable":true,"href":"https:\/\/panoramaciudadano.com\/index.php\/wp-json\/wp\/v2\/tags?post=34328"}],"curies":[{"name":"wp","href":"https:\/\/api.w.org\/{rel}","templated":true}]}}