{"id":34329,"date":"2026-04-29T10:32:31","date_gmt":"2026-04-29T15:32:31","guid":{"rendered":"https:\/\/panoramaciudadano.com\/?p=34329"},"modified":"2026-04-29T10:32:33","modified_gmt":"2026-04-29T15:32:33","slug":"renan-sanchez-tajonar-respalda-iniciativas-de-mara-lezama-para-vivienda-digna-en-quintana-roo","status":"publish","type":"post","link":"https:\/\/panoramaciudadano.com\/index.php\/2026\/04\/29\/renan-sanchez-tajonar-respalda-iniciativas-de-mara-lezama-para-vivienda-digna-en-quintana-roo\/","title":{"rendered":"Ren\u00e1n S\u00e1nchez Tajonar respalda iniciativas de Mara Lezama para vivienda digna en Quintana Roo"},"content":{"rendered":"\n<figure class=\"wp-block-gallery has-nested-images columns-default is-cropped wp-block-gallery-1 is-layout-flex wp-block-gallery-is-layout-flex\">\n<figure class=\"wp-block-image size-large\"><img decoding=\"async\" width=\"1024\" height=\"706\" data-id=\"34330\" src=\"https:\/\/panoramaciudadano.com\/wp-content\/uploads\/2026\/04\/WhatsApp-Image-2026-04-29-at-8.40.02-AM-1-1024x706.jpeg\" alt=\"\" class=\"wp-image-34330\" srcset=\"https:\/\/panoramaciudadano.com\/wp-content\/uploads\/2026\/04\/WhatsApp-Image-2026-04-29-at-8.40.02-AM-1-1024x706.jpeg 1024w, https:\/\/panoramaciudadano.com\/wp-content\/uploads\/2026\/04\/WhatsApp-Image-2026-04-29-at-8.40.02-AM-1-300x207.jpeg 300w, https:\/\/panoramaciudadano.com\/wp-content\/uploads\/2026\/04\/WhatsApp-Image-2026-04-29-at-8.40.02-AM-1-768x529.jpeg 768w, https:\/\/panoramaciudadano.com\/wp-content\/uploads\/2026\/04\/WhatsApp-Image-2026-04-29-at-8.40.02-AM-1-1536x1059.jpeg 1536w, https:\/\/panoramaciudadano.com\/wp-content\/uploads\/2026\/04\/WhatsApp-Image-2026-04-29-at-8.40.02-AM-1.jpeg 1600w\" sizes=\"(max-width: 1024px) 100vw, 1024px\" \/><\/figure>\n<\/figure>\n\n\n\n<p>En Chetumal, el diputado Ren\u00e1n S\u00e1nchez Tajonar, presidente de la JUGOCOPO, mostr\u00f3 su respaldo a las iniciativas enviadas por la gobernadora Mara Lezama al Congreso del Estado. Estas propuestas buscan garantizar vivienda digna, impulsar el desarrollo urbano ordenado y asegurar servicios b\u00e1sicos para las familias quintanarroenses.<\/p>\n\n\n\n<p>Las iniciativas fueron entregadas por la secretaria de Gobierno, Cristina Torres, acompa\u00f1ada por Jos\u00e9 Alonso Ovando, titular de Desarrollo Territorial, y Hugo Federico Garza S\u00e1enz, director de CAPA.<\/p>\n\n\n\n<p>S\u00e1nchez Tajonar destac\u00f3 que se trata de reformas que atienden una de las principales demandas de la ciudadan\u00eda: contar con un hogar adecuado y acceso a agua potable, alcantarillado y saneamiento.<\/p>\n\n\n\n<p>Entre los puntos m\u00e1s relevantes se incluyen:<\/p>\n\n\n\n<ul class=\"wp-block-list\">\n<li>Impulso a la vivienda social con incentivos y facilidades.<\/li>\n\n\n\n<li>Mejor acceso a servicios b\u00e1sicos con tarifas m\u00e1s justas.<\/li>\n\n\n\n<li>Reglas claras para evitar desarrollos irregulares y dar certeza jur\u00eddica a las inversiones.<\/li>\n<\/ul>\n\n\n\n<p>El legislador subray\u00f3 que estas acciones permitir\u00e1n un crecimiento urbano mejor planeado, con espacios dignos y oportunidades reales para todas y todos.<\/p>\n\n\n\n<p>Finalmente, reiter\u00f3 su compromiso de analizar y aprobar iniciativas que fortalezcan la calidad de vida en Quintana Roo.<\/p>\n","protected":false},"excerpt":{"rendered":"<p>En Chetumal, el diputado Ren\u00e1n S\u00e1nchez Tajonar, presidente de la JUGOCOPO, mostr\u00f3 su respaldo a las iniciativas enviadas por la gobernadora Mara Lezama al Congreso del Estado. Estas propuestas buscan garantizar vivienda digna, impulsar el desarrollo urbano ordenado y asegurar servicios b\u00e1sicos para las familias quintanarroenses.<\/p>\n","protected":false},"author":1,"featured_media":34331,"comment_status":"open","ping_status":"closed","sticky":false,"template":"","format":"standard","meta":{"footnotes":""},"categories":[3],"tags":[436,1103],"class_list":["post-34329","post","type-post","status-publish","format-standard","has-post-thumbnail","hentry","category-nacional","tag-jugocopo","tag-renan-sanchez-tajonar"],"yoast_head":"<!-- This site is optimized with the Yoast SEO plugin v27.5 - https:\/\/yoast.com\/product\/yoast-seo-wordpress\/ -->\n<title>Ren\u00e1n S\u00e1nchez Tajonar respalda iniciativas de Mara Lezama para vivienda digna en Quintana Roo - Panorama Ciudadano<\/title>\n<meta name=\"robots\" content=\"index, follow, max-snippet:-1, max-image-preview:large, max-video-preview:-1\" \/>\n<link rel=\"canonical\" href=\"https:\/\/panoramaciudadano.com\/index.php\/2026\/04\/29\/renan-sanchez-tajonar-respalda-iniciativas-de-mara-lezama-para-vivienda-digna-en-quintana-roo\/\" \/>\n<meta property=\"og:locale\" content=\"es_ES\" \/>\n<meta property=\"og:type\" content=\"article\" \/>\n<meta property=\"og:title\" content=\"Ren\u00e1n S\u00e1nchez Tajonar respalda iniciativas de Mara Lezama para vivienda digna en Quintana Roo - Panorama Ciudadano\" \/>\n<meta property=\"og:description\" content=\"En Chetumal, el diputado Ren\u00e1n S\u00e1nchez Tajonar, presidente de la JUGOCOPO, mostr\u00f3 su respaldo a las iniciativas enviadas por la gobernadora Mara Lezama al Congreso del Estado. Estas propuestas buscan garantizar vivienda digna, impulsar el desarrollo urbano ordenado y asegurar servicios b\u00e1sicos para las familias quintanarroenses.\" \/>\n<meta property=\"og:url\" content=\"https:\/\/panoramaciudadano.com\/index.php\/2026\/04\/29\/renan-sanchez-tajonar-respalda-iniciativas-de-mara-lezama-para-vivienda-digna-en-quintana-roo\/\" \/>\n<meta property=\"og:site_name\" content=\"Panorama Ciudadano\" \/>\n<meta property=\"article:publisher\" content=\"https:\/\/www.facebook.com\/panoramaciudadano\" \/>\n<meta property=\"article:published_time\" content=\"2026-04-29T15:32:31+00:00\" \/>\n<meta property=\"article:modified_time\" content=\"2026-04-29T15:32:33+00:00\" \/>\n<meta property=\"og:image\" content=\"https:\/\/panoramaciudadano.com\/wp-content\/uploads\/2026\/04\/WhatsApp-Image-2026-04-29-at-8.40.02-AM.jpeg\" \/>\n\t<meta property=\"og:image:width\" content=\"1600\" \/>\n\t<meta property=\"og:image:height\" content=\"980\" \/>\n\t<meta property=\"og:image:type\" content=\"image\/jpeg\" \/>\n<meta name=\"author\" content=\"admin\" \/>\n<meta name=\"twitter:card\" content=\"summary_large_image\" \/>\n<meta name=\"twitter:label1\" content=\"Escrito por\" \/>\n\t<meta name=\"twitter:data1\" content=\"admin\" \/>\n\t<meta name=\"twitter:label2\" content=\"Tiempo de lectura\" \/>\n\t<meta name=\"twitter:data2\" content=\"2 minutos\" \/>\n<script type=\"application\/ld+json\" class=\"yoast-schema-graph\">{\"@context\":\"https:\\\/\\\/schema.org\",\"@graph\":[{\"@type\":\"Article\",\"@id\":\"https:\\\/\\\/panoramaciudadano.com\\\/index.php\\\/2026\\\/04\\\/29\\\/renan-sanchez-tajonar-respalda-iniciativas-de-mara-lezama-para-vivienda-digna-en-quintana-roo\\\/#article\",\"isPartOf\":{\"@id\":\"https:\\\/\\\/panoramaciudadano.com\\\/index.php\\\/2026\\\/04\\\/29\\\/renan-sanchez-tajonar-respalda-iniciativas-de-mara-lezama-para-vivienda-digna-en-quintana-roo\\\/\"},\"author\":{\"name\":\"admin\",\"@id\":\"https:\\\/\\\/panoramaciudadano.com\\\/#\\\/schema\\\/person\\\/ffe9fe8ef47d3a93977b5761fd9e0d96\"},\"headline\":\"Ren\u00e1n S\u00e1nchez Tajonar respalda iniciativas de Mara Lezama para vivienda digna en Quintana Roo\",\"datePublished\":\"2026-04-29T15:32:31+00:00\",\"dateModified\":\"2026-04-29T15:32:33+00:00\",\"mainEntityOfPage\":{\"@id\":\"https:\\\/\\\/panoramaciudadano.com\\\/index.php\\\/2026\\\/04\\\/29\\\/renan-sanchez-tajonar-respalda-iniciativas-de-mara-lezama-para-vivienda-digna-en-quintana-roo\\\/\"},\"wordCount\":211,\"commentCount\":0,\"publisher\":{\"@id\":\"https:\\\/\\\/panoramaciudadano.com\\\/#organization\"},\"image\":{\"@id\":\"https:\\\/\\\/panoramaciudadano.com\\\/index.php\\\/2026\\\/04\\\/29\\\/renan-sanchez-tajonar-respalda-iniciativas-de-mara-lezama-para-vivienda-digna-en-quintana-roo\\\/#primaryimage\"},\"thumbnailUrl\":\"https:\\\/\\\/panoramaciudadano.com\\\/wp-content\\\/uploads\\\/2026\\\/04\\\/WhatsApp-Image-2026-04-29-at-8.40.02-AM.jpeg\",\"keywords\":[\"JUGOCOPO\",\"Ren\u00e1n S\u00e1nchez Tajonar\"],\"articleSection\":[\"Nacional\"],\"inLanguage\":\"es\",\"potentialAction\":[{\"@type\":\"CommentAction\",\"name\":\"Comment\",\"target\":[\"https:\\\/\\\/panoramaciudadano.com\\\/index.php\\\/2026\\\/04\\\/29\\\/renan-sanchez-tajonar-respalda-iniciativas-de-mara-lezama-para-vivienda-digna-en-quintana-roo\\\/#respond\"]}]},{\"@type\":\"WebPage\",\"@id\":\"https:\\\/\\\/panoramaciudadano.com\\\/index.php\\\/2026\\\/04\\\/29\\\/renan-sanchez-tajonar-respalda-iniciativas-de-mara-lezama-para-vivienda-digna-en-quintana-roo\\\/\",\"url\":\"https:\\\/\\\/panoramaciudadano.com\\\/index.php\\\/2026\\\/04\\\/29\\\/renan-sanchez-tajonar-respalda-iniciativas-de-mara-lezama-para-vivienda-digna-en-quintana-roo\\\/\",\"name\":\"Ren\u00e1n S\u00e1nchez Tajonar respalda iniciativas de Mara Lezama para vivienda digna en Quintana Roo - Panorama Ciudadano\",\"isPartOf\":{\"@id\":\"https:\\\/\\\/panoramaciudadano.com\\\/#website\"},\"primaryImageOfPage\":{\"@id\":\"https:\\\/\\\/panoramaciudadano.com\\\/index.php\\\/2026\\\/04\\\/29\\\/renan-sanchez-tajonar-respalda-iniciativas-de-mara-lezama-para-vivienda-digna-en-quintana-roo\\\/#primaryimage\"},\"image\":{\"@id\":\"https:\\\/\\\/panoramaciudadano.com\\\/index.php\\\/2026\\\/04\\\/29\\\/renan-sanchez-tajonar-respalda-iniciativas-de-mara-lezama-para-vivienda-digna-en-quintana-roo\\\/#primaryimage\"},\"thumbnailUrl\":\"https:\\\/\\\/panoramaciudadano.com\\\/wp-content\\\/uploads\\\/2026\\\/04\\\/WhatsApp-Image-2026-04-29-at-8.40.02-AM.jpeg\",\"datePublished\":\"2026-04-29T15:32:31+00:00\",\"dateModified\":\"2026-04-29T15:32:33+00:00\",\"breadcrumb\":{\"@id\":\"https:\\\/\\\/panoramaciudadano.com\\\/index.php\\\/2026\\\/04\\\/29\\\/renan-sanchez-tajonar-respalda-iniciativas-de-mara-lezama-para-vivienda-digna-en-quintana-roo\\\/#breadcrumb\"},\"inLanguage\":\"es\",\"potentialAction\":[{\"@type\":\"ReadAction\",\"target\":[\"https:\\\/\\\/panoramaciudadano.com\\\/index.php\\\/2026\\\/04\\\/29\\\/renan-sanchez-tajonar-respalda-iniciativas-de-mara-lezama-para-vivienda-digna-en-quintana-roo\\\/\"]}]},{\"@type\":\"ImageObject\",\"inLanguage\":\"es\",\"@id\":\"https:\\\/\\\/panoramaciudadano.com\\\/index.php\\\/2026\\\/04\\\/29\\\/renan-sanchez-tajonar-respalda-iniciativas-de-mara-lezama-para-vivienda-digna-en-quintana-roo\\\/#primaryimage\",\"url\":\"https:\\\/\\\/panoramaciudadano.com\\\/wp-content\\\/uploads\\\/2026\\\/04\\\/WhatsApp-Image-2026-04-29-at-8.40.02-AM.jpeg\",\"contentUrl\":\"https:\\\/\\\/panoramaciudadano.com\\\/wp-content\\\/uploads\\\/2026\\\/04\\\/WhatsApp-Image-2026-04-29-at-8.40.02-AM.jpeg\",\"width\":1600,\"height\":980},{\"@type\":\"BreadcrumbList\",\"@id\":\"https:\\\/\\\/panoramaciudadano.com\\\/index.php\\\/2026\\\/04\\\/29\\\/renan-sanchez-tajonar-respalda-iniciativas-de-mara-lezama-para-vivienda-digna-en-quintana-roo\\\/#breadcrumb\",\"itemListElement\":[{\"@type\":\"ListItem\",\"position\":1,\"name\":\"Portada\",\"item\":\"https:\\\/\\\/panoramaciudadano.com\\\/\"},{\"@type\":\"ListItem\",\"position\":2,\"name\":\"Ren\u00e1n S\u00e1nchez Tajonar respalda iniciativas de Mara Lezama para vivienda digna en Quintana Roo\"}]},{\"@type\":\"WebSite\",\"@id\":\"https:\\\/\\\/panoramaciudadano.com\\\/#website\",\"url\":\"https:\\\/\\\/panoramaciudadano.com\\\/\",\"name\":\"Panorama Ciudadano\",\"description\":\"\",\"publisher\":{\"@id\":\"https:\\\/\\\/panoramaciudadano.com\\\/#organization\"},\"potentialAction\":[{\"@type\":\"SearchAction\",\"target\":{\"@type\":\"EntryPoint\",\"urlTemplate\":\"https:\\\/\\\/panoramaciudadano.com\\\/?s={search_term_string}\"},\"query-input\":{\"@type\":\"PropertyValueSpecification\",\"valueRequired\":true,\"valueName\":\"search_term_string\"}}],\"inLanguage\":\"es\"},{\"@type\":\"Organization\",\"@id\":\"https:\\\/\\\/panoramaciudadano.com\\\/#organization\",\"name\":\"Panorama Ciudadano\",\"url\":\"https:\\\/\\\/panoramaciudadano.com\\\/\",\"logo\":{\"@type\":\"ImageObject\",\"inLanguage\":\"es\",\"@id\":\"https:\\\/\\\/panoramaciudadano.com\\\/#\\\/schema\\\/logo\\\/image\\\/\",\"url\":\"https:\\\/\\\/panoramaciudadano.com\\\/wp-content\\\/uploads\\\/2024\\\/05\\\/401498640_919267042938564_6290593609399108733_n.jpg\",\"contentUrl\":\"https:\\\/\\\/panoramaciudadano.com\\\/wp-content\\\/uploads\\\/2024\\\/05\\\/401498640_919267042938564_6290593609399108733_n.jpg\",\"width\":960,\"height\":957,\"caption\":\"Panorama Ciudadano\"},\"image\":{\"@id\":\"https:\\\/\\\/panoramaciudadano.com\\\/#\\\/schema\\\/logo\\\/image\\\/\"},\"sameAs\":[\"https:\\\/\\\/www.facebook.com\\\/panoramaciudadano\"]},{\"@type\":\"Person\",\"@id\":\"https:\\\/\\\/panoramaciudadano.com\\\/#\\\/schema\\\/person\\\/ffe9fe8ef47d3a93977b5761fd9e0d96\",\"name\":\"admin\",\"image\":{\"@type\":\"ImageObject\",\"inLanguage\":\"es\",\"@id\":\"https:\\\/\\\/secure.gravatar.com\\\/avatar\\\/2d5a12cacce3f18096f25fadea8abb7202fef18ed669595589853e84260ff451?s=96&d=mm&r=g\",\"url\":\"https:\\\/\\\/secure.gravatar.com\\\/avatar\\\/2d5a12cacce3f18096f25fadea8abb7202fef18ed669595589853e84260ff451?s=96&d=mm&r=g\",\"contentUrl\":\"https:\\\/\\\/secure.gravatar.com\\\/avatar\\\/2d5a12cacce3f18096f25fadea8abb7202fef18ed669595589853e84260ff451?s=96&d=mm&r=g\",\"caption\":\"admin\"},\"sameAs\":[\"https:\\\/\\\/panoramaciudadano.com\"],\"url\":\"https:\\\/\\\/panoramaciudadano.com\\\/index.php\\\/author\\\/admin_3q6hyqq3\\\/\"}]}<\/script>\n<!-- \/ Yoast SEO plugin. -->","yoast_head_json":{"title":"Ren\u00e1n S\u00e1nchez Tajonar respalda iniciativas de Mara Lezama para vivienda digna en Quintana Roo - Panorama Ciudadano","robots":{"index":"index","follow":"follow","max-snippet":"max-snippet:-1","max-image-preview":"max-image-preview:large","max-video-preview":"max-video-preview:-1"},"canonical":"https:\/\/panoramaciudadano.com\/index.php\/2026\/04\/29\/renan-sanchez-tajonar-respalda-iniciativas-de-mara-lezama-para-vivienda-digna-en-quintana-roo\/","og_locale":"es_ES","og_type":"article","og_title":"Ren\u00e1n S\u00e1nchez Tajonar respalda iniciativas de Mara Lezama para vivienda digna en Quintana Roo - Panorama Ciudadano","og_description":"En Chetumal, el diputado Ren\u00e1n S\u00e1nchez Tajonar, presidente de la JUGOCOPO, mostr\u00f3 su respaldo a las iniciativas enviadas por la gobernadora Mara Lezama al Congreso del Estado. Estas propuestas buscan garantizar vivienda digna, impulsar el desarrollo urbano ordenado y asegurar servicios b\u00e1sicos para las familias quintanarroenses.","og_url":"https:\/\/panoramaciudadano.com\/index.php\/2026\/04\/29\/renan-sanchez-tajonar-respalda-iniciativas-de-mara-lezama-para-vivienda-digna-en-quintana-roo\/","og_site_name":"Panorama Ciudadano","article_publisher":"https:\/\/www.facebook.com\/panoramaciudadano","article_published_time":"2026-04-29T15:32:31+00:00","article_modified_time":"2026-04-29T15:32:33+00:00","og_image":[{"width":1600,"height":980,"url":"https:\/\/panoramaciudadano.com\/wp-content\/uploads\/2026\/04\/WhatsApp-Image-2026-04-29-at-8.40.02-AM.jpeg","type":"image\/jpeg"}],"author":"admin","twitter_card":"summary_large_image","twitter_misc":{"Escrito por":"admin","Tiempo de lectura":"2 minutos"},"schema":{"@context":"https:\/\/schema.org","@graph":[{"@type":"Article","@id":"https:\/\/panoramaciudadano.com\/index.php\/2026\/04\/29\/renan-sanchez-tajonar-respalda-iniciativas-de-mara-lezama-para-vivienda-digna-en-quintana-roo\/#article","isPartOf":{"@id":"https:\/\/panoramaciudadano.com\/index.php\/2026\/04\/29\/renan-sanchez-tajonar-respalda-iniciativas-de-mara-lezama-para-vivienda-digna-en-quintana-roo\/"},"author":{"name":"admin","@id":"https:\/\/panoramaciudadano.com\/#\/schema\/person\/ffe9fe8ef47d3a93977b5761fd9e0d96"},"headline":"Ren\u00e1n S\u00e1nchez Tajonar respalda iniciativas de Mara Lezama para vivienda digna en Quintana Roo","datePublished":"2026-04-29T15:32:31+00:00","dateModified":"2026-04-29T15:32:33+00:00","mainEntityOfPage":{"@id":"https:\/\/panoramaciudadano.com\/index.php\/2026\/04\/29\/renan-sanchez-tajonar-respalda-iniciativas-de-mara-lezama-para-vivienda-digna-en-quintana-roo\/"},"wordCount":211,"commentCount":0,"publisher":{"@id":"https:\/\/panoramaciudadano.com\/#organization"},"image":{"@id":"https:\/\/panoramaciudadano.com\/index.php\/2026\/04\/29\/renan-sanchez-tajonar-respalda-iniciativas-de-mara-lezama-para-vivienda-digna-en-quintana-roo\/#primaryimage"},"thumbnailUrl":"https:\/\/panoramaciudadano.com\/wp-content\/uploads\/2026\/04\/WhatsApp-Image-2026-04-29-at-8.40.02-AM.jpeg","keywords":["JUGOCOPO","Ren\u00e1n S\u00e1nchez Tajonar"],"articleSection":["Nacional"],"inLanguage":"es","potentialAction":[{"@type":"CommentAction","name":"Comment","target":["https:\/\/panoramaciudadano.com\/index.php\/2026\/04\/29\/renan-sanchez-tajonar-respalda-iniciativas-de-mara-lezama-para-vivienda-digna-en-quintana-roo\/#respond"]}]},{"@type":"WebPage","@id":"https:\/\/panoramaciudadano.com\/index.php\/2026\/04\/29\/renan-sanchez-tajonar-respalda-iniciativas-de-mara-lezama-para-vivienda-digna-en-quintana-roo\/","url":"https:\/\/panoramaciudadano.com\/index.php\/2026\/04\/29\/renan-sanchez-tajonar-respalda-iniciativas-de-mara-lezama-para-vivienda-digna-en-quintana-roo\/","name":"Ren\u00e1n S\u00e1nchez Tajonar respalda iniciativas de Mara Lezama para vivienda digna en Quintana Roo - Panorama Ciudadano","isPartOf":{"@id":"https:\/\/panoramaciudadano.com\/#website"},"primaryImageOfPage":{"@id":"https:\/\/panoramaciudadano.com\/index.php\/2026\/04\/29\/renan-sanchez-tajonar-respalda-iniciativas-de-mara-lezama-para-vivienda-digna-en-quintana-roo\/#primaryimage"},"image":{"@id":"https:\/\/panoramaciudadano.com\/index.php\/2026\/04\/29\/renan-sanchez-tajonar-respalda-iniciativas-de-mara-lezama-para-vivienda-digna-en-quintana-roo\/#primaryimage"},"thumbnailUrl":"https:\/\/panoramaciudadano.com\/wp-content\/uploads\/2026\/04\/WhatsApp-Image-2026-04-29-at-8.40.02-AM.jpeg","datePublished":"2026-04-29T15:32:31+00:00","dateModified":"2026-04-29T15:32:33+00:00","breadcrumb":{"@id":"https:\/\/panoramaciudadano.com\/index.php\/2026\/04\/29\/renan-sanchez-tajonar-respalda-iniciativas-de-mara-lezama-para-vivienda-digna-en-quintana-roo\/#breadcrumb"},"inLanguage":"es","potentialAction":[{"@type":"ReadAction","target":["https:\/\/panoramaciudadano.com\/index.php\/2026\/04\/29\/renan-sanchez-tajonar-respalda-iniciativas-de-mara-lezama-para-vivienda-digna-en-quintana-roo\/"]}]},{"@type":"ImageObject","inLanguage":"es","@id":"https:\/\/panoramaciudadano.com\/index.php\/2026\/04\/29\/renan-sanchez-tajonar-respalda-iniciativas-de-mara-lezama-para-vivienda-digna-en-quintana-roo\/#primaryimage","url":"https:\/\/panoramaciudadano.com\/wp-content\/uploads\/2026\/04\/WhatsApp-Image-2026-04-29-at-8.40.02-AM.jpeg","contentUrl":"https:\/\/panoramaciudadano.com\/wp-content\/uploads\/2026\/04\/WhatsApp-Image-2026-04-29-at-8.40.02-AM.jpeg","width":1600,"height":980},{"@type":"BreadcrumbList","@id":"https:\/\/panoramaciudadano.com\/index.php\/2026\/04\/29\/renan-sanchez-tajonar-respalda-iniciativas-de-mara-lezama-para-vivienda-digna-en-quintana-roo\/#breadcrumb","itemListElement":[{"@type":"ListItem","position":1,"name":"Portada","item":"https:\/\/panoramaciudadano.com\/"},{"@type":"ListItem","position":2,"name":"Ren\u00e1n S\u00e1nchez Tajonar respalda iniciativas de Mara Lezama para vivienda digna en Quintana Roo"}]},{"@type":"WebSite","@id":"https:\/\/panoramaciudadano.com\/#website","url":"https:\/\/panoramaciudadano.com\/","name":"Panorama Ciudadano","description":"","publisher":{"@id":"https:\/\/panoramaciudadano.com\/#organization"},"potentialAction":[{"@type":"SearchAction","target":{"@type":"EntryPoint","urlTemplate":"https:\/\/panoramaciudadano.com\/?s={search_term_string}"},"query-input":{"@type":"PropertyValueSpecification","valueRequired":true,"valueName":"search_term_string"}}],"inLanguage":"es"},{"@type":"Organization","@id":"https:\/\/panoramaciudadano.com\/#organization","name":"Panorama Ciudadano","url":"https:\/\/panoramaciudadano.com\/","logo":{"@type":"ImageObject","inLanguage":"es","@id":"https:\/\/panoramaciudadano.com\/#\/schema\/logo\/image\/","url":"https:\/\/panoramaciudadano.com\/wp-content\/uploads\/2024\/05\/401498640_919267042938564_6290593609399108733_n.jpg","contentUrl":"https:\/\/panoramaciudadano.com\/wp-content\/uploads\/2024\/05\/401498640_919267042938564_6290593609399108733_n.jpg","width":960,"height":957,"caption":"Panorama Ciudadano"},"image":{"@id":"https:\/\/panoramaciudadano.com\/#\/schema\/logo\/image\/"},"sameAs":["https:\/\/www.facebook.com\/panoramaciudadano"]},{"@type":"Person","@id":"https:\/\/panoramaciudadano.com\/#\/schema\/person\/ffe9fe8ef47d3a93977b5761fd9e0d96","name":"admin","image":{"@type":"ImageObject","inLanguage":"es","@id":"https:\/\/secure.gravatar.com\/avatar\/2d5a12cacce3f18096f25fadea8abb7202fef18ed669595589853e84260ff451?s=96&d=mm&r=g","url":"https:\/\/secure.gravatar.com\/avatar\/2d5a12cacce3f18096f25fadea8abb7202fef18ed669595589853e84260ff451?s=96&d=mm&r=g","contentUrl":"https:\/\/secure.gravatar.com\/avatar\/2d5a12cacce3f18096f25fadea8abb7202fef18ed669595589853e84260ff451?s=96&d=mm&r=g","caption":"admin"},"sameAs":["https:\/\/panoramaciudadano.com"],"url":"https:\/\/panoramaciudadano.com\/index.php\/author\/admin_3q6hyqq3\/"}]}},"_links":{"self":[{"href":"https:\/\/panoramaciudadano.com\/index.php\/wp-json\/wp\/v2\/posts\/34329","targetHints":{"allow":["GET"]}}],"collection":[{"href":"https:\/\/panoramaciudadano.com\/index.php\/wp-json\/wp\/v2\/posts"}],"about":[{"href":"https:\/\/panoramaciudadano.com\/index.php\/wp-json\/wp\/v2\/types\/post"}],"author":[{"embeddable":true,"href":"https:\/\/panoramaciudadano.com\/index.php\/wp-json\/wp\/v2\/users\/1"}],"replies":[{"embeddable":true,"href":"https:\/\/panoramaciudadano.com\/index.php\/wp-json\/wp\/v2\/comments?post=34329"}],"version-history":[{"count":1,"href":"https:\/\/panoramaciudadano.com\/index.php\/wp-json\/wp\/v2\/posts\/34329\/revisions"}],"predecessor-version":[{"id":34332,"href":"https:\/\/panoramaciudadano.com\/index.php\/wp-json\/wp\/v2\/posts\/34329\/revisions\/34332"}],"wp:featuredmedia":[{"embeddable":true,"href":"https:\/\/panoramaciudadano.com\/index.php\/wp-json\/wp\/v2\/media\/34331"}],"wp:attachment":[{"href":"https:\/\/panoramaciudadano.com\/index.php\/wp-json\/wp\/v2\/media?parent=34329"}],"wp:term":[{"taxonomy":"category","embeddable":true,"href":"https:\/\/panoramaciudadano.com\/index.php\/wp-json\/wp\/v2\/categories?post=34329"},{"taxonomy":"post_tag","embeddable":true,"href":"https:\/\/panoramaciudadano.com\/index.php\/wp-json\/wp\/v2\/tags?post=34329"}],"curies":[{"name":"wp","href":"https:\/\/api.w.org\/{rel}","templated":true}]}}