{"id":34335,"date":"2026-04-29T10:34:43","date_gmt":"2026-04-29T15:34:43","guid":{"rendered":"https:\/\/panoramaciudadano.com\/?p=34335"},"modified":"2026-04-29T10:34:45","modified_gmt":"2026-04-29T15:34:45","slug":"atiende-ayuntamiento-denuncias-ciudadanas-y-clausura-estacionamiento-en-plaza-comercial-por-incumplir-normativa","status":"publish","type":"post","link":"https:\/\/panoramaciudadano.com\/index.php\/2026\/04\/29\/atiende-ayuntamiento-denuncias-ciudadanas-y-clausura-estacionamiento-en-plaza-comercial-por-incumplir-normativa\/","title":{"rendered":"ATIENDE AYUNTAMIENTO DENUNCIAS CIUDADANAS Y CLAUSURA ESTACIONAMIENTO EN PLAZA COMERCIAL POR INCUMPLIR NORMATIVA"},"content":{"rendered":"\n<figure class=\"wp-block-gallery has-nested-images columns-default is-cropped wp-block-gallery-1 is-layout-flex wp-block-gallery-is-layout-flex\">\n<figure class=\"wp-block-image size-large\"><img decoding=\"async\" width=\"960\" height=\"641\" data-id=\"34337\" src=\"https:\/\/panoramaciudadano.com\/wp-content\/uploads\/2026\/04\/WhatsApp-Image-2026-04-29-at-8.45.43-AM-1.jpeg\" alt=\"\" class=\"wp-image-34337\" srcset=\"https:\/\/panoramaciudadano.com\/wp-content\/uploads\/2026\/04\/WhatsApp-Image-2026-04-29-at-8.45.43-AM-1.jpeg 960w, https:\/\/panoramaciudadano.com\/wp-content\/uploads\/2026\/04\/WhatsApp-Image-2026-04-29-at-8.45.43-AM-1-300x200.jpeg 300w, https:\/\/panoramaciudadano.com\/wp-content\/uploads\/2026\/04\/WhatsApp-Image-2026-04-29-at-8.45.43-AM-1-768x513.jpeg 768w\" sizes=\"(max-width: 960px) 100vw, 960px\" \/><\/figure>\n\n\n\n<figure class=\"wp-block-image size-large\"><img decoding=\"async\" width=\"960\" height=\"641\" data-id=\"34339\" src=\"https:\/\/panoramaciudadano.com\/wp-content\/uploads\/2026\/04\/WhatsApp-Image-2026-04-29-at-8.45.43-AM-2.jpeg\" alt=\"\" class=\"wp-image-34339\" srcset=\"https:\/\/panoramaciudadano.com\/wp-content\/uploads\/2026\/04\/WhatsApp-Image-2026-04-29-at-8.45.43-AM-2.jpeg 960w, https:\/\/panoramaciudadano.com\/wp-content\/uploads\/2026\/04\/WhatsApp-Image-2026-04-29-at-8.45.43-AM-2-300x200.jpeg 300w, https:\/\/panoramaciudadano.com\/wp-content\/uploads\/2026\/04\/WhatsApp-Image-2026-04-29-at-8.45.43-AM-2-768x513.jpeg 768w\" sizes=\"(max-width: 960px) 100vw, 960px\" \/><\/figure>\n\n\n\n<figure class=\"wp-block-image size-large\"><img decoding=\"async\" width=\"960\" height=\"641\" data-id=\"34340\" src=\"https:\/\/panoramaciudadano.com\/wp-content\/uploads\/2026\/04\/WhatsApp-Image-2026-04-29-at-8.45.43-AM-3.jpeg\" alt=\"\" class=\"wp-image-34340\" srcset=\"https:\/\/panoramaciudadano.com\/wp-content\/uploads\/2026\/04\/WhatsApp-Image-2026-04-29-at-8.45.43-AM-3.jpeg 960w, https:\/\/panoramaciudadano.com\/wp-content\/uploads\/2026\/04\/WhatsApp-Image-2026-04-29-at-8.45.43-AM-3-300x200.jpeg 300w, https:\/\/panoramaciudadano.com\/wp-content\/uploads\/2026\/04\/WhatsApp-Image-2026-04-29-at-8.45.43-AM-3-768x513.jpeg 768w\" sizes=\"(max-width: 960px) 100vw, 960px\" \/><\/figure>\n\n\n\n<figure class=\"wp-block-image size-large\"><img decoding=\"async\" width=\"960\" height=\"641\" data-id=\"34341\" src=\"https:\/\/panoramaciudadano.com\/wp-content\/uploads\/2026\/04\/WhatsApp-Image-2026-04-29-at-8.45.43-AM-4.jpeg\" alt=\"\" class=\"wp-image-34341\" srcset=\"https:\/\/panoramaciudadano.com\/wp-content\/uploads\/2026\/04\/WhatsApp-Image-2026-04-29-at-8.45.43-AM-4.jpeg 960w, https:\/\/panoramaciudadano.com\/wp-content\/uploads\/2026\/04\/WhatsApp-Image-2026-04-29-at-8.45.43-AM-4-300x200.jpeg 300w, https:\/\/panoramaciudadano.com\/wp-content\/uploads\/2026\/04\/WhatsApp-Image-2026-04-29-at-8.45.43-AM-4-768x513.jpeg 768w\" sizes=\"(max-width: 960px) 100vw, 960px\" \/><\/figure>\n\n\n\n<figure class=\"wp-block-image size-large\"><img decoding=\"async\" width=\"960\" height=\"641\" data-id=\"34338\" src=\"https:\/\/panoramaciudadano.com\/wp-content\/uploads\/2026\/04\/WhatsApp-Image-2026-04-29-at-8.45.43-AM.jpeg\" alt=\"\" class=\"wp-image-34338\" srcset=\"https:\/\/panoramaciudadano.com\/wp-content\/uploads\/2026\/04\/WhatsApp-Image-2026-04-29-at-8.45.43-AM.jpeg 960w, https:\/\/panoramaciudadano.com\/wp-content\/uploads\/2026\/04\/WhatsApp-Image-2026-04-29-at-8.45.43-AM-300x200.jpeg 300w, https:\/\/panoramaciudadano.com\/wp-content\/uploads\/2026\/04\/WhatsApp-Image-2026-04-29-at-8.45.43-AM-768x513.jpeg 768w\" sizes=\"(max-width: 960px) 100vw, 960px\" \/><\/figure>\n<\/figure>\n\n\n\n<p>En atenci\u00f3n a diversas denuncias ciudadanas y por instrucciones de la Presidenta Municipal, Ana Paty Peralta, el secretario general del Ayuntamiento de Benito Ju\u00e1rez, Pablo Guti\u00e9rrez Fern\u00e1ndez, inform\u00f3 que, a trav\u00e9s de la Direcci\u00f3n de Fiscalizaci\u00f3n, se llev\u00f3 a cabo una revisi\u00f3n a las plumas y m\u00e1quinas de cobro del estacionamiento de la plaza comercial Canc\u00fan Mall, donde se detectaron irregularidades en su operaci\u00f3n.<\/p>\n\n\n\n<p>Durante la inspecci\u00f3n, personal de Fiscalizaci\u00f3n constat\u00f3 que el servicio de cobro de estacionamiento no cumple con la normativa municipal vigente y, adem\u00e1s, opera sin contar con la licencia de funcionamiento correspondiente.<\/p>\n\n\n\n<p>Ante estas faltas, y en apego a la ley, se procedi\u00f3 a la clausura del servicio, con el objetivo de salvaguardar los derechos de las y los ciudadanos y evitar pr\u00e1cticas indebidas.<\/p>\n\n\n\n<p>Estas acciones se realizan en seguimiento a la instrucci\u00f3n de la Presidenta Municipal de atender de manera puntual los reportes ciudadanos y no permitir abusos que afecten la econom\u00eda de las familias cancunenses.<\/p>\n\n\n\n<p>Pablo Guti\u00e9rrez Fern\u00e1ndez reiter\u00f3 que el gobierno municipal mantiene una pol\u00edtica de cercan\u00eda con la ciudadan\u00eda, escuchando y dando respuesta a sus inquietudes, as\u00ed como vigilando el cumplimiento de la ley en todos los establecimientos.<\/p>\n\n\n\n<p>El Ayuntamiento de Benito Ju\u00e1rez refrenda su compromiso de actuar con firmeza y transparencia, garantizando que los servicios ofrecidos en espacios comerciales se apeguen a la normatividad y respeten los derechos de las y los usuarios.<\/p>\n\n\n\n<hr class=\"wp-block-separator has-alpha-channel-opacity\"\/>\n","protected":false},"excerpt":{"rendered":"<p>En atenci\u00f3n a diversas denuncias ciudadanas y por instrucciones de la Presidenta Municipal, Ana Paty Peralta, el secretario general del Ayuntamiento de Benito Ju\u00e1rez, Pablo Guti\u00e9rrez Fern\u00e1ndez, inform\u00f3 que, a trav\u00e9s de la Direcci\u00f3n de Fiscalizaci\u00f3n, se llev\u00f3 a cabo una revisi\u00f3n a las plumas y m\u00e1quinas de cobro del estacionamiento de la plaza comercial Canc\u00fan Mall, donde se detectaron irregularidades en su operaci\u00f3n.<\/p>\n","protected":false},"author":1,"featured_media":34341,"comment_status":"open","ping_status":"closed","sticky":false,"template":"","format":"standard","meta":{"footnotes":""},"categories":[6],"tags":[145],"class_list":["post-34335","post","type-post","status-publish","format-standard","has-post-thumbnail","hentry","category-cancun","tag-ana-paty-peralta"],"yoast_head":"<!-- This site is optimized with the Yoast SEO plugin v27.5 - https:\/\/yoast.com\/product\/yoast-seo-wordpress\/ -->\n<title>ATIENDE AYUNTAMIENTO DENUNCIAS CIUDADANAS Y CLAUSURA ESTACIONAMIENTO EN PLAZA COMERCIAL POR INCUMPLIR NORMATIVA - Panorama Ciudadano<\/title>\n<meta name=\"robots\" content=\"index, follow, max-snippet:-1, max-image-preview:large, max-video-preview:-1\" \/>\n<link rel=\"canonical\" href=\"https:\/\/panoramaciudadano.com\/index.php\/2026\/04\/29\/atiende-ayuntamiento-denuncias-ciudadanas-y-clausura-estacionamiento-en-plaza-comercial-por-incumplir-normativa\/\" \/>\n<meta property=\"og:locale\" content=\"es_ES\" \/>\n<meta property=\"og:type\" content=\"article\" \/>\n<meta property=\"og:title\" content=\"ATIENDE AYUNTAMIENTO DENUNCIAS CIUDADANAS Y CLAUSURA ESTACIONAMIENTO EN PLAZA COMERCIAL POR INCUMPLIR NORMATIVA - Panorama Ciudadano\" \/>\n<meta property=\"og:description\" content=\"En atenci\u00f3n a diversas denuncias ciudadanas y por instrucciones de la Presidenta Municipal, Ana Paty Peralta, el secretario general del Ayuntamiento de Benito Ju\u00e1rez, Pablo Guti\u00e9rrez Fern\u00e1ndez, inform\u00f3 que, a trav\u00e9s de la Direcci\u00f3n de Fiscalizaci\u00f3n, se llev\u00f3 a cabo una revisi\u00f3n a las plumas y m\u00e1quinas de cobro del estacionamiento de la plaza comercial Canc\u00fan Mall, donde se detectaron irregularidades en su operaci\u00f3n.\" \/>\n<meta property=\"og:url\" content=\"https:\/\/panoramaciudadano.com\/index.php\/2026\/04\/29\/atiende-ayuntamiento-denuncias-ciudadanas-y-clausura-estacionamiento-en-plaza-comercial-por-incumplir-normativa\/\" \/>\n<meta property=\"og:site_name\" content=\"Panorama Ciudadano\" \/>\n<meta property=\"article:publisher\" content=\"https:\/\/www.facebook.com\/panoramaciudadano\" \/>\n<meta property=\"article:published_time\" content=\"2026-04-29T15:34:43+00:00\" \/>\n<meta property=\"article:modified_time\" content=\"2026-04-29T15:34:45+00:00\" \/>\n<meta property=\"og:image\" content=\"https:\/\/panoramaciudadano.com\/wp-content\/uploads\/2026\/04\/WhatsApp-Image-2026-04-29-at-8.45.43-AM-4.jpeg\" \/>\n\t<meta property=\"og:image:width\" content=\"960\" \/>\n\t<meta property=\"og:image:height\" content=\"641\" \/>\n\t<meta property=\"og:image:type\" content=\"image\/jpeg\" \/>\n<meta name=\"author\" content=\"admin\" \/>\n<meta name=\"twitter:card\" content=\"summary_large_image\" \/>\n<meta name=\"twitter:label1\" content=\"Escrito por\" \/>\n\t<meta name=\"twitter:data1\" content=\"admin\" \/>\n\t<meta name=\"twitter:label2\" content=\"Tiempo de lectura\" \/>\n\t<meta name=\"twitter:data2\" content=\"3 minutos\" \/>\n<script type=\"application\/ld+json\" class=\"yoast-schema-graph\">{\"@context\":\"https:\\\/\\\/schema.org\",\"@graph\":[{\"@type\":\"Article\",\"@id\":\"https:\\\/\\\/panoramaciudadano.com\\\/index.php\\\/2026\\\/04\\\/29\\\/atiende-ayuntamiento-denuncias-ciudadanas-y-clausura-estacionamiento-en-plaza-comercial-por-incumplir-normativa\\\/#article\",\"isPartOf\":{\"@id\":\"https:\\\/\\\/panoramaciudadano.com\\\/index.php\\\/2026\\\/04\\\/29\\\/atiende-ayuntamiento-denuncias-ciudadanas-y-clausura-estacionamiento-en-plaza-comercial-por-incumplir-normativa\\\/\"},\"author\":{\"name\":\"admin\",\"@id\":\"https:\\\/\\\/panoramaciudadano.com\\\/#\\\/schema\\\/person\\\/ffe9fe8ef47d3a93977b5761fd9e0d96\"},\"headline\":\"ATIENDE AYUNTAMIENTO DENUNCIAS CIUDADANAS Y CLAUSURA ESTACIONAMIENTO EN PLAZA COMERCIAL POR INCUMPLIR NORMATIVA\",\"datePublished\":\"2026-04-29T15:34:43+00:00\",\"dateModified\":\"2026-04-29T15:34:45+00:00\",\"mainEntityOfPage\":{\"@id\":\"https:\\\/\\\/panoramaciudadano.com\\\/index.php\\\/2026\\\/04\\\/29\\\/atiende-ayuntamiento-denuncias-ciudadanas-y-clausura-estacionamiento-en-plaza-comercial-por-incumplir-normativa\\\/\"},\"wordCount\":268,\"commentCount\":0,\"publisher\":{\"@id\":\"https:\\\/\\\/panoramaciudadano.com\\\/#organization\"},\"image\":{\"@id\":\"https:\\\/\\\/panoramaciudadano.com\\\/index.php\\\/2026\\\/04\\\/29\\\/atiende-ayuntamiento-denuncias-ciudadanas-y-clausura-estacionamiento-en-plaza-comercial-por-incumplir-normativa\\\/#primaryimage\"},\"thumbnailUrl\":\"https:\\\/\\\/panoramaciudadano.com\\\/wp-content\\\/uploads\\\/2026\\\/04\\\/WhatsApp-Image-2026-04-29-at-8.45.43-AM-4.jpeg\",\"keywords\":[\"Ana Paty Peralta\"],\"articleSection\":[\"Canc\u00fan\"],\"inLanguage\":\"es\",\"potentialAction\":[{\"@type\":\"CommentAction\",\"name\":\"Comment\",\"target\":[\"https:\\\/\\\/panoramaciudadano.com\\\/index.php\\\/2026\\\/04\\\/29\\\/atiende-ayuntamiento-denuncias-ciudadanas-y-clausura-estacionamiento-en-plaza-comercial-por-incumplir-normativa\\\/#respond\"]}]},{\"@type\":\"WebPage\",\"@id\":\"https:\\\/\\\/panoramaciudadano.com\\\/index.php\\\/2026\\\/04\\\/29\\\/atiende-ayuntamiento-denuncias-ciudadanas-y-clausura-estacionamiento-en-plaza-comercial-por-incumplir-normativa\\\/\",\"url\":\"https:\\\/\\\/panoramaciudadano.com\\\/index.php\\\/2026\\\/04\\\/29\\\/atiende-ayuntamiento-denuncias-ciudadanas-y-clausura-estacionamiento-en-plaza-comercial-por-incumplir-normativa\\\/\",\"name\":\"ATIENDE AYUNTAMIENTO DENUNCIAS CIUDADANAS Y CLAUSURA ESTACIONAMIENTO EN PLAZA COMERCIAL POR INCUMPLIR NORMATIVA - Panorama Ciudadano\",\"isPartOf\":{\"@id\":\"https:\\\/\\\/panoramaciudadano.com\\\/#website\"},\"primaryImageOfPage\":{\"@id\":\"https:\\\/\\\/panoramaciudadano.com\\\/index.php\\\/2026\\\/04\\\/29\\\/atiende-ayuntamiento-denuncias-ciudadanas-y-clausura-estacionamiento-en-plaza-comercial-por-incumplir-normativa\\\/#primaryimage\"},\"image\":{\"@id\":\"https:\\\/\\\/panoramaciudadano.com\\\/index.php\\\/2026\\\/04\\\/29\\\/atiende-ayuntamiento-denuncias-ciudadanas-y-clausura-estacionamiento-en-plaza-comercial-por-incumplir-normativa\\\/#primaryimage\"},\"thumbnailUrl\":\"https:\\\/\\\/panoramaciudadano.com\\\/wp-content\\\/uploads\\\/2026\\\/04\\\/WhatsApp-Image-2026-04-29-at-8.45.43-AM-4.jpeg\",\"datePublished\":\"2026-04-29T15:34:43+00:00\",\"dateModified\":\"2026-04-29T15:34:45+00:00\",\"breadcrumb\":{\"@id\":\"https:\\\/\\\/panoramaciudadano.com\\\/index.php\\\/2026\\\/04\\\/29\\\/atiende-ayuntamiento-denuncias-ciudadanas-y-clausura-estacionamiento-en-plaza-comercial-por-incumplir-normativa\\\/#breadcrumb\"},\"inLanguage\":\"es\",\"potentialAction\":[{\"@type\":\"ReadAction\",\"target\":[\"https:\\\/\\\/panoramaciudadano.com\\\/index.php\\\/2026\\\/04\\\/29\\\/atiende-ayuntamiento-denuncias-ciudadanas-y-clausura-estacionamiento-en-plaza-comercial-por-incumplir-normativa\\\/\"]}]},{\"@type\":\"ImageObject\",\"inLanguage\":\"es\",\"@id\":\"https:\\\/\\\/panoramaciudadano.com\\\/index.php\\\/2026\\\/04\\\/29\\\/atiende-ayuntamiento-denuncias-ciudadanas-y-clausura-estacionamiento-en-plaza-comercial-por-incumplir-normativa\\\/#primaryimage\",\"url\":\"https:\\\/\\\/panoramaciudadano.com\\\/wp-content\\\/uploads\\\/2026\\\/04\\\/WhatsApp-Image-2026-04-29-at-8.45.43-AM-4.jpeg\",\"contentUrl\":\"https:\\\/\\\/panoramaciudadano.com\\\/wp-content\\\/uploads\\\/2026\\\/04\\\/WhatsApp-Image-2026-04-29-at-8.45.43-AM-4.jpeg\",\"width\":960,\"height\":641},{\"@type\":\"BreadcrumbList\",\"@id\":\"https:\\\/\\\/panoramaciudadano.com\\\/index.php\\\/2026\\\/04\\\/29\\\/atiende-ayuntamiento-denuncias-ciudadanas-y-clausura-estacionamiento-en-plaza-comercial-por-incumplir-normativa\\\/#breadcrumb\",\"itemListElement\":[{\"@type\":\"ListItem\",\"position\":1,\"name\":\"Portada\",\"item\":\"https:\\\/\\\/panoramaciudadano.com\\\/\"},{\"@type\":\"ListItem\",\"position\":2,\"name\":\"ATIENDE AYUNTAMIENTO DENUNCIAS CIUDADANAS Y CLAUSURA ESTACIONAMIENTO EN PLAZA COMERCIAL POR INCUMPLIR NORMATIVA\"}]},{\"@type\":\"WebSite\",\"@id\":\"https:\\\/\\\/panoramaciudadano.com\\\/#website\",\"url\":\"https:\\\/\\\/panoramaciudadano.com\\\/\",\"name\":\"Panorama Ciudadano\",\"description\":\"\",\"publisher\":{\"@id\":\"https:\\\/\\\/panoramaciudadano.com\\\/#organization\"},\"potentialAction\":[{\"@type\":\"SearchAction\",\"target\":{\"@type\":\"EntryPoint\",\"urlTemplate\":\"https:\\\/\\\/panoramaciudadano.com\\\/?s={search_term_string}\"},\"query-input\":{\"@type\":\"PropertyValueSpecification\",\"valueRequired\":true,\"valueName\":\"search_term_string\"}}],\"inLanguage\":\"es\"},{\"@type\":\"Organization\",\"@id\":\"https:\\\/\\\/panoramaciudadano.com\\\/#organization\",\"name\":\"Panorama Ciudadano\",\"url\":\"https:\\\/\\\/panoramaciudadano.com\\\/\",\"logo\":{\"@type\":\"ImageObject\",\"inLanguage\":\"es\",\"@id\":\"https:\\\/\\\/panoramaciudadano.com\\\/#\\\/schema\\\/logo\\\/image\\\/\",\"url\":\"https:\\\/\\\/panoramaciudadano.com\\\/wp-content\\\/uploads\\\/2024\\\/05\\\/401498640_919267042938564_6290593609399108733_n.jpg\",\"contentUrl\":\"https:\\\/\\\/panoramaciudadano.com\\\/wp-content\\\/uploads\\\/2024\\\/05\\\/401498640_919267042938564_6290593609399108733_n.jpg\",\"width\":960,\"height\":957,\"caption\":\"Panorama Ciudadano\"},\"image\":{\"@id\":\"https:\\\/\\\/panoramaciudadano.com\\\/#\\\/schema\\\/logo\\\/image\\\/\"},\"sameAs\":[\"https:\\\/\\\/www.facebook.com\\\/panoramaciudadano\"]},{\"@type\":\"Person\",\"@id\":\"https:\\\/\\\/panoramaciudadano.com\\\/#\\\/schema\\\/person\\\/ffe9fe8ef47d3a93977b5761fd9e0d96\",\"name\":\"admin\",\"image\":{\"@type\":\"ImageObject\",\"inLanguage\":\"es\",\"@id\":\"https:\\\/\\\/secure.gravatar.com\\\/avatar\\\/2d5a12cacce3f18096f25fadea8abb7202fef18ed669595589853e84260ff451?s=96&d=mm&r=g\",\"url\":\"https:\\\/\\\/secure.gravatar.com\\\/avatar\\\/2d5a12cacce3f18096f25fadea8abb7202fef18ed669595589853e84260ff451?s=96&d=mm&r=g\",\"contentUrl\":\"https:\\\/\\\/secure.gravatar.com\\\/avatar\\\/2d5a12cacce3f18096f25fadea8abb7202fef18ed669595589853e84260ff451?s=96&d=mm&r=g\",\"caption\":\"admin\"},\"sameAs\":[\"https:\\\/\\\/panoramaciudadano.com\"],\"url\":\"https:\\\/\\\/panoramaciudadano.com\\\/index.php\\\/author\\\/admin_3q6hyqq3\\\/\"}]}<\/script>\n<!-- \/ Yoast SEO plugin. -->","yoast_head_json":{"title":"ATIENDE AYUNTAMIENTO DENUNCIAS CIUDADANAS Y CLAUSURA ESTACIONAMIENTO EN PLAZA COMERCIAL POR INCUMPLIR NORMATIVA - Panorama Ciudadano","robots":{"index":"index","follow":"follow","max-snippet":"max-snippet:-1","max-image-preview":"max-image-preview:large","max-video-preview":"max-video-preview:-1"},"canonical":"https:\/\/panoramaciudadano.com\/index.php\/2026\/04\/29\/atiende-ayuntamiento-denuncias-ciudadanas-y-clausura-estacionamiento-en-plaza-comercial-por-incumplir-normativa\/","og_locale":"es_ES","og_type":"article","og_title":"ATIENDE AYUNTAMIENTO DENUNCIAS CIUDADANAS Y CLAUSURA ESTACIONAMIENTO EN PLAZA COMERCIAL POR INCUMPLIR NORMATIVA - Panorama Ciudadano","og_description":"En atenci\u00f3n a diversas denuncias ciudadanas y por instrucciones de la Presidenta Municipal, Ana Paty Peralta, el secretario general del Ayuntamiento de Benito Ju\u00e1rez, Pablo Guti\u00e9rrez Fern\u00e1ndez, inform\u00f3 que, a trav\u00e9s de la Direcci\u00f3n de Fiscalizaci\u00f3n, se llev\u00f3 a cabo una revisi\u00f3n a las plumas y m\u00e1quinas de cobro del estacionamiento de la plaza comercial Canc\u00fan Mall, donde se detectaron irregularidades en su operaci\u00f3n.","og_url":"https:\/\/panoramaciudadano.com\/index.php\/2026\/04\/29\/atiende-ayuntamiento-denuncias-ciudadanas-y-clausura-estacionamiento-en-plaza-comercial-por-incumplir-normativa\/","og_site_name":"Panorama Ciudadano","article_publisher":"https:\/\/www.facebook.com\/panoramaciudadano","article_published_time":"2026-04-29T15:34:43+00:00","article_modified_time":"2026-04-29T15:34:45+00:00","og_image":[{"width":960,"height":641,"url":"https:\/\/panoramaciudadano.com\/wp-content\/uploads\/2026\/04\/WhatsApp-Image-2026-04-29-at-8.45.43-AM-4.jpeg","type":"image\/jpeg"}],"author":"admin","twitter_card":"summary_large_image","twitter_misc":{"Escrito por":"admin","Tiempo de lectura":"3 minutos"},"schema":{"@context":"https:\/\/schema.org","@graph":[{"@type":"Article","@id":"https:\/\/panoramaciudadano.com\/index.php\/2026\/04\/29\/atiende-ayuntamiento-denuncias-ciudadanas-y-clausura-estacionamiento-en-plaza-comercial-por-incumplir-normativa\/#article","isPartOf":{"@id":"https:\/\/panoramaciudadano.com\/index.php\/2026\/04\/29\/atiende-ayuntamiento-denuncias-ciudadanas-y-clausura-estacionamiento-en-plaza-comercial-por-incumplir-normativa\/"},"author":{"name":"admin","@id":"https:\/\/panoramaciudadano.com\/#\/schema\/person\/ffe9fe8ef47d3a93977b5761fd9e0d96"},"headline":"ATIENDE AYUNTAMIENTO DENUNCIAS CIUDADANAS Y CLAUSURA ESTACIONAMIENTO EN PLAZA COMERCIAL POR INCUMPLIR NORMATIVA","datePublished":"2026-04-29T15:34:43+00:00","dateModified":"2026-04-29T15:34:45+00:00","mainEntityOfPage":{"@id":"https:\/\/panoramaciudadano.com\/index.php\/2026\/04\/29\/atiende-ayuntamiento-denuncias-ciudadanas-y-clausura-estacionamiento-en-plaza-comercial-por-incumplir-normativa\/"},"wordCount":268,"commentCount":0,"publisher":{"@id":"https:\/\/panoramaciudadano.com\/#organization"},"image":{"@id":"https:\/\/panoramaciudadano.com\/index.php\/2026\/04\/29\/atiende-ayuntamiento-denuncias-ciudadanas-y-clausura-estacionamiento-en-plaza-comercial-por-incumplir-normativa\/#primaryimage"},"thumbnailUrl":"https:\/\/panoramaciudadano.com\/wp-content\/uploads\/2026\/04\/WhatsApp-Image-2026-04-29-at-8.45.43-AM-4.jpeg","keywords":["Ana Paty Peralta"],"articleSection":["Canc\u00fan"],"inLanguage":"es","potentialAction":[{"@type":"CommentAction","name":"Comment","target":["https:\/\/panoramaciudadano.com\/index.php\/2026\/04\/29\/atiende-ayuntamiento-denuncias-ciudadanas-y-clausura-estacionamiento-en-plaza-comercial-por-incumplir-normativa\/#respond"]}]},{"@type":"WebPage","@id":"https:\/\/panoramaciudadano.com\/index.php\/2026\/04\/29\/atiende-ayuntamiento-denuncias-ciudadanas-y-clausura-estacionamiento-en-plaza-comercial-por-incumplir-normativa\/","url":"https:\/\/panoramaciudadano.com\/index.php\/2026\/04\/29\/atiende-ayuntamiento-denuncias-ciudadanas-y-clausura-estacionamiento-en-plaza-comercial-por-incumplir-normativa\/","name":"ATIENDE AYUNTAMIENTO DENUNCIAS CIUDADANAS Y CLAUSURA ESTACIONAMIENTO EN PLAZA COMERCIAL POR INCUMPLIR NORMATIVA - Panorama Ciudadano","isPartOf":{"@id":"https:\/\/panoramaciudadano.com\/#website"},"primaryImageOfPage":{"@id":"https:\/\/panoramaciudadano.com\/index.php\/2026\/04\/29\/atiende-ayuntamiento-denuncias-ciudadanas-y-clausura-estacionamiento-en-plaza-comercial-por-incumplir-normativa\/#primaryimage"},"image":{"@id":"https:\/\/panoramaciudadano.com\/index.php\/2026\/04\/29\/atiende-ayuntamiento-denuncias-ciudadanas-y-clausura-estacionamiento-en-plaza-comercial-por-incumplir-normativa\/#primaryimage"},"thumbnailUrl":"https:\/\/panoramaciudadano.com\/wp-content\/uploads\/2026\/04\/WhatsApp-Image-2026-04-29-at-8.45.43-AM-4.jpeg","datePublished":"2026-04-29T15:34:43+00:00","dateModified":"2026-04-29T15:34:45+00:00","breadcrumb":{"@id":"https:\/\/panoramaciudadano.com\/index.php\/2026\/04\/29\/atiende-ayuntamiento-denuncias-ciudadanas-y-clausura-estacionamiento-en-plaza-comercial-por-incumplir-normativa\/#breadcrumb"},"inLanguage":"es","potentialAction":[{"@type":"ReadAction","target":["https:\/\/panoramaciudadano.com\/index.php\/2026\/04\/29\/atiende-ayuntamiento-denuncias-ciudadanas-y-clausura-estacionamiento-en-plaza-comercial-por-incumplir-normativa\/"]}]},{"@type":"ImageObject","inLanguage":"es","@id":"https:\/\/panoramaciudadano.com\/index.php\/2026\/04\/29\/atiende-ayuntamiento-denuncias-ciudadanas-y-clausura-estacionamiento-en-plaza-comercial-por-incumplir-normativa\/#primaryimage","url":"https:\/\/panoramaciudadano.com\/wp-content\/uploads\/2026\/04\/WhatsApp-Image-2026-04-29-at-8.45.43-AM-4.jpeg","contentUrl":"https:\/\/panoramaciudadano.com\/wp-content\/uploads\/2026\/04\/WhatsApp-Image-2026-04-29-at-8.45.43-AM-4.jpeg","width":960,"height":641},{"@type":"BreadcrumbList","@id":"https:\/\/panoramaciudadano.com\/index.php\/2026\/04\/29\/atiende-ayuntamiento-denuncias-ciudadanas-y-clausura-estacionamiento-en-plaza-comercial-por-incumplir-normativa\/#breadcrumb","itemListElement":[{"@type":"ListItem","position":1,"name":"Portada","item":"https:\/\/panoramaciudadano.com\/"},{"@type":"ListItem","position":2,"name":"ATIENDE AYUNTAMIENTO DENUNCIAS CIUDADANAS Y CLAUSURA ESTACIONAMIENTO EN PLAZA COMERCIAL POR INCUMPLIR NORMATIVA"}]},{"@type":"WebSite","@id":"https:\/\/panoramaciudadano.com\/#website","url":"https:\/\/panoramaciudadano.com\/","name":"Panorama Ciudadano","description":"","publisher":{"@id":"https:\/\/panoramaciudadano.com\/#organization"},"potentialAction":[{"@type":"SearchAction","target":{"@type":"EntryPoint","urlTemplate":"https:\/\/panoramaciudadano.com\/?s={search_term_string}"},"query-input":{"@type":"PropertyValueSpecification","valueRequired":true,"valueName":"search_term_string"}}],"inLanguage":"es"},{"@type":"Organization","@id":"https:\/\/panoramaciudadano.com\/#organization","name":"Panorama Ciudadano","url":"https:\/\/panoramaciudadano.com\/","logo":{"@type":"ImageObject","inLanguage":"es","@id":"https:\/\/panoramaciudadano.com\/#\/schema\/logo\/image\/","url":"https:\/\/panoramaciudadano.com\/wp-content\/uploads\/2024\/05\/401498640_919267042938564_6290593609399108733_n.jpg","contentUrl":"https:\/\/panoramaciudadano.com\/wp-content\/uploads\/2024\/05\/401498640_919267042938564_6290593609399108733_n.jpg","width":960,"height":957,"caption":"Panorama Ciudadano"},"image":{"@id":"https:\/\/panoramaciudadano.com\/#\/schema\/logo\/image\/"},"sameAs":["https:\/\/www.facebook.com\/panoramaciudadano"]},{"@type":"Person","@id":"https:\/\/panoramaciudadano.com\/#\/schema\/person\/ffe9fe8ef47d3a93977b5761fd9e0d96","name":"admin","image":{"@type":"ImageObject","inLanguage":"es","@id":"https:\/\/secure.gravatar.com\/avatar\/2d5a12cacce3f18096f25fadea8abb7202fef18ed669595589853e84260ff451?s=96&d=mm&r=g","url":"https:\/\/secure.gravatar.com\/avatar\/2d5a12cacce3f18096f25fadea8abb7202fef18ed669595589853e84260ff451?s=96&d=mm&r=g","contentUrl":"https:\/\/secure.gravatar.com\/avatar\/2d5a12cacce3f18096f25fadea8abb7202fef18ed669595589853e84260ff451?s=96&d=mm&r=g","caption":"admin"},"sameAs":["https:\/\/panoramaciudadano.com"],"url":"https:\/\/panoramaciudadano.com\/index.php\/author\/admin_3q6hyqq3\/"}]}},"_links":{"self":[{"href":"https:\/\/panoramaciudadano.com\/index.php\/wp-json\/wp\/v2\/posts\/34335","targetHints":{"allow":["GET"]}}],"collection":[{"href":"https:\/\/panoramaciudadano.com\/index.php\/wp-json\/wp\/v2\/posts"}],"about":[{"href":"https:\/\/panoramaciudadano.com\/index.php\/wp-json\/wp\/v2\/types\/post"}],"author":[{"embeddable":true,"href":"https:\/\/panoramaciudadano.com\/index.php\/wp-json\/wp\/v2\/users\/1"}],"replies":[{"embeddable":true,"href":"https:\/\/panoramaciudadano.com\/index.php\/wp-json\/wp\/v2\/comments?post=34335"}],"version-history":[{"count":1,"href":"https:\/\/panoramaciudadano.com\/index.php\/wp-json\/wp\/v2\/posts\/34335\/revisions"}],"predecessor-version":[{"id":34342,"href":"https:\/\/panoramaciudadano.com\/index.php\/wp-json\/wp\/v2\/posts\/34335\/revisions\/34342"}],"wp:featuredmedia":[{"embeddable":true,"href":"https:\/\/panoramaciudadano.com\/index.php\/wp-json\/wp\/v2\/media\/34341"}],"wp:attachment":[{"href":"https:\/\/panoramaciudadano.com\/index.php\/wp-json\/wp\/v2\/media?parent=34335"}],"wp:term":[{"taxonomy":"category","embeddable":true,"href":"https:\/\/panoramaciudadano.com\/index.php\/wp-json\/wp\/v2\/categories?post=34335"},{"taxonomy":"post_tag","embeddable":true,"href":"https:\/\/panoramaciudadano.com\/index.php\/wp-json\/wp\/v2\/tags?post=34335"}],"curies":[{"name":"wp","href":"https:\/\/api.w.org\/{rel}","templated":true}]}}