{"id":34347,"date":"2026-04-29T10:36:44","date_gmt":"2026-04-29T15:36:44","guid":{"rendered":"https:\/\/panoramaciudadano.com\/?p=34347"},"modified":"2026-04-29T10:36:46","modified_gmt":"2026-04-29T15:36:46","slug":"detienen-fge-quintana-roo-y-policia-municipal-de-playa-del-carmen-a-dos-sujetos-por-su-probable-participacion-en-el-delito-de-robo-de-vehiculos","status":"publish","type":"post","link":"https:\/\/panoramaciudadano.com\/index.php\/2026\/04\/29\/detienen-fge-quintana-roo-y-policia-municipal-de-playa-del-carmen-a-dos-sujetos-por-su-probable-participacion-en-el-delito-de-robo-de-vehiculos\/","title":{"rendered":"Detienen FGE Quintana Roo y Polic\u00eda Municipal de Playa del Carmen a dos sujetos por su probable participaci\u00f3n en el delito de robo de veh\u00edculos"},"content":{"rendered":"\n<figure class=\"wp-block-gallery has-nested-images columns-default is-cropped wp-block-gallery-1 is-layout-flex wp-block-gallery-is-layout-flex\">\n<figure class=\"wp-block-image size-large\"><img decoding=\"async\" width=\"1024\" height=\"698\" data-id=\"34350\" src=\"https:\/\/panoramaciudadano.com\/wp-content\/uploads\/2026\/04\/WhatsApp-Image-2026-04-29-at-8.53.21-AM-1-1024x698.jpeg\" alt=\"\" class=\"wp-image-34350\" srcset=\"https:\/\/panoramaciudadano.com\/wp-content\/uploads\/2026\/04\/WhatsApp-Image-2026-04-29-at-8.53.21-AM-1-1024x698.jpeg 1024w, https:\/\/panoramaciudadano.com\/wp-content\/uploads\/2026\/04\/WhatsApp-Image-2026-04-29-at-8.53.21-AM-1-300x205.jpeg 300w, https:\/\/panoramaciudadano.com\/wp-content\/uploads\/2026\/04\/WhatsApp-Image-2026-04-29-at-8.53.21-AM-1-768x524.jpeg 768w, https:\/\/panoramaciudadano.com\/wp-content\/uploads\/2026\/04\/WhatsApp-Image-2026-04-29-at-8.53.21-AM-1-1536x1047.jpeg 1536w, https:\/\/panoramaciudadano.com\/wp-content\/uploads\/2026\/04\/WhatsApp-Image-2026-04-29-at-8.53.21-AM-1.jpeg 1600w\" sizes=\"(max-width: 1024px) 100vw, 1024px\" \/><\/figure>\n\n\n\n<figure class=\"wp-block-image size-large\"><img decoding=\"async\" width=\"852\" height=\"1024\" data-id=\"34348\" src=\"https:\/\/panoramaciudadano.com\/wp-content\/uploads\/2026\/04\/WhatsApp-Image-2026-04-29-at-8.53.21-AM-2-852x1024.jpeg\" alt=\"\" class=\"wp-image-34348\" srcset=\"https:\/\/panoramaciudadano.com\/wp-content\/uploads\/2026\/04\/WhatsApp-Image-2026-04-29-at-8.53.21-AM-2-852x1024.jpeg 852w, https:\/\/panoramaciudadano.com\/wp-content\/uploads\/2026\/04\/WhatsApp-Image-2026-04-29-at-8.53.21-AM-2-250x300.jpeg 250w, https:\/\/panoramaciudadano.com\/wp-content\/uploads\/2026\/04\/WhatsApp-Image-2026-04-29-at-8.53.21-AM-2-768x923.jpeg 768w, https:\/\/panoramaciudadano.com\/wp-content\/uploads\/2026\/04\/WhatsApp-Image-2026-04-29-at-8.53.21-AM-2-1279x1536.jpeg 1279w, https:\/\/panoramaciudadano.com\/wp-content\/uploads\/2026\/04\/WhatsApp-Image-2026-04-29-at-8.53.21-AM-2.jpeg 1332w\" sizes=\"(max-width: 852px) 100vw, 852px\" \/><\/figure>\n\n\n\n<figure class=\"wp-block-image size-large\"><img decoding=\"async\" width=\"852\" height=\"1024\" data-id=\"34351\" src=\"https:\/\/panoramaciudadano.com\/wp-content\/uploads\/2026\/04\/WhatsApp-Image-2026-04-29-at-8.53.21-AM-3-852x1024.jpeg\" alt=\"\" class=\"wp-image-34351\" srcset=\"https:\/\/panoramaciudadano.com\/wp-content\/uploads\/2026\/04\/WhatsApp-Image-2026-04-29-at-8.53.21-AM-3-852x1024.jpeg 852w, https:\/\/panoramaciudadano.com\/wp-content\/uploads\/2026\/04\/WhatsApp-Image-2026-04-29-at-8.53.21-AM-3-250x300.jpeg 250w, https:\/\/panoramaciudadano.com\/wp-content\/uploads\/2026\/04\/WhatsApp-Image-2026-04-29-at-8.53.21-AM-3-768x923.jpeg 768w, https:\/\/panoramaciudadano.com\/wp-content\/uploads\/2026\/04\/WhatsApp-Image-2026-04-29-at-8.53.21-AM-3-1279x1536.jpeg 1279w, https:\/\/panoramaciudadano.com\/wp-content\/uploads\/2026\/04\/WhatsApp-Image-2026-04-29-at-8.53.21-AM-3.jpeg 1332w\" sizes=\"(max-width: 852px) 100vw, 852px\" \/><\/figure>\n\n\n\n<figure class=\"wp-block-image size-large\"><img decoding=\"async\" width=\"1024\" height=\"768\" data-id=\"34349\" src=\"https:\/\/panoramaciudadano.com\/wp-content\/uploads\/2026\/04\/WhatsApp-Image-2026-04-29-at-8.53.21-AM-1024x768.jpeg\" alt=\"\" class=\"wp-image-34349\" srcset=\"https:\/\/panoramaciudadano.com\/wp-content\/uploads\/2026\/04\/WhatsApp-Image-2026-04-29-at-8.53.21-AM-1024x768.jpeg 1024w, https:\/\/panoramaciudadano.com\/wp-content\/uploads\/2026\/04\/WhatsApp-Image-2026-04-29-at-8.53.21-AM-300x225.jpeg 300w, https:\/\/panoramaciudadano.com\/wp-content\/uploads\/2026\/04\/WhatsApp-Image-2026-04-29-at-8.53.21-AM-768x576.jpeg 768w, https:\/\/panoramaciudadano.com\/wp-content\/uploads\/2026\/04\/WhatsApp-Image-2026-04-29-at-8.53.21-AM-1536x1152.jpeg 1536w, https:\/\/panoramaciudadano.com\/wp-content\/uploads\/2026\/04\/WhatsApp-Image-2026-04-29-at-8.53.21-AM.jpeg 1600w\" sizes=\"(max-width: 1024px) 100vw, 1024px\" \/><\/figure>\n<\/figure>\n\n\n\n<p>La Fiscal\u00eda General del Estado informa que, en coordinaci\u00f3n con la Polic\u00eda Municipal, logr\u00f3 la detenci\u00f3n en flagrancia de dos personas, por su probable participaci\u00f3n en hechos posiblemente constitutivos de los delitos de robo de veh\u00edculos y contra la salud en su modalidad de narcomenudeo, en este municipio.<\/p>\n\n\n\n<p>La detenci\u00f3n de Juan Carlos \u201cN\u201d y Williams \u201cN\u201d tuvo lugar en la avenida Colombia, de la colonia El Pet\u00e9n. Durante la intervenci\u00f3n, las autoridades les aseguraron hierba seca y verde con caracter\u00edsticas propias de la marihuana, sustancia cristalina similar a la droga conocida como cristal, tres tel\u00e9fonos celulares, un cuchillo y dos motocicletas.<\/p>\n\n\n\n<p>Cabe se\u00f1alar que una de las motocicletas, de la marca Italika, de color negro, rojo y blanco, cuenta con reporte de robo, el 19 de abril del presente a\u00f1o, en la avenida Paseos del Mayab, donde sujetos armados habr\u00edan interceptado a la v\u00edctima, a quien amenazaron y despojaron del veh\u00edculo.<\/p>\n\n\n\n<p>Ambos detenidos est\u00e1n presuntamente relacionados con diversos robos de motocicletas cometidos con violencia.<\/p>\n\n\n\n<p>La autoridad puso a los investigados a disposici\u00f3n del Juez de Control, quien decret\u00f3 la medida cautelar de prisi\u00f3n preventiva justificada, en tanto determina su situaci\u00f3n jur\u00eddica.<\/p>\n","protected":false},"excerpt":{"rendered":"<p>\u2022 La Fiscal\u00eda General del Estado informa que los detenidos son identificados como Juan Carlos \u201cN\u201d y Williams \u201cN\u201d<\/p>\n","protected":false},"author":1,"featured_media":34350,"comment_status":"open","ping_status":"closed","sticky":false,"template":"","format":"standard","meta":{"footnotes":""},"categories":[7],"tags":[200],"class_list":["post-34347","post","type-post","status-publish","format-standard","has-post-thumbnail","hentry","category-playa-del-carmen","tag-fge"],"yoast_head":"<!-- This site is optimized with the Yoast SEO plugin v27.5 - https:\/\/yoast.com\/product\/yoast-seo-wordpress\/ -->\n<title>Detienen FGE Quintana Roo y Polic\u00eda Municipal de Playa del Carmen a dos sujetos por su probable participaci\u00f3n en el delito de robo de veh\u00edculos - Panorama Ciudadano<\/title>\n<meta name=\"robots\" content=\"index, follow, max-snippet:-1, max-image-preview:large, max-video-preview:-1\" \/>\n<link rel=\"canonical\" href=\"https:\/\/panoramaciudadano.com\/index.php\/2026\/04\/29\/detienen-fge-quintana-roo-y-policia-municipal-de-playa-del-carmen-a-dos-sujetos-por-su-probable-participacion-en-el-delito-de-robo-de-vehiculos\/\" \/>\n<meta property=\"og:locale\" content=\"es_ES\" \/>\n<meta property=\"og:type\" content=\"article\" \/>\n<meta property=\"og:title\" content=\"Detienen FGE Quintana Roo y Polic\u00eda Municipal de Playa del Carmen a dos sujetos por su probable participaci\u00f3n en el delito de robo de veh\u00edculos - Panorama Ciudadano\" \/>\n<meta property=\"og:description\" content=\"\u2022 La Fiscal\u00eda General del Estado informa que los detenidos son identificados como Juan Carlos \u201cN\u201d y Williams \u201cN\u201d\" \/>\n<meta property=\"og:url\" content=\"https:\/\/panoramaciudadano.com\/index.php\/2026\/04\/29\/detienen-fge-quintana-roo-y-policia-municipal-de-playa-del-carmen-a-dos-sujetos-por-su-probable-participacion-en-el-delito-de-robo-de-vehiculos\/\" \/>\n<meta property=\"og:site_name\" content=\"Panorama Ciudadano\" \/>\n<meta property=\"article:publisher\" content=\"https:\/\/www.facebook.com\/panoramaciudadano\" \/>\n<meta property=\"article:published_time\" content=\"2026-04-29T15:36:44+00:00\" \/>\n<meta property=\"article:modified_time\" content=\"2026-04-29T15:36:46+00:00\" \/>\n<meta property=\"og:image\" content=\"https:\/\/panoramaciudadano.com\/wp-content\/uploads\/2026\/04\/WhatsApp-Image-2026-04-29-at-8.53.21-AM-1.jpeg\" \/>\n\t<meta property=\"og:image:width\" content=\"1600\" \/>\n\t<meta property=\"og:image:height\" content=\"1091\" \/>\n\t<meta property=\"og:image:type\" content=\"image\/jpeg\" \/>\n<meta name=\"author\" content=\"admin\" \/>\n<meta name=\"twitter:card\" content=\"summary_large_image\" \/>\n<meta name=\"twitter:label1\" content=\"Escrito por\" \/>\n\t<meta name=\"twitter:data1\" content=\"admin\" \/>\n\t<meta name=\"twitter:label2\" content=\"Tiempo de lectura\" \/>\n\t<meta name=\"twitter:data2\" content=\"2 minutos\" \/>\n<script type=\"application\/ld+json\" class=\"yoast-schema-graph\">{\"@context\":\"https:\\\/\\\/schema.org\",\"@graph\":[{\"@type\":\"Article\",\"@id\":\"https:\\\/\\\/panoramaciudadano.com\\\/index.php\\\/2026\\\/04\\\/29\\\/detienen-fge-quintana-roo-y-policia-municipal-de-playa-del-carmen-a-dos-sujetos-por-su-probable-participacion-en-el-delito-de-robo-de-vehiculos\\\/#article\",\"isPartOf\":{\"@id\":\"https:\\\/\\\/panoramaciudadano.com\\\/index.php\\\/2026\\\/04\\\/29\\\/detienen-fge-quintana-roo-y-policia-municipal-de-playa-del-carmen-a-dos-sujetos-por-su-probable-participacion-en-el-delito-de-robo-de-vehiculos\\\/\"},\"author\":{\"name\":\"admin\",\"@id\":\"https:\\\/\\\/panoramaciudadano.com\\\/#\\\/schema\\\/person\\\/ffe9fe8ef47d3a93977b5761fd9e0d96\"},\"headline\":\"Detienen FGE Quintana Roo y Polic\u00eda Municipal de Playa del Carmen a dos sujetos por su probable participaci\u00f3n en el delito de robo de veh\u00edculos\",\"datePublished\":\"2026-04-29T15:36:44+00:00\",\"dateModified\":\"2026-04-29T15:36:46+00:00\",\"mainEntityOfPage\":{\"@id\":\"https:\\\/\\\/panoramaciudadano.com\\\/index.php\\\/2026\\\/04\\\/29\\\/detienen-fge-quintana-roo-y-policia-municipal-de-playa-del-carmen-a-dos-sujetos-por-su-probable-participacion-en-el-delito-de-robo-de-vehiculos\\\/\"},\"wordCount\":240,\"commentCount\":0,\"publisher\":{\"@id\":\"https:\\\/\\\/panoramaciudadano.com\\\/#organization\"},\"image\":{\"@id\":\"https:\\\/\\\/panoramaciudadano.com\\\/index.php\\\/2026\\\/04\\\/29\\\/detienen-fge-quintana-roo-y-policia-municipal-de-playa-del-carmen-a-dos-sujetos-por-su-probable-participacion-en-el-delito-de-robo-de-vehiculos\\\/#primaryimage\"},\"thumbnailUrl\":\"https:\\\/\\\/panoramaciudadano.com\\\/wp-content\\\/uploads\\\/2026\\\/04\\\/WhatsApp-Image-2026-04-29-at-8.53.21-AM-1.jpeg\",\"keywords\":[\"FGE\"],\"articleSection\":[\"Playa del Carmen\"],\"inLanguage\":\"es\",\"potentialAction\":[{\"@type\":\"CommentAction\",\"name\":\"Comment\",\"target\":[\"https:\\\/\\\/panoramaciudadano.com\\\/index.php\\\/2026\\\/04\\\/29\\\/detienen-fge-quintana-roo-y-policia-municipal-de-playa-del-carmen-a-dos-sujetos-por-su-probable-participacion-en-el-delito-de-robo-de-vehiculos\\\/#respond\"]}]},{\"@type\":\"WebPage\",\"@id\":\"https:\\\/\\\/panoramaciudadano.com\\\/index.php\\\/2026\\\/04\\\/29\\\/detienen-fge-quintana-roo-y-policia-municipal-de-playa-del-carmen-a-dos-sujetos-por-su-probable-participacion-en-el-delito-de-robo-de-vehiculos\\\/\",\"url\":\"https:\\\/\\\/panoramaciudadano.com\\\/index.php\\\/2026\\\/04\\\/29\\\/detienen-fge-quintana-roo-y-policia-municipal-de-playa-del-carmen-a-dos-sujetos-por-su-probable-participacion-en-el-delito-de-robo-de-vehiculos\\\/\",\"name\":\"Detienen FGE Quintana Roo y Polic\u00eda Municipal de Playa del Carmen a dos sujetos por su probable participaci\u00f3n en el delito de robo de veh\u00edculos - Panorama Ciudadano\",\"isPartOf\":{\"@id\":\"https:\\\/\\\/panoramaciudadano.com\\\/#website\"},\"primaryImageOfPage\":{\"@id\":\"https:\\\/\\\/panoramaciudadano.com\\\/index.php\\\/2026\\\/04\\\/29\\\/detienen-fge-quintana-roo-y-policia-municipal-de-playa-del-carmen-a-dos-sujetos-por-su-probable-participacion-en-el-delito-de-robo-de-vehiculos\\\/#primaryimage\"},\"image\":{\"@id\":\"https:\\\/\\\/panoramaciudadano.com\\\/index.php\\\/2026\\\/04\\\/29\\\/detienen-fge-quintana-roo-y-policia-municipal-de-playa-del-carmen-a-dos-sujetos-por-su-probable-participacion-en-el-delito-de-robo-de-vehiculos\\\/#primaryimage\"},\"thumbnailUrl\":\"https:\\\/\\\/panoramaciudadano.com\\\/wp-content\\\/uploads\\\/2026\\\/04\\\/WhatsApp-Image-2026-04-29-at-8.53.21-AM-1.jpeg\",\"datePublished\":\"2026-04-29T15:36:44+00:00\",\"dateModified\":\"2026-04-29T15:36:46+00:00\",\"breadcrumb\":{\"@id\":\"https:\\\/\\\/panoramaciudadano.com\\\/index.php\\\/2026\\\/04\\\/29\\\/detienen-fge-quintana-roo-y-policia-municipal-de-playa-del-carmen-a-dos-sujetos-por-su-probable-participacion-en-el-delito-de-robo-de-vehiculos\\\/#breadcrumb\"},\"inLanguage\":\"es\",\"potentialAction\":[{\"@type\":\"ReadAction\",\"target\":[\"https:\\\/\\\/panoramaciudadano.com\\\/index.php\\\/2026\\\/04\\\/29\\\/detienen-fge-quintana-roo-y-policia-municipal-de-playa-del-carmen-a-dos-sujetos-por-su-probable-participacion-en-el-delito-de-robo-de-vehiculos\\\/\"]}]},{\"@type\":\"ImageObject\",\"inLanguage\":\"es\",\"@id\":\"https:\\\/\\\/panoramaciudadano.com\\\/index.php\\\/2026\\\/04\\\/29\\\/detienen-fge-quintana-roo-y-policia-municipal-de-playa-del-carmen-a-dos-sujetos-por-su-probable-participacion-en-el-delito-de-robo-de-vehiculos\\\/#primaryimage\",\"url\":\"https:\\\/\\\/panoramaciudadano.com\\\/wp-content\\\/uploads\\\/2026\\\/04\\\/WhatsApp-Image-2026-04-29-at-8.53.21-AM-1.jpeg\",\"contentUrl\":\"https:\\\/\\\/panoramaciudadano.com\\\/wp-content\\\/uploads\\\/2026\\\/04\\\/WhatsApp-Image-2026-04-29-at-8.53.21-AM-1.jpeg\",\"width\":1600,\"height\":1091},{\"@type\":\"BreadcrumbList\",\"@id\":\"https:\\\/\\\/panoramaciudadano.com\\\/index.php\\\/2026\\\/04\\\/29\\\/detienen-fge-quintana-roo-y-policia-municipal-de-playa-del-carmen-a-dos-sujetos-por-su-probable-participacion-en-el-delito-de-robo-de-vehiculos\\\/#breadcrumb\",\"itemListElement\":[{\"@type\":\"ListItem\",\"position\":1,\"name\":\"Portada\",\"item\":\"https:\\\/\\\/panoramaciudadano.com\\\/\"},{\"@type\":\"ListItem\",\"position\":2,\"name\":\"Detienen FGE Quintana Roo y Polic\u00eda Municipal de Playa del Carmen a dos sujetos por su probable participaci\u00f3n en el delito de robo de veh\u00edculos\"}]},{\"@type\":\"WebSite\",\"@id\":\"https:\\\/\\\/panoramaciudadano.com\\\/#website\",\"url\":\"https:\\\/\\\/panoramaciudadano.com\\\/\",\"name\":\"Panorama Ciudadano\",\"description\":\"\",\"publisher\":{\"@id\":\"https:\\\/\\\/panoramaciudadano.com\\\/#organization\"},\"potentialAction\":[{\"@type\":\"SearchAction\",\"target\":{\"@type\":\"EntryPoint\",\"urlTemplate\":\"https:\\\/\\\/panoramaciudadano.com\\\/?s={search_term_string}\"},\"query-input\":{\"@type\":\"PropertyValueSpecification\",\"valueRequired\":true,\"valueName\":\"search_term_string\"}}],\"inLanguage\":\"es\"},{\"@type\":\"Organization\",\"@id\":\"https:\\\/\\\/panoramaciudadano.com\\\/#organization\",\"name\":\"Panorama Ciudadano\",\"url\":\"https:\\\/\\\/panoramaciudadano.com\\\/\",\"logo\":{\"@type\":\"ImageObject\",\"inLanguage\":\"es\",\"@id\":\"https:\\\/\\\/panoramaciudadano.com\\\/#\\\/schema\\\/logo\\\/image\\\/\",\"url\":\"https:\\\/\\\/panoramaciudadano.com\\\/wp-content\\\/uploads\\\/2024\\\/05\\\/401498640_919267042938564_6290593609399108733_n.jpg\",\"contentUrl\":\"https:\\\/\\\/panoramaciudadano.com\\\/wp-content\\\/uploads\\\/2024\\\/05\\\/401498640_919267042938564_6290593609399108733_n.jpg\",\"width\":960,\"height\":957,\"caption\":\"Panorama Ciudadano\"},\"image\":{\"@id\":\"https:\\\/\\\/panoramaciudadano.com\\\/#\\\/schema\\\/logo\\\/image\\\/\"},\"sameAs\":[\"https:\\\/\\\/www.facebook.com\\\/panoramaciudadano\"]},{\"@type\":\"Person\",\"@id\":\"https:\\\/\\\/panoramaciudadano.com\\\/#\\\/schema\\\/person\\\/ffe9fe8ef47d3a93977b5761fd9e0d96\",\"name\":\"admin\",\"image\":{\"@type\":\"ImageObject\",\"inLanguage\":\"es\",\"@id\":\"https:\\\/\\\/secure.gravatar.com\\\/avatar\\\/2d5a12cacce3f18096f25fadea8abb7202fef18ed669595589853e84260ff451?s=96&d=mm&r=g\",\"url\":\"https:\\\/\\\/secure.gravatar.com\\\/avatar\\\/2d5a12cacce3f18096f25fadea8abb7202fef18ed669595589853e84260ff451?s=96&d=mm&r=g\",\"contentUrl\":\"https:\\\/\\\/secure.gravatar.com\\\/avatar\\\/2d5a12cacce3f18096f25fadea8abb7202fef18ed669595589853e84260ff451?s=96&d=mm&r=g\",\"caption\":\"admin\"},\"sameAs\":[\"https:\\\/\\\/panoramaciudadano.com\"],\"url\":\"https:\\\/\\\/panoramaciudadano.com\\\/index.php\\\/author\\\/admin_3q6hyqq3\\\/\"}]}<\/script>\n<!-- \/ Yoast SEO plugin. -->","yoast_head_json":{"title":"Detienen FGE Quintana Roo y Polic\u00eda Municipal de Playa del Carmen a dos sujetos por su probable participaci\u00f3n en el delito de robo de veh\u00edculos - Panorama Ciudadano","robots":{"index":"index","follow":"follow","max-snippet":"max-snippet:-1","max-image-preview":"max-image-preview:large","max-video-preview":"max-video-preview:-1"},"canonical":"https:\/\/panoramaciudadano.com\/index.php\/2026\/04\/29\/detienen-fge-quintana-roo-y-policia-municipal-de-playa-del-carmen-a-dos-sujetos-por-su-probable-participacion-en-el-delito-de-robo-de-vehiculos\/","og_locale":"es_ES","og_type":"article","og_title":"Detienen FGE Quintana Roo y Polic\u00eda Municipal de Playa del Carmen a dos sujetos por su probable participaci\u00f3n en el delito de robo de veh\u00edculos - Panorama Ciudadano","og_description":"\u2022 La Fiscal\u00eda General del Estado informa que los detenidos son identificados como Juan Carlos \u201cN\u201d y Williams \u201cN\u201d","og_url":"https:\/\/panoramaciudadano.com\/index.php\/2026\/04\/29\/detienen-fge-quintana-roo-y-policia-municipal-de-playa-del-carmen-a-dos-sujetos-por-su-probable-participacion-en-el-delito-de-robo-de-vehiculos\/","og_site_name":"Panorama Ciudadano","article_publisher":"https:\/\/www.facebook.com\/panoramaciudadano","article_published_time":"2026-04-29T15:36:44+00:00","article_modified_time":"2026-04-29T15:36:46+00:00","og_image":[{"width":1600,"height":1091,"url":"https:\/\/panoramaciudadano.com\/wp-content\/uploads\/2026\/04\/WhatsApp-Image-2026-04-29-at-8.53.21-AM-1.jpeg","type":"image\/jpeg"}],"author":"admin","twitter_card":"summary_large_image","twitter_misc":{"Escrito por":"admin","Tiempo de lectura":"2 minutos"},"schema":{"@context":"https:\/\/schema.org","@graph":[{"@type":"Article","@id":"https:\/\/panoramaciudadano.com\/index.php\/2026\/04\/29\/detienen-fge-quintana-roo-y-policia-municipal-de-playa-del-carmen-a-dos-sujetos-por-su-probable-participacion-en-el-delito-de-robo-de-vehiculos\/#article","isPartOf":{"@id":"https:\/\/panoramaciudadano.com\/index.php\/2026\/04\/29\/detienen-fge-quintana-roo-y-policia-municipal-de-playa-del-carmen-a-dos-sujetos-por-su-probable-participacion-en-el-delito-de-robo-de-vehiculos\/"},"author":{"name":"admin","@id":"https:\/\/panoramaciudadano.com\/#\/schema\/person\/ffe9fe8ef47d3a93977b5761fd9e0d96"},"headline":"Detienen FGE Quintana Roo y Polic\u00eda Municipal de Playa del Carmen a dos sujetos por su probable participaci\u00f3n en el delito de robo de veh\u00edculos","datePublished":"2026-04-29T15:36:44+00:00","dateModified":"2026-04-29T15:36:46+00:00","mainEntityOfPage":{"@id":"https:\/\/panoramaciudadano.com\/index.php\/2026\/04\/29\/detienen-fge-quintana-roo-y-policia-municipal-de-playa-del-carmen-a-dos-sujetos-por-su-probable-participacion-en-el-delito-de-robo-de-vehiculos\/"},"wordCount":240,"commentCount":0,"publisher":{"@id":"https:\/\/panoramaciudadano.com\/#organization"},"image":{"@id":"https:\/\/panoramaciudadano.com\/index.php\/2026\/04\/29\/detienen-fge-quintana-roo-y-policia-municipal-de-playa-del-carmen-a-dos-sujetos-por-su-probable-participacion-en-el-delito-de-robo-de-vehiculos\/#primaryimage"},"thumbnailUrl":"https:\/\/panoramaciudadano.com\/wp-content\/uploads\/2026\/04\/WhatsApp-Image-2026-04-29-at-8.53.21-AM-1.jpeg","keywords":["FGE"],"articleSection":["Playa del Carmen"],"inLanguage":"es","potentialAction":[{"@type":"CommentAction","name":"Comment","target":["https:\/\/panoramaciudadano.com\/index.php\/2026\/04\/29\/detienen-fge-quintana-roo-y-policia-municipal-de-playa-del-carmen-a-dos-sujetos-por-su-probable-participacion-en-el-delito-de-robo-de-vehiculos\/#respond"]}]},{"@type":"WebPage","@id":"https:\/\/panoramaciudadano.com\/index.php\/2026\/04\/29\/detienen-fge-quintana-roo-y-policia-municipal-de-playa-del-carmen-a-dos-sujetos-por-su-probable-participacion-en-el-delito-de-robo-de-vehiculos\/","url":"https:\/\/panoramaciudadano.com\/index.php\/2026\/04\/29\/detienen-fge-quintana-roo-y-policia-municipal-de-playa-del-carmen-a-dos-sujetos-por-su-probable-participacion-en-el-delito-de-robo-de-vehiculos\/","name":"Detienen FGE Quintana Roo y Polic\u00eda Municipal de Playa del Carmen a dos sujetos por su probable participaci\u00f3n en el delito de robo de veh\u00edculos - Panorama Ciudadano","isPartOf":{"@id":"https:\/\/panoramaciudadano.com\/#website"},"primaryImageOfPage":{"@id":"https:\/\/panoramaciudadano.com\/index.php\/2026\/04\/29\/detienen-fge-quintana-roo-y-policia-municipal-de-playa-del-carmen-a-dos-sujetos-por-su-probable-participacion-en-el-delito-de-robo-de-vehiculos\/#primaryimage"},"image":{"@id":"https:\/\/panoramaciudadano.com\/index.php\/2026\/04\/29\/detienen-fge-quintana-roo-y-policia-municipal-de-playa-del-carmen-a-dos-sujetos-por-su-probable-participacion-en-el-delito-de-robo-de-vehiculos\/#primaryimage"},"thumbnailUrl":"https:\/\/panoramaciudadano.com\/wp-content\/uploads\/2026\/04\/WhatsApp-Image-2026-04-29-at-8.53.21-AM-1.jpeg","datePublished":"2026-04-29T15:36:44+00:00","dateModified":"2026-04-29T15:36:46+00:00","breadcrumb":{"@id":"https:\/\/panoramaciudadano.com\/index.php\/2026\/04\/29\/detienen-fge-quintana-roo-y-policia-municipal-de-playa-del-carmen-a-dos-sujetos-por-su-probable-participacion-en-el-delito-de-robo-de-vehiculos\/#breadcrumb"},"inLanguage":"es","potentialAction":[{"@type":"ReadAction","target":["https:\/\/panoramaciudadano.com\/index.php\/2026\/04\/29\/detienen-fge-quintana-roo-y-policia-municipal-de-playa-del-carmen-a-dos-sujetos-por-su-probable-participacion-en-el-delito-de-robo-de-vehiculos\/"]}]},{"@type":"ImageObject","inLanguage":"es","@id":"https:\/\/panoramaciudadano.com\/index.php\/2026\/04\/29\/detienen-fge-quintana-roo-y-policia-municipal-de-playa-del-carmen-a-dos-sujetos-por-su-probable-participacion-en-el-delito-de-robo-de-vehiculos\/#primaryimage","url":"https:\/\/panoramaciudadano.com\/wp-content\/uploads\/2026\/04\/WhatsApp-Image-2026-04-29-at-8.53.21-AM-1.jpeg","contentUrl":"https:\/\/panoramaciudadano.com\/wp-content\/uploads\/2026\/04\/WhatsApp-Image-2026-04-29-at-8.53.21-AM-1.jpeg","width":1600,"height":1091},{"@type":"BreadcrumbList","@id":"https:\/\/panoramaciudadano.com\/index.php\/2026\/04\/29\/detienen-fge-quintana-roo-y-policia-municipal-de-playa-del-carmen-a-dos-sujetos-por-su-probable-participacion-en-el-delito-de-robo-de-vehiculos\/#breadcrumb","itemListElement":[{"@type":"ListItem","position":1,"name":"Portada","item":"https:\/\/panoramaciudadano.com\/"},{"@type":"ListItem","position":2,"name":"Detienen FGE Quintana Roo y Polic\u00eda Municipal de Playa del Carmen a dos sujetos por su probable participaci\u00f3n en el delito de robo de veh\u00edculos"}]},{"@type":"WebSite","@id":"https:\/\/panoramaciudadano.com\/#website","url":"https:\/\/panoramaciudadano.com\/","name":"Panorama Ciudadano","description":"","publisher":{"@id":"https:\/\/panoramaciudadano.com\/#organization"},"potentialAction":[{"@type":"SearchAction","target":{"@type":"EntryPoint","urlTemplate":"https:\/\/panoramaciudadano.com\/?s={search_term_string}"},"query-input":{"@type":"PropertyValueSpecification","valueRequired":true,"valueName":"search_term_string"}}],"inLanguage":"es"},{"@type":"Organization","@id":"https:\/\/panoramaciudadano.com\/#organization","name":"Panorama Ciudadano","url":"https:\/\/panoramaciudadano.com\/","logo":{"@type":"ImageObject","inLanguage":"es","@id":"https:\/\/panoramaciudadano.com\/#\/schema\/logo\/image\/","url":"https:\/\/panoramaciudadano.com\/wp-content\/uploads\/2024\/05\/401498640_919267042938564_6290593609399108733_n.jpg","contentUrl":"https:\/\/panoramaciudadano.com\/wp-content\/uploads\/2024\/05\/401498640_919267042938564_6290593609399108733_n.jpg","width":960,"height":957,"caption":"Panorama Ciudadano"},"image":{"@id":"https:\/\/panoramaciudadano.com\/#\/schema\/logo\/image\/"},"sameAs":["https:\/\/www.facebook.com\/panoramaciudadano"]},{"@type":"Person","@id":"https:\/\/panoramaciudadano.com\/#\/schema\/person\/ffe9fe8ef47d3a93977b5761fd9e0d96","name":"admin","image":{"@type":"ImageObject","inLanguage":"es","@id":"https:\/\/secure.gravatar.com\/avatar\/2d5a12cacce3f18096f25fadea8abb7202fef18ed669595589853e84260ff451?s=96&d=mm&r=g","url":"https:\/\/secure.gravatar.com\/avatar\/2d5a12cacce3f18096f25fadea8abb7202fef18ed669595589853e84260ff451?s=96&d=mm&r=g","contentUrl":"https:\/\/secure.gravatar.com\/avatar\/2d5a12cacce3f18096f25fadea8abb7202fef18ed669595589853e84260ff451?s=96&d=mm&r=g","caption":"admin"},"sameAs":["https:\/\/panoramaciudadano.com"],"url":"https:\/\/panoramaciudadano.com\/index.php\/author\/admin_3q6hyqq3\/"}]}},"_links":{"self":[{"href":"https:\/\/panoramaciudadano.com\/index.php\/wp-json\/wp\/v2\/posts\/34347","targetHints":{"allow":["GET"]}}],"collection":[{"href":"https:\/\/panoramaciudadano.com\/index.php\/wp-json\/wp\/v2\/posts"}],"about":[{"href":"https:\/\/panoramaciudadano.com\/index.php\/wp-json\/wp\/v2\/types\/post"}],"author":[{"embeddable":true,"href":"https:\/\/panoramaciudadano.com\/index.php\/wp-json\/wp\/v2\/users\/1"}],"replies":[{"embeddable":true,"href":"https:\/\/panoramaciudadano.com\/index.php\/wp-json\/wp\/v2\/comments?post=34347"}],"version-history":[{"count":1,"href":"https:\/\/panoramaciudadano.com\/index.php\/wp-json\/wp\/v2\/posts\/34347\/revisions"}],"predecessor-version":[{"id":34352,"href":"https:\/\/panoramaciudadano.com\/index.php\/wp-json\/wp\/v2\/posts\/34347\/revisions\/34352"}],"wp:featuredmedia":[{"embeddable":true,"href":"https:\/\/panoramaciudadano.com\/index.php\/wp-json\/wp\/v2\/media\/34350"}],"wp:attachment":[{"href":"https:\/\/panoramaciudadano.com\/index.php\/wp-json\/wp\/v2\/media?parent=34347"}],"wp:term":[{"taxonomy":"category","embeddable":true,"href":"https:\/\/panoramaciudadano.com\/index.php\/wp-json\/wp\/v2\/categories?post=34347"},{"taxonomy":"post_tag","embeddable":true,"href":"https:\/\/panoramaciudadano.com\/index.php\/wp-json\/wp\/v2\/tags?post=34347"}],"curies":[{"name":"wp","href":"https:\/\/api.w.org\/{rel}","templated":true}]}}