{"id":34355,"date":"2026-04-29T10:39:00","date_gmt":"2026-04-29T15:39:00","guid":{"rendered":"https:\/\/panoramaciudadano.com\/?p=34355"},"modified":"2026-04-29T10:39:02","modified_gmt":"2026-04-29T15:39:02","slug":"promueve-dif-benito-juarez-programa-de-acompanamiento-emocional","status":"publish","type":"post","link":"https:\/\/panoramaciudadano.com\/index.php\/2026\/04\/29\/promueve-dif-benito-juarez-programa-de-acompanamiento-emocional\/","title":{"rendered":"PROMUEVE DIF BENITO JU\u00c1REZ PROGRAMA DE ACOMPA\u00d1AMIENTO EMOCIONAL"},"content":{"rendered":"\n<figure class=\"wp-block-image size-large\"><img decoding=\"async\" width=\"819\" height=\"1024\" src=\"https:\/\/panoramaciudadano.com\/wp-content\/uploads\/2026\/04\/WhatsApp-Image-2026-04-29-at-10.35.58-AM-819x1024.jpeg\" alt=\"\" class=\"wp-image-34359\" srcset=\"https:\/\/panoramaciudadano.com\/wp-content\/uploads\/2026\/04\/WhatsApp-Image-2026-04-29-at-10.35.58-AM-819x1024.jpeg 819w, https:\/\/panoramaciudadano.com\/wp-content\/uploads\/2026\/04\/WhatsApp-Image-2026-04-29-at-10.35.58-AM-240x300.jpeg 240w, https:\/\/panoramaciudadano.com\/wp-content\/uploads\/2026\/04\/WhatsApp-Image-2026-04-29-at-10.35.58-AM-768x960.jpeg 768w, https:\/\/panoramaciudadano.com\/wp-content\/uploads\/2026\/04\/WhatsApp-Image-2026-04-29-at-10.35.58-AM.jpeg 1125w\" sizes=\"(max-width: 819px) 100vw, 819px\" \/><\/figure>\n\n\n\n<p>El Sistema DIF Benito Ju\u00e1rez, a trav\u00e9s de la Direcci\u00f3n de la Familia y la Coordinaci\u00f3n de Personas Adultas Mayores, llevar\u00e1 a cabo el curso \u201cCuidando a quien cuida\u201d, como parte del Programa de Acompa\u00f1amiento Emocional, dirigido a cuidadoras y cuidadores de personas adultas mayores, del 6 de mayo al 25 de julio, en las instalaciones ubicadas en la Supermanzana 94.<\/p>\n\n\n\n<p>Bajo los lineamientos de la Presidenta Municipal, Ana Paty Peralta, de fortalecer acciones en favor de la salud mental de la ciudadan\u00eda, la directora general del Sistema DIF Benito Ju\u00e1rez, Marisol Sendo Rodr\u00edguez, destac\u00f3 que este curso tiene como objetivo fortalecer el bienestar emocional de quienes brindan cuidados, ayud\u00e1ndoles a manejar la sobrecarga, reconectar consigo mismos y mejorar la manera en que viven este proceso.<\/p>\n\n\n\n<p>Por su parte, la coordinadora de Personas Adultas Mayores, Karla Valeria de la Torre Cazar\u00edn, se\u00f1al\u00f3 que cuidar a una persona adulta mayor implica amor y compromiso, pero tambi\u00e9n desgaste f\u00edsico y emocional, por lo que este espacio est\u00e1 dise\u00f1ado para acompa\u00f1ar, escuchar y brindar herramientas que favorezcan el bienestar integral de las y los cuidadores.<\/p>\n\n\n\n<p>Explic\u00f3 que el curso tendr\u00e1 una duraci\u00f3n de 12 semanas y se impartir\u00e1 en tres grupos: el primero, del 6 de mayo al 22 de julio; el segundo, del 8 de mayo al 24 de julio; y el tercero, del 9 de mayo al 25 de julio.<br>Detall\u00f3 que estar\u00e1 conformado por 12 sesiones que combinar\u00e1n cinco encuentros estructurados, basados en el modelo cognitivo-conductual, y siete sesiones de acompa\u00f1amiento emocional, enfocadas en el desahogo, la validaci\u00f3n emocional, la cohesi\u00f3n grupal y la resignificaci\u00f3n de la experiencia de cuidar.<\/p>\n\n\n\n<p>Asimismo, dijo que la atenci\u00f3n se brindar\u00e1 mediante espacios de acompa\u00f1amiento emocional, din\u00e1micas grupales, ejercicios de reflexi\u00f3n y autoconocimiento, as\u00ed como herramientas pr\u00e1cticas aplicables a la vida diaria.<\/p>\n\n\n\n<p>Los temas que se abordar\u00e1n son: \u00bfC\u00f3mo me encuentro? y \u00bfQu\u00e9 puedo conseguir con este programa? con la finalidad de conocer el objetivo y la mec\u00e1nica del programa, valorar el estado emocional actual del cuidador e introducir estrategias b\u00e1sicas de control de la tensi\u00f3n.<br>As\u00ed tambi\u00e9n indic\u00f3 que se impartir\u00e1n las pl\u00e1ticas: \u00a8\u201dMi historia como cuidador o cuidadora\u201d y \u201cCulpa, enojo y ambivalencia emocional\u201d, orientadas a facilitar el desahogo emocional, favorecer la identificaci\u00f3n entre los miembros del grupo, reducir la sensaci\u00f3n de aislamiento y la culpa asociada al cuidado.<\/p>\n\n\n\n<p>Por \u00faltimo, coment\u00f3 que otras sesiones que se desarrollar\u00e1n son: \u201cFuentes de tensi\u00f3n y frustraci\u00f3n del cuidador\u201d, \u201cP\u00e9rdidas personales e identidad\u201d, \u201cLo que pasa, lo que pensamos, lo que sentimos\u201d, \u201cConflictos familiares y soledad\u201d, \u201cCansancio, desesperanza y miedo al futuro\u201d, \u201cReconocimiento del esfuerzo y validaci\u00f3n personal\u201d.<\/p>\n\n\n\n<hr class=\"wp-block-separator has-alpha-channel-opacity\"\/>\n","protected":false},"excerpt":{"rendered":"<p>Con el curso \u201cCuidando a quien cuida\u201d.<\/p>\n","protected":false},"author":1,"featured_media":34359,"comment_status":"open","ping_status":"closed","sticky":false,"template":"","format":"standard","meta":{"footnotes":""},"categories":[6],"tags":[684],"class_list":["post-34355","post","type-post","status-publish","format-standard","has-post-thumbnail","hentry","category-cancun","tag-dif-benito-juarez"],"yoast_head":"<!-- This site is optimized with the Yoast SEO plugin v27.5 - https:\/\/yoast.com\/product\/yoast-seo-wordpress\/ -->\n<title>PROMUEVE DIF BENITO JU\u00c1REZ PROGRAMA DE ACOMPA\u00d1AMIENTO EMOCIONAL - Panorama Ciudadano<\/title>\n<meta name=\"robots\" content=\"index, follow, max-snippet:-1, max-image-preview:large, max-video-preview:-1\" \/>\n<link rel=\"canonical\" href=\"https:\/\/panoramaciudadano.com\/index.php\/2026\/04\/29\/promueve-dif-benito-juarez-programa-de-acompanamiento-emocional\/\" \/>\n<meta property=\"og:locale\" content=\"es_ES\" \/>\n<meta property=\"og:type\" content=\"article\" \/>\n<meta property=\"og:title\" content=\"PROMUEVE DIF BENITO JU\u00c1REZ PROGRAMA DE ACOMPA\u00d1AMIENTO EMOCIONAL - Panorama Ciudadano\" \/>\n<meta property=\"og:description\" content=\"Con el curso \u201cCuidando a quien cuida\u201d.\" \/>\n<meta property=\"og:url\" content=\"https:\/\/panoramaciudadano.com\/index.php\/2026\/04\/29\/promueve-dif-benito-juarez-programa-de-acompanamiento-emocional\/\" \/>\n<meta property=\"og:site_name\" content=\"Panorama Ciudadano\" \/>\n<meta property=\"article:publisher\" content=\"https:\/\/www.facebook.com\/panoramaciudadano\" \/>\n<meta property=\"article:published_time\" content=\"2026-04-29T15:39:00+00:00\" \/>\n<meta property=\"article:modified_time\" content=\"2026-04-29T15:39:02+00:00\" \/>\n<meta property=\"og:image\" content=\"https:\/\/panoramaciudadano.com\/wp-content\/uploads\/2026\/04\/WhatsApp-Image-2026-04-29-at-10.35.58-AM.jpeg\" \/>\n\t<meta property=\"og:image:width\" content=\"1125\" \/>\n\t<meta property=\"og:image:height\" content=\"1406\" \/>\n\t<meta property=\"og:image:type\" content=\"image\/jpeg\" \/>\n<meta name=\"author\" content=\"admin\" \/>\n<meta name=\"twitter:card\" content=\"summary_large_image\" \/>\n<meta name=\"twitter:label1\" content=\"Escrito por\" \/>\n\t<meta name=\"twitter:data1\" content=\"admin\" \/>\n\t<meta name=\"twitter:label2\" content=\"Tiempo de lectura\" \/>\n\t<meta name=\"twitter:data2\" content=\"3 minutos\" \/>\n<script type=\"application\/ld+json\" class=\"yoast-schema-graph\">{\"@context\":\"https:\\\/\\\/schema.org\",\"@graph\":[{\"@type\":\"Article\",\"@id\":\"https:\\\/\\\/panoramaciudadano.com\\\/index.php\\\/2026\\\/04\\\/29\\\/promueve-dif-benito-juarez-programa-de-acompanamiento-emocional\\\/#article\",\"isPartOf\":{\"@id\":\"https:\\\/\\\/panoramaciudadano.com\\\/index.php\\\/2026\\\/04\\\/29\\\/promueve-dif-benito-juarez-programa-de-acompanamiento-emocional\\\/\"},\"author\":{\"name\":\"admin\",\"@id\":\"https:\\\/\\\/panoramaciudadano.com\\\/#\\\/schema\\\/person\\\/ffe9fe8ef47d3a93977b5761fd9e0d96\"},\"headline\":\"PROMUEVE DIF BENITO JU\u00c1REZ PROGRAMA DE ACOMPA\u00d1AMIENTO EMOCIONAL\",\"datePublished\":\"2026-04-29T15:39:00+00:00\",\"dateModified\":\"2026-04-29T15:39:02+00:00\",\"mainEntityOfPage\":{\"@id\":\"https:\\\/\\\/panoramaciudadano.com\\\/index.php\\\/2026\\\/04\\\/29\\\/promueve-dif-benito-juarez-programa-de-acompanamiento-emocional\\\/\"},\"wordCount\":473,\"commentCount\":0,\"publisher\":{\"@id\":\"https:\\\/\\\/panoramaciudadano.com\\\/#organization\"},\"image\":{\"@id\":\"https:\\\/\\\/panoramaciudadano.com\\\/index.php\\\/2026\\\/04\\\/29\\\/promueve-dif-benito-juarez-programa-de-acompanamiento-emocional\\\/#primaryimage\"},\"thumbnailUrl\":\"https:\\\/\\\/panoramaciudadano.com\\\/wp-content\\\/uploads\\\/2026\\\/04\\\/WhatsApp-Image-2026-04-29-at-10.35.58-AM.jpeg\",\"keywords\":[\"DIF Benito Ju\u00e1rez\"],\"articleSection\":[\"Canc\u00fan\"],\"inLanguage\":\"es\",\"potentialAction\":[{\"@type\":\"CommentAction\",\"name\":\"Comment\",\"target\":[\"https:\\\/\\\/panoramaciudadano.com\\\/index.php\\\/2026\\\/04\\\/29\\\/promueve-dif-benito-juarez-programa-de-acompanamiento-emocional\\\/#respond\"]}]},{\"@type\":\"WebPage\",\"@id\":\"https:\\\/\\\/panoramaciudadano.com\\\/index.php\\\/2026\\\/04\\\/29\\\/promueve-dif-benito-juarez-programa-de-acompanamiento-emocional\\\/\",\"url\":\"https:\\\/\\\/panoramaciudadano.com\\\/index.php\\\/2026\\\/04\\\/29\\\/promueve-dif-benito-juarez-programa-de-acompanamiento-emocional\\\/\",\"name\":\"PROMUEVE DIF BENITO JU\u00c1REZ PROGRAMA DE ACOMPA\u00d1AMIENTO EMOCIONAL - Panorama Ciudadano\",\"isPartOf\":{\"@id\":\"https:\\\/\\\/panoramaciudadano.com\\\/#website\"},\"primaryImageOfPage\":{\"@id\":\"https:\\\/\\\/panoramaciudadano.com\\\/index.php\\\/2026\\\/04\\\/29\\\/promueve-dif-benito-juarez-programa-de-acompanamiento-emocional\\\/#primaryimage\"},\"image\":{\"@id\":\"https:\\\/\\\/panoramaciudadano.com\\\/index.php\\\/2026\\\/04\\\/29\\\/promueve-dif-benito-juarez-programa-de-acompanamiento-emocional\\\/#primaryimage\"},\"thumbnailUrl\":\"https:\\\/\\\/panoramaciudadano.com\\\/wp-content\\\/uploads\\\/2026\\\/04\\\/WhatsApp-Image-2026-04-29-at-10.35.58-AM.jpeg\",\"datePublished\":\"2026-04-29T15:39:00+00:00\",\"dateModified\":\"2026-04-29T15:39:02+00:00\",\"breadcrumb\":{\"@id\":\"https:\\\/\\\/panoramaciudadano.com\\\/index.php\\\/2026\\\/04\\\/29\\\/promueve-dif-benito-juarez-programa-de-acompanamiento-emocional\\\/#breadcrumb\"},\"inLanguage\":\"es\",\"potentialAction\":[{\"@type\":\"ReadAction\",\"target\":[\"https:\\\/\\\/panoramaciudadano.com\\\/index.php\\\/2026\\\/04\\\/29\\\/promueve-dif-benito-juarez-programa-de-acompanamiento-emocional\\\/\"]}]},{\"@type\":\"ImageObject\",\"inLanguage\":\"es\",\"@id\":\"https:\\\/\\\/panoramaciudadano.com\\\/index.php\\\/2026\\\/04\\\/29\\\/promueve-dif-benito-juarez-programa-de-acompanamiento-emocional\\\/#primaryimage\",\"url\":\"https:\\\/\\\/panoramaciudadano.com\\\/wp-content\\\/uploads\\\/2026\\\/04\\\/WhatsApp-Image-2026-04-29-at-10.35.58-AM.jpeg\",\"contentUrl\":\"https:\\\/\\\/panoramaciudadano.com\\\/wp-content\\\/uploads\\\/2026\\\/04\\\/WhatsApp-Image-2026-04-29-at-10.35.58-AM.jpeg\",\"width\":1125,\"height\":1406},{\"@type\":\"BreadcrumbList\",\"@id\":\"https:\\\/\\\/panoramaciudadano.com\\\/index.php\\\/2026\\\/04\\\/29\\\/promueve-dif-benito-juarez-programa-de-acompanamiento-emocional\\\/#breadcrumb\",\"itemListElement\":[{\"@type\":\"ListItem\",\"position\":1,\"name\":\"Portada\",\"item\":\"https:\\\/\\\/panoramaciudadano.com\\\/\"},{\"@type\":\"ListItem\",\"position\":2,\"name\":\"PROMUEVE DIF BENITO JU\u00c1REZ PROGRAMA DE ACOMPA\u00d1AMIENTO EMOCIONAL\"}]},{\"@type\":\"WebSite\",\"@id\":\"https:\\\/\\\/panoramaciudadano.com\\\/#website\",\"url\":\"https:\\\/\\\/panoramaciudadano.com\\\/\",\"name\":\"Panorama Ciudadano\",\"description\":\"\",\"publisher\":{\"@id\":\"https:\\\/\\\/panoramaciudadano.com\\\/#organization\"},\"potentialAction\":[{\"@type\":\"SearchAction\",\"target\":{\"@type\":\"EntryPoint\",\"urlTemplate\":\"https:\\\/\\\/panoramaciudadano.com\\\/?s={search_term_string}\"},\"query-input\":{\"@type\":\"PropertyValueSpecification\",\"valueRequired\":true,\"valueName\":\"search_term_string\"}}],\"inLanguage\":\"es\"},{\"@type\":\"Organization\",\"@id\":\"https:\\\/\\\/panoramaciudadano.com\\\/#organization\",\"name\":\"Panorama Ciudadano\",\"url\":\"https:\\\/\\\/panoramaciudadano.com\\\/\",\"logo\":{\"@type\":\"ImageObject\",\"inLanguage\":\"es\",\"@id\":\"https:\\\/\\\/panoramaciudadano.com\\\/#\\\/schema\\\/logo\\\/image\\\/\",\"url\":\"https:\\\/\\\/panoramaciudadano.com\\\/wp-content\\\/uploads\\\/2024\\\/05\\\/401498640_919267042938564_6290593609399108733_n.jpg\",\"contentUrl\":\"https:\\\/\\\/panoramaciudadano.com\\\/wp-content\\\/uploads\\\/2024\\\/05\\\/401498640_919267042938564_6290593609399108733_n.jpg\",\"width\":960,\"height\":957,\"caption\":\"Panorama Ciudadano\"},\"image\":{\"@id\":\"https:\\\/\\\/panoramaciudadano.com\\\/#\\\/schema\\\/logo\\\/image\\\/\"},\"sameAs\":[\"https:\\\/\\\/www.facebook.com\\\/panoramaciudadano\"]},{\"@type\":\"Person\",\"@id\":\"https:\\\/\\\/panoramaciudadano.com\\\/#\\\/schema\\\/person\\\/ffe9fe8ef47d3a93977b5761fd9e0d96\",\"name\":\"admin\",\"image\":{\"@type\":\"ImageObject\",\"inLanguage\":\"es\",\"@id\":\"https:\\\/\\\/secure.gravatar.com\\\/avatar\\\/2d5a12cacce3f18096f25fadea8abb7202fef18ed669595589853e84260ff451?s=96&d=mm&r=g\",\"url\":\"https:\\\/\\\/secure.gravatar.com\\\/avatar\\\/2d5a12cacce3f18096f25fadea8abb7202fef18ed669595589853e84260ff451?s=96&d=mm&r=g\",\"contentUrl\":\"https:\\\/\\\/secure.gravatar.com\\\/avatar\\\/2d5a12cacce3f18096f25fadea8abb7202fef18ed669595589853e84260ff451?s=96&d=mm&r=g\",\"caption\":\"admin\"},\"sameAs\":[\"https:\\\/\\\/panoramaciudadano.com\"],\"url\":\"https:\\\/\\\/panoramaciudadano.com\\\/index.php\\\/author\\\/admin_3q6hyqq3\\\/\"}]}<\/script>\n<!-- \/ Yoast SEO plugin. -->","yoast_head_json":{"title":"PROMUEVE DIF BENITO JU\u00c1REZ PROGRAMA DE ACOMPA\u00d1AMIENTO EMOCIONAL - Panorama Ciudadano","robots":{"index":"index","follow":"follow","max-snippet":"max-snippet:-1","max-image-preview":"max-image-preview:large","max-video-preview":"max-video-preview:-1"},"canonical":"https:\/\/panoramaciudadano.com\/index.php\/2026\/04\/29\/promueve-dif-benito-juarez-programa-de-acompanamiento-emocional\/","og_locale":"es_ES","og_type":"article","og_title":"PROMUEVE DIF BENITO JU\u00c1REZ PROGRAMA DE ACOMPA\u00d1AMIENTO EMOCIONAL - Panorama Ciudadano","og_description":"Con el curso \u201cCuidando a quien cuida\u201d.","og_url":"https:\/\/panoramaciudadano.com\/index.php\/2026\/04\/29\/promueve-dif-benito-juarez-programa-de-acompanamiento-emocional\/","og_site_name":"Panorama Ciudadano","article_publisher":"https:\/\/www.facebook.com\/panoramaciudadano","article_published_time":"2026-04-29T15:39:00+00:00","article_modified_time":"2026-04-29T15:39:02+00:00","og_image":[{"width":1125,"height":1406,"url":"https:\/\/panoramaciudadano.com\/wp-content\/uploads\/2026\/04\/WhatsApp-Image-2026-04-29-at-10.35.58-AM.jpeg","type":"image\/jpeg"}],"author":"admin","twitter_card":"summary_large_image","twitter_misc":{"Escrito por":"admin","Tiempo de lectura":"3 minutos"},"schema":{"@context":"https:\/\/schema.org","@graph":[{"@type":"Article","@id":"https:\/\/panoramaciudadano.com\/index.php\/2026\/04\/29\/promueve-dif-benito-juarez-programa-de-acompanamiento-emocional\/#article","isPartOf":{"@id":"https:\/\/panoramaciudadano.com\/index.php\/2026\/04\/29\/promueve-dif-benito-juarez-programa-de-acompanamiento-emocional\/"},"author":{"name":"admin","@id":"https:\/\/panoramaciudadano.com\/#\/schema\/person\/ffe9fe8ef47d3a93977b5761fd9e0d96"},"headline":"PROMUEVE DIF BENITO JU\u00c1REZ PROGRAMA DE ACOMPA\u00d1AMIENTO EMOCIONAL","datePublished":"2026-04-29T15:39:00+00:00","dateModified":"2026-04-29T15:39:02+00:00","mainEntityOfPage":{"@id":"https:\/\/panoramaciudadano.com\/index.php\/2026\/04\/29\/promueve-dif-benito-juarez-programa-de-acompanamiento-emocional\/"},"wordCount":473,"commentCount":0,"publisher":{"@id":"https:\/\/panoramaciudadano.com\/#organization"},"image":{"@id":"https:\/\/panoramaciudadano.com\/index.php\/2026\/04\/29\/promueve-dif-benito-juarez-programa-de-acompanamiento-emocional\/#primaryimage"},"thumbnailUrl":"https:\/\/panoramaciudadano.com\/wp-content\/uploads\/2026\/04\/WhatsApp-Image-2026-04-29-at-10.35.58-AM.jpeg","keywords":["DIF Benito Ju\u00e1rez"],"articleSection":["Canc\u00fan"],"inLanguage":"es","potentialAction":[{"@type":"CommentAction","name":"Comment","target":["https:\/\/panoramaciudadano.com\/index.php\/2026\/04\/29\/promueve-dif-benito-juarez-programa-de-acompanamiento-emocional\/#respond"]}]},{"@type":"WebPage","@id":"https:\/\/panoramaciudadano.com\/index.php\/2026\/04\/29\/promueve-dif-benito-juarez-programa-de-acompanamiento-emocional\/","url":"https:\/\/panoramaciudadano.com\/index.php\/2026\/04\/29\/promueve-dif-benito-juarez-programa-de-acompanamiento-emocional\/","name":"PROMUEVE DIF BENITO JU\u00c1REZ PROGRAMA DE ACOMPA\u00d1AMIENTO EMOCIONAL - Panorama Ciudadano","isPartOf":{"@id":"https:\/\/panoramaciudadano.com\/#website"},"primaryImageOfPage":{"@id":"https:\/\/panoramaciudadano.com\/index.php\/2026\/04\/29\/promueve-dif-benito-juarez-programa-de-acompanamiento-emocional\/#primaryimage"},"image":{"@id":"https:\/\/panoramaciudadano.com\/index.php\/2026\/04\/29\/promueve-dif-benito-juarez-programa-de-acompanamiento-emocional\/#primaryimage"},"thumbnailUrl":"https:\/\/panoramaciudadano.com\/wp-content\/uploads\/2026\/04\/WhatsApp-Image-2026-04-29-at-10.35.58-AM.jpeg","datePublished":"2026-04-29T15:39:00+00:00","dateModified":"2026-04-29T15:39:02+00:00","breadcrumb":{"@id":"https:\/\/panoramaciudadano.com\/index.php\/2026\/04\/29\/promueve-dif-benito-juarez-programa-de-acompanamiento-emocional\/#breadcrumb"},"inLanguage":"es","potentialAction":[{"@type":"ReadAction","target":["https:\/\/panoramaciudadano.com\/index.php\/2026\/04\/29\/promueve-dif-benito-juarez-programa-de-acompanamiento-emocional\/"]}]},{"@type":"ImageObject","inLanguage":"es","@id":"https:\/\/panoramaciudadano.com\/index.php\/2026\/04\/29\/promueve-dif-benito-juarez-programa-de-acompanamiento-emocional\/#primaryimage","url":"https:\/\/panoramaciudadano.com\/wp-content\/uploads\/2026\/04\/WhatsApp-Image-2026-04-29-at-10.35.58-AM.jpeg","contentUrl":"https:\/\/panoramaciudadano.com\/wp-content\/uploads\/2026\/04\/WhatsApp-Image-2026-04-29-at-10.35.58-AM.jpeg","width":1125,"height":1406},{"@type":"BreadcrumbList","@id":"https:\/\/panoramaciudadano.com\/index.php\/2026\/04\/29\/promueve-dif-benito-juarez-programa-de-acompanamiento-emocional\/#breadcrumb","itemListElement":[{"@type":"ListItem","position":1,"name":"Portada","item":"https:\/\/panoramaciudadano.com\/"},{"@type":"ListItem","position":2,"name":"PROMUEVE DIF BENITO JU\u00c1REZ PROGRAMA DE ACOMPA\u00d1AMIENTO EMOCIONAL"}]},{"@type":"WebSite","@id":"https:\/\/panoramaciudadano.com\/#website","url":"https:\/\/panoramaciudadano.com\/","name":"Panorama Ciudadano","description":"","publisher":{"@id":"https:\/\/panoramaciudadano.com\/#organization"},"potentialAction":[{"@type":"SearchAction","target":{"@type":"EntryPoint","urlTemplate":"https:\/\/panoramaciudadano.com\/?s={search_term_string}"},"query-input":{"@type":"PropertyValueSpecification","valueRequired":true,"valueName":"search_term_string"}}],"inLanguage":"es"},{"@type":"Organization","@id":"https:\/\/panoramaciudadano.com\/#organization","name":"Panorama Ciudadano","url":"https:\/\/panoramaciudadano.com\/","logo":{"@type":"ImageObject","inLanguage":"es","@id":"https:\/\/panoramaciudadano.com\/#\/schema\/logo\/image\/","url":"https:\/\/panoramaciudadano.com\/wp-content\/uploads\/2024\/05\/401498640_919267042938564_6290593609399108733_n.jpg","contentUrl":"https:\/\/panoramaciudadano.com\/wp-content\/uploads\/2024\/05\/401498640_919267042938564_6290593609399108733_n.jpg","width":960,"height":957,"caption":"Panorama Ciudadano"},"image":{"@id":"https:\/\/panoramaciudadano.com\/#\/schema\/logo\/image\/"},"sameAs":["https:\/\/www.facebook.com\/panoramaciudadano"]},{"@type":"Person","@id":"https:\/\/panoramaciudadano.com\/#\/schema\/person\/ffe9fe8ef47d3a93977b5761fd9e0d96","name":"admin","image":{"@type":"ImageObject","inLanguage":"es","@id":"https:\/\/secure.gravatar.com\/avatar\/2d5a12cacce3f18096f25fadea8abb7202fef18ed669595589853e84260ff451?s=96&d=mm&r=g","url":"https:\/\/secure.gravatar.com\/avatar\/2d5a12cacce3f18096f25fadea8abb7202fef18ed669595589853e84260ff451?s=96&d=mm&r=g","contentUrl":"https:\/\/secure.gravatar.com\/avatar\/2d5a12cacce3f18096f25fadea8abb7202fef18ed669595589853e84260ff451?s=96&d=mm&r=g","caption":"admin"},"sameAs":["https:\/\/panoramaciudadano.com"],"url":"https:\/\/panoramaciudadano.com\/index.php\/author\/admin_3q6hyqq3\/"}]}},"_links":{"self":[{"href":"https:\/\/panoramaciudadano.com\/index.php\/wp-json\/wp\/v2\/posts\/34355","targetHints":{"allow":["GET"]}}],"collection":[{"href":"https:\/\/panoramaciudadano.com\/index.php\/wp-json\/wp\/v2\/posts"}],"about":[{"href":"https:\/\/panoramaciudadano.com\/index.php\/wp-json\/wp\/v2\/types\/post"}],"author":[{"embeddable":true,"href":"https:\/\/panoramaciudadano.com\/index.php\/wp-json\/wp\/v2\/users\/1"}],"replies":[{"embeddable":true,"href":"https:\/\/panoramaciudadano.com\/index.php\/wp-json\/wp\/v2\/comments?post=34355"}],"version-history":[{"count":1,"href":"https:\/\/panoramaciudadano.com\/index.php\/wp-json\/wp\/v2\/posts\/34355\/revisions"}],"predecessor-version":[{"id":34360,"href":"https:\/\/panoramaciudadano.com\/index.php\/wp-json\/wp\/v2\/posts\/34355\/revisions\/34360"}],"wp:featuredmedia":[{"embeddable":true,"href":"https:\/\/panoramaciudadano.com\/index.php\/wp-json\/wp\/v2\/media\/34359"}],"wp:attachment":[{"href":"https:\/\/panoramaciudadano.com\/index.php\/wp-json\/wp\/v2\/media?parent=34355"}],"wp:term":[{"taxonomy":"category","embeddable":true,"href":"https:\/\/panoramaciudadano.com\/index.php\/wp-json\/wp\/v2\/categories?post=34355"},{"taxonomy":"post_tag","embeddable":true,"href":"https:\/\/panoramaciudadano.com\/index.php\/wp-json\/wp\/v2\/tags?post=34355"}],"curies":[{"name":"wp","href":"https:\/\/api.w.org\/{rel}","templated":true}]}}