{"id":34368,"date":"2026-04-30T10:27:25","date_gmt":"2026-04-30T15:27:25","guid":{"rendered":"https:\/\/panoramaciudadano.com\/?p=34368"},"modified":"2026-04-30T10:27:27","modified_gmt":"2026-04-30T15:27:27","slug":"atenea-celebra-el-dia-del-nino-y-la-nina-en-la-colonia-el-ramal-de-ciudad-mujeres","status":"publish","type":"post","link":"https:\/\/panoramaciudadano.com\/index.php\/2026\/04\/30\/atenea-celebra-el-dia-del-nino-y-la-nina-en-la-colonia-el-ramal-de-ciudad-mujeres\/","title":{"rendered":"Atenea celebra el D\u00eda del Ni\u00f1o y la Ni\u00f1a en la colonia El Ramal de Ciudad Mujeres"},"content":{"rendered":"\n<figure class=\"wp-block-gallery has-nested-images columns-default is-cropped wp-block-gallery-1 is-layout-flex wp-block-gallery-is-layout-flex\">\n<figure class=\"wp-block-image size-large\"><img decoding=\"async\" width=\"1024\" height=\"682\" data-id=\"34369\" src=\"https:\/\/panoramaciudadano.com\/wp-content\/uploads\/2026\/04\/WhatsApp-Image-2026-04-30-at-6.43.41-AM-2-1024x682.jpeg\" alt=\"\" class=\"wp-image-34369\" srcset=\"https:\/\/panoramaciudadano.com\/wp-content\/uploads\/2026\/04\/WhatsApp-Image-2026-04-30-at-6.43.41-AM-2-1024x682.jpeg 1024w, https:\/\/panoramaciudadano.com\/wp-content\/uploads\/2026\/04\/WhatsApp-Image-2026-04-30-at-6.43.41-AM-2-300x200.jpeg 300w, https:\/\/panoramaciudadano.com\/wp-content\/uploads\/2026\/04\/WhatsApp-Image-2026-04-30-at-6.43.41-AM-2-768x512.jpeg 768w, https:\/\/panoramaciudadano.com\/wp-content\/uploads\/2026\/04\/WhatsApp-Image-2026-04-30-at-6.43.41-AM-2-1536x1023.jpeg 1536w, https:\/\/panoramaciudadano.com\/wp-content\/uploads\/2026\/04\/WhatsApp-Image-2026-04-30-at-6.43.41-AM-2.jpeg 1600w\" sizes=\"(max-width: 1024px) 100vw, 1024px\" \/><\/figure>\n\n\n\n<figure class=\"wp-block-image size-large\"><img decoding=\"async\" width=\"1024\" height=\"850\" data-id=\"34370\" src=\"https:\/\/panoramaciudadano.com\/wp-content\/uploads\/2026\/04\/WhatsApp-Image-2026-04-30-at-6.43.41-AM-1024x850.jpeg\" alt=\"\" class=\"wp-image-34370\" srcset=\"https:\/\/panoramaciudadano.com\/wp-content\/uploads\/2026\/04\/WhatsApp-Image-2026-04-30-at-6.43.41-AM-1024x850.jpeg 1024w, https:\/\/panoramaciudadano.com\/wp-content\/uploads\/2026\/04\/WhatsApp-Image-2026-04-30-at-6.43.41-AM-300x249.jpeg 300w, https:\/\/panoramaciudadano.com\/wp-content\/uploads\/2026\/04\/WhatsApp-Image-2026-04-30-at-6.43.41-AM-768x637.jpeg 768w, https:\/\/panoramaciudadano.com\/wp-content\/uploads\/2026\/04\/WhatsApp-Image-2026-04-30-at-6.43.41-AM-1536x1275.jpeg 1536w, https:\/\/panoramaciudadano.com\/wp-content\/uploads\/2026\/04\/WhatsApp-Image-2026-04-30-at-6.43.41-AM.jpeg 1600w\" sizes=\"(max-width: 1024px) 100vw, 1024px\" \/><\/figure>\n<\/figure>\n\n\n\n<p>Con gran entusiasmo y en un ambiente lleno de sonrisas, se llev\u00f3 a cabo el festejo del D\u00eda del Ni\u00f1o y la Ni\u00f1a en la colonia El Ramal, en la Zona Continental, una celebraci\u00f3n dedicada a reconocer y consentir a la ni\u00f1ez isle\u00f1a.<\/p>\n\n\n\n<p>El Gobierno Municipal que lidera la alcaldesa Atenea G\u00f3mez Ricalde, a trav\u00e9s del Sistema para el Desarrollo Integral de la Familia (DIF) Isla Mujeres, realiz\u00f3 este bonito festejo, sumando esfuerzos para llevar momentos de alegr\u00eda y sana convivencia a las familias.<\/p>\n\n\n\n<p>La celebraci\u00f3n cont\u00f3 con la presencia de la Presidenta Honoraria del DIF Isla Mujeres, Alicia Ricalde Maga\u00f1a, quien reiter\u00f3 su compromiso de seguir trabajando por el bienestar de la infancia.<\/p>\n\n\n\n<p>Atenea, destac\u00f3 que estas acciones forman parte de una visi\u00f3n de justicia social, en la que se busca que todas las ni\u00f1as y ni\u00f1os tengan acceso a momentos de esparcimiento, desarrollo y felicidad, sin importar su lugar de residencia.<\/p>\n\n\n\n<p>Durante la jornada, las ni\u00f1as y los ni\u00f1os disfrutaron de un divertido show infantil, recibieron regalos y participaron en diversas actividades recreativas, creando recuerdos inolvidables en un espacio pensado especialmente para su felicidad.<\/p>\n","protected":false},"excerpt":{"rendered":"<p>Con gran entusiasmo y en un ambiente lleno de sonrisas, se llev\u00f3 a cabo el festejo del D\u00eda del Ni\u00f1o y la Ni\u00f1a en la colonia El Ramal, en la Zona Continental, una celebraci\u00f3n dedicada a reconocer y consentir a la ni\u00f1ez isle\u00f1a.<\/p>\n","protected":false},"author":1,"featured_media":34371,"comment_status":"open","ping_status":"closed","sticky":false,"template":"","format":"standard","meta":{"footnotes":""},"categories":[12],"tags":[336],"class_list":["post-34368","post","type-post","status-publish","format-standard","has-post-thumbnail","hentry","category-isla-mujeres","tag-atenea-gomez-ricalde"],"yoast_head":"<!-- This site is optimized with the Yoast SEO plugin v27.5 - https:\/\/yoast.com\/product\/yoast-seo-wordpress\/ -->\n<title>Atenea celebra el D\u00eda del Ni\u00f1o y la Ni\u00f1a en la colonia El Ramal de Ciudad Mujeres - Panorama Ciudadano<\/title>\n<meta name=\"robots\" content=\"index, follow, max-snippet:-1, max-image-preview:large, max-video-preview:-1\" \/>\n<link rel=\"canonical\" href=\"https:\/\/panoramaciudadano.com\/index.php\/2026\/04\/30\/atenea-celebra-el-dia-del-nino-y-la-nina-en-la-colonia-el-ramal-de-ciudad-mujeres\/\" \/>\n<meta property=\"og:locale\" content=\"es_ES\" \/>\n<meta property=\"og:type\" content=\"article\" \/>\n<meta property=\"og:title\" content=\"Atenea celebra el D\u00eda del Ni\u00f1o y la Ni\u00f1a en la colonia El Ramal de Ciudad Mujeres - Panorama Ciudadano\" \/>\n<meta property=\"og:description\" content=\"Con gran entusiasmo y en un ambiente lleno de sonrisas, se llev\u00f3 a cabo el festejo del D\u00eda del Ni\u00f1o y la Ni\u00f1a en la colonia El Ramal, en la Zona Continental, una celebraci\u00f3n dedicada a reconocer y consentir a la ni\u00f1ez isle\u00f1a.\" \/>\n<meta property=\"og:url\" content=\"https:\/\/panoramaciudadano.com\/index.php\/2026\/04\/30\/atenea-celebra-el-dia-del-nino-y-la-nina-en-la-colonia-el-ramal-de-ciudad-mujeres\/\" \/>\n<meta property=\"og:site_name\" content=\"Panorama Ciudadano\" \/>\n<meta property=\"article:publisher\" content=\"https:\/\/www.facebook.com\/panoramaciudadano\" \/>\n<meta property=\"article:published_time\" content=\"2026-04-30T15:27:25+00:00\" \/>\n<meta property=\"article:modified_time\" content=\"2026-04-30T15:27:27+00:00\" \/>\n<meta property=\"og:image\" content=\"https:\/\/panoramaciudadano.com\/wp-content\/uploads\/2026\/04\/WhatsApp-Image-2026-04-30-at-6.43.41-AM-1.jpeg\" \/>\n\t<meta property=\"og:image:width\" content=\"1600\" \/>\n\t<meta property=\"og:image:height\" content=\"1066\" \/>\n\t<meta property=\"og:image:type\" content=\"image\/jpeg\" \/>\n<meta name=\"author\" content=\"admin\" \/>\n<meta name=\"twitter:card\" content=\"summary_large_image\" \/>\n<meta name=\"twitter:label1\" content=\"Escrito por\" \/>\n\t<meta name=\"twitter:data1\" content=\"admin\" \/>\n\t<meta name=\"twitter:label2\" content=\"Tiempo de lectura\" \/>\n\t<meta name=\"twitter:data2\" content=\"2 minutos\" \/>\n<script type=\"application\/ld+json\" class=\"yoast-schema-graph\">{\"@context\":\"https:\\\/\\\/schema.org\",\"@graph\":[{\"@type\":\"Article\",\"@id\":\"https:\\\/\\\/panoramaciudadano.com\\\/index.php\\\/2026\\\/04\\\/30\\\/atenea-celebra-el-dia-del-nino-y-la-nina-en-la-colonia-el-ramal-de-ciudad-mujeres\\\/#article\",\"isPartOf\":{\"@id\":\"https:\\\/\\\/panoramaciudadano.com\\\/index.php\\\/2026\\\/04\\\/30\\\/atenea-celebra-el-dia-del-nino-y-la-nina-en-la-colonia-el-ramal-de-ciudad-mujeres\\\/\"},\"author\":{\"name\":\"admin\",\"@id\":\"https:\\\/\\\/panoramaciudadano.com\\\/#\\\/schema\\\/person\\\/ffe9fe8ef47d3a93977b5761fd9e0d96\"},\"headline\":\"Atenea celebra el D\u00eda del Ni\u00f1o y la Ni\u00f1a en la colonia El Ramal de Ciudad Mujeres\",\"datePublished\":\"2026-04-30T15:27:25+00:00\",\"dateModified\":\"2026-04-30T15:27:27+00:00\",\"mainEntityOfPage\":{\"@id\":\"https:\\\/\\\/panoramaciudadano.com\\\/index.php\\\/2026\\\/04\\\/30\\\/atenea-celebra-el-dia-del-nino-y-la-nina-en-la-colonia-el-ramal-de-ciudad-mujeres\\\/\"},\"wordCount\":222,\"commentCount\":0,\"publisher\":{\"@id\":\"https:\\\/\\\/panoramaciudadano.com\\\/#organization\"},\"image\":{\"@id\":\"https:\\\/\\\/panoramaciudadano.com\\\/index.php\\\/2026\\\/04\\\/30\\\/atenea-celebra-el-dia-del-nino-y-la-nina-en-la-colonia-el-ramal-de-ciudad-mujeres\\\/#primaryimage\"},\"thumbnailUrl\":\"https:\\\/\\\/panoramaciudadano.com\\\/wp-content\\\/uploads\\\/2026\\\/04\\\/WhatsApp-Image-2026-04-30-at-6.43.41-AM-1.jpeg\",\"keywords\":[\"Atenea G\u00f3mez Ricalde\"],\"articleSection\":[\"Isla Mujeres\"],\"inLanguage\":\"es\",\"potentialAction\":[{\"@type\":\"CommentAction\",\"name\":\"Comment\",\"target\":[\"https:\\\/\\\/panoramaciudadano.com\\\/index.php\\\/2026\\\/04\\\/30\\\/atenea-celebra-el-dia-del-nino-y-la-nina-en-la-colonia-el-ramal-de-ciudad-mujeres\\\/#respond\"]}]},{\"@type\":\"WebPage\",\"@id\":\"https:\\\/\\\/panoramaciudadano.com\\\/index.php\\\/2026\\\/04\\\/30\\\/atenea-celebra-el-dia-del-nino-y-la-nina-en-la-colonia-el-ramal-de-ciudad-mujeres\\\/\",\"url\":\"https:\\\/\\\/panoramaciudadano.com\\\/index.php\\\/2026\\\/04\\\/30\\\/atenea-celebra-el-dia-del-nino-y-la-nina-en-la-colonia-el-ramal-de-ciudad-mujeres\\\/\",\"name\":\"Atenea celebra el D\u00eda del Ni\u00f1o y la Ni\u00f1a en la colonia El Ramal de Ciudad Mujeres - Panorama Ciudadano\",\"isPartOf\":{\"@id\":\"https:\\\/\\\/panoramaciudadano.com\\\/#website\"},\"primaryImageOfPage\":{\"@id\":\"https:\\\/\\\/panoramaciudadano.com\\\/index.php\\\/2026\\\/04\\\/30\\\/atenea-celebra-el-dia-del-nino-y-la-nina-en-la-colonia-el-ramal-de-ciudad-mujeres\\\/#primaryimage\"},\"image\":{\"@id\":\"https:\\\/\\\/panoramaciudadano.com\\\/index.php\\\/2026\\\/04\\\/30\\\/atenea-celebra-el-dia-del-nino-y-la-nina-en-la-colonia-el-ramal-de-ciudad-mujeres\\\/#primaryimage\"},\"thumbnailUrl\":\"https:\\\/\\\/panoramaciudadano.com\\\/wp-content\\\/uploads\\\/2026\\\/04\\\/WhatsApp-Image-2026-04-30-at-6.43.41-AM-1.jpeg\",\"datePublished\":\"2026-04-30T15:27:25+00:00\",\"dateModified\":\"2026-04-30T15:27:27+00:00\",\"breadcrumb\":{\"@id\":\"https:\\\/\\\/panoramaciudadano.com\\\/index.php\\\/2026\\\/04\\\/30\\\/atenea-celebra-el-dia-del-nino-y-la-nina-en-la-colonia-el-ramal-de-ciudad-mujeres\\\/#breadcrumb\"},\"inLanguage\":\"es\",\"potentialAction\":[{\"@type\":\"ReadAction\",\"target\":[\"https:\\\/\\\/panoramaciudadano.com\\\/index.php\\\/2026\\\/04\\\/30\\\/atenea-celebra-el-dia-del-nino-y-la-nina-en-la-colonia-el-ramal-de-ciudad-mujeres\\\/\"]}]},{\"@type\":\"ImageObject\",\"inLanguage\":\"es\",\"@id\":\"https:\\\/\\\/panoramaciudadano.com\\\/index.php\\\/2026\\\/04\\\/30\\\/atenea-celebra-el-dia-del-nino-y-la-nina-en-la-colonia-el-ramal-de-ciudad-mujeres\\\/#primaryimage\",\"url\":\"https:\\\/\\\/panoramaciudadano.com\\\/wp-content\\\/uploads\\\/2026\\\/04\\\/WhatsApp-Image-2026-04-30-at-6.43.41-AM-1.jpeg\",\"contentUrl\":\"https:\\\/\\\/panoramaciudadano.com\\\/wp-content\\\/uploads\\\/2026\\\/04\\\/WhatsApp-Image-2026-04-30-at-6.43.41-AM-1.jpeg\",\"width\":1600,\"height\":1066},{\"@type\":\"BreadcrumbList\",\"@id\":\"https:\\\/\\\/panoramaciudadano.com\\\/index.php\\\/2026\\\/04\\\/30\\\/atenea-celebra-el-dia-del-nino-y-la-nina-en-la-colonia-el-ramal-de-ciudad-mujeres\\\/#breadcrumb\",\"itemListElement\":[{\"@type\":\"ListItem\",\"position\":1,\"name\":\"Portada\",\"item\":\"https:\\\/\\\/panoramaciudadano.com\\\/\"},{\"@type\":\"ListItem\",\"position\":2,\"name\":\"Atenea celebra el D\u00eda del Ni\u00f1o y la Ni\u00f1a en la colonia El Ramal de Ciudad Mujeres\"}]},{\"@type\":\"WebSite\",\"@id\":\"https:\\\/\\\/panoramaciudadano.com\\\/#website\",\"url\":\"https:\\\/\\\/panoramaciudadano.com\\\/\",\"name\":\"Panorama Ciudadano\",\"description\":\"\",\"publisher\":{\"@id\":\"https:\\\/\\\/panoramaciudadano.com\\\/#organization\"},\"potentialAction\":[{\"@type\":\"SearchAction\",\"target\":{\"@type\":\"EntryPoint\",\"urlTemplate\":\"https:\\\/\\\/panoramaciudadano.com\\\/?s={search_term_string}\"},\"query-input\":{\"@type\":\"PropertyValueSpecification\",\"valueRequired\":true,\"valueName\":\"search_term_string\"}}],\"inLanguage\":\"es\"},{\"@type\":\"Organization\",\"@id\":\"https:\\\/\\\/panoramaciudadano.com\\\/#organization\",\"name\":\"Panorama Ciudadano\",\"url\":\"https:\\\/\\\/panoramaciudadano.com\\\/\",\"logo\":{\"@type\":\"ImageObject\",\"inLanguage\":\"es\",\"@id\":\"https:\\\/\\\/panoramaciudadano.com\\\/#\\\/schema\\\/logo\\\/image\\\/\",\"url\":\"https:\\\/\\\/panoramaciudadano.com\\\/wp-content\\\/uploads\\\/2024\\\/05\\\/401498640_919267042938564_6290593609399108733_n.jpg\",\"contentUrl\":\"https:\\\/\\\/panoramaciudadano.com\\\/wp-content\\\/uploads\\\/2024\\\/05\\\/401498640_919267042938564_6290593609399108733_n.jpg\",\"width\":960,\"height\":957,\"caption\":\"Panorama Ciudadano\"},\"image\":{\"@id\":\"https:\\\/\\\/panoramaciudadano.com\\\/#\\\/schema\\\/logo\\\/image\\\/\"},\"sameAs\":[\"https:\\\/\\\/www.facebook.com\\\/panoramaciudadano\"]},{\"@type\":\"Person\",\"@id\":\"https:\\\/\\\/panoramaciudadano.com\\\/#\\\/schema\\\/person\\\/ffe9fe8ef47d3a93977b5761fd9e0d96\",\"name\":\"admin\",\"image\":{\"@type\":\"ImageObject\",\"inLanguage\":\"es\",\"@id\":\"https:\\\/\\\/secure.gravatar.com\\\/avatar\\\/2d5a12cacce3f18096f25fadea8abb7202fef18ed669595589853e84260ff451?s=96&d=mm&r=g\",\"url\":\"https:\\\/\\\/secure.gravatar.com\\\/avatar\\\/2d5a12cacce3f18096f25fadea8abb7202fef18ed669595589853e84260ff451?s=96&d=mm&r=g\",\"contentUrl\":\"https:\\\/\\\/secure.gravatar.com\\\/avatar\\\/2d5a12cacce3f18096f25fadea8abb7202fef18ed669595589853e84260ff451?s=96&d=mm&r=g\",\"caption\":\"admin\"},\"sameAs\":[\"https:\\\/\\\/panoramaciudadano.com\"],\"url\":\"https:\\\/\\\/panoramaciudadano.com\\\/index.php\\\/author\\\/admin_3q6hyqq3\\\/\"}]}<\/script>\n<!-- \/ Yoast SEO plugin. -->","yoast_head_json":{"title":"Atenea celebra el D\u00eda del Ni\u00f1o y la Ni\u00f1a en la colonia El Ramal de Ciudad Mujeres - Panorama Ciudadano","robots":{"index":"index","follow":"follow","max-snippet":"max-snippet:-1","max-image-preview":"max-image-preview:large","max-video-preview":"max-video-preview:-1"},"canonical":"https:\/\/panoramaciudadano.com\/index.php\/2026\/04\/30\/atenea-celebra-el-dia-del-nino-y-la-nina-en-la-colonia-el-ramal-de-ciudad-mujeres\/","og_locale":"es_ES","og_type":"article","og_title":"Atenea celebra el D\u00eda del Ni\u00f1o y la Ni\u00f1a en la colonia El Ramal de Ciudad Mujeres - Panorama Ciudadano","og_description":"Con gran entusiasmo y en un ambiente lleno de sonrisas, se llev\u00f3 a cabo el festejo del D\u00eda del Ni\u00f1o y la Ni\u00f1a en la colonia El Ramal, en la Zona Continental, una celebraci\u00f3n dedicada a reconocer y consentir a la ni\u00f1ez isle\u00f1a.","og_url":"https:\/\/panoramaciudadano.com\/index.php\/2026\/04\/30\/atenea-celebra-el-dia-del-nino-y-la-nina-en-la-colonia-el-ramal-de-ciudad-mujeres\/","og_site_name":"Panorama Ciudadano","article_publisher":"https:\/\/www.facebook.com\/panoramaciudadano","article_published_time":"2026-04-30T15:27:25+00:00","article_modified_time":"2026-04-30T15:27:27+00:00","og_image":[{"width":1600,"height":1066,"url":"https:\/\/panoramaciudadano.com\/wp-content\/uploads\/2026\/04\/WhatsApp-Image-2026-04-30-at-6.43.41-AM-1.jpeg","type":"image\/jpeg"}],"author":"admin","twitter_card":"summary_large_image","twitter_misc":{"Escrito por":"admin","Tiempo de lectura":"2 minutos"},"schema":{"@context":"https:\/\/schema.org","@graph":[{"@type":"Article","@id":"https:\/\/panoramaciudadano.com\/index.php\/2026\/04\/30\/atenea-celebra-el-dia-del-nino-y-la-nina-en-la-colonia-el-ramal-de-ciudad-mujeres\/#article","isPartOf":{"@id":"https:\/\/panoramaciudadano.com\/index.php\/2026\/04\/30\/atenea-celebra-el-dia-del-nino-y-la-nina-en-la-colonia-el-ramal-de-ciudad-mujeres\/"},"author":{"name":"admin","@id":"https:\/\/panoramaciudadano.com\/#\/schema\/person\/ffe9fe8ef47d3a93977b5761fd9e0d96"},"headline":"Atenea celebra el D\u00eda del Ni\u00f1o y la Ni\u00f1a en la colonia El Ramal de Ciudad Mujeres","datePublished":"2026-04-30T15:27:25+00:00","dateModified":"2026-04-30T15:27:27+00:00","mainEntityOfPage":{"@id":"https:\/\/panoramaciudadano.com\/index.php\/2026\/04\/30\/atenea-celebra-el-dia-del-nino-y-la-nina-en-la-colonia-el-ramal-de-ciudad-mujeres\/"},"wordCount":222,"commentCount":0,"publisher":{"@id":"https:\/\/panoramaciudadano.com\/#organization"},"image":{"@id":"https:\/\/panoramaciudadano.com\/index.php\/2026\/04\/30\/atenea-celebra-el-dia-del-nino-y-la-nina-en-la-colonia-el-ramal-de-ciudad-mujeres\/#primaryimage"},"thumbnailUrl":"https:\/\/panoramaciudadano.com\/wp-content\/uploads\/2026\/04\/WhatsApp-Image-2026-04-30-at-6.43.41-AM-1.jpeg","keywords":["Atenea G\u00f3mez Ricalde"],"articleSection":["Isla Mujeres"],"inLanguage":"es","potentialAction":[{"@type":"CommentAction","name":"Comment","target":["https:\/\/panoramaciudadano.com\/index.php\/2026\/04\/30\/atenea-celebra-el-dia-del-nino-y-la-nina-en-la-colonia-el-ramal-de-ciudad-mujeres\/#respond"]}]},{"@type":"WebPage","@id":"https:\/\/panoramaciudadano.com\/index.php\/2026\/04\/30\/atenea-celebra-el-dia-del-nino-y-la-nina-en-la-colonia-el-ramal-de-ciudad-mujeres\/","url":"https:\/\/panoramaciudadano.com\/index.php\/2026\/04\/30\/atenea-celebra-el-dia-del-nino-y-la-nina-en-la-colonia-el-ramal-de-ciudad-mujeres\/","name":"Atenea celebra el D\u00eda del Ni\u00f1o y la Ni\u00f1a en la colonia El Ramal de Ciudad Mujeres - Panorama Ciudadano","isPartOf":{"@id":"https:\/\/panoramaciudadano.com\/#website"},"primaryImageOfPage":{"@id":"https:\/\/panoramaciudadano.com\/index.php\/2026\/04\/30\/atenea-celebra-el-dia-del-nino-y-la-nina-en-la-colonia-el-ramal-de-ciudad-mujeres\/#primaryimage"},"image":{"@id":"https:\/\/panoramaciudadano.com\/index.php\/2026\/04\/30\/atenea-celebra-el-dia-del-nino-y-la-nina-en-la-colonia-el-ramal-de-ciudad-mujeres\/#primaryimage"},"thumbnailUrl":"https:\/\/panoramaciudadano.com\/wp-content\/uploads\/2026\/04\/WhatsApp-Image-2026-04-30-at-6.43.41-AM-1.jpeg","datePublished":"2026-04-30T15:27:25+00:00","dateModified":"2026-04-30T15:27:27+00:00","breadcrumb":{"@id":"https:\/\/panoramaciudadano.com\/index.php\/2026\/04\/30\/atenea-celebra-el-dia-del-nino-y-la-nina-en-la-colonia-el-ramal-de-ciudad-mujeres\/#breadcrumb"},"inLanguage":"es","potentialAction":[{"@type":"ReadAction","target":["https:\/\/panoramaciudadano.com\/index.php\/2026\/04\/30\/atenea-celebra-el-dia-del-nino-y-la-nina-en-la-colonia-el-ramal-de-ciudad-mujeres\/"]}]},{"@type":"ImageObject","inLanguage":"es","@id":"https:\/\/panoramaciudadano.com\/index.php\/2026\/04\/30\/atenea-celebra-el-dia-del-nino-y-la-nina-en-la-colonia-el-ramal-de-ciudad-mujeres\/#primaryimage","url":"https:\/\/panoramaciudadano.com\/wp-content\/uploads\/2026\/04\/WhatsApp-Image-2026-04-30-at-6.43.41-AM-1.jpeg","contentUrl":"https:\/\/panoramaciudadano.com\/wp-content\/uploads\/2026\/04\/WhatsApp-Image-2026-04-30-at-6.43.41-AM-1.jpeg","width":1600,"height":1066},{"@type":"BreadcrumbList","@id":"https:\/\/panoramaciudadano.com\/index.php\/2026\/04\/30\/atenea-celebra-el-dia-del-nino-y-la-nina-en-la-colonia-el-ramal-de-ciudad-mujeres\/#breadcrumb","itemListElement":[{"@type":"ListItem","position":1,"name":"Portada","item":"https:\/\/panoramaciudadano.com\/"},{"@type":"ListItem","position":2,"name":"Atenea celebra el D\u00eda del Ni\u00f1o y la Ni\u00f1a en la colonia El Ramal de Ciudad Mujeres"}]},{"@type":"WebSite","@id":"https:\/\/panoramaciudadano.com\/#website","url":"https:\/\/panoramaciudadano.com\/","name":"Panorama Ciudadano","description":"","publisher":{"@id":"https:\/\/panoramaciudadano.com\/#organization"},"potentialAction":[{"@type":"SearchAction","target":{"@type":"EntryPoint","urlTemplate":"https:\/\/panoramaciudadano.com\/?s={search_term_string}"},"query-input":{"@type":"PropertyValueSpecification","valueRequired":true,"valueName":"search_term_string"}}],"inLanguage":"es"},{"@type":"Organization","@id":"https:\/\/panoramaciudadano.com\/#organization","name":"Panorama Ciudadano","url":"https:\/\/panoramaciudadano.com\/","logo":{"@type":"ImageObject","inLanguage":"es","@id":"https:\/\/panoramaciudadano.com\/#\/schema\/logo\/image\/","url":"https:\/\/panoramaciudadano.com\/wp-content\/uploads\/2024\/05\/401498640_919267042938564_6290593609399108733_n.jpg","contentUrl":"https:\/\/panoramaciudadano.com\/wp-content\/uploads\/2024\/05\/401498640_919267042938564_6290593609399108733_n.jpg","width":960,"height":957,"caption":"Panorama Ciudadano"},"image":{"@id":"https:\/\/panoramaciudadano.com\/#\/schema\/logo\/image\/"},"sameAs":["https:\/\/www.facebook.com\/panoramaciudadano"]},{"@type":"Person","@id":"https:\/\/panoramaciudadano.com\/#\/schema\/person\/ffe9fe8ef47d3a93977b5761fd9e0d96","name":"admin","image":{"@type":"ImageObject","inLanguage":"es","@id":"https:\/\/secure.gravatar.com\/avatar\/2d5a12cacce3f18096f25fadea8abb7202fef18ed669595589853e84260ff451?s=96&d=mm&r=g","url":"https:\/\/secure.gravatar.com\/avatar\/2d5a12cacce3f18096f25fadea8abb7202fef18ed669595589853e84260ff451?s=96&d=mm&r=g","contentUrl":"https:\/\/secure.gravatar.com\/avatar\/2d5a12cacce3f18096f25fadea8abb7202fef18ed669595589853e84260ff451?s=96&d=mm&r=g","caption":"admin"},"sameAs":["https:\/\/panoramaciudadano.com"],"url":"https:\/\/panoramaciudadano.com\/index.php\/author\/admin_3q6hyqq3\/"}]}},"_links":{"self":[{"href":"https:\/\/panoramaciudadano.com\/index.php\/wp-json\/wp\/v2\/posts\/34368","targetHints":{"allow":["GET"]}}],"collection":[{"href":"https:\/\/panoramaciudadano.com\/index.php\/wp-json\/wp\/v2\/posts"}],"about":[{"href":"https:\/\/panoramaciudadano.com\/index.php\/wp-json\/wp\/v2\/types\/post"}],"author":[{"embeddable":true,"href":"https:\/\/panoramaciudadano.com\/index.php\/wp-json\/wp\/v2\/users\/1"}],"replies":[{"embeddable":true,"href":"https:\/\/panoramaciudadano.com\/index.php\/wp-json\/wp\/v2\/comments?post=34368"}],"version-history":[{"count":1,"href":"https:\/\/panoramaciudadano.com\/index.php\/wp-json\/wp\/v2\/posts\/34368\/revisions"}],"predecessor-version":[{"id":34372,"href":"https:\/\/panoramaciudadano.com\/index.php\/wp-json\/wp\/v2\/posts\/34368\/revisions\/34372"}],"wp:featuredmedia":[{"embeddable":true,"href":"https:\/\/panoramaciudadano.com\/index.php\/wp-json\/wp\/v2\/media\/34371"}],"wp:attachment":[{"href":"https:\/\/panoramaciudadano.com\/index.php\/wp-json\/wp\/v2\/media?parent=34368"}],"wp:term":[{"taxonomy":"category","embeddable":true,"href":"https:\/\/panoramaciudadano.com\/index.php\/wp-json\/wp\/v2\/categories?post=34368"},{"taxonomy":"post_tag","embeddable":true,"href":"https:\/\/panoramaciudadano.com\/index.php\/wp-json\/wp\/v2\/tags?post=34368"}],"curies":[{"name":"wp","href":"https:\/\/api.w.org\/{rel}","templated":true}]}}