{"id":34373,"date":"2026-04-30T10:29:29","date_gmt":"2026-04-30T15:29:29","guid":{"rendered":"https:\/\/panoramaciudadano.com\/?p=34373"},"modified":"2026-04-30T10:29:30","modified_gmt":"2026-04-30T15:29:30","slug":"respuesta-inmediata-de-ana-paty-peralta-a-peticiones-en-dia-del-pueblo","status":"publish","type":"post","link":"https:\/\/panoramaciudadano.com\/index.php\/2026\/04\/30\/respuesta-inmediata-de-ana-paty-peralta-a-peticiones-en-dia-del-pueblo\/","title":{"rendered":"RESPUESTA INMEDIATA DE ANA PATY PERALTA A PETICIONES EN \u201cD\u00cdA DEL PUEBLO\u201d"},"content":{"rendered":"\n<figure class=\"wp-block-gallery has-nested-images columns-default is-cropped wp-block-gallery-1 is-layout-flex wp-block-gallery-is-layout-flex\">\n<figure class=\"wp-block-image size-large\"><img decoding=\"async\" width=\"1024\" height=\"682\" data-id=\"34375\" src=\"https:\/\/panoramaciudadano.com\/wp-content\/uploads\/2026\/04\/WhatsApp-Image-2026-04-30-at-6.48.02-AM-1-1024x682.jpeg\" alt=\"\" class=\"wp-image-34375\" srcset=\"https:\/\/panoramaciudadano.com\/wp-content\/uploads\/2026\/04\/WhatsApp-Image-2026-04-30-at-6.48.02-AM-1-1024x682.jpeg 1024w, https:\/\/panoramaciudadano.com\/wp-content\/uploads\/2026\/04\/WhatsApp-Image-2026-04-30-at-6.48.02-AM-1-300x200.jpeg 300w, https:\/\/panoramaciudadano.com\/wp-content\/uploads\/2026\/04\/WhatsApp-Image-2026-04-30-at-6.48.02-AM-1-768x512.jpeg 768w, https:\/\/panoramaciudadano.com\/wp-content\/uploads\/2026\/04\/WhatsApp-Image-2026-04-30-at-6.48.02-AM-1-1536x1023.jpeg 1536w, https:\/\/panoramaciudadano.com\/wp-content\/uploads\/2026\/04\/WhatsApp-Image-2026-04-30-at-6.48.02-AM-1.jpeg 1600w\" sizes=\"(max-width: 1024px) 100vw, 1024px\" \/><\/figure>\n\n\n\n<figure class=\"wp-block-image size-large\"><img decoding=\"async\" width=\"1024\" height=\"682\" data-id=\"34379\" src=\"https:\/\/panoramaciudadano.com\/wp-content\/uploads\/2026\/04\/WhatsApp-Image-2026-04-30-at-6.48.02-AM-2-1024x682.jpeg\" alt=\"\" class=\"wp-image-34379\" srcset=\"https:\/\/panoramaciudadano.com\/wp-content\/uploads\/2026\/04\/WhatsApp-Image-2026-04-30-at-6.48.02-AM-2-1024x682.jpeg 1024w, https:\/\/panoramaciudadano.com\/wp-content\/uploads\/2026\/04\/WhatsApp-Image-2026-04-30-at-6.48.02-AM-2-300x200.jpeg 300w, https:\/\/panoramaciudadano.com\/wp-content\/uploads\/2026\/04\/WhatsApp-Image-2026-04-30-at-6.48.02-AM-2-768x512.jpeg 768w, https:\/\/panoramaciudadano.com\/wp-content\/uploads\/2026\/04\/WhatsApp-Image-2026-04-30-at-6.48.02-AM-2-1536x1024.jpeg 1536w, https:\/\/panoramaciudadano.com\/wp-content\/uploads\/2026\/04\/WhatsApp-Image-2026-04-30-at-6.48.02-AM-2-2048x1365.jpeg 2048w\" sizes=\"(max-width: 1024px) 100vw, 1024px\" \/><\/figure>\n\n\n\n<figure class=\"wp-block-image size-large\"><img decoding=\"async\" width=\"1024\" height=\"682\" data-id=\"34376\" src=\"https:\/\/panoramaciudadano.com\/wp-content\/uploads\/2026\/04\/WhatsApp-Image-2026-04-30-at-6.48.02-AM-1024x682.jpeg\" alt=\"\" class=\"wp-image-34376\" srcset=\"https:\/\/panoramaciudadano.com\/wp-content\/uploads\/2026\/04\/WhatsApp-Image-2026-04-30-at-6.48.02-AM-1024x682.jpeg 1024w, https:\/\/panoramaciudadano.com\/wp-content\/uploads\/2026\/04\/WhatsApp-Image-2026-04-30-at-6.48.02-AM-300x200.jpeg 300w, https:\/\/panoramaciudadano.com\/wp-content\/uploads\/2026\/04\/WhatsApp-Image-2026-04-30-at-6.48.02-AM-768x512.jpeg 768w, https:\/\/panoramaciudadano.com\/wp-content\/uploads\/2026\/04\/WhatsApp-Image-2026-04-30-at-6.48.02-AM-1536x1024.jpeg 1536w, https:\/\/panoramaciudadano.com\/wp-content\/uploads\/2026\/04\/WhatsApp-Image-2026-04-30-at-6.48.02-AM-2048x1365.jpeg 2048w\" sizes=\"(max-width: 1024px) 100vw, 1024px\" \/><\/figure>\n\n\n\n<figure class=\"wp-block-image size-large\"><img decoding=\"async\" width=\"1024\" height=\"682\" data-id=\"34374\" src=\"https:\/\/panoramaciudadano.com\/wp-content\/uploads\/2026\/04\/WhatsApp-Image-2026-04-30-at-6.48.03-AM-1-1024x682.jpeg\" alt=\"\" class=\"wp-image-34374\" srcset=\"https:\/\/panoramaciudadano.com\/wp-content\/uploads\/2026\/04\/WhatsApp-Image-2026-04-30-at-6.48.03-AM-1-1024x682.jpeg 1024w, https:\/\/panoramaciudadano.com\/wp-content\/uploads\/2026\/04\/WhatsApp-Image-2026-04-30-at-6.48.03-AM-1-300x200.jpeg 300w, https:\/\/panoramaciudadano.com\/wp-content\/uploads\/2026\/04\/WhatsApp-Image-2026-04-30-at-6.48.03-AM-1-768x512.jpeg 768w, https:\/\/panoramaciudadano.com\/wp-content\/uploads\/2026\/04\/WhatsApp-Image-2026-04-30-at-6.48.03-AM-1-1536x1024.jpeg 1536w, https:\/\/panoramaciudadano.com\/wp-content\/uploads\/2026\/04\/WhatsApp-Image-2026-04-30-at-6.48.03-AM-1-2048x1365.jpeg 2048w\" sizes=\"(max-width: 1024px) 100vw, 1024px\" \/><\/figure>\n\n\n\n<figure class=\"wp-block-image size-large\"><img decoding=\"async\" width=\"1024\" height=\"687\" data-id=\"34378\" src=\"https:\/\/panoramaciudadano.com\/wp-content\/uploads\/2026\/04\/WhatsApp-Image-2026-04-30-at-6.48.03-AM-2-1024x687.jpeg\" alt=\"\" class=\"wp-image-34378\" srcset=\"https:\/\/panoramaciudadano.com\/wp-content\/uploads\/2026\/04\/WhatsApp-Image-2026-04-30-at-6.48.03-AM-2-1024x687.jpeg 1024w, https:\/\/panoramaciudadano.com\/wp-content\/uploads\/2026\/04\/WhatsApp-Image-2026-04-30-at-6.48.03-AM-2-300x201.jpeg 300w, https:\/\/panoramaciudadano.com\/wp-content\/uploads\/2026\/04\/WhatsApp-Image-2026-04-30-at-6.48.03-AM-2-768x515.jpeg 768w, https:\/\/panoramaciudadano.com\/wp-content\/uploads\/2026\/04\/WhatsApp-Image-2026-04-30-at-6.48.03-AM-2-1536x1030.jpeg 1536w, https:\/\/panoramaciudadano.com\/wp-content\/uploads\/2026\/04\/WhatsApp-Image-2026-04-30-at-6.48.03-AM-2-2048x1374.jpeg 2048w\" sizes=\"(max-width: 1024px) 100vw, 1024px\" \/><\/figure>\n\n\n\n<figure class=\"wp-block-image size-large\"><img decoding=\"async\" width=\"1024\" height=\"741\" data-id=\"34377\" src=\"https:\/\/panoramaciudadano.com\/wp-content\/uploads\/2026\/04\/WhatsApp-Image-2026-04-30-at-6.48.03-AM-3-1024x741.jpeg\" alt=\"\" class=\"wp-image-34377\" srcset=\"https:\/\/panoramaciudadano.com\/wp-content\/uploads\/2026\/04\/WhatsApp-Image-2026-04-30-at-6.48.03-AM-3-1024x741.jpeg 1024w, https:\/\/panoramaciudadano.com\/wp-content\/uploads\/2026\/04\/WhatsApp-Image-2026-04-30-at-6.48.03-AM-3-300x217.jpeg 300w, https:\/\/panoramaciudadano.com\/wp-content\/uploads\/2026\/04\/WhatsApp-Image-2026-04-30-at-6.48.03-AM-3-768x556.jpeg 768w, https:\/\/panoramaciudadano.com\/wp-content\/uploads\/2026\/04\/WhatsApp-Image-2026-04-30-at-6.48.03-AM-3-1536x1111.jpeg 1536w, https:\/\/panoramaciudadano.com\/wp-content\/uploads\/2026\/04\/WhatsApp-Image-2026-04-30-at-6.48.03-AM-3-2048x1482.jpeg 2048w\" sizes=\"(max-width: 1024px) 100vw, 1024px\" \/><\/figure>\n\n\n\n<figure class=\"wp-block-image size-large\"><img decoding=\"async\" width=\"1024\" height=\"703\" data-id=\"34380\" src=\"https:\/\/panoramaciudadano.com\/wp-content\/uploads\/2026\/04\/WhatsApp-Image-2026-04-30-at-6.48.03-AM-4-1024x703.jpeg\" alt=\"\" class=\"wp-image-34380\" srcset=\"https:\/\/panoramaciudadano.com\/wp-content\/uploads\/2026\/04\/WhatsApp-Image-2026-04-30-at-6.48.03-AM-4-1024x703.jpeg 1024w, https:\/\/panoramaciudadano.com\/wp-content\/uploads\/2026\/04\/WhatsApp-Image-2026-04-30-at-6.48.03-AM-4-300x206.jpeg 300w, https:\/\/panoramaciudadano.com\/wp-content\/uploads\/2026\/04\/WhatsApp-Image-2026-04-30-at-6.48.03-AM-4-768x527.jpeg 768w, https:\/\/panoramaciudadano.com\/wp-content\/uploads\/2026\/04\/WhatsApp-Image-2026-04-30-at-6.48.03-AM-4-1536x1055.jpeg 1536w, https:\/\/panoramaciudadano.com\/wp-content\/uploads\/2026\/04\/WhatsApp-Image-2026-04-30-at-6.48.03-AM-4-2048x1406.jpeg 2048w\" sizes=\"(max-width: 1024px) 100vw, 1024px\" \/><\/figure>\n\n\n\n<figure class=\"wp-block-image size-large\"><img decoding=\"async\" width=\"1024\" height=\"682\" data-id=\"34381\" src=\"https:\/\/panoramaciudadano.com\/wp-content\/uploads\/2026\/04\/WhatsApp-Image-2026-04-30-at-6.48.03-AM-1024x682.jpeg\" alt=\"\" class=\"wp-image-34381\" srcset=\"https:\/\/panoramaciudadano.com\/wp-content\/uploads\/2026\/04\/WhatsApp-Image-2026-04-30-at-6.48.03-AM-1024x682.jpeg 1024w, https:\/\/panoramaciudadano.com\/wp-content\/uploads\/2026\/04\/WhatsApp-Image-2026-04-30-at-6.48.03-AM-300x200.jpeg 300w, https:\/\/panoramaciudadano.com\/wp-content\/uploads\/2026\/04\/WhatsApp-Image-2026-04-30-at-6.48.03-AM-768x512.jpeg 768w, https:\/\/panoramaciudadano.com\/wp-content\/uploads\/2026\/04\/WhatsApp-Image-2026-04-30-at-6.48.03-AM-1536x1024.jpeg 1536w, https:\/\/panoramaciudadano.com\/wp-content\/uploads\/2026\/04\/WhatsApp-Image-2026-04-30-at-6.48.03-AM-2048x1365.jpeg 2048w\" sizes=\"(max-width: 1024px) 100vw, 1024px\" \/><\/figure>\n<\/figure>\n\n\n\n<p>Derivada de una petici\u00f3n ciudadana en una jornada reciente del \u201cD\u00eda del Pueblo, Canc\u00fan nos Une por la Transformaci\u00f3n\u201d, realizada en la Supermanzana 260, la Presidenta Municipal, Ana Paty Peralta, supervis\u00f3 la brigada integral de Servicios P\u00fablicos en Residencial Villas Playa Blanca, en la subdelegaci\u00f3n Puerto Ju\u00e1rez, lo que demuestra la inmediata respuesta que se proporciona a trav\u00e9s de ese mecanismo de comunicaci\u00f3n directa con el Ayuntamiento.<\/p>\n\n\n\n<p>La Primera Autoridad Municipal escuch\u00f3 nuevamente a los vecinos de esa zona habitacional en la Supermanzana 86, que albergan aproximadamente 80 viviendas y se encuentra frente a Playa Del Ni\u00f1o, quienes le explicaron los diferentes reportes que han hecho para solventar rubros como: mantenimiento de las calles y bacheo, descacharrizaci\u00f3n, entre otros.<\/p>\n\n\n\n<p>Adem\u00e1s de que el cami\u00f3n de descacharrizaci\u00f3n recorri\u00f3 el fraccionamiento para retirar insumos de las \u00e1reas comunes, para motivar a que las personas eviten tirar basura, escombro, vidrio, cacharros, desechos de poda o jardiner\u00eda, se coloc\u00f3 una lona sobre las sanciones a las que pueden ser acreedores de ser sorprendidos tirando basura, as\u00ed como los diferentes n\u00fameros a los que pueden hacer los reportes por WhatsApp que son: 998 353 2990 de las Unidades Verdes y 998 321 6106 del programa \u201cReporta y Aporta\u201d, en este segundo caso para irregularidades en la recolecci\u00f3n de desechos.<\/p>\n\n\n\n<p>En este sentido, indic\u00f3 que gracias a la colaboraci\u00f3n permanente con el Gobierno del Estado, el equipo de vectores de la Secretar\u00eda de Salud acudir\u00e1 por la tarde con la brigada de termonebulizaci\u00f3n correspondiente, para combatir la proliferaci\u00f3n de moscos que puedan transmitir varias enfermedades.<\/p>\n\n\n\n<p>Acompa\u00f1ada por secretarios y directores municipales, as\u00ed como representantes de la empresa concesionaria Aguakan, la Presidenta Municipal indic\u00f3 que tambi\u00e9n se hizo una revisi\u00f3n f\u00edsica para que todas las l\u00edneas de drenaje y el agua potable est\u00e9n en buenas condiciones, ya que gracias a que el Cabildo recibi\u00f3 la donaci\u00f3n de las vialidades despu\u00e9s de 20 a\u00f1os, se trabaja en un proyecto de repavimentaci\u00f3n de las calles y construcci\u00f3n de pozos de absorci\u00f3n, en beneficio de los habitantes de la zona.<\/p>\n\n\n\n<p>En tanto, dijo, se acudi\u00f3 con maquinaria para hacer un levantamiento que permita hacer una nivelaci\u00f3n de la terracer\u00eda en unas calles y bacheo con asfalto en fr\u00edo en donde se requiera, adem\u00e1s de que acudi\u00f3 personal de Alumbrado P\u00fablico, ya sea para reparaciones de la infraestructura municipal o para pasar los reportes correspondientes a la Comisi\u00f3n Federal de Electricidad (CFE) de los postes en completo deterioro.<\/p>\n\n\n\n<p>Por su parte, el presidente del comit\u00e9 de vecinos, Cuauht\u00e9moc Villanueva Mart\u00edn, extern\u00f3 a nombre de todos los dem\u00e1s ciudadanos su agradecimiento a Ana Paty Peralta por ser atendidos en todas sus necesidades, incluyendo las asesor\u00edas para que se mantenga el procedimiento administrativo que permita concretar la regularizaci\u00f3n de toda la colonia.<\/p>\n\n\n\n<p>Estuvieron presentes en el recorrido tambi\u00e9n la secretaria de Obras P\u00fablicas y Servicios, Samantha Hern\u00e1ndez Carde\u00f1a; los directores de Servicios P\u00fablicos, Antonio de la Torre Chamb\u00e9; y de Bacheo y Pipas, Ricardo Hern\u00e1ndez Montiel; el gerente de Operaci\u00f3n de Redes y L\u00edneas de Aguakan, Tom\u00e1s Garc\u00eda V\u00e1zquez.<\/p>\n\n\n\n<hr class=\"wp-block-separator has-alpha-channel-opacity\"\/>\n","protected":false},"excerpt":{"rendered":"<p>Derivada de una petici\u00f3n ciudadana en una jornada reciente del \u201cD\u00eda del Pueblo, Canc\u00fan nos Une por la Transformaci\u00f3n\u201d, realizada en la Supermanzana 260, la Presidenta Municipal, Ana Paty Peralta, supervis\u00f3 la brigada integral de Servicios P\u00fablicos en Residencial Villas Playa Blanca, en la subdelegaci\u00f3n Puerto Ju\u00e1rez, lo que demuestra la inmediata respuesta que se proporciona a trav\u00e9s de ese mecanismo de comunicaci\u00f3n directa con el Ayuntamiento.<\/p>\n","protected":false},"author":1,"featured_media":34380,"comment_status":"open","ping_status":"closed","sticky":false,"template":"","format":"standard","meta":{"footnotes":""},"categories":[6],"tags":[145],"class_list":["post-34373","post","type-post","status-publish","format-standard","has-post-thumbnail","hentry","category-cancun","tag-ana-paty-peralta"],"yoast_head":"<!-- This site is optimized with the Yoast SEO plugin v27.5 - https:\/\/yoast.com\/product\/yoast-seo-wordpress\/ -->\n<title>RESPUESTA INMEDIATA DE ANA PATY PERALTA A PETICIONES EN \u201cD\u00cdA DEL PUEBLO\u201d - Panorama Ciudadano<\/title>\n<meta name=\"robots\" content=\"index, follow, max-snippet:-1, max-image-preview:large, max-video-preview:-1\" \/>\n<link rel=\"canonical\" href=\"https:\/\/panoramaciudadano.com\/index.php\/2026\/04\/30\/respuesta-inmediata-de-ana-paty-peralta-a-peticiones-en-dia-del-pueblo\/\" \/>\n<meta property=\"og:locale\" content=\"es_ES\" \/>\n<meta property=\"og:type\" content=\"article\" \/>\n<meta property=\"og:title\" content=\"RESPUESTA INMEDIATA DE ANA PATY PERALTA A PETICIONES EN \u201cD\u00cdA DEL PUEBLO\u201d - Panorama Ciudadano\" \/>\n<meta property=\"og:description\" content=\"Derivada de una petici\u00f3n ciudadana en una jornada reciente del \u201cD\u00eda del Pueblo, Canc\u00fan nos Une por la Transformaci\u00f3n\u201d, realizada en la Supermanzana 260, la Presidenta Municipal, Ana Paty Peralta, supervis\u00f3 la brigada integral de Servicios P\u00fablicos en Residencial Villas Playa Blanca, en la subdelegaci\u00f3n Puerto Ju\u00e1rez, lo que demuestra la inmediata respuesta que se proporciona a trav\u00e9s de ese mecanismo de comunicaci\u00f3n directa con el Ayuntamiento.\" \/>\n<meta property=\"og:url\" content=\"https:\/\/panoramaciudadano.com\/index.php\/2026\/04\/30\/respuesta-inmediata-de-ana-paty-peralta-a-peticiones-en-dia-del-pueblo\/\" \/>\n<meta property=\"og:site_name\" content=\"Panorama Ciudadano\" \/>\n<meta property=\"article:publisher\" content=\"https:\/\/www.facebook.com\/panoramaciudadano\" \/>\n<meta property=\"article:published_time\" content=\"2026-04-30T15:29:29+00:00\" \/>\n<meta property=\"article:modified_time\" content=\"2026-04-30T15:29:30+00:00\" \/>\n<meta property=\"og:image\" content=\"https:\/\/panoramaciudadano.com\/wp-content\/uploads\/2026\/04\/WhatsApp-Image-2026-04-30-at-6.48.03-AM-4.jpeg\" \/>\n\t<meta property=\"og:image:width\" content=\"2560\" \/>\n\t<meta property=\"og:image:height\" content=\"1758\" \/>\n\t<meta property=\"og:image:type\" content=\"image\/jpeg\" \/>\n<meta name=\"author\" content=\"admin\" \/>\n<meta name=\"twitter:card\" content=\"summary_large_image\" \/>\n<meta name=\"twitter:label1\" content=\"Escrito por\" \/>\n\t<meta name=\"twitter:data1\" content=\"admin\" \/>\n\t<meta name=\"twitter:label2\" content=\"Tiempo de lectura\" \/>\n\t<meta name=\"twitter:data2\" content=\"5 minutos\" \/>\n<script type=\"application\/ld+json\" class=\"yoast-schema-graph\">{\"@context\":\"https:\\\/\\\/schema.org\",\"@graph\":[{\"@type\":\"Article\",\"@id\":\"https:\\\/\\\/panoramaciudadano.com\\\/index.php\\\/2026\\\/04\\\/30\\\/respuesta-inmediata-de-ana-paty-peralta-a-peticiones-en-dia-del-pueblo\\\/#article\",\"isPartOf\":{\"@id\":\"https:\\\/\\\/panoramaciudadano.com\\\/index.php\\\/2026\\\/04\\\/30\\\/respuesta-inmediata-de-ana-paty-peralta-a-peticiones-en-dia-del-pueblo\\\/\"},\"author\":{\"name\":\"admin\",\"@id\":\"https:\\\/\\\/panoramaciudadano.com\\\/#\\\/schema\\\/person\\\/ffe9fe8ef47d3a93977b5761fd9e0d96\"},\"headline\":\"RESPUESTA INMEDIATA DE ANA PATY PERALTA A PETICIONES EN \u201cD\u00cdA DEL PUEBLO\u201d\",\"datePublished\":\"2026-04-30T15:29:29+00:00\",\"dateModified\":\"2026-04-30T15:29:30+00:00\",\"mainEntityOfPage\":{\"@id\":\"https:\\\/\\\/panoramaciudadano.com\\\/index.php\\\/2026\\\/04\\\/30\\\/respuesta-inmediata-de-ana-paty-peralta-a-peticiones-en-dia-del-pueblo\\\/\"},\"wordCount\":564,\"commentCount\":0,\"publisher\":{\"@id\":\"https:\\\/\\\/panoramaciudadano.com\\\/#organization\"},\"image\":{\"@id\":\"https:\\\/\\\/panoramaciudadano.com\\\/index.php\\\/2026\\\/04\\\/30\\\/respuesta-inmediata-de-ana-paty-peralta-a-peticiones-en-dia-del-pueblo\\\/#primaryimage\"},\"thumbnailUrl\":\"https:\\\/\\\/panoramaciudadano.com\\\/wp-content\\\/uploads\\\/2026\\\/04\\\/WhatsApp-Image-2026-04-30-at-6.48.03-AM-4.jpeg\",\"keywords\":[\"Ana Paty Peralta\"],\"articleSection\":[\"Canc\u00fan\"],\"inLanguage\":\"es\",\"potentialAction\":[{\"@type\":\"CommentAction\",\"name\":\"Comment\",\"target\":[\"https:\\\/\\\/panoramaciudadano.com\\\/index.php\\\/2026\\\/04\\\/30\\\/respuesta-inmediata-de-ana-paty-peralta-a-peticiones-en-dia-del-pueblo\\\/#respond\"]}]},{\"@type\":\"WebPage\",\"@id\":\"https:\\\/\\\/panoramaciudadano.com\\\/index.php\\\/2026\\\/04\\\/30\\\/respuesta-inmediata-de-ana-paty-peralta-a-peticiones-en-dia-del-pueblo\\\/\",\"url\":\"https:\\\/\\\/panoramaciudadano.com\\\/index.php\\\/2026\\\/04\\\/30\\\/respuesta-inmediata-de-ana-paty-peralta-a-peticiones-en-dia-del-pueblo\\\/\",\"name\":\"RESPUESTA INMEDIATA DE ANA PATY PERALTA A PETICIONES EN \u201cD\u00cdA DEL PUEBLO\u201d - Panorama Ciudadano\",\"isPartOf\":{\"@id\":\"https:\\\/\\\/panoramaciudadano.com\\\/#website\"},\"primaryImageOfPage\":{\"@id\":\"https:\\\/\\\/panoramaciudadano.com\\\/index.php\\\/2026\\\/04\\\/30\\\/respuesta-inmediata-de-ana-paty-peralta-a-peticiones-en-dia-del-pueblo\\\/#primaryimage\"},\"image\":{\"@id\":\"https:\\\/\\\/panoramaciudadano.com\\\/index.php\\\/2026\\\/04\\\/30\\\/respuesta-inmediata-de-ana-paty-peralta-a-peticiones-en-dia-del-pueblo\\\/#primaryimage\"},\"thumbnailUrl\":\"https:\\\/\\\/panoramaciudadano.com\\\/wp-content\\\/uploads\\\/2026\\\/04\\\/WhatsApp-Image-2026-04-30-at-6.48.03-AM-4.jpeg\",\"datePublished\":\"2026-04-30T15:29:29+00:00\",\"dateModified\":\"2026-04-30T15:29:30+00:00\",\"breadcrumb\":{\"@id\":\"https:\\\/\\\/panoramaciudadano.com\\\/index.php\\\/2026\\\/04\\\/30\\\/respuesta-inmediata-de-ana-paty-peralta-a-peticiones-en-dia-del-pueblo\\\/#breadcrumb\"},\"inLanguage\":\"es\",\"potentialAction\":[{\"@type\":\"ReadAction\",\"target\":[\"https:\\\/\\\/panoramaciudadano.com\\\/index.php\\\/2026\\\/04\\\/30\\\/respuesta-inmediata-de-ana-paty-peralta-a-peticiones-en-dia-del-pueblo\\\/\"]}]},{\"@type\":\"ImageObject\",\"inLanguage\":\"es\",\"@id\":\"https:\\\/\\\/panoramaciudadano.com\\\/index.php\\\/2026\\\/04\\\/30\\\/respuesta-inmediata-de-ana-paty-peralta-a-peticiones-en-dia-del-pueblo\\\/#primaryimage\",\"url\":\"https:\\\/\\\/panoramaciudadano.com\\\/wp-content\\\/uploads\\\/2026\\\/04\\\/WhatsApp-Image-2026-04-30-at-6.48.03-AM-4.jpeg\",\"contentUrl\":\"https:\\\/\\\/panoramaciudadano.com\\\/wp-content\\\/uploads\\\/2026\\\/04\\\/WhatsApp-Image-2026-04-30-at-6.48.03-AM-4.jpeg\",\"width\":2560,\"height\":1758},{\"@type\":\"BreadcrumbList\",\"@id\":\"https:\\\/\\\/panoramaciudadano.com\\\/index.php\\\/2026\\\/04\\\/30\\\/respuesta-inmediata-de-ana-paty-peralta-a-peticiones-en-dia-del-pueblo\\\/#breadcrumb\",\"itemListElement\":[{\"@type\":\"ListItem\",\"position\":1,\"name\":\"Portada\",\"item\":\"https:\\\/\\\/panoramaciudadano.com\\\/\"},{\"@type\":\"ListItem\",\"position\":2,\"name\":\"RESPUESTA INMEDIATA DE ANA PATY PERALTA A PETICIONES EN \u201cD\u00cdA DEL PUEBLO\u201d\"}]},{\"@type\":\"WebSite\",\"@id\":\"https:\\\/\\\/panoramaciudadano.com\\\/#website\",\"url\":\"https:\\\/\\\/panoramaciudadano.com\\\/\",\"name\":\"Panorama Ciudadano\",\"description\":\"\",\"publisher\":{\"@id\":\"https:\\\/\\\/panoramaciudadano.com\\\/#organization\"},\"potentialAction\":[{\"@type\":\"SearchAction\",\"target\":{\"@type\":\"EntryPoint\",\"urlTemplate\":\"https:\\\/\\\/panoramaciudadano.com\\\/?s={search_term_string}\"},\"query-input\":{\"@type\":\"PropertyValueSpecification\",\"valueRequired\":true,\"valueName\":\"search_term_string\"}}],\"inLanguage\":\"es\"},{\"@type\":\"Organization\",\"@id\":\"https:\\\/\\\/panoramaciudadano.com\\\/#organization\",\"name\":\"Panorama Ciudadano\",\"url\":\"https:\\\/\\\/panoramaciudadano.com\\\/\",\"logo\":{\"@type\":\"ImageObject\",\"inLanguage\":\"es\",\"@id\":\"https:\\\/\\\/panoramaciudadano.com\\\/#\\\/schema\\\/logo\\\/image\\\/\",\"url\":\"https:\\\/\\\/panoramaciudadano.com\\\/wp-content\\\/uploads\\\/2024\\\/05\\\/401498640_919267042938564_6290593609399108733_n.jpg\",\"contentUrl\":\"https:\\\/\\\/panoramaciudadano.com\\\/wp-content\\\/uploads\\\/2024\\\/05\\\/401498640_919267042938564_6290593609399108733_n.jpg\",\"width\":960,\"height\":957,\"caption\":\"Panorama Ciudadano\"},\"image\":{\"@id\":\"https:\\\/\\\/panoramaciudadano.com\\\/#\\\/schema\\\/logo\\\/image\\\/\"},\"sameAs\":[\"https:\\\/\\\/www.facebook.com\\\/panoramaciudadano\"]},{\"@type\":\"Person\",\"@id\":\"https:\\\/\\\/panoramaciudadano.com\\\/#\\\/schema\\\/person\\\/ffe9fe8ef47d3a93977b5761fd9e0d96\",\"name\":\"admin\",\"image\":{\"@type\":\"ImageObject\",\"inLanguage\":\"es\",\"@id\":\"https:\\\/\\\/secure.gravatar.com\\\/avatar\\\/2d5a12cacce3f18096f25fadea8abb7202fef18ed669595589853e84260ff451?s=96&d=mm&r=g\",\"url\":\"https:\\\/\\\/secure.gravatar.com\\\/avatar\\\/2d5a12cacce3f18096f25fadea8abb7202fef18ed669595589853e84260ff451?s=96&d=mm&r=g\",\"contentUrl\":\"https:\\\/\\\/secure.gravatar.com\\\/avatar\\\/2d5a12cacce3f18096f25fadea8abb7202fef18ed669595589853e84260ff451?s=96&d=mm&r=g\",\"caption\":\"admin\"},\"sameAs\":[\"https:\\\/\\\/panoramaciudadano.com\"],\"url\":\"https:\\\/\\\/panoramaciudadano.com\\\/index.php\\\/author\\\/admin_3q6hyqq3\\\/\"}]}<\/script>\n<!-- \/ Yoast SEO plugin. -->","yoast_head_json":{"title":"RESPUESTA INMEDIATA DE ANA PATY PERALTA A PETICIONES EN \u201cD\u00cdA DEL PUEBLO\u201d - Panorama Ciudadano","robots":{"index":"index","follow":"follow","max-snippet":"max-snippet:-1","max-image-preview":"max-image-preview:large","max-video-preview":"max-video-preview:-1"},"canonical":"https:\/\/panoramaciudadano.com\/index.php\/2026\/04\/30\/respuesta-inmediata-de-ana-paty-peralta-a-peticiones-en-dia-del-pueblo\/","og_locale":"es_ES","og_type":"article","og_title":"RESPUESTA INMEDIATA DE ANA PATY PERALTA A PETICIONES EN \u201cD\u00cdA DEL PUEBLO\u201d - Panorama Ciudadano","og_description":"Derivada de una petici\u00f3n ciudadana en una jornada reciente del \u201cD\u00eda del Pueblo, Canc\u00fan nos Une por la Transformaci\u00f3n\u201d, realizada en la Supermanzana 260, la Presidenta Municipal, Ana Paty Peralta, supervis\u00f3 la brigada integral de Servicios P\u00fablicos en Residencial Villas Playa Blanca, en la subdelegaci\u00f3n Puerto Ju\u00e1rez, lo que demuestra la inmediata respuesta que se proporciona a trav\u00e9s de ese mecanismo de comunicaci\u00f3n directa con el Ayuntamiento.","og_url":"https:\/\/panoramaciudadano.com\/index.php\/2026\/04\/30\/respuesta-inmediata-de-ana-paty-peralta-a-peticiones-en-dia-del-pueblo\/","og_site_name":"Panorama Ciudadano","article_publisher":"https:\/\/www.facebook.com\/panoramaciudadano","article_published_time":"2026-04-30T15:29:29+00:00","article_modified_time":"2026-04-30T15:29:30+00:00","og_image":[{"width":2560,"height":1758,"url":"https:\/\/panoramaciudadano.com\/wp-content\/uploads\/2026\/04\/WhatsApp-Image-2026-04-30-at-6.48.03-AM-4.jpeg","type":"image\/jpeg"}],"author":"admin","twitter_card":"summary_large_image","twitter_misc":{"Escrito por":"admin","Tiempo de lectura":"5 minutos"},"schema":{"@context":"https:\/\/schema.org","@graph":[{"@type":"Article","@id":"https:\/\/panoramaciudadano.com\/index.php\/2026\/04\/30\/respuesta-inmediata-de-ana-paty-peralta-a-peticiones-en-dia-del-pueblo\/#article","isPartOf":{"@id":"https:\/\/panoramaciudadano.com\/index.php\/2026\/04\/30\/respuesta-inmediata-de-ana-paty-peralta-a-peticiones-en-dia-del-pueblo\/"},"author":{"name":"admin","@id":"https:\/\/panoramaciudadano.com\/#\/schema\/person\/ffe9fe8ef47d3a93977b5761fd9e0d96"},"headline":"RESPUESTA INMEDIATA DE ANA PATY PERALTA A PETICIONES EN \u201cD\u00cdA DEL PUEBLO\u201d","datePublished":"2026-04-30T15:29:29+00:00","dateModified":"2026-04-30T15:29:30+00:00","mainEntityOfPage":{"@id":"https:\/\/panoramaciudadano.com\/index.php\/2026\/04\/30\/respuesta-inmediata-de-ana-paty-peralta-a-peticiones-en-dia-del-pueblo\/"},"wordCount":564,"commentCount":0,"publisher":{"@id":"https:\/\/panoramaciudadano.com\/#organization"},"image":{"@id":"https:\/\/panoramaciudadano.com\/index.php\/2026\/04\/30\/respuesta-inmediata-de-ana-paty-peralta-a-peticiones-en-dia-del-pueblo\/#primaryimage"},"thumbnailUrl":"https:\/\/panoramaciudadano.com\/wp-content\/uploads\/2026\/04\/WhatsApp-Image-2026-04-30-at-6.48.03-AM-4.jpeg","keywords":["Ana Paty Peralta"],"articleSection":["Canc\u00fan"],"inLanguage":"es","potentialAction":[{"@type":"CommentAction","name":"Comment","target":["https:\/\/panoramaciudadano.com\/index.php\/2026\/04\/30\/respuesta-inmediata-de-ana-paty-peralta-a-peticiones-en-dia-del-pueblo\/#respond"]}]},{"@type":"WebPage","@id":"https:\/\/panoramaciudadano.com\/index.php\/2026\/04\/30\/respuesta-inmediata-de-ana-paty-peralta-a-peticiones-en-dia-del-pueblo\/","url":"https:\/\/panoramaciudadano.com\/index.php\/2026\/04\/30\/respuesta-inmediata-de-ana-paty-peralta-a-peticiones-en-dia-del-pueblo\/","name":"RESPUESTA INMEDIATA DE ANA PATY PERALTA A PETICIONES EN \u201cD\u00cdA DEL PUEBLO\u201d - Panorama Ciudadano","isPartOf":{"@id":"https:\/\/panoramaciudadano.com\/#website"},"primaryImageOfPage":{"@id":"https:\/\/panoramaciudadano.com\/index.php\/2026\/04\/30\/respuesta-inmediata-de-ana-paty-peralta-a-peticiones-en-dia-del-pueblo\/#primaryimage"},"image":{"@id":"https:\/\/panoramaciudadano.com\/index.php\/2026\/04\/30\/respuesta-inmediata-de-ana-paty-peralta-a-peticiones-en-dia-del-pueblo\/#primaryimage"},"thumbnailUrl":"https:\/\/panoramaciudadano.com\/wp-content\/uploads\/2026\/04\/WhatsApp-Image-2026-04-30-at-6.48.03-AM-4.jpeg","datePublished":"2026-04-30T15:29:29+00:00","dateModified":"2026-04-30T15:29:30+00:00","breadcrumb":{"@id":"https:\/\/panoramaciudadano.com\/index.php\/2026\/04\/30\/respuesta-inmediata-de-ana-paty-peralta-a-peticiones-en-dia-del-pueblo\/#breadcrumb"},"inLanguage":"es","potentialAction":[{"@type":"ReadAction","target":["https:\/\/panoramaciudadano.com\/index.php\/2026\/04\/30\/respuesta-inmediata-de-ana-paty-peralta-a-peticiones-en-dia-del-pueblo\/"]}]},{"@type":"ImageObject","inLanguage":"es","@id":"https:\/\/panoramaciudadano.com\/index.php\/2026\/04\/30\/respuesta-inmediata-de-ana-paty-peralta-a-peticiones-en-dia-del-pueblo\/#primaryimage","url":"https:\/\/panoramaciudadano.com\/wp-content\/uploads\/2026\/04\/WhatsApp-Image-2026-04-30-at-6.48.03-AM-4.jpeg","contentUrl":"https:\/\/panoramaciudadano.com\/wp-content\/uploads\/2026\/04\/WhatsApp-Image-2026-04-30-at-6.48.03-AM-4.jpeg","width":2560,"height":1758},{"@type":"BreadcrumbList","@id":"https:\/\/panoramaciudadano.com\/index.php\/2026\/04\/30\/respuesta-inmediata-de-ana-paty-peralta-a-peticiones-en-dia-del-pueblo\/#breadcrumb","itemListElement":[{"@type":"ListItem","position":1,"name":"Portada","item":"https:\/\/panoramaciudadano.com\/"},{"@type":"ListItem","position":2,"name":"RESPUESTA INMEDIATA DE ANA PATY PERALTA A PETICIONES EN \u201cD\u00cdA DEL PUEBLO\u201d"}]},{"@type":"WebSite","@id":"https:\/\/panoramaciudadano.com\/#website","url":"https:\/\/panoramaciudadano.com\/","name":"Panorama Ciudadano","description":"","publisher":{"@id":"https:\/\/panoramaciudadano.com\/#organization"},"potentialAction":[{"@type":"SearchAction","target":{"@type":"EntryPoint","urlTemplate":"https:\/\/panoramaciudadano.com\/?s={search_term_string}"},"query-input":{"@type":"PropertyValueSpecification","valueRequired":true,"valueName":"search_term_string"}}],"inLanguage":"es"},{"@type":"Organization","@id":"https:\/\/panoramaciudadano.com\/#organization","name":"Panorama Ciudadano","url":"https:\/\/panoramaciudadano.com\/","logo":{"@type":"ImageObject","inLanguage":"es","@id":"https:\/\/panoramaciudadano.com\/#\/schema\/logo\/image\/","url":"https:\/\/panoramaciudadano.com\/wp-content\/uploads\/2024\/05\/401498640_919267042938564_6290593609399108733_n.jpg","contentUrl":"https:\/\/panoramaciudadano.com\/wp-content\/uploads\/2024\/05\/401498640_919267042938564_6290593609399108733_n.jpg","width":960,"height":957,"caption":"Panorama Ciudadano"},"image":{"@id":"https:\/\/panoramaciudadano.com\/#\/schema\/logo\/image\/"},"sameAs":["https:\/\/www.facebook.com\/panoramaciudadano"]},{"@type":"Person","@id":"https:\/\/panoramaciudadano.com\/#\/schema\/person\/ffe9fe8ef47d3a93977b5761fd9e0d96","name":"admin","image":{"@type":"ImageObject","inLanguage":"es","@id":"https:\/\/secure.gravatar.com\/avatar\/2d5a12cacce3f18096f25fadea8abb7202fef18ed669595589853e84260ff451?s=96&d=mm&r=g","url":"https:\/\/secure.gravatar.com\/avatar\/2d5a12cacce3f18096f25fadea8abb7202fef18ed669595589853e84260ff451?s=96&d=mm&r=g","contentUrl":"https:\/\/secure.gravatar.com\/avatar\/2d5a12cacce3f18096f25fadea8abb7202fef18ed669595589853e84260ff451?s=96&d=mm&r=g","caption":"admin"},"sameAs":["https:\/\/panoramaciudadano.com"],"url":"https:\/\/panoramaciudadano.com\/index.php\/author\/admin_3q6hyqq3\/"}]}},"_links":{"self":[{"href":"https:\/\/panoramaciudadano.com\/index.php\/wp-json\/wp\/v2\/posts\/34373","targetHints":{"allow":["GET"]}}],"collection":[{"href":"https:\/\/panoramaciudadano.com\/index.php\/wp-json\/wp\/v2\/posts"}],"about":[{"href":"https:\/\/panoramaciudadano.com\/index.php\/wp-json\/wp\/v2\/types\/post"}],"author":[{"embeddable":true,"href":"https:\/\/panoramaciudadano.com\/index.php\/wp-json\/wp\/v2\/users\/1"}],"replies":[{"embeddable":true,"href":"https:\/\/panoramaciudadano.com\/index.php\/wp-json\/wp\/v2\/comments?post=34373"}],"version-history":[{"count":1,"href":"https:\/\/panoramaciudadano.com\/index.php\/wp-json\/wp\/v2\/posts\/34373\/revisions"}],"predecessor-version":[{"id":34382,"href":"https:\/\/panoramaciudadano.com\/index.php\/wp-json\/wp\/v2\/posts\/34373\/revisions\/34382"}],"wp:featuredmedia":[{"embeddable":true,"href":"https:\/\/panoramaciudadano.com\/index.php\/wp-json\/wp\/v2\/media\/34380"}],"wp:attachment":[{"href":"https:\/\/panoramaciudadano.com\/index.php\/wp-json\/wp\/v2\/media?parent=34373"}],"wp:term":[{"taxonomy":"category","embeddable":true,"href":"https:\/\/panoramaciudadano.com\/index.php\/wp-json\/wp\/v2\/categories?post=34373"},{"taxonomy":"post_tag","embeddable":true,"href":"https:\/\/panoramaciudadano.com\/index.php\/wp-json\/wp\/v2\/tags?post=34373"}],"curies":[{"name":"wp","href":"https:\/\/api.w.org\/{rel}","templated":true}]}}