{"id":34396,"date":"2026-04-30T10:35:17","date_gmt":"2026-04-30T15:35:17","guid":{"rendered":"https:\/\/panoramaciudadano.com\/?p=34396"},"modified":"2026-04-30T10:35:19","modified_gmt":"2026-04-30T15:35:19","slug":"ciclista-queda-atrapado-bajo-volquete-en-el-arco-vial-fue-hospitalizado-grave","status":"publish","type":"post","link":"https:\/\/panoramaciudadano.com\/index.php\/2026\/04\/30\/ciclista-queda-atrapado-bajo-volquete-en-el-arco-vial-fue-hospitalizado-grave\/","title":{"rendered":"Ciclista queda atrapado bajo volquete en el Arco Vial; fue hospitalizado grave"},"content":{"rendered":"\n<figure class=\"wp-block-gallery has-nested-images columns-default is-cropped wp-block-gallery-1 is-layout-flex wp-block-gallery-is-layout-flex\">\n<figure class=\"wp-block-image size-large\"><img decoding=\"async\" width=\"938\" height=\"692\" data-id=\"34403\" src=\"https:\/\/panoramaciudadano.com\/wp-content\/uploads\/2026\/04\/WhatsApp-Image-2026-04-30-at-7.24.05-AM-1.jpeg\" alt=\"\" class=\"wp-image-34403\" srcset=\"https:\/\/panoramaciudadano.com\/wp-content\/uploads\/2026\/04\/WhatsApp-Image-2026-04-30-at-7.24.05-AM-1.jpeg 938w, https:\/\/panoramaciudadano.com\/wp-content\/uploads\/2026\/04\/WhatsApp-Image-2026-04-30-at-7.24.05-AM-1-300x221.jpeg 300w, https:\/\/panoramaciudadano.com\/wp-content\/uploads\/2026\/04\/WhatsApp-Image-2026-04-30-at-7.24.05-AM-1-768x567.jpeg 768w\" sizes=\"(max-width: 938px) 100vw, 938px\" \/><\/figure>\n\n\n\n<figure class=\"wp-block-image size-large\"><img decoding=\"async\" width=\"1024\" height=\"825\" data-id=\"34404\" src=\"https:\/\/panoramaciudadano.com\/wp-content\/uploads\/2026\/04\/WhatsApp-Image-2026-04-30-at-7.24.05-AM-1024x825.jpeg\" alt=\"\" class=\"wp-image-34404\" srcset=\"https:\/\/panoramaciudadano.com\/wp-content\/uploads\/2026\/04\/WhatsApp-Image-2026-04-30-at-7.24.05-AM-1024x825.jpeg 1024w, https:\/\/panoramaciudadano.com\/wp-content\/uploads\/2026\/04\/WhatsApp-Image-2026-04-30-at-7.24.05-AM-300x242.jpeg 300w, https:\/\/panoramaciudadano.com\/wp-content\/uploads\/2026\/04\/WhatsApp-Image-2026-04-30-at-7.24.05-AM-768x619.jpeg 768w, https:\/\/panoramaciudadano.com\/wp-content\/uploads\/2026\/04\/WhatsApp-Image-2026-04-30-at-7.24.05-AM.jpeg 1200w\" sizes=\"(max-width: 1024px) 100vw, 1024px\" \/><\/figure>\n<\/figure>\n\n\n\n<p>Un ciclista result\u00f3 gravemente lesionado luego de ser arrollado por un cami\u00f3n de volteo en el cruce de las avenidas 28 de Julio y 115, en el Arco Vial de esta ciudad.<\/p>\n\n\n\n<p>De acuerdo con los primeros reportes, el ciclista circulaba con preferencia de paso sobre la avenida 28 de Julio y cruzaba la intersecci\u00f3n con sem\u00e1foro en verde, cuando un volquete intent\u00f3 dar vuelta hacia la izquierda sin percatarse de su presencia.<\/p>\n\n\n\n<p>Tras el impacto, el pesado veh\u00edculo qued\u00f3 detenido con una de sus llantas sobre las piernas del lesionado y encima de la bicicleta, por lo que elementos policiacos solicitaron el apoyo del Cuerpo de Bomberos para poder liberarlo.<\/p>\n\n\n\n<p>Param\u00e9dicos de la Cruz Roja brindaron los primeros auxilios y trasladaron de urgencia al ciclista al Hospital IMSS-Bienestar de Playa del Carmen, donde fue ingresado con doble fractura en ambas piernas.<\/p>\n\n\n\n<p>En tanto, agentes policiacos aseguraron al conductor del cami\u00f3n de volteo y lo pusieron a disposici\u00f3n de la Fiscal\u00eda General del Estado, que realizar\u00e1 el deslinde de responsabilidades.<\/p>\n","protected":false},"excerpt":{"rendered":"<p>Un ciclista result\u00f3 gravemente lesionado luego de ser arrollado por un cami\u00f3n de volteo en el cruce de las avenidas 28 de Julio y 115, en el Arco Vial de esta ciudad.<\/p>\n","protected":false},"author":1,"featured_media":34402,"comment_status":"open","ping_status":"closed","sticky":false,"template":"","format":"standard","meta":{"footnotes":""},"categories":[7],"tags":[3012],"class_list":["post-34396","post","type-post","status-publish","format-standard","has-post-thumbnail","hentry","category-playa-del-carmen","tag-avenidas-28-de-julio"],"yoast_head":"<!-- This site is optimized with the Yoast SEO plugin v27.5 - https:\/\/yoast.com\/product\/yoast-seo-wordpress\/ -->\n<title>Ciclista queda atrapado bajo volquete en el Arco Vial; fue hospitalizado grave - Panorama Ciudadano<\/title>\n<meta name=\"robots\" content=\"index, follow, max-snippet:-1, max-image-preview:large, max-video-preview:-1\" \/>\n<link rel=\"canonical\" href=\"https:\/\/panoramaciudadano.com\/index.php\/2026\/04\/30\/ciclista-queda-atrapado-bajo-volquete-en-el-arco-vial-fue-hospitalizado-grave\/\" \/>\n<meta property=\"og:locale\" content=\"es_ES\" \/>\n<meta property=\"og:type\" content=\"article\" \/>\n<meta property=\"og:title\" content=\"Ciclista queda atrapado bajo volquete en el Arco Vial; fue hospitalizado grave - Panorama Ciudadano\" \/>\n<meta property=\"og:description\" content=\"Un ciclista result\u00f3 gravemente lesionado luego de ser arrollado por un cami\u00f3n de volteo en el cruce de las avenidas 28 de Julio y 115, en el Arco Vial de esta ciudad.\" \/>\n<meta property=\"og:url\" content=\"https:\/\/panoramaciudadano.com\/index.php\/2026\/04\/30\/ciclista-queda-atrapado-bajo-volquete-en-el-arco-vial-fue-hospitalizado-grave\/\" \/>\n<meta property=\"og:site_name\" content=\"Panorama Ciudadano\" \/>\n<meta property=\"article:publisher\" content=\"https:\/\/www.facebook.com\/panoramaciudadano\" \/>\n<meta property=\"article:published_time\" content=\"2026-04-30T15:35:17+00:00\" \/>\n<meta property=\"article:modified_time\" content=\"2026-04-30T15:35:19+00:00\" \/>\n<meta property=\"og:image\" content=\"https:\/\/panoramaciudadano.com\/wp-content\/uploads\/2026\/04\/WhatsApp-Image-2026-04-30-at-7.24.05-AM-2.jpeg\" \/>\n\t<meta property=\"og:image:width\" content=\"1251\" \/>\n\t<meta property=\"og:image:height\" content=\"899\" \/>\n\t<meta property=\"og:image:type\" content=\"image\/jpeg\" \/>\n<meta name=\"author\" content=\"admin\" \/>\n<meta name=\"twitter:card\" content=\"summary_large_image\" \/>\n<meta name=\"twitter:label1\" content=\"Escrito por\" \/>\n\t<meta name=\"twitter:data1\" content=\"admin\" \/>\n\t<meta name=\"twitter:label2\" content=\"Tiempo de lectura\" \/>\n\t<meta name=\"twitter:data2\" content=\"2 minutos\" \/>\n<script type=\"application\/ld+json\" class=\"yoast-schema-graph\">{\"@context\":\"https:\\\/\\\/schema.org\",\"@graph\":[{\"@type\":\"Article\",\"@id\":\"https:\\\/\\\/panoramaciudadano.com\\\/index.php\\\/2026\\\/04\\\/30\\\/ciclista-queda-atrapado-bajo-volquete-en-el-arco-vial-fue-hospitalizado-grave\\\/#article\",\"isPartOf\":{\"@id\":\"https:\\\/\\\/panoramaciudadano.com\\\/index.php\\\/2026\\\/04\\\/30\\\/ciclista-queda-atrapado-bajo-volquete-en-el-arco-vial-fue-hospitalizado-grave\\\/\"},\"author\":{\"name\":\"admin\",\"@id\":\"https:\\\/\\\/panoramaciudadano.com\\\/#\\\/schema\\\/person\\\/ffe9fe8ef47d3a93977b5761fd9e0d96\"},\"headline\":\"Ciclista queda atrapado bajo volquete en el Arco Vial; fue hospitalizado grave\",\"datePublished\":\"2026-04-30T15:35:17+00:00\",\"dateModified\":\"2026-04-30T15:35:19+00:00\",\"mainEntityOfPage\":{\"@id\":\"https:\\\/\\\/panoramaciudadano.com\\\/index.php\\\/2026\\\/04\\\/30\\\/ciclista-queda-atrapado-bajo-volquete-en-el-arco-vial-fue-hospitalizado-grave\\\/\"},\"wordCount\":187,\"commentCount\":0,\"publisher\":{\"@id\":\"https:\\\/\\\/panoramaciudadano.com\\\/#organization\"},\"image\":{\"@id\":\"https:\\\/\\\/panoramaciudadano.com\\\/index.php\\\/2026\\\/04\\\/30\\\/ciclista-queda-atrapado-bajo-volquete-en-el-arco-vial-fue-hospitalizado-grave\\\/#primaryimage\"},\"thumbnailUrl\":\"https:\\\/\\\/panoramaciudadano.com\\\/wp-content\\\/uploads\\\/2026\\\/04\\\/WhatsApp-Image-2026-04-30-at-7.24.05-AM-2.jpeg\",\"keywords\":[\"avenidas 28 de Julio\"],\"articleSection\":[\"Playa del Carmen\"],\"inLanguage\":\"es\",\"potentialAction\":[{\"@type\":\"CommentAction\",\"name\":\"Comment\",\"target\":[\"https:\\\/\\\/panoramaciudadano.com\\\/index.php\\\/2026\\\/04\\\/30\\\/ciclista-queda-atrapado-bajo-volquete-en-el-arco-vial-fue-hospitalizado-grave\\\/#respond\"]}]},{\"@type\":\"WebPage\",\"@id\":\"https:\\\/\\\/panoramaciudadano.com\\\/index.php\\\/2026\\\/04\\\/30\\\/ciclista-queda-atrapado-bajo-volquete-en-el-arco-vial-fue-hospitalizado-grave\\\/\",\"url\":\"https:\\\/\\\/panoramaciudadano.com\\\/index.php\\\/2026\\\/04\\\/30\\\/ciclista-queda-atrapado-bajo-volquete-en-el-arco-vial-fue-hospitalizado-grave\\\/\",\"name\":\"Ciclista queda atrapado bajo volquete en el Arco Vial; fue hospitalizado grave - Panorama Ciudadano\",\"isPartOf\":{\"@id\":\"https:\\\/\\\/panoramaciudadano.com\\\/#website\"},\"primaryImageOfPage\":{\"@id\":\"https:\\\/\\\/panoramaciudadano.com\\\/index.php\\\/2026\\\/04\\\/30\\\/ciclista-queda-atrapado-bajo-volquete-en-el-arco-vial-fue-hospitalizado-grave\\\/#primaryimage\"},\"image\":{\"@id\":\"https:\\\/\\\/panoramaciudadano.com\\\/index.php\\\/2026\\\/04\\\/30\\\/ciclista-queda-atrapado-bajo-volquete-en-el-arco-vial-fue-hospitalizado-grave\\\/#primaryimage\"},\"thumbnailUrl\":\"https:\\\/\\\/panoramaciudadano.com\\\/wp-content\\\/uploads\\\/2026\\\/04\\\/WhatsApp-Image-2026-04-30-at-7.24.05-AM-2.jpeg\",\"datePublished\":\"2026-04-30T15:35:17+00:00\",\"dateModified\":\"2026-04-30T15:35:19+00:00\",\"breadcrumb\":{\"@id\":\"https:\\\/\\\/panoramaciudadano.com\\\/index.php\\\/2026\\\/04\\\/30\\\/ciclista-queda-atrapado-bajo-volquete-en-el-arco-vial-fue-hospitalizado-grave\\\/#breadcrumb\"},\"inLanguage\":\"es\",\"potentialAction\":[{\"@type\":\"ReadAction\",\"target\":[\"https:\\\/\\\/panoramaciudadano.com\\\/index.php\\\/2026\\\/04\\\/30\\\/ciclista-queda-atrapado-bajo-volquete-en-el-arco-vial-fue-hospitalizado-grave\\\/\"]}]},{\"@type\":\"ImageObject\",\"inLanguage\":\"es\",\"@id\":\"https:\\\/\\\/panoramaciudadano.com\\\/index.php\\\/2026\\\/04\\\/30\\\/ciclista-queda-atrapado-bajo-volquete-en-el-arco-vial-fue-hospitalizado-grave\\\/#primaryimage\",\"url\":\"https:\\\/\\\/panoramaciudadano.com\\\/wp-content\\\/uploads\\\/2026\\\/04\\\/WhatsApp-Image-2026-04-30-at-7.24.05-AM-2.jpeg\",\"contentUrl\":\"https:\\\/\\\/panoramaciudadano.com\\\/wp-content\\\/uploads\\\/2026\\\/04\\\/WhatsApp-Image-2026-04-30-at-7.24.05-AM-2.jpeg\",\"width\":1251,\"height\":899},{\"@type\":\"BreadcrumbList\",\"@id\":\"https:\\\/\\\/panoramaciudadano.com\\\/index.php\\\/2026\\\/04\\\/30\\\/ciclista-queda-atrapado-bajo-volquete-en-el-arco-vial-fue-hospitalizado-grave\\\/#breadcrumb\",\"itemListElement\":[{\"@type\":\"ListItem\",\"position\":1,\"name\":\"Portada\",\"item\":\"https:\\\/\\\/panoramaciudadano.com\\\/\"},{\"@type\":\"ListItem\",\"position\":2,\"name\":\"Ciclista queda atrapado bajo volquete en el Arco Vial; fue hospitalizado grave\"}]},{\"@type\":\"WebSite\",\"@id\":\"https:\\\/\\\/panoramaciudadano.com\\\/#website\",\"url\":\"https:\\\/\\\/panoramaciudadano.com\\\/\",\"name\":\"Panorama Ciudadano\",\"description\":\"\",\"publisher\":{\"@id\":\"https:\\\/\\\/panoramaciudadano.com\\\/#organization\"},\"potentialAction\":[{\"@type\":\"SearchAction\",\"target\":{\"@type\":\"EntryPoint\",\"urlTemplate\":\"https:\\\/\\\/panoramaciudadano.com\\\/?s={search_term_string}\"},\"query-input\":{\"@type\":\"PropertyValueSpecification\",\"valueRequired\":true,\"valueName\":\"search_term_string\"}}],\"inLanguage\":\"es\"},{\"@type\":\"Organization\",\"@id\":\"https:\\\/\\\/panoramaciudadano.com\\\/#organization\",\"name\":\"Panorama Ciudadano\",\"url\":\"https:\\\/\\\/panoramaciudadano.com\\\/\",\"logo\":{\"@type\":\"ImageObject\",\"inLanguage\":\"es\",\"@id\":\"https:\\\/\\\/panoramaciudadano.com\\\/#\\\/schema\\\/logo\\\/image\\\/\",\"url\":\"https:\\\/\\\/panoramaciudadano.com\\\/wp-content\\\/uploads\\\/2024\\\/05\\\/401498640_919267042938564_6290593609399108733_n.jpg\",\"contentUrl\":\"https:\\\/\\\/panoramaciudadano.com\\\/wp-content\\\/uploads\\\/2024\\\/05\\\/401498640_919267042938564_6290593609399108733_n.jpg\",\"width\":960,\"height\":957,\"caption\":\"Panorama Ciudadano\"},\"image\":{\"@id\":\"https:\\\/\\\/panoramaciudadano.com\\\/#\\\/schema\\\/logo\\\/image\\\/\"},\"sameAs\":[\"https:\\\/\\\/www.facebook.com\\\/panoramaciudadano\"]},{\"@type\":\"Person\",\"@id\":\"https:\\\/\\\/panoramaciudadano.com\\\/#\\\/schema\\\/person\\\/ffe9fe8ef47d3a93977b5761fd9e0d96\",\"name\":\"admin\",\"image\":{\"@type\":\"ImageObject\",\"inLanguage\":\"es\",\"@id\":\"https:\\\/\\\/secure.gravatar.com\\\/avatar\\\/2d5a12cacce3f18096f25fadea8abb7202fef18ed669595589853e84260ff451?s=96&d=mm&r=g\",\"url\":\"https:\\\/\\\/secure.gravatar.com\\\/avatar\\\/2d5a12cacce3f18096f25fadea8abb7202fef18ed669595589853e84260ff451?s=96&d=mm&r=g\",\"contentUrl\":\"https:\\\/\\\/secure.gravatar.com\\\/avatar\\\/2d5a12cacce3f18096f25fadea8abb7202fef18ed669595589853e84260ff451?s=96&d=mm&r=g\",\"caption\":\"admin\"},\"sameAs\":[\"https:\\\/\\\/panoramaciudadano.com\"],\"url\":\"https:\\\/\\\/panoramaciudadano.com\\\/index.php\\\/author\\\/admin_3q6hyqq3\\\/\"}]}<\/script>\n<!-- \/ Yoast SEO plugin. -->","yoast_head_json":{"title":"Ciclista queda atrapado bajo volquete en el Arco Vial; fue hospitalizado grave - Panorama Ciudadano","robots":{"index":"index","follow":"follow","max-snippet":"max-snippet:-1","max-image-preview":"max-image-preview:large","max-video-preview":"max-video-preview:-1"},"canonical":"https:\/\/panoramaciudadano.com\/index.php\/2026\/04\/30\/ciclista-queda-atrapado-bajo-volquete-en-el-arco-vial-fue-hospitalizado-grave\/","og_locale":"es_ES","og_type":"article","og_title":"Ciclista queda atrapado bajo volquete en el Arco Vial; fue hospitalizado grave - Panorama Ciudadano","og_description":"Un ciclista result\u00f3 gravemente lesionado luego de ser arrollado por un cami\u00f3n de volteo en el cruce de las avenidas 28 de Julio y 115, en el Arco Vial de esta ciudad.","og_url":"https:\/\/panoramaciudadano.com\/index.php\/2026\/04\/30\/ciclista-queda-atrapado-bajo-volquete-en-el-arco-vial-fue-hospitalizado-grave\/","og_site_name":"Panorama Ciudadano","article_publisher":"https:\/\/www.facebook.com\/panoramaciudadano","article_published_time":"2026-04-30T15:35:17+00:00","article_modified_time":"2026-04-30T15:35:19+00:00","og_image":[{"width":1251,"height":899,"url":"https:\/\/panoramaciudadano.com\/wp-content\/uploads\/2026\/04\/WhatsApp-Image-2026-04-30-at-7.24.05-AM-2.jpeg","type":"image\/jpeg"}],"author":"admin","twitter_card":"summary_large_image","twitter_misc":{"Escrito por":"admin","Tiempo de lectura":"2 minutos"},"schema":{"@context":"https:\/\/schema.org","@graph":[{"@type":"Article","@id":"https:\/\/panoramaciudadano.com\/index.php\/2026\/04\/30\/ciclista-queda-atrapado-bajo-volquete-en-el-arco-vial-fue-hospitalizado-grave\/#article","isPartOf":{"@id":"https:\/\/panoramaciudadano.com\/index.php\/2026\/04\/30\/ciclista-queda-atrapado-bajo-volquete-en-el-arco-vial-fue-hospitalizado-grave\/"},"author":{"name":"admin","@id":"https:\/\/panoramaciudadano.com\/#\/schema\/person\/ffe9fe8ef47d3a93977b5761fd9e0d96"},"headline":"Ciclista queda atrapado bajo volquete en el Arco Vial; fue hospitalizado grave","datePublished":"2026-04-30T15:35:17+00:00","dateModified":"2026-04-30T15:35:19+00:00","mainEntityOfPage":{"@id":"https:\/\/panoramaciudadano.com\/index.php\/2026\/04\/30\/ciclista-queda-atrapado-bajo-volquete-en-el-arco-vial-fue-hospitalizado-grave\/"},"wordCount":187,"commentCount":0,"publisher":{"@id":"https:\/\/panoramaciudadano.com\/#organization"},"image":{"@id":"https:\/\/panoramaciudadano.com\/index.php\/2026\/04\/30\/ciclista-queda-atrapado-bajo-volquete-en-el-arco-vial-fue-hospitalizado-grave\/#primaryimage"},"thumbnailUrl":"https:\/\/panoramaciudadano.com\/wp-content\/uploads\/2026\/04\/WhatsApp-Image-2026-04-30-at-7.24.05-AM-2.jpeg","keywords":["avenidas 28 de Julio"],"articleSection":["Playa del Carmen"],"inLanguage":"es","potentialAction":[{"@type":"CommentAction","name":"Comment","target":["https:\/\/panoramaciudadano.com\/index.php\/2026\/04\/30\/ciclista-queda-atrapado-bajo-volquete-en-el-arco-vial-fue-hospitalizado-grave\/#respond"]}]},{"@type":"WebPage","@id":"https:\/\/panoramaciudadano.com\/index.php\/2026\/04\/30\/ciclista-queda-atrapado-bajo-volquete-en-el-arco-vial-fue-hospitalizado-grave\/","url":"https:\/\/panoramaciudadano.com\/index.php\/2026\/04\/30\/ciclista-queda-atrapado-bajo-volquete-en-el-arco-vial-fue-hospitalizado-grave\/","name":"Ciclista queda atrapado bajo volquete en el Arco Vial; fue hospitalizado grave - Panorama Ciudadano","isPartOf":{"@id":"https:\/\/panoramaciudadano.com\/#website"},"primaryImageOfPage":{"@id":"https:\/\/panoramaciudadano.com\/index.php\/2026\/04\/30\/ciclista-queda-atrapado-bajo-volquete-en-el-arco-vial-fue-hospitalizado-grave\/#primaryimage"},"image":{"@id":"https:\/\/panoramaciudadano.com\/index.php\/2026\/04\/30\/ciclista-queda-atrapado-bajo-volquete-en-el-arco-vial-fue-hospitalizado-grave\/#primaryimage"},"thumbnailUrl":"https:\/\/panoramaciudadano.com\/wp-content\/uploads\/2026\/04\/WhatsApp-Image-2026-04-30-at-7.24.05-AM-2.jpeg","datePublished":"2026-04-30T15:35:17+00:00","dateModified":"2026-04-30T15:35:19+00:00","breadcrumb":{"@id":"https:\/\/panoramaciudadano.com\/index.php\/2026\/04\/30\/ciclista-queda-atrapado-bajo-volquete-en-el-arco-vial-fue-hospitalizado-grave\/#breadcrumb"},"inLanguage":"es","potentialAction":[{"@type":"ReadAction","target":["https:\/\/panoramaciudadano.com\/index.php\/2026\/04\/30\/ciclista-queda-atrapado-bajo-volquete-en-el-arco-vial-fue-hospitalizado-grave\/"]}]},{"@type":"ImageObject","inLanguage":"es","@id":"https:\/\/panoramaciudadano.com\/index.php\/2026\/04\/30\/ciclista-queda-atrapado-bajo-volquete-en-el-arco-vial-fue-hospitalizado-grave\/#primaryimage","url":"https:\/\/panoramaciudadano.com\/wp-content\/uploads\/2026\/04\/WhatsApp-Image-2026-04-30-at-7.24.05-AM-2.jpeg","contentUrl":"https:\/\/panoramaciudadano.com\/wp-content\/uploads\/2026\/04\/WhatsApp-Image-2026-04-30-at-7.24.05-AM-2.jpeg","width":1251,"height":899},{"@type":"BreadcrumbList","@id":"https:\/\/panoramaciudadano.com\/index.php\/2026\/04\/30\/ciclista-queda-atrapado-bajo-volquete-en-el-arco-vial-fue-hospitalizado-grave\/#breadcrumb","itemListElement":[{"@type":"ListItem","position":1,"name":"Portada","item":"https:\/\/panoramaciudadano.com\/"},{"@type":"ListItem","position":2,"name":"Ciclista queda atrapado bajo volquete en el Arco Vial; fue hospitalizado grave"}]},{"@type":"WebSite","@id":"https:\/\/panoramaciudadano.com\/#website","url":"https:\/\/panoramaciudadano.com\/","name":"Panorama Ciudadano","description":"","publisher":{"@id":"https:\/\/panoramaciudadano.com\/#organization"},"potentialAction":[{"@type":"SearchAction","target":{"@type":"EntryPoint","urlTemplate":"https:\/\/panoramaciudadano.com\/?s={search_term_string}"},"query-input":{"@type":"PropertyValueSpecification","valueRequired":true,"valueName":"search_term_string"}}],"inLanguage":"es"},{"@type":"Organization","@id":"https:\/\/panoramaciudadano.com\/#organization","name":"Panorama Ciudadano","url":"https:\/\/panoramaciudadano.com\/","logo":{"@type":"ImageObject","inLanguage":"es","@id":"https:\/\/panoramaciudadano.com\/#\/schema\/logo\/image\/","url":"https:\/\/panoramaciudadano.com\/wp-content\/uploads\/2024\/05\/401498640_919267042938564_6290593609399108733_n.jpg","contentUrl":"https:\/\/panoramaciudadano.com\/wp-content\/uploads\/2024\/05\/401498640_919267042938564_6290593609399108733_n.jpg","width":960,"height":957,"caption":"Panorama Ciudadano"},"image":{"@id":"https:\/\/panoramaciudadano.com\/#\/schema\/logo\/image\/"},"sameAs":["https:\/\/www.facebook.com\/panoramaciudadano"]},{"@type":"Person","@id":"https:\/\/panoramaciudadano.com\/#\/schema\/person\/ffe9fe8ef47d3a93977b5761fd9e0d96","name":"admin","image":{"@type":"ImageObject","inLanguage":"es","@id":"https:\/\/secure.gravatar.com\/avatar\/2d5a12cacce3f18096f25fadea8abb7202fef18ed669595589853e84260ff451?s=96&d=mm&r=g","url":"https:\/\/secure.gravatar.com\/avatar\/2d5a12cacce3f18096f25fadea8abb7202fef18ed669595589853e84260ff451?s=96&d=mm&r=g","contentUrl":"https:\/\/secure.gravatar.com\/avatar\/2d5a12cacce3f18096f25fadea8abb7202fef18ed669595589853e84260ff451?s=96&d=mm&r=g","caption":"admin"},"sameAs":["https:\/\/panoramaciudadano.com"],"url":"https:\/\/panoramaciudadano.com\/index.php\/author\/admin_3q6hyqq3\/"}]}},"_links":{"self":[{"href":"https:\/\/panoramaciudadano.com\/index.php\/wp-json\/wp\/v2\/posts\/34396","targetHints":{"allow":["GET"]}}],"collection":[{"href":"https:\/\/panoramaciudadano.com\/index.php\/wp-json\/wp\/v2\/posts"}],"about":[{"href":"https:\/\/panoramaciudadano.com\/index.php\/wp-json\/wp\/v2\/types\/post"}],"author":[{"embeddable":true,"href":"https:\/\/panoramaciudadano.com\/index.php\/wp-json\/wp\/v2\/users\/1"}],"replies":[{"embeddable":true,"href":"https:\/\/panoramaciudadano.com\/index.php\/wp-json\/wp\/v2\/comments?post=34396"}],"version-history":[{"count":1,"href":"https:\/\/panoramaciudadano.com\/index.php\/wp-json\/wp\/v2\/posts\/34396\/revisions"}],"predecessor-version":[{"id":34405,"href":"https:\/\/panoramaciudadano.com\/index.php\/wp-json\/wp\/v2\/posts\/34396\/revisions\/34405"}],"wp:featuredmedia":[{"embeddable":true,"href":"https:\/\/panoramaciudadano.com\/index.php\/wp-json\/wp\/v2\/media\/34402"}],"wp:attachment":[{"href":"https:\/\/panoramaciudadano.com\/index.php\/wp-json\/wp\/v2\/media?parent=34396"}],"wp:term":[{"taxonomy":"category","embeddable":true,"href":"https:\/\/panoramaciudadano.com\/index.php\/wp-json\/wp\/v2\/categories?post=34396"},{"taxonomy":"post_tag","embeddable":true,"href":"https:\/\/panoramaciudadano.com\/index.php\/wp-json\/wp\/v2\/tags?post=34396"}],"curies":[{"name":"wp","href":"https:\/\/api.w.org\/{rel}","templated":true}]}}