{"id":34410,"date":"2026-04-30T10:40:16","date_gmt":"2026-04-30T15:40:16","guid":{"rendered":"https:\/\/panoramaciudadano.com\/?p=34410"},"modified":"2026-04-30T10:40:18","modified_gmt":"2026-04-30T15:40:18","slug":"renan-sanchez-tajonar-da-la-bienvenida-a-ninas-y-ninos-del-parlamento-infantil","status":"publish","type":"post","link":"https:\/\/panoramaciudadano.com\/index.php\/2026\/04\/30\/renan-sanchez-tajonar-da-la-bienvenida-a-ninas-y-ninos-del-parlamento-infantil\/","title":{"rendered":"Ren\u00e1n S\u00e1nchez Tajonar da la bienvenida a ni\u00f1as y ni\u00f1os del Parlamento Infantil"},"content":{"rendered":"\n<figure class=\"wp-block-gallery has-nested-images columns-default is-cropped wp-block-gallery-1 is-layout-flex wp-block-gallery-is-layout-flex\">\n<figure class=\"wp-block-image size-large\"><img decoding=\"async\" width=\"1024\" height=\"641\" data-id=\"34412\" src=\"https:\/\/panoramaciudadano.com\/wp-content\/uploads\/2026\/04\/WhatsApp-Image-2026-04-30-at-8.00.17-AM-1024x641.jpeg\" alt=\"\" class=\"wp-image-34412\" srcset=\"https:\/\/panoramaciudadano.com\/wp-content\/uploads\/2026\/04\/WhatsApp-Image-2026-04-30-at-8.00.17-AM-1024x641.jpeg 1024w, https:\/\/panoramaciudadano.com\/wp-content\/uploads\/2026\/04\/WhatsApp-Image-2026-04-30-at-8.00.17-AM-300x188.jpeg 300w, https:\/\/panoramaciudadano.com\/wp-content\/uploads\/2026\/04\/WhatsApp-Image-2026-04-30-at-8.00.17-AM-768x481.jpeg 768w, https:\/\/panoramaciudadano.com\/wp-content\/uploads\/2026\/04\/WhatsApp-Image-2026-04-30-at-8.00.17-AM-1536x961.jpeg 1536w, https:\/\/panoramaciudadano.com\/wp-content\/uploads\/2026\/04\/WhatsApp-Image-2026-04-30-at-8.00.17-AM-2048x1282.jpeg 2048w\" sizes=\"(max-width: 1024px) 100vw, 1024px\" \/><\/figure>\n<\/figure>\n\n\n\n<p>En el marco de la cena de bienvenida a las y los integrantes del 13\u00b0 Parlamento Infantil, el diputado Ren\u00e1n S\u00e1nchez Tajonar, presidente de la Junta de Gobierno y Coordinaci\u00f3n Pol\u00edtica de la XVIII Legislatura, destac\u00f3 la importancia de escuchar la voz de la ni\u00f1ez y fomentar su participaci\u00f3n en la vida p\u00fablica del estado.<\/p>\n\n\n\n<p>Durante su mensaje, reconoci\u00f3 el esfuerzo de las ni\u00f1as y los ni\u00f1os participantes, al se\u00f1alar que su presencia en este espacio no es casualidad, sino resultado de su inter\u00e9s por participar, opinar y construir un mejor entorno para sus comunidades.<\/p>\n\n\n\n<p>\u201cEl Parlamento Infantil existe para que ustedes tengan voz, para que puedan decir qu\u00e9 les gusta, qu\u00e9 no les gusta y qu\u00e9 cambiar\u00edan de su escuela, de su comunidad y de su estado\u201d, expres\u00f3.<\/p>\n\n\n\n<p>Ren\u00e1n S\u00e1nchez subray\u00f3 que, durante estos d\u00edas, las y los participantes asumir\u00e1n el papel de diputadas y diputados infantiles, representando a sus municipios, escuelas y familias, lo que implica un gran honor, pero tambi\u00e9n una responsabilidad.<\/p>\n\n\n\n<p>Asimismo, destac\u00f3 que en este ejercicio abordar\u00e1n temas fundamentales como los derechos de la ni\u00f1ez, el cuidado del medio ambiente, el uso responsable de la tecnolog\u00eda, la inclusi\u00f3n, la igualdad y la construcci\u00f3n de una sociedad m\u00e1s justa.<\/p>\n\n\n\n<p>El legislador del Partido Verde hizo un llamado a las y los participantes a creer en s\u00ed mismos, a no limitar sus sue\u00f1os y a aprovechar este espacio para proponer, imaginar y construir.<\/p>\n\n\n\n<p>\u201cSus ideas s\u00ed cuentan. Hoy ustedes ya dieron el primer paso\u201d, afirm\u00f3.<\/p>\n\n\n\n<p>De igual forma, comparti\u00f3 un mensaje personal al se\u00f1alar que pr\u00f3ximamente ser\u00e1 padre, lo que \u2014dijo\u2014 le ha permitido reflexionar a\u00fan m\u00e1s sobre el futuro de Quintana Roo y la importancia de garantizar mejores condiciones para las nuevas generaciones.<\/p>\n\n\n\n<p>\u201cQueremos un estado donde puedan crecer seguros, felices y con oportunidades para cumplir sus sue\u00f1os\u201d, a\u00f1adi\u00f3.<\/p>\n\n\n\n<p>Finalmente, invit\u00f3 a las ni\u00f1as y los ni\u00f1os a disfrutar esta experiencia, aprender, participar y nunca dejar de so\u00f1ar, reiterando que el futuro de Quintana Roo est\u00e1 en sus manos.<\/p>\n\n\n\n<p>En esta cena, las ni\u00f1as y ni\u00f1os del Parlamento Infantil convivieron con las diputadas y diputados de la XVIII Legislatura.<\/p>\n\n\n\n<p>El Parlamento Infantil 2026 se lleva a cabo del 27 al 29 de abril, con la participaci\u00f3n de ni\u00f1as y ni\u00f1os de todo el estado, quienes tendr\u00e1n la oportunidad de expresar sus ideas y propuestas en el recinto del Poder Legislativo.<\/p>\n\n\n\n<figure class=\"wp-block-image size-large\"><img decoding=\"async\" width=\"683\" height=\"1024\" src=\"https:\/\/panoramaciudadano.com\/wp-content\/uploads\/2026\/04\/WhatsApp-Image-2026-04-30-at-8.00.17-AM-2-683x1024.jpeg\" alt=\"\" class=\"wp-image-34413\" srcset=\"https:\/\/panoramaciudadano.com\/wp-content\/uploads\/2026\/04\/WhatsApp-Image-2026-04-30-at-8.00.17-AM-2-683x1024.jpeg 683w, https:\/\/panoramaciudadano.com\/wp-content\/uploads\/2026\/04\/WhatsApp-Image-2026-04-30-at-8.00.17-AM-2-200x300.jpeg 200w, https:\/\/panoramaciudadano.com\/wp-content\/uploads\/2026\/04\/WhatsApp-Image-2026-04-30-at-8.00.17-AM-2-768x1152.jpeg 768w, https:\/\/panoramaciudadano.com\/wp-content\/uploads\/2026\/04\/WhatsApp-Image-2026-04-30-at-8.00.17-AM-2-1024x1536.jpeg 1024w, https:\/\/panoramaciudadano.com\/wp-content\/uploads\/2026\/04\/WhatsApp-Image-2026-04-30-at-8.00.17-AM-2-1366x2048.jpeg 1366w, https:\/\/panoramaciudadano.com\/wp-content\/uploads\/2026\/04\/WhatsApp-Image-2026-04-30-at-8.00.17-AM-2-scaled.jpeg 1707w\" sizes=\"(max-width: 683px) 100vw, 683px\" \/><\/figure>\n","protected":false},"excerpt":{"rendered":"<p>En el marco de la cena de bienvenida a las y los integrantes del 13\u00b0 Parlamento Infantil, el diputado Ren\u00e1n S\u00e1nchez Tajonar, presidente de la Junta de Gobierno y Coordinaci\u00f3n Pol\u00edtica de la XVIII Legislatura, destac\u00f3 la importancia de escuchar la voz de la ni\u00f1ez y fomentar su participaci\u00f3n en la vida p\u00fablica del estado.<\/p>\n","protected":false},"author":1,"featured_media":34414,"comment_status":"open","ping_status":"closed","sticky":false,"template":"","format":"standard","meta":{"footnotes":""},"categories":[8],"tags":[1103],"class_list":["post-34410","post","type-post","status-publish","format-standard","has-post-thumbnail","hentry","category-chetumal","tag-renan-sanchez-tajonar"],"yoast_head":"<!-- This site is optimized with the Yoast SEO plugin v27.5 - https:\/\/yoast.com\/product\/yoast-seo-wordpress\/ -->\n<title>Ren\u00e1n S\u00e1nchez Tajonar da la bienvenida a ni\u00f1as y ni\u00f1os del Parlamento Infantil - Panorama Ciudadano<\/title>\n<meta name=\"robots\" content=\"index, follow, max-snippet:-1, max-image-preview:large, max-video-preview:-1\" \/>\n<link rel=\"canonical\" href=\"https:\/\/panoramaciudadano.com\/index.php\/2026\/04\/30\/renan-sanchez-tajonar-da-la-bienvenida-a-ninas-y-ninos-del-parlamento-infantil\/\" \/>\n<meta property=\"og:locale\" content=\"es_ES\" \/>\n<meta property=\"og:type\" content=\"article\" \/>\n<meta property=\"og:title\" content=\"Ren\u00e1n S\u00e1nchez Tajonar da la bienvenida a ni\u00f1as y ni\u00f1os del Parlamento Infantil - Panorama Ciudadano\" \/>\n<meta property=\"og:description\" content=\"En el marco de la cena de bienvenida a las y los integrantes del 13\u00b0 Parlamento Infantil, el diputado Ren\u00e1n S\u00e1nchez Tajonar, presidente de la Junta de Gobierno y Coordinaci\u00f3n Pol\u00edtica de la XVIII Legislatura, destac\u00f3 la importancia de escuchar la voz de la ni\u00f1ez y fomentar su participaci\u00f3n en la vida p\u00fablica del estado.\" \/>\n<meta property=\"og:url\" content=\"https:\/\/panoramaciudadano.com\/index.php\/2026\/04\/30\/renan-sanchez-tajonar-da-la-bienvenida-a-ninas-y-ninos-del-parlamento-infantil\/\" \/>\n<meta property=\"og:site_name\" content=\"Panorama Ciudadano\" \/>\n<meta property=\"article:publisher\" content=\"https:\/\/www.facebook.com\/panoramaciudadano\" \/>\n<meta property=\"article:published_time\" content=\"2026-04-30T15:40:16+00:00\" \/>\n<meta property=\"article:modified_time\" content=\"2026-04-30T15:40:18+00:00\" \/>\n<meta property=\"og:image\" content=\"https:\/\/panoramaciudadano.com\/wp-content\/uploads\/2026\/04\/WhatsApp-Image-2026-04-30-at-8.00.17-AM-1-scaled.jpeg\" \/>\n\t<meta property=\"og:image:width\" content=\"2560\" \/>\n\t<meta property=\"og:image:height\" content=\"1707\" \/>\n\t<meta property=\"og:image:type\" content=\"image\/jpeg\" \/>\n<meta name=\"author\" content=\"admin\" \/>\n<meta name=\"twitter:card\" content=\"summary_large_image\" \/>\n<meta name=\"twitter:label1\" content=\"Escrito por\" \/>\n\t<meta name=\"twitter:data1\" content=\"admin\" \/>\n\t<meta name=\"twitter:label2\" content=\"Tiempo de lectura\" \/>\n\t<meta name=\"twitter:data2\" content=\"3 minutos\" \/>\n<script type=\"application\/ld+json\" class=\"yoast-schema-graph\">{\"@context\":\"https:\\\/\\\/schema.org\",\"@graph\":[{\"@type\":\"Article\",\"@id\":\"https:\\\/\\\/panoramaciudadano.com\\\/index.php\\\/2026\\\/04\\\/30\\\/renan-sanchez-tajonar-da-la-bienvenida-a-ninas-y-ninos-del-parlamento-infantil\\\/#article\",\"isPartOf\":{\"@id\":\"https:\\\/\\\/panoramaciudadano.com\\\/index.php\\\/2026\\\/04\\\/30\\\/renan-sanchez-tajonar-da-la-bienvenida-a-ninas-y-ninos-del-parlamento-infantil\\\/\"},\"author\":{\"name\":\"admin\",\"@id\":\"https:\\\/\\\/panoramaciudadano.com\\\/#\\\/schema\\\/person\\\/ffe9fe8ef47d3a93977b5761fd9e0d96\"},\"headline\":\"Ren\u00e1n S\u00e1nchez Tajonar da la bienvenida a ni\u00f1as y ni\u00f1os del Parlamento Infantil\",\"datePublished\":\"2026-04-30T15:40:16+00:00\",\"dateModified\":\"2026-04-30T15:40:18+00:00\",\"mainEntityOfPage\":{\"@id\":\"https:\\\/\\\/panoramaciudadano.com\\\/index.php\\\/2026\\\/04\\\/30\\\/renan-sanchez-tajonar-da-la-bienvenida-a-ninas-y-ninos-del-parlamento-infantil\\\/\"},\"wordCount\":446,\"commentCount\":0,\"publisher\":{\"@id\":\"https:\\\/\\\/panoramaciudadano.com\\\/#organization\"},\"image\":{\"@id\":\"https:\\\/\\\/panoramaciudadano.com\\\/index.php\\\/2026\\\/04\\\/30\\\/renan-sanchez-tajonar-da-la-bienvenida-a-ninas-y-ninos-del-parlamento-infantil\\\/#primaryimage\"},\"thumbnailUrl\":\"https:\\\/\\\/panoramaciudadano.com\\\/wp-content\\\/uploads\\\/2026\\\/04\\\/WhatsApp-Image-2026-04-30-at-8.00.17-AM-1-scaled.jpeg\",\"keywords\":[\"Ren\u00e1n S\u00e1nchez Tajonar\"],\"articleSection\":[\"Chetumal\"],\"inLanguage\":\"es\",\"potentialAction\":[{\"@type\":\"CommentAction\",\"name\":\"Comment\",\"target\":[\"https:\\\/\\\/panoramaciudadano.com\\\/index.php\\\/2026\\\/04\\\/30\\\/renan-sanchez-tajonar-da-la-bienvenida-a-ninas-y-ninos-del-parlamento-infantil\\\/#respond\"]}]},{\"@type\":\"WebPage\",\"@id\":\"https:\\\/\\\/panoramaciudadano.com\\\/index.php\\\/2026\\\/04\\\/30\\\/renan-sanchez-tajonar-da-la-bienvenida-a-ninas-y-ninos-del-parlamento-infantil\\\/\",\"url\":\"https:\\\/\\\/panoramaciudadano.com\\\/index.php\\\/2026\\\/04\\\/30\\\/renan-sanchez-tajonar-da-la-bienvenida-a-ninas-y-ninos-del-parlamento-infantil\\\/\",\"name\":\"Ren\u00e1n S\u00e1nchez Tajonar da la bienvenida a ni\u00f1as y ni\u00f1os del Parlamento Infantil - Panorama Ciudadano\",\"isPartOf\":{\"@id\":\"https:\\\/\\\/panoramaciudadano.com\\\/#website\"},\"primaryImageOfPage\":{\"@id\":\"https:\\\/\\\/panoramaciudadano.com\\\/index.php\\\/2026\\\/04\\\/30\\\/renan-sanchez-tajonar-da-la-bienvenida-a-ninas-y-ninos-del-parlamento-infantil\\\/#primaryimage\"},\"image\":{\"@id\":\"https:\\\/\\\/panoramaciudadano.com\\\/index.php\\\/2026\\\/04\\\/30\\\/renan-sanchez-tajonar-da-la-bienvenida-a-ninas-y-ninos-del-parlamento-infantil\\\/#primaryimage\"},\"thumbnailUrl\":\"https:\\\/\\\/panoramaciudadano.com\\\/wp-content\\\/uploads\\\/2026\\\/04\\\/WhatsApp-Image-2026-04-30-at-8.00.17-AM-1-scaled.jpeg\",\"datePublished\":\"2026-04-30T15:40:16+00:00\",\"dateModified\":\"2026-04-30T15:40:18+00:00\",\"breadcrumb\":{\"@id\":\"https:\\\/\\\/panoramaciudadano.com\\\/index.php\\\/2026\\\/04\\\/30\\\/renan-sanchez-tajonar-da-la-bienvenida-a-ninas-y-ninos-del-parlamento-infantil\\\/#breadcrumb\"},\"inLanguage\":\"es\",\"potentialAction\":[{\"@type\":\"ReadAction\",\"target\":[\"https:\\\/\\\/panoramaciudadano.com\\\/index.php\\\/2026\\\/04\\\/30\\\/renan-sanchez-tajonar-da-la-bienvenida-a-ninas-y-ninos-del-parlamento-infantil\\\/\"]}]},{\"@type\":\"ImageObject\",\"inLanguage\":\"es\",\"@id\":\"https:\\\/\\\/panoramaciudadano.com\\\/index.php\\\/2026\\\/04\\\/30\\\/renan-sanchez-tajonar-da-la-bienvenida-a-ninas-y-ninos-del-parlamento-infantil\\\/#primaryimage\",\"url\":\"https:\\\/\\\/panoramaciudadano.com\\\/wp-content\\\/uploads\\\/2026\\\/04\\\/WhatsApp-Image-2026-04-30-at-8.00.17-AM-1-scaled.jpeg\",\"contentUrl\":\"https:\\\/\\\/panoramaciudadano.com\\\/wp-content\\\/uploads\\\/2026\\\/04\\\/WhatsApp-Image-2026-04-30-at-8.00.17-AM-1-scaled.jpeg\",\"width\":2560,\"height\":1707},{\"@type\":\"BreadcrumbList\",\"@id\":\"https:\\\/\\\/panoramaciudadano.com\\\/index.php\\\/2026\\\/04\\\/30\\\/renan-sanchez-tajonar-da-la-bienvenida-a-ninas-y-ninos-del-parlamento-infantil\\\/#breadcrumb\",\"itemListElement\":[{\"@type\":\"ListItem\",\"position\":1,\"name\":\"Portada\",\"item\":\"https:\\\/\\\/panoramaciudadano.com\\\/\"},{\"@type\":\"ListItem\",\"position\":2,\"name\":\"Ren\u00e1n S\u00e1nchez Tajonar da la bienvenida a ni\u00f1as y ni\u00f1os del Parlamento Infantil\"}]},{\"@type\":\"WebSite\",\"@id\":\"https:\\\/\\\/panoramaciudadano.com\\\/#website\",\"url\":\"https:\\\/\\\/panoramaciudadano.com\\\/\",\"name\":\"Panorama Ciudadano\",\"description\":\"\",\"publisher\":{\"@id\":\"https:\\\/\\\/panoramaciudadano.com\\\/#organization\"},\"potentialAction\":[{\"@type\":\"SearchAction\",\"target\":{\"@type\":\"EntryPoint\",\"urlTemplate\":\"https:\\\/\\\/panoramaciudadano.com\\\/?s={search_term_string}\"},\"query-input\":{\"@type\":\"PropertyValueSpecification\",\"valueRequired\":true,\"valueName\":\"search_term_string\"}}],\"inLanguage\":\"es\"},{\"@type\":\"Organization\",\"@id\":\"https:\\\/\\\/panoramaciudadano.com\\\/#organization\",\"name\":\"Panorama Ciudadano\",\"url\":\"https:\\\/\\\/panoramaciudadano.com\\\/\",\"logo\":{\"@type\":\"ImageObject\",\"inLanguage\":\"es\",\"@id\":\"https:\\\/\\\/panoramaciudadano.com\\\/#\\\/schema\\\/logo\\\/image\\\/\",\"url\":\"https:\\\/\\\/panoramaciudadano.com\\\/wp-content\\\/uploads\\\/2024\\\/05\\\/401498640_919267042938564_6290593609399108733_n.jpg\",\"contentUrl\":\"https:\\\/\\\/panoramaciudadano.com\\\/wp-content\\\/uploads\\\/2024\\\/05\\\/401498640_919267042938564_6290593609399108733_n.jpg\",\"width\":960,\"height\":957,\"caption\":\"Panorama Ciudadano\"},\"image\":{\"@id\":\"https:\\\/\\\/panoramaciudadano.com\\\/#\\\/schema\\\/logo\\\/image\\\/\"},\"sameAs\":[\"https:\\\/\\\/www.facebook.com\\\/panoramaciudadano\"]},{\"@type\":\"Person\",\"@id\":\"https:\\\/\\\/panoramaciudadano.com\\\/#\\\/schema\\\/person\\\/ffe9fe8ef47d3a93977b5761fd9e0d96\",\"name\":\"admin\",\"image\":{\"@type\":\"ImageObject\",\"inLanguage\":\"es\",\"@id\":\"https:\\\/\\\/secure.gravatar.com\\\/avatar\\\/2d5a12cacce3f18096f25fadea8abb7202fef18ed669595589853e84260ff451?s=96&d=mm&r=g\",\"url\":\"https:\\\/\\\/secure.gravatar.com\\\/avatar\\\/2d5a12cacce3f18096f25fadea8abb7202fef18ed669595589853e84260ff451?s=96&d=mm&r=g\",\"contentUrl\":\"https:\\\/\\\/secure.gravatar.com\\\/avatar\\\/2d5a12cacce3f18096f25fadea8abb7202fef18ed669595589853e84260ff451?s=96&d=mm&r=g\",\"caption\":\"admin\"},\"sameAs\":[\"https:\\\/\\\/panoramaciudadano.com\"],\"url\":\"https:\\\/\\\/panoramaciudadano.com\\\/index.php\\\/author\\\/admin_3q6hyqq3\\\/\"}]}<\/script>\n<!-- \/ Yoast SEO plugin. -->","yoast_head_json":{"title":"Ren\u00e1n S\u00e1nchez Tajonar da la bienvenida a ni\u00f1as y ni\u00f1os del Parlamento Infantil - Panorama Ciudadano","robots":{"index":"index","follow":"follow","max-snippet":"max-snippet:-1","max-image-preview":"max-image-preview:large","max-video-preview":"max-video-preview:-1"},"canonical":"https:\/\/panoramaciudadano.com\/index.php\/2026\/04\/30\/renan-sanchez-tajonar-da-la-bienvenida-a-ninas-y-ninos-del-parlamento-infantil\/","og_locale":"es_ES","og_type":"article","og_title":"Ren\u00e1n S\u00e1nchez Tajonar da la bienvenida a ni\u00f1as y ni\u00f1os del Parlamento Infantil - Panorama Ciudadano","og_description":"En el marco de la cena de bienvenida a las y los integrantes del 13\u00b0 Parlamento Infantil, el diputado Ren\u00e1n S\u00e1nchez Tajonar, presidente de la Junta de Gobierno y Coordinaci\u00f3n Pol\u00edtica de la XVIII Legislatura, destac\u00f3 la importancia de escuchar la voz de la ni\u00f1ez y fomentar su participaci\u00f3n en la vida p\u00fablica del estado.","og_url":"https:\/\/panoramaciudadano.com\/index.php\/2026\/04\/30\/renan-sanchez-tajonar-da-la-bienvenida-a-ninas-y-ninos-del-parlamento-infantil\/","og_site_name":"Panorama Ciudadano","article_publisher":"https:\/\/www.facebook.com\/panoramaciudadano","article_published_time":"2026-04-30T15:40:16+00:00","article_modified_time":"2026-04-30T15:40:18+00:00","og_image":[{"width":2560,"height":1707,"url":"https:\/\/panoramaciudadano.com\/wp-content\/uploads\/2026\/04\/WhatsApp-Image-2026-04-30-at-8.00.17-AM-1-scaled.jpeg","type":"image\/jpeg"}],"author":"admin","twitter_card":"summary_large_image","twitter_misc":{"Escrito por":"admin","Tiempo de lectura":"3 minutos"},"schema":{"@context":"https:\/\/schema.org","@graph":[{"@type":"Article","@id":"https:\/\/panoramaciudadano.com\/index.php\/2026\/04\/30\/renan-sanchez-tajonar-da-la-bienvenida-a-ninas-y-ninos-del-parlamento-infantil\/#article","isPartOf":{"@id":"https:\/\/panoramaciudadano.com\/index.php\/2026\/04\/30\/renan-sanchez-tajonar-da-la-bienvenida-a-ninas-y-ninos-del-parlamento-infantil\/"},"author":{"name":"admin","@id":"https:\/\/panoramaciudadano.com\/#\/schema\/person\/ffe9fe8ef47d3a93977b5761fd9e0d96"},"headline":"Ren\u00e1n S\u00e1nchez Tajonar da la bienvenida a ni\u00f1as y ni\u00f1os del Parlamento Infantil","datePublished":"2026-04-30T15:40:16+00:00","dateModified":"2026-04-30T15:40:18+00:00","mainEntityOfPage":{"@id":"https:\/\/panoramaciudadano.com\/index.php\/2026\/04\/30\/renan-sanchez-tajonar-da-la-bienvenida-a-ninas-y-ninos-del-parlamento-infantil\/"},"wordCount":446,"commentCount":0,"publisher":{"@id":"https:\/\/panoramaciudadano.com\/#organization"},"image":{"@id":"https:\/\/panoramaciudadano.com\/index.php\/2026\/04\/30\/renan-sanchez-tajonar-da-la-bienvenida-a-ninas-y-ninos-del-parlamento-infantil\/#primaryimage"},"thumbnailUrl":"https:\/\/panoramaciudadano.com\/wp-content\/uploads\/2026\/04\/WhatsApp-Image-2026-04-30-at-8.00.17-AM-1-scaled.jpeg","keywords":["Ren\u00e1n S\u00e1nchez Tajonar"],"articleSection":["Chetumal"],"inLanguage":"es","potentialAction":[{"@type":"CommentAction","name":"Comment","target":["https:\/\/panoramaciudadano.com\/index.php\/2026\/04\/30\/renan-sanchez-tajonar-da-la-bienvenida-a-ninas-y-ninos-del-parlamento-infantil\/#respond"]}]},{"@type":"WebPage","@id":"https:\/\/panoramaciudadano.com\/index.php\/2026\/04\/30\/renan-sanchez-tajonar-da-la-bienvenida-a-ninas-y-ninos-del-parlamento-infantil\/","url":"https:\/\/panoramaciudadano.com\/index.php\/2026\/04\/30\/renan-sanchez-tajonar-da-la-bienvenida-a-ninas-y-ninos-del-parlamento-infantil\/","name":"Ren\u00e1n S\u00e1nchez Tajonar da la bienvenida a ni\u00f1as y ni\u00f1os del Parlamento Infantil - Panorama Ciudadano","isPartOf":{"@id":"https:\/\/panoramaciudadano.com\/#website"},"primaryImageOfPage":{"@id":"https:\/\/panoramaciudadano.com\/index.php\/2026\/04\/30\/renan-sanchez-tajonar-da-la-bienvenida-a-ninas-y-ninos-del-parlamento-infantil\/#primaryimage"},"image":{"@id":"https:\/\/panoramaciudadano.com\/index.php\/2026\/04\/30\/renan-sanchez-tajonar-da-la-bienvenida-a-ninas-y-ninos-del-parlamento-infantil\/#primaryimage"},"thumbnailUrl":"https:\/\/panoramaciudadano.com\/wp-content\/uploads\/2026\/04\/WhatsApp-Image-2026-04-30-at-8.00.17-AM-1-scaled.jpeg","datePublished":"2026-04-30T15:40:16+00:00","dateModified":"2026-04-30T15:40:18+00:00","breadcrumb":{"@id":"https:\/\/panoramaciudadano.com\/index.php\/2026\/04\/30\/renan-sanchez-tajonar-da-la-bienvenida-a-ninas-y-ninos-del-parlamento-infantil\/#breadcrumb"},"inLanguage":"es","potentialAction":[{"@type":"ReadAction","target":["https:\/\/panoramaciudadano.com\/index.php\/2026\/04\/30\/renan-sanchez-tajonar-da-la-bienvenida-a-ninas-y-ninos-del-parlamento-infantil\/"]}]},{"@type":"ImageObject","inLanguage":"es","@id":"https:\/\/panoramaciudadano.com\/index.php\/2026\/04\/30\/renan-sanchez-tajonar-da-la-bienvenida-a-ninas-y-ninos-del-parlamento-infantil\/#primaryimage","url":"https:\/\/panoramaciudadano.com\/wp-content\/uploads\/2026\/04\/WhatsApp-Image-2026-04-30-at-8.00.17-AM-1-scaled.jpeg","contentUrl":"https:\/\/panoramaciudadano.com\/wp-content\/uploads\/2026\/04\/WhatsApp-Image-2026-04-30-at-8.00.17-AM-1-scaled.jpeg","width":2560,"height":1707},{"@type":"BreadcrumbList","@id":"https:\/\/panoramaciudadano.com\/index.php\/2026\/04\/30\/renan-sanchez-tajonar-da-la-bienvenida-a-ninas-y-ninos-del-parlamento-infantil\/#breadcrumb","itemListElement":[{"@type":"ListItem","position":1,"name":"Portada","item":"https:\/\/panoramaciudadano.com\/"},{"@type":"ListItem","position":2,"name":"Ren\u00e1n S\u00e1nchez Tajonar da la bienvenida a ni\u00f1as y ni\u00f1os del Parlamento Infantil"}]},{"@type":"WebSite","@id":"https:\/\/panoramaciudadano.com\/#website","url":"https:\/\/panoramaciudadano.com\/","name":"Panorama Ciudadano","description":"","publisher":{"@id":"https:\/\/panoramaciudadano.com\/#organization"},"potentialAction":[{"@type":"SearchAction","target":{"@type":"EntryPoint","urlTemplate":"https:\/\/panoramaciudadano.com\/?s={search_term_string}"},"query-input":{"@type":"PropertyValueSpecification","valueRequired":true,"valueName":"search_term_string"}}],"inLanguage":"es"},{"@type":"Organization","@id":"https:\/\/panoramaciudadano.com\/#organization","name":"Panorama Ciudadano","url":"https:\/\/panoramaciudadano.com\/","logo":{"@type":"ImageObject","inLanguage":"es","@id":"https:\/\/panoramaciudadano.com\/#\/schema\/logo\/image\/","url":"https:\/\/panoramaciudadano.com\/wp-content\/uploads\/2024\/05\/401498640_919267042938564_6290593609399108733_n.jpg","contentUrl":"https:\/\/panoramaciudadano.com\/wp-content\/uploads\/2024\/05\/401498640_919267042938564_6290593609399108733_n.jpg","width":960,"height":957,"caption":"Panorama Ciudadano"},"image":{"@id":"https:\/\/panoramaciudadano.com\/#\/schema\/logo\/image\/"},"sameAs":["https:\/\/www.facebook.com\/panoramaciudadano"]},{"@type":"Person","@id":"https:\/\/panoramaciudadano.com\/#\/schema\/person\/ffe9fe8ef47d3a93977b5761fd9e0d96","name":"admin","image":{"@type":"ImageObject","inLanguage":"es","@id":"https:\/\/secure.gravatar.com\/avatar\/2d5a12cacce3f18096f25fadea8abb7202fef18ed669595589853e84260ff451?s=96&d=mm&r=g","url":"https:\/\/secure.gravatar.com\/avatar\/2d5a12cacce3f18096f25fadea8abb7202fef18ed669595589853e84260ff451?s=96&d=mm&r=g","contentUrl":"https:\/\/secure.gravatar.com\/avatar\/2d5a12cacce3f18096f25fadea8abb7202fef18ed669595589853e84260ff451?s=96&d=mm&r=g","caption":"admin"},"sameAs":["https:\/\/panoramaciudadano.com"],"url":"https:\/\/panoramaciudadano.com\/index.php\/author\/admin_3q6hyqq3\/"}]}},"_links":{"self":[{"href":"https:\/\/panoramaciudadano.com\/index.php\/wp-json\/wp\/v2\/posts\/34410","targetHints":{"allow":["GET"]}}],"collection":[{"href":"https:\/\/panoramaciudadano.com\/index.php\/wp-json\/wp\/v2\/posts"}],"about":[{"href":"https:\/\/panoramaciudadano.com\/index.php\/wp-json\/wp\/v2\/types\/post"}],"author":[{"embeddable":true,"href":"https:\/\/panoramaciudadano.com\/index.php\/wp-json\/wp\/v2\/users\/1"}],"replies":[{"embeddable":true,"href":"https:\/\/panoramaciudadano.com\/index.php\/wp-json\/wp\/v2\/comments?post=34410"}],"version-history":[{"count":1,"href":"https:\/\/panoramaciudadano.com\/index.php\/wp-json\/wp\/v2\/posts\/34410\/revisions"}],"predecessor-version":[{"id":34416,"href":"https:\/\/panoramaciudadano.com\/index.php\/wp-json\/wp\/v2\/posts\/34410\/revisions\/34416"}],"wp:featuredmedia":[{"embeddable":true,"href":"https:\/\/panoramaciudadano.com\/index.php\/wp-json\/wp\/v2\/media\/34414"}],"wp:attachment":[{"href":"https:\/\/panoramaciudadano.com\/index.php\/wp-json\/wp\/v2\/media?parent=34410"}],"wp:term":[{"taxonomy":"category","embeddable":true,"href":"https:\/\/panoramaciudadano.com\/index.php\/wp-json\/wp\/v2\/categories?post=34410"},{"taxonomy":"post_tag","embeddable":true,"href":"https:\/\/panoramaciudadano.com\/index.php\/wp-json\/wp\/v2\/tags?post=34410"}],"curies":[{"name":"wp","href":"https:\/\/api.w.org\/{rel}","templated":true}]}}