{"id":34423,"date":"2026-04-30T13:25:55","date_gmt":"2026-04-30T18:25:55","guid":{"rendered":"https:\/\/panoramaciudadano.com\/?p=34423"},"modified":"2026-04-30T13:25:57","modified_gmt":"2026-04-30T18:25:57","slug":"anuncia-ayuntamiento-cierre-de-cajas-y-modulos-en-proximas-fechas-inhabiles","status":"publish","type":"post","link":"https:\/\/panoramaciudadano.com\/index.php\/2026\/04\/30\/anuncia-ayuntamiento-cierre-de-cajas-y-modulos-en-proximas-fechas-inhabiles\/","title":{"rendered":"ANUNCIA AYUNTAMIENTO CIERRE DE CAJAS Y M\u00d3DULOS EN PR\u00d3XIMAS FECHAS INH\u00c1BILES"},"content":{"rendered":"\n<figure class=\"wp-block-image size-large\"><img decoding=\"async\" width=\"819\" height=\"1024\" src=\"https:\/\/panoramaciudadano.com\/wp-content\/uploads\/2026\/04\/WhatsApp-Image-2026-04-30-at-12.08.05-PM-819x1024.jpeg\" alt=\"\" class=\"wp-image-34424\" srcset=\"https:\/\/panoramaciudadano.com\/wp-content\/uploads\/2026\/04\/WhatsApp-Image-2026-04-30-at-12.08.05-PM-819x1024.jpeg 819w, https:\/\/panoramaciudadano.com\/wp-content\/uploads\/2026\/04\/WhatsApp-Image-2026-04-30-at-12.08.05-PM-240x300.jpeg 240w, https:\/\/panoramaciudadano.com\/wp-content\/uploads\/2026\/04\/WhatsApp-Image-2026-04-30-at-12.08.05-PM-768x960.jpeg 768w, https:\/\/panoramaciudadano.com\/wp-content\/uploads\/2026\/04\/WhatsApp-Image-2026-04-30-at-12.08.05-PM-1229x1536.jpeg 1229w, https:\/\/panoramaciudadano.com\/wp-content\/uploads\/2026\/04\/WhatsApp-Image-2026-04-30-at-12.08.05-PM.jpeg 1280w\" sizes=\"(max-width: 819px) 100vw, 819px\" \/><\/figure>\n\n\n\n<p>El Ayuntamiento de Benito Ju\u00e1rez, a trav\u00e9s de la Tesorer\u00eda y la direcci\u00f3n de Ingresos, informa el cierre de cajas y m\u00f3dulos que se har\u00e1 en dos fechas pr\u00f3ximas que son: viernes 01 y lunes 04 de mayo, debido a diferentes asuetos, por lo que se invita a los ciudadanos a tomar sus previsiones y emplear m\u00e9todos alternos para hacer sus contribuciones de forma digital y segura.<\/p>\n\n\n\n<p>Por un lado, el viernes 01 de mayo se conmemora el \u201cD\u00eda del Trabajo\u201d, fecha en la que se recuerda cada a\u00f1o la lucha hist\u00f3rica por mejores condiciones laborales, y el lunes 04 de mayo, ser\u00e1 inh\u00e1bil por la conmemoraci\u00f3n del 164 Aniversario de la Batalla de Puebla, en sustituci\u00f3n del 05 de mayo.<\/p>\n\n\n\n<p>Para facilidad de los contribuyentes, las plataformas digitales como la p\u00e1gina web del gobierno municipal www.cancun.gob.mx y el Sistema de Integral de Tr\u00e1mites Electr\u00f3nicos (SITE), estar\u00e1n disponibles las 24 horas para diversos tr\u00e1mites en l\u00ednea.<\/p>\n\n\n\n<p>De igual forma, se mantienen funcionando los cajeros inteligentes para pagos que est\u00e1n instalados en diferentes puntos de la ciudad, como son: instalaciones de la Polic\u00eda Tur\u00edstica en la zona hotelera; Centro de Retenci\u00f3n y Sanciones Administrativas, conocido como \u201cEl Torito\u201d; Palacio Municipal; Plaza \u201cLas Tiendas\u201d y Plaza \u201cLas Am\u00e9ricas\u201d.<\/p>\n\n\n\n<hr class=\"wp-block-separator has-alpha-channel-opacity\"\/>\n","protected":false},"excerpt":{"rendered":"<p>El Ayuntamiento de Benito Ju\u00e1rez, a trav\u00e9s de la Tesorer\u00eda y la direcci\u00f3n de Ingresos, informa el cierre de cajas y m\u00f3dulos que se har\u00e1 en dos fechas pr\u00f3ximas que son: viernes 01 y lunes 04 de mayo, debido a diferentes asuetos, por lo que se invita a los ciudadanos a tomar sus previsiones y emplear m\u00e9todos alternos para hacer sus contribuciones de forma digital y segura.<\/p>\n","protected":false},"author":1,"featured_media":34424,"comment_status":"open","ping_status":"closed","sticky":false,"template":"","format":"standard","meta":{"footnotes":""},"categories":[6],"tags":[145],"class_list":["post-34423","post","type-post","status-publish","format-standard","has-post-thumbnail","hentry","category-cancun","tag-ana-paty-peralta"],"yoast_head":"<!-- This site is optimized with the Yoast SEO plugin v27.5 - https:\/\/yoast.com\/product\/yoast-seo-wordpress\/ -->\n<title>ANUNCIA AYUNTAMIENTO CIERRE DE CAJAS Y M\u00d3DULOS EN PR\u00d3XIMAS FECHAS INH\u00c1BILES - Panorama Ciudadano<\/title>\n<meta name=\"robots\" content=\"index, follow, max-snippet:-1, max-image-preview:large, max-video-preview:-1\" \/>\n<link rel=\"canonical\" href=\"https:\/\/panoramaciudadano.com\/index.php\/2026\/04\/30\/anuncia-ayuntamiento-cierre-de-cajas-y-modulos-en-proximas-fechas-inhabiles\/\" \/>\n<meta property=\"og:locale\" content=\"es_ES\" \/>\n<meta property=\"og:type\" content=\"article\" \/>\n<meta property=\"og:title\" content=\"ANUNCIA AYUNTAMIENTO CIERRE DE CAJAS Y M\u00d3DULOS EN PR\u00d3XIMAS FECHAS INH\u00c1BILES - Panorama Ciudadano\" \/>\n<meta property=\"og:description\" content=\"El Ayuntamiento de Benito Ju\u00e1rez, a trav\u00e9s de la Tesorer\u00eda y la direcci\u00f3n de Ingresos, informa el cierre de cajas y m\u00f3dulos que se har\u00e1 en dos fechas pr\u00f3ximas que son: viernes 01 y lunes 04 de mayo, debido a diferentes asuetos, por lo que se invita a los ciudadanos a tomar sus previsiones y emplear m\u00e9todos alternos para hacer sus contribuciones de forma digital y segura.\" \/>\n<meta property=\"og:url\" content=\"https:\/\/panoramaciudadano.com\/index.php\/2026\/04\/30\/anuncia-ayuntamiento-cierre-de-cajas-y-modulos-en-proximas-fechas-inhabiles\/\" \/>\n<meta property=\"og:site_name\" content=\"Panorama Ciudadano\" \/>\n<meta property=\"article:publisher\" content=\"https:\/\/www.facebook.com\/panoramaciudadano\" \/>\n<meta property=\"article:published_time\" content=\"2026-04-30T18:25:55+00:00\" \/>\n<meta property=\"article:modified_time\" content=\"2026-04-30T18:25:57+00:00\" \/>\n<meta property=\"og:image\" content=\"https:\/\/panoramaciudadano.com\/wp-content\/uploads\/2026\/04\/WhatsApp-Image-2026-04-30-at-12.08.05-PM.jpeg\" \/>\n\t<meta property=\"og:image:width\" content=\"1280\" \/>\n\t<meta property=\"og:image:height\" content=\"1600\" \/>\n\t<meta property=\"og:image:type\" content=\"image\/jpeg\" \/>\n<meta name=\"author\" content=\"admin\" \/>\n<meta name=\"twitter:card\" content=\"summary_large_image\" \/>\n<meta name=\"twitter:label1\" content=\"Escrito por\" \/>\n\t<meta name=\"twitter:data1\" content=\"admin\" \/>\n\t<meta name=\"twitter:label2\" content=\"Tiempo de lectura\" \/>\n\t<meta name=\"twitter:data2\" content=\"2 minutos\" \/>\n<script type=\"application\/ld+json\" class=\"yoast-schema-graph\">{\"@context\":\"https:\\\/\\\/schema.org\",\"@graph\":[{\"@type\":\"Article\",\"@id\":\"https:\\\/\\\/panoramaciudadano.com\\\/index.php\\\/2026\\\/04\\\/30\\\/anuncia-ayuntamiento-cierre-de-cajas-y-modulos-en-proximas-fechas-inhabiles\\\/#article\",\"isPartOf\":{\"@id\":\"https:\\\/\\\/panoramaciudadano.com\\\/index.php\\\/2026\\\/04\\\/30\\\/anuncia-ayuntamiento-cierre-de-cajas-y-modulos-en-proximas-fechas-inhabiles\\\/\"},\"author\":{\"name\":\"admin\",\"@id\":\"https:\\\/\\\/panoramaciudadano.com\\\/#\\\/schema\\\/person\\\/ffe9fe8ef47d3a93977b5761fd9e0d96\"},\"headline\":\"ANUNCIA AYUNTAMIENTO CIERRE DE CAJAS Y M\u00d3DULOS EN PR\u00d3XIMAS FECHAS INH\u00c1BILES\",\"datePublished\":\"2026-04-30T18:25:55+00:00\",\"dateModified\":\"2026-04-30T18:25:57+00:00\",\"mainEntityOfPage\":{\"@id\":\"https:\\\/\\\/panoramaciudadano.com\\\/index.php\\\/2026\\\/04\\\/30\\\/anuncia-ayuntamiento-cierre-de-cajas-y-modulos-en-proximas-fechas-inhabiles\\\/\"},\"wordCount\":240,\"commentCount\":0,\"publisher\":{\"@id\":\"https:\\\/\\\/panoramaciudadano.com\\\/#organization\"},\"image\":{\"@id\":\"https:\\\/\\\/panoramaciudadano.com\\\/index.php\\\/2026\\\/04\\\/30\\\/anuncia-ayuntamiento-cierre-de-cajas-y-modulos-en-proximas-fechas-inhabiles\\\/#primaryimage\"},\"thumbnailUrl\":\"https:\\\/\\\/panoramaciudadano.com\\\/wp-content\\\/uploads\\\/2026\\\/04\\\/WhatsApp-Image-2026-04-30-at-12.08.05-PM.jpeg\",\"keywords\":[\"Ana Paty Peralta\"],\"articleSection\":[\"Canc\u00fan\"],\"inLanguage\":\"es\",\"potentialAction\":[{\"@type\":\"CommentAction\",\"name\":\"Comment\",\"target\":[\"https:\\\/\\\/panoramaciudadano.com\\\/index.php\\\/2026\\\/04\\\/30\\\/anuncia-ayuntamiento-cierre-de-cajas-y-modulos-en-proximas-fechas-inhabiles\\\/#respond\"]}]},{\"@type\":\"WebPage\",\"@id\":\"https:\\\/\\\/panoramaciudadano.com\\\/index.php\\\/2026\\\/04\\\/30\\\/anuncia-ayuntamiento-cierre-de-cajas-y-modulos-en-proximas-fechas-inhabiles\\\/\",\"url\":\"https:\\\/\\\/panoramaciudadano.com\\\/index.php\\\/2026\\\/04\\\/30\\\/anuncia-ayuntamiento-cierre-de-cajas-y-modulos-en-proximas-fechas-inhabiles\\\/\",\"name\":\"ANUNCIA AYUNTAMIENTO CIERRE DE CAJAS Y M\u00d3DULOS EN PR\u00d3XIMAS FECHAS INH\u00c1BILES - Panorama Ciudadano\",\"isPartOf\":{\"@id\":\"https:\\\/\\\/panoramaciudadano.com\\\/#website\"},\"primaryImageOfPage\":{\"@id\":\"https:\\\/\\\/panoramaciudadano.com\\\/index.php\\\/2026\\\/04\\\/30\\\/anuncia-ayuntamiento-cierre-de-cajas-y-modulos-en-proximas-fechas-inhabiles\\\/#primaryimage\"},\"image\":{\"@id\":\"https:\\\/\\\/panoramaciudadano.com\\\/index.php\\\/2026\\\/04\\\/30\\\/anuncia-ayuntamiento-cierre-de-cajas-y-modulos-en-proximas-fechas-inhabiles\\\/#primaryimage\"},\"thumbnailUrl\":\"https:\\\/\\\/panoramaciudadano.com\\\/wp-content\\\/uploads\\\/2026\\\/04\\\/WhatsApp-Image-2026-04-30-at-12.08.05-PM.jpeg\",\"datePublished\":\"2026-04-30T18:25:55+00:00\",\"dateModified\":\"2026-04-30T18:25:57+00:00\",\"breadcrumb\":{\"@id\":\"https:\\\/\\\/panoramaciudadano.com\\\/index.php\\\/2026\\\/04\\\/30\\\/anuncia-ayuntamiento-cierre-de-cajas-y-modulos-en-proximas-fechas-inhabiles\\\/#breadcrumb\"},\"inLanguage\":\"es\",\"potentialAction\":[{\"@type\":\"ReadAction\",\"target\":[\"https:\\\/\\\/panoramaciudadano.com\\\/index.php\\\/2026\\\/04\\\/30\\\/anuncia-ayuntamiento-cierre-de-cajas-y-modulos-en-proximas-fechas-inhabiles\\\/\"]}]},{\"@type\":\"ImageObject\",\"inLanguage\":\"es\",\"@id\":\"https:\\\/\\\/panoramaciudadano.com\\\/index.php\\\/2026\\\/04\\\/30\\\/anuncia-ayuntamiento-cierre-de-cajas-y-modulos-en-proximas-fechas-inhabiles\\\/#primaryimage\",\"url\":\"https:\\\/\\\/panoramaciudadano.com\\\/wp-content\\\/uploads\\\/2026\\\/04\\\/WhatsApp-Image-2026-04-30-at-12.08.05-PM.jpeg\",\"contentUrl\":\"https:\\\/\\\/panoramaciudadano.com\\\/wp-content\\\/uploads\\\/2026\\\/04\\\/WhatsApp-Image-2026-04-30-at-12.08.05-PM.jpeg\",\"width\":1280,\"height\":1600},{\"@type\":\"BreadcrumbList\",\"@id\":\"https:\\\/\\\/panoramaciudadano.com\\\/index.php\\\/2026\\\/04\\\/30\\\/anuncia-ayuntamiento-cierre-de-cajas-y-modulos-en-proximas-fechas-inhabiles\\\/#breadcrumb\",\"itemListElement\":[{\"@type\":\"ListItem\",\"position\":1,\"name\":\"Portada\",\"item\":\"https:\\\/\\\/panoramaciudadano.com\\\/\"},{\"@type\":\"ListItem\",\"position\":2,\"name\":\"ANUNCIA AYUNTAMIENTO CIERRE DE CAJAS Y M\u00d3DULOS EN PR\u00d3XIMAS FECHAS INH\u00c1BILES\"}]},{\"@type\":\"WebSite\",\"@id\":\"https:\\\/\\\/panoramaciudadano.com\\\/#website\",\"url\":\"https:\\\/\\\/panoramaciudadano.com\\\/\",\"name\":\"Panorama Ciudadano\",\"description\":\"\",\"publisher\":{\"@id\":\"https:\\\/\\\/panoramaciudadano.com\\\/#organization\"},\"potentialAction\":[{\"@type\":\"SearchAction\",\"target\":{\"@type\":\"EntryPoint\",\"urlTemplate\":\"https:\\\/\\\/panoramaciudadano.com\\\/?s={search_term_string}\"},\"query-input\":{\"@type\":\"PropertyValueSpecification\",\"valueRequired\":true,\"valueName\":\"search_term_string\"}}],\"inLanguage\":\"es\"},{\"@type\":\"Organization\",\"@id\":\"https:\\\/\\\/panoramaciudadano.com\\\/#organization\",\"name\":\"Panorama Ciudadano\",\"url\":\"https:\\\/\\\/panoramaciudadano.com\\\/\",\"logo\":{\"@type\":\"ImageObject\",\"inLanguage\":\"es\",\"@id\":\"https:\\\/\\\/panoramaciudadano.com\\\/#\\\/schema\\\/logo\\\/image\\\/\",\"url\":\"https:\\\/\\\/panoramaciudadano.com\\\/wp-content\\\/uploads\\\/2024\\\/05\\\/401498640_919267042938564_6290593609399108733_n.jpg\",\"contentUrl\":\"https:\\\/\\\/panoramaciudadano.com\\\/wp-content\\\/uploads\\\/2024\\\/05\\\/401498640_919267042938564_6290593609399108733_n.jpg\",\"width\":960,\"height\":957,\"caption\":\"Panorama Ciudadano\"},\"image\":{\"@id\":\"https:\\\/\\\/panoramaciudadano.com\\\/#\\\/schema\\\/logo\\\/image\\\/\"},\"sameAs\":[\"https:\\\/\\\/www.facebook.com\\\/panoramaciudadano\"]},{\"@type\":\"Person\",\"@id\":\"https:\\\/\\\/panoramaciudadano.com\\\/#\\\/schema\\\/person\\\/ffe9fe8ef47d3a93977b5761fd9e0d96\",\"name\":\"admin\",\"image\":{\"@type\":\"ImageObject\",\"inLanguage\":\"es\",\"@id\":\"https:\\\/\\\/secure.gravatar.com\\\/avatar\\\/2d5a12cacce3f18096f25fadea8abb7202fef18ed669595589853e84260ff451?s=96&d=mm&r=g\",\"url\":\"https:\\\/\\\/secure.gravatar.com\\\/avatar\\\/2d5a12cacce3f18096f25fadea8abb7202fef18ed669595589853e84260ff451?s=96&d=mm&r=g\",\"contentUrl\":\"https:\\\/\\\/secure.gravatar.com\\\/avatar\\\/2d5a12cacce3f18096f25fadea8abb7202fef18ed669595589853e84260ff451?s=96&d=mm&r=g\",\"caption\":\"admin\"},\"sameAs\":[\"https:\\\/\\\/panoramaciudadano.com\"],\"url\":\"https:\\\/\\\/panoramaciudadano.com\\\/index.php\\\/author\\\/admin_3q6hyqq3\\\/\"}]}<\/script>\n<!-- \/ Yoast SEO plugin. -->","yoast_head_json":{"title":"ANUNCIA AYUNTAMIENTO CIERRE DE CAJAS Y M\u00d3DULOS EN PR\u00d3XIMAS FECHAS INH\u00c1BILES - Panorama Ciudadano","robots":{"index":"index","follow":"follow","max-snippet":"max-snippet:-1","max-image-preview":"max-image-preview:large","max-video-preview":"max-video-preview:-1"},"canonical":"https:\/\/panoramaciudadano.com\/index.php\/2026\/04\/30\/anuncia-ayuntamiento-cierre-de-cajas-y-modulos-en-proximas-fechas-inhabiles\/","og_locale":"es_ES","og_type":"article","og_title":"ANUNCIA AYUNTAMIENTO CIERRE DE CAJAS Y M\u00d3DULOS EN PR\u00d3XIMAS FECHAS INH\u00c1BILES - Panorama Ciudadano","og_description":"El Ayuntamiento de Benito Ju\u00e1rez, a trav\u00e9s de la Tesorer\u00eda y la direcci\u00f3n de Ingresos, informa el cierre de cajas y m\u00f3dulos que se har\u00e1 en dos fechas pr\u00f3ximas que son: viernes 01 y lunes 04 de mayo, debido a diferentes asuetos, por lo que se invita a los ciudadanos a tomar sus previsiones y emplear m\u00e9todos alternos para hacer sus contribuciones de forma digital y segura.","og_url":"https:\/\/panoramaciudadano.com\/index.php\/2026\/04\/30\/anuncia-ayuntamiento-cierre-de-cajas-y-modulos-en-proximas-fechas-inhabiles\/","og_site_name":"Panorama Ciudadano","article_publisher":"https:\/\/www.facebook.com\/panoramaciudadano","article_published_time":"2026-04-30T18:25:55+00:00","article_modified_time":"2026-04-30T18:25:57+00:00","og_image":[{"width":1280,"height":1600,"url":"https:\/\/panoramaciudadano.com\/wp-content\/uploads\/2026\/04\/WhatsApp-Image-2026-04-30-at-12.08.05-PM.jpeg","type":"image\/jpeg"}],"author":"admin","twitter_card":"summary_large_image","twitter_misc":{"Escrito por":"admin","Tiempo de lectura":"2 minutos"},"schema":{"@context":"https:\/\/schema.org","@graph":[{"@type":"Article","@id":"https:\/\/panoramaciudadano.com\/index.php\/2026\/04\/30\/anuncia-ayuntamiento-cierre-de-cajas-y-modulos-en-proximas-fechas-inhabiles\/#article","isPartOf":{"@id":"https:\/\/panoramaciudadano.com\/index.php\/2026\/04\/30\/anuncia-ayuntamiento-cierre-de-cajas-y-modulos-en-proximas-fechas-inhabiles\/"},"author":{"name":"admin","@id":"https:\/\/panoramaciudadano.com\/#\/schema\/person\/ffe9fe8ef47d3a93977b5761fd9e0d96"},"headline":"ANUNCIA AYUNTAMIENTO CIERRE DE CAJAS Y M\u00d3DULOS EN PR\u00d3XIMAS FECHAS INH\u00c1BILES","datePublished":"2026-04-30T18:25:55+00:00","dateModified":"2026-04-30T18:25:57+00:00","mainEntityOfPage":{"@id":"https:\/\/panoramaciudadano.com\/index.php\/2026\/04\/30\/anuncia-ayuntamiento-cierre-de-cajas-y-modulos-en-proximas-fechas-inhabiles\/"},"wordCount":240,"commentCount":0,"publisher":{"@id":"https:\/\/panoramaciudadano.com\/#organization"},"image":{"@id":"https:\/\/panoramaciudadano.com\/index.php\/2026\/04\/30\/anuncia-ayuntamiento-cierre-de-cajas-y-modulos-en-proximas-fechas-inhabiles\/#primaryimage"},"thumbnailUrl":"https:\/\/panoramaciudadano.com\/wp-content\/uploads\/2026\/04\/WhatsApp-Image-2026-04-30-at-12.08.05-PM.jpeg","keywords":["Ana Paty Peralta"],"articleSection":["Canc\u00fan"],"inLanguage":"es","potentialAction":[{"@type":"CommentAction","name":"Comment","target":["https:\/\/panoramaciudadano.com\/index.php\/2026\/04\/30\/anuncia-ayuntamiento-cierre-de-cajas-y-modulos-en-proximas-fechas-inhabiles\/#respond"]}]},{"@type":"WebPage","@id":"https:\/\/panoramaciudadano.com\/index.php\/2026\/04\/30\/anuncia-ayuntamiento-cierre-de-cajas-y-modulos-en-proximas-fechas-inhabiles\/","url":"https:\/\/panoramaciudadano.com\/index.php\/2026\/04\/30\/anuncia-ayuntamiento-cierre-de-cajas-y-modulos-en-proximas-fechas-inhabiles\/","name":"ANUNCIA AYUNTAMIENTO CIERRE DE CAJAS Y M\u00d3DULOS EN PR\u00d3XIMAS FECHAS INH\u00c1BILES - Panorama Ciudadano","isPartOf":{"@id":"https:\/\/panoramaciudadano.com\/#website"},"primaryImageOfPage":{"@id":"https:\/\/panoramaciudadano.com\/index.php\/2026\/04\/30\/anuncia-ayuntamiento-cierre-de-cajas-y-modulos-en-proximas-fechas-inhabiles\/#primaryimage"},"image":{"@id":"https:\/\/panoramaciudadano.com\/index.php\/2026\/04\/30\/anuncia-ayuntamiento-cierre-de-cajas-y-modulos-en-proximas-fechas-inhabiles\/#primaryimage"},"thumbnailUrl":"https:\/\/panoramaciudadano.com\/wp-content\/uploads\/2026\/04\/WhatsApp-Image-2026-04-30-at-12.08.05-PM.jpeg","datePublished":"2026-04-30T18:25:55+00:00","dateModified":"2026-04-30T18:25:57+00:00","breadcrumb":{"@id":"https:\/\/panoramaciudadano.com\/index.php\/2026\/04\/30\/anuncia-ayuntamiento-cierre-de-cajas-y-modulos-en-proximas-fechas-inhabiles\/#breadcrumb"},"inLanguage":"es","potentialAction":[{"@type":"ReadAction","target":["https:\/\/panoramaciudadano.com\/index.php\/2026\/04\/30\/anuncia-ayuntamiento-cierre-de-cajas-y-modulos-en-proximas-fechas-inhabiles\/"]}]},{"@type":"ImageObject","inLanguage":"es","@id":"https:\/\/panoramaciudadano.com\/index.php\/2026\/04\/30\/anuncia-ayuntamiento-cierre-de-cajas-y-modulos-en-proximas-fechas-inhabiles\/#primaryimage","url":"https:\/\/panoramaciudadano.com\/wp-content\/uploads\/2026\/04\/WhatsApp-Image-2026-04-30-at-12.08.05-PM.jpeg","contentUrl":"https:\/\/panoramaciudadano.com\/wp-content\/uploads\/2026\/04\/WhatsApp-Image-2026-04-30-at-12.08.05-PM.jpeg","width":1280,"height":1600},{"@type":"BreadcrumbList","@id":"https:\/\/panoramaciudadano.com\/index.php\/2026\/04\/30\/anuncia-ayuntamiento-cierre-de-cajas-y-modulos-en-proximas-fechas-inhabiles\/#breadcrumb","itemListElement":[{"@type":"ListItem","position":1,"name":"Portada","item":"https:\/\/panoramaciudadano.com\/"},{"@type":"ListItem","position":2,"name":"ANUNCIA AYUNTAMIENTO CIERRE DE CAJAS Y M\u00d3DULOS EN PR\u00d3XIMAS FECHAS INH\u00c1BILES"}]},{"@type":"WebSite","@id":"https:\/\/panoramaciudadano.com\/#website","url":"https:\/\/panoramaciudadano.com\/","name":"Panorama Ciudadano","description":"","publisher":{"@id":"https:\/\/panoramaciudadano.com\/#organization"},"potentialAction":[{"@type":"SearchAction","target":{"@type":"EntryPoint","urlTemplate":"https:\/\/panoramaciudadano.com\/?s={search_term_string}"},"query-input":{"@type":"PropertyValueSpecification","valueRequired":true,"valueName":"search_term_string"}}],"inLanguage":"es"},{"@type":"Organization","@id":"https:\/\/panoramaciudadano.com\/#organization","name":"Panorama Ciudadano","url":"https:\/\/panoramaciudadano.com\/","logo":{"@type":"ImageObject","inLanguage":"es","@id":"https:\/\/panoramaciudadano.com\/#\/schema\/logo\/image\/","url":"https:\/\/panoramaciudadano.com\/wp-content\/uploads\/2024\/05\/401498640_919267042938564_6290593609399108733_n.jpg","contentUrl":"https:\/\/panoramaciudadano.com\/wp-content\/uploads\/2024\/05\/401498640_919267042938564_6290593609399108733_n.jpg","width":960,"height":957,"caption":"Panorama Ciudadano"},"image":{"@id":"https:\/\/panoramaciudadano.com\/#\/schema\/logo\/image\/"},"sameAs":["https:\/\/www.facebook.com\/panoramaciudadano"]},{"@type":"Person","@id":"https:\/\/panoramaciudadano.com\/#\/schema\/person\/ffe9fe8ef47d3a93977b5761fd9e0d96","name":"admin","image":{"@type":"ImageObject","inLanguage":"es","@id":"https:\/\/secure.gravatar.com\/avatar\/2d5a12cacce3f18096f25fadea8abb7202fef18ed669595589853e84260ff451?s=96&d=mm&r=g","url":"https:\/\/secure.gravatar.com\/avatar\/2d5a12cacce3f18096f25fadea8abb7202fef18ed669595589853e84260ff451?s=96&d=mm&r=g","contentUrl":"https:\/\/secure.gravatar.com\/avatar\/2d5a12cacce3f18096f25fadea8abb7202fef18ed669595589853e84260ff451?s=96&d=mm&r=g","caption":"admin"},"sameAs":["https:\/\/panoramaciudadano.com"],"url":"https:\/\/panoramaciudadano.com\/index.php\/author\/admin_3q6hyqq3\/"}]}},"_links":{"self":[{"href":"https:\/\/panoramaciudadano.com\/index.php\/wp-json\/wp\/v2\/posts\/34423","targetHints":{"allow":["GET"]}}],"collection":[{"href":"https:\/\/panoramaciudadano.com\/index.php\/wp-json\/wp\/v2\/posts"}],"about":[{"href":"https:\/\/panoramaciudadano.com\/index.php\/wp-json\/wp\/v2\/types\/post"}],"author":[{"embeddable":true,"href":"https:\/\/panoramaciudadano.com\/index.php\/wp-json\/wp\/v2\/users\/1"}],"replies":[{"embeddable":true,"href":"https:\/\/panoramaciudadano.com\/index.php\/wp-json\/wp\/v2\/comments?post=34423"}],"version-history":[{"count":1,"href":"https:\/\/panoramaciudadano.com\/index.php\/wp-json\/wp\/v2\/posts\/34423\/revisions"}],"predecessor-version":[{"id":34425,"href":"https:\/\/panoramaciudadano.com\/index.php\/wp-json\/wp\/v2\/posts\/34423\/revisions\/34425"}],"wp:featuredmedia":[{"embeddable":true,"href":"https:\/\/panoramaciudadano.com\/index.php\/wp-json\/wp\/v2\/media\/34424"}],"wp:attachment":[{"href":"https:\/\/panoramaciudadano.com\/index.php\/wp-json\/wp\/v2\/media?parent=34423"}],"wp:term":[{"taxonomy":"category","embeddable":true,"href":"https:\/\/panoramaciudadano.com\/index.php\/wp-json\/wp\/v2\/categories?post=34423"},{"taxonomy":"post_tag","embeddable":true,"href":"https:\/\/panoramaciudadano.com\/index.php\/wp-json\/wp\/v2\/tags?post=34423"}],"curies":[{"name":"wp","href":"https:\/\/api.w.org\/{rel}","templated":true}]}}