{"id":4997,"date":"2024-10-08T00:48:45","date_gmt":"2024-10-07T17:48:45","guid":{"rendered":"https:\/\/panoramaciudadano.com\/?p=4997"},"modified":"2024-10-08T00:48:46","modified_gmt":"2024-10-07T17:48:46","slug":"abuelito-se-desvanece-en-playa-marlin-y-es-auxiliado-por-paramedicos-en-cancun","status":"publish","type":"post","link":"https:\/\/panoramaciudadano.com\/index.php\/2024\/10\/08\/abuelito-se-desvanece-en-playa-marlin-y-es-auxiliado-por-paramedicos-en-cancun\/","title":{"rendered":"Abuelito se desvanece en playa Marl\u00edn y es auxiliado por param\u00e9dicos en Canc\u00fan"},"content":{"rendered":"\n<figure class=\"wp-block-image size-full\"><img decoding=\"async\" width=\"720\" height=\"573\" src=\"https:\/\/panoramaciudadano.com\/wp-content\/uploads\/2024\/10\/WhatsApp-Image-2024-10-07-at-08.26.25.jpeg\" alt=\"\" class=\"wp-image-4998\" srcset=\"https:\/\/panoramaciudadano.com\/wp-content\/uploads\/2024\/10\/WhatsApp-Image-2024-10-07-at-08.26.25.jpeg 720w, https:\/\/panoramaciudadano.com\/wp-content\/uploads\/2024\/10\/WhatsApp-Image-2024-10-07-at-08.26.25-300x239.jpeg 300w\" sizes=\"(max-width: 720px) 100vw, 720px\" \/><\/figure>\n\n\n\n<p>Un abuelito fue auxiliado por param\u00e9dicos luego de que desvaneciera en playa Marl\u00edn.<\/p>\n\n\n\n<p>Fue esta tarde cuando la ayuda fue solicitado \u00a0por ba\u00f1istas que vieron de la nada el hombre quedo inconsciente.<\/p>\n\n\n\n<p>Param\u00e9dicos de una empresa privada ayudaron al turista\u00a0de 67 a\u00f1os originario de Cuernavaca y afortunadamente lo estabilizaron.<\/p>\n\n\n\n<p>Ante el incidente se activaron tambi\u00e9n elementos de la Polic\u00eda Tur\u00edstica y de Protecci\u00f3n Civil pero solo fue para tomar conocimiento.<\/p>\n","protected":false},"excerpt":{"rendered":"<p>Un abuelito fue auxiliado por param\u00e9dicos luego de que desvaneciera en playa Marl\u00edn.<\/p>\n","protected":false},"author":1,"featured_media":4998,"comment_status":"open","ping_status":"closed","sticky":false,"template":"","format":"standard","meta":{"footnotes":""},"categories":[6],"tags":[1704],"class_list":["post-4997","post","type-post","status-publish","format-standard","has-post-thumbnail","hentry","category-cancun","tag-playa-marlin"],"yoast_head":"<!-- This site is optimized with the Yoast SEO plugin v27.1.1 - https:\/\/yoast.com\/product\/yoast-seo-wordpress\/ -->\n<title>Abuelito se desvanece en playa Marl\u00edn y es auxiliado por param\u00e9dicos en Canc\u00fan - Panorama Ciudadano<\/title>\n<meta name=\"robots\" content=\"index, follow, max-snippet:-1, max-image-preview:large, max-video-preview:-1\" \/>\n<link rel=\"canonical\" href=\"https:\/\/panoramaciudadano.com\/index.php\/2024\/10\/08\/abuelito-se-desvanece-en-playa-marlin-y-es-auxiliado-por-paramedicos-en-cancun\/\" \/>\n<meta property=\"og:locale\" content=\"es_ES\" \/>\n<meta property=\"og:type\" content=\"article\" \/>\n<meta property=\"og:title\" content=\"Abuelito se desvanece en playa Marl\u00edn y es auxiliado por param\u00e9dicos en Canc\u00fan - Panorama Ciudadano\" \/>\n<meta property=\"og:description\" content=\"Un abuelito fue auxiliado por param\u00e9dicos luego de que desvaneciera en playa Marl\u00edn.\" \/>\n<meta property=\"og:url\" content=\"https:\/\/panoramaciudadano.com\/index.php\/2024\/10\/08\/abuelito-se-desvanece-en-playa-marlin-y-es-auxiliado-por-paramedicos-en-cancun\/\" \/>\n<meta property=\"og:site_name\" content=\"Panorama Ciudadano\" \/>\n<meta property=\"article:publisher\" content=\"https:\/\/www.facebook.com\/panoramaciudadano\" \/>\n<meta property=\"article:published_time\" content=\"2024-10-07T17:48:45+00:00\" \/>\n<meta property=\"article:modified_time\" content=\"2024-10-07T17:48:46+00:00\" \/>\n<meta property=\"og:image\" content=\"https:\/\/panoramaciudadano.com\/wp-content\/uploads\/2024\/10\/WhatsApp-Image-2024-10-07-at-08.26.25.jpeg\" \/>\n\t<meta property=\"og:image:width\" content=\"720\" \/>\n\t<meta property=\"og:image:height\" content=\"573\" \/>\n\t<meta property=\"og:image:type\" content=\"image\/jpeg\" \/>\n<meta name=\"author\" content=\"admin\" \/>\n<meta name=\"twitter:card\" content=\"summary_large_image\" \/>\n<meta name=\"twitter:label1\" content=\"Escrito por\" \/>\n\t<meta name=\"twitter:data1\" content=\"admin\" \/>\n\t<meta name=\"twitter:label2\" content=\"Tiempo de lectura\" \/>\n\t<meta name=\"twitter:data2\" content=\"1 minuto\" \/>\n<script type=\"application\/ld+json\" class=\"yoast-schema-graph\">{\"@context\":\"https:\/\/schema.org\",\"@graph\":[{\"@type\":\"Article\",\"@id\":\"https:\/\/panoramaciudadano.com\/index.php\/2024\/10\/08\/abuelito-se-desvanece-en-playa-marlin-y-es-auxiliado-por-paramedicos-en-cancun\/#article\",\"isPartOf\":{\"@id\":\"https:\/\/panoramaciudadano.com\/index.php\/2024\/10\/08\/abuelito-se-desvanece-en-playa-marlin-y-es-auxiliado-por-paramedicos-en-cancun\/\"},\"author\":{\"name\":\"admin\",\"@id\":\"https:\/\/panoramaciudadano.com\/#\/schema\/person\/ffe9fe8ef47d3a93977b5761fd9e0d96\"},\"headline\":\"Abuelito se desvanece en playa Marl\u00edn y es auxiliado por param\u00e9dicos en Canc\u00fan\",\"datePublished\":\"2024-10-07T17:48:45+00:00\",\"dateModified\":\"2024-10-07T17:48:46+00:00\",\"mainEntityOfPage\":{\"@id\":\"https:\/\/panoramaciudadano.com\/index.php\/2024\/10\/08\/abuelito-se-desvanece-en-playa-marlin-y-es-auxiliado-por-paramedicos-en-cancun\/\"},\"wordCount\":95,\"commentCount\":0,\"publisher\":{\"@id\":\"https:\/\/panoramaciudadano.com\/#organization\"},\"image\":{\"@id\":\"https:\/\/panoramaciudadano.com\/index.php\/2024\/10\/08\/abuelito-se-desvanece-en-playa-marlin-y-es-auxiliado-por-paramedicos-en-cancun\/#primaryimage\"},\"thumbnailUrl\":\"https:\/\/panoramaciudadano.com\/wp-content\/uploads\/2024\/10\/WhatsApp-Image-2024-10-07-at-08.26.25.jpeg\",\"keywords\":[\"playa Marl\u00edn\"],\"articleSection\":[\"Canc\u00fan\"],\"inLanguage\":\"es\",\"potentialAction\":[{\"@type\":\"CommentAction\",\"name\":\"Comment\",\"target\":[\"https:\/\/panoramaciudadano.com\/index.php\/2024\/10\/08\/abuelito-se-desvanece-en-playa-marlin-y-es-auxiliado-por-paramedicos-en-cancun\/#respond\"]}]},{\"@type\":\"WebPage\",\"@id\":\"https:\/\/panoramaciudadano.com\/index.php\/2024\/10\/08\/abuelito-se-desvanece-en-playa-marlin-y-es-auxiliado-por-paramedicos-en-cancun\/\",\"url\":\"https:\/\/panoramaciudadano.com\/index.php\/2024\/10\/08\/abuelito-se-desvanece-en-playa-marlin-y-es-auxiliado-por-paramedicos-en-cancun\/\",\"name\":\"Abuelito se desvanece en playa Marl\u00edn y es auxiliado por param\u00e9dicos en Canc\u00fan - Panorama Ciudadano\",\"isPartOf\":{\"@id\":\"https:\/\/panoramaciudadano.com\/#website\"},\"primaryImageOfPage\":{\"@id\":\"https:\/\/panoramaciudadano.com\/index.php\/2024\/10\/08\/abuelito-se-desvanece-en-playa-marlin-y-es-auxiliado-por-paramedicos-en-cancun\/#primaryimage\"},\"image\":{\"@id\":\"https:\/\/panoramaciudadano.com\/index.php\/2024\/10\/08\/abuelito-se-desvanece-en-playa-marlin-y-es-auxiliado-por-paramedicos-en-cancun\/#primaryimage\"},\"thumbnailUrl\":\"https:\/\/panoramaciudadano.com\/wp-content\/uploads\/2024\/10\/WhatsApp-Image-2024-10-07-at-08.26.25.jpeg\",\"datePublished\":\"2024-10-07T17:48:45+00:00\",\"dateModified\":\"2024-10-07T17:48:46+00:00\",\"breadcrumb\":{\"@id\":\"https:\/\/panoramaciudadano.com\/index.php\/2024\/10\/08\/abuelito-se-desvanece-en-playa-marlin-y-es-auxiliado-por-paramedicos-en-cancun\/#breadcrumb\"},\"inLanguage\":\"es\",\"potentialAction\":[{\"@type\":\"ReadAction\",\"target\":[\"https:\/\/panoramaciudadano.com\/index.php\/2024\/10\/08\/abuelito-se-desvanece-en-playa-marlin-y-es-auxiliado-por-paramedicos-en-cancun\/\"]}]},{\"@type\":\"ImageObject\",\"inLanguage\":\"es\",\"@id\":\"https:\/\/panoramaciudadano.com\/index.php\/2024\/10\/08\/abuelito-se-desvanece-en-playa-marlin-y-es-auxiliado-por-paramedicos-en-cancun\/#primaryimage\",\"url\":\"https:\/\/panoramaciudadano.com\/wp-content\/uploads\/2024\/10\/WhatsApp-Image-2024-10-07-at-08.26.25.jpeg\",\"contentUrl\":\"https:\/\/panoramaciudadano.com\/wp-content\/uploads\/2024\/10\/WhatsApp-Image-2024-10-07-at-08.26.25.jpeg\",\"width\":720,\"height\":573},{\"@type\":\"BreadcrumbList\",\"@id\":\"https:\/\/panoramaciudadano.com\/index.php\/2024\/10\/08\/abuelito-se-desvanece-en-playa-marlin-y-es-auxiliado-por-paramedicos-en-cancun\/#breadcrumb\",\"itemListElement\":[{\"@type\":\"ListItem\",\"position\":1,\"name\":\"Portada\",\"item\":\"https:\/\/panoramaciudadano.com\/\"},{\"@type\":\"ListItem\",\"position\":2,\"name\":\"Abuelito se desvanece en playa Marl\u00edn y es auxiliado por param\u00e9dicos en Canc\u00fan\"}]},{\"@type\":\"WebSite\",\"@id\":\"https:\/\/panoramaciudadano.com\/#website\",\"url\":\"https:\/\/panoramaciudadano.com\/\",\"name\":\"Panorama Ciudadano\",\"description\":\"\",\"publisher\":{\"@id\":\"https:\/\/panoramaciudadano.com\/#organization\"},\"potentialAction\":[{\"@type\":\"SearchAction\",\"target\":{\"@type\":\"EntryPoint\",\"urlTemplate\":\"https:\/\/panoramaciudadano.com\/?s={search_term_string}\"},\"query-input\":{\"@type\":\"PropertyValueSpecification\",\"valueRequired\":true,\"valueName\":\"search_term_string\"}}],\"inLanguage\":\"es\"},{\"@type\":\"Organization\",\"@id\":\"https:\/\/panoramaciudadano.com\/#organization\",\"name\":\"Panorama Ciudadano\",\"url\":\"https:\/\/panoramaciudadano.com\/\",\"logo\":{\"@type\":\"ImageObject\",\"inLanguage\":\"es\",\"@id\":\"https:\/\/panoramaciudadano.com\/#\/schema\/logo\/image\/\",\"url\":\"https:\/\/panoramaciudadano.com\/wp-content\/uploads\/2024\/05\/401498640_919267042938564_6290593609399108733_n.jpg\",\"contentUrl\":\"https:\/\/panoramaciudadano.com\/wp-content\/uploads\/2024\/05\/401498640_919267042938564_6290593609399108733_n.jpg\",\"width\":960,\"height\":957,\"caption\":\"Panorama Ciudadano\"},\"image\":{\"@id\":\"https:\/\/panoramaciudadano.com\/#\/schema\/logo\/image\/\"},\"sameAs\":[\"https:\/\/www.facebook.com\/panoramaciudadano\"]},{\"@type\":\"Person\",\"@id\":\"https:\/\/panoramaciudadano.com\/#\/schema\/person\/ffe9fe8ef47d3a93977b5761fd9e0d96\",\"name\":\"admin\",\"image\":{\"@type\":\"ImageObject\",\"inLanguage\":\"es\",\"@id\":\"https:\/\/panoramaciudadano.com\/#\/schema\/person\/image\/\",\"url\":\"https:\/\/secure.gravatar.com\/avatar\/2d5a12cacce3f18096f25fadea8abb7202fef18ed669595589853e84260ff451?s=96&d=mm&r=g\",\"contentUrl\":\"https:\/\/secure.gravatar.com\/avatar\/2d5a12cacce3f18096f25fadea8abb7202fef18ed669595589853e84260ff451?s=96&d=mm&r=g\",\"caption\":\"admin\"},\"sameAs\":[\"https:\/\/panoramaciudadano.com\"],\"url\":\"https:\/\/panoramaciudadano.com\/index.php\/author\/admin_3q6hyqq3\/\"}]}<\/script>\n<!-- \/ Yoast SEO plugin. -->","yoast_head_json":{"title":"Abuelito se desvanece en playa Marl\u00edn y es auxiliado por param\u00e9dicos en Canc\u00fan - Panorama Ciudadano","robots":{"index":"index","follow":"follow","max-snippet":"max-snippet:-1","max-image-preview":"max-image-preview:large","max-video-preview":"max-video-preview:-1"},"canonical":"https:\/\/panoramaciudadano.com\/index.php\/2024\/10\/08\/abuelito-se-desvanece-en-playa-marlin-y-es-auxiliado-por-paramedicos-en-cancun\/","og_locale":"es_ES","og_type":"article","og_title":"Abuelito se desvanece en playa Marl\u00edn y es auxiliado por param\u00e9dicos en Canc\u00fan - Panorama Ciudadano","og_description":"Un abuelito fue auxiliado por param\u00e9dicos luego de que desvaneciera en playa Marl\u00edn.","og_url":"https:\/\/panoramaciudadano.com\/index.php\/2024\/10\/08\/abuelito-se-desvanece-en-playa-marlin-y-es-auxiliado-por-paramedicos-en-cancun\/","og_site_name":"Panorama Ciudadano","article_publisher":"https:\/\/www.facebook.com\/panoramaciudadano","article_published_time":"2024-10-07T17:48:45+00:00","article_modified_time":"2024-10-07T17:48:46+00:00","og_image":[{"width":720,"height":573,"url":"https:\/\/panoramaciudadano.com\/wp-content\/uploads\/2024\/10\/WhatsApp-Image-2024-10-07-at-08.26.25.jpeg","type":"image\/jpeg"}],"author":"admin","twitter_card":"summary_large_image","twitter_misc":{"Escrito por":"admin","Tiempo de lectura":"1 minuto"},"schema":{"@context":"https:\/\/schema.org","@graph":[{"@type":"Article","@id":"https:\/\/panoramaciudadano.com\/index.php\/2024\/10\/08\/abuelito-se-desvanece-en-playa-marlin-y-es-auxiliado-por-paramedicos-en-cancun\/#article","isPartOf":{"@id":"https:\/\/panoramaciudadano.com\/index.php\/2024\/10\/08\/abuelito-se-desvanece-en-playa-marlin-y-es-auxiliado-por-paramedicos-en-cancun\/"},"author":{"name":"admin","@id":"https:\/\/panoramaciudadano.com\/#\/schema\/person\/ffe9fe8ef47d3a93977b5761fd9e0d96"},"headline":"Abuelito se desvanece en playa Marl\u00edn y es auxiliado por param\u00e9dicos en Canc\u00fan","datePublished":"2024-10-07T17:48:45+00:00","dateModified":"2024-10-07T17:48:46+00:00","mainEntityOfPage":{"@id":"https:\/\/panoramaciudadano.com\/index.php\/2024\/10\/08\/abuelito-se-desvanece-en-playa-marlin-y-es-auxiliado-por-paramedicos-en-cancun\/"},"wordCount":95,"commentCount":0,"publisher":{"@id":"https:\/\/panoramaciudadano.com\/#organization"},"image":{"@id":"https:\/\/panoramaciudadano.com\/index.php\/2024\/10\/08\/abuelito-se-desvanece-en-playa-marlin-y-es-auxiliado-por-paramedicos-en-cancun\/#primaryimage"},"thumbnailUrl":"https:\/\/panoramaciudadano.com\/wp-content\/uploads\/2024\/10\/WhatsApp-Image-2024-10-07-at-08.26.25.jpeg","keywords":["playa Marl\u00edn"],"articleSection":["Canc\u00fan"],"inLanguage":"es","potentialAction":[{"@type":"CommentAction","name":"Comment","target":["https:\/\/panoramaciudadano.com\/index.php\/2024\/10\/08\/abuelito-se-desvanece-en-playa-marlin-y-es-auxiliado-por-paramedicos-en-cancun\/#respond"]}]},{"@type":"WebPage","@id":"https:\/\/panoramaciudadano.com\/index.php\/2024\/10\/08\/abuelito-se-desvanece-en-playa-marlin-y-es-auxiliado-por-paramedicos-en-cancun\/","url":"https:\/\/panoramaciudadano.com\/index.php\/2024\/10\/08\/abuelito-se-desvanece-en-playa-marlin-y-es-auxiliado-por-paramedicos-en-cancun\/","name":"Abuelito se desvanece en playa Marl\u00edn y es auxiliado por param\u00e9dicos en Canc\u00fan - Panorama Ciudadano","isPartOf":{"@id":"https:\/\/panoramaciudadano.com\/#website"},"primaryImageOfPage":{"@id":"https:\/\/panoramaciudadano.com\/index.php\/2024\/10\/08\/abuelito-se-desvanece-en-playa-marlin-y-es-auxiliado-por-paramedicos-en-cancun\/#primaryimage"},"image":{"@id":"https:\/\/panoramaciudadano.com\/index.php\/2024\/10\/08\/abuelito-se-desvanece-en-playa-marlin-y-es-auxiliado-por-paramedicos-en-cancun\/#primaryimage"},"thumbnailUrl":"https:\/\/panoramaciudadano.com\/wp-content\/uploads\/2024\/10\/WhatsApp-Image-2024-10-07-at-08.26.25.jpeg","datePublished":"2024-10-07T17:48:45+00:00","dateModified":"2024-10-07T17:48:46+00:00","breadcrumb":{"@id":"https:\/\/panoramaciudadano.com\/index.php\/2024\/10\/08\/abuelito-se-desvanece-en-playa-marlin-y-es-auxiliado-por-paramedicos-en-cancun\/#breadcrumb"},"inLanguage":"es","potentialAction":[{"@type":"ReadAction","target":["https:\/\/panoramaciudadano.com\/index.php\/2024\/10\/08\/abuelito-se-desvanece-en-playa-marlin-y-es-auxiliado-por-paramedicos-en-cancun\/"]}]},{"@type":"ImageObject","inLanguage":"es","@id":"https:\/\/panoramaciudadano.com\/index.php\/2024\/10\/08\/abuelito-se-desvanece-en-playa-marlin-y-es-auxiliado-por-paramedicos-en-cancun\/#primaryimage","url":"https:\/\/panoramaciudadano.com\/wp-content\/uploads\/2024\/10\/WhatsApp-Image-2024-10-07-at-08.26.25.jpeg","contentUrl":"https:\/\/panoramaciudadano.com\/wp-content\/uploads\/2024\/10\/WhatsApp-Image-2024-10-07-at-08.26.25.jpeg","width":720,"height":573},{"@type":"BreadcrumbList","@id":"https:\/\/panoramaciudadano.com\/index.php\/2024\/10\/08\/abuelito-se-desvanece-en-playa-marlin-y-es-auxiliado-por-paramedicos-en-cancun\/#breadcrumb","itemListElement":[{"@type":"ListItem","position":1,"name":"Portada","item":"https:\/\/panoramaciudadano.com\/"},{"@type":"ListItem","position":2,"name":"Abuelito se desvanece en playa Marl\u00edn y es auxiliado por param\u00e9dicos en Canc\u00fan"}]},{"@type":"WebSite","@id":"https:\/\/panoramaciudadano.com\/#website","url":"https:\/\/panoramaciudadano.com\/","name":"Panorama Ciudadano","description":"","publisher":{"@id":"https:\/\/panoramaciudadano.com\/#organization"},"potentialAction":[{"@type":"SearchAction","target":{"@type":"EntryPoint","urlTemplate":"https:\/\/panoramaciudadano.com\/?s={search_term_string}"},"query-input":{"@type":"PropertyValueSpecification","valueRequired":true,"valueName":"search_term_string"}}],"inLanguage":"es"},{"@type":"Organization","@id":"https:\/\/panoramaciudadano.com\/#organization","name":"Panorama Ciudadano","url":"https:\/\/panoramaciudadano.com\/","logo":{"@type":"ImageObject","inLanguage":"es","@id":"https:\/\/panoramaciudadano.com\/#\/schema\/logo\/image\/","url":"https:\/\/panoramaciudadano.com\/wp-content\/uploads\/2024\/05\/401498640_919267042938564_6290593609399108733_n.jpg","contentUrl":"https:\/\/panoramaciudadano.com\/wp-content\/uploads\/2024\/05\/401498640_919267042938564_6290593609399108733_n.jpg","width":960,"height":957,"caption":"Panorama Ciudadano"},"image":{"@id":"https:\/\/panoramaciudadano.com\/#\/schema\/logo\/image\/"},"sameAs":["https:\/\/www.facebook.com\/panoramaciudadano"]},{"@type":"Person","@id":"https:\/\/panoramaciudadano.com\/#\/schema\/person\/ffe9fe8ef47d3a93977b5761fd9e0d96","name":"admin","image":{"@type":"ImageObject","inLanguage":"es","@id":"https:\/\/panoramaciudadano.com\/#\/schema\/person\/image\/","url":"https:\/\/secure.gravatar.com\/avatar\/2d5a12cacce3f18096f25fadea8abb7202fef18ed669595589853e84260ff451?s=96&d=mm&r=g","contentUrl":"https:\/\/secure.gravatar.com\/avatar\/2d5a12cacce3f18096f25fadea8abb7202fef18ed669595589853e84260ff451?s=96&d=mm&r=g","caption":"admin"},"sameAs":["https:\/\/panoramaciudadano.com"],"url":"https:\/\/panoramaciudadano.com\/index.php\/author\/admin_3q6hyqq3\/"}]}},"_links":{"self":[{"href":"https:\/\/panoramaciudadano.com\/index.php\/wp-json\/wp\/v2\/posts\/4997","targetHints":{"allow":["GET"]}}],"collection":[{"href":"https:\/\/panoramaciudadano.com\/index.php\/wp-json\/wp\/v2\/posts"}],"about":[{"href":"https:\/\/panoramaciudadano.com\/index.php\/wp-json\/wp\/v2\/types\/post"}],"author":[{"embeddable":true,"href":"https:\/\/panoramaciudadano.com\/index.php\/wp-json\/wp\/v2\/users\/1"}],"replies":[{"embeddable":true,"href":"https:\/\/panoramaciudadano.com\/index.php\/wp-json\/wp\/v2\/comments?post=4997"}],"version-history":[{"count":1,"href":"https:\/\/panoramaciudadano.com\/index.php\/wp-json\/wp\/v2\/posts\/4997\/revisions"}],"predecessor-version":[{"id":4999,"href":"https:\/\/panoramaciudadano.com\/index.php\/wp-json\/wp\/v2\/posts\/4997\/revisions\/4999"}],"wp:featuredmedia":[{"embeddable":true,"href":"https:\/\/panoramaciudadano.com\/index.php\/wp-json\/wp\/v2\/media\/4998"}],"wp:attachment":[{"href":"https:\/\/panoramaciudadano.com\/index.php\/wp-json\/wp\/v2\/media?parent=4997"}],"wp:term":[{"taxonomy":"category","embeddable":true,"href":"https:\/\/panoramaciudadano.com\/index.php\/wp-json\/wp\/v2\/categories?post=4997"},{"taxonomy":"post_tag","embeddable":true,"href":"https:\/\/panoramaciudadano.com\/index.php\/wp-json\/wp\/v2\/tags?post=4997"}],"curies":[{"name":"wp","href":"https:\/\/api.w.org\/{rel}","templated":true}]}}