{"id":5000,"date":"2024-10-08T00:52:03","date_gmt":"2024-10-07T17:52:03","guid":{"rendered":"https:\/\/panoramaciudadano.com\/?p=5000"},"modified":"2024-10-08T00:52:05","modified_gmt":"2024-10-07T17:52:05","slug":"madre-e-hija-baleadas-en-su-vivienda-en-la-region-251-posible-conocido-entre-los-agresores","status":"publish","type":"post","link":"https:\/\/panoramaciudadano.com\/index.php\/2024\/10\/08\/madre-e-hija-baleadas-en-su-vivienda-en-la-region-251-posible-conocido-entre-los-agresores\/","title":{"rendered":"Madre e hija baleadas en su vivienda en la Regi\u00f3n 251; Posible conocido entre los agresores"},"content":{"rendered":"\n<figure class=\"wp-block-image size-large\"><img decoding=\"async\" width=\"1024\" height=\"698\" src=\"https:\/\/panoramaciudadano.com\/wp-content\/uploads\/2024\/10\/WhatsApp-Image-2024-10-07-at-08.26.41-1024x698.jpeg\" alt=\"\" class=\"wp-image-5001\" srcset=\"https:\/\/panoramaciudadano.com\/wp-content\/uploads\/2024\/10\/WhatsApp-Image-2024-10-07-at-08.26.41-1024x698.jpeg 1024w, https:\/\/panoramaciudadano.com\/wp-content\/uploads\/2024\/10\/WhatsApp-Image-2024-10-07-at-08.26.41-300x205.jpeg 300w, https:\/\/panoramaciudadano.com\/wp-content\/uploads\/2024\/10\/WhatsApp-Image-2024-10-07-at-08.26.41-768x524.jpeg 768w, https:\/\/panoramaciudadano.com\/wp-content\/uploads\/2024\/10\/WhatsApp-Image-2024-10-07-at-08.26.41.jpeg 1141w\" sizes=\"(max-width: 1024px) 100vw, 1024px\" \/><\/figure>\n\n\n\n<p>Madre e hija fueron el blanco de balazos en una vivienda de la regi\u00f3n 251, al parecer el agresor podr\u00eda conocido cercano de las v\u00edctimas.<\/p>\n\n\n\n<p>Esta tarde los polic\u00edas se activaron por los reportes emitidos al 911, para que apoyaran tras un atentado sobre la calle isla Capri con isla Madeira del fraccionamiento paseos del Mar.<\/p>\n\n\n\n<p>Un hombre armado agredi\u00f3 en tres ocasiones a dos mujeres entre ellas una menor de 12 a\u00f1os en las piernas, por lo que no esperaron y fueron llevadas por sus medios hasta el hospital general.<\/p>\n\n\n\n<p>Aunque se mencion\u00f3 que podr\u00eda ser un ataque directo, minutos m\u00e1s tarde un tercer lesionado de bala fue ingresado, pero este se encontraba con custodia policial por lo que no se descarta que pudiera ser el agresor.<\/p>\n\n\n\n<p>El caso ya fue turnado a la fiscal\u00eda general del estado quien ahora iniciar\u00e1 las diligencias para esclarecer el hecho de violencia.<\/p>\n","protected":false},"excerpt":{"rendered":"<p>Madre e hija fueron el blanco de balazos en una vivienda de la regi\u00f3n 251, al parecer el agresor podr\u00eda conocido cercano de las v\u00edctimas.<\/p>\n","protected":false},"author":1,"featured_media":5001,"comment_status":"open","ping_status":"closed","sticky":false,"template":"","format":"standard","meta":{"footnotes":""},"categories":[6],"tags":[1706],"class_list":["post-5000","post","type-post","status-publish","format-standard","has-post-thumbnail","hentry","category-cancun","tag-madre-e-hija-baleadas"],"yoast_head":"<!-- This site is optimized with the Yoast SEO plugin v27.1.1 - https:\/\/yoast.com\/product\/yoast-seo-wordpress\/ -->\n<title>Madre e hija baleadas en su vivienda en la Regi\u00f3n 251; Posible conocido entre los agresores - Panorama Ciudadano<\/title>\n<meta name=\"robots\" content=\"index, follow, max-snippet:-1, max-image-preview:large, max-video-preview:-1\" \/>\n<link rel=\"canonical\" href=\"https:\/\/panoramaciudadano.com\/index.php\/2024\/10\/08\/madre-e-hija-baleadas-en-su-vivienda-en-la-region-251-posible-conocido-entre-los-agresores\/\" \/>\n<meta property=\"og:locale\" content=\"es_ES\" \/>\n<meta property=\"og:type\" content=\"article\" \/>\n<meta property=\"og:title\" content=\"Madre e hija baleadas en su vivienda en la Regi\u00f3n 251; Posible conocido entre los agresores - Panorama Ciudadano\" \/>\n<meta property=\"og:description\" content=\"Madre e hija fueron el blanco de balazos en una vivienda de la regi\u00f3n 251, al parecer el agresor podr\u00eda conocido cercano de las v\u00edctimas.\" \/>\n<meta property=\"og:url\" content=\"https:\/\/panoramaciudadano.com\/index.php\/2024\/10\/08\/madre-e-hija-baleadas-en-su-vivienda-en-la-region-251-posible-conocido-entre-los-agresores\/\" \/>\n<meta property=\"og:site_name\" content=\"Panorama Ciudadano\" \/>\n<meta property=\"article:publisher\" content=\"https:\/\/www.facebook.com\/panoramaciudadano\" \/>\n<meta property=\"article:published_time\" content=\"2024-10-07T17:52:03+00:00\" \/>\n<meta property=\"article:modified_time\" content=\"2024-10-07T17:52:05+00:00\" \/>\n<meta property=\"og:image\" content=\"https:\/\/panoramaciudadano.com\/wp-content\/uploads\/2024\/10\/WhatsApp-Image-2024-10-07-at-08.26.41.jpeg\" \/>\n\t<meta property=\"og:image:width\" content=\"1141\" \/>\n\t<meta property=\"og:image:height\" content=\"778\" \/>\n\t<meta property=\"og:image:type\" content=\"image\/jpeg\" \/>\n<meta name=\"author\" content=\"admin\" \/>\n<meta name=\"twitter:card\" content=\"summary_large_image\" \/>\n<meta name=\"twitter:label1\" content=\"Escrito por\" \/>\n\t<meta name=\"twitter:data1\" content=\"admin\" \/>\n\t<meta name=\"twitter:label2\" content=\"Tiempo de lectura\" \/>\n\t<meta name=\"twitter:data2\" content=\"2 minutos\" \/>\n<script type=\"application\/ld+json\" class=\"yoast-schema-graph\">{\"@context\":\"https:\/\/schema.org\",\"@graph\":[{\"@type\":\"Article\",\"@id\":\"https:\/\/panoramaciudadano.com\/index.php\/2024\/10\/08\/madre-e-hija-baleadas-en-su-vivienda-en-la-region-251-posible-conocido-entre-los-agresores\/#article\",\"isPartOf\":{\"@id\":\"https:\/\/panoramaciudadano.com\/index.php\/2024\/10\/08\/madre-e-hija-baleadas-en-su-vivienda-en-la-region-251-posible-conocido-entre-los-agresores\/\"},\"author\":{\"name\":\"admin\",\"@id\":\"https:\/\/panoramaciudadano.com\/#\/schema\/person\/ffe9fe8ef47d3a93977b5761fd9e0d96\"},\"headline\":\"Madre e hija baleadas en su vivienda en la Regi\u00f3n 251; Posible conocido entre los agresores\",\"datePublished\":\"2024-10-07T17:52:03+00:00\",\"dateModified\":\"2024-10-07T17:52:05+00:00\",\"mainEntityOfPage\":{\"@id\":\"https:\/\/panoramaciudadano.com\/index.php\/2024\/10\/08\/madre-e-hija-baleadas-en-su-vivienda-en-la-region-251-posible-conocido-entre-los-agresores\/\"},\"wordCount\":171,\"commentCount\":0,\"publisher\":{\"@id\":\"https:\/\/panoramaciudadano.com\/#organization\"},\"image\":{\"@id\":\"https:\/\/panoramaciudadano.com\/index.php\/2024\/10\/08\/madre-e-hija-baleadas-en-su-vivienda-en-la-region-251-posible-conocido-entre-los-agresores\/#primaryimage\"},\"thumbnailUrl\":\"https:\/\/panoramaciudadano.com\/wp-content\/uploads\/2024\/10\/WhatsApp-Image-2024-10-07-at-08.26.41.jpeg\",\"keywords\":[\"madre e hija baleadas\"],\"articleSection\":[\"Canc\u00fan\"],\"inLanguage\":\"es\",\"potentialAction\":[{\"@type\":\"CommentAction\",\"name\":\"Comment\",\"target\":[\"https:\/\/panoramaciudadano.com\/index.php\/2024\/10\/08\/madre-e-hija-baleadas-en-su-vivienda-en-la-region-251-posible-conocido-entre-los-agresores\/#respond\"]}]},{\"@type\":\"WebPage\",\"@id\":\"https:\/\/panoramaciudadano.com\/index.php\/2024\/10\/08\/madre-e-hija-baleadas-en-su-vivienda-en-la-region-251-posible-conocido-entre-los-agresores\/\",\"url\":\"https:\/\/panoramaciudadano.com\/index.php\/2024\/10\/08\/madre-e-hija-baleadas-en-su-vivienda-en-la-region-251-posible-conocido-entre-los-agresores\/\",\"name\":\"Madre e hija baleadas en su vivienda en la Regi\u00f3n 251; Posible conocido entre los agresores - Panorama Ciudadano\",\"isPartOf\":{\"@id\":\"https:\/\/panoramaciudadano.com\/#website\"},\"primaryImageOfPage\":{\"@id\":\"https:\/\/panoramaciudadano.com\/index.php\/2024\/10\/08\/madre-e-hija-baleadas-en-su-vivienda-en-la-region-251-posible-conocido-entre-los-agresores\/#primaryimage\"},\"image\":{\"@id\":\"https:\/\/panoramaciudadano.com\/index.php\/2024\/10\/08\/madre-e-hija-baleadas-en-su-vivienda-en-la-region-251-posible-conocido-entre-los-agresores\/#primaryimage\"},\"thumbnailUrl\":\"https:\/\/panoramaciudadano.com\/wp-content\/uploads\/2024\/10\/WhatsApp-Image-2024-10-07-at-08.26.41.jpeg\",\"datePublished\":\"2024-10-07T17:52:03+00:00\",\"dateModified\":\"2024-10-07T17:52:05+00:00\",\"breadcrumb\":{\"@id\":\"https:\/\/panoramaciudadano.com\/index.php\/2024\/10\/08\/madre-e-hija-baleadas-en-su-vivienda-en-la-region-251-posible-conocido-entre-los-agresores\/#breadcrumb\"},\"inLanguage\":\"es\",\"potentialAction\":[{\"@type\":\"ReadAction\",\"target\":[\"https:\/\/panoramaciudadano.com\/index.php\/2024\/10\/08\/madre-e-hija-baleadas-en-su-vivienda-en-la-region-251-posible-conocido-entre-los-agresores\/\"]}]},{\"@type\":\"ImageObject\",\"inLanguage\":\"es\",\"@id\":\"https:\/\/panoramaciudadano.com\/index.php\/2024\/10\/08\/madre-e-hija-baleadas-en-su-vivienda-en-la-region-251-posible-conocido-entre-los-agresores\/#primaryimage\",\"url\":\"https:\/\/panoramaciudadano.com\/wp-content\/uploads\/2024\/10\/WhatsApp-Image-2024-10-07-at-08.26.41.jpeg\",\"contentUrl\":\"https:\/\/panoramaciudadano.com\/wp-content\/uploads\/2024\/10\/WhatsApp-Image-2024-10-07-at-08.26.41.jpeg\",\"width\":1141,\"height\":778},{\"@type\":\"BreadcrumbList\",\"@id\":\"https:\/\/panoramaciudadano.com\/index.php\/2024\/10\/08\/madre-e-hija-baleadas-en-su-vivienda-en-la-region-251-posible-conocido-entre-los-agresores\/#breadcrumb\",\"itemListElement\":[{\"@type\":\"ListItem\",\"position\":1,\"name\":\"Portada\",\"item\":\"https:\/\/panoramaciudadano.com\/\"},{\"@type\":\"ListItem\",\"position\":2,\"name\":\"Madre e hija baleadas en su vivienda en la Regi\u00f3n 251; Posible conocido entre los agresores\"}]},{\"@type\":\"WebSite\",\"@id\":\"https:\/\/panoramaciudadano.com\/#website\",\"url\":\"https:\/\/panoramaciudadano.com\/\",\"name\":\"Panorama Ciudadano\",\"description\":\"\",\"publisher\":{\"@id\":\"https:\/\/panoramaciudadano.com\/#organization\"},\"potentialAction\":[{\"@type\":\"SearchAction\",\"target\":{\"@type\":\"EntryPoint\",\"urlTemplate\":\"https:\/\/panoramaciudadano.com\/?s={search_term_string}\"},\"query-input\":{\"@type\":\"PropertyValueSpecification\",\"valueRequired\":true,\"valueName\":\"search_term_string\"}}],\"inLanguage\":\"es\"},{\"@type\":\"Organization\",\"@id\":\"https:\/\/panoramaciudadano.com\/#organization\",\"name\":\"Panorama Ciudadano\",\"url\":\"https:\/\/panoramaciudadano.com\/\",\"logo\":{\"@type\":\"ImageObject\",\"inLanguage\":\"es\",\"@id\":\"https:\/\/panoramaciudadano.com\/#\/schema\/logo\/image\/\",\"url\":\"https:\/\/panoramaciudadano.com\/wp-content\/uploads\/2024\/05\/401498640_919267042938564_6290593609399108733_n.jpg\",\"contentUrl\":\"https:\/\/panoramaciudadano.com\/wp-content\/uploads\/2024\/05\/401498640_919267042938564_6290593609399108733_n.jpg\",\"width\":960,\"height\":957,\"caption\":\"Panorama Ciudadano\"},\"image\":{\"@id\":\"https:\/\/panoramaciudadano.com\/#\/schema\/logo\/image\/\"},\"sameAs\":[\"https:\/\/www.facebook.com\/panoramaciudadano\"]},{\"@type\":\"Person\",\"@id\":\"https:\/\/panoramaciudadano.com\/#\/schema\/person\/ffe9fe8ef47d3a93977b5761fd9e0d96\",\"name\":\"admin\",\"image\":{\"@type\":\"ImageObject\",\"inLanguage\":\"es\",\"@id\":\"https:\/\/panoramaciudadano.com\/#\/schema\/person\/image\/\",\"url\":\"https:\/\/secure.gravatar.com\/avatar\/2d5a12cacce3f18096f25fadea8abb7202fef18ed669595589853e84260ff451?s=96&d=mm&r=g\",\"contentUrl\":\"https:\/\/secure.gravatar.com\/avatar\/2d5a12cacce3f18096f25fadea8abb7202fef18ed669595589853e84260ff451?s=96&d=mm&r=g\",\"caption\":\"admin\"},\"sameAs\":[\"https:\/\/panoramaciudadano.com\"],\"url\":\"https:\/\/panoramaciudadano.com\/index.php\/author\/admin_3q6hyqq3\/\"}]}<\/script>\n<!-- \/ Yoast SEO plugin. -->","yoast_head_json":{"title":"Madre e hija baleadas en su vivienda en la Regi\u00f3n 251; Posible conocido entre los agresores - Panorama Ciudadano","robots":{"index":"index","follow":"follow","max-snippet":"max-snippet:-1","max-image-preview":"max-image-preview:large","max-video-preview":"max-video-preview:-1"},"canonical":"https:\/\/panoramaciudadano.com\/index.php\/2024\/10\/08\/madre-e-hija-baleadas-en-su-vivienda-en-la-region-251-posible-conocido-entre-los-agresores\/","og_locale":"es_ES","og_type":"article","og_title":"Madre e hija baleadas en su vivienda en la Regi\u00f3n 251; Posible conocido entre los agresores - Panorama Ciudadano","og_description":"Madre e hija fueron el blanco de balazos en una vivienda de la regi\u00f3n 251, al parecer el agresor podr\u00eda conocido cercano de las v\u00edctimas.","og_url":"https:\/\/panoramaciudadano.com\/index.php\/2024\/10\/08\/madre-e-hija-baleadas-en-su-vivienda-en-la-region-251-posible-conocido-entre-los-agresores\/","og_site_name":"Panorama Ciudadano","article_publisher":"https:\/\/www.facebook.com\/panoramaciudadano","article_published_time":"2024-10-07T17:52:03+00:00","article_modified_time":"2024-10-07T17:52:05+00:00","og_image":[{"width":1141,"height":778,"url":"https:\/\/panoramaciudadano.com\/wp-content\/uploads\/2024\/10\/WhatsApp-Image-2024-10-07-at-08.26.41.jpeg","type":"image\/jpeg"}],"author":"admin","twitter_card":"summary_large_image","twitter_misc":{"Escrito por":"admin","Tiempo de lectura":"2 minutos"},"schema":{"@context":"https:\/\/schema.org","@graph":[{"@type":"Article","@id":"https:\/\/panoramaciudadano.com\/index.php\/2024\/10\/08\/madre-e-hija-baleadas-en-su-vivienda-en-la-region-251-posible-conocido-entre-los-agresores\/#article","isPartOf":{"@id":"https:\/\/panoramaciudadano.com\/index.php\/2024\/10\/08\/madre-e-hija-baleadas-en-su-vivienda-en-la-region-251-posible-conocido-entre-los-agresores\/"},"author":{"name":"admin","@id":"https:\/\/panoramaciudadano.com\/#\/schema\/person\/ffe9fe8ef47d3a93977b5761fd9e0d96"},"headline":"Madre e hija baleadas en su vivienda en la Regi\u00f3n 251; Posible conocido entre los agresores","datePublished":"2024-10-07T17:52:03+00:00","dateModified":"2024-10-07T17:52:05+00:00","mainEntityOfPage":{"@id":"https:\/\/panoramaciudadano.com\/index.php\/2024\/10\/08\/madre-e-hija-baleadas-en-su-vivienda-en-la-region-251-posible-conocido-entre-los-agresores\/"},"wordCount":171,"commentCount":0,"publisher":{"@id":"https:\/\/panoramaciudadano.com\/#organization"},"image":{"@id":"https:\/\/panoramaciudadano.com\/index.php\/2024\/10\/08\/madre-e-hija-baleadas-en-su-vivienda-en-la-region-251-posible-conocido-entre-los-agresores\/#primaryimage"},"thumbnailUrl":"https:\/\/panoramaciudadano.com\/wp-content\/uploads\/2024\/10\/WhatsApp-Image-2024-10-07-at-08.26.41.jpeg","keywords":["madre e hija baleadas"],"articleSection":["Canc\u00fan"],"inLanguage":"es","potentialAction":[{"@type":"CommentAction","name":"Comment","target":["https:\/\/panoramaciudadano.com\/index.php\/2024\/10\/08\/madre-e-hija-baleadas-en-su-vivienda-en-la-region-251-posible-conocido-entre-los-agresores\/#respond"]}]},{"@type":"WebPage","@id":"https:\/\/panoramaciudadano.com\/index.php\/2024\/10\/08\/madre-e-hija-baleadas-en-su-vivienda-en-la-region-251-posible-conocido-entre-los-agresores\/","url":"https:\/\/panoramaciudadano.com\/index.php\/2024\/10\/08\/madre-e-hija-baleadas-en-su-vivienda-en-la-region-251-posible-conocido-entre-los-agresores\/","name":"Madre e hija baleadas en su vivienda en la Regi\u00f3n 251; Posible conocido entre los agresores - Panorama Ciudadano","isPartOf":{"@id":"https:\/\/panoramaciudadano.com\/#website"},"primaryImageOfPage":{"@id":"https:\/\/panoramaciudadano.com\/index.php\/2024\/10\/08\/madre-e-hija-baleadas-en-su-vivienda-en-la-region-251-posible-conocido-entre-los-agresores\/#primaryimage"},"image":{"@id":"https:\/\/panoramaciudadano.com\/index.php\/2024\/10\/08\/madre-e-hija-baleadas-en-su-vivienda-en-la-region-251-posible-conocido-entre-los-agresores\/#primaryimage"},"thumbnailUrl":"https:\/\/panoramaciudadano.com\/wp-content\/uploads\/2024\/10\/WhatsApp-Image-2024-10-07-at-08.26.41.jpeg","datePublished":"2024-10-07T17:52:03+00:00","dateModified":"2024-10-07T17:52:05+00:00","breadcrumb":{"@id":"https:\/\/panoramaciudadano.com\/index.php\/2024\/10\/08\/madre-e-hija-baleadas-en-su-vivienda-en-la-region-251-posible-conocido-entre-los-agresores\/#breadcrumb"},"inLanguage":"es","potentialAction":[{"@type":"ReadAction","target":["https:\/\/panoramaciudadano.com\/index.php\/2024\/10\/08\/madre-e-hija-baleadas-en-su-vivienda-en-la-region-251-posible-conocido-entre-los-agresores\/"]}]},{"@type":"ImageObject","inLanguage":"es","@id":"https:\/\/panoramaciudadano.com\/index.php\/2024\/10\/08\/madre-e-hija-baleadas-en-su-vivienda-en-la-region-251-posible-conocido-entre-los-agresores\/#primaryimage","url":"https:\/\/panoramaciudadano.com\/wp-content\/uploads\/2024\/10\/WhatsApp-Image-2024-10-07-at-08.26.41.jpeg","contentUrl":"https:\/\/panoramaciudadano.com\/wp-content\/uploads\/2024\/10\/WhatsApp-Image-2024-10-07-at-08.26.41.jpeg","width":1141,"height":778},{"@type":"BreadcrumbList","@id":"https:\/\/panoramaciudadano.com\/index.php\/2024\/10\/08\/madre-e-hija-baleadas-en-su-vivienda-en-la-region-251-posible-conocido-entre-los-agresores\/#breadcrumb","itemListElement":[{"@type":"ListItem","position":1,"name":"Portada","item":"https:\/\/panoramaciudadano.com\/"},{"@type":"ListItem","position":2,"name":"Madre e hija baleadas en su vivienda en la Regi\u00f3n 251; Posible conocido entre los agresores"}]},{"@type":"WebSite","@id":"https:\/\/panoramaciudadano.com\/#website","url":"https:\/\/panoramaciudadano.com\/","name":"Panorama Ciudadano","description":"","publisher":{"@id":"https:\/\/panoramaciudadano.com\/#organization"},"potentialAction":[{"@type":"SearchAction","target":{"@type":"EntryPoint","urlTemplate":"https:\/\/panoramaciudadano.com\/?s={search_term_string}"},"query-input":{"@type":"PropertyValueSpecification","valueRequired":true,"valueName":"search_term_string"}}],"inLanguage":"es"},{"@type":"Organization","@id":"https:\/\/panoramaciudadano.com\/#organization","name":"Panorama Ciudadano","url":"https:\/\/panoramaciudadano.com\/","logo":{"@type":"ImageObject","inLanguage":"es","@id":"https:\/\/panoramaciudadano.com\/#\/schema\/logo\/image\/","url":"https:\/\/panoramaciudadano.com\/wp-content\/uploads\/2024\/05\/401498640_919267042938564_6290593609399108733_n.jpg","contentUrl":"https:\/\/panoramaciudadano.com\/wp-content\/uploads\/2024\/05\/401498640_919267042938564_6290593609399108733_n.jpg","width":960,"height":957,"caption":"Panorama Ciudadano"},"image":{"@id":"https:\/\/panoramaciudadano.com\/#\/schema\/logo\/image\/"},"sameAs":["https:\/\/www.facebook.com\/panoramaciudadano"]},{"@type":"Person","@id":"https:\/\/panoramaciudadano.com\/#\/schema\/person\/ffe9fe8ef47d3a93977b5761fd9e0d96","name":"admin","image":{"@type":"ImageObject","inLanguage":"es","@id":"https:\/\/panoramaciudadano.com\/#\/schema\/person\/image\/","url":"https:\/\/secure.gravatar.com\/avatar\/2d5a12cacce3f18096f25fadea8abb7202fef18ed669595589853e84260ff451?s=96&d=mm&r=g","contentUrl":"https:\/\/secure.gravatar.com\/avatar\/2d5a12cacce3f18096f25fadea8abb7202fef18ed669595589853e84260ff451?s=96&d=mm&r=g","caption":"admin"},"sameAs":["https:\/\/panoramaciudadano.com"],"url":"https:\/\/panoramaciudadano.com\/index.php\/author\/admin_3q6hyqq3\/"}]}},"_links":{"self":[{"href":"https:\/\/panoramaciudadano.com\/index.php\/wp-json\/wp\/v2\/posts\/5000","targetHints":{"allow":["GET"]}}],"collection":[{"href":"https:\/\/panoramaciudadano.com\/index.php\/wp-json\/wp\/v2\/posts"}],"about":[{"href":"https:\/\/panoramaciudadano.com\/index.php\/wp-json\/wp\/v2\/types\/post"}],"author":[{"embeddable":true,"href":"https:\/\/panoramaciudadano.com\/index.php\/wp-json\/wp\/v2\/users\/1"}],"replies":[{"embeddable":true,"href":"https:\/\/panoramaciudadano.com\/index.php\/wp-json\/wp\/v2\/comments?post=5000"}],"version-history":[{"count":1,"href":"https:\/\/panoramaciudadano.com\/index.php\/wp-json\/wp\/v2\/posts\/5000\/revisions"}],"predecessor-version":[{"id":5002,"href":"https:\/\/panoramaciudadano.com\/index.php\/wp-json\/wp\/v2\/posts\/5000\/revisions\/5002"}],"wp:featuredmedia":[{"embeddable":true,"href":"https:\/\/panoramaciudadano.com\/index.php\/wp-json\/wp\/v2\/media\/5001"}],"wp:attachment":[{"href":"https:\/\/panoramaciudadano.com\/index.php\/wp-json\/wp\/v2\/media?parent=5000"}],"wp:term":[{"taxonomy":"category","embeddable":true,"href":"https:\/\/panoramaciudadano.com\/index.php\/wp-json\/wp\/v2\/categories?post=5000"},{"taxonomy":"post_tag","embeddable":true,"href":"https:\/\/panoramaciudadano.com\/index.php\/wp-json\/wp\/v2\/tags?post=5000"}],"curies":[{"name":"wp","href":"https:\/\/api.w.org\/{rel}","templated":true}]}}