{"id":5027,"date":"2024-10-09T23:45:27","date_gmt":"2024-10-09T16:45:27","guid":{"rendered":"https:\/\/panoramaciudadano.com\/?p=5027"},"modified":"2024-10-09T23:45:29","modified_gmt":"2024-10-09T16:45:29","slug":"rescatan-a-victima-de-secuestro-en-la-region-215-detienen-a-dos-sospechosos-en-operativo-policiaco","status":"publish","type":"post","link":"https:\/\/panoramaciudadano.com\/index.php\/2024\/10\/09\/rescatan-a-victima-de-secuestro-en-la-region-215-detienen-a-dos-sospechosos-en-operativo-policiaco\/","title":{"rendered":"Rescatan a v\u00edctima de secuestro en la regi\u00f3n 215; detienen a dos sospechosos en operativo policiaco"},"content":{"rendered":"\n<figure class=\"wp-block-gallery has-nested-images columns-default is-cropped wp-block-gallery-1 is-layout-flex wp-block-gallery-is-layout-flex\">\n<figure class=\"wp-block-image size-large\"><img decoding=\"async\" width=\"1024\" height=\"768\" data-id=\"5028\" src=\"https:\/\/panoramaciudadano.com\/wp-content\/uploads\/2024\/10\/WhatsApp-Image-2024-10-08-at-20.47.52-1024x768.jpeg\" alt=\"\" class=\"wp-image-5028\" srcset=\"https:\/\/panoramaciudadano.com\/wp-content\/uploads\/2024\/10\/WhatsApp-Image-2024-10-08-at-20.47.52-1024x768.jpeg 1024w, https:\/\/panoramaciudadano.com\/wp-content\/uploads\/2024\/10\/WhatsApp-Image-2024-10-08-at-20.47.52-300x225.jpeg 300w, https:\/\/panoramaciudadano.com\/wp-content\/uploads\/2024\/10\/WhatsApp-Image-2024-10-08-at-20.47.52-768x576.jpeg 768w, https:\/\/panoramaciudadano.com\/wp-content\/uploads\/2024\/10\/WhatsApp-Image-2024-10-08-at-20.47.52-1536x1152.jpeg 1536w, https:\/\/panoramaciudadano.com\/wp-content\/uploads\/2024\/10\/WhatsApp-Image-2024-10-08-at-20.47.52.jpeg 1600w\" sizes=\"(max-width: 1024px) 100vw, 1024px\" \/><\/figure>\n<\/figure>\n\n\n\n<p>Una privaci\u00f3n de la libertad de un sujeto en la Regi\u00f3n 215, origin\u00f3 una intensa movilizaci\u00f3n policiaca de los tres \u00f3rdenes de gobierno que concluy\u00f3 en el fraccionamiento Para\u00edso Maya con el rescate de la v\u00edctima y la detenci\u00f3n de dos sospechosos.<\/p>\n\n\n\n<p>Los hechos se dieron sobre la avenida 20 de noviembre a la altura de los condominios Brisas, de la regi\u00f3n 215, donde se report\u00f3 que sujetos armados subieron a la fuerza a una persona en una camioneta, Voyager, azul.<\/p>\n\n\n\n<p>Mediante las c\u00e1maras del C5 fue localizada la unidad sospechosa que circulaba sobre la avenida Lakin con direcci\u00f3n al perif\u00e9rico, por lo que se inici\u00f3 una persecuci\u00f3n.<\/p>\n\n\n\n<p>El operativo lleg\u00f3 hasta la regi\u00f3n 107, en el fraccionamiento Para\u00edso Maya, donde fue asegurada la camioneta y detuvieron a dos sujetos, que vest\u00edan botas t\u00e1cticas.<\/p>\n\n\n\n<p>Tambi\u00e9n liberaron a un sujeto que estaba esposado de pies y manos, el cual fue llevado a la base del Ilat para su atenci\u00f3n m\u00e9dica.<\/p>\n","protected":false},"excerpt":{"rendered":"<p>Una privaci\u00f3n de la libertad de un sujeto en la Regi\u00f3n 215, origin\u00f3 una intensa movilizaci\u00f3n policiaca de los tres \u00f3rdenes de gobierno que concluy\u00f3 en el fraccionamiento Para\u00edso Maya con el rescate de la v\u00edctima y la detenci\u00f3n de dos sospechosos.<\/p>\n","protected":false},"author":1,"featured_media":5028,"comment_status":"open","ping_status":"closed","sticky":false,"template":"","format":"standard","meta":{"footnotes":""},"categories":[6],"tags":[1708],"class_list":["post-5027","post","type-post","status-publish","format-standard","has-post-thumbnail","hentry","category-cancun","tag-secuestro-en-la-region-215"],"yoast_head":"<!-- This site is optimized with the Yoast SEO plugin v27.1.1 - https:\/\/yoast.com\/product\/yoast-seo-wordpress\/ -->\n<title>Rescatan a v\u00edctima de secuestro en la regi\u00f3n 215; detienen a dos sospechosos en operativo policiaco - Panorama Ciudadano<\/title>\n<meta name=\"robots\" content=\"index, follow, max-snippet:-1, max-image-preview:large, max-video-preview:-1\" \/>\n<link rel=\"canonical\" href=\"https:\/\/panoramaciudadano.com\/index.php\/2024\/10\/09\/rescatan-a-victima-de-secuestro-en-la-region-215-detienen-a-dos-sospechosos-en-operativo-policiaco\/\" \/>\n<meta property=\"og:locale\" content=\"es_ES\" \/>\n<meta property=\"og:type\" content=\"article\" \/>\n<meta property=\"og:title\" content=\"Rescatan a v\u00edctima de secuestro en la regi\u00f3n 215; detienen a dos sospechosos en operativo policiaco - Panorama Ciudadano\" \/>\n<meta property=\"og:description\" content=\"Una privaci\u00f3n de la libertad de un sujeto en la Regi\u00f3n 215, origin\u00f3 una intensa movilizaci\u00f3n policiaca de los tres \u00f3rdenes de gobierno que concluy\u00f3 en el fraccionamiento Para\u00edso Maya con el rescate de la v\u00edctima y la detenci\u00f3n de dos sospechosos.\" \/>\n<meta property=\"og:url\" content=\"https:\/\/panoramaciudadano.com\/index.php\/2024\/10\/09\/rescatan-a-victima-de-secuestro-en-la-region-215-detienen-a-dos-sospechosos-en-operativo-policiaco\/\" \/>\n<meta property=\"og:site_name\" content=\"Panorama Ciudadano\" \/>\n<meta property=\"article:publisher\" content=\"https:\/\/www.facebook.com\/panoramaciudadano\" \/>\n<meta property=\"article:published_time\" content=\"2024-10-09T16:45:27+00:00\" \/>\n<meta property=\"article:modified_time\" content=\"2024-10-09T16:45:29+00:00\" \/>\n<meta property=\"og:image\" content=\"https:\/\/panoramaciudadano.com\/wp-content\/uploads\/2024\/10\/WhatsApp-Image-2024-10-08-at-20.47.52.jpeg\" \/>\n\t<meta property=\"og:image:width\" content=\"1600\" \/>\n\t<meta property=\"og:image:height\" content=\"1200\" \/>\n\t<meta property=\"og:image:type\" content=\"image\/jpeg\" \/>\n<meta name=\"author\" content=\"admin\" \/>\n<meta name=\"twitter:card\" content=\"summary_large_image\" \/>\n<meta name=\"twitter:label1\" content=\"Escrito por\" \/>\n\t<meta name=\"twitter:data1\" content=\"admin\" \/>\n\t<meta name=\"twitter:label2\" content=\"Tiempo de lectura\" \/>\n\t<meta name=\"twitter:data2\" content=\"2 minutos\" \/>\n<script type=\"application\/ld+json\" class=\"yoast-schema-graph\">{\"@context\":\"https:\/\/schema.org\",\"@graph\":[{\"@type\":\"Article\",\"@id\":\"https:\/\/panoramaciudadano.com\/index.php\/2024\/10\/09\/rescatan-a-victima-de-secuestro-en-la-region-215-detienen-a-dos-sospechosos-en-operativo-policiaco\/#article\",\"isPartOf\":{\"@id\":\"https:\/\/panoramaciudadano.com\/index.php\/2024\/10\/09\/rescatan-a-victima-de-secuestro-en-la-region-215-detienen-a-dos-sospechosos-en-operativo-policiaco\/\"},\"author\":{\"name\":\"admin\",\"@id\":\"https:\/\/panoramaciudadano.com\/#\/schema\/person\/ffe9fe8ef47d3a93977b5761fd9e0d96\"},\"headline\":\"Rescatan a v\u00edctima de secuestro en la regi\u00f3n 215; detienen a dos sospechosos en operativo policiaco\",\"datePublished\":\"2024-10-09T16:45:27+00:00\",\"dateModified\":\"2024-10-09T16:45:29+00:00\",\"mainEntityOfPage\":{\"@id\":\"https:\/\/panoramaciudadano.com\/index.php\/2024\/10\/09\/rescatan-a-victima-de-secuestro-en-la-region-215-detienen-a-dos-sospechosos-en-operativo-policiaco\/\"},\"wordCount\":190,\"commentCount\":0,\"publisher\":{\"@id\":\"https:\/\/panoramaciudadano.com\/#organization\"},\"image\":{\"@id\":\"https:\/\/panoramaciudadano.com\/index.php\/2024\/10\/09\/rescatan-a-victima-de-secuestro-en-la-region-215-detienen-a-dos-sospechosos-en-operativo-policiaco\/#primaryimage\"},\"thumbnailUrl\":\"https:\/\/panoramaciudadano.com\/wp-content\/uploads\/2024\/10\/WhatsApp-Image-2024-10-08-at-20.47.52.jpeg\",\"keywords\":[\"secuestro en la regi\u00f3n 215\"],\"articleSection\":[\"Canc\u00fan\"],\"inLanguage\":\"es\",\"potentialAction\":[{\"@type\":\"CommentAction\",\"name\":\"Comment\",\"target\":[\"https:\/\/panoramaciudadano.com\/index.php\/2024\/10\/09\/rescatan-a-victima-de-secuestro-en-la-region-215-detienen-a-dos-sospechosos-en-operativo-policiaco\/#respond\"]}]},{\"@type\":\"WebPage\",\"@id\":\"https:\/\/panoramaciudadano.com\/index.php\/2024\/10\/09\/rescatan-a-victima-de-secuestro-en-la-region-215-detienen-a-dos-sospechosos-en-operativo-policiaco\/\",\"url\":\"https:\/\/panoramaciudadano.com\/index.php\/2024\/10\/09\/rescatan-a-victima-de-secuestro-en-la-region-215-detienen-a-dos-sospechosos-en-operativo-policiaco\/\",\"name\":\"Rescatan a v\u00edctima de secuestro en la regi\u00f3n 215; detienen a dos sospechosos en operativo policiaco - Panorama Ciudadano\",\"isPartOf\":{\"@id\":\"https:\/\/panoramaciudadano.com\/#website\"},\"primaryImageOfPage\":{\"@id\":\"https:\/\/panoramaciudadano.com\/index.php\/2024\/10\/09\/rescatan-a-victima-de-secuestro-en-la-region-215-detienen-a-dos-sospechosos-en-operativo-policiaco\/#primaryimage\"},\"image\":{\"@id\":\"https:\/\/panoramaciudadano.com\/index.php\/2024\/10\/09\/rescatan-a-victima-de-secuestro-en-la-region-215-detienen-a-dos-sospechosos-en-operativo-policiaco\/#primaryimage\"},\"thumbnailUrl\":\"https:\/\/panoramaciudadano.com\/wp-content\/uploads\/2024\/10\/WhatsApp-Image-2024-10-08-at-20.47.52.jpeg\",\"datePublished\":\"2024-10-09T16:45:27+00:00\",\"dateModified\":\"2024-10-09T16:45:29+00:00\",\"breadcrumb\":{\"@id\":\"https:\/\/panoramaciudadano.com\/index.php\/2024\/10\/09\/rescatan-a-victima-de-secuestro-en-la-region-215-detienen-a-dos-sospechosos-en-operativo-policiaco\/#breadcrumb\"},\"inLanguage\":\"es\",\"potentialAction\":[{\"@type\":\"ReadAction\",\"target\":[\"https:\/\/panoramaciudadano.com\/index.php\/2024\/10\/09\/rescatan-a-victima-de-secuestro-en-la-region-215-detienen-a-dos-sospechosos-en-operativo-policiaco\/\"]}]},{\"@type\":\"ImageObject\",\"inLanguage\":\"es\",\"@id\":\"https:\/\/panoramaciudadano.com\/index.php\/2024\/10\/09\/rescatan-a-victima-de-secuestro-en-la-region-215-detienen-a-dos-sospechosos-en-operativo-policiaco\/#primaryimage\",\"url\":\"https:\/\/panoramaciudadano.com\/wp-content\/uploads\/2024\/10\/WhatsApp-Image-2024-10-08-at-20.47.52.jpeg\",\"contentUrl\":\"https:\/\/panoramaciudadano.com\/wp-content\/uploads\/2024\/10\/WhatsApp-Image-2024-10-08-at-20.47.52.jpeg\",\"width\":1600,\"height\":1200},{\"@type\":\"BreadcrumbList\",\"@id\":\"https:\/\/panoramaciudadano.com\/index.php\/2024\/10\/09\/rescatan-a-victima-de-secuestro-en-la-region-215-detienen-a-dos-sospechosos-en-operativo-policiaco\/#breadcrumb\",\"itemListElement\":[{\"@type\":\"ListItem\",\"position\":1,\"name\":\"Portada\",\"item\":\"https:\/\/panoramaciudadano.com\/\"},{\"@type\":\"ListItem\",\"position\":2,\"name\":\"Rescatan a v\u00edctima de secuestro en la regi\u00f3n 215; detienen a dos sospechosos en operativo policiaco\"}]},{\"@type\":\"WebSite\",\"@id\":\"https:\/\/panoramaciudadano.com\/#website\",\"url\":\"https:\/\/panoramaciudadano.com\/\",\"name\":\"Panorama Ciudadano\",\"description\":\"\",\"publisher\":{\"@id\":\"https:\/\/panoramaciudadano.com\/#organization\"},\"potentialAction\":[{\"@type\":\"SearchAction\",\"target\":{\"@type\":\"EntryPoint\",\"urlTemplate\":\"https:\/\/panoramaciudadano.com\/?s={search_term_string}\"},\"query-input\":{\"@type\":\"PropertyValueSpecification\",\"valueRequired\":true,\"valueName\":\"search_term_string\"}}],\"inLanguage\":\"es\"},{\"@type\":\"Organization\",\"@id\":\"https:\/\/panoramaciudadano.com\/#organization\",\"name\":\"Panorama Ciudadano\",\"url\":\"https:\/\/panoramaciudadano.com\/\",\"logo\":{\"@type\":\"ImageObject\",\"inLanguage\":\"es\",\"@id\":\"https:\/\/panoramaciudadano.com\/#\/schema\/logo\/image\/\",\"url\":\"https:\/\/panoramaciudadano.com\/wp-content\/uploads\/2024\/05\/401498640_919267042938564_6290593609399108733_n.jpg\",\"contentUrl\":\"https:\/\/panoramaciudadano.com\/wp-content\/uploads\/2024\/05\/401498640_919267042938564_6290593609399108733_n.jpg\",\"width\":960,\"height\":957,\"caption\":\"Panorama Ciudadano\"},\"image\":{\"@id\":\"https:\/\/panoramaciudadano.com\/#\/schema\/logo\/image\/\"},\"sameAs\":[\"https:\/\/www.facebook.com\/panoramaciudadano\"]},{\"@type\":\"Person\",\"@id\":\"https:\/\/panoramaciudadano.com\/#\/schema\/person\/ffe9fe8ef47d3a93977b5761fd9e0d96\",\"name\":\"admin\",\"image\":{\"@type\":\"ImageObject\",\"inLanguage\":\"es\",\"@id\":\"https:\/\/panoramaciudadano.com\/#\/schema\/person\/image\/\",\"url\":\"https:\/\/secure.gravatar.com\/avatar\/2d5a12cacce3f18096f25fadea8abb7202fef18ed669595589853e84260ff451?s=96&d=mm&r=g\",\"contentUrl\":\"https:\/\/secure.gravatar.com\/avatar\/2d5a12cacce3f18096f25fadea8abb7202fef18ed669595589853e84260ff451?s=96&d=mm&r=g\",\"caption\":\"admin\"},\"sameAs\":[\"https:\/\/panoramaciudadano.com\"],\"url\":\"https:\/\/panoramaciudadano.com\/index.php\/author\/admin_3q6hyqq3\/\"}]}<\/script>\n<!-- \/ Yoast SEO plugin. -->","yoast_head_json":{"title":"Rescatan a v\u00edctima de secuestro en la regi\u00f3n 215; detienen a dos sospechosos en operativo policiaco - Panorama Ciudadano","robots":{"index":"index","follow":"follow","max-snippet":"max-snippet:-1","max-image-preview":"max-image-preview:large","max-video-preview":"max-video-preview:-1"},"canonical":"https:\/\/panoramaciudadano.com\/index.php\/2024\/10\/09\/rescatan-a-victima-de-secuestro-en-la-region-215-detienen-a-dos-sospechosos-en-operativo-policiaco\/","og_locale":"es_ES","og_type":"article","og_title":"Rescatan a v\u00edctima de secuestro en la regi\u00f3n 215; detienen a dos sospechosos en operativo policiaco - Panorama Ciudadano","og_description":"Una privaci\u00f3n de la libertad de un sujeto en la Regi\u00f3n 215, origin\u00f3 una intensa movilizaci\u00f3n policiaca de los tres \u00f3rdenes de gobierno que concluy\u00f3 en el fraccionamiento Para\u00edso Maya con el rescate de la v\u00edctima y la detenci\u00f3n de dos sospechosos.","og_url":"https:\/\/panoramaciudadano.com\/index.php\/2024\/10\/09\/rescatan-a-victima-de-secuestro-en-la-region-215-detienen-a-dos-sospechosos-en-operativo-policiaco\/","og_site_name":"Panorama Ciudadano","article_publisher":"https:\/\/www.facebook.com\/panoramaciudadano","article_published_time":"2024-10-09T16:45:27+00:00","article_modified_time":"2024-10-09T16:45:29+00:00","og_image":[{"width":1600,"height":1200,"url":"https:\/\/panoramaciudadano.com\/wp-content\/uploads\/2024\/10\/WhatsApp-Image-2024-10-08-at-20.47.52.jpeg","type":"image\/jpeg"}],"author":"admin","twitter_card":"summary_large_image","twitter_misc":{"Escrito por":"admin","Tiempo de lectura":"2 minutos"},"schema":{"@context":"https:\/\/schema.org","@graph":[{"@type":"Article","@id":"https:\/\/panoramaciudadano.com\/index.php\/2024\/10\/09\/rescatan-a-victima-de-secuestro-en-la-region-215-detienen-a-dos-sospechosos-en-operativo-policiaco\/#article","isPartOf":{"@id":"https:\/\/panoramaciudadano.com\/index.php\/2024\/10\/09\/rescatan-a-victima-de-secuestro-en-la-region-215-detienen-a-dos-sospechosos-en-operativo-policiaco\/"},"author":{"name":"admin","@id":"https:\/\/panoramaciudadano.com\/#\/schema\/person\/ffe9fe8ef47d3a93977b5761fd9e0d96"},"headline":"Rescatan a v\u00edctima de secuestro en la regi\u00f3n 215; detienen a dos sospechosos en operativo policiaco","datePublished":"2024-10-09T16:45:27+00:00","dateModified":"2024-10-09T16:45:29+00:00","mainEntityOfPage":{"@id":"https:\/\/panoramaciudadano.com\/index.php\/2024\/10\/09\/rescatan-a-victima-de-secuestro-en-la-region-215-detienen-a-dos-sospechosos-en-operativo-policiaco\/"},"wordCount":190,"commentCount":0,"publisher":{"@id":"https:\/\/panoramaciudadano.com\/#organization"},"image":{"@id":"https:\/\/panoramaciudadano.com\/index.php\/2024\/10\/09\/rescatan-a-victima-de-secuestro-en-la-region-215-detienen-a-dos-sospechosos-en-operativo-policiaco\/#primaryimage"},"thumbnailUrl":"https:\/\/panoramaciudadano.com\/wp-content\/uploads\/2024\/10\/WhatsApp-Image-2024-10-08-at-20.47.52.jpeg","keywords":["secuestro en la regi\u00f3n 215"],"articleSection":["Canc\u00fan"],"inLanguage":"es","potentialAction":[{"@type":"CommentAction","name":"Comment","target":["https:\/\/panoramaciudadano.com\/index.php\/2024\/10\/09\/rescatan-a-victima-de-secuestro-en-la-region-215-detienen-a-dos-sospechosos-en-operativo-policiaco\/#respond"]}]},{"@type":"WebPage","@id":"https:\/\/panoramaciudadano.com\/index.php\/2024\/10\/09\/rescatan-a-victima-de-secuestro-en-la-region-215-detienen-a-dos-sospechosos-en-operativo-policiaco\/","url":"https:\/\/panoramaciudadano.com\/index.php\/2024\/10\/09\/rescatan-a-victima-de-secuestro-en-la-region-215-detienen-a-dos-sospechosos-en-operativo-policiaco\/","name":"Rescatan a v\u00edctima de secuestro en la regi\u00f3n 215; detienen a dos sospechosos en operativo policiaco - Panorama Ciudadano","isPartOf":{"@id":"https:\/\/panoramaciudadano.com\/#website"},"primaryImageOfPage":{"@id":"https:\/\/panoramaciudadano.com\/index.php\/2024\/10\/09\/rescatan-a-victima-de-secuestro-en-la-region-215-detienen-a-dos-sospechosos-en-operativo-policiaco\/#primaryimage"},"image":{"@id":"https:\/\/panoramaciudadano.com\/index.php\/2024\/10\/09\/rescatan-a-victima-de-secuestro-en-la-region-215-detienen-a-dos-sospechosos-en-operativo-policiaco\/#primaryimage"},"thumbnailUrl":"https:\/\/panoramaciudadano.com\/wp-content\/uploads\/2024\/10\/WhatsApp-Image-2024-10-08-at-20.47.52.jpeg","datePublished":"2024-10-09T16:45:27+00:00","dateModified":"2024-10-09T16:45:29+00:00","breadcrumb":{"@id":"https:\/\/panoramaciudadano.com\/index.php\/2024\/10\/09\/rescatan-a-victima-de-secuestro-en-la-region-215-detienen-a-dos-sospechosos-en-operativo-policiaco\/#breadcrumb"},"inLanguage":"es","potentialAction":[{"@type":"ReadAction","target":["https:\/\/panoramaciudadano.com\/index.php\/2024\/10\/09\/rescatan-a-victima-de-secuestro-en-la-region-215-detienen-a-dos-sospechosos-en-operativo-policiaco\/"]}]},{"@type":"ImageObject","inLanguage":"es","@id":"https:\/\/panoramaciudadano.com\/index.php\/2024\/10\/09\/rescatan-a-victima-de-secuestro-en-la-region-215-detienen-a-dos-sospechosos-en-operativo-policiaco\/#primaryimage","url":"https:\/\/panoramaciudadano.com\/wp-content\/uploads\/2024\/10\/WhatsApp-Image-2024-10-08-at-20.47.52.jpeg","contentUrl":"https:\/\/panoramaciudadano.com\/wp-content\/uploads\/2024\/10\/WhatsApp-Image-2024-10-08-at-20.47.52.jpeg","width":1600,"height":1200},{"@type":"BreadcrumbList","@id":"https:\/\/panoramaciudadano.com\/index.php\/2024\/10\/09\/rescatan-a-victima-de-secuestro-en-la-region-215-detienen-a-dos-sospechosos-en-operativo-policiaco\/#breadcrumb","itemListElement":[{"@type":"ListItem","position":1,"name":"Portada","item":"https:\/\/panoramaciudadano.com\/"},{"@type":"ListItem","position":2,"name":"Rescatan a v\u00edctima de secuestro en la regi\u00f3n 215; detienen a dos sospechosos en operativo policiaco"}]},{"@type":"WebSite","@id":"https:\/\/panoramaciudadano.com\/#website","url":"https:\/\/panoramaciudadano.com\/","name":"Panorama Ciudadano","description":"","publisher":{"@id":"https:\/\/panoramaciudadano.com\/#organization"},"potentialAction":[{"@type":"SearchAction","target":{"@type":"EntryPoint","urlTemplate":"https:\/\/panoramaciudadano.com\/?s={search_term_string}"},"query-input":{"@type":"PropertyValueSpecification","valueRequired":true,"valueName":"search_term_string"}}],"inLanguage":"es"},{"@type":"Organization","@id":"https:\/\/panoramaciudadano.com\/#organization","name":"Panorama Ciudadano","url":"https:\/\/panoramaciudadano.com\/","logo":{"@type":"ImageObject","inLanguage":"es","@id":"https:\/\/panoramaciudadano.com\/#\/schema\/logo\/image\/","url":"https:\/\/panoramaciudadano.com\/wp-content\/uploads\/2024\/05\/401498640_919267042938564_6290593609399108733_n.jpg","contentUrl":"https:\/\/panoramaciudadano.com\/wp-content\/uploads\/2024\/05\/401498640_919267042938564_6290593609399108733_n.jpg","width":960,"height":957,"caption":"Panorama Ciudadano"},"image":{"@id":"https:\/\/panoramaciudadano.com\/#\/schema\/logo\/image\/"},"sameAs":["https:\/\/www.facebook.com\/panoramaciudadano"]},{"@type":"Person","@id":"https:\/\/panoramaciudadano.com\/#\/schema\/person\/ffe9fe8ef47d3a93977b5761fd9e0d96","name":"admin","image":{"@type":"ImageObject","inLanguage":"es","@id":"https:\/\/panoramaciudadano.com\/#\/schema\/person\/image\/","url":"https:\/\/secure.gravatar.com\/avatar\/2d5a12cacce3f18096f25fadea8abb7202fef18ed669595589853e84260ff451?s=96&d=mm&r=g","contentUrl":"https:\/\/secure.gravatar.com\/avatar\/2d5a12cacce3f18096f25fadea8abb7202fef18ed669595589853e84260ff451?s=96&d=mm&r=g","caption":"admin"},"sameAs":["https:\/\/panoramaciudadano.com"],"url":"https:\/\/panoramaciudadano.com\/index.php\/author\/admin_3q6hyqq3\/"}]}},"_links":{"self":[{"href":"https:\/\/panoramaciudadano.com\/index.php\/wp-json\/wp\/v2\/posts\/5027","targetHints":{"allow":["GET"]}}],"collection":[{"href":"https:\/\/panoramaciudadano.com\/index.php\/wp-json\/wp\/v2\/posts"}],"about":[{"href":"https:\/\/panoramaciudadano.com\/index.php\/wp-json\/wp\/v2\/types\/post"}],"author":[{"embeddable":true,"href":"https:\/\/panoramaciudadano.com\/index.php\/wp-json\/wp\/v2\/users\/1"}],"replies":[{"embeddable":true,"href":"https:\/\/panoramaciudadano.com\/index.php\/wp-json\/wp\/v2\/comments?post=5027"}],"version-history":[{"count":1,"href":"https:\/\/panoramaciudadano.com\/index.php\/wp-json\/wp\/v2\/posts\/5027\/revisions"}],"predecessor-version":[{"id":5029,"href":"https:\/\/panoramaciudadano.com\/index.php\/wp-json\/wp\/v2\/posts\/5027\/revisions\/5029"}],"wp:featuredmedia":[{"embeddable":true,"href":"https:\/\/panoramaciudadano.com\/index.php\/wp-json\/wp\/v2\/media\/5028"}],"wp:attachment":[{"href":"https:\/\/panoramaciudadano.com\/index.php\/wp-json\/wp\/v2\/media?parent=5027"}],"wp:term":[{"taxonomy":"category","embeddable":true,"href":"https:\/\/panoramaciudadano.com\/index.php\/wp-json\/wp\/v2\/categories?post=5027"},{"taxonomy":"post_tag","embeddable":true,"href":"https:\/\/panoramaciudadano.com\/index.php\/wp-json\/wp\/v2\/tags?post=5027"}],"curies":[{"name":"wp","href":"https:\/\/api.w.org\/{rel}","templated":true}]}}