{"id":5087,"date":"2024-10-12T07:07:45","date_gmt":"2024-10-12T00:07:45","guid":{"rendered":"https:\/\/panoramaciudadano.com\/?p=5087"},"modified":"2024-10-12T07:07:47","modified_gmt":"2024-10-12T00:07:47","slug":"explosion-en-departamento-de-cumbres-deja-un-muerto-y-dos-heridos-graves-se-activa-codigo-rojo","status":"publish","type":"post","link":"https:\/\/panoramaciudadano.com\/index.php\/2024\/10\/12\/explosion-en-departamento-de-cumbres-deja-un-muerto-y-dos-heridos-graves-se-activa-codigo-rojo\/","title":{"rendered":"Explosi\u00f3n en departamento de Cumbres deja un muerto y dos heridos graves; se activa C\u00f3digo Rojo"},"content":{"rendered":"\n<figure class=\"wp-block-image size-full\"><img decoding=\"async\" width=\"900\" height=\"725\" src=\"https:\/\/panoramaciudadano.com\/wp-content\/uploads\/2024\/10\/WhatsApp-Image-2024-10-11-at-08.17.27.jpeg\" alt=\"\" class=\"wp-image-5088\" srcset=\"https:\/\/panoramaciudadano.com\/wp-content\/uploads\/2024\/10\/WhatsApp-Image-2024-10-11-at-08.17.27.jpeg 900w, https:\/\/panoramaciudadano.com\/wp-content\/uploads\/2024\/10\/WhatsApp-Image-2024-10-11-at-08.17.27-300x242.jpeg 300w, https:\/\/panoramaciudadano.com\/wp-content\/uploads\/2024\/10\/WhatsApp-Image-2024-10-11-at-08.17.27-768x619.jpeg 768w\" sizes=\"(max-width: 900px) 100vw, 900px\" \/><\/figure>\n\n\n\n<p>La explosi\u00f3n en un departamento en la zona residencial de Cumbres caus\u00f3 la muerte de un vecino y dos m\u00e1s resultaron con quemaduras graves, la tarde de hoy .<\/p>\n\n\n\n<p>La zona residencial se localiza en la regi\u00f3n 307, en terrenos de la delegaci\u00f3n Alfredo V. Bonfil, donde la tarde de ayer se activ\u00f3 el C\u00f3digo Rojo para las unidades de emergencia por una explosi\u00f3n de gas, en un domicilio, ubicado en la zona residencial antes citada, a unos metros del bulevar Luis Donaldo Colosio.<\/p>\n\n\n\n<p>Los primeros informes se\u00f1alaron que personal de mantenimiento estaba manipulando un simulador de golf, dentro de un departamento, cuando de pronto explot\u00f3.<\/p>\n\n\n\n<p>Eran tres las personas que se encontraba en el lugar, una de ellas, de unos 30 a\u00f1os, perdi\u00f3 la vida y los otros dos resultaron lesionados, por lo que param\u00e9dicos de una empresa privada los trasladaron a la cl\u00ednica del IMSS de la avenida Coba.<\/p>\n\n\n\n<p>Elementos de bomberos, Protecci\u00f3n Civil y Polic\u00eda Municipal se encargaron de acordonar la zona. Posteriormente personal de la Fiscal\u00eda se encarg\u00f3 de levantar el cuerpo e iniciar las investigaciones sobre lo sucedido.<\/p>\n","protected":false},"excerpt":{"rendered":"<p>La explosi\u00f3n en un departamento en la zona residencial de Cumbres caus\u00f3 la muerte de un vecino y dos m\u00e1s resultaron con quemaduras graves, la tarde de hoy .<\/p>\n","protected":false},"author":1,"featured_media":5088,"comment_status":"open","ping_status":"closed","sticky":false,"template":"","format":"standard","meta":{"footnotes":""},"categories":[6],"tags":[1713],"class_list":["post-5087","post","type-post","status-publish","format-standard","has-post-thumbnail","hentry","category-cancun","tag-cumbres"],"yoast_head":"<!-- This site is optimized with the Yoast SEO plugin v27.1.1 - https:\/\/yoast.com\/product\/yoast-seo-wordpress\/ -->\n<title>Explosi\u00f3n en departamento de Cumbres deja un muerto y dos heridos graves; se activa C\u00f3digo Rojo - Panorama Ciudadano<\/title>\n<meta name=\"robots\" content=\"index, follow, max-snippet:-1, max-image-preview:large, max-video-preview:-1\" \/>\n<link rel=\"canonical\" href=\"https:\/\/panoramaciudadano.com\/index.php\/2024\/10\/12\/explosion-en-departamento-de-cumbres-deja-un-muerto-y-dos-heridos-graves-se-activa-codigo-rojo\/\" \/>\n<meta property=\"og:locale\" content=\"es_ES\" \/>\n<meta property=\"og:type\" content=\"article\" \/>\n<meta property=\"og:title\" content=\"Explosi\u00f3n en departamento de Cumbres deja un muerto y dos heridos graves; se activa C\u00f3digo Rojo - Panorama Ciudadano\" \/>\n<meta property=\"og:description\" content=\"La explosi\u00f3n en un departamento en la zona residencial de Cumbres caus\u00f3 la muerte de un vecino y dos m\u00e1s resultaron con quemaduras graves, la tarde de hoy .\" \/>\n<meta property=\"og:url\" content=\"https:\/\/panoramaciudadano.com\/index.php\/2024\/10\/12\/explosion-en-departamento-de-cumbres-deja-un-muerto-y-dos-heridos-graves-se-activa-codigo-rojo\/\" \/>\n<meta property=\"og:site_name\" content=\"Panorama Ciudadano\" \/>\n<meta property=\"article:publisher\" content=\"https:\/\/www.facebook.com\/panoramaciudadano\" \/>\n<meta property=\"article:published_time\" content=\"2024-10-12T00:07:45+00:00\" \/>\n<meta property=\"article:modified_time\" content=\"2024-10-12T00:07:47+00:00\" \/>\n<meta property=\"og:image\" content=\"https:\/\/panoramaciudadano.com\/wp-content\/uploads\/2024\/10\/WhatsApp-Image-2024-10-11-at-08.17.27.jpeg\" \/>\n\t<meta property=\"og:image:width\" content=\"900\" \/>\n\t<meta property=\"og:image:height\" content=\"725\" \/>\n\t<meta property=\"og:image:type\" content=\"image\/jpeg\" \/>\n<meta name=\"author\" content=\"admin\" \/>\n<meta name=\"twitter:card\" content=\"summary_large_image\" \/>\n<meta name=\"twitter:label1\" content=\"Escrito por\" \/>\n\t<meta name=\"twitter:data1\" content=\"admin\" \/>\n\t<meta name=\"twitter:label2\" content=\"Tiempo de lectura\" \/>\n\t<meta name=\"twitter:data2\" content=\"2 minutos\" \/>\n<script type=\"application\/ld+json\" class=\"yoast-schema-graph\">{\"@context\":\"https:\/\/schema.org\",\"@graph\":[{\"@type\":\"Article\",\"@id\":\"https:\/\/panoramaciudadano.com\/index.php\/2024\/10\/12\/explosion-en-departamento-de-cumbres-deja-un-muerto-y-dos-heridos-graves-se-activa-codigo-rojo\/#article\",\"isPartOf\":{\"@id\":\"https:\/\/panoramaciudadano.com\/index.php\/2024\/10\/12\/explosion-en-departamento-de-cumbres-deja-un-muerto-y-dos-heridos-graves-se-activa-codigo-rojo\/\"},\"author\":{\"name\":\"admin\",\"@id\":\"https:\/\/panoramaciudadano.com\/#\/schema\/person\/ffe9fe8ef47d3a93977b5761fd9e0d96\"},\"headline\":\"Explosi\u00f3n en departamento de Cumbres deja un muerto y dos heridos graves; se activa C\u00f3digo Rojo\",\"datePublished\":\"2024-10-12T00:07:45+00:00\",\"dateModified\":\"2024-10-12T00:07:47+00:00\",\"mainEntityOfPage\":{\"@id\":\"https:\/\/panoramaciudadano.com\/index.php\/2024\/10\/12\/explosion-en-departamento-de-cumbres-deja-un-muerto-y-dos-heridos-graves-se-activa-codigo-rojo\/\"},\"wordCount\":211,\"commentCount\":0,\"publisher\":{\"@id\":\"https:\/\/panoramaciudadano.com\/#organization\"},\"image\":{\"@id\":\"https:\/\/panoramaciudadano.com\/index.php\/2024\/10\/12\/explosion-en-departamento-de-cumbres-deja-un-muerto-y-dos-heridos-graves-se-activa-codigo-rojo\/#primaryimage\"},\"thumbnailUrl\":\"https:\/\/panoramaciudadano.com\/wp-content\/uploads\/2024\/10\/WhatsApp-Image-2024-10-11-at-08.17.27.jpeg\",\"keywords\":[\"Cumbres\"],\"articleSection\":[\"Canc\u00fan\"],\"inLanguage\":\"es\",\"potentialAction\":[{\"@type\":\"CommentAction\",\"name\":\"Comment\",\"target\":[\"https:\/\/panoramaciudadano.com\/index.php\/2024\/10\/12\/explosion-en-departamento-de-cumbres-deja-un-muerto-y-dos-heridos-graves-se-activa-codigo-rojo\/#respond\"]}]},{\"@type\":\"WebPage\",\"@id\":\"https:\/\/panoramaciudadano.com\/index.php\/2024\/10\/12\/explosion-en-departamento-de-cumbres-deja-un-muerto-y-dos-heridos-graves-se-activa-codigo-rojo\/\",\"url\":\"https:\/\/panoramaciudadano.com\/index.php\/2024\/10\/12\/explosion-en-departamento-de-cumbres-deja-un-muerto-y-dos-heridos-graves-se-activa-codigo-rojo\/\",\"name\":\"Explosi\u00f3n en departamento de Cumbres deja un muerto y dos heridos graves; se activa C\u00f3digo Rojo - Panorama Ciudadano\",\"isPartOf\":{\"@id\":\"https:\/\/panoramaciudadano.com\/#website\"},\"primaryImageOfPage\":{\"@id\":\"https:\/\/panoramaciudadano.com\/index.php\/2024\/10\/12\/explosion-en-departamento-de-cumbres-deja-un-muerto-y-dos-heridos-graves-se-activa-codigo-rojo\/#primaryimage\"},\"image\":{\"@id\":\"https:\/\/panoramaciudadano.com\/index.php\/2024\/10\/12\/explosion-en-departamento-de-cumbres-deja-un-muerto-y-dos-heridos-graves-se-activa-codigo-rojo\/#primaryimage\"},\"thumbnailUrl\":\"https:\/\/panoramaciudadano.com\/wp-content\/uploads\/2024\/10\/WhatsApp-Image-2024-10-11-at-08.17.27.jpeg\",\"datePublished\":\"2024-10-12T00:07:45+00:00\",\"dateModified\":\"2024-10-12T00:07:47+00:00\",\"breadcrumb\":{\"@id\":\"https:\/\/panoramaciudadano.com\/index.php\/2024\/10\/12\/explosion-en-departamento-de-cumbres-deja-un-muerto-y-dos-heridos-graves-se-activa-codigo-rojo\/#breadcrumb\"},\"inLanguage\":\"es\",\"potentialAction\":[{\"@type\":\"ReadAction\",\"target\":[\"https:\/\/panoramaciudadano.com\/index.php\/2024\/10\/12\/explosion-en-departamento-de-cumbres-deja-un-muerto-y-dos-heridos-graves-se-activa-codigo-rojo\/\"]}]},{\"@type\":\"ImageObject\",\"inLanguage\":\"es\",\"@id\":\"https:\/\/panoramaciudadano.com\/index.php\/2024\/10\/12\/explosion-en-departamento-de-cumbres-deja-un-muerto-y-dos-heridos-graves-se-activa-codigo-rojo\/#primaryimage\",\"url\":\"https:\/\/panoramaciudadano.com\/wp-content\/uploads\/2024\/10\/WhatsApp-Image-2024-10-11-at-08.17.27.jpeg\",\"contentUrl\":\"https:\/\/panoramaciudadano.com\/wp-content\/uploads\/2024\/10\/WhatsApp-Image-2024-10-11-at-08.17.27.jpeg\",\"width\":900,\"height\":725},{\"@type\":\"BreadcrumbList\",\"@id\":\"https:\/\/panoramaciudadano.com\/index.php\/2024\/10\/12\/explosion-en-departamento-de-cumbres-deja-un-muerto-y-dos-heridos-graves-se-activa-codigo-rojo\/#breadcrumb\",\"itemListElement\":[{\"@type\":\"ListItem\",\"position\":1,\"name\":\"Portada\",\"item\":\"https:\/\/panoramaciudadano.com\/\"},{\"@type\":\"ListItem\",\"position\":2,\"name\":\"Explosi\u00f3n en departamento de Cumbres deja un muerto y dos heridos graves; se activa C\u00f3digo Rojo\"}]},{\"@type\":\"WebSite\",\"@id\":\"https:\/\/panoramaciudadano.com\/#website\",\"url\":\"https:\/\/panoramaciudadano.com\/\",\"name\":\"Panorama Ciudadano\",\"description\":\"\",\"publisher\":{\"@id\":\"https:\/\/panoramaciudadano.com\/#organization\"},\"potentialAction\":[{\"@type\":\"SearchAction\",\"target\":{\"@type\":\"EntryPoint\",\"urlTemplate\":\"https:\/\/panoramaciudadano.com\/?s={search_term_string}\"},\"query-input\":{\"@type\":\"PropertyValueSpecification\",\"valueRequired\":true,\"valueName\":\"search_term_string\"}}],\"inLanguage\":\"es\"},{\"@type\":\"Organization\",\"@id\":\"https:\/\/panoramaciudadano.com\/#organization\",\"name\":\"Panorama Ciudadano\",\"url\":\"https:\/\/panoramaciudadano.com\/\",\"logo\":{\"@type\":\"ImageObject\",\"inLanguage\":\"es\",\"@id\":\"https:\/\/panoramaciudadano.com\/#\/schema\/logo\/image\/\",\"url\":\"https:\/\/panoramaciudadano.com\/wp-content\/uploads\/2024\/05\/401498640_919267042938564_6290593609399108733_n.jpg\",\"contentUrl\":\"https:\/\/panoramaciudadano.com\/wp-content\/uploads\/2024\/05\/401498640_919267042938564_6290593609399108733_n.jpg\",\"width\":960,\"height\":957,\"caption\":\"Panorama Ciudadano\"},\"image\":{\"@id\":\"https:\/\/panoramaciudadano.com\/#\/schema\/logo\/image\/\"},\"sameAs\":[\"https:\/\/www.facebook.com\/panoramaciudadano\"]},{\"@type\":\"Person\",\"@id\":\"https:\/\/panoramaciudadano.com\/#\/schema\/person\/ffe9fe8ef47d3a93977b5761fd9e0d96\",\"name\":\"admin\",\"image\":{\"@type\":\"ImageObject\",\"inLanguage\":\"es\",\"@id\":\"https:\/\/panoramaciudadano.com\/#\/schema\/person\/image\/\",\"url\":\"https:\/\/secure.gravatar.com\/avatar\/2d5a12cacce3f18096f25fadea8abb7202fef18ed669595589853e84260ff451?s=96&d=mm&r=g\",\"contentUrl\":\"https:\/\/secure.gravatar.com\/avatar\/2d5a12cacce3f18096f25fadea8abb7202fef18ed669595589853e84260ff451?s=96&d=mm&r=g\",\"caption\":\"admin\"},\"sameAs\":[\"https:\/\/panoramaciudadano.com\"],\"url\":\"https:\/\/panoramaciudadano.com\/index.php\/author\/admin_3q6hyqq3\/\"}]}<\/script>\n<!-- \/ Yoast SEO plugin. -->","yoast_head_json":{"title":"Explosi\u00f3n en departamento de Cumbres deja un muerto y dos heridos graves; se activa C\u00f3digo Rojo - Panorama Ciudadano","robots":{"index":"index","follow":"follow","max-snippet":"max-snippet:-1","max-image-preview":"max-image-preview:large","max-video-preview":"max-video-preview:-1"},"canonical":"https:\/\/panoramaciudadano.com\/index.php\/2024\/10\/12\/explosion-en-departamento-de-cumbres-deja-un-muerto-y-dos-heridos-graves-se-activa-codigo-rojo\/","og_locale":"es_ES","og_type":"article","og_title":"Explosi\u00f3n en departamento de Cumbres deja un muerto y dos heridos graves; se activa C\u00f3digo Rojo - Panorama Ciudadano","og_description":"La explosi\u00f3n en un departamento en la zona residencial de Cumbres caus\u00f3 la muerte de un vecino y dos m\u00e1s resultaron con quemaduras graves, la tarde de hoy .","og_url":"https:\/\/panoramaciudadano.com\/index.php\/2024\/10\/12\/explosion-en-departamento-de-cumbres-deja-un-muerto-y-dos-heridos-graves-se-activa-codigo-rojo\/","og_site_name":"Panorama Ciudadano","article_publisher":"https:\/\/www.facebook.com\/panoramaciudadano","article_published_time":"2024-10-12T00:07:45+00:00","article_modified_time":"2024-10-12T00:07:47+00:00","og_image":[{"width":900,"height":725,"url":"https:\/\/panoramaciudadano.com\/wp-content\/uploads\/2024\/10\/WhatsApp-Image-2024-10-11-at-08.17.27.jpeg","type":"image\/jpeg"}],"author":"admin","twitter_card":"summary_large_image","twitter_misc":{"Escrito por":"admin","Tiempo de lectura":"2 minutos"},"schema":{"@context":"https:\/\/schema.org","@graph":[{"@type":"Article","@id":"https:\/\/panoramaciudadano.com\/index.php\/2024\/10\/12\/explosion-en-departamento-de-cumbres-deja-un-muerto-y-dos-heridos-graves-se-activa-codigo-rojo\/#article","isPartOf":{"@id":"https:\/\/panoramaciudadano.com\/index.php\/2024\/10\/12\/explosion-en-departamento-de-cumbres-deja-un-muerto-y-dos-heridos-graves-se-activa-codigo-rojo\/"},"author":{"name":"admin","@id":"https:\/\/panoramaciudadano.com\/#\/schema\/person\/ffe9fe8ef47d3a93977b5761fd9e0d96"},"headline":"Explosi\u00f3n en departamento de Cumbres deja un muerto y dos heridos graves; se activa C\u00f3digo Rojo","datePublished":"2024-10-12T00:07:45+00:00","dateModified":"2024-10-12T00:07:47+00:00","mainEntityOfPage":{"@id":"https:\/\/panoramaciudadano.com\/index.php\/2024\/10\/12\/explosion-en-departamento-de-cumbres-deja-un-muerto-y-dos-heridos-graves-se-activa-codigo-rojo\/"},"wordCount":211,"commentCount":0,"publisher":{"@id":"https:\/\/panoramaciudadano.com\/#organization"},"image":{"@id":"https:\/\/panoramaciudadano.com\/index.php\/2024\/10\/12\/explosion-en-departamento-de-cumbres-deja-un-muerto-y-dos-heridos-graves-se-activa-codigo-rojo\/#primaryimage"},"thumbnailUrl":"https:\/\/panoramaciudadano.com\/wp-content\/uploads\/2024\/10\/WhatsApp-Image-2024-10-11-at-08.17.27.jpeg","keywords":["Cumbres"],"articleSection":["Canc\u00fan"],"inLanguage":"es","potentialAction":[{"@type":"CommentAction","name":"Comment","target":["https:\/\/panoramaciudadano.com\/index.php\/2024\/10\/12\/explosion-en-departamento-de-cumbres-deja-un-muerto-y-dos-heridos-graves-se-activa-codigo-rojo\/#respond"]}]},{"@type":"WebPage","@id":"https:\/\/panoramaciudadano.com\/index.php\/2024\/10\/12\/explosion-en-departamento-de-cumbres-deja-un-muerto-y-dos-heridos-graves-se-activa-codigo-rojo\/","url":"https:\/\/panoramaciudadano.com\/index.php\/2024\/10\/12\/explosion-en-departamento-de-cumbres-deja-un-muerto-y-dos-heridos-graves-se-activa-codigo-rojo\/","name":"Explosi\u00f3n en departamento de Cumbres deja un muerto y dos heridos graves; se activa C\u00f3digo Rojo - Panorama Ciudadano","isPartOf":{"@id":"https:\/\/panoramaciudadano.com\/#website"},"primaryImageOfPage":{"@id":"https:\/\/panoramaciudadano.com\/index.php\/2024\/10\/12\/explosion-en-departamento-de-cumbres-deja-un-muerto-y-dos-heridos-graves-se-activa-codigo-rojo\/#primaryimage"},"image":{"@id":"https:\/\/panoramaciudadano.com\/index.php\/2024\/10\/12\/explosion-en-departamento-de-cumbres-deja-un-muerto-y-dos-heridos-graves-se-activa-codigo-rojo\/#primaryimage"},"thumbnailUrl":"https:\/\/panoramaciudadano.com\/wp-content\/uploads\/2024\/10\/WhatsApp-Image-2024-10-11-at-08.17.27.jpeg","datePublished":"2024-10-12T00:07:45+00:00","dateModified":"2024-10-12T00:07:47+00:00","breadcrumb":{"@id":"https:\/\/panoramaciudadano.com\/index.php\/2024\/10\/12\/explosion-en-departamento-de-cumbres-deja-un-muerto-y-dos-heridos-graves-se-activa-codigo-rojo\/#breadcrumb"},"inLanguage":"es","potentialAction":[{"@type":"ReadAction","target":["https:\/\/panoramaciudadano.com\/index.php\/2024\/10\/12\/explosion-en-departamento-de-cumbres-deja-un-muerto-y-dos-heridos-graves-se-activa-codigo-rojo\/"]}]},{"@type":"ImageObject","inLanguage":"es","@id":"https:\/\/panoramaciudadano.com\/index.php\/2024\/10\/12\/explosion-en-departamento-de-cumbres-deja-un-muerto-y-dos-heridos-graves-se-activa-codigo-rojo\/#primaryimage","url":"https:\/\/panoramaciudadano.com\/wp-content\/uploads\/2024\/10\/WhatsApp-Image-2024-10-11-at-08.17.27.jpeg","contentUrl":"https:\/\/panoramaciudadano.com\/wp-content\/uploads\/2024\/10\/WhatsApp-Image-2024-10-11-at-08.17.27.jpeg","width":900,"height":725},{"@type":"BreadcrumbList","@id":"https:\/\/panoramaciudadano.com\/index.php\/2024\/10\/12\/explosion-en-departamento-de-cumbres-deja-un-muerto-y-dos-heridos-graves-se-activa-codigo-rojo\/#breadcrumb","itemListElement":[{"@type":"ListItem","position":1,"name":"Portada","item":"https:\/\/panoramaciudadano.com\/"},{"@type":"ListItem","position":2,"name":"Explosi\u00f3n en departamento de Cumbres deja un muerto y dos heridos graves; se activa C\u00f3digo Rojo"}]},{"@type":"WebSite","@id":"https:\/\/panoramaciudadano.com\/#website","url":"https:\/\/panoramaciudadano.com\/","name":"Panorama Ciudadano","description":"","publisher":{"@id":"https:\/\/panoramaciudadano.com\/#organization"},"potentialAction":[{"@type":"SearchAction","target":{"@type":"EntryPoint","urlTemplate":"https:\/\/panoramaciudadano.com\/?s={search_term_string}"},"query-input":{"@type":"PropertyValueSpecification","valueRequired":true,"valueName":"search_term_string"}}],"inLanguage":"es"},{"@type":"Organization","@id":"https:\/\/panoramaciudadano.com\/#organization","name":"Panorama Ciudadano","url":"https:\/\/panoramaciudadano.com\/","logo":{"@type":"ImageObject","inLanguage":"es","@id":"https:\/\/panoramaciudadano.com\/#\/schema\/logo\/image\/","url":"https:\/\/panoramaciudadano.com\/wp-content\/uploads\/2024\/05\/401498640_919267042938564_6290593609399108733_n.jpg","contentUrl":"https:\/\/panoramaciudadano.com\/wp-content\/uploads\/2024\/05\/401498640_919267042938564_6290593609399108733_n.jpg","width":960,"height":957,"caption":"Panorama Ciudadano"},"image":{"@id":"https:\/\/panoramaciudadano.com\/#\/schema\/logo\/image\/"},"sameAs":["https:\/\/www.facebook.com\/panoramaciudadano"]},{"@type":"Person","@id":"https:\/\/panoramaciudadano.com\/#\/schema\/person\/ffe9fe8ef47d3a93977b5761fd9e0d96","name":"admin","image":{"@type":"ImageObject","inLanguage":"es","@id":"https:\/\/panoramaciudadano.com\/#\/schema\/person\/image\/","url":"https:\/\/secure.gravatar.com\/avatar\/2d5a12cacce3f18096f25fadea8abb7202fef18ed669595589853e84260ff451?s=96&d=mm&r=g","contentUrl":"https:\/\/secure.gravatar.com\/avatar\/2d5a12cacce3f18096f25fadea8abb7202fef18ed669595589853e84260ff451?s=96&d=mm&r=g","caption":"admin"},"sameAs":["https:\/\/panoramaciudadano.com"],"url":"https:\/\/panoramaciudadano.com\/index.php\/author\/admin_3q6hyqq3\/"}]}},"_links":{"self":[{"href":"https:\/\/panoramaciudadano.com\/index.php\/wp-json\/wp\/v2\/posts\/5087","targetHints":{"allow":["GET"]}}],"collection":[{"href":"https:\/\/panoramaciudadano.com\/index.php\/wp-json\/wp\/v2\/posts"}],"about":[{"href":"https:\/\/panoramaciudadano.com\/index.php\/wp-json\/wp\/v2\/types\/post"}],"author":[{"embeddable":true,"href":"https:\/\/panoramaciudadano.com\/index.php\/wp-json\/wp\/v2\/users\/1"}],"replies":[{"embeddable":true,"href":"https:\/\/panoramaciudadano.com\/index.php\/wp-json\/wp\/v2\/comments?post=5087"}],"version-history":[{"count":1,"href":"https:\/\/panoramaciudadano.com\/index.php\/wp-json\/wp\/v2\/posts\/5087\/revisions"}],"predecessor-version":[{"id":5089,"href":"https:\/\/panoramaciudadano.com\/index.php\/wp-json\/wp\/v2\/posts\/5087\/revisions\/5089"}],"wp:featuredmedia":[{"embeddable":true,"href":"https:\/\/panoramaciudadano.com\/index.php\/wp-json\/wp\/v2\/media\/5088"}],"wp:attachment":[{"href":"https:\/\/panoramaciudadano.com\/index.php\/wp-json\/wp\/v2\/media?parent=5087"}],"wp:term":[{"taxonomy":"category","embeddable":true,"href":"https:\/\/panoramaciudadano.com\/index.php\/wp-json\/wp\/v2\/categories?post=5087"},{"taxonomy":"post_tag","embeddable":true,"href":"https:\/\/panoramaciudadano.com\/index.php\/wp-json\/wp\/v2\/tags?post=5087"}],"curies":[{"name":"wp","href":"https:\/\/api.w.org\/{rel}","templated":true}]}}